{"id":20961,"date":"2021-01-30T14:50:32","date_gmt":"2021-01-30T14:50:32","guid":{"rendered":"http:\/\/tabernaculoprensadedios.com\/web\/?p=20961"},"modified":"2021-01-30T14:50:32","modified_gmt":"2021-01-30T14:50:32","slug":"donde-esta-nuestra-fe","status":"publish","type":"post","link":"https:\/\/tabernaculoprensadedios.com\/web\/donde-esta-nuestra-fe\/","title":{"rendered":"Donde est\u00e1 nuestra Fe"},"content":{"rendered":"<p><strong>LUCAS 8:23-26\u00a0<em>Pero mientras navegaban, \u00e9l se durmi\u00f3. Y se desencaden\u00f3 una tempestad de viento en el lago; y se anegaban y peligraban. 24 y vinieron a \u00e9l y le despertaron, diciendo: !!Maestro, \u00a1Maestro, que perecemos! Despertando \u00e9l, reprendi\u00f3 al viento y a las olas; y cesaron, y se hizo bonanza. 25 y les dijo: \u00bfD\u00f3nde est\u00e1 vuestra fe? Y atemorizados, se maravillaban, y se dec\u00edan unos a otros: \u00bfQui\u00e9n es \u00e9ste, que aun a los vientos y a las aguas manda, y le obedecen?<\/em><\/strong><\/p>\n<p>Podemos ver en el texto que hemos le\u00eddo que, en esos momentos de aflicci\u00f3n, en ese momento de crisis que estaban viviendo los disc\u00edpulos del Se\u00f1or \u00e9l no les pregunto a donde estaba su experiencia, o donde estaba su conocimiento como pescadores, o donde estaba su valent\u00eda, sino que les pregunto \u00bfd\u00f3nde est\u00e1 vuestra fe?<\/p>\n<p>Eso significa que lo \u00fanico que verdaderamente puede sostenernos y ayudarnos en los momentos de crisis y de aflicci\u00f3n que enfrentamos en la vida es nuestra fe en Dios, eso es lo que nos permite esperar algo bueno aun en circunstancias muy malas, es lo que nos permite estar confiados aun en tiempos de temor, es lo que nos hace tener paz aun en medio de la tempestad.<\/p>\n<p>Pero si este d\u00eda alguien nos hace esa misma pregunta \u00bfD\u00f3nde est\u00e1 tu fe? \u00bfQu\u00e9 responderemos? Seguramente nuestra respuesta ser\u00eda:\u00a0<strong>MI FE EST\u00c1 EN DIOS<\/strong>. Pero lastimosamente para muchos de nosotros esa respuesta es una realidad solamente de palabras, no en nuestras acciones, no es una realidad en nuestra vida cristiana.<\/p>\n<p>Entonces\u00a0<strong>\u00bfQU\u00c9 SIGNIFICA QUE NUESTRA FE EST\u00c1 EN DIOS?<\/strong>\u00a0Veamos lo que nos ense\u00f1a la palabra de Dios.<\/p>\n<p><strong>I) SI MI FE EST\u00c1 EN DIOS, TRAER\u00c9 MI DOLOR Y LAS HERIDAS DE MI CORAZ\u00d3N A \u00c9L PORQUE CREO QUE SOLAMENTE \u00c9L ME PUEDE DAR VERDADERA SANIDAD (JEREM\u00cdAS 30:17)\u00a0<em>Mas yo har\u00e9 venir sanidad para ti, y sanar\u00e9 tus heridas, dice Jehov\u00e1; porque desechada te llamaron, diciendo: Esta es Sion, de la que nadie se acuerda.<\/em><\/strong><\/p>\n<p>Muchas veces pensamos que tener fe en Dios es solamente para conseguir un buen trabajo, para tener un mejor salario, para comprar una casa propia, para sanarme de una enfermedad de mi cuerpo.<\/p>\n<p>Y por eso cuando nuestro coraz\u00f3n est\u00e1 herido, cuando la vida ha causado dolor en nuestro interior, muchos cristianos en lugar de buscar al Se\u00f1or buscan los vicios, tratan de aliviar su dolor por medio del licor, y al final terminan peor, terminan heridos y enredados en m\u00e1s problemas.<\/p>\n<p>Otros buscan el consuelo y el alivio de su dolor en relaciones con personas que al final terminan destruy\u00e9ndolos a\u00fan m\u00e1s, que terminan lastimando su coraz\u00f3n a\u00fan m\u00e1s de lo que ya estaba.<\/p>\n<p>Pero nosotros si nuestra fe est\u00e1 verdaderamente est\u00e1 en Dios vamos a traer nuestro dolor, nuestro coraz\u00f3n herido o destruido al Se\u00f1or, porque creemos que solamente \u00e9l puede darnos verdadera sanidad y medicina para nuestra vida<strong>\u00a0(Jerem\u00edas 33:6)\u00a0<em>He aqu\u00ed que yo les traer\u00e9 sanidad y medicina; y los curar\u00e9, y les revelar\u00e9 abundancia de paz y de verdad.<\/em><\/strong><\/p>\n<p><strong>II) SI MI FE EST\u00c1 EN DIOS, TRAER\u00c9 MI TEMOR Y LA ANGUSTIA DE MI CORAZ\u00d3N A \u00c9L PORQUE SOLAMENTE \u00c9L PUEDE LLENARME DE VERDADERA PAZ (FILIPENSES 4:6-7)\u00a0<em>Por nada est\u00e9is afanosos, sino sean conocidas vuestras peticiones delante de Dios en toda oraci\u00f3n y ruego, con acci\u00f3n de gracias. 7 y la paz de Dios, que sobrepasa todo entendimiento, guardar\u00e1 vuestros corazones y vuestros pensamientos en Cristo Jes\u00fas.<\/em><\/strong><\/p>\n<p>Verdaderamente que en estos meses de pandemia que hemos estado viviendo much\u00edsimas personas, incluyendo personas cristianas, est\u00e1n viviendo presas del temor y de la angustia por causa de lo que est\u00e1 ocurriendo en todo el mundo en la actualidad a causa de la enfermedad.<\/p>\n<p>Pero \u00bfqu\u00e9 est\u00e1n haciendo con su temor? Lo est\u00e1n aprendiendo a sobrellevar, las personas est\u00e1n aprendiendo a vivir con temor y se est\u00e1n acostumbrando a vivir con angustia en su coraz\u00f3n, pero Dios no quiere eso para sus hijos e hijas.<\/p>\n<p>Lo que est\u00e1n haciendo muchas de esas personas y tambi\u00e9n muchos cristianos es aislarse, no ver noticias, no leer nada que tenga que ver con la pandemia, no ir a la iglesia para evitar contagiarse, es decir, est\u00e1n tratando de superar su temor y su angustia por ellos mismos.<\/p>\n<p>Pero si mi fe verdaderamente est\u00e1 en Dios yo voy a creer en las promesas del Se\u00f1or, voy a creer y confiar en el poder de nuestro Dios, voy a creer y confiar en la protecci\u00f3n de nuestro Padre Celestial y esa fe me har\u00e1 venir al Se\u00f1or con mis temores, con mis angustias, con mis preocupaciones, para ponerlas en sus manos, y poder experimentar en mi coraz\u00f3n esa paz que sobrepasa todo entendimiento, esa paz que me permite seguir firme aun en tiempos de crisis, de enfermedad y de muerte.<\/p>\n<p>Si verdaderamente tengo fe en Dios yo voy a creer que \u00e9l no me ha dado un esp\u00edritu de cobard\u00eda, que \u00e9l no quiere que yo viva lleno de temor y de angustia, sino que \u00e9l nos ha dado poder, amor y dominio propio para levantarnos y vivir confiado a\u00fan en los tiempos que estamos viviendo\u00a0<strong>(2 Timoteo 1:7)<\/strong>\u00a0<strong><em>Porque no nos ha dado Dios esp\u00edritu de cobard\u00eda, sino de poder, de amor y de dominio propio.<\/em><\/strong><\/p>\n<p><strong>III) SI MI FE EST\u00c1 EN DIOS, VOY A ESPERAR SU RESPUESTA SIN VOLVER ATR\u00c1S, SIN MURMURAR, Y SIN TOMAR DECISIONES DESESPERADAS, PORQUE PARA DIOS NO HAY NADA IMPOSIBLE (JEREM\u00cdAS 33:27)\u00a0<em>He aqu\u00ed que yo soy Jehov\u00e1, Dios de toda carne; \u00bfhabr\u00e1 algo que sea dif\u00edcil para m\u00ed?<\/em><\/strong><\/p>\n<p>Muchas veces decimos que confiamos en el Se\u00f1or, pero no queremos esperar su respuesta a nuestro clamor, tratamos de resolver nuestros problemas a nuestra manera sin tomar en cuenta al Se\u00f1or, tomamos decisiones desesperadas, hacemos locuras, y en lugar de resolver el problema o de salir de la crisis, nos enredamos m\u00e1s, y despu\u00e9s terminamos enojados con Dios y murmurando contra \u00e9l\u00a0<strong>(Proverbios 19:3) La<em>\u00a0insensatez del hombre tuerce su camino, Y luego contra Jehov\u00e1 se irrita su coraz\u00f3n.<\/em><\/strong><\/p>\n<p>Si verdaderamente tenemos fe, vamos a esperar en Dios, vamos a esperar su respuesta, sin desesperarnos, sin apartarnos, sin murmurar contra Dios.<\/p>\n<p>Vamos a confiar verdaderamente que para nuestro Dios nos hay nada dif\u00edcil ni tampoco imposible, y por eso vamos a dejar nuestra petici\u00f3n, nuestro clamor en sus manos y vamos a esperar, y mientras la respuesta llega seguiremos orando, seguiremos congreg\u00e1ndonos, seguiremos sirviendo, con la confianza de que, aunque los problemas sean dif\u00edciles de resolver, nuestro Dios es\u00a0<strong>EXPERTO EN IMPOSIBLES<\/strong>\u00a0<strong>(Salmo 37:5)\u00a0<em>Encomienda a Jehov\u00e1 tu camino, Y conf\u00eda en \u00e9l; y \u00e9l har\u00e1.<\/em><\/strong><\/p>\n<p><strong>CONCLUSI\u00d3N:\u00a0<\/strong>Despu\u00e9s de lo que la palabra de Dios nos ha ense\u00f1ado por medio de este mensaje pregunt\u00e9monos nuevamente \u00bfD\u00f3nde est\u00e1 mi fe? Y si nuestra fe verdaderamente est\u00e1 en Dios, solo tenemos que confiar, porque si creemos veremos la gloria de Dios en nuestra vida y en nuestra familia\u00a0<strong>(Juan 11:40)<em>\u00a0Jes\u00fas le dijo: \u00bfNo te he dicho que, si crees, ver\u00e1s la gloria de Dios?<\/em><\/strong><\/p>\n","protected":false},"excerpt":{"rendered":"<p>LUCAS 8:23-26\u00a0Pero mientras navegaban, \u00e9l se durmi\u00f3. Y se desencaden\u00f3 una tempestad de viento en el lago; y se anegaban y peligraban. 24 y vinieron a \u00e9l y le despertaron, diciendo: !!Maestro, \u00a1Maestro, que perecemos! Despertando \u00e9l, reprendi\u00f3 al viento y a las olas; y cesaron, y se hizo bonanza. 25 y les dijo: \u00bfD\u00f3nde &hellip;<\/p>\n","protected":false},"author":1,"featured_media":20963,"comment_status":"open","ping_status":"open","sticky":false,"template":"","format":"standard","meta":{"footnotes":""},"categories":[38],"tags":[],"class_list":["post-20961","post","type-post","status-publish","format-standard","has-post-thumbnail","hentry","category-principal"],"yoast_head":"<!-- This site is optimized with the Yoast SEO Premium plugin v24.2 (Yoast SEO v27.1.1) - https:\/\/yoast.com\/product\/yoast-seo-premium-wordpress\/ -->\n<title>Donde est\u00e1 nuestra Fe - Tabernaculo Prensa de Dios<\/title>\n<meta name=\"robots\" content=\"index, follow, max-snippet:-1, max-image-preview:large, max-video-preview:-1\" \/>\n<link rel=\"canonical\" href=\"https:\/\/tabernaculoprensadedios.com\/web\/donde-esta-nuestra-fe\/\" class=\"yoast-seo-meta-tag\" \/>\n<meta property=\"og:locale\" content=\"es_ES\" class=\"yoast-seo-meta-tag\" \/>\n<meta property=\"og:type\" content=\"article\" class=\"yoast-seo-meta-tag\" \/>\n<meta property=\"og:title\" content=\"Donde est\u00e1 nuestra Fe\" class=\"yoast-seo-meta-tag\" \/>\n<meta property=\"og:description\" content=\"LUCAS 8:23-26\u00a0Pero mientras navegaban, \u00e9l se durmi\u00f3. Y se desencaden\u00f3 una tempestad de viento en el lago; y se anegaban y peligraban. 24 y vinieron a \u00e9l y le despertaron, diciendo: !!Maestro, \u00a1Maestro, que perecemos! Despertando \u00e9l, reprendi\u00f3 al viento y a las olas; y cesaron, y se hizo bonanza. 25 y les dijo: \u00bfD\u00f3nde &hellip;\" class=\"yoast-seo-meta-tag\" \/>\n<meta property=\"og:url\" content=\"https:\/\/tabernaculoprensadedios.com\/web\/donde-esta-nuestra-fe\/\" class=\"yoast-seo-meta-tag\" \/>\n<meta property=\"og:site_name\" content=\"Tabernaculo Prensa de Dios\" class=\"yoast-seo-meta-tag\" \/>\n<meta property=\"article:published_time\" content=\"2021-01-30T14:50:32+00:00\" class=\"yoast-seo-meta-tag\" \/>\n<meta property=\"og:image\" content=\"https:\/\/tabernaculoprensadedios.com\/web\/wp-content\/uploads\/2021\/01\/person-5843476_1280.jpg\" class=\"yoast-seo-meta-tag\" \/>\n\t<meta property=\"og:image:width\" content=\"1280\" class=\"yoast-seo-meta-tag\" \/>\n\t<meta property=\"og:image:height\" content=\"853\" class=\"yoast-seo-meta-tag\" \/>\n\t<meta property=\"og:image:type\" content=\"image\/jpeg\" class=\"yoast-seo-meta-tag\" \/>\n<meta name=\"author\" content=\"tabernaculo\" class=\"yoast-seo-meta-tag\" \/>\n<meta name=\"twitter:card\" content=\"summary_large_image\" class=\"yoast-seo-meta-tag\" \/>\n<meta name=\"twitter:creator\" content=\"@PrensadeDios\" class=\"yoast-seo-meta-tag\" \/>\n<meta name=\"twitter:site\" content=\"@PrensadeDios\" class=\"yoast-seo-meta-tag\" \/>\n<meta name=\"twitter:label1\" content=\"Escrito por\" class=\"yoast-seo-meta-tag\" \/>\n\t<meta name=\"twitter:data1\" content=\"tabernaculo\" class=\"yoast-seo-meta-tag\" \/>\n\t<meta name=\"twitter:label2\" content=\"Tiempo de lectura\" class=\"yoast-seo-meta-tag\" \/>\n\t<meta name=\"twitter:data2\" content=\"6 minutos\" class=\"yoast-seo-meta-tag\" \/>\n<script type=\"application\/ld+json\" class=\"yoast-schema-graph\">{\"@context\":\"https:\/\/schema.org\",\"@graph\":[{\"@type\":\"Article\",\"@id\":\"https:\/\/tabernaculoprensadedios.com\/web\/donde-esta-nuestra-fe\/#article\",\"isPartOf\":{\"@id\":\"https:\/\/tabernaculoprensadedios.com\/web\/donde-esta-nuestra-fe\/\"},\"author\":{\"name\":\"tabernaculo\",\"@id\":\"https:\/\/tabernaculoprensadedios.com\/web\/#\/schema\/person\/bc0e069fef56b38e177db6f098ae0b6e\"},\"headline\":\"Donde est\u00e1 nuestra Fe\",\"datePublished\":\"2021-01-30T14:50:32+00:00\",\"mainEntityOfPage\":{\"@id\":\"https:\/\/tabernaculoprensadedios.com\/web\/donde-esta-nuestra-fe\/\"},\"wordCount\":1234,\"commentCount\":0,\"publisher\":{\"@id\":\"https:\/\/tabernaculoprensadedios.com\/web\/#\/schema\/person\/bc0e069fef56b38e177db6f098ae0b6e\"},\"image\":{\"@id\":\"https:\/\/tabernaculoprensadedios.com\/web\/donde-esta-nuestra-fe\/#primaryimage\"},\"thumbnailUrl\":\"https:\/\/tabernaculoprensadedios.com\/web\/wp-content\/uploads\/2021\/01\/person-5843476_1280.jpg\",\"articleSection\":[\"Principal\"],\"inLanguage\":\"es\",\"potentialAction\":[{\"@type\":\"CommentAction\",\"name\":\"Comment\",\"target\":[\"https:\/\/tabernaculoprensadedios.com\/web\/donde-esta-nuestra-fe\/#respond\"]}]},{\"@type\":\"WebPage\",\"@id\":\"https:\/\/tabernaculoprensadedios.com\/web\/donde-esta-nuestra-fe\/\",\"url\":\"https:\/\/tabernaculoprensadedios.com\/web\/donde-esta-nuestra-fe\/\",\"name\":\"Donde est\u00e1 nuestra Fe - Tabernaculo Prensa de Dios\",\"isPartOf\":{\"@id\":\"https:\/\/tabernaculoprensadedios.com\/web\/#website\"},\"primaryImageOfPage\":{\"@id\":\"https:\/\/tabernaculoprensadedios.com\/web\/donde-esta-nuestra-fe\/#primaryimage\"},\"image\":{\"@id\":\"https:\/\/tabernaculoprensadedios.com\/web\/donde-esta-nuestra-fe\/#primaryimage\"},\"thumbnailUrl\":\"https:\/\/tabernaculoprensadedios.com\/web\/wp-content\/uploads\/2021\/01\/person-5843476_1280.jpg\",\"datePublished\":\"2021-01-30T14:50:32+00:00\",\"breadcrumb\":{\"@id\":\"https:\/\/tabernaculoprensadedios.com\/web\/donde-esta-nuestra-fe\/#breadcrumb\"},\"inLanguage\":\"es\",\"potentialAction\":[{\"@type\":\"ReadAction\",\"target\":[\"https:\/\/tabernaculoprensadedios.com\/web\/donde-esta-nuestra-fe\/\"]}]},{\"@type\":\"ImageObject\",\"inLanguage\":\"es\",\"@id\":\"https:\/\/tabernaculoprensadedios.com\/web\/donde-esta-nuestra-fe\/#primaryimage\",\"url\":\"https:\/\/tabernaculoprensadedios.com\/web\/wp-content\/uploads\/2021\/01\/person-5843476_1280.jpg\",\"contentUrl\":\"https:\/\/tabernaculoprensadedios.com\/web\/wp-content\/uploads\/2021\/01\/person-5843476_1280.jpg\",\"width\":1280,\"height\":853,\"caption\":\"Donde est\u00e1 nuestra Fe\"},{\"@type\":\"BreadcrumbList\",\"@id\":\"https:\/\/tabernaculoprensadedios.com\/web\/donde-esta-nuestra-fe\/#breadcrumb\",\"itemListElement\":[{\"@type\":\"ListItem\",\"position\":1,\"name\":\"Portada\",\"item\":\"https:\/\/tabernaculoprensadedios.com\/web\/\"},{\"@type\":\"ListItem\",\"position\":2,\"name\":\"Donde est\u00e1 nuestra Fe\"}]},{\"@type\":\"WebSite\",\"@id\":\"https:\/\/tabernaculoprensadedios.com\/web\/#website\",\"url\":\"https:\/\/tabernaculoprensadedios.com\/web\/\",\"name\":\"Tabernaculo Prensa de Dios\",\"description\":\"Un medio a la manera de Dios\",\"publisher\":{\"@id\":\"https:\/\/tabernaculoprensadedios.com\/web\/#\/schema\/person\/bc0e069fef56b38e177db6f098ae0b6e\"},\"potentialAction\":[{\"@type\":\"SearchAction\",\"target\":{\"@type\":\"EntryPoint\",\"urlTemplate\":\"https:\/\/tabernaculoprensadedios.com\/web\/?s={search_term_string}\"},\"query-input\":{\"@type\":\"PropertyValueSpecification\",\"valueRequired\":true,\"valueName\":\"search_term_string\"}}],\"inLanguage\":\"es\"},{\"@type\":[\"Person\",\"Organization\"],\"@id\":\"https:\/\/tabernaculoprensadedios.com\/web\/#\/schema\/person\/bc0e069fef56b38e177db6f098ae0b6e\",\"name\":\"tabernaculo\",\"image\":{\"@type\":\"ImageObject\",\"inLanguage\":\"es\",\"@id\":\"https:\/\/tabernaculoprensadedios.com\/web\/#\/schema\/person\/image\/\",\"url\":\"https:\/\/tabernaculoprensadedios.com\/web\/wp-content\/uploads\/2015\/06\/login-logo1.png\",\"contentUrl\":\"https:\/\/tabernaculoprensadedios.com\/web\/wp-content\/uploads\/2015\/06\/login-logo1.png\",\"width\":300,\"height\":118,\"caption\":\"tabernaculo\"},\"logo\":{\"@id\":\"https:\/\/tabernaculoprensadedios.com\/web\/#\/schema\/person\/image\/\"},\"url\":\"https:\/\/tabernaculoprensadedios.com\/web\/author\/tabernaculo\/\"}]}<\/script>\n<!-- \/ Yoast SEO Premium plugin. -->","yoast_head_json":{"title":"Donde est\u00e1 nuestra Fe - Tabernaculo Prensa de Dios","robots":{"index":"index","follow":"follow","max-snippet":"max-snippet:-1","max-image-preview":"max-image-preview:large","max-video-preview":"max-video-preview:-1"},"canonical":"https:\/\/tabernaculoprensadedios.com\/web\/donde-esta-nuestra-fe\/","og_locale":"es_ES","og_type":"article","og_title":"Donde est\u00e1 nuestra Fe","og_description":"LUCAS 8:23-26\u00a0Pero mientras navegaban, \u00e9l se durmi\u00f3. Y se desencaden\u00f3 una tempestad de viento en el lago; y se anegaban y peligraban. 24 y vinieron a \u00e9l y le despertaron, diciendo: !!Maestro, \u00a1Maestro, que perecemos! Despertando \u00e9l, reprendi\u00f3 al viento y a las olas; y cesaron, y se hizo bonanza. 25 y les dijo: \u00bfD\u00f3nde &hellip;","og_url":"https:\/\/tabernaculoprensadedios.com\/web\/donde-esta-nuestra-fe\/","og_site_name":"Tabernaculo Prensa de Dios","article_published_time":"2021-01-30T14:50:32+00:00","og_image":[{"width":1280,"height":853,"url":"https:\/\/tabernaculoprensadedios.com\/web\/wp-content\/uploads\/2021\/01\/person-5843476_1280.jpg","type":"image\/jpeg"}],"author":"tabernaculo","twitter_card":"summary_large_image","twitter_creator":"@PrensadeDios","twitter_site":"@PrensadeDios","twitter_misc":{"Escrito por":"tabernaculo","Tiempo de lectura":"6 minutos"},"schema":{"@context":"https:\/\/schema.org","@graph":[{"@type":"Article","@id":"https:\/\/tabernaculoprensadedios.com\/web\/donde-esta-nuestra-fe\/#article","isPartOf":{"@id":"https:\/\/tabernaculoprensadedios.com\/web\/donde-esta-nuestra-fe\/"},"author":{"name":"tabernaculo","@id":"https:\/\/tabernaculoprensadedios.com\/web\/#\/schema\/person\/bc0e069fef56b38e177db6f098ae0b6e"},"headline":"Donde est\u00e1 nuestra Fe","datePublished":"2021-01-30T14:50:32+00:00","mainEntityOfPage":{"@id":"https:\/\/tabernaculoprensadedios.com\/web\/donde-esta-nuestra-fe\/"},"wordCount":1234,"commentCount":0,"publisher":{"@id":"https:\/\/tabernaculoprensadedios.com\/web\/#\/schema\/person\/bc0e069fef56b38e177db6f098ae0b6e"},"image":{"@id":"https:\/\/tabernaculoprensadedios.com\/web\/donde-esta-nuestra-fe\/#primaryimage"},"thumbnailUrl":"https:\/\/tabernaculoprensadedios.com\/web\/wp-content\/uploads\/2021\/01\/person-5843476_1280.jpg","articleSection":["Principal"],"inLanguage":"es","potentialAction":[{"@type":"CommentAction","name":"Comment","target":["https:\/\/tabernaculoprensadedios.com\/web\/donde-esta-nuestra-fe\/#respond"]}]},{"@type":"WebPage","@id":"https:\/\/tabernaculoprensadedios.com\/web\/donde-esta-nuestra-fe\/","url":"https:\/\/tabernaculoprensadedios.com\/web\/donde-esta-nuestra-fe\/","name":"Donde est\u00e1 nuestra Fe - Tabernaculo Prensa de Dios","isPartOf":{"@id":"https:\/\/tabernaculoprensadedios.com\/web\/#website"},"primaryImageOfPage":{"@id":"https:\/\/tabernaculoprensadedios.com\/web\/donde-esta-nuestra-fe\/#primaryimage"},"image":{"@id":"https:\/\/tabernaculoprensadedios.com\/web\/donde-esta-nuestra-fe\/#primaryimage"},"thumbnailUrl":"https:\/\/tabernaculoprensadedios.com\/web\/wp-content\/uploads\/2021\/01\/person-5843476_1280.jpg","datePublished":"2021-01-30T14:50:32+00:00","breadcrumb":{"@id":"https:\/\/tabernaculoprensadedios.com\/web\/donde-esta-nuestra-fe\/#breadcrumb"},"inLanguage":"es","potentialAction":[{"@type":"ReadAction","target":["https:\/\/tabernaculoprensadedios.com\/web\/donde-esta-nuestra-fe\/"]}]},{"@type":"ImageObject","inLanguage":"es","@id":"https:\/\/tabernaculoprensadedios.com\/web\/donde-esta-nuestra-fe\/#primaryimage","url":"https:\/\/tabernaculoprensadedios.com\/web\/wp-content\/uploads\/2021\/01\/person-5843476_1280.jpg","contentUrl":"https:\/\/tabernaculoprensadedios.com\/web\/wp-content\/uploads\/2021\/01\/person-5843476_1280.jpg","width":1280,"height":853,"caption":"Donde est\u00e1 nuestra Fe"},{"@type":"BreadcrumbList","@id":"https:\/\/tabernaculoprensadedios.com\/web\/donde-esta-nuestra-fe\/#breadcrumb","itemListElement":[{"@type":"ListItem","position":1,"name":"Portada","item":"https:\/\/tabernaculoprensadedios.com\/web\/"},{"@type":"ListItem","position":2,"name":"Donde est\u00e1 nuestra Fe"}]},{"@type":"WebSite","@id":"https:\/\/tabernaculoprensadedios.com\/web\/#website","url":"https:\/\/tabernaculoprensadedios.com\/web\/","name":"Tabernaculo Prensa de Dios","description":"Un medio a la manera de Dios","publisher":{"@id":"https:\/\/tabernaculoprensadedios.com\/web\/#\/schema\/person\/bc0e069fef56b38e177db6f098ae0b6e"},"potentialAction":[{"@type":"SearchAction","target":{"@type":"EntryPoint","urlTemplate":"https:\/\/tabernaculoprensadedios.com\/web\/?s={search_term_string}"},"query-input":{"@type":"PropertyValueSpecification","valueRequired":true,"valueName":"search_term_string"}}],"inLanguage":"es"},{"@type":["Person","Organization"],"@id":"https:\/\/tabernaculoprensadedios.com\/web\/#\/schema\/person\/bc0e069fef56b38e177db6f098ae0b6e","name":"tabernaculo","image":{"@type":"ImageObject","inLanguage":"es","@id":"https:\/\/tabernaculoprensadedios.com\/web\/#\/schema\/person\/image\/","url":"https:\/\/tabernaculoprensadedios.com\/web\/wp-content\/uploads\/2015\/06\/login-logo1.png","contentUrl":"https:\/\/tabernaculoprensadedios.com\/web\/wp-content\/uploads\/2015\/06\/login-logo1.png","width":300,"height":118,"caption":"tabernaculo"},"logo":{"@id":"https:\/\/tabernaculoprensadedios.com\/web\/#\/schema\/person\/image\/"},"url":"https:\/\/tabernaculoprensadedios.com\/web\/author\/tabernaculo\/"}]}},"_links":{"self":[{"href":"https:\/\/tabernaculoprensadedios.com\/web\/wp-json\/wp\/v2\/posts\/20961","targetHints":{"allow":["GET"]}}],"collection":[{"href":"https:\/\/tabernaculoprensadedios.com\/web\/wp-json\/wp\/v2\/posts"}],"about":[{"href":"https:\/\/tabernaculoprensadedios.com\/web\/wp-json\/wp\/v2\/types\/post"}],"author":[{"embeddable":true,"href":"https:\/\/tabernaculoprensadedios.com\/web\/wp-json\/wp\/v2\/users\/1"}],"replies":[{"embeddable":true,"href":"https:\/\/tabernaculoprensadedios.com\/web\/wp-json\/wp\/v2\/comments?post=20961"}],"version-history":[{"count":1,"href":"https:\/\/tabernaculoprensadedios.com\/web\/wp-json\/wp\/v2\/posts\/20961\/revisions"}],"predecessor-version":[{"id":20964,"href":"https:\/\/tabernaculoprensadedios.com\/web\/wp-json\/wp\/v2\/posts\/20961\/revisions\/20964"}],"wp:featuredmedia":[{"embeddable":true,"href":"https:\/\/tabernaculoprensadedios.com\/web\/wp-json\/wp\/v2\/media\/20963"}],"wp:attachment":[{"href":"https:\/\/tabernaculoprensadedios.com\/web\/wp-json\/wp\/v2\/media?parent=20961"}],"wp:term":[{"taxonomy":"category","embeddable":true,"href":"https:\/\/tabernaculoprensadedios.com\/web\/wp-json\/wp\/v2\/categories?post=20961"},{"taxonomy":"post_tag","embeddable":true,"href":"https:\/\/tabernaculoprensadedios.com\/web\/wp-json\/wp\/v2\/tags?post=20961"}],"curies":[{"name":"wp","href":"https:\/\/api.w.org\/{rel}","templated":true}]}}