{"id":20798,"date":"2021-01-13T23:10:29","date_gmt":"2021-01-13T23:10:29","guid":{"rendered":"http:\/\/tabernaculoprensadedios.com\/web\/?p=20798"},"modified":"2021-01-13T23:10:29","modified_gmt":"2021-01-13T23:10:29","slug":"21-diputados-evangelicos-electos-en-el-parlamento-de-venezuela","status":"publish","type":"post","link":"https:\/\/tabernaculoprensadedios.com\/web\/21-diputados-evangelicos-electos-en-el-parlamento-de-venezuela\/","title":{"rendered":"21 diputados evang\u00e9licos electos en el parlamento de Venezuela"},"content":{"rendered":"<p>Como resultado de las pasadas elecciones parlamentarias realizadas en Venezuela el pasado 6 de diciembre, fueron veintiuno los cristianos evang\u00e9licos que resultaron electos como diputados.<\/p>\n<p>El partido El Cambio, liderizado por Javier Bertucci, confirm\u00f3 en sus redes sociales 17 parlamentarios y 4 por el sector religioso del PSUV, seg\u00fan el coordinador nacional del MOCEV, Mois\u00e9s Garc\u00eda Duarte. Estos a su vez est\u00e1n distribuidos en la lista nacional, regional y nominal (principales y suplentes).<\/p>\n<p>Los nombres m\u00e1s sonados son los de los pastores Javier Bertucci (El Cambio), Alfonso Campos Jessurun (El Cambio), Yobany Blanco (El Cambio), Javier Segovia (El Cambio) y Mois\u00e9s Garc\u00eda (PSUV- GPPSB).<\/p>\n<p>Por su parte,\u00a0Javier Bertucci\u00a0asegur\u00f3 en rueda prensa, \u00abvamos a la Asamblea Nacional (AN) con gran responsabilidad, con la intenci\u00f3n de generar propuestas. La AN debe convertirse en una instituci\u00f3n que busque soluciones al pueblo venezolano. No vamos a defraudar al pueblo que confi\u00f3 en nosotros. La tarea tambi\u00e9n es recuperar la confianza de aquellos que no fueron a votar, debemos rescatar la confianza pol\u00edtica\u00bb.<\/p>\n<p>De igual forma, en nota prensa enviada a la sala de redacci\u00f3n de Verdad y Vida,\u00a0Mois\u00e9s Garc\u00eda Duarte, sostuvo reuni\u00f3n con Renamiven (Red Evang\u00e9lica Nacional de Ministros e Iglesias Amigos de Venezuela), \u00abdonde se ofreci\u00f3 un balance de las elecciones parlamentarias del pasado 6 de diciembre, donde los diputados y diputadas electos por el Partido Socialista Unido de Venezuela y el Gran Polo Patri\u00f3tico [oficialista], obtuvieron la mayor\u00eda de curules en la Asamblea Nacional\u00bb.<\/p>\n<p>Al mismo tiempo, en el escrito manifiesta que \u00aben v\u00edspera de la conmemoraci\u00f3n del D\u00eda Nacional del Pastor y la Pastora, a celebrarse el pr\u00f3ximo 15 de enero, los presentes conversaron sobre los preparativos para celebrar esta importante fecha. Tambi\u00e9n se hizo referencia al segundo Congreso del Movimiento Cristiano Evang\u00e9lico por Venezuela (MOCEV), previsto para el a\u00f1o 2021, as\u00ed como la convenci\u00f3n de la Red Evang\u00e9lica Nacional de Ministros e Iglesias Amigos de Venezuela, pautada para el venidero a\u00f1o\u00bb.<\/p>\n","protected":false},"excerpt":{"rendered":"<p>Como resultado de las pasadas elecciones parlamentarias realizadas en Venezuela el pasado 6 de diciembre, fueron veintiuno los cristianos evang\u00e9licos que resultaron electos como diputados. El partido El Cambio, liderizado por Javier Bertucci, confirm\u00f3 en sus redes sociales 17 parlamentarios y 4 por el sector religioso del PSUV, seg\u00fan el coordinador nacional del MOCEV, Mois\u00e9s &hellip;<\/p>\n","protected":false},"author":2,"featured_media":20799,"comment_status":"open","ping_status":"open","sticky":false,"template":"","format":"standard","meta":{"footnotes":""},"categories":[24],"tags":[],"class_list":["post-20798","post","type-post","status-publish","format-standard","has-post-thumbnail","hentry","category-internacional"],"yoast_head":"<!-- This site is optimized with the Yoast SEO Premium plugin v24.2 (Yoast SEO v27.1.1) - https:\/\/yoast.com\/product\/yoast-seo-premium-wordpress\/ -->\n<title>21 diputados evang\u00e9licos electos en el parlamento de Venezuela - Tabernaculo Prensa de Dios<\/title>\n<meta name=\"robots\" content=\"index, follow, max-snippet:-1, max-image-preview:large, max-video-preview:-1\" \/>\n<link rel=\"canonical\" href=\"https:\/\/tabernaculoprensadedios.com\/web\/21-diputados-evangelicos-electos-en-el-parlamento-de-venezuela\/\" class=\"yoast-seo-meta-tag\" \/>\n<meta property=\"og:locale\" content=\"es_ES\" class=\"yoast-seo-meta-tag\" \/>\n<meta property=\"og:type\" content=\"article\" class=\"yoast-seo-meta-tag\" \/>\n<meta property=\"og:title\" content=\"21 diputados evang\u00e9licos electos en el parlamento de Venezuela\" class=\"yoast-seo-meta-tag\" \/>\n<meta property=\"og:description\" content=\"Como resultado de las pasadas elecciones parlamentarias realizadas en Venezuela el pasado 6 de diciembre, fueron veintiuno los cristianos evang\u00e9licos que resultaron electos como diputados. El partido El Cambio, liderizado por Javier Bertucci, confirm\u00f3 en sus redes sociales 17 parlamentarios y 4 por el sector religioso del PSUV, seg\u00fan el coordinador nacional del MOCEV, Mois\u00e9s &hellip;\" class=\"yoast-seo-meta-tag\" \/>\n<meta property=\"og:url\" content=\"https:\/\/tabernaculoprensadedios.com\/web\/21-diputados-evangelicos-electos-en-el-parlamento-de-venezuela\/\" class=\"yoast-seo-meta-tag\" \/>\n<meta property=\"og:site_name\" content=\"Tabernaculo Prensa de Dios\" class=\"yoast-seo-meta-tag\" \/>\n<meta property=\"article:published_time\" content=\"2021-01-13T23:10:29+00:00\" class=\"yoast-seo-meta-tag\" \/>\n<meta property=\"og:image\" content=\"https:\/\/tabernaculoprensadedios.com\/web\/wp-content\/uploads\/2021\/01\/venezuelaG.jpg\" class=\"yoast-seo-meta-tag\" \/>\n\t<meta property=\"og:image:width\" content=\"940\" class=\"yoast-seo-meta-tag\" \/>\n\t<meta property=\"og:image:height\" content=\"480\" class=\"yoast-seo-meta-tag\" \/>\n\t<meta property=\"og:image:type\" content=\"image\/jpeg\" class=\"yoast-seo-meta-tag\" \/>\n<meta name=\"author\" content=\"Malga\" class=\"yoast-seo-meta-tag\" \/>\n<meta name=\"twitter:card\" content=\"summary_large_image\" class=\"yoast-seo-meta-tag\" \/>\n<meta name=\"twitter:creator\" content=\"@PrensadeDios\" class=\"yoast-seo-meta-tag\" \/>\n<meta name=\"twitter:site\" content=\"@PrensadeDios\" class=\"yoast-seo-meta-tag\" \/>\n<meta name=\"twitter:label1\" content=\"Escrito por\" class=\"yoast-seo-meta-tag\" \/>\n\t<meta name=\"twitter:data1\" content=\"Malga\" class=\"yoast-seo-meta-tag\" \/>\n\t<meta name=\"twitter:label2\" content=\"Tiempo de lectura\" class=\"yoast-seo-meta-tag\" \/>\n\t<meta name=\"twitter:data2\" content=\"2 minutos\" class=\"yoast-seo-meta-tag\" \/>\n<script type=\"application\/ld+json\" class=\"yoast-schema-graph\">{\"@context\":\"https:\/\/schema.org\",\"@graph\":[{\"@type\":\"Article\",\"@id\":\"https:\/\/tabernaculoprensadedios.com\/web\/21-diputados-evangelicos-electos-en-el-parlamento-de-venezuela\/#article\",\"isPartOf\":{\"@id\":\"https:\/\/tabernaculoprensadedios.com\/web\/21-diputados-evangelicos-electos-en-el-parlamento-de-venezuela\/\"},\"author\":{\"name\":\"Malga\",\"@id\":\"https:\/\/tabernaculoprensadedios.com\/web\/#\/schema\/person\/64ae3a8b2e245c8b8652b1294ca1860a\"},\"headline\":\"21 diputados evang\u00e9licos electos en el parlamento de Venezuela\",\"datePublished\":\"2021-01-13T23:10:29+00:00\",\"mainEntityOfPage\":{\"@id\":\"https:\/\/tabernaculoprensadedios.com\/web\/21-diputados-evangelicos-electos-en-el-parlamento-de-venezuela\/\"},\"wordCount\":356,\"commentCount\":0,\"publisher\":{\"@id\":\"https:\/\/tabernaculoprensadedios.com\/web\/#\/schema\/person\/bc0e069fef56b38e177db6f098ae0b6e\"},\"image\":{\"@id\":\"https:\/\/tabernaculoprensadedios.com\/web\/21-diputados-evangelicos-electos-en-el-parlamento-de-venezuela\/#primaryimage\"},\"thumbnailUrl\":\"https:\/\/tabernaculoprensadedios.com\/web\/wp-content\/uploads\/2021\/01\/venezuelaG.jpg\",\"articleSection\":[\"Internacionales\"],\"inLanguage\":\"es\",\"potentialAction\":[{\"@type\":\"CommentAction\",\"name\":\"Comment\",\"target\":[\"https:\/\/tabernaculoprensadedios.com\/web\/21-diputados-evangelicos-electos-en-el-parlamento-de-venezuela\/#respond\"]}]},{\"@type\":\"WebPage\",\"@id\":\"https:\/\/tabernaculoprensadedios.com\/web\/21-diputados-evangelicos-electos-en-el-parlamento-de-venezuela\/\",\"url\":\"https:\/\/tabernaculoprensadedios.com\/web\/21-diputados-evangelicos-electos-en-el-parlamento-de-venezuela\/\",\"name\":\"21 diputados evang\u00e9licos electos en el parlamento de Venezuela - Tabernaculo Prensa de Dios\",\"isPartOf\":{\"@id\":\"https:\/\/tabernaculoprensadedios.com\/web\/#website\"},\"primaryImageOfPage\":{\"@id\":\"https:\/\/tabernaculoprensadedios.com\/web\/21-diputados-evangelicos-electos-en-el-parlamento-de-venezuela\/#primaryimage\"},\"image\":{\"@id\":\"https:\/\/tabernaculoprensadedios.com\/web\/21-diputados-evangelicos-electos-en-el-parlamento-de-venezuela\/#primaryimage\"},\"thumbnailUrl\":\"https:\/\/tabernaculoprensadedios.com\/web\/wp-content\/uploads\/2021\/01\/venezuelaG.jpg\",\"datePublished\":\"2021-01-13T23:10:29+00:00\",\"breadcrumb\":{\"@id\":\"https:\/\/tabernaculoprensadedios.com\/web\/21-diputados-evangelicos-electos-en-el-parlamento-de-venezuela\/#breadcrumb\"},\"inLanguage\":\"es\",\"potentialAction\":[{\"@type\":\"ReadAction\",\"target\":[\"https:\/\/tabernaculoprensadedios.com\/web\/21-diputados-evangelicos-electos-en-el-parlamento-de-venezuela\/\"]}]},{\"@type\":\"ImageObject\",\"inLanguage\":\"es\",\"@id\":\"https:\/\/tabernaculoprensadedios.com\/web\/21-diputados-evangelicos-electos-en-el-parlamento-de-venezuela\/#primaryimage\",\"url\":\"https:\/\/tabernaculoprensadedios.com\/web\/wp-content\/uploads\/2021\/01\/venezuelaG.jpg\",\"contentUrl\":\"https:\/\/tabernaculoprensadedios.com\/web\/wp-content\/uploads\/2021\/01\/venezuelaG.jpg\",\"width\":940,\"height\":480},{\"@type\":\"BreadcrumbList\",\"@id\":\"https:\/\/tabernaculoprensadedios.com\/web\/21-diputados-evangelicos-electos-en-el-parlamento-de-venezuela\/#breadcrumb\",\"itemListElement\":[{\"@type\":\"ListItem\",\"position\":1,\"name\":\"Portada\",\"item\":\"https:\/\/tabernaculoprensadedios.com\/web\/\"},{\"@type\":\"ListItem\",\"position\":2,\"name\":\"21 diputados evang\u00e9licos electos en el parlamento de Venezuela\"}]},{\"@type\":\"WebSite\",\"@id\":\"https:\/\/tabernaculoprensadedios.com\/web\/#website\",\"url\":\"https:\/\/tabernaculoprensadedios.com\/web\/\",\"name\":\"Tabernaculo Prensa de Dios\",\"description\":\"Un medio a la manera de Dios\",\"publisher\":{\"@id\":\"https:\/\/tabernaculoprensadedios.com\/web\/#\/schema\/person\/bc0e069fef56b38e177db6f098ae0b6e\"},\"potentialAction\":[{\"@type\":\"SearchAction\",\"target\":{\"@type\":\"EntryPoint\",\"urlTemplate\":\"https:\/\/tabernaculoprensadedios.com\/web\/?s={search_term_string}\"},\"query-input\":{\"@type\":\"PropertyValueSpecification\",\"valueRequired\":true,\"valueName\":\"search_term_string\"}}],\"inLanguage\":\"es\"},{\"@type\":[\"Person\",\"Organization\"],\"@id\":\"https:\/\/tabernaculoprensadedios.com\/web\/#\/schema\/person\/bc0e069fef56b38e177db6f098ae0b6e\",\"name\":\"tabernaculo\",\"image\":{\"@type\":\"ImageObject\",\"inLanguage\":\"es\",\"@id\":\"https:\/\/tabernaculoprensadedios.com\/web\/#\/schema\/person\/image\/\",\"url\":\"https:\/\/tabernaculoprensadedios.com\/web\/wp-content\/uploads\/2015\/06\/login-logo1.png\",\"contentUrl\":\"https:\/\/tabernaculoprensadedios.com\/web\/wp-content\/uploads\/2015\/06\/login-logo1.png\",\"width\":300,\"height\":118,\"caption\":\"tabernaculo\"},\"logo\":{\"@id\":\"https:\/\/tabernaculoprensadedios.com\/web\/#\/schema\/person\/image\/\"}},{\"@type\":\"Person\",\"@id\":\"https:\/\/tabernaculoprensadedios.com\/web\/#\/schema\/person\/64ae3a8b2e245c8b8652b1294ca1860a\",\"name\":\"Malga\",\"image\":{\"@type\":\"ImageObject\",\"inLanguage\":\"es\",\"@id\":\"https:\/\/tabernaculoprensadedios.com\/web\/#\/schema\/person\/image\/\",\"url\":\"\/\/www.gravatar.com\/avatar\/b06041ad78a6d3dd6b8d5ebf9704448e?s=96&#038;r=g&#038;d=mm\",\"contentUrl\":\"\/\/www.gravatar.com\/avatar\/b06041ad78a6d3dd6b8d5ebf9704448e?s=96&#038;r=g&#038;d=mm\",\"caption\":\"Malga\"},\"url\":\"https:\/\/tabernaculoprensadedios.com\/web\/author\/malga\/\"}]}<\/script>\n<!-- \/ Yoast SEO Premium plugin. -->","yoast_head_json":{"title":"21 diputados evang\u00e9licos electos en el parlamento de Venezuela - Tabernaculo Prensa de Dios","robots":{"index":"index","follow":"follow","max-snippet":"max-snippet:-1","max-image-preview":"max-image-preview:large","max-video-preview":"max-video-preview:-1"},"canonical":"https:\/\/tabernaculoprensadedios.com\/web\/21-diputados-evangelicos-electos-en-el-parlamento-de-venezuela\/","og_locale":"es_ES","og_type":"article","og_title":"21 diputados evang\u00e9licos electos en el parlamento de Venezuela","og_description":"Como resultado de las pasadas elecciones parlamentarias realizadas en Venezuela el pasado 6 de diciembre, fueron veintiuno los cristianos evang\u00e9licos que resultaron electos como diputados. El partido El Cambio, liderizado por Javier Bertucci, confirm\u00f3 en sus redes sociales 17 parlamentarios y 4 por el sector religioso del PSUV, seg\u00fan el coordinador nacional del MOCEV, Mois\u00e9s &hellip;","og_url":"https:\/\/tabernaculoprensadedios.com\/web\/21-diputados-evangelicos-electos-en-el-parlamento-de-venezuela\/","og_site_name":"Tabernaculo Prensa de Dios","article_published_time":"2021-01-13T23:10:29+00:00","og_image":[{"width":940,"height":480,"url":"https:\/\/tabernaculoprensadedios.com\/web\/wp-content\/uploads\/2021\/01\/venezuelaG.jpg","type":"image\/jpeg"}],"author":"Malga","twitter_card":"summary_large_image","twitter_creator":"@PrensadeDios","twitter_site":"@PrensadeDios","twitter_misc":{"Escrito por":"Malga","Tiempo de lectura":"2 minutos"},"schema":{"@context":"https:\/\/schema.org","@graph":[{"@type":"Article","@id":"https:\/\/tabernaculoprensadedios.com\/web\/21-diputados-evangelicos-electos-en-el-parlamento-de-venezuela\/#article","isPartOf":{"@id":"https:\/\/tabernaculoprensadedios.com\/web\/21-diputados-evangelicos-electos-en-el-parlamento-de-venezuela\/"},"author":{"name":"Malga","@id":"https:\/\/tabernaculoprensadedios.com\/web\/#\/schema\/person\/64ae3a8b2e245c8b8652b1294ca1860a"},"headline":"21 diputados evang\u00e9licos electos en el parlamento de Venezuela","datePublished":"2021-01-13T23:10:29+00:00","mainEntityOfPage":{"@id":"https:\/\/tabernaculoprensadedios.com\/web\/21-diputados-evangelicos-electos-en-el-parlamento-de-venezuela\/"},"wordCount":356,"commentCount":0,"publisher":{"@id":"https:\/\/tabernaculoprensadedios.com\/web\/#\/schema\/person\/bc0e069fef56b38e177db6f098ae0b6e"},"image":{"@id":"https:\/\/tabernaculoprensadedios.com\/web\/21-diputados-evangelicos-electos-en-el-parlamento-de-venezuela\/#primaryimage"},"thumbnailUrl":"https:\/\/tabernaculoprensadedios.com\/web\/wp-content\/uploads\/2021\/01\/venezuelaG.jpg","articleSection":["Internacionales"],"inLanguage":"es","potentialAction":[{"@type":"CommentAction","name":"Comment","target":["https:\/\/tabernaculoprensadedios.com\/web\/21-diputados-evangelicos-electos-en-el-parlamento-de-venezuela\/#respond"]}]},{"@type":"WebPage","@id":"https:\/\/tabernaculoprensadedios.com\/web\/21-diputados-evangelicos-electos-en-el-parlamento-de-venezuela\/","url":"https:\/\/tabernaculoprensadedios.com\/web\/21-diputados-evangelicos-electos-en-el-parlamento-de-venezuela\/","name":"21 diputados evang\u00e9licos electos en el parlamento de Venezuela - Tabernaculo Prensa de Dios","isPartOf":{"@id":"https:\/\/tabernaculoprensadedios.com\/web\/#website"},"primaryImageOfPage":{"@id":"https:\/\/tabernaculoprensadedios.com\/web\/21-diputados-evangelicos-electos-en-el-parlamento-de-venezuela\/#primaryimage"},"image":{"@id":"https:\/\/tabernaculoprensadedios.com\/web\/21-diputados-evangelicos-electos-en-el-parlamento-de-venezuela\/#primaryimage"},"thumbnailUrl":"https:\/\/tabernaculoprensadedios.com\/web\/wp-content\/uploads\/2021\/01\/venezuelaG.jpg","datePublished":"2021-01-13T23:10:29+00:00","breadcrumb":{"@id":"https:\/\/tabernaculoprensadedios.com\/web\/21-diputados-evangelicos-electos-en-el-parlamento-de-venezuela\/#breadcrumb"},"inLanguage":"es","potentialAction":[{"@type":"ReadAction","target":["https:\/\/tabernaculoprensadedios.com\/web\/21-diputados-evangelicos-electos-en-el-parlamento-de-venezuela\/"]}]},{"@type":"ImageObject","inLanguage":"es","@id":"https:\/\/tabernaculoprensadedios.com\/web\/21-diputados-evangelicos-electos-en-el-parlamento-de-venezuela\/#primaryimage","url":"https:\/\/tabernaculoprensadedios.com\/web\/wp-content\/uploads\/2021\/01\/venezuelaG.jpg","contentUrl":"https:\/\/tabernaculoprensadedios.com\/web\/wp-content\/uploads\/2021\/01\/venezuelaG.jpg","width":940,"height":480},{"@type":"BreadcrumbList","@id":"https:\/\/tabernaculoprensadedios.com\/web\/21-diputados-evangelicos-electos-en-el-parlamento-de-venezuela\/#breadcrumb","itemListElement":[{"@type":"ListItem","position":1,"name":"Portada","item":"https:\/\/tabernaculoprensadedios.com\/web\/"},{"@type":"ListItem","position":2,"name":"21 diputados evang\u00e9licos electos en el parlamento de Venezuela"}]},{"@type":"WebSite","@id":"https:\/\/tabernaculoprensadedios.com\/web\/#website","url":"https:\/\/tabernaculoprensadedios.com\/web\/","name":"Tabernaculo Prensa de Dios","description":"Un medio a la manera de Dios","publisher":{"@id":"https:\/\/tabernaculoprensadedios.com\/web\/#\/schema\/person\/bc0e069fef56b38e177db6f098ae0b6e"},"potentialAction":[{"@type":"SearchAction","target":{"@type":"EntryPoint","urlTemplate":"https:\/\/tabernaculoprensadedios.com\/web\/?s={search_term_string}"},"query-input":{"@type":"PropertyValueSpecification","valueRequired":true,"valueName":"search_term_string"}}],"inLanguage":"es"},{"@type":["Person","Organization"],"@id":"https:\/\/tabernaculoprensadedios.com\/web\/#\/schema\/person\/bc0e069fef56b38e177db6f098ae0b6e","name":"tabernaculo","image":{"@type":"ImageObject","inLanguage":"es","@id":"https:\/\/tabernaculoprensadedios.com\/web\/#\/schema\/person\/image\/","url":"https:\/\/tabernaculoprensadedios.com\/web\/wp-content\/uploads\/2015\/06\/login-logo1.png","contentUrl":"https:\/\/tabernaculoprensadedios.com\/web\/wp-content\/uploads\/2015\/06\/login-logo1.png","width":300,"height":118,"caption":"tabernaculo"},"logo":{"@id":"https:\/\/tabernaculoprensadedios.com\/web\/#\/schema\/person\/image\/"}},{"@type":"Person","@id":"https:\/\/tabernaculoprensadedios.com\/web\/#\/schema\/person\/64ae3a8b2e245c8b8652b1294ca1860a","name":"Malga","image":{"@type":"ImageObject","inLanguage":"es","@id":"https:\/\/tabernaculoprensadedios.com\/web\/#\/schema\/person\/image\/","url":"\/\/www.gravatar.com\/avatar\/b06041ad78a6d3dd6b8d5ebf9704448e?s=96&#038;r=g&#038;d=mm","contentUrl":"\/\/www.gravatar.com\/avatar\/b06041ad78a6d3dd6b8d5ebf9704448e?s=96&#038;r=g&#038;d=mm","caption":"Malga"},"url":"https:\/\/tabernaculoprensadedios.com\/web\/author\/malga\/"}]}},"_links":{"self":[{"href":"https:\/\/tabernaculoprensadedios.com\/web\/wp-json\/wp\/v2\/posts\/20798","targetHints":{"allow":["GET"]}}],"collection":[{"href":"https:\/\/tabernaculoprensadedios.com\/web\/wp-json\/wp\/v2\/posts"}],"about":[{"href":"https:\/\/tabernaculoprensadedios.com\/web\/wp-json\/wp\/v2\/types\/post"}],"author":[{"embeddable":true,"href":"https:\/\/tabernaculoprensadedios.com\/web\/wp-json\/wp\/v2\/users\/2"}],"replies":[{"embeddable":true,"href":"https:\/\/tabernaculoprensadedios.com\/web\/wp-json\/wp\/v2\/comments?post=20798"}],"version-history":[{"count":1,"href":"https:\/\/tabernaculoprensadedios.com\/web\/wp-json\/wp\/v2\/posts\/20798\/revisions"}],"predecessor-version":[{"id":20800,"href":"https:\/\/tabernaculoprensadedios.com\/web\/wp-json\/wp\/v2\/posts\/20798\/revisions\/20800"}],"wp:featuredmedia":[{"embeddable":true,"href":"https:\/\/tabernaculoprensadedios.com\/web\/wp-json\/wp\/v2\/media\/20799"}],"wp:attachment":[{"href":"https:\/\/tabernaculoprensadedios.com\/web\/wp-json\/wp\/v2\/media?parent=20798"}],"wp:term":[{"taxonomy":"category","embeddable":true,"href":"https:\/\/tabernaculoprensadedios.com\/web\/wp-json\/wp\/v2\/categories?post=20798"},{"taxonomy":"post_tag","embeddable":true,"href":"https:\/\/tabernaculoprensadedios.com\/web\/wp-json\/wp\/v2\/tags?post=20798"}],"curies":[{"name":"wp","href":"https:\/\/api.w.org\/{rel}","templated":true}]}}