{"id":20751,"date":"2021-01-08T02:51:43","date_gmt":"2021-01-08T02:51:43","guid":{"rendered":"http:\/\/tabernaculoprensadedios.com\/web\/?p=20751"},"modified":"2021-01-08T02:52:07","modified_gmt":"2021-01-08T02:52:07","slug":"proclama-apostolica-2021","status":"publish","type":"post","link":"https:\/\/tabernaculoprensadedios.com\/web\/proclama-apostolica-2021\/","title":{"rendered":"Proclama apost\u00f3lica 2021"},"content":{"rendered":"<div class=\"wpb_text_column wpb_content_element \">\n<div class=\"wpb_wrapper\">\n<p>Para poder entender el a\u00f1o 2021 que viene, debemos recordar las \u00faltimas pr\u00e9dicas del a\u00f1o 2020.<\/p>\n<p>En los \u00faltimos cultos de los domingos en la ma\u00f1ana hemos estado hablado de Jacob, de como Dios le cambi\u00f3 despu\u00e9s de veinte a\u00f1os trabajando para su t\u00edo Lab\u00e1n.<\/p>\n<p><strong>G\u00e9nesis 31:41<\/strong> \u201cAs\u00ed he estado veinte a\u00f1os en tu casa; catorce a\u00f1os te serv\u00ed por tus dos hijas, y seis a\u00f1os por tu ganado, y has cambiado mi salario diez veces.\u201d<\/p>\n<p>Lo primero es que Jacob, que pas\u00f3 cuarenta a\u00f1os en su casa, que era un usurpador, un enga\u00f1ador, lo cual no era el prop\u00f3sito de Dios para \u00e9l, pero la deformaci\u00f3n lo llev\u00f3 a usurpar la identidad de su hermano, por lo que tuvo que huir a la tierra de su madre, a la casa de su t\u00edo Lab\u00e1n, pero Dios le dijo que lo volver\u00eda a traer a esa tierra de donde hu\u00eda, cuando hubiere hecho lo que se hab\u00eda propuesto con \u00e9l. Jacob dur\u00f3 con su t\u00edo veinte a\u00f1os.<\/p>\n<p>Su padre lo bendijo al salir de casa y luego de esto Jacob comenz\u00f3 a tener visitaci\u00f3n de Dios que le dijo, Yo te llevo a esa tierra y estar\u00e1s el tiempo indicado, pero te voy a regresar cuando haga lo que Yo he determinado. Veinte a\u00f1os sirvieron para prepararlo para que, en un a\u00f1o, el a\u00f1o veintiuno, ocurriera algo tremendo.<\/p>\n<p><strong>G\u00e9nesis 31:55<\/strong> \u201cY se levant\u00f3 Lab\u00e1n de ma\u00f1ana, y bes\u00f3 sus hijos y sus hijas, y los bendijo; y regres\u00f3 y se volvi\u00f3 a su lugar.\u201d<\/p>\n<p>Jacob quiso llevarse a escondidas a su familia, pero lo intercepta Lab\u00e1n, a quien Dios le habla y le dice que no toque a Jacob y luego su suegro, que era su cobertura, lo bendice a \u00e9l y a su familia.<\/p>\n<p><strong>En el a\u00f1o 21 de Jacob<\/strong><\/p>\n<p><strong>G\u00e9nesis 32-24<\/strong> \u201cAs\u00ed se qued\u00f3 Jacob solo; y luch\u00f3 con \u00e9l un var\u00f3n hasta que rayaba el alba.\u201d<\/p>\n<p>Ese var\u00f3n no era un \u00e1ngel cualquiera, era el \u00e1ngel de Jehov\u00e1, que es una teofan\u00eda.<\/p>\n<p><strong>G\u00e9nesis 32:25<\/strong> \u201cY cuando el var\u00f3n vio que no pod\u00eda con \u00e9l, toc\u00f3 en el sitio del encaje de su muslo, y se descoyunt\u00f3 el muslo de Jacob mientras con \u00e9l luchaba.\u201d<\/p>\n<p>Dios intercepta al Jacob usurpador, enga\u00f1ador, le quita su fuerza en el a\u00f1o veintiuno, luego de veinte a\u00f1os de preparaci\u00f3n para lo que ven\u00eda.<\/p>\n<p><strong>G\u00e9nesis 32:26-27<\/strong> \u201cY dijo: D\u00e9jame, porque raya el alba. Y Jacob le respondi\u00f3: No te dejar\u00e9, si no me bendices.\u00a027 Y el var\u00f3n le dijo: \u00bfCu\u00e1l es tu nombre? Y \u00e9l respondi\u00f3: Jacob.\u201d<\/p>\n<p>Hasta que Jacob no experiment\u00f3 su a\u00f1o veintiuno, no reconoci\u00f3 quien era, y en el a\u00f1o veintiuno vino una respuesta divina y Jacob experiment\u00f3 un cambio radical al decir su nombre, al tener su Peniel con Dios, su encuentro cara a cara y de enga\u00f1ador Dios lo convierte en un adorador. \u00c9l muri\u00f3 adorando, postrado sobre un bord\u00f3n y previo a eso bendijo a sus hijos. Muri\u00f3 bendiciendo y adorando.<\/p>\n<p><strong>G\u00e9nesis 32:28<\/strong> \u201cY el var\u00f3n le dijo: No se dir\u00e1 m\u00e1s tu nombre Jacob, sino Israel; porque has luchado con Dios y con los hombres, y has vencido.\u201d<\/p>\n<p>Le cambi\u00f3 su naturaleza, su prop\u00f3sito, ahora era Israel, el que pelea al lado de Dios, el que lucha con Dios. El luch\u00f3 con el odio de su hermano Esa\u00fa, con el t\u00edo Lab\u00e1n que le cambi\u00f3 diez veces el salario, pero pele\u00f3 con Dios y lo venci\u00f3. El libro de Oseas dice como pas\u00f3 eso.<\/p>\n<p><strong>Oseas 12:3-4<\/strong> \u201cEn el seno materno tom\u00f3 por el calca\u00f1ar a su hermano, y con su poder venci\u00f3 al \u00e1ngel.\u00a04 Venci\u00f3 al \u00e1ngel, y prevaleci\u00f3; llor\u00f3, y le rog\u00f3; en Bet-el le hall\u00f3, y all\u00ed habl\u00f3 con nosotros.\u201d<\/p>\n<p>A Dios no se le vence a la mala, sino con lloro, ruego y s\u00faplica y en el a\u00f1o veintiuno vino la respuesta, la transformaci\u00f3n y goz\u00f3 lo que ten\u00eda, porque antes no pod\u00eda por el t\u00edo cambi\u00e1ndole el salario y el miedo a su hermano Esa\u00fa, que quer\u00eda matarlo.<\/p>\n<p><strong>G\u00e9nesis 32:30<\/strong> \u201cY llam\u00f3 Jacob el nombre de aquel lugar, Peniel; porque dijo: Vi a Dios cara a cara, y fue librada mi alma.\u201d<\/p>\n<p>El a\u00f1o veintiuno es donde habr\u00e1 una cercan\u00eda como nunca con Dios, liberaci\u00f3n del alma y disfrutar lo que tienes. El a\u00f1o veinte fue para salir del dominio de Lab\u00e1n, hablando espiritualmente, y el veintiuno para llegar a ser el Israel de Dios, el que pelea con \u00c9l.<\/p>\n<p><strong>En el mes s\u00e9ptimo, a los veinti\u00fan d\u00edas del mes<\/strong><\/p>\n<p><strong>Hageo 2:1<\/strong> \u201cEn el mes s\u00e9ptimo, a los veinti\u00fan d\u00edas del mes, vino palabra de Jehov\u00e1 por medio del profeta Hageo, diciendo:\u201d<\/p>\n<p>En el ejemplo anterior fueron veinte a\u00f1os que Jacob estuvo con su t\u00edo, pero en el veintiuno vino la transformaci\u00f3n y pas\u00f3 de Jacob a Israel y m\u00e1s adelante a Jesur\u00fan, el nombre prof\u00e9tico de Dios, ahora en el libro del profeta Hageo la Palabra se refiere a veinti\u00fan d\u00edas, porque la Biblia es tan hermosa que tiene diferentes significados, siete d\u00edas puede ser una semana, pero pueden ser siete a\u00f1os. Recordemos que a Israel Dios le dijo que por cada uno de los cuarenta d\u00edas que los esp\u00edas tardaron en reconocer la tierra prometida, pasar\u00edan un a\u00f1o en el desierto, por lo que pasaron cuarenta a\u00f1os, tambi\u00e9n la Biblia dice que un d\u00eda son como mil a\u00f1os.<\/p>\n<p><strong>Hageo 2:3<\/strong> \u201c\u00bfQui\u00e9n ha quedado entre vosotros que haya visto esta casa en su gloria primera, y c\u00f3mo la veis ahora? \u00bfNo es ella como nada delante de vuestros ojos?\u201d<\/p>\n<p>Es como que Dios nos preguntara quien vio la gloria de la iglesia del principio, porque siempre Dios deja un remanente, por ejemplo, cuando restaur\u00f3 la casa en los libros de Esdras y Nehem\u00edas, los que vieron la casa primera que luego la vieron restaurada, lloraban de tal forma que de lejos se o\u00edan los lloros. La iglesia comenz\u00f3 con gloria, pero debe terminar con mayor gloria, porque este caminar es de gloria en gloria hasta ver a Dios en Sion.<\/p>\n<p>El a\u00f1o veintiuno no viene para mal para ti y para m\u00ed como el mundo lo espera.<\/p>\n<p><strong>Hageo 2:4<\/strong> \u201cPues ahora, Zorobabel, esfu\u00e9rzate, dice Jehov\u00e1; esfu\u00e9rzate tambi\u00e9n, Josu\u00e9 hijo de Josadac, sumo sacerdote; y cobrad \u00e1nimo, pueblo todo de la tierra, dice Jehov\u00e1, y trabajad; porque yo estoy con vosotros, dice Jehov\u00e1 de los ej\u00e9rcitos.\u201d<\/p>\n<p>Lo primero es que este a\u00f1o que viene es de esforzarte, Dios nos manda una respuesta del cielo para lo que viene, pero primero te tienes que esforzar y luego cobrar \u00e1nimo frente a todo lo que se ve en el mundo.<\/p>\n<p>El Se\u00f1or manda un tercer mensaje: Yo estoy con vosotros, dice Jehov\u00e1 de los ej\u00e9rcitos.<\/p>\n<p>En el libro de Hageo, en sus dos cap\u00edtulos, aparece catorce veces la expresi\u00f3n: As\u00ed dice: \u201cJehov\u00e1 de los ej\u00e9rcitos\u201d. Este no es cualquier nombre. Dios le dijo a Mois\u00e9s y a Aar\u00f3n vayan delante de fara\u00f3n y d\u00edganle que deje ir a mi pueblo a celebrarme fiesta en el desierto y el fara\u00f3n pregunt\u00f3 qui\u00e9n es ese Jehov\u00e1 y carg\u00f3 al pueblo con m\u00e1s trabajo. Mois\u00e9s y Aar\u00f3n dijeron, Dios pero porque pasa esto y \u00c9l les dijo, es que ustedes me han conocido como El Shaddai, pero ahora me van a conocer como Jehov\u00e1 de los ej\u00e9rcitos, El que pelea la batalla, El que saca de esclavitud.<\/p>\n<p>Dice la Biblia que Dios sac\u00f3 a Israel de Egipto por Sus ej\u00e9rcitos (<strong>\u00c9xodo 12:51<\/strong>) porque solo vemos lo de abajo, pero arriba Dios derrib\u00f3 esos principados y potestades para que Su pueblo fuera libre. El llamado es as\u00ed, dice Jehov\u00e1 de los ej\u00e9rcitos, veremos a Dios pelear nuestras batallas como nunca, y en \u00c9l somos m\u00e1s que vencedores.<\/p>\n<p><strong>Hageo 2:5<\/strong> \u201cSeg\u00fan el pacto que hice con vosotros cuando salisteis de Egipto, as\u00ed mi Esp\u00edritu estar\u00e1 en medio de vosotros, no tem\u00e1is.\u201d<\/p>\n<p>Nosotros salimos de Egipto, es decir, del mundo. Esta misma palabra prof\u00e9tica que fue para ellos es para nosotros, el Israel espiritual. Constantemente habla de temor porque en este a\u00f1o vamos a ver la conquista de nuestra tierra. Es el mismo llamado que le hizo Dios a Josu\u00e9, no temas y nos lo hace a nosotros, eso no quiere decir que no tengamos precauci\u00f3n, no es lo mismo que temor.<\/p>\n<p><strong>Hageo 2:6<\/strong> \u201cPorque as\u00ed dice Jehov\u00e1 de los ej\u00e9rcitos: De aqu\u00ed a poco Yo har\u00e9 temblar los cielos y la tierra, el mar y la tierra seca\u201d<\/p>\n<p>Nota que nuevamente habla Jehov\u00e1 de los ej\u00e9rcitos. Vamos a ver como nunca a Jehov\u00e1 de los ej\u00e9rcitos, vamos a ver una respuesta extraordinaria de Dios, peleando, abriendo, quitando. Dice Yo har\u00e9 temblar los cielos y la tierra, el mar, luego dice la tierra seca y contin\u00faa hablando Jehov\u00e1 de los ej\u00e9rcitos.<\/p>\n<p><strong>Hageo 2:7<\/strong> \u201cY har\u00e9 temblar a todas las naciones, y vendr\u00e1 el Deseado de todas las naciones; y llenar\u00e9 de gloria esta casa, ha dicho Jehov\u00e1 de los ej\u00e9rcitos.\u201d<\/p>\n<p>Dios dice:<\/p>\n<p>1.Temblaran los cielos<\/p>\n<p>2.Temblar\u00e1 la tierra<\/p>\n<p>3.Temblar\u00e1 el mar<\/p>\n<p>4.Temblar\u00e1 la tierra seca<\/p>\n<p>5-Temblar\u00e1n las naciones<\/p>\n<p><strong>Y vendr\u00e1 el deseado de todas las naciones<\/strong><\/p>\n<p>En este a\u00f1o veintiuno vamos a conocer a Dios como Jehov\u00e1 de los ej\u00e9rcitos. En Hageo 2:6 Dios nos habla de que har\u00e1 temblar los cielos, Dios va a derribar estructuras arcaicas, potestades. <strong>Colosenses 2:15<\/strong> dice de Cristo: \u201cDespojando a los principados y a las potestades, los exhibi\u00f3 p\u00fablicamente, triunfando sobre ellos en la cruz\u201d. Est\u00e1n siendo destruidos, desarraigados de lugares, porque hay una iglesia intercesora que ha aprendido que esta batalla no solo se gana de pie, sino de rodillas, no es de la noche a la ma\u00f1ana, por eso tenemos que seguir orando.<\/p>\n<p>Luego te habla de temblor de tierra. Constantemente la tierra tiembla. Cuando Jes\u00fas muri\u00f3 hubo un terremoto, luego cuando resucit\u00f3 hubo un gran terremoto. Cada vez que tiembla la tierra Dios le dice al hombre: Yo mand\u00e9 a Mi Hijo a morir por ti, pero \u00c9l resucit\u00f3 y est\u00e1 vivo.<\/p>\n<p>Tambi\u00e9n dice que har\u00e1 temblar el mar, cuando el mar tiembla vienen los sunamis, pero tambi\u00e9n se refiere a temblor en la tierra seca, los desiertos, en todo esto hay estructuras f\u00edsicas, todo esto aun es gracia de Dios, porque la mano de Jehov\u00e1 est\u00e1 alzada y el mundo no lo ve.<\/p>\n<p>Finalmente habla de temblar las naciones y todo esto de la pandemia est\u00e1 haciendo temblar la econom\u00eda de las naciones, provocando que el mundo quiera un gobernante mundial.<\/p>\n<p><strong>El deseado de la naci\u00f3n santa y el deseado de las naciones del mundo<\/strong><\/p>\n<p>El deseado de las naciones es un hombre que los libere y ese personaje que va a salir para el mundo se llama anticristo, pero nosotros que somos \u201clinaje escogido, real sacerdocio, naci\u00f3n santa, pueblo adquirido por Dios, para que anunciemos las virtudes de aquel que nos llam\u00f3 de las tinieblas a Su luz admirable\u201d (<strong>1<sup>a<\/sup> Pedro 2:9<\/strong>), somo la naci\u00f3n santa que esperamos al del cielo, al que prometi\u00f3 volver, porque Jes\u00fas vuelve, pero antes de una visita visible, de poner Sus pies en el monte de los olivos, somos llevados al aire para estar con \u00c9l.<\/p>\n<p>La iglesia espera del cielo a nuestro Se\u00f1or, pero el mundo espera al anticristo, porque como no quisieron el amor de Dios, ser\u00e1 sobre ellos el esp\u00edritu de error y la mentira.<\/p>\n<p><strong>1<sup>a<\/sup> Tesalonicenses<\/strong> <strong>4:17<\/strong>\u00a0\u201cLuego nosotros los que vivimos, los que hayamos quedado, seremos arrebatados juntamente con ellos en las nubes para recibir al Se\u00f1or en el aire, y as\u00ed estaremos siempre con el Se\u00f1or.\u201d<\/p>\n<p>El deseado nuestro viene y nos lleva, pero el mundo espera a aquel del que habla la Escritura en 2 de Tesalonicenses 2:8, que te habla del deseado del mundo.<\/p>\n<p><strong>2<sup>a<\/sup> Tesalonicenses<\/strong> <strong>2:8<\/strong> \u201cY entonces se manifestar\u00e1 aquel inicuo, a quien el Se\u00f1or matar\u00e1 con el esp\u00edritu de su boca, y destruir\u00e1 con el resplandor de su venida\u201d<\/p>\n<p>Antes de que se manifieste este personaje que har\u00e1 que nadie compre ni venda si no tiene tres cosas: su nombre, la marca y el n\u00famero de su nombre de su nombre, nosotros nos vamos.<\/p>\n<p>Sigue diciendo lo que se presentar\u00e1 para el mundo.<\/p>\n<p><strong>2<sup>a<\/sup> Tesalonicenses 2:9<\/strong> \u201cInicuo cuyo advenimiento es por obra de Satan\u00e1s, con gran poder y se\u00f1ales y prodigios mentirosos\u201d<\/p>\n<p>Es el hijo del diablo, el hijo de perdici\u00f3n, que har\u00e1 se\u00f1ales y prodigios mentirosos, y al que le gusta eso lo seguir\u00e1.<\/p>\n<p><strong>1<sup>a<\/sup> Corintios<\/strong> <strong>15:51<\/strong> \u201cHe aqu\u00ed, os digo un misterio: No todos dormiremos; pero todos seremos transformados\u201d<\/p>\n<p>Al ap\u00f3stol Pablo le revelaron siete misterios, en la Biblia misterio no algo que infunde temor, no es algo de miedo, es algo que tiene que ser revelado, dice que no todos vamos a dormir, porque algunos estaremos vivos, pero s\u00ed que todos seremos transformados.<\/p>\n<p><strong>1<sup>a<\/sup> Corintios 15:52<\/strong> \u201cEn un momento, en un abrir y cerrar de ojos, a la final trompeta; porque se tocar\u00e1 la trompeta, y los muertos ser\u00e1n resucitados incorruptibles, y nosotros seremos transformados.\u201d<\/p>\n<p>Seremos transformados para ser arrebatados.<\/p>\n<p><strong>1<sup>a<\/sup> Corintios<\/strong> <strong>15:58<\/strong> \u201cAs\u00ed que, hermanos m\u00edos amados, estad firmes y constantes, creciendo en la obra del Se\u00f1or siempre, sabiendo que vuestro trabajo en el Se\u00f1or no es en vano.\u201d<\/p>\n<p>Es el tiempo de trabajar como nunca para el Se\u00f1or, no desestimes tu privilegio, no dejes de congregarte como algunos tienen por costumbre, es el tiempo de servirle a Dios porque Jes\u00fas siendo Dios dej\u00f3 Su trono y vino a servir.<\/p>\n<p><strong>En el mes s\u00e9ptimo, a los veinti\u00fan d\u00edas del mes<\/strong><\/p>\n<p>El hombre dice que para el a\u00f1o 2021 la situaci\u00f3n estar\u00e1 muy dif\u00edcil, pero veamos lo que dice\u00a0\u00a0\u00a0\u00a0\u00a0\u00a0 Jehov\u00e1 de los ej\u00e9rcitos.<\/p>\n<p><strong>Hageo 2:8-9<\/strong> \u201cM\u00eda es la plata, y m\u00edo es el oro, dice Jehov\u00e1 de los ej\u00e9rcitos.\u00a09 La gloria postrera de esta casa ser\u00e1 mayor que la primera, ha dicho Jehov\u00e1 de los ej\u00e9rcitos; y dar\u00e9 paz en este lugar, dice Jehov\u00e1 de los ej\u00e9rcitos.\u201d<\/p>\n<p>La iglesia del principio comenz\u00f3 con gloria, pero ahora viene la mayor gloria donde se va a evidenciar el Se\u00f1or peleando batallas, haciendo portentos y maravilla y nos dar\u00e1 paz.<\/p>\n<p>Note que dos veces repite que habla Jehov\u00e1 de los Ej\u00e9rcitos.<\/p>\n<p><strong>Fue revelada palabra a Daniel<\/strong><\/p>\n<p><strong>Daniel 10:1<\/strong> \u201cEn el a\u00f1o tercero de Ciro rey de Persia fue revelada palabra a Daniel, llamado Beltsasar; y la palabra era verdadera, y el conflicto grande; pero \u00e9l comprendi\u00f3 la palabra, y tuvo inteligencia en la visi\u00f3n.\u201d<\/p>\n<p>Dice que la Palabra era verdadera y el conflicto grande. En este a\u00f1o veinte se vio conflicto grande, porque Dios nos preparaba para el a\u00f1o veintiuno. En este a\u00f1o viene las respuestas que Dios nos quiere dar ante situaciones y conflictos grandes, viene algo que solo de \u00c9l puede venir.<\/p>\n<p><strong>Daniel 10:2<\/strong> \u201cEn aquellos d\u00edas yo Daniel estuve afligido por espacio de tres semanas.\u201d<\/p>\n<p>Afligido por veinti\u00fan d\u00edas.<\/p>\n<p><strong>Daniel 10:3-5<\/strong> \u201cNo com\u00ed manjar delicado, ni entr\u00f3 en mi boca carne ni vino, ni me ung\u00ed con ung\u00fcento, hasta que se cumplieron las tres semanas.\u00a04 Y el d\u00eda veinticuatro del mes primero estaba yo a la orilla del gran r\u00edo Hidekel.\u00a05 Y alc\u00e9 mis ojos y mir\u00e9, y he aqu\u00ed un var\u00f3n vestido de lino, y ce\u00f1idos sus lomos de oro de Ufaz.\u201d<\/p>\n<p>No era un var\u00f3n cualquiera, venia del cielo con un mensaje de Dios y ten\u00eda un rango privilegiado.<\/p>\n<p><strong>Daniel 10:7<\/strong> \u201cY s\u00f3lo yo, Daniel, vi aquella visi\u00f3n, y no la vieron los hombres que estaban conmigo, sino que se apoder\u00f3 de ellos un gran temor, y huyeron y se escondieron.\u201d<\/p>\n<p>Aunque la gente oiga muchas cosas, solo los que Dios prepar\u00f3, son los que tienen el Nombre de Jes\u00fas, para que veamos lo que otros no ven y a nosotros prepar\u00f3 algo que solo \u00c9l puede hacer.<\/p>\n<p><strong>Daniel 10:10<\/strong> \u201cY he aqu\u00ed una mano me toc\u00f3, e hizo que me pusiese sobre mis rodillas y sobre las palmas de mis manos.\u201d<\/p>\n<p>Lo que le dec\u00eda es que para ver y o\u00edr lo que le ten\u00edan necesitaba un preparativo. Si vas a o\u00edr debes tener tu preparativo, p\u00f3strate, porque no es de pie que alcanzamos todo, es de rodillas, pero tambi\u00e9n postr\u00e1ndonos y adorando.<\/p>\n<p><strong>Daniel 10:11<\/strong> \u201cY me dijo: Daniel, var\u00f3n muy amado, est\u00e1 atento a las palabras que te hablar\u00e9, y ponte en pie; porque a ti he sido enviado ahora. Mientras hablaba esto conmigo, me puse en pie temblando.\u201d<\/p>\n<p>Primero lo postr\u00f3, para que estuviera preparado, hoy m\u00e1s que nunca busquemos no solo alabanza y adoraci\u00f3n, sino postrarnos ante Dios, porque no hay lugar m\u00e1s alto que a Sus pies. La palabra dice que la tierra es el estrado de Sus pies, por lo que al postrarnos nos ponemos a Sus pies.<\/p>\n<p><strong>Daniel 10:12<\/strong> \u201cEntonces me dijo: Daniel, no temas; porque desde el primer d\u00eda que dispusiste tu coraz\u00f3n a entender y a humillarte en la presencia de tu Dios, fueron o\u00eddas tus palabras; y a causa de tus palabras yo he venido.\u201d<\/p>\n<p>Dios vuelve a decir no temas, hoy m\u00e1s que nunca ese es el mensaje, no temas. Yo estoy contigo, no te he dejado, el que venci\u00f3 a la muerte, a satan\u00e1s, a sus demonios, te dice ven, cr\u00e9eme, lo que tengo contigo es hacerte m\u00e1s que vencedor y vas a entender que mor\u00ed por ti y ser\u00e1s m\u00e1s que vencedor por medio de Mi amor.<\/p>\n<p>Segundo, en el a\u00f1o veintiuno hay que disponer el coraz\u00f3n a entender lo que viene de parte de Dios, no lo que el hombre dice.<\/p>\n<p>Tercero, tenemos que humillarnos en la presencia de nuestro Dios, porque somos pueblo Suyo.<\/p>\n<p>Fueron o\u00eddas tus palabras, quiere decir que \u00e9l estuvo orando y las palabras Dios las oye, Dios dej\u00f3 esto para que entendi\u00e9ramos que hubo interferencia en los aires y que Dios puede descender cuando t\u00fa y yo oramos en el Nombre de Jes\u00fas y mandar\u00e1 mensajeros para explicarnos.<\/p>\n<p><strong>Daniel 10:13<\/strong>\u00a0\u201cMas el pr\u00edncipe del reino de Persia se me opuso durante veinti\u00fan d\u00edas; pero he aqu\u00ed Miguel, uno de los principales pr\u00edncipes, vino para ayudarme, y qued\u00e9 all\u00ed con los reyes de Persia.<\/p>\n<p>Le dec\u00eda, de todo lo que hab\u00edas pedido en los veinte d\u00edas anteriores traigo respuesta del cielo para ti.<\/p>\n<p><strong>Daniel 10:14<\/strong> \u201cHe venido para hacerte saber lo que ha de venir a tu pueblo en los postreros d\u00edas; porque la visi\u00f3n es para esos d\u00edas.\u201d<\/p>\n<p>Dios permiti\u00f3 que hubiera oposici\u00f3n en los aires, pero ante la perseverancia, el creerle a Dios vino visitaci\u00f3n sobrenatural, revelaci\u00f3n de la Palabra y eso es el a\u00f1o 2021.<\/p>\n<p><strong>Daniel 10:18<\/strong> \u201cY aquel que ten\u00eda semejanza de hombre me toc\u00f3 otra vez, y me fortaleci\u00f3\u201d<\/p>\n<p>Viene fortaleza, ha sido un a\u00f1o para muchos de debilidad, pero viene fortaleza como nunca has visto.<\/p>\n<p><strong>Daniel 10:19 <\/strong>\u201cY me dijo: \u201cMuy amado, no temas; la paz sea contigo; esfu\u00e9rzate y ali\u00e9ntate. Y mientras \u00e9l me hablaba, recobr\u00e9 las fuerzas, y dije: Hable mi se\u00f1or, porque me has fortalecido.\u201d<\/p>\n<p>Le llamaba muy amado porque \u00e9l hab\u00eda entendido el amor de Dios, porque nosotros le amamos porque \u00c9l nos am\u00f3 primero. Dios busca Danieles que lo amemos para decirnos me agrad\u00f3 lo que hiciste, porque si \u00c9l se agrada de nosotros la tierra es nuestra, por eso la tierra es tuya. Cuando somo sencillos, humildes, hacemos lo que otros no hacen, agradamos a Dios.<\/p>\n<p>De nuevo el mensaje es esfu\u00e9rzate, ali\u00e9ntate.<\/p>\n<p><strong>Daniel 10:20<\/strong> \u201c\u00c9l me dijo: \u00bfSabes por qu\u00e9 he venido a t\u00ed? Pues ahora tengo que volver para pelear contra el pr\u00edncipe de Persia; y al terminar con \u00e9l, el pr\u00edncipe de Grecia vendr\u00e1.\u201d<\/p>\n<p>Potestades que operan que quieren conquistar a la mala. El de Grecia es el razonamiento.<\/p>\n<p><strong>Daniel 10:21<\/strong> \u201cPero yo te declarar\u00e9 lo que est\u00e1 escrito en el libro de la verdad; y ninguno me ayuda contra ellos, sino Miguel vuestro pr\u00edncipe.\u201d<\/p>\n<p>Su palabra es verdad, pero ha habido oposici\u00f3n del aire para ver el cumplimiento, pero viene la respuesta del cielo para conocer lo que est\u00e1 escrito en el libro de la verdad.<\/p>\n<p>Porque fue en el a\u00f1o veintiuno de la salida de Jacob, el cual huyendo de su hermano Esa\u00fa hacia el territorio de su t\u00edo Lab\u00e1n, que vino una respuesta del cielo y fue transformado de Jacob a Israel.<\/p>\n<p>Veinte a\u00f1os lo prepararon para que en el a\u00f1o veintiuno viniera el tiempo de su visitaci\u00f3n para convertirse en un adorador.<\/p>\n<p>Porque a los veinti\u00fan d\u00edas del mes s\u00e9ptimo Dios le habl\u00f3 a Hageo que vienen cinco tipos de temblores que \u00c9l efectuar\u00e1, m\u00e1s hay una buena noticia que viene del cielo: \u201cLa Gloria de la casa postrera ser\u00e1 mayor que la primera\u201d.<\/p>\n<p>Por cuando tuvieron que pasar veinti\u00fan d\u00edas para que Daniel, producto de la oposici\u00f3n del enemigo recibiera la respuesta directa de Dios, para decirle que le declarar\u00eda todo lo que est\u00e1 escrito en la Verdad.<\/p>\n<p>POR ESO PROCLAMAMO PARA EL A\u00d1O 2021:<\/p>\n<ol start=\"10\">\n<li>NO TEMAS<\/li>\n<li>DIOS ESCUCHA TUS ORACIONES<\/li>\n<li>NO DESMAYES<\/li>\n<li>LEV\u00c1NTATE<\/li>\n<li>DIOS TE AMA<\/li>\n<li>CALLA POR UN BREVE TIEMPO<\/li>\n<li>\u00c9L HA VENIDO A VISITARNOS<\/li>\n<li>\u00c9L PELEA POR NOSOTROS<\/li>\n<li>NUEVAS FUERZAS<\/li>\n<li>NUEVAS ESPERANZAS<\/li>\n<\/ol>\n<p>Y declaramos el 2021 como el a\u00f1o de SU RESPUESTA.<\/p>\n<p>Porque fue en el a\u00f1o veintiuno cuando vino Tu visitaci\u00f3n y Tu respuesta y creemos que T\u00fa nos has preparado para recibir Tu visitaci\u00f3n, la revelaci\u00f3n de Tu palabra, el poder ver los cielos abiertos, la respuesta de todo lo que hemos orado.<\/p>\n<p>Es un a\u00f1o de fortaleza porque nos est\u00e1s preparando para lo que viene. Es el tiempo de Tu respuesta para m\u00ed, en mi car\u00e1cter, para mi familia, para mi trabajo. Es un a\u00f1o donde Dios va a mandar estabilidad para que tengas paz y disfrutes de lo que Dios te ha dado.<\/p>\n<p>La gloria de la casa postrera ser\u00e1 mayor que la de la primera.<\/p>\n<p><iframe loading=\"lazy\" title=\"ELIMdominicana\" width=\"500\" height=\"281\" src=\"https:\/\/www.youtube.com\/embed\/u1NfizGJ5gU?feature=oembed\" frameborder=\"0\" allow=\"accelerometer; autoplay; clipboard-write; encrypted-media; gyroscope; picture-in-picture; web-share\" referrerpolicy=\"strict-origin-when-cross-origin\" allowfullscreen><\/iframe><\/p>\n<p><em><strong>\u00a0<\/strong><\/em><\/p>\n<\/div>\n<\/div>\n","protected":false},"excerpt":{"rendered":"<p>Para poder entender el a\u00f1o 2021 que viene, debemos recordar las \u00faltimas pr\u00e9dicas del a\u00f1o 2020. En los \u00faltimos cultos de los domingos en la ma\u00f1ana hemos estado hablado de Jacob, de como Dios le cambi\u00f3 despu\u00e9s de veinte a\u00f1os trabajando para su t\u00edo Lab\u00e1n. G\u00e9nesis 31:41 \u201cAs\u00ed he estado veinte a\u00f1os en tu casa; &hellip;<\/p>\n","protected":false},"author":1,"featured_media":20752,"comment_status":"open","ping_status":"open","sticky":false,"template":"","format":"standard","meta":{"footnotes":""},"categories":[34],"tags":[],"class_list":["post-20751","post","type-post","status-publish","format-standard","has-post-thumbnail","hentry","category-articulos"],"yoast_head":"<!-- This site is optimized with the Yoast SEO Premium plugin v24.2 (Yoast SEO v27.1.1) - https:\/\/yoast.com\/product\/yoast-seo-premium-wordpress\/ -->\n<title>Proclama apost\u00f3lica 2021 - Tabernaculo Prensa de Dios<\/title>\n<meta name=\"robots\" content=\"index, follow, max-snippet:-1, max-image-preview:large, max-video-preview:-1\" \/>\n<link rel=\"canonical\" href=\"https:\/\/tabernaculoprensadedios.com\/web\/proclama-apostolica-2021\/\" class=\"yoast-seo-meta-tag\" \/>\n<meta property=\"og:locale\" content=\"es_ES\" class=\"yoast-seo-meta-tag\" \/>\n<meta property=\"og:type\" content=\"article\" class=\"yoast-seo-meta-tag\" \/>\n<meta property=\"og:title\" content=\"Proclama apost\u00f3lica 2021\" class=\"yoast-seo-meta-tag\" \/>\n<meta property=\"og:description\" content=\"Para poder entender el a\u00f1o 2021 que viene, debemos recordar las \u00faltimas pr\u00e9dicas del a\u00f1o 2020. En los \u00faltimos cultos de los domingos en la ma\u00f1ana hemos estado hablado de Jacob, de como Dios le cambi\u00f3 despu\u00e9s de veinte a\u00f1os trabajando para su t\u00edo Lab\u00e1n. G\u00e9nesis 31:41 \u201cAs\u00ed he estado veinte a\u00f1os en tu casa; &hellip;\" class=\"yoast-seo-meta-tag\" \/>\n<meta property=\"og:url\" content=\"https:\/\/tabernaculoprensadedios.com\/web\/proclama-apostolica-2021\/\" class=\"yoast-seo-meta-tag\" \/>\n<meta property=\"og:site_name\" content=\"Tabernaculo Prensa de Dios\" class=\"yoast-seo-meta-tag\" \/>\n<meta property=\"article:published_time\" content=\"2021-01-08T02:51:43+00:00\" class=\"yoast-seo-meta-tag\" \/>\n<meta property=\"article:modified_time\" content=\"2021-01-08T02:52:07+00:00\" class=\"yoast-seo-meta-tag\" \/>\n<meta property=\"og:image\" content=\"https:\/\/tabernaculoprensadedios.com\/web\/wp-content\/uploads\/2021\/01\/PROCLAMA-2021.jpg\" class=\"yoast-seo-meta-tag\" \/>\n\t<meta property=\"og:image:width\" content=\"1000\" class=\"yoast-seo-meta-tag\" \/>\n\t<meta property=\"og:image:height\" content=\"579\" class=\"yoast-seo-meta-tag\" \/>\n\t<meta property=\"og:image:type\" content=\"image\/jpeg\" class=\"yoast-seo-meta-tag\" \/>\n<meta name=\"author\" content=\"tabernaculo\" class=\"yoast-seo-meta-tag\" \/>\n<meta name=\"twitter:card\" content=\"summary_large_image\" class=\"yoast-seo-meta-tag\" \/>\n<meta name=\"twitter:creator\" content=\"@PrensadeDios\" class=\"yoast-seo-meta-tag\" \/>\n<meta name=\"twitter:site\" content=\"@PrensadeDios\" class=\"yoast-seo-meta-tag\" \/>\n<meta name=\"twitter:label1\" content=\"Escrito por\" class=\"yoast-seo-meta-tag\" \/>\n\t<meta name=\"twitter:data1\" content=\"tabernaculo\" class=\"yoast-seo-meta-tag\" \/>\n\t<meta name=\"twitter:label2\" content=\"Tiempo de lectura\" class=\"yoast-seo-meta-tag\" \/>\n\t<meta name=\"twitter:data2\" content=\"19 minutos\" class=\"yoast-seo-meta-tag\" \/>\n<script type=\"application\/ld+json\" class=\"yoast-schema-graph\">{\"@context\":\"https:\/\/schema.org\",\"@graph\":[{\"@type\":\"Article\",\"@id\":\"https:\/\/tabernaculoprensadedios.com\/web\/proclama-apostolica-2021\/#article\",\"isPartOf\":{\"@id\":\"https:\/\/tabernaculoprensadedios.com\/web\/proclama-apostolica-2021\/\"},\"author\":{\"name\":\"tabernaculo\",\"@id\":\"https:\/\/tabernaculoprensadedios.com\/web\/#\/schema\/person\/bc0e069fef56b38e177db6f098ae0b6e\"},\"headline\":\"Proclama apost\u00f3lica 2021\",\"datePublished\":\"2021-01-08T02:51:43+00:00\",\"dateModified\":\"2021-01-08T02:52:07+00:00\",\"mainEntityOfPage\":{\"@id\":\"https:\/\/tabernaculoprensadedios.com\/web\/proclama-apostolica-2021\/\"},\"wordCount\":3842,\"commentCount\":0,\"publisher\":{\"@id\":\"https:\/\/tabernaculoprensadedios.com\/web\/#\/schema\/person\/bc0e069fef56b38e177db6f098ae0b6e\"},\"image\":{\"@id\":\"https:\/\/tabernaculoprensadedios.com\/web\/proclama-apostolica-2021\/#primaryimage\"},\"thumbnailUrl\":\"https:\/\/tabernaculoprensadedios.com\/web\/wp-content\/uploads\/2021\/01\/PROCLAMA-2021.jpg\",\"articleSection\":[\"Articulos\"],\"inLanguage\":\"es\",\"potentialAction\":[{\"@type\":\"CommentAction\",\"name\":\"Comment\",\"target\":[\"https:\/\/tabernaculoprensadedios.com\/web\/proclama-apostolica-2021\/#respond\"]}]},{\"@type\":\"WebPage\",\"@id\":\"https:\/\/tabernaculoprensadedios.com\/web\/proclama-apostolica-2021\/\",\"url\":\"https:\/\/tabernaculoprensadedios.com\/web\/proclama-apostolica-2021\/\",\"name\":\"Proclama apost\u00f3lica 2021 - Tabernaculo Prensa de Dios\",\"isPartOf\":{\"@id\":\"https:\/\/tabernaculoprensadedios.com\/web\/#website\"},\"primaryImageOfPage\":{\"@id\":\"https:\/\/tabernaculoprensadedios.com\/web\/proclama-apostolica-2021\/#primaryimage\"},\"image\":{\"@id\":\"https:\/\/tabernaculoprensadedios.com\/web\/proclama-apostolica-2021\/#primaryimage\"},\"thumbnailUrl\":\"https:\/\/tabernaculoprensadedios.com\/web\/wp-content\/uploads\/2021\/01\/PROCLAMA-2021.jpg\",\"datePublished\":\"2021-01-08T02:51:43+00:00\",\"dateModified\":\"2021-01-08T02:52:07+00:00\",\"breadcrumb\":{\"@id\":\"https:\/\/tabernaculoprensadedios.com\/web\/proclama-apostolica-2021\/#breadcrumb\"},\"inLanguage\":\"es\",\"potentialAction\":[{\"@type\":\"ReadAction\",\"target\":[\"https:\/\/tabernaculoprensadedios.com\/web\/proclama-apostolica-2021\/\"]}]},{\"@type\":\"ImageObject\",\"inLanguage\":\"es\",\"@id\":\"https:\/\/tabernaculoprensadedios.com\/web\/proclama-apostolica-2021\/#primaryimage\",\"url\":\"https:\/\/tabernaculoprensadedios.com\/web\/wp-content\/uploads\/2021\/01\/PROCLAMA-2021.jpg\",\"contentUrl\":\"https:\/\/tabernaculoprensadedios.com\/web\/wp-content\/uploads\/2021\/01\/PROCLAMA-2021.jpg\",\"width\":1000,\"height\":579},{\"@type\":\"BreadcrumbList\",\"@id\":\"https:\/\/tabernaculoprensadedios.com\/web\/proclama-apostolica-2021\/#breadcrumb\",\"itemListElement\":[{\"@type\":\"ListItem\",\"position\":1,\"name\":\"Portada\",\"item\":\"https:\/\/tabernaculoprensadedios.com\/web\/\"},{\"@type\":\"ListItem\",\"position\":2,\"name\":\"Proclama apost\u00f3lica 2021\"}]},{\"@type\":\"WebSite\",\"@id\":\"https:\/\/tabernaculoprensadedios.com\/web\/#website\",\"url\":\"https:\/\/tabernaculoprensadedios.com\/web\/\",\"name\":\"Tabernaculo Prensa de Dios\",\"description\":\"Un medio a la manera de Dios\",\"publisher\":{\"@id\":\"https:\/\/tabernaculoprensadedios.com\/web\/#\/schema\/person\/bc0e069fef56b38e177db6f098ae0b6e\"},\"potentialAction\":[{\"@type\":\"SearchAction\",\"target\":{\"@type\":\"EntryPoint\",\"urlTemplate\":\"https:\/\/tabernaculoprensadedios.com\/web\/?s={search_term_string}\"},\"query-input\":{\"@type\":\"PropertyValueSpecification\",\"valueRequired\":true,\"valueName\":\"search_term_string\"}}],\"inLanguage\":\"es\"},{\"@type\":[\"Person\",\"Organization\"],\"@id\":\"https:\/\/tabernaculoprensadedios.com\/web\/#\/schema\/person\/bc0e069fef56b38e177db6f098ae0b6e\",\"name\":\"tabernaculo\",\"image\":{\"@type\":\"ImageObject\",\"inLanguage\":\"es\",\"@id\":\"https:\/\/tabernaculoprensadedios.com\/web\/#\/schema\/person\/image\/\",\"url\":\"https:\/\/tabernaculoprensadedios.com\/web\/wp-content\/uploads\/2015\/06\/login-logo1.png\",\"contentUrl\":\"https:\/\/tabernaculoprensadedios.com\/web\/wp-content\/uploads\/2015\/06\/login-logo1.png\",\"width\":300,\"height\":118,\"caption\":\"tabernaculo\"},\"logo\":{\"@id\":\"https:\/\/tabernaculoprensadedios.com\/web\/#\/schema\/person\/image\/\"},\"url\":\"https:\/\/tabernaculoprensadedios.com\/web\/author\/tabernaculo\/\"}]}<\/script>\n<!-- \/ Yoast SEO Premium plugin. -->","yoast_head_json":{"title":"Proclama apost\u00f3lica 2021 - Tabernaculo Prensa de Dios","robots":{"index":"index","follow":"follow","max-snippet":"max-snippet:-1","max-image-preview":"max-image-preview:large","max-video-preview":"max-video-preview:-1"},"canonical":"https:\/\/tabernaculoprensadedios.com\/web\/proclama-apostolica-2021\/","og_locale":"es_ES","og_type":"article","og_title":"Proclama apost\u00f3lica 2021","og_description":"Para poder entender el a\u00f1o 2021 que viene, debemos recordar las \u00faltimas pr\u00e9dicas del a\u00f1o 2020. En los \u00faltimos cultos de los domingos en la ma\u00f1ana hemos estado hablado de Jacob, de como Dios le cambi\u00f3 despu\u00e9s de veinte a\u00f1os trabajando para su t\u00edo Lab\u00e1n. G\u00e9nesis 31:41 \u201cAs\u00ed he estado veinte a\u00f1os en tu casa; &hellip;","og_url":"https:\/\/tabernaculoprensadedios.com\/web\/proclama-apostolica-2021\/","og_site_name":"Tabernaculo Prensa de Dios","article_published_time":"2021-01-08T02:51:43+00:00","article_modified_time":"2021-01-08T02:52:07+00:00","og_image":[{"width":1000,"height":579,"url":"https:\/\/tabernaculoprensadedios.com\/web\/wp-content\/uploads\/2021\/01\/PROCLAMA-2021.jpg","type":"image\/jpeg"}],"author":"tabernaculo","twitter_card":"summary_large_image","twitter_creator":"@PrensadeDios","twitter_site":"@PrensadeDios","twitter_misc":{"Escrito por":"tabernaculo","Tiempo de lectura":"19 minutos"},"schema":{"@context":"https:\/\/schema.org","@graph":[{"@type":"Article","@id":"https:\/\/tabernaculoprensadedios.com\/web\/proclama-apostolica-2021\/#article","isPartOf":{"@id":"https:\/\/tabernaculoprensadedios.com\/web\/proclama-apostolica-2021\/"},"author":{"name":"tabernaculo","@id":"https:\/\/tabernaculoprensadedios.com\/web\/#\/schema\/person\/bc0e069fef56b38e177db6f098ae0b6e"},"headline":"Proclama apost\u00f3lica 2021","datePublished":"2021-01-08T02:51:43+00:00","dateModified":"2021-01-08T02:52:07+00:00","mainEntityOfPage":{"@id":"https:\/\/tabernaculoprensadedios.com\/web\/proclama-apostolica-2021\/"},"wordCount":3842,"commentCount":0,"publisher":{"@id":"https:\/\/tabernaculoprensadedios.com\/web\/#\/schema\/person\/bc0e069fef56b38e177db6f098ae0b6e"},"image":{"@id":"https:\/\/tabernaculoprensadedios.com\/web\/proclama-apostolica-2021\/#primaryimage"},"thumbnailUrl":"https:\/\/tabernaculoprensadedios.com\/web\/wp-content\/uploads\/2021\/01\/PROCLAMA-2021.jpg","articleSection":["Articulos"],"inLanguage":"es","potentialAction":[{"@type":"CommentAction","name":"Comment","target":["https:\/\/tabernaculoprensadedios.com\/web\/proclama-apostolica-2021\/#respond"]}]},{"@type":"WebPage","@id":"https:\/\/tabernaculoprensadedios.com\/web\/proclama-apostolica-2021\/","url":"https:\/\/tabernaculoprensadedios.com\/web\/proclama-apostolica-2021\/","name":"Proclama apost\u00f3lica 2021 - Tabernaculo Prensa de Dios","isPartOf":{"@id":"https:\/\/tabernaculoprensadedios.com\/web\/#website"},"primaryImageOfPage":{"@id":"https:\/\/tabernaculoprensadedios.com\/web\/proclama-apostolica-2021\/#primaryimage"},"image":{"@id":"https:\/\/tabernaculoprensadedios.com\/web\/proclama-apostolica-2021\/#primaryimage"},"thumbnailUrl":"https:\/\/tabernaculoprensadedios.com\/web\/wp-content\/uploads\/2021\/01\/PROCLAMA-2021.jpg","datePublished":"2021-01-08T02:51:43+00:00","dateModified":"2021-01-08T02:52:07+00:00","breadcrumb":{"@id":"https:\/\/tabernaculoprensadedios.com\/web\/proclama-apostolica-2021\/#breadcrumb"},"inLanguage":"es","potentialAction":[{"@type":"ReadAction","target":["https:\/\/tabernaculoprensadedios.com\/web\/proclama-apostolica-2021\/"]}]},{"@type":"ImageObject","inLanguage":"es","@id":"https:\/\/tabernaculoprensadedios.com\/web\/proclama-apostolica-2021\/#primaryimage","url":"https:\/\/tabernaculoprensadedios.com\/web\/wp-content\/uploads\/2021\/01\/PROCLAMA-2021.jpg","contentUrl":"https:\/\/tabernaculoprensadedios.com\/web\/wp-content\/uploads\/2021\/01\/PROCLAMA-2021.jpg","width":1000,"height":579},{"@type":"BreadcrumbList","@id":"https:\/\/tabernaculoprensadedios.com\/web\/proclama-apostolica-2021\/#breadcrumb","itemListElement":[{"@type":"ListItem","position":1,"name":"Portada","item":"https:\/\/tabernaculoprensadedios.com\/web\/"},{"@type":"ListItem","position":2,"name":"Proclama apost\u00f3lica 2021"}]},{"@type":"WebSite","@id":"https:\/\/tabernaculoprensadedios.com\/web\/#website","url":"https:\/\/tabernaculoprensadedios.com\/web\/","name":"Tabernaculo Prensa de Dios","description":"Un medio a la manera de Dios","publisher":{"@id":"https:\/\/tabernaculoprensadedios.com\/web\/#\/schema\/person\/bc0e069fef56b38e177db6f098ae0b6e"},"potentialAction":[{"@type":"SearchAction","target":{"@type":"EntryPoint","urlTemplate":"https:\/\/tabernaculoprensadedios.com\/web\/?s={search_term_string}"},"query-input":{"@type":"PropertyValueSpecification","valueRequired":true,"valueName":"search_term_string"}}],"inLanguage":"es"},{"@type":["Person","Organization"],"@id":"https:\/\/tabernaculoprensadedios.com\/web\/#\/schema\/person\/bc0e069fef56b38e177db6f098ae0b6e","name":"tabernaculo","image":{"@type":"ImageObject","inLanguage":"es","@id":"https:\/\/tabernaculoprensadedios.com\/web\/#\/schema\/person\/image\/","url":"https:\/\/tabernaculoprensadedios.com\/web\/wp-content\/uploads\/2015\/06\/login-logo1.png","contentUrl":"https:\/\/tabernaculoprensadedios.com\/web\/wp-content\/uploads\/2015\/06\/login-logo1.png","width":300,"height":118,"caption":"tabernaculo"},"logo":{"@id":"https:\/\/tabernaculoprensadedios.com\/web\/#\/schema\/person\/image\/"},"url":"https:\/\/tabernaculoprensadedios.com\/web\/author\/tabernaculo\/"}]}},"_links":{"self":[{"href":"https:\/\/tabernaculoprensadedios.com\/web\/wp-json\/wp\/v2\/posts\/20751","targetHints":{"allow":["GET"]}}],"collection":[{"href":"https:\/\/tabernaculoprensadedios.com\/web\/wp-json\/wp\/v2\/posts"}],"about":[{"href":"https:\/\/tabernaculoprensadedios.com\/web\/wp-json\/wp\/v2\/types\/post"}],"author":[{"embeddable":true,"href":"https:\/\/tabernaculoprensadedios.com\/web\/wp-json\/wp\/v2\/users\/1"}],"replies":[{"embeddable":true,"href":"https:\/\/tabernaculoprensadedios.com\/web\/wp-json\/wp\/v2\/comments?post=20751"}],"version-history":[{"count":2,"href":"https:\/\/tabernaculoprensadedios.com\/web\/wp-json\/wp\/v2\/posts\/20751\/revisions"}],"predecessor-version":[{"id":20754,"href":"https:\/\/tabernaculoprensadedios.com\/web\/wp-json\/wp\/v2\/posts\/20751\/revisions\/20754"}],"wp:featuredmedia":[{"embeddable":true,"href":"https:\/\/tabernaculoprensadedios.com\/web\/wp-json\/wp\/v2\/media\/20752"}],"wp:attachment":[{"href":"https:\/\/tabernaculoprensadedios.com\/web\/wp-json\/wp\/v2\/media?parent=20751"}],"wp:term":[{"taxonomy":"category","embeddable":true,"href":"https:\/\/tabernaculoprensadedios.com\/web\/wp-json\/wp\/v2\/categories?post=20751"},{"taxonomy":"post_tag","embeddable":true,"href":"https:\/\/tabernaculoprensadedios.com\/web\/wp-json\/wp\/v2\/tags?post=20751"}],"curies":[{"name":"wp","href":"https:\/\/api.w.org\/{rel}","templated":true}]}}