{"id":20539,"date":"2020-12-15T02:04:18","date_gmt":"2020-12-15T02:04:18","guid":{"rendered":"http:\/\/tabernaculoprensadedios.com\/web\/?p=20539"},"modified":"2020-12-15T16:07:46","modified_gmt":"2020-12-15T16:07:46","slug":"2021-sera-un-ano-para-que-vuelen-los-que-tienen-las-alas-rotas","status":"publish","type":"post","link":"https:\/\/tabernaculoprensadedios.com\/web\/2021-sera-un-ano-para-que-vuelen-los-que-tienen-las-alas-rotas\/","title":{"rendered":"2021 ser\u00e1 un a\u00f1o para que vuelen los que tienen las alas rotas"},"content":{"rendered":"<p><strong><em>El Se\u00f1or est\u00e1 cerca de los que tienen quebrantado el coraz\u00f3n; \u00e9l rescata a los de esp\u00edritu destrozado. Salmos 34:18 NTV<\/em><\/strong><\/p>\n<p>Quebrantado significa estar roto, da\u00f1ado o adolorido. Que ya no est\u00e1 en una pieza o en funcionamiento, (de una persona) que ha perdido toda esperanza. Pareciera que no importa quienes seamos y cuanto amamos a Jes\u00fas, hay un \u00e1rea de quebranto en nuestra vida en la que Dios todav\u00eda est\u00e1 trabajando. Le pregunt\u00e9 a mi esposa recientemente: \u00bfConoces alguien en el Cuerpo de Cristo, incluy\u00e9ndonos a nosotros, que no est\u00e9 quebrantado en alg\u00fan aspecto de su vida? \u00bfConoces alguien que sea normal? Ella dijo: \u201cBill, lo \u00fanico normal es el funcionamiento de la secadora de ropa en la planta baja\u201d.<\/p>\n<p><strong>YO ESTOY EN TU QUEBRANTAMIENTO<\/strong><\/p>\n<p>Siento un llamado urgente del coraz\u00f3n de Dios: \u201cNo esperes m\u00e1s. Yo estoy en tu quebrantamiento, cuando las cosas no salieron como las planeaste, y no respond\u00ed de la manera que pensaste que lo har\u00eda. Te quebrantaste tanto que te sentiste como un p\u00e1jaro sin alas. Pero sigo aqu\u00ed, y est\u00e1s bajo Mis alas. \u00bfMe har\u00edas un favor? Extiende tus alas rotas una vez m\u00e1s. Dame una oportunidad m\u00e1s. Mira lo que puedo hacer, porque Yo estoy soplando sobre tu quebrantamiento. \u00bfPuedes sentir Mi aliento?\u201d<\/p>\n<p><strong>Salmos 147:3<\/strong> sana a los quebrantados de coraz\u00f3n, y venda sus heridas.<\/p>\n<p>\u201cHe esperado por ti, para que clamaras solo a M\u00ed. D\u00e9jame ser tu sue\u00f1o ahora, y te llevar\u00e9 al sue\u00f1o que Yo tengo para ti. Pru\u00e9balo. Una vez m\u00e1s. Extiende tus alas rotas y mira hacia donde te llevar\u00e1n. Yo ser\u00e9 el viento que te lleve por encima de las tormentas, el dolor y la tristeza. Este es tu momento para desafiar la gravedad. Al principio puede doler de nuevo, pero no te har\u00e1 da\u00f1o ahora. Volver\u00e1s a re\u00edr, danzar\u00e1s y amaras de nuevo. Extiende tus alas rotas y haz historia\u201d.<\/p>\n<p><strong>EL QUEBRANTAMIENTO VINO A DEFINIRNOS<\/strong><\/p>\n<p>\u201cNada se desperdicia en manos de nuestro Redentor. Todas las cosas ayudan a bien a quienes aman al Se\u00f1or, incluso nuestro dolor, desilusiones y cosas que no tienen sentido. \u00bfPodr\u00eda ser que hayamos probado el quebrantamiento para relacionarnos con un mundo quebrantado y que nuestro coraz\u00f3n se rompa por ello? \u00bfPuedes sentirlos? Corazones rotos, sue\u00f1os rotos, esperanzas rotas y huesos rotos. Tal vez deber\u00edamos tomarnos un a\u00f1o y llorar con los que lloran. Debe haber un oc\u00e9ano de l\u00e1grimas en alg\u00fan lugar embotellado por la mano de Dios listo para ser redimido\u201d.<\/p>\n<p><strong>Salmos 56:8<\/strong> T\u00fa has tomado en cuenta mi vida errante; pon mis l\u00e1grimas en tu redoma; \u00bfacaso no est\u00e1n en tu libro?<\/p>\n<p>\u201cSe\u00f1or, que este sea el a\u00f1o. Y d\u00e9janos encontrarte. Permite que encontrarte a Ti sea nuestro sue\u00f1o m\u00e1s grande, para que podamos sanarnos y sanar a un mundo quebrantado y moribundo. Empieza por m\u00ed. Me pregunto si cuando estemos frente a Ti lamentaremos no haber llorado m\u00e1s en la tierra, no por nosotros mismos o por las cosas que no funcionaron, sino por todos aquellos que no lo lograron porque tendremos toda la eternidad para regocijarnos y alegrarnos. Se\u00f1or, \u00bfesa l\u00e1grima en mis ojos es m\u00eda o Tuya?\u201d<\/p>\n<p><strong>UN A\u00d1O PARA ESCUCHAR LAS LAGRIMAS CAER<\/strong><\/p>\n<p>\u00abYo estoy abriendo los o\u00eddos de Mi pueblo para que escuchen las l\u00e1grimas caer este a\u00f1o. Escuchar\u00e1n c\u00f3mo las l\u00e1grimas caen, golpear\u00e1n el suelo con tanta fuerza que erosionar\u00e1n monta\u00f1as y har\u00e1n r\u00edos de desiertos. Si huyen de ellas, los perseguir\u00e1n hasta que no puedan escuchar nada m\u00e1s\u201d<\/p>\n<p>Como cuando el profeta El\u00edas le dijo a la viuda que tomar\u00e1 prestadas muchas vasijas, escuch\u00e9 al Padre decir: \u00abVe, presta muchas vasijas, porque habr\u00e1 m\u00e1s l\u00e1grimas que botellas en la tierra; l\u00e1grimas de hu\u00e9rfanos que golpean contra la densa oscuridad, gritando \u00bfPuede alguien escucharme? Escuchar\u00e1n a las viudas suplicar en la noche para que su vasija de aceite no se agote. Ni\u00f1os encarcelados por el tr\u00e1fico sexual sin m\u00e1s l\u00e1grimas para llorar, mirando al espacio exterior: una generaci\u00f3n sin l\u00e1grimas despojada de sus emociones. Personas mayores en hogares de reposo llorando por las generaciones m\u00e1s j\u00f3venes, para que aprendan de su larga vida a tomar el camino menos transitado. \u00bfNo se encuentra la sabidur\u00eda entre los ancianos? \u00bfNo trae la vida larga la inteligencia? (ver Job 12:12.) Es posible que deban visitarlos para escuchar sus corazones llorar y recibir su sabidur\u00eda\u201d.<\/p>\n<p><strong>2 corintios 1:3-4<\/strong> Bendito sea el Dios y Padre de nuestro Se\u00f1or Jesucristo, Padre de misericordias y Dios de toda consolaci\u00f3n, el cual nos consuela en toda tribulaci\u00f3n nuestra, para que nosotros podamos consolar a los que est\u00e1n en cualquier aflicci\u00f3n con el consuelo con que nosotros mismos somos consolados por Dios.<\/p>\n<p>Quiz\u00e1s cuando lloremos con los que lloran, nuestro quebrantamiento comience a sanar, y nuestras alas rotas quieran volar de nuevo hacia aquellos cuyo llanto es mayor que el nuestro. Nuestras alas rotas deben volar, no por nuestro propio bien, sino por el amor de Dios. Recientemente vi un pajarito volando muy alto en el cielo con fuertes vientos que soplaban en su contra. Le dije al Se\u00f1or: \u00bfC\u00f3mo puede volar ese pajarito contra esos vientos feroces? El Se\u00f1or dijo: \u201cEllos nacieron de esa manera. Fueron creados para volar en vientos de adversidad, y t\u00fa tambi\u00e9n\u201d.<\/p>\n<p>\u00bfTe han derribado los violentos vientos de la vida? \u00bfHas olvidado que naciste para volar a pesar de ellos? Estaban soplando fuerte contra ti para que subieras m\u00e1s alto en Dios. \u00bfTe preguntas d\u00f3nde est\u00e1n tus alas? Est\u00e1n comenzando a crecer ahora. Por fe comienza a estirarlas. Puedes hacerlo. Escucha las l\u00e1grimas de los dem\u00e1s caer. Te necesitan ahora. Adelante. Estira tus alas rotas y cambie tu historia. (Bill Yount )<\/p>\n<p><strong>Isa\u00edas 57:15<\/strong> Porque as\u00ed dijo el Alto y Sublime, el que habita la eternidad, y cuyo nombre es el Santo: Yo habito en la altura y la santidad, y con el quebrantado y humilde de esp\u00edritu, para hacer vivir el esp\u00edritu de los humildes, y para vivificar el coraz\u00f3n de los quebrantados.<\/p>\n<p>Con amor y oraciones,<\/p>\n","protected":false},"excerpt":{"rendered":"<p>El Se\u00f1or est\u00e1 cerca de los que tienen quebrantado el coraz\u00f3n; \u00e9l rescata a los de esp\u00edritu destrozado. Salmos 34:18 NTV Quebrantado significa estar roto, da\u00f1ado o adolorido. Que ya no est\u00e1 en una pieza o en funcionamiento, (de una persona) que ha perdido toda esperanza. Pareciera que no importa quienes seamos y cuanto amamos &hellip;<\/p>\n","protected":false},"author":1,"featured_media":20543,"comment_status":"open","ping_status":"open","sticky":false,"template":"","format":"standard","meta":{"footnotes":""},"categories":[38],"tags":[],"class_list":["post-20539","post","type-post","status-publish","format-standard","has-post-thumbnail","hentry","category-principal"],"yoast_head":"<!-- This site is optimized with the Yoast SEO Premium plugin v24.2 (Yoast SEO v27.1.1) - https:\/\/yoast.com\/product\/yoast-seo-premium-wordpress\/ -->\n<title>2021 ser\u00e1 un a\u00f1o para que vuelen los que tienen las alas rotas - Tabernaculo Prensa de Dios<\/title>\n<meta name=\"robots\" content=\"index, follow, max-snippet:-1, max-image-preview:large, max-video-preview:-1\" \/>\n<link rel=\"canonical\" href=\"https:\/\/tabernaculoprensadedios.com\/web\/2021-sera-un-ano-para-que-vuelen-los-que-tienen-las-alas-rotas\/\" class=\"yoast-seo-meta-tag\" \/>\n<meta property=\"og:locale\" content=\"es_ES\" class=\"yoast-seo-meta-tag\" \/>\n<meta property=\"og:type\" content=\"article\" class=\"yoast-seo-meta-tag\" \/>\n<meta property=\"og:title\" content=\"2021 ser\u00e1 un a\u00f1o para que vuelen los que tienen las alas rotas\" class=\"yoast-seo-meta-tag\" \/>\n<meta property=\"og:description\" content=\"El Se\u00f1or est\u00e1 cerca de los que tienen quebrantado el coraz\u00f3n; \u00e9l rescata a los de esp\u00edritu destrozado. Salmos 34:18 NTV Quebrantado significa estar roto, da\u00f1ado o adolorido. Que ya no est\u00e1 en una pieza o en funcionamiento, (de una persona) que ha perdido toda esperanza. Pareciera que no importa quienes seamos y cuanto amamos &hellip;\" class=\"yoast-seo-meta-tag\" \/>\n<meta property=\"og:url\" content=\"https:\/\/tabernaculoprensadedios.com\/web\/2021-sera-un-ano-para-que-vuelen-los-que-tienen-las-alas-rotas\/\" class=\"yoast-seo-meta-tag\" \/>\n<meta property=\"og:site_name\" content=\"Tabernaculo Prensa de Dios\" class=\"yoast-seo-meta-tag\" \/>\n<meta property=\"article:published_time\" content=\"2020-12-15T02:04:18+00:00\" class=\"yoast-seo-meta-tag\" \/>\n<meta property=\"article:modified_time\" content=\"2020-12-15T16:07:46+00:00\" class=\"yoast-seo-meta-tag\" \/>\n<meta property=\"og:image\" content=\"https:\/\/tabernaculoprensadedios.com\/web\/wp-content\/uploads\/2020\/12\/22021mejor.jpg\" class=\"yoast-seo-meta-tag\" \/>\n\t<meta property=\"og:image:width\" content=\"1280\" class=\"yoast-seo-meta-tag\" \/>\n\t<meta property=\"og:image:height\" content=\"720\" class=\"yoast-seo-meta-tag\" \/>\n\t<meta property=\"og:image:type\" content=\"image\/jpeg\" class=\"yoast-seo-meta-tag\" \/>\n<meta name=\"author\" content=\"tabernaculo\" class=\"yoast-seo-meta-tag\" \/>\n<meta name=\"twitter:card\" content=\"summary_large_image\" class=\"yoast-seo-meta-tag\" \/>\n<meta name=\"twitter:creator\" content=\"@PrensadeDios\" class=\"yoast-seo-meta-tag\" \/>\n<meta name=\"twitter:site\" content=\"@PrensadeDios\" class=\"yoast-seo-meta-tag\" \/>\n<meta name=\"twitter:label1\" content=\"Escrito por\" class=\"yoast-seo-meta-tag\" \/>\n\t<meta name=\"twitter:data1\" content=\"tabernaculo\" class=\"yoast-seo-meta-tag\" \/>\n\t<meta name=\"twitter:label2\" content=\"Tiempo de lectura\" class=\"yoast-seo-meta-tag\" \/>\n\t<meta name=\"twitter:data2\" content=\"5 minutos\" class=\"yoast-seo-meta-tag\" \/>\n<script type=\"application\/ld+json\" class=\"yoast-schema-graph\">{\"@context\":\"https:\/\/schema.org\",\"@graph\":[{\"@type\":\"Article\",\"@id\":\"https:\/\/tabernaculoprensadedios.com\/web\/2021-sera-un-ano-para-que-vuelen-los-que-tienen-las-alas-rotas\/#article\",\"isPartOf\":{\"@id\":\"https:\/\/tabernaculoprensadedios.com\/web\/2021-sera-un-ano-para-que-vuelen-los-que-tienen-las-alas-rotas\/\"},\"author\":{\"name\":\"tabernaculo\",\"@id\":\"https:\/\/tabernaculoprensadedios.com\/web\/#\/schema\/person\/bc0e069fef56b38e177db6f098ae0b6e\"},\"headline\":\"2021 ser\u00e1 un a\u00f1o para que vuelen los que tienen las alas rotas\",\"datePublished\":\"2020-12-15T02:04:18+00:00\",\"dateModified\":\"2020-12-15T16:07:46+00:00\",\"mainEntityOfPage\":{\"@id\":\"https:\/\/tabernaculoprensadedios.com\/web\/2021-sera-un-ano-para-que-vuelen-los-que-tienen-las-alas-rotas\/\"},\"wordCount\":1095,\"commentCount\":0,\"publisher\":{\"@id\":\"https:\/\/tabernaculoprensadedios.com\/web\/#\/schema\/person\/bc0e069fef56b38e177db6f098ae0b6e\"},\"image\":{\"@id\":\"https:\/\/tabernaculoprensadedios.com\/web\/2021-sera-un-ano-para-que-vuelen-los-que-tienen-las-alas-rotas\/#primaryimage\"},\"thumbnailUrl\":\"https:\/\/tabernaculoprensadedios.com\/web\/wp-content\/uploads\/2020\/12\/22021mejor.jpg\",\"articleSection\":[\"Principal\"],\"inLanguage\":\"es\",\"potentialAction\":[{\"@type\":\"CommentAction\",\"name\":\"Comment\",\"target\":[\"https:\/\/tabernaculoprensadedios.com\/web\/2021-sera-un-ano-para-que-vuelen-los-que-tienen-las-alas-rotas\/#respond\"]}]},{\"@type\":\"WebPage\",\"@id\":\"https:\/\/tabernaculoprensadedios.com\/web\/2021-sera-un-ano-para-que-vuelen-los-que-tienen-las-alas-rotas\/\",\"url\":\"https:\/\/tabernaculoprensadedios.com\/web\/2021-sera-un-ano-para-que-vuelen-los-que-tienen-las-alas-rotas\/\",\"name\":\"2021 ser\u00e1 un a\u00f1o para que vuelen los que tienen las alas rotas - Tabernaculo Prensa de Dios\",\"isPartOf\":{\"@id\":\"https:\/\/tabernaculoprensadedios.com\/web\/#website\"},\"primaryImageOfPage\":{\"@id\":\"https:\/\/tabernaculoprensadedios.com\/web\/2021-sera-un-ano-para-que-vuelen-los-que-tienen-las-alas-rotas\/#primaryimage\"},\"image\":{\"@id\":\"https:\/\/tabernaculoprensadedios.com\/web\/2021-sera-un-ano-para-que-vuelen-los-que-tienen-las-alas-rotas\/#primaryimage\"},\"thumbnailUrl\":\"https:\/\/tabernaculoprensadedios.com\/web\/wp-content\/uploads\/2020\/12\/22021mejor.jpg\",\"datePublished\":\"2020-12-15T02:04:18+00:00\",\"dateModified\":\"2020-12-15T16:07:46+00:00\",\"breadcrumb\":{\"@id\":\"https:\/\/tabernaculoprensadedios.com\/web\/2021-sera-un-ano-para-que-vuelen-los-que-tienen-las-alas-rotas\/#breadcrumb\"},\"inLanguage\":\"es\",\"potentialAction\":[{\"@type\":\"ReadAction\",\"target\":[\"https:\/\/tabernaculoprensadedios.com\/web\/2021-sera-un-ano-para-que-vuelen-los-que-tienen-las-alas-rotas\/\"]}]},{\"@type\":\"ImageObject\",\"inLanguage\":\"es\",\"@id\":\"https:\/\/tabernaculoprensadedios.com\/web\/2021-sera-un-ano-para-que-vuelen-los-que-tienen-las-alas-rotas\/#primaryimage\",\"url\":\"https:\/\/tabernaculoprensadedios.com\/web\/wp-content\/uploads\/2020\/12\/22021mejor.jpg\",\"contentUrl\":\"https:\/\/tabernaculoprensadedios.com\/web\/wp-content\/uploads\/2020\/12\/22021mejor.jpg\",\"width\":1280,\"height\":720},{\"@type\":\"BreadcrumbList\",\"@id\":\"https:\/\/tabernaculoprensadedios.com\/web\/2021-sera-un-ano-para-que-vuelen-los-que-tienen-las-alas-rotas\/#breadcrumb\",\"itemListElement\":[{\"@type\":\"ListItem\",\"position\":1,\"name\":\"Portada\",\"item\":\"https:\/\/tabernaculoprensadedios.com\/web\/\"},{\"@type\":\"ListItem\",\"position\":2,\"name\":\"2021 ser\u00e1 un a\u00f1o para que vuelen los que tienen las alas rotas\"}]},{\"@type\":\"WebSite\",\"@id\":\"https:\/\/tabernaculoprensadedios.com\/web\/#website\",\"url\":\"https:\/\/tabernaculoprensadedios.com\/web\/\",\"name\":\"Tabernaculo Prensa de Dios\",\"description\":\"Un medio a la manera de Dios\",\"publisher\":{\"@id\":\"https:\/\/tabernaculoprensadedios.com\/web\/#\/schema\/person\/bc0e069fef56b38e177db6f098ae0b6e\"},\"potentialAction\":[{\"@type\":\"SearchAction\",\"target\":{\"@type\":\"EntryPoint\",\"urlTemplate\":\"https:\/\/tabernaculoprensadedios.com\/web\/?s={search_term_string}\"},\"query-input\":{\"@type\":\"PropertyValueSpecification\",\"valueRequired\":true,\"valueName\":\"search_term_string\"}}],\"inLanguage\":\"es\"},{\"@type\":[\"Person\",\"Organization\"],\"@id\":\"https:\/\/tabernaculoprensadedios.com\/web\/#\/schema\/person\/bc0e069fef56b38e177db6f098ae0b6e\",\"name\":\"tabernaculo\",\"image\":{\"@type\":\"ImageObject\",\"inLanguage\":\"es\",\"@id\":\"https:\/\/tabernaculoprensadedios.com\/web\/#\/schema\/person\/image\/\",\"url\":\"https:\/\/tabernaculoprensadedios.com\/web\/wp-content\/uploads\/2015\/06\/login-logo1.png\",\"contentUrl\":\"https:\/\/tabernaculoprensadedios.com\/web\/wp-content\/uploads\/2015\/06\/login-logo1.png\",\"width\":300,\"height\":118,\"caption\":\"tabernaculo\"},\"logo\":{\"@id\":\"https:\/\/tabernaculoprensadedios.com\/web\/#\/schema\/person\/image\/\"},\"url\":\"https:\/\/tabernaculoprensadedios.com\/web\/author\/tabernaculo\/\"}]}<\/script>\n<!-- \/ Yoast SEO Premium plugin. -->","yoast_head_json":{"title":"2021 ser\u00e1 un a\u00f1o para que vuelen los que tienen las alas rotas - Tabernaculo Prensa de Dios","robots":{"index":"index","follow":"follow","max-snippet":"max-snippet:-1","max-image-preview":"max-image-preview:large","max-video-preview":"max-video-preview:-1"},"canonical":"https:\/\/tabernaculoprensadedios.com\/web\/2021-sera-un-ano-para-que-vuelen-los-que-tienen-las-alas-rotas\/","og_locale":"es_ES","og_type":"article","og_title":"2021 ser\u00e1 un a\u00f1o para que vuelen los que tienen las alas rotas","og_description":"El Se\u00f1or est\u00e1 cerca de los que tienen quebrantado el coraz\u00f3n; \u00e9l rescata a los de esp\u00edritu destrozado. Salmos 34:18 NTV Quebrantado significa estar roto, da\u00f1ado o adolorido. Que ya no est\u00e1 en una pieza o en funcionamiento, (de una persona) que ha perdido toda esperanza. Pareciera que no importa quienes seamos y cuanto amamos &hellip;","og_url":"https:\/\/tabernaculoprensadedios.com\/web\/2021-sera-un-ano-para-que-vuelen-los-que-tienen-las-alas-rotas\/","og_site_name":"Tabernaculo Prensa de Dios","article_published_time":"2020-12-15T02:04:18+00:00","article_modified_time":"2020-12-15T16:07:46+00:00","og_image":[{"width":1280,"height":720,"url":"https:\/\/tabernaculoprensadedios.com\/web\/wp-content\/uploads\/2020\/12\/22021mejor.jpg","type":"image\/jpeg"}],"author":"tabernaculo","twitter_card":"summary_large_image","twitter_creator":"@PrensadeDios","twitter_site":"@PrensadeDios","twitter_misc":{"Escrito por":"tabernaculo","Tiempo de lectura":"5 minutos"},"schema":{"@context":"https:\/\/schema.org","@graph":[{"@type":"Article","@id":"https:\/\/tabernaculoprensadedios.com\/web\/2021-sera-un-ano-para-que-vuelen-los-que-tienen-las-alas-rotas\/#article","isPartOf":{"@id":"https:\/\/tabernaculoprensadedios.com\/web\/2021-sera-un-ano-para-que-vuelen-los-que-tienen-las-alas-rotas\/"},"author":{"name":"tabernaculo","@id":"https:\/\/tabernaculoprensadedios.com\/web\/#\/schema\/person\/bc0e069fef56b38e177db6f098ae0b6e"},"headline":"2021 ser\u00e1 un a\u00f1o para que vuelen los que tienen las alas rotas","datePublished":"2020-12-15T02:04:18+00:00","dateModified":"2020-12-15T16:07:46+00:00","mainEntityOfPage":{"@id":"https:\/\/tabernaculoprensadedios.com\/web\/2021-sera-un-ano-para-que-vuelen-los-que-tienen-las-alas-rotas\/"},"wordCount":1095,"commentCount":0,"publisher":{"@id":"https:\/\/tabernaculoprensadedios.com\/web\/#\/schema\/person\/bc0e069fef56b38e177db6f098ae0b6e"},"image":{"@id":"https:\/\/tabernaculoprensadedios.com\/web\/2021-sera-un-ano-para-que-vuelen-los-que-tienen-las-alas-rotas\/#primaryimage"},"thumbnailUrl":"https:\/\/tabernaculoprensadedios.com\/web\/wp-content\/uploads\/2020\/12\/22021mejor.jpg","articleSection":["Principal"],"inLanguage":"es","potentialAction":[{"@type":"CommentAction","name":"Comment","target":["https:\/\/tabernaculoprensadedios.com\/web\/2021-sera-un-ano-para-que-vuelen-los-que-tienen-las-alas-rotas\/#respond"]}]},{"@type":"WebPage","@id":"https:\/\/tabernaculoprensadedios.com\/web\/2021-sera-un-ano-para-que-vuelen-los-que-tienen-las-alas-rotas\/","url":"https:\/\/tabernaculoprensadedios.com\/web\/2021-sera-un-ano-para-que-vuelen-los-que-tienen-las-alas-rotas\/","name":"2021 ser\u00e1 un a\u00f1o para que vuelen los que tienen las alas rotas - Tabernaculo Prensa de Dios","isPartOf":{"@id":"https:\/\/tabernaculoprensadedios.com\/web\/#website"},"primaryImageOfPage":{"@id":"https:\/\/tabernaculoprensadedios.com\/web\/2021-sera-un-ano-para-que-vuelen-los-que-tienen-las-alas-rotas\/#primaryimage"},"image":{"@id":"https:\/\/tabernaculoprensadedios.com\/web\/2021-sera-un-ano-para-que-vuelen-los-que-tienen-las-alas-rotas\/#primaryimage"},"thumbnailUrl":"https:\/\/tabernaculoprensadedios.com\/web\/wp-content\/uploads\/2020\/12\/22021mejor.jpg","datePublished":"2020-12-15T02:04:18+00:00","dateModified":"2020-12-15T16:07:46+00:00","breadcrumb":{"@id":"https:\/\/tabernaculoprensadedios.com\/web\/2021-sera-un-ano-para-que-vuelen-los-que-tienen-las-alas-rotas\/#breadcrumb"},"inLanguage":"es","potentialAction":[{"@type":"ReadAction","target":["https:\/\/tabernaculoprensadedios.com\/web\/2021-sera-un-ano-para-que-vuelen-los-que-tienen-las-alas-rotas\/"]}]},{"@type":"ImageObject","inLanguage":"es","@id":"https:\/\/tabernaculoprensadedios.com\/web\/2021-sera-un-ano-para-que-vuelen-los-que-tienen-las-alas-rotas\/#primaryimage","url":"https:\/\/tabernaculoprensadedios.com\/web\/wp-content\/uploads\/2020\/12\/22021mejor.jpg","contentUrl":"https:\/\/tabernaculoprensadedios.com\/web\/wp-content\/uploads\/2020\/12\/22021mejor.jpg","width":1280,"height":720},{"@type":"BreadcrumbList","@id":"https:\/\/tabernaculoprensadedios.com\/web\/2021-sera-un-ano-para-que-vuelen-los-que-tienen-las-alas-rotas\/#breadcrumb","itemListElement":[{"@type":"ListItem","position":1,"name":"Portada","item":"https:\/\/tabernaculoprensadedios.com\/web\/"},{"@type":"ListItem","position":2,"name":"2021 ser\u00e1 un a\u00f1o para que vuelen los que tienen las alas rotas"}]},{"@type":"WebSite","@id":"https:\/\/tabernaculoprensadedios.com\/web\/#website","url":"https:\/\/tabernaculoprensadedios.com\/web\/","name":"Tabernaculo Prensa de Dios","description":"Un medio a la manera de Dios","publisher":{"@id":"https:\/\/tabernaculoprensadedios.com\/web\/#\/schema\/person\/bc0e069fef56b38e177db6f098ae0b6e"},"potentialAction":[{"@type":"SearchAction","target":{"@type":"EntryPoint","urlTemplate":"https:\/\/tabernaculoprensadedios.com\/web\/?s={search_term_string}"},"query-input":{"@type":"PropertyValueSpecification","valueRequired":true,"valueName":"search_term_string"}}],"inLanguage":"es"},{"@type":["Person","Organization"],"@id":"https:\/\/tabernaculoprensadedios.com\/web\/#\/schema\/person\/bc0e069fef56b38e177db6f098ae0b6e","name":"tabernaculo","image":{"@type":"ImageObject","inLanguage":"es","@id":"https:\/\/tabernaculoprensadedios.com\/web\/#\/schema\/person\/image\/","url":"https:\/\/tabernaculoprensadedios.com\/web\/wp-content\/uploads\/2015\/06\/login-logo1.png","contentUrl":"https:\/\/tabernaculoprensadedios.com\/web\/wp-content\/uploads\/2015\/06\/login-logo1.png","width":300,"height":118,"caption":"tabernaculo"},"logo":{"@id":"https:\/\/tabernaculoprensadedios.com\/web\/#\/schema\/person\/image\/"},"url":"https:\/\/tabernaculoprensadedios.com\/web\/author\/tabernaculo\/"}]}},"_links":{"self":[{"href":"https:\/\/tabernaculoprensadedios.com\/web\/wp-json\/wp\/v2\/posts\/20539","targetHints":{"allow":["GET"]}}],"collection":[{"href":"https:\/\/tabernaculoprensadedios.com\/web\/wp-json\/wp\/v2\/posts"}],"about":[{"href":"https:\/\/tabernaculoprensadedios.com\/web\/wp-json\/wp\/v2\/types\/post"}],"author":[{"embeddable":true,"href":"https:\/\/tabernaculoprensadedios.com\/web\/wp-json\/wp\/v2\/users\/1"}],"replies":[{"embeddable":true,"href":"https:\/\/tabernaculoprensadedios.com\/web\/wp-json\/wp\/v2\/comments?post=20539"}],"version-history":[{"count":1,"href":"https:\/\/tabernaculoprensadedios.com\/web\/wp-json\/wp\/v2\/posts\/20539\/revisions"}],"predecessor-version":[{"id":20541,"href":"https:\/\/tabernaculoprensadedios.com\/web\/wp-json\/wp\/v2\/posts\/20539\/revisions\/20541"}],"wp:featuredmedia":[{"embeddable":true,"href":"https:\/\/tabernaculoprensadedios.com\/web\/wp-json\/wp\/v2\/media\/20543"}],"wp:attachment":[{"href":"https:\/\/tabernaculoprensadedios.com\/web\/wp-json\/wp\/v2\/media?parent=20539"}],"wp:term":[{"taxonomy":"category","embeddable":true,"href":"https:\/\/tabernaculoprensadedios.com\/web\/wp-json\/wp\/v2\/categories?post=20539"},{"taxonomy":"post_tag","embeddable":true,"href":"https:\/\/tabernaculoprensadedios.com\/web\/wp-json\/wp\/v2\/tags?post=20539"}],"curies":[{"name":"wp","href":"https:\/\/api.w.org\/{rel}","templated":true}]}}