{"id":20536,"date":"2020-12-15T01:36:07","date_gmt":"2020-12-15T01:36:07","guid":{"rendered":"http:\/\/tabernaculoprensadedios.com\/web\/?p=20536"},"modified":"2020-12-15T01:36:07","modified_gmt":"2020-12-15T01:36:07","slug":"rector-de-la-unev-dice-que-la-educacion-de-iglesias-cristianas-necesarias-debe-invertir-para-una-sociedad-en-principios-eticos-y-morales","status":"publish","type":"post","link":"https:\/\/tabernaculoprensadedios.com\/web\/rector-de-la-unev-dice-que-la-educacion-de-iglesias-cristianas-necesarias-debe-invertir-para-una-sociedad-en-principios-eticos-y-morales\/","title":{"rendered":"Rector de la UNEV dice que la educaci\u00f3n de iglesias cristianas necesarias debe invertir para una sociedad en Principios \u00e9ticos y morales"},"content":{"rendered":"<p>El rector de la Universidad Nacional Evang\u00e9lica (UNEV) Ing. Epifanio Gonz\u00e1lez Minaya, dijo que la educaci\u00f3n construye el puente que permite el ascenso de las clases sociales y que a mayor nivel educativo m\u00e1s productiva se torna una poblaci\u00f3n porque usa de manera eficiente los recursos disponibles.<\/p>\n<p>Sostuvo que las iglesias cristianas deben invertir de manera intencional en educaci\u00f3n, como un medio para la evangelizaci\u00f3n y permanencia de los valores cristianos. Adem\u00e1s, emplear recursos en colegios Evang\u00e9licos, promover el estudio de las carreras educativas, velar por la permanencia de la UNEV y otros medios de formaci\u00f3n cristiana.<\/p>\n<p>Al hablar sobre el tema \u201cRol de la Educaci\u00f3n en la Transformaci\u00f3n de la sociedad\u201d, en la clausura de la 6ta Semana de la Comunicaci\u00f3n, evento organizado por la Asociaci\u00f3n de Comunicadores Sociales (ADOCOC), el Ing. Epifanio Gonz\u00e1lez Minaya dej\u00f3 ver ante los presentes que la educaci\u00f3n promueve el intercambio cultural entre las naciones y facilita conocer las culturas anteriores.<\/p>\n<p>El acad\u00e9mico sostuvo que las inversiones en educaci\u00f3n regresan multiplicadas a la sociedad, ya que el rol de esta es preparar a los miembros de un grupo para ser m\u00e1s productivos. \u201cLa educaci\u00f3n como promotora de los valores culturales de una sociedad contribuye con el crecimiento cultural de los individuos de su sociedad\u201d, ampli\u00f3<\/p>\n<p>En su ponencia, el rector de la UNEV explic\u00f3 que la educaci\u00f3n es un derecho universal y obligatorio para todos, es un proceso de transmisi\u00f3n de cultura, valores, paradigma, que encierra intenciones, entre los que se incluye perpetuar el llamado status quo.<\/p>\n<p>En la conclusi\u00f3n de su presentaci\u00f3n, Gonz\u00e1lez Minaya, argument\u00f3 que la educaci\u00f3n ense\u00f1a a las personas la interrelaci\u00f3n y dependencia con los recursos naturales y el ambiente por lo que hay que asumir un manejo sostenible, conocer los aportes de los recursos a la econom\u00eda, y comprometerse a no contaminarlo o disminuirlo.<\/p>\n","protected":false},"excerpt":{"rendered":"<p>El rector de la Universidad Nacional Evang\u00e9lica (UNEV) Ing. Epifanio Gonz\u00e1lez Minaya, dijo que la educaci\u00f3n construye el puente que permite el ascenso de las clases sociales y que a mayor nivel educativo m\u00e1s productiva se torna una poblaci\u00f3n porque usa de manera eficiente los recursos disponibles. Sostuvo que las iglesias cristianas deben invertir de &hellip;<\/p>\n","protected":false},"author":2,"featured_media":20537,"comment_status":"open","ping_status":"open","sticky":false,"template":"","format":"standard","meta":{"footnotes":""},"categories":[34],"tags":[],"class_list":["post-20536","post","type-post","status-publish","format-standard","has-post-thumbnail","hentry","category-articulos"],"yoast_head":"<!-- This site is optimized with the Yoast SEO Premium plugin v24.2 (Yoast SEO v27.1.1) - https:\/\/yoast.com\/product\/yoast-seo-premium-wordpress\/ -->\n<title>Rector de la UNEV dice que la educaci\u00f3n de iglesias cristianas necesarias debe invertir para una sociedad en Principios \u00e9ticos y morales - Tabernaculo Prensa de Dios<\/title>\n<meta name=\"robots\" content=\"index, follow, max-snippet:-1, max-image-preview:large, max-video-preview:-1\" \/>\n<link rel=\"canonical\" href=\"https:\/\/tabernaculoprensadedios.com\/web\/rector-de-la-unev-dice-que-la-educacion-de-iglesias-cristianas-necesarias-debe-invertir-para-una-sociedad-en-principios-eticos-y-morales\/\" class=\"yoast-seo-meta-tag\" \/>\n<meta property=\"og:locale\" content=\"es_ES\" class=\"yoast-seo-meta-tag\" \/>\n<meta property=\"og:type\" content=\"article\" class=\"yoast-seo-meta-tag\" \/>\n<meta property=\"og:title\" content=\"Rector de la UNEV dice que la educaci\u00f3n de iglesias cristianas necesarias debe invertir para una sociedad en Principios \u00e9ticos y morales\" class=\"yoast-seo-meta-tag\" \/>\n<meta property=\"og:description\" content=\"El rector de la Universidad Nacional Evang\u00e9lica (UNEV) Ing. Epifanio Gonz\u00e1lez Minaya, dijo que la educaci\u00f3n construye el puente que permite el ascenso de las clases sociales y que a mayor nivel educativo m\u00e1s productiva se torna una poblaci\u00f3n porque usa de manera eficiente los recursos disponibles. Sostuvo que las iglesias cristianas deben invertir de &hellip;\" class=\"yoast-seo-meta-tag\" \/>\n<meta property=\"og:url\" content=\"https:\/\/tabernaculoprensadedios.com\/web\/rector-de-la-unev-dice-que-la-educacion-de-iglesias-cristianas-necesarias-debe-invertir-para-una-sociedad-en-principios-eticos-y-morales\/\" class=\"yoast-seo-meta-tag\" \/>\n<meta property=\"og:site_name\" content=\"Tabernaculo Prensa de Dios\" class=\"yoast-seo-meta-tag\" \/>\n<meta property=\"article:published_time\" content=\"2020-12-15T01:36:07+00:00\" class=\"yoast-seo-meta-tag\" \/>\n<meta property=\"og:image\" content=\"https:\/\/tabernaculoprensadedios.com\/web\/wp-content\/uploads\/2020\/12\/Epifanio-Gonzalez-Minaya.jpg\" class=\"yoast-seo-meta-tag\" \/>\n\t<meta property=\"og:image:width\" content=\"693\" class=\"yoast-seo-meta-tag\" \/>\n\t<meta property=\"og:image:height\" content=\"370\" class=\"yoast-seo-meta-tag\" \/>\n\t<meta property=\"og:image:type\" content=\"image\/jpeg\" class=\"yoast-seo-meta-tag\" \/>\n<meta name=\"author\" content=\"Malga\" class=\"yoast-seo-meta-tag\" \/>\n<meta name=\"twitter:card\" content=\"summary_large_image\" class=\"yoast-seo-meta-tag\" \/>\n<meta name=\"twitter:creator\" content=\"@PrensadeDios\" class=\"yoast-seo-meta-tag\" \/>\n<meta name=\"twitter:site\" content=\"@PrensadeDios\" class=\"yoast-seo-meta-tag\" \/>\n<meta name=\"twitter:label1\" content=\"Escrito por\" class=\"yoast-seo-meta-tag\" \/>\n\t<meta name=\"twitter:data1\" content=\"Malga\" class=\"yoast-seo-meta-tag\" \/>\n\t<meta name=\"twitter:label2\" content=\"Tiempo de lectura\" class=\"yoast-seo-meta-tag\" \/>\n\t<meta name=\"twitter:data2\" content=\"2 minutos\" class=\"yoast-seo-meta-tag\" \/>\n<script type=\"application\/ld+json\" class=\"yoast-schema-graph\">{\"@context\":\"https:\/\/schema.org\",\"@graph\":[{\"@type\":\"Article\",\"@id\":\"https:\/\/tabernaculoprensadedios.com\/web\/rector-de-la-unev-dice-que-la-educacion-de-iglesias-cristianas-necesarias-debe-invertir-para-una-sociedad-en-principios-eticos-y-morales\/#article\",\"isPartOf\":{\"@id\":\"https:\/\/tabernaculoprensadedios.com\/web\/rector-de-la-unev-dice-que-la-educacion-de-iglesias-cristianas-necesarias-debe-invertir-para-una-sociedad-en-principios-eticos-y-morales\/\"},\"author\":{\"name\":\"Malga\",\"@id\":\"https:\/\/tabernaculoprensadedios.com\/web\/#\/schema\/person\/64ae3a8b2e245c8b8652b1294ca1860a\"},\"headline\":\"Rector de la UNEV dice que la educaci\u00f3n de iglesias cristianas necesarias debe invertir para una sociedad en Principios \u00e9ticos y morales\",\"datePublished\":\"2020-12-15T01:36:07+00:00\",\"mainEntityOfPage\":{\"@id\":\"https:\/\/tabernaculoprensadedios.com\/web\/rector-de-la-unev-dice-que-la-educacion-de-iglesias-cristianas-necesarias-debe-invertir-para-una-sociedad-en-principios-eticos-y-morales\/\"},\"wordCount\":357,\"commentCount\":0,\"publisher\":{\"@id\":\"https:\/\/tabernaculoprensadedios.com\/web\/#\/schema\/person\/bc0e069fef56b38e177db6f098ae0b6e\"},\"image\":{\"@id\":\"https:\/\/tabernaculoprensadedios.com\/web\/rector-de-la-unev-dice-que-la-educacion-de-iglesias-cristianas-necesarias-debe-invertir-para-una-sociedad-en-principios-eticos-y-morales\/#primaryimage\"},\"thumbnailUrl\":\"https:\/\/tabernaculoprensadedios.com\/web\/wp-content\/uploads\/2020\/12\/Epifanio-Gonzalez-Minaya.jpg\",\"articleSection\":[\"Articulos\"],\"inLanguage\":\"es\",\"potentialAction\":[{\"@type\":\"CommentAction\",\"name\":\"Comment\",\"target\":[\"https:\/\/tabernaculoprensadedios.com\/web\/rector-de-la-unev-dice-que-la-educacion-de-iglesias-cristianas-necesarias-debe-invertir-para-una-sociedad-en-principios-eticos-y-morales\/#respond\"]}]},{\"@type\":\"WebPage\",\"@id\":\"https:\/\/tabernaculoprensadedios.com\/web\/rector-de-la-unev-dice-que-la-educacion-de-iglesias-cristianas-necesarias-debe-invertir-para-una-sociedad-en-principios-eticos-y-morales\/\",\"url\":\"https:\/\/tabernaculoprensadedios.com\/web\/rector-de-la-unev-dice-que-la-educacion-de-iglesias-cristianas-necesarias-debe-invertir-para-una-sociedad-en-principios-eticos-y-morales\/\",\"name\":\"Rector de la UNEV dice que la educaci\u00f3n de iglesias cristianas necesarias debe invertir para una sociedad en Principios \u00e9ticos y morales - Tabernaculo Prensa de Dios\",\"isPartOf\":{\"@id\":\"https:\/\/tabernaculoprensadedios.com\/web\/#website\"},\"primaryImageOfPage\":{\"@id\":\"https:\/\/tabernaculoprensadedios.com\/web\/rector-de-la-unev-dice-que-la-educacion-de-iglesias-cristianas-necesarias-debe-invertir-para-una-sociedad-en-principios-eticos-y-morales\/#primaryimage\"},\"image\":{\"@id\":\"https:\/\/tabernaculoprensadedios.com\/web\/rector-de-la-unev-dice-que-la-educacion-de-iglesias-cristianas-necesarias-debe-invertir-para-una-sociedad-en-principios-eticos-y-morales\/#primaryimage\"},\"thumbnailUrl\":\"https:\/\/tabernaculoprensadedios.com\/web\/wp-content\/uploads\/2020\/12\/Epifanio-Gonzalez-Minaya.jpg\",\"datePublished\":\"2020-12-15T01:36:07+00:00\",\"breadcrumb\":{\"@id\":\"https:\/\/tabernaculoprensadedios.com\/web\/rector-de-la-unev-dice-que-la-educacion-de-iglesias-cristianas-necesarias-debe-invertir-para-una-sociedad-en-principios-eticos-y-morales\/#breadcrumb\"},\"inLanguage\":\"es\",\"potentialAction\":[{\"@type\":\"ReadAction\",\"target\":[\"https:\/\/tabernaculoprensadedios.com\/web\/rector-de-la-unev-dice-que-la-educacion-de-iglesias-cristianas-necesarias-debe-invertir-para-una-sociedad-en-principios-eticos-y-morales\/\"]}]},{\"@type\":\"ImageObject\",\"inLanguage\":\"es\",\"@id\":\"https:\/\/tabernaculoprensadedios.com\/web\/rector-de-la-unev-dice-que-la-educacion-de-iglesias-cristianas-necesarias-debe-invertir-para-una-sociedad-en-principios-eticos-y-morales\/#primaryimage\",\"url\":\"https:\/\/tabernaculoprensadedios.com\/web\/wp-content\/uploads\/2020\/12\/Epifanio-Gonzalez-Minaya.jpg\",\"contentUrl\":\"https:\/\/tabernaculoprensadedios.com\/web\/wp-content\/uploads\/2020\/12\/Epifanio-Gonzalez-Minaya.jpg\",\"width\":693,\"height\":370},{\"@type\":\"BreadcrumbList\",\"@id\":\"https:\/\/tabernaculoprensadedios.com\/web\/rector-de-la-unev-dice-que-la-educacion-de-iglesias-cristianas-necesarias-debe-invertir-para-una-sociedad-en-principios-eticos-y-morales\/#breadcrumb\",\"itemListElement\":[{\"@type\":\"ListItem\",\"position\":1,\"name\":\"Portada\",\"item\":\"https:\/\/tabernaculoprensadedios.com\/web\/\"},{\"@type\":\"ListItem\",\"position\":2,\"name\":\"Rector de la UNEV dice que la educaci\u00f3n de iglesias cristianas necesarias debe invertir para una sociedad en Principios \u00e9ticos y morales\"}]},{\"@type\":\"WebSite\",\"@id\":\"https:\/\/tabernaculoprensadedios.com\/web\/#website\",\"url\":\"https:\/\/tabernaculoprensadedios.com\/web\/\",\"name\":\"Tabernaculo Prensa de Dios\",\"description\":\"Un medio a la manera de Dios\",\"publisher\":{\"@id\":\"https:\/\/tabernaculoprensadedios.com\/web\/#\/schema\/person\/bc0e069fef56b38e177db6f098ae0b6e\"},\"potentialAction\":[{\"@type\":\"SearchAction\",\"target\":{\"@type\":\"EntryPoint\",\"urlTemplate\":\"https:\/\/tabernaculoprensadedios.com\/web\/?s={search_term_string}\"},\"query-input\":{\"@type\":\"PropertyValueSpecification\",\"valueRequired\":true,\"valueName\":\"search_term_string\"}}],\"inLanguage\":\"es\"},{\"@type\":[\"Person\",\"Organization\"],\"@id\":\"https:\/\/tabernaculoprensadedios.com\/web\/#\/schema\/person\/bc0e069fef56b38e177db6f098ae0b6e\",\"name\":\"tabernaculo\",\"image\":{\"@type\":\"ImageObject\",\"inLanguage\":\"es\",\"@id\":\"https:\/\/tabernaculoprensadedios.com\/web\/#\/schema\/person\/image\/\",\"url\":\"https:\/\/tabernaculoprensadedios.com\/web\/wp-content\/uploads\/2015\/06\/login-logo1.png\",\"contentUrl\":\"https:\/\/tabernaculoprensadedios.com\/web\/wp-content\/uploads\/2015\/06\/login-logo1.png\",\"width\":300,\"height\":118,\"caption\":\"tabernaculo\"},\"logo\":{\"@id\":\"https:\/\/tabernaculoprensadedios.com\/web\/#\/schema\/person\/image\/\"}},{\"@type\":\"Person\",\"@id\":\"https:\/\/tabernaculoprensadedios.com\/web\/#\/schema\/person\/64ae3a8b2e245c8b8652b1294ca1860a\",\"name\":\"Malga\",\"image\":{\"@type\":\"ImageObject\",\"inLanguage\":\"es\",\"@id\":\"https:\/\/tabernaculoprensadedios.com\/web\/#\/schema\/person\/image\/\",\"url\":\"\/\/www.gravatar.com\/avatar\/b06041ad78a6d3dd6b8d5ebf9704448e?s=96&#038;r=g&#038;d=mm\",\"contentUrl\":\"\/\/www.gravatar.com\/avatar\/b06041ad78a6d3dd6b8d5ebf9704448e?s=96&#038;r=g&#038;d=mm\",\"caption\":\"Malga\"},\"url\":\"https:\/\/tabernaculoprensadedios.com\/web\/author\/malga\/\"}]}<\/script>\n<!-- \/ Yoast SEO Premium plugin. -->","yoast_head_json":{"title":"Rector de la UNEV dice que la educaci\u00f3n de iglesias cristianas necesarias debe invertir para una sociedad en Principios \u00e9ticos y morales - Tabernaculo Prensa de Dios","robots":{"index":"index","follow":"follow","max-snippet":"max-snippet:-1","max-image-preview":"max-image-preview:large","max-video-preview":"max-video-preview:-1"},"canonical":"https:\/\/tabernaculoprensadedios.com\/web\/rector-de-la-unev-dice-que-la-educacion-de-iglesias-cristianas-necesarias-debe-invertir-para-una-sociedad-en-principios-eticos-y-morales\/","og_locale":"es_ES","og_type":"article","og_title":"Rector de la UNEV dice que la educaci\u00f3n de iglesias cristianas necesarias debe invertir para una sociedad en Principios \u00e9ticos y morales","og_description":"El rector de la Universidad Nacional Evang\u00e9lica (UNEV) Ing. Epifanio Gonz\u00e1lez Minaya, dijo que la educaci\u00f3n construye el puente que permite el ascenso de las clases sociales y que a mayor nivel educativo m\u00e1s productiva se torna una poblaci\u00f3n porque usa de manera eficiente los recursos disponibles. Sostuvo que las iglesias cristianas deben invertir de &hellip;","og_url":"https:\/\/tabernaculoprensadedios.com\/web\/rector-de-la-unev-dice-que-la-educacion-de-iglesias-cristianas-necesarias-debe-invertir-para-una-sociedad-en-principios-eticos-y-morales\/","og_site_name":"Tabernaculo Prensa de Dios","article_published_time":"2020-12-15T01:36:07+00:00","og_image":[{"width":693,"height":370,"url":"https:\/\/tabernaculoprensadedios.com\/web\/wp-content\/uploads\/2020\/12\/Epifanio-Gonzalez-Minaya.jpg","type":"image\/jpeg"}],"author":"Malga","twitter_card":"summary_large_image","twitter_creator":"@PrensadeDios","twitter_site":"@PrensadeDios","twitter_misc":{"Escrito por":"Malga","Tiempo de lectura":"2 minutos"},"schema":{"@context":"https:\/\/schema.org","@graph":[{"@type":"Article","@id":"https:\/\/tabernaculoprensadedios.com\/web\/rector-de-la-unev-dice-que-la-educacion-de-iglesias-cristianas-necesarias-debe-invertir-para-una-sociedad-en-principios-eticos-y-morales\/#article","isPartOf":{"@id":"https:\/\/tabernaculoprensadedios.com\/web\/rector-de-la-unev-dice-que-la-educacion-de-iglesias-cristianas-necesarias-debe-invertir-para-una-sociedad-en-principios-eticos-y-morales\/"},"author":{"name":"Malga","@id":"https:\/\/tabernaculoprensadedios.com\/web\/#\/schema\/person\/64ae3a8b2e245c8b8652b1294ca1860a"},"headline":"Rector de la UNEV dice que la educaci\u00f3n de iglesias cristianas necesarias debe invertir para una sociedad en Principios \u00e9ticos y morales","datePublished":"2020-12-15T01:36:07+00:00","mainEntityOfPage":{"@id":"https:\/\/tabernaculoprensadedios.com\/web\/rector-de-la-unev-dice-que-la-educacion-de-iglesias-cristianas-necesarias-debe-invertir-para-una-sociedad-en-principios-eticos-y-morales\/"},"wordCount":357,"commentCount":0,"publisher":{"@id":"https:\/\/tabernaculoprensadedios.com\/web\/#\/schema\/person\/bc0e069fef56b38e177db6f098ae0b6e"},"image":{"@id":"https:\/\/tabernaculoprensadedios.com\/web\/rector-de-la-unev-dice-que-la-educacion-de-iglesias-cristianas-necesarias-debe-invertir-para-una-sociedad-en-principios-eticos-y-morales\/#primaryimage"},"thumbnailUrl":"https:\/\/tabernaculoprensadedios.com\/web\/wp-content\/uploads\/2020\/12\/Epifanio-Gonzalez-Minaya.jpg","articleSection":["Articulos"],"inLanguage":"es","potentialAction":[{"@type":"CommentAction","name":"Comment","target":["https:\/\/tabernaculoprensadedios.com\/web\/rector-de-la-unev-dice-que-la-educacion-de-iglesias-cristianas-necesarias-debe-invertir-para-una-sociedad-en-principios-eticos-y-morales\/#respond"]}]},{"@type":"WebPage","@id":"https:\/\/tabernaculoprensadedios.com\/web\/rector-de-la-unev-dice-que-la-educacion-de-iglesias-cristianas-necesarias-debe-invertir-para-una-sociedad-en-principios-eticos-y-morales\/","url":"https:\/\/tabernaculoprensadedios.com\/web\/rector-de-la-unev-dice-que-la-educacion-de-iglesias-cristianas-necesarias-debe-invertir-para-una-sociedad-en-principios-eticos-y-morales\/","name":"Rector de la UNEV dice que la educaci\u00f3n de iglesias cristianas necesarias debe invertir para una sociedad en Principios \u00e9ticos y morales - Tabernaculo Prensa de Dios","isPartOf":{"@id":"https:\/\/tabernaculoprensadedios.com\/web\/#website"},"primaryImageOfPage":{"@id":"https:\/\/tabernaculoprensadedios.com\/web\/rector-de-la-unev-dice-que-la-educacion-de-iglesias-cristianas-necesarias-debe-invertir-para-una-sociedad-en-principios-eticos-y-morales\/#primaryimage"},"image":{"@id":"https:\/\/tabernaculoprensadedios.com\/web\/rector-de-la-unev-dice-que-la-educacion-de-iglesias-cristianas-necesarias-debe-invertir-para-una-sociedad-en-principios-eticos-y-morales\/#primaryimage"},"thumbnailUrl":"https:\/\/tabernaculoprensadedios.com\/web\/wp-content\/uploads\/2020\/12\/Epifanio-Gonzalez-Minaya.jpg","datePublished":"2020-12-15T01:36:07+00:00","breadcrumb":{"@id":"https:\/\/tabernaculoprensadedios.com\/web\/rector-de-la-unev-dice-que-la-educacion-de-iglesias-cristianas-necesarias-debe-invertir-para-una-sociedad-en-principios-eticos-y-morales\/#breadcrumb"},"inLanguage":"es","potentialAction":[{"@type":"ReadAction","target":["https:\/\/tabernaculoprensadedios.com\/web\/rector-de-la-unev-dice-que-la-educacion-de-iglesias-cristianas-necesarias-debe-invertir-para-una-sociedad-en-principios-eticos-y-morales\/"]}]},{"@type":"ImageObject","inLanguage":"es","@id":"https:\/\/tabernaculoprensadedios.com\/web\/rector-de-la-unev-dice-que-la-educacion-de-iglesias-cristianas-necesarias-debe-invertir-para-una-sociedad-en-principios-eticos-y-morales\/#primaryimage","url":"https:\/\/tabernaculoprensadedios.com\/web\/wp-content\/uploads\/2020\/12\/Epifanio-Gonzalez-Minaya.jpg","contentUrl":"https:\/\/tabernaculoprensadedios.com\/web\/wp-content\/uploads\/2020\/12\/Epifanio-Gonzalez-Minaya.jpg","width":693,"height":370},{"@type":"BreadcrumbList","@id":"https:\/\/tabernaculoprensadedios.com\/web\/rector-de-la-unev-dice-que-la-educacion-de-iglesias-cristianas-necesarias-debe-invertir-para-una-sociedad-en-principios-eticos-y-morales\/#breadcrumb","itemListElement":[{"@type":"ListItem","position":1,"name":"Portada","item":"https:\/\/tabernaculoprensadedios.com\/web\/"},{"@type":"ListItem","position":2,"name":"Rector de la UNEV dice que la educaci\u00f3n de iglesias cristianas necesarias debe invertir para una sociedad en Principios \u00e9ticos y morales"}]},{"@type":"WebSite","@id":"https:\/\/tabernaculoprensadedios.com\/web\/#website","url":"https:\/\/tabernaculoprensadedios.com\/web\/","name":"Tabernaculo Prensa de Dios","description":"Un medio a la manera de Dios","publisher":{"@id":"https:\/\/tabernaculoprensadedios.com\/web\/#\/schema\/person\/bc0e069fef56b38e177db6f098ae0b6e"},"potentialAction":[{"@type":"SearchAction","target":{"@type":"EntryPoint","urlTemplate":"https:\/\/tabernaculoprensadedios.com\/web\/?s={search_term_string}"},"query-input":{"@type":"PropertyValueSpecification","valueRequired":true,"valueName":"search_term_string"}}],"inLanguage":"es"},{"@type":["Person","Organization"],"@id":"https:\/\/tabernaculoprensadedios.com\/web\/#\/schema\/person\/bc0e069fef56b38e177db6f098ae0b6e","name":"tabernaculo","image":{"@type":"ImageObject","inLanguage":"es","@id":"https:\/\/tabernaculoprensadedios.com\/web\/#\/schema\/person\/image\/","url":"https:\/\/tabernaculoprensadedios.com\/web\/wp-content\/uploads\/2015\/06\/login-logo1.png","contentUrl":"https:\/\/tabernaculoprensadedios.com\/web\/wp-content\/uploads\/2015\/06\/login-logo1.png","width":300,"height":118,"caption":"tabernaculo"},"logo":{"@id":"https:\/\/tabernaculoprensadedios.com\/web\/#\/schema\/person\/image\/"}},{"@type":"Person","@id":"https:\/\/tabernaculoprensadedios.com\/web\/#\/schema\/person\/64ae3a8b2e245c8b8652b1294ca1860a","name":"Malga","image":{"@type":"ImageObject","inLanguage":"es","@id":"https:\/\/tabernaculoprensadedios.com\/web\/#\/schema\/person\/image\/","url":"\/\/www.gravatar.com\/avatar\/b06041ad78a6d3dd6b8d5ebf9704448e?s=96&#038;r=g&#038;d=mm","contentUrl":"\/\/www.gravatar.com\/avatar\/b06041ad78a6d3dd6b8d5ebf9704448e?s=96&#038;r=g&#038;d=mm","caption":"Malga"},"url":"https:\/\/tabernaculoprensadedios.com\/web\/author\/malga\/"}]}},"_links":{"self":[{"href":"https:\/\/tabernaculoprensadedios.com\/web\/wp-json\/wp\/v2\/posts\/20536","targetHints":{"allow":["GET"]}}],"collection":[{"href":"https:\/\/tabernaculoprensadedios.com\/web\/wp-json\/wp\/v2\/posts"}],"about":[{"href":"https:\/\/tabernaculoprensadedios.com\/web\/wp-json\/wp\/v2\/types\/post"}],"author":[{"embeddable":true,"href":"https:\/\/tabernaculoprensadedios.com\/web\/wp-json\/wp\/v2\/users\/2"}],"replies":[{"embeddable":true,"href":"https:\/\/tabernaculoprensadedios.com\/web\/wp-json\/wp\/v2\/comments?post=20536"}],"version-history":[{"count":1,"href":"https:\/\/tabernaculoprensadedios.com\/web\/wp-json\/wp\/v2\/posts\/20536\/revisions"}],"predecessor-version":[{"id":20538,"href":"https:\/\/tabernaculoprensadedios.com\/web\/wp-json\/wp\/v2\/posts\/20536\/revisions\/20538"}],"wp:featuredmedia":[{"embeddable":true,"href":"https:\/\/tabernaculoprensadedios.com\/web\/wp-json\/wp\/v2\/media\/20537"}],"wp:attachment":[{"href":"https:\/\/tabernaculoprensadedios.com\/web\/wp-json\/wp\/v2\/media?parent=20536"}],"wp:term":[{"taxonomy":"category","embeddable":true,"href":"https:\/\/tabernaculoprensadedios.com\/web\/wp-json\/wp\/v2\/categories?post=20536"},{"taxonomy":"post_tag","embeddable":true,"href":"https:\/\/tabernaculoprensadedios.com\/web\/wp-json\/wp\/v2\/tags?post=20536"}],"curies":[{"name":"wp","href":"https:\/\/api.w.org\/{rel}","templated":true}]}}