{"id":20524,"date":"2020-12-14T01:09:57","date_gmt":"2020-12-14T01:09:57","guid":{"rendered":"http:\/\/tabernaculoprensadedios.com\/web\/?p=20524"},"modified":"2020-12-14T01:09:57","modified_gmt":"2020-12-14T01:09:57","slug":"es-tiempo-de-libertad-y-sanidad","status":"publish","type":"post","link":"https:\/\/tabernaculoprensadedios.com\/web\/es-tiempo-de-libertad-y-sanidad\/","title":{"rendered":"Es tiempo de libertad y sanidad"},"content":{"rendered":"<h6 style=\"text-align: center;\"><em>El sana a los quebrantados de coraz\u00f3n, y venda sus heridas. <strong>Salmos 147:3<\/strong><\/em><\/h6>\n<p>\u201cEsta es una palabra que publiqu\u00e9 en esta \u00e9poca el a\u00f1o pasado y que creo que Dios quiere hacerlo de nuevo en este momento. Entre ahora y el nuevo a\u00f1o creo que el Esp\u00edritu Santo est\u00e1 haciendo un profundo trabajo en el coraz\u00f3n sanando a muchas personas que todav\u00eda llevan las heridas del a\u00f1o pasado, de la temporada pasada de transici\u00f3n y pruebas, y tambi\u00e9n toda su vida. Creo que este ser\u00e1 un momento de incre\u00edble liberaci\u00f3n y encuentro si nos posicionamos en Su presencia en las pr\u00f3ximas semanas para tratar de hacer que las cosas sucedan antes de que termine el a\u00f1o\u201d. (Nate Johnston)<\/p>\n<p>\u00bfSABES QUE HORA ES?<\/p>\n<p><em>Aquello que fue, ya es; y lo que ha de ser, fue ya; y Dios restaura lo que pas\u00f3. <strong>Eclesiast\u00e9s 3:15<\/strong><\/em><\/p>\n<p>\u201cTodo comenz\u00f3 cuando Dios me hizo esta pregunta recientemente y realmente no tuve una respuesta o al menos una profunda, \u00ab\u00bfSabes qu\u00e9 hora es?\u00bb. \u201c\u00bfLa nueva d\u00e9cada?\u201d dije. Entonces Dios me respondi\u00f3 con esta escritura: Eclesiast\u00e9s 3:7 Tiempo de romper, y tiempo de coser; tiempo de callar, y tiempo de hablar. El significado prof\u00e9tico de esta Escritura se revel\u00f3 al instante ante m\u00ed, destacando algunos elementos de la temporada de la que hab\u00edamos venido y aquellos de la temporada en la que est\u00e1bamos entrando. De hecho, hemos venido de un tiempo de desgarros y destrucci\u00f3n de ciclos y formas del pasado, pero Dios ahora est\u00e1 diciendo que es tiempo de entrar en la reparaci\u00f3n, la construcci\u00f3n y la manifestaci\u00f3n de las promesas. De hecho, hemos estado en un tiempo de silencio, espera y ocultamiento donde Dios se ha estado moviendo en los lugares profundos en nosotros, para prepararnos para la nueva hora que est\u00e1 ante nosotros para HABLAR, INFLUENCIAR, FAVORECER E IMPACTAR en la tierra. As\u00ed que prep\u00e1rense porque el Esp\u00edritu Santo est\u00e1 pensando en ustedes y quiere traer sanidad, justicia y soluciones a muchos lugares de su vida. En esta palabra quiero compartir lo que Dios me ha estado mostrando y simplemente orar por aquellos que se identifiquen con ella.\u201d<\/p>\n<p>LIBERACION DEL S\u00cdNDROME DE NEUROSIS DE GUERRA &#8211; SHELL-SHOCK<\/p>\n<p>\u201cEst\u00e1n en SHELL-SHOCK\u201d escuch\u00e9 al Se\u00f1or decir hace tres d\u00edas. \u201cShell-shock\u201d (Neurosis de guerra) fue una palabra creada en la segunda guerra mundial, para describir el tipo de trastorno de estr\u00e9s postraum\u00e1tico que padec\u00edan muchos soldados como reacci\u00f3n a la intensidad del bombardeo y la lucha que produjo impotencia, p\u00e1nico, incapacidad para razonar, dormir, caminar o hablar. En resumen, es el TRAUMA, el estr\u00e9s y la fatiga de las largas temporadas de combate. Muchos se han quedado conmocionados y con ello ha surgido la incapacidad de funcionar de la manera en que sol\u00edan so\u00f1ar, orar e incluso tener expectativa y esperanza de obtener algo m\u00e1s adelante. Entonces, si se encuentran experimentando estos s\u00edntomas de FATIGA DE BATALLA en cualquier grado, Dios quiere eliminar el shock y el da\u00f1o que les causaron emocionalmente, mentalmente, as\u00ed como tambi\u00e9n traer sanidad a su cuerpo f\u00edsico.\u201d<\/p>\n<p>LIBERACION DE LAS DECEPCIONES PARALIZANTES<\/p>\n<p><em>Por tanto, nosotros tambi\u00e9n, teniendo en derredor nuestra tan grande nube de testigos, despoj\u00e9monos de todo peso y del pecado que nos asedia, y corramos con paciencia la carrera que tenemos por delante. <strong>Hebreos 12.1<\/strong><\/em><\/p>\n<p>\u201cLa noche en que Reinhardt Bonnke pas\u00f3 a la gloria, yo tuve un sue\u00f1o de una gran nube de testigos instando a las personas a llevar la antorcha a las naciones, las mismas antorchas que hab\u00edan llevado en sus vidas. Sab\u00eda que este sue\u00f1o tambi\u00e9n era sobre el legado y no vacilar a pesar de la gran cantidad de contratiempos que las personas hab\u00edan enfrentado. Entonces esta escritura vino a la mente; Hebreos 12:1. Dios no solo reiter\u00f3 a\u00fan m\u00e1s que estaba sanando a muchos en este momento, sino que tambi\u00e9n estaba revelando el porqu\u00e9. Tenemos ante nosotros una carrera magn\u00edfica y un legado que escribir para los que vendr\u00e1n. El enemigo ha tratado de frustrarnos y robarnos en esta temporada descarrilando a muchos de su prop\u00f3sito a trav\u00e9s de profundas heridas de decepciones. Estas heridas han sido tan profundas para muchos que ha sido dif\u00edcil imaginar la vida m\u00e1s all\u00e1, de hecho, muchos est\u00e1n en un lugar en el que miran hacia atr\u00e1s sobre este a\u00f1o diciendo: \u201cEsto no es lo que imagin\u00e9 que ser\u00eda el a\u00f1o. Estas promesas nunca se cumplir\u00e1n\u201d y caen en desesperaci\u00f3n, derrotados y amargados.<\/p>\n<p>LIBERACI\u00d3N DE TRAUMA DE HACE MUCHO TIEMPO Y HERIDAS DE LA INFANCIA<\/p>\n<p>El Esp\u00edritu del Se\u00f1or est\u00e1 sobre m\u00ed, Por cuanto me ha ungido para dar buenas nuevas a los pobres; Me ha enviado a sanar a los quebrantados de coraz\u00f3n; A pregonar libertad a los cautivos, Y vista a los ciegos; A poner en libertad a los oprimidos. <strong>Lucas 4:18<\/strong><\/p>\n<p>Jes\u00fas hizo una obra milagrosa al liberarme de muchas heridas muy profundas de mi infancia que parec\u00edan imposibles de eliminar. Se hab\u00edan convertido en monumentos en mi vida que afectaban mi identidad, relaciones y destino hasta el punto de que era como un leproso ambulante, incapaz de entrar o experimentar la nueva vida que Jes\u00fas quer\u00eda que yo tuviera.<\/p>\n<p>Anoche so\u00f1\u00e9 que era un ni\u00f1o peque\u00f1o que viv\u00eda en un barrio marginal del oeste y que ten\u00eda que correr y esconderme constantemente de personas, incluidos vecinos y padres, solo para mantenerme a salvo y protegido. El ambiente era tan ca\u00f3tico y disfuncional que me tom\u00f3 un tiempo dejar de llorar despu\u00e9s de despertar de este sue\u00f1o. Yo sent\u00eda el dolor de este ni\u00f1o tan profundamente y el viaje solitario de b\u00e1sicamente perder su infancia, una familia que lo apoye y los fundamentos de una educaci\u00f3n saludable. Sab\u00eda que este ni\u00f1o representaba a todos aquellos que han vivido de recuerdos horribles desde su infancia y Dios est\u00e1 tratando con muchos de ellos de una vez por todas.<\/p>\n<p>Como alguien que llev\u00f3 recuerdos y traumas durante mucho tiempo, perm\u00edtanme decirles que JES\u00daS es el \u00fanico que puede sanar este tipo de heridas y el \u00fanico que puede sanar los traumas y los recuerdos de hace mucho tiempo. \u00ab\u00bfD\u00f3nde en las escrituras es eso?\u00bb Lea el siguiente pasaje de las Escrituras a continuaci\u00f3n como medicina e invite al Esp\u00edritu Santo a entrar en cada recuerdo malo y traum\u00e1tico de su infancia o vida que ha sido un lugar del que no ha podido salir.<\/p>\n<p><strong>Salmo 103:1-5<\/strong> <em>Bendice, alma m\u00eda, al Se\u00f1or, y bendiga todo mi ser su santo nombre. Bendice, alma m\u00eda, al Se\u00f1or, y no olvides ninguno de sus beneficios. \u00c9l es el que perdona todas tus iniquidades, el que sana todas tus enfermedades; el que rescata de la fosa tu vida, el que te corona de bondad y compasi\u00f3n; el que colma de bienes tus a\u00f1os, para que tu juventud se renueve como el \u00e1guila.<\/em><\/p>\n<p>Mientras escribo esto, siento el poder y la presencia de Dios obrando para liberar a las personas. Esp\u00edritu Santo, te pido que traigas SANIDAD COMPLETA y LIBERTAD a cada persona que lea esto en el nombre de Jes\u00fas.<\/p>\n<p>DIOS DICE SOBRE USTEDES: \u00ab\u00a1LAS ATADURAS HAN SIDO CORTADAS!\u00bb<\/p>\n<p>Nunca he visto una temporada en la que Dios se haya estado tratando tan r\u00e1pidamente de controlar los esp\u00edritus y las agendas que han mantenido a las personas atadas. Inicialmente, esto se manifest\u00f3 a trav\u00e9s de la exposici\u00f3n de relaciones y alineamientos poco saludables y desiguales, pero tambi\u00e9n se ha revelado en niveles superiores para matar el llamado prof\u00e9tico a una generaci\u00f3n encargada de ser voces poderosas en la tierra. Si han experimentado esto, saben lo limitante que puede ser, es como tratar de ser un fuego artificial debajo de un cubo de plomo. Estas agendas espirituales quieren sofocar y aplastar el llamado prof\u00e9tico a versiones d\u00e9biles y diluidas de su antiguo yo, poseer y manipular a las personas por su propia causa o ganancia, y finalmente mantener a las personas atadas quienes han sido destinadas a ser los libertadores de un mundo que est\u00e1 atado.<\/p>\n<p>\u00ab\u00a1LAS ATADURAS HAN SIDO CORTADAS!\u00bb Escuch\u00e9 al Se\u00f1or decir recientemente, y creo que estamos a punto de ver un \u00e9xodo tan grande de personas que han crecido bajo esta agenda narcisista, de repente entrar en LIBERTAD Y PLENITUD. Declaren hoy: \u201cDiablo, esas ataduras han sido cortadas, ya no estoy en tu agenda\u00bb<\/p>\n<p>QUITANDO LAS FLECHAS DE SU ESPALDA<\/p>\n<p>La \u00faltima \u00e1rea de liberaci\u00f3n y sanidad que quiero resaltar (aunque Dios comparti\u00f3 muchas m\u00e1s) es la CRITICA, especialmente porque solamente esta, a menos que se trate, los mantendr\u00e1 lisiados en 2020 y Dios no quiere eso para ustedes.<\/p>\n<p>Yo tuve una visi\u00f3n de flechas en las espaldas de las personas, como lo hab\u00eda visto muchas veces antes de orar por las personas, pero sab\u00eda que esto era espec\u00edfico para todos aquellos que han sido heridos por personas en esta temporada de transici\u00f3n. Estas flechas eran las palabras y los juicios, la calumnia y la acusaci\u00f3n, la competencia, los celos y el caos divisivo enviado por personas inseguras y heridas que les han infligido heridas a ustedes y a otros. Estas flechas eran la traici\u00f3n profunda y la ruptura de relaciones que muchos no esperaban en esta temporada. Imag\u00ednese luchando por abrirse camino y mirar hacia arriba para ver a su hermano o hermana que est\u00e1 destinado a estar a su lado, derrib\u00e1ndolo.<\/p>\n<p>En este momento, Dios est\u00e1 eliminando cada flecha de cada herida, porque estas heridas son m\u00e1s profundas que la mayor\u00eda, porque son las que no esperaban. Son las heridas que al enemigo le gusta que mantengamos abiertas para que afecten todo lo que decimos, todo lo que hacemos y nos hagan vivir esc\u00e9pticos de las personas y vivir la vida como un libro cerrado. Permitan que Dios sane esas heridas ahora mismo y saque cada flecha. Casi los sacaron, pero ahora es el momento de seguir adelante y abrir su coraz\u00f3n nuevamente mientras Dios les trae a las personas correctas para que corran junto a ustedes.<\/p>\n<p>ENCUENTROS CON EL MARCADOR AL CRUZAR AL A\u00d1O NUEVO<\/p>\n<p>La mayor tragedia de las heridas y el dolor es que pueden robarnos la intimidad y la conexi\u00f3n con Dios para la que estamos dise\u00f1ados. En un sue\u00f1o la semana pasada, un general en el Reino me entreg\u00f3 un paquete de marcadores Sharpie multicolores y me dijo !PREPARATE, ESTO VA A CAMBIAR TU VIDA! Cuando despert\u00e9, el mensaje central de este sue\u00f1o surgi\u00f3 de mi esp\u00edritu. Dios tiene encuentros con el MARCADOR que vendr\u00e1n a nosotros en el pr\u00f3ximo tiempo, lo que traer\u00e1 sanidad y restauraci\u00f3n, Pero, tambi\u00e9n ser\u00e1n encuentros que nos marcar\u00e1n de por vida y nos LANZAR\u00c1N hacia el A\u00f1o Nuevo. Entonces, sea lo que sea que hayan estado enfrentando, las fuerzas demon\u00edacas que hayan estado tratando de mantenerlos atados, cualquier herida profunda y trauma que hayan estado llevando, cualquier traici\u00f3n de la que hayan estado tratando de liberarse, recuerdos y aguijones pasados, decepciones o amargura con la que han estado lidiando, la Sangre de Jes\u00fas habla una palabra mejor sobre ustedes hoy y es tiempo de llegar al 100% de libertad para que sean libres de caos y entren completos a 2021. (Nate Johnston)<\/p>\n<p>Con amor y oraciones.<\/p>\n","protected":false},"excerpt":{"rendered":"<p>El sana a los quebrantados de coraz\u00f3n, y venda sus heridas. Salmos 147:3 \u201cEsta es una palabra que publiqu\u00e9 en esta \u00e9poca el a\u00f1o pasado y que creo que Dios quiere hacerlo de nuevo en este momento. Entre ahora y el nuevo a\u00f1o creo que el Esp\u00edritu Santo est\u00e1 haciendo un profundo trabajo en el &hellip;<\/p>\n","protected":false},"author":2,"featured_media":20525,"comment_status":"open","ping_status":"open","sticky":false,"template":"","format":"standard","meta":{"footnotes":""},"categories":[38],"tags":[],"class_list":["post-20524","post","type-post","status-publish","format-standard","has-post-thumbnail","hentry","category-principal"],"yoast_head":"<!-- This site is optimized with the Yoast SEO Premium plugin v24.2 (Yoast SEO v27.1.1) - https:\/\/yoast.com\/product\/yoast-seo-premium-wordpress\/ -->\n<title>Es tiempo de libertad y sanidad - Tabernaculo Prensa de Dios<\/title>\n<meta name=\"robots\" content=\"index, follow, max-snippet:-1, max-image-preview:large, max-video-preview:-1\" \/>\n<link rel=\"canonical\" href=\"https:\/\/tabernaculoprensadedios.com\/web\/es-tiempo-de-libertad-y-sanidad\/\" class=\"yoast-seo-meta-tag\" \/>\n<meta property=\"og:locale\" content=\"es_ES\" class=\"yoast-seo-meta-tag\" \/>\n<meta property=\"og:type\" content=\"article\" class=\"yoast-seo-meta-tag\" \/>\n<meta property=\"og:title\" content=\"Es tiempo de libertad y sanidad\" class=\"yoast-seo-meta-tag\" \/>\n<meta property=\"og:description\" content=\"El sana a los quebrantados de coraz\u00f3n, y venda sus heridas. Salmos 147:3 \u201cEsta es una palabra que publiqu\u00e9 en esta \u00e9poca el a\u00f1o pasado y que creo que Dios quiere hacerlo de nuevo en este momento. Entre ahora y el nuevo a\u00f1o creo que el Esp\u00edritu Santo est\u00e1 haciendo un profundo trabajo en el &hellip;\" class=\"yoast-seo-meta-tag\" \/>\n<meta property=\"og:url\" content=\"https:\/\/tabernaculoprensadedios.com\/web\/es-tiempo-de-libertad-y-sanidad\/\" class=\"yoast-seo-meta-tag\" \/>\n<meta property=\"og:site_name\" content=\"Tabernaculo Prensa de Dios\" class=\"yoast-seo-meta-tag\" \/>\n<meta property=\"article:published_time\" content=\"2020-12-14T01:09:57+00:00\" class=\"yoast-seo-meta-tag\" \/>\n<meta property=\"og:image\" content=\"https:\/\/tabernaculoprensadedios.com\/web\/wp-content\/uploads\/2020\/12\/4835b02a43bed4dc6100174f5e3b72c6-1000.jpg\" class=\"yoast-seo-meta-tag\" \/>\n\t<meta property=\"og:image:width\" content=\"1333\" class=\"yoast-seo-meta-tag\" \/>\n\t<meta property=\"og:image:height\" content=\"1000\" class=\"yoast-seo-meta-tag\" \/>\n\t<meta property=\"og:image:type\" content=\"image\/jpeg\" class=\"yoast-seo-meta-tag\" \/>\n<meta name=\"author\" content=\"Malga\" class=\"yoast-seo-meta-tag\" \/>\n<meta name=\"twitter:card\" content=\"summary_large_image\" class=\"yoast-seo-meta-tag\" \/>\n<meta name=\"twitter:creator\" content=\"@PrensadeDios\" class=\"yoast-seo-meta-tag\" \/>\n<meta name=\"twitter:site\" content=\"@PrensadeDios\" class=\"yoast-seo-meta-tag\" \/>\n<meta name=\"twitter:label1\" content=\"Escrito por\" class=\"yoast-seo-meta-tag\" \/>\n\t<meta name=\"twitter:data1\" content=\"Malga\" class=\"yoast-seo-meta-tag\" \/>\n\t<meta name=\"twitter:label2\" content=\"Tiempo de lectura\" class=\"yoast-seo-meta-tag\" \/>\n\t<meta name=\"twitter:data2\" content=\"10 minutos\" class=\"yoast-seo-meta-tag\" \/>\n<script type=\"application\/ld+json\" class=\"yoast-schema-graph\">{\"@context\":\"https:\/\/schema.org\",\"@graph\":[{\"@type\":\"Article\",\"@id\":\"https:\/\/tabernaculoprensadedios.com\/web\/es-tiempo-de-libertad-y-sanidad\/#article\",\"isPartOf\":{\"@id\":\"https:\/\/tabernaculoprensadedios.com\/web\/es-tiempo-de-libertad-y-sanidad\/\"},\"author\":{\"name\":\"Malga\",\"@id\":\"https:\/\/tabernaculoprensadedios.com\/web\/#\/schema\/person\/64ae3a8b2e245c8b8652b1294ca1860a\"},\"headline\":\"Es tiempo de libertad y sanidad\",\"datePublished\":\"2020-12-14T01:09:57+00:00\",\"mainEntityOfPage\":{\"@id\":\"https:\/\/tabernaculoprensadedios.com\/web\/es-tiempo-de-libertad-y-sanidad\/\"},\"wordCount\":1991,\"commentCount\":0,\"publisher\":{\"@id\":\"https:\/\/tabernaculoprensadedios.com\/web\/#\/schema\/person\/bc0e069fef56b38e177db6f098ae0b6e\"},\"image\":{\"@id\":\"https:\/\/tabernaculoprensadedios.com\/web\/es-tiempo-de-libertad-y-sanidad\/#primaryimage\"},\"thumbnailUrl\":\"https:\/\/tabernaculoprensadedios.com\/web\/wp-content\/uploads\/2020\/12\/4835b02a43bed4dc6100174f5e3b72c6-1000.jpg\",\"articleSection\":[\"Principal\"],\"inLanguage\":\"es\",\"potentialAction\":[{\"@type\":\"CommentAction\",\"name\":\"Comment\",\"target\":[\"https:\/\/tabernaculoprensadedios.com\/web\/es-tiempo-de-libertad-y-sanidad\/#respond\"]}]},{\"@type\":\"WebPage\",\"@id\":\"https:\/\/tabernaculoprensadedios.com\/web\/es-tiempo-de-libertad-y-sanidad\/\",\"url\":\"https:\/\/tabernaculoprensadedios.com\/web\/es-tiempo-de-libertad-y-sanidad\/\",\"name\":\"Es tiempo de libertad y sanidad - Tabernaculo Prensa de Dios\",\"isPartOf\":{\"@id\":\"https:\/\/tabernaculoprensadedios.com\/web\/#website\"},\"primaryImageOfPage\":{\"@id\":\"https:\/\/tabernaculoprensadedios.com\/web\/es-tiempo-de-libertad-y-sanidad\/#primaryimage\"},\"image\":{\"@id\":\"https:\/\/tabernaculoprensadedios.com\/web\/es-tiempo-de-libertad-y-sanidad\/#primaryimage\"},\"thumbnailUrl\":\"https:\/\/tabernaculoprensadedios.com\/web\/wp-content\/uploads\/2020\/12\/4835b02a43bed4dc6100174f5e3b72c6-1000.jpg\",\"datePublished\":\"2020-12-14T01:09:57+00:00\",\"breadcrumb\":{\"@id\":\"https:\/\/tabernaculoprensadedios.com\/web\/es-tiempo-de-libertad-y-sanidad\/#breadcrumb\"},\"inLanguage\":\"es\",\"potentialAction\":[{\"@type\":\"ReadAction\",\"target\":[\"https:\/\/tabernaculoprensadedios.com\/web\/es-tiempo-de-libertad-y-sanidad\/\"]}]},{\"@type\":\"ImageObject\",\"inLanguage\":\"es\",\"@id\":\"https:\/\/tabernaculoprensadedios.com\/web\/es-tiempo-de-libertad-y-sanidad\/#primaryimage\",\"url\":\"https:\/\/tabernaculoprensadedios.com\/web\/wp-content\/uploads\/2020\/12\/4835b02a43bed4dc6100174f5e3b72c6-1000.jpg\",\"contentUrl\":\"https:\/\/tabernaculoprensadedios.com\/web\/wp-content\/uploads\/2020\/12\/4835b02a43bed4dc6100174f5e3b72c6-1000.jpg\",\"width\":1333,\"height\":1000},{\"@type\":\"BreadcrumbList\",\"@id\":\"https:\/\/tabernaculoprensadedios.com\/web\/es-tiempo-de-libertad-y-sanidad\/#breadcrumb\",\"itemListElement\":[{\"@type\":\"ListItem\",\"position\":1,\"name\":\"Portada\",\"item\":\"https:\/\/tabernaculoprensadedios.com\/web\/\"},{\"@type\":\"ListItem\",\"position\":2,\"name\":\"Es tiempo de libertad y sanidad\"}]},{\"@type\":\"WebSite\",\"@id\":\"https:\/\/tabernaculoprensadedios.com\/web\/#website\",\"url\":\"https:\/\/tabernaculoprensadedios.com\/web\/\",\"name\":\"Tabernaculo Prensa de Dios\",\"description\":\"Un medio a la manera de Dios\",\"publisher\":{\"@id\":\"https:\/\/tabernaculoprensadedios.com\/web\/#\/schema\/person\/bc0e069fef56b38e177db6f098ae0b6e\"},\"potentialAction\":[{\"@type\":\"SearchAction\",\"target\":{\"@type\":\"EntryPoint\",\"urlTemplate\":\"https:\/\/tabernaculoprensadedios.com\/web\/?s={search_term_string}\"},\"query-input\":{\"@type\":\"PropertyValueSpecification\",\"valueRequired\":true,\"valueName\":\"search_term_string\"}}],\"inLanguage\":\"es\"},{\"@type\":[\"Person\",\"Organization\"],\"@id\":\"https:\/\/tabernaculoprensadedios.com\/web\/#\/schema\/person\/bc0e069fef56b38e177db6f098ae0b6e\",\"name\":\"tabernaculo\",\"image\":{\"@type\":\"ImageObject\",\"inLanguage\":\"es\",\"@id\":\"https:\/\/tabernaculoprensadedios.com\/web\/#\/schema\/person\/image\/\",\"url\":\"https:\/\/tabernaculoprensadedios.com\/web\/wp-content\/uploads\/2015\/06\/login-logo1.png\",\"contentUrl\":\"https:\/\/tabernaculoprensadedios.com\/web\/wp-content\/uploads\/2015\/06\/login-logo1.png\",\"width\":300,\"height\":118,\"caption\":\"tabernaculo\"},\"logo\":{\"@id\":\"https:\/\/tabernaculoprensadedios.com\/web\/#\/schema\/person\/image\/\"}},{\"@type\":\"Person\",\"@id\":\"https:\/\/tabernaculoprensadedios.com\/web\/#\/schema\/person\/64ae3a8b2e245c8b8652b1294ca1860a\",\"name\":\"Malga\",\"image\":{\"@type\":\"ImageObject\",\"inLanguage\":\"es\",\"@id\":\"https:\/\/tabernaculoprensadedios.com\/web\/#\/schema\/person\/image\/\",\"url\":\"\/\/www.gravatar.com\/avatar\/b06041ad78a6d3dd6b8d5ebf9704448e?s=96&#038;r=g&#038;d=mm\",\"contentUrl\":\"\/\/www.gravatar.com\/avatar\/b06041ad78a6d3dd6b8d5ebf9704448e?s=96&#038;r=g&#038;d=mm\",\"caption\":\"Malga\"},\"url\":\"https:\/\/tabernaculoprensadedios.com\/web\/author\/malga\/\"}]}<\/script>\n<!-- \/ Yoast SEO Premium plugin. -->","yoast_head_json":{"title":"Es tiempo de libertad y sanidad - Tabernaculo Prensa de Dios","robots":{"index":"index","follow":"follow","max-snippet":"max-snippet:-1","max-image-preview":"max-image-preview:large","max-video-preview":"max-video-preview:-1"},"canonical":"https:\/\/tabernaculoprensadedios.com\/web\/es-tiempo-de-libertad-y-sanidad\/","og_locale":"es_ES","og_type":"article","og_title":"Es tiempo de libertad y sanidad","og_description":"El sana a los quebrantados de coraz\u00f3n, y venda sus heridas. Salmos 147:3 \u201cEsta es una palabra que publiqu\u00e9 en esta \u00e9poca el a\u00f1o pasado y que creo que Dios quiere hacerlo de nuevo en este momento. Entre ahora y el nuevo a\u00f1o creo que el Esp\u00edritu Santo est\u00e1 haciendo un profundo trabajo en el &hellip;","og_url":"https:\/\/tabernaculoprensadedios.com\/web\/es-tiempo-de-libertad-y-sanidad\/","og_site_name":"Tabernaculo Prensa de Dios","article_published_time":"2020-12-14T01:09:57+00:00","og_image":[{"width":1333,"height":1000,"url":"https:\/\/tabernaculoprensadedios.com\/web\/wp-content\/uploads\/2020\/12\/4835b02a43bed4dc6100174f5e3b72c6-1000.jpg","type":"image\/jpeg"}],"author":"Malga","twitter_card":"summary_large_image","twitter_creator":"@PrensadeDios","twitter_site":"@PrensadeDios","twitter_misc":{"Escrito por":"Malga","Tiempo de lectura":"10 minutos"},"schema":{"@context":"https:\/\/schema.org","@graph":[{"@type":"Article","@id":"https:\/\/tabernaculoprensadedios.com\/web\/es-tiempo-de-libertad-y-sanidad\/#article","isPartOf":{"@id":"https:\/\/tabernaculoprensadedios.com\/web\/es-tiempo-de-libertad-y-sanidad\/"},"author":{"name":"Malga","@id":"https:\/\/tabernaculoprensadedios.com\/web\/#\/schema\/person\/64ae3a8b2e245c8b8652b1294ca1860a"},"headline":"Es tiempo de libertad y sanidad","datePublished":"2020-12-14T01:09:57+00:00","mainEntityOfPage":{"@id":"https:\/\/tabernaculoprensadedios.com\/web\/es-tiempo-de-libertad-y-sanidad\/"},"wordCount":1991,"commentCount":0,"publisher":{"@id":"https:\/\/tabernaculoprensadedios.com\/web\/#\/schema\/person\/bc0e069fef56b38e177db6f098ae0b6e"},"image":{"@id":"https:\/\/tabernaculoprensadedios.com\/web\/es-tiempo-de-libertad-y-sanidad\/#primaryimage"},"thumbnailUrl":"https:\/\/tabernaculoprensadedios.com\/web\/wp-content\/uploads\/2020\/12\/4835b02a43bed4dc6100174f5e3b72c6-1000.jpg","articleSection":["Principal"],"inLanguage":"es","potentialAction":[{"@type":"CommentAction","name":"Comment","target":["https:\/\/tabernaculoprensadedios.com\/web\/es-tiempo-de-libertad-y-sanidad\/#respond"]}]},{"@type":"WebPage","@id":"https:\/\/tabernaculoprensadedios.com\/web\/es-tiempo-de-libertad-y-sanidad\/","url":"https:\/\/tabernaculoprensadedios.com\/web\/es-tiempo-de-libertad-y-sanidad\/","name":"Es tiempo de libertad y sanidad - Tabernaculo Prensa de Dios","isPartOf":{"@id":"https:\/\/tabernaculoprensadedios.com\/web\/#website"},"primaryImageOfPage":{"@id":"https:\/\/tabernaculoprensadedios.com\/web\/es-tiempo-de-libertad-y-sanidad\/#primaryimage"},"image":{"@id":"https:\/\/tabernaculoprensadedios.com\/web\/es-tiempo-de-libertad-y-sanidad\/#primaryimage"},"thumbnailUrl":"https:\/\/tabernaculoprensadedios.com\/web\/wp-content\/uploads\/2020\/12\/4835b02a43bed4dc6100174f5e3b72c6-1000.jpg","datePublished":"2020-12-14T01:09:57+00:00","breadcrumb":{"@id":"https:\/\/tabernaculoprensadedios.com\/web\/es-tiempo-de-libertad-y-sanidad\/#breadcrumb"},"inLanguage":"es","potentialAction":[{"@type":"ReadAction","target":["https:\/\/tabernaculoprensadedios.com\/web\/es-tiempo-de-libertad-y-sanidad\/"]}]},{"@type":"ImageObject","inLanguage":"es","@id":"https:\/\/tabernaculoprensadedios.com\/web\/es-tiempo-de-libertad-y-sanidad\/#primaryimage","url":"https:\/\/tabernaculoprensadedios.com\/web\/wp-content\/uploads\/2020\/12\/4835b02a43bed4dc6100174f5e3b72c6-1000.jpg","contentUrl":"https:\/\/tabernaculoprensadedios.com\/web\/wp-content\/uploads\/2020\/12\/4835b02a43bed4dc6100174f5e3b72c6-1000.jpg","width":1333,"height":1000},{"@type":"BreadcrumbList","@id":"https:\/\/tabernaculoprensadedios.com\/web\/es-tiempo-de-libertad-y-sanidad\/#breadcrumb","itemListElement":[{"@type":"ListItem","position":1,"name":"Portada","item":"https:\/\/tabernaculoprensadedios.com\/web\/"},{"@type":"ListItem","position":2,"name":"Es tiempo de libertad y sanidad"}]},{"@type":"WebSite","@id":"https:\/\/tabernaculoprensadedios.com\/web\/#website","url":"https:\/\/tabernaculoprensadedios.com\/web\/","name":"Tabernaculo Prensa de Dios","description":"Un medio a la manera de Dios","publisher":{"@id":"https:\/\/tabernaculoprensadedios.com\/web\/#\/schema\/person\/bc0e069fef56b38e177db6f098ae0b6e"},"potentialAction":[{"@type":"SearchAction","target":{"@type":"EntryPoint","urlTemplate":"https:\/\/tabernaculoprensadedios.com\/web\/?s={search_term_string}"},"query-input":{"@type":"PropertyValueSpecification","valueRequired":true,"valueName":"search_term_string"}}],"inLanguage":"es"},{"@type":["Person","Organization"],"@id":"https:\/\/tabernaculoprensadedios.com\/web\/#\/schema\/person\/bc0e069fef56b38e177db6f098ae0b6e","name":"tabernaculo","image":{"@type":"ImageObject","inLanguage":"es","@id":"https:\/\/tabernaculoprensadedios.com\/web\/#\/schema\/person\/image\/","url":"https:\/\/tabernaculoprensadedios.com\/web\/wp-content\/uploads\/2015\/06\/login-logo1.png","contentUrl":"https:\/\/tabernaculoprensadedios.com\/web\/wp-content\/uploads\/2015\/06\/login-logo1.png","width":300,"height":118,"caption":"tabernaculo"},"logo":{"@id":"https:\/\/tabernaculoprensadedios.com\/web\/#\/schema\/person\/image\/"}},{"@type":"Person","@id":"https:\/\/tabernaculoprensadedios.com\/web\/#\/schema\/person\/64ae3a8b2e245c8b8652b1294ca1860a","name":"Malga","image":{"@type":"ImageObject","inLanguage":"es","@id":"https:\/\/tabernaculoprensadedios.com\/web\/#\/schema\/person\/image\/","url":"\/\/www.gravatar.com\/avatar\/b06041ad78a6d3dd6b8d5ebf9704448e?s=96&#038;r=g&#038;d=mm","contentUrl":"\/\/www.gravatar.com\/avatar\/b06041ad78a6d3dd6b8d5ebf9704448e?s=96&#038;r=g&#038;d=mm","caption":"Malga"},"url":"https:\/\/tabernaculoprensadedios.com\/web\/author\/malga\/"}]}},"_links":{"self":[{"href":"https:\/\/tabernaculoprensadedios.com\/web\/wp-json\/wp\/v2\/posts\/20524","targetHints":{"allow":["GET"]}}],"collection":[{"href":"https:\/\/tabernaculoprensadedios.com\/web\/wp-json\/wp\/v2\/posts"}],"about":[{"href":"https:\/\/tabernaculoprensadedios.com\/web\/wp-json\/wp\/v2\/types\/post"}],"author":[{"embeddable":true,"href":"https:\/\/tabernaculoprensadedios.com\/web\/wp-json\/wp\/v2\/users\/2"}],"replies":[{"embeddable":true,"href":"https:\/\/tabernaculoprensadedios.com\/web\/wp-json\/wp\/v2\/comments?post=20524"}],"version-history":[{"count":1,"href":"https:\/\/tabernaculoprensadedios.com\/web\/wp-json\/wp\/v2\/posts\/20524\/revisions"}],"predecessor-version":[{"id":20526,"href":"https:\/\/tabernaculoprensadedios.com\/web\/wp-json\/wp\/v2\/posts\/20524\/revisions\/20526"}],"wp:featuredmedia":[{"embeddable":true,"href":"https:\/\/tabernaculoprensadedios.com\/web\/wp-json\/wp\/v2\/media\/20525"}],"wp:attachment":[{"href":"https:\/\/tabernaculoprensadedios.com\/web\/wp-json\/wp\/v2\/media?parent=20524"}],"wp:term":[{"taxonomy":"category","embeddable":true,"href":"https:\/\/tabernaculoprensadedios.com\/web\/wp-json\/wp\/v2\/categories?post=20524"},{"taxonomy":"post_tag","embeddable":true,"href":"https:\/\/tabernaculoprensadedios.com\/web\/wp-json\/wp\/v2\/tags?post=20524"}],"curies":[{"name":"wp","href":"https:\/\/api.w.org\/{rel}","templated":true}]}}