{"id":20323,"date":"2020-11-27T01:08:56","date_gmt":"2020-11-27T01:08:56","guid":{"rendered":"http:\/\/tabernaculoprensadedios.com\/web\/?p=20323"},"modified":"2020-11-27T01:42:28","modified_gmt":"2020-11-27T01:42:28","slug":"toque-de-queda-debe-aplicarse-con-flexibilidad-y-prudencia","status":"publish","type":"post","link":"https:\/\/tabernaculoprensadedios.com\/web\/toque-de-queda-debe-aplicarse-con-flexibilidad-y-prudencia\/","title":{"rendered":"Toque de queda debe aplicarse con flexibilidad y prudencia"},"content":{"rendered":"<p>El Consejo Nacional de Confraternidades de Pastores Evang\u00e9licos (CONACOPE) entiende que es prudente mantener el toque de queda y que esta medida debe contar con el apoyo de toda la poblaci\u00f3n si realmente queremos disminuir el porcentaje de personas contagiadas con el covid-19.<\/p>\n<p>El presidente del Consejo Nacional de Confraternidades de Pastores Evang\u00e9licos (CONACOPE), reverendo Adolfo Mateo, entiende que m\u00e1s que una medida de fuerza, el toque de queda debe aplicarse de manera flexible y como un ejercicio de prevenci\u00f3n sobre la base de una enf\u00e1tica persuasi\u00f3n a la prudencia a trav\u00e9s de todos los medios.<\/p>\n<p>\u201cLa reacci\u00f3n\u00a0 de las autoridades ante la \u00a0resistencia de parte de la poblaci\u00f3n \u00a0a \u00a0las medidas sanitarias de prevenci\u00f3n contra el covid-19, no debe\u00a0 limitarse a la aplicaci\u00f3n de la fuerza del orden p\u00fablico, tambi\u00e9n se debe continuar enfatizando por el bien de todos la toma \u00a0de conciencia ciudadana ante esta pandemia\u201d.<\/p>\n<p>Agreg\u00f3 que, si la poblaci\u00f3n observa la debida prudencia y se enfatizan las medidas sanitarias recomendadas, las autoridades pudieran flexibilizar el toque de queda con motivo de la movilizaci\u00f3n que generan las festividades navide\u00f1as.\u00a0 Dijo que las iglesias han sido una clara demostraci\u00f3n de que, si se atienden las medidas sanitarias establecidas, el riesgo de contagio se reduce de manera considerable.<\/p>\n<p>Indic\u00f3 que el porcentaje de contagio en las iglesias evang\u00e9licas no ha sido significativo porque desde las mismas se han tomado las medidas correspondientes con mucha seriedad y rigor.\u00a0\u00a0\u00a0 \u201cNuestras iglesias han dado una demostraci\u00f3n que pone de manifiesto que observando las medidas sanitarias establecidas y manteniendo el orden en nuestras reuniones es posible realizar algunas actividades sociales sin correr graves riesgos de contagio, pero para eso tiene que prevalecer el control y la prudencia\u201d, afirm\u00f3.<\/p>\n<p>El pastor Mateo expres\u00f3 su preocupaci\u00f3n por los excesos y el descontrol que manifiestan muchas personas en este per\u00edodo festivo de la navidad. \u201cEstamos en conocimiento de que el gran movimiento de personas que se genera para esta \u00e9poca aumenta los riesgos de contagio, por lo que es apropiado que cada uno en particular enfatice m\u00e1s su propio cuidado y evite los excesos y desenfrenos porque traen malas consecuencias\u201d. Agreg\u00f3 que las iglesias evang\u00e9licas est\u00e1n en la mejor disposici\u00f3n de colaborar con las autoridades para orientar en este sentido.<\/p>\n<p><strong>\u00a0Manual de Educaci\u00f3n para la Salud frente al Covid-19<\/strong><\/p>\n<p>Por considerarlo pertinente para la comunidad evang\u00e9lica local y para toda la poblaci\u00f3n en general, el reverendo Adolfo Mateo, presidente de CONACOPE,), acord\u00f3 con el presidente de la Alianza Evang\u00e9lica Espa\u00f1ola (AEE), doctor Manuel Suarez, suscribirse para los fines de difusi\u00f3n y adopci\u00f3n de medidas, al reciente Manual de Educaci\u00f3n para la Salud frente al Covid-19, lanzado el pasado mes de octubre por esa organizaci\u00f3n cristiana en coordinaci\u00f3n con m\u00e9dicos y enfermeros evang\u00e9licos de Espa\u00f1a.<\/p>\n<p>El documento de apoyo a las iglesias frente a la pandemia enfatiza la prevenci\u00f3n y la aplicaci\u00f3n de medidas para evitar la enfermedad y ser de buen testimonio.<\/p>\n<p>El reverendo Mateo destac\u00f3 que el documento ofrece recomendaciones sencillas que ayudan a la prevenci\u00f3n del contagio. Indic\u00f3 que este manual \u201cnos sugiere como mantener un estilo de vida saludable y nos anima como cristianos a ejercer la confianza en Dios y su soberan\u00eda sobre toda situaci\u00f3n\u201d.<\/p>\n<p>\u201cCreemos que ante la ausencia de una vacuna y de medicamentos m\u00e1s efectivos para combatir el covid-19, seguir las instrucciones de prevenci\u00f3n y disponer de cuidados pr\u00e1cticos ante esta situaci\u00f3n sanitaria que vivimos, es la mejor manera de disminuir el impacto de esta pandemia que nos azota\u201d, dijo el pastor Mateo.<\/p>\n<p>El documento, adem\u00e1s de enfatizar pautas conocidas por todos como son la distancia de seguridad, el uso de mascarilla y el lavado frecuente de manos, recomienda tambi\u00e9n\u00a0\u00a0 mantener viva nuestra espiritualidad a trav\u00e9s de la presencia de Dios en nuestras vidas y nos anima a tener una actitud de ayuda para detectar y responder a las necesidades del otro.<\/p>\n<p>Se\u00f1ala el manual de salud que debemos \u201ccuidar lo que entra en nuestra mente y dosificar y seleccionar lo que vemos y escuchamos a trav\u00e9s de los medios de comunicaci\u00f3n, para evitar el estr\u00e9s y la ansiedad que alteran nuestro sistema inmunitario\u201d.<\/p>\n<p>Entre las rutinas de salud que recomienda el documento est\u00e1 el ejercicio f\u00edsico, tiempos de descanso y recreaci\u00f3n; adem\u00e1s de cuidar nuestra alimentaci\u00f3n, tener una dieta variada, equilibrada y suficiente que favorezca nuestra salud y fortalezca nuestra defensa.<\/p>\n","protected":false},"excerpt":{"rendered":"<p>El Consejo Nacional de Confraternidades de Pastores Evang\u00e9licos (CONACOPE) entiende que es prudente mantener el toque de queda y que esta medida debe contar con el apoyo de toda la poblaci\u00f3n si realmente queremos disminuir el porcentaje de personas contagiadas con el covid-19. El presidente del Consejo Nacional de Confraternidades de Pastores Evang\u00e9licos (CONACOPE), reverendo &hellip;<\/p>\n","protected":false},"author":2,"featured_media":20325,"comment_status":"open","ping_status":"open","sticky":false,"template":"","format":"standard","meta":{"footnotes":""},"categories":[34],"tags":[],"class_list":["post-20323","post","type-post","status-publish","format-standard","has-post-thumbnail","hentry","category-articulos"],"yoast_head":"<!-- This site is optimized with the Yoast SEO Premium plugin v24.2 (Yoast SEO v27.1.1) - https:\/\/yoast.com\/product\/yoast-seo-premium-wordpress\/ -->\n<title>Toque de queda debe aplicarse con flexibilidad y prudencia - Tabernaculo Prensa de Dios<\/title>\n<meta name=\"robots\" content=\"index, follow, max-snippet:-1, max-image-preview:large, max-video-preview:-1\" \/>\n<link rel=\"canonical\" href=\"https:\/\/tabernaculoprensadedios.com\/web\/toque-de-queda-debe-aplicarse-con-flexibilidad-y-prudencia\/\" class=\"yoast-seo-meta-tag\" \/>\n<meta property=\"og:locale\" content=\"es_ES\" class=\"yoast-seo-meta-tag\" \/>\n<meta property=\"og:type\" content=\"article\" class=\"yoast-seo-meta-tag\" \/>\n<meta property=\"og:title\" content=\"Toque de queda debe aplicarse con flexibilidad y prudencia\" class=\"yoast-seo-meta-tag\" \/>\n<meta property=\"og:description\" content=\"El Consejo Nacional de Confraternidades de Pastores Evang\u00e9licos (CONACOPE) entiende que es prudente mantener el toque de queda y que esta medida debe contar con el apoyo de toda la poblaci\u00f3n si realmente queremos disminuir el porcentaje de personas contagiadas con el covid-19. El presidente del Consejo Nacional de Confraternidades de Pastores Evang\u00e9licos (CONACOPE), reverendo &hellip;\" class=\"yoast-seo-meta-tag\" \/>\n<meta property=\"og:url\" content=\"https:\/\/tabernaculoprensadedios.com\/web\/toque-de-queda-debe-aplicarse-con-flexibilidad-y-prudencia\/\" class=\"yoast-seo-meta-tag\" \/>\n<meta property=\"og:site_name\" content=\"Tabernaculo Prensa de Dios\" class=\"yoast-seo-meta-tag\" \/>\n<meta property=\"article:published_time\" content=\"2020-11-27T01:08:56+00:00\" class=\"yoast-seo-meta-tag\" \/>\n<meta property=\"article:modified_time\" content=\"2020-11-27T01:42:28+00:00\" class=\"yoast-seo-meta-tag\" \/>\n<meta property=\"og:image\" content=\"https:\/\/tabernaculoprensadedios.com\/web\/wp-content\/uploads\/2020\/11\/ADOLFO-MATEO-1.jpg\" class=\"yoast-seo-meta-tag\" \/>\n\t<meta property=\"og:image:width\" content=\"288\" class=\"yoast-seo-meta-tag\" \/>\n\t<meta property=\"og:image:height\" content=\"299\" class=\"yoast-seo-meta-tag\" \/>\n\t<meta property=\"og:image:type\" content=\"image\/jpeg\" class=\"yoast-seo-meta-tag\" \/>\n<meta name=\"author\" content=\"Malga\" class=\"yoast-seo-meta-tag\" \/>\n<meta name=\"twitter:card\" content=\"summary_large_image\" class=\"yoast-seo-meta-tag\" \/>\n<meta name=\"twitter:creator\" content=\"@PrensadeDios\" class=\"yoast-seo-meta-tag\" \/>\n<meta name=\"twitter:site\" content=\"@PrensadeDios\" class=\"yoast-seo-meta-tag\" \/>\n<meta name=\"twitter:label1\" content=\"Escrito por\" class=\"yoast-seo-meta-tag\" \/>\n\t<meta name=\"twitter:data1\" content=\"Malga\" class=\"yoast-seo-meta-tag\" \/>\n\t<meta name=\"twitter:label2\" content=\"Tiempo de lectura\" class=\"yoast-seo-meta-tag\" \/>\n\t<meta name=\"twitter:data2\" content=\"4 minutos\" class=\"yoast-seo-meta-tag\" \/>\n<script type=\"application\/ld+json\" class=\"yoast-schema-graph\">{\"@context\":\"https:\/\/schema.org\",\"@graph\":[{\"@type\":\"Article\",\"@id\":\"https:\/\/tabernaculoprensadedios.com\/web\/toque-de-queda-debe-aplicarse-con-flexibilidad-y-prudencia\/#article\",\"isPartOf\":{\"@id\":\"https:\/\/tabernaculoprensadedios.com\/web\/toque-de-queda-debe-aplicarse-con-flexibilidad-y-prudencia\/\"},\"author\":{\"name\":\"Malga\",\"@id\":\"https:\/\/tabernaculoprensadedios.com\/web\/#\/schema\/person\/64ae3a8b2e245c8b8652b1294ca1860a\"},\"headline\":\"Toque de queda debe aplicarse con flexibilidad y prudencia\",\"datePublished\":\"2020-11-27T01:08:56+00:00\",\"dateModified\":\"2020-11-27T01:42:28+00:00\",\"mainEntityOfPage\":{\"@id\":\"https:\/\/tabernaculoprensadedios.com\/web\/toque-de-queda-debe-aplicarse-con-flexibilidad-y-prudencia\/\"},\"wordCount\":791,\"commentCount\":0,\"publisher\":{\"@id\":\"https:\/\/tabernaculoprensadedios.com\/web\/#\/schema\/person\/bc0e069fef56b38e177db6f098ae0b6e\"},\"image\":{\"@id\":\"https:\/\/tabernaculoprensadedios.com\/web\/toque-de-queda-debe-aplicarse-con-flexibilidad-y-prudencia\/#primaryimage\"},\"thumbnailUrl\":\"https:\/\/tabernaculoprensadedios.com\/web\/wp-content\/uploads\/2020\/11\/ADOLFO-MATEO-1.jpg\",\"articleSection\":[\"Articulos\"],\"inLanguage\":\"es\",\"potentialAction\":[{\"@type\":\"CommentAction\",\"name\":\"Comment\",\"target\":[\"https:\/\/tabernaculoprensadedios.com\/web\/toque-de-queda-debe-aplicarse-con-flexibilidad-y-prudencia\/#respond\"]}]},{\"@type\":\"WebPage\",\"@id\":\"https:\/\/tabernaculoprensadedios.com\/web\/toque-de-queda-debe-aplicarse-con-flexibilidad-y-prudencia\/\",\"url\":\"https:\/\/tabernaculoprensadedios.com\/web\/toque-de-queda-debe-aplicarse-con-flexibilidad-y-prudencia\/\",\"name\":\"Toque de queda debe aplicarse con flexibilidad y prudencia - Tabernaculo Prensa de Dios\",\"isPartOf\":{\"@id\":\"https:\/\/tabernaculoprensadedios.com\/web\/#website\"},\"primaryImageOfPage\":{\"@id\":\"https:\/\/tabernaculoprensadedios.com\/web\/toque-de-queda-debe-aplicarse-con-flexibilidad-y-prudencia\/#primaryimage\"},\"image\":{\"@id\":\"https:\/\/tabernaculoprensadedios.com\/web\/toque-de-queda-debe-aplicarse-con-flexibilidad-y-prudencia\/#primaryimage\"},\"thumbnailUrl\":\"https:\/\/tabernaculoprensadedios.com\/web\/wp-content\/uploads\/2020\/11\/ADOLFO-MATEO-1.jpg\",\"datePublished\":\"2020-11-27T01:08:56+00:00\",\"dateModified\":\"2020-11-27T01:42:28+00:00\",\"breadcrumb\":{\"@id\":\"https:\/\/tabernaculoprensadedios.com\/web\/toque-de-queda-debe-aplicarse-con-flexibilidad-y-prudencia\/#breadcrumb\"},\"inLanguage\":\"es\",\"potentialAction\":[{\"@type\":\"ReadAction\",\"target\":[\"https:\/\/tabernaculoprensadedios.com\/web\/toque-de-queda-debe-aplicarse-con-flexibilidad-y-prudencia\/\"]}]},{\"@type\":\"ImageObject\",\"inLanguage\":\"es\",\"@id\":\"https:\/\/tabernaculoprensadedios.com\/web\/toque-de-queda-debe-aplicarse-con-flexibilidad-y-prudencia\/#primaryimage\",\"url\":\"https:\/\/tabernaculoprensadedios.com\/web\/wp-content\/uploads\/2020\/11\/ADOLFO-MATEO-1.jpg\",\"contentUrl\":\"https:\/\/tabernaculoprensadedios.com\/web\/wp-content\/uploads\/2020\/11\/ADOLFO-MATEO-1.jpg\",\"width\":288,\"height\":299},{\"@type\":\"BreadcrumbList\",\"@id\":\"https:\/\/tabernaculoprensadedios.com\/web\/toque-de-queda-debe-aplicarse-con-flexibilidad-y-prudencia\/#breadcrumb\",\"itemListElement\":[{\"@type\":\"ListItem\",\"position\":1,\"name\":\"Portada\",\"item\":\"https:\/\/tabernaculoprensadedios.com\/web\/\"},{\"@type\":\"ListItem\",\"position\":2,\"name\":\"Toque de queda debe aplicarse con flexibilidad y prudencia\"}]},{\"@type\":\"WebSite\",\"@id\":\"https:\/\/tabernaculoprensadedios.com\/web\/#website\",\"url\":\"https:\/\/tabernaculoprensadedios.com\/web\/\",\"name\":\"Tabernaculo Prensa de Dios\",\"description\":\"Un medio a la manera de Dios\",\"publisher\":{\"@id\":\"https:\/\/tabernaculoprensadedios.com\/web\/#\/schema\/person\/bc0e069fef56b38e177db6f098ae0b6e\"},\"potentialAction\":[{\"@type\":\"SearchAction\",\"target\":{\"@type\":\"EntryPoint\",\"urlTemplate\":\"https:\/\/tabernaculoprensadedios.com\/web\/?s={search_term_string}\"},\"query-input\":{\"@type\":\"PropertyValueSpecification\",\"valueRequired\":true,\"valueName\":\"search_term_string\"}}],\"inLanguage\":\"es\"},{\"@type\":[\"Person\",\"Organization\"],\"@id\":\"https:\/\/tabernaculoprensadedios.com\/web\/#\/schema\/person\/bc0e069fef56b38e177db6f098ae0b6e\",\"name\":\"tabernaculo\",\"image\":{\"@type\":\"ImageObject\",\"inLanguage\":\"es\",\"@id\":\"https:\/\/tabernaculoprensadedios.com\/web\/#\/schema\/person\/image\/\",\"url\":\"https:\/\/tabernaculoprensadedios.com\/web\/wp-content\/uploads\/2015\/06\/login-logo1.png\",\"contentUrl\":\"https:\/\/tabernaculoprensadedios.com\/web\/wp-content\/uploads\/2015\/06\/login-logo1.png\",\"width\":300,\"height\":118,\"caption\":\"tabernaculo\"},\"logo\":{\"@id\":\"https:\/\/tabernaculoprensadedios.com\/web\/#\/schema\/person\/image\/\"}},{\"@type\":\"Person\",\"@id\":\"https:\/\/tabernaculoprensadedios.com\/web\/#\/schema\/person\/64ae3a8b2e245c8b8652b1294ca1860a\",\"name\":\"Malga\",\"image\":{\"@type\":\"ImageObject\",\"inLanguage\":\"es\",\"@id\":\"https:\/\/tabernaculoprensadedios.com\/web\/#\/schema\/person\/image\/\",\"url\":\"\/\/www.gravatar.com\/avatar\/b06041ad78a6d3dd6b8d5ebf9704448e?s=96&#038;r=g&#038;d=mm\",\"contentUrl\":\"\/\/www.gravatar.com\/avatar\/b06041ad78a6d3dd6b8d5ebf9704448e?s=96&#038;r=g&#038;d=mm\",\"caption\":\"Malga\"},\"url\":\"https:\/\/tabernaculoprensadedios.com\/web\/author\/malga\/\"}]}<\/script>\n<!-- \/ Yoast SEO Premium plugin. -->","yoast_head_json":{"title":"Toque de queda debe aplicarse con flexibilidad y prudencia - Tabernaculo Prensa de Dios","robots":{"index":"index","follow":"follow","max-snippet":"max-snippet:-1","max-image-preview":"max-image-preview:large","max-video-preview":"max-video-preview:-1"},"canonical":"https:\/\/tabernaculoprensadedios.com\/web\/toque-de-queda-debe-aplicarse-con-flexibilidad-y-prudencia\/","og_locale":"es_ES","og_type":"article","og_title":"Toque de queda debe aplicarse con flexibilidad y prudencia","og_description":"El Consejo Nacional de Confraternidades de Pastores Evang\u00e9licos (CONACOPE) entiende que es prudente mantener el toque de queda y que esta medida debe contar con el apoyo de toda la poblaci\u00f3n si realmente queremos disminuir el porcentaje de personas contagiadas con el covid-19. El presidente del Consejo Nacional de Confraternidades de Pastores Evang\u00e9licos (CONACOPE), reverendo &hellip;","og_url":"https:\/\/tabernaculoprensadedios.com\/web\/toque-de-queda-debe-aplicarse-con-flexibilidad-y-prudencia\/","og_site_name":"Tabernaculo Prensa de Dios","article_published_time":"2020-11-27T01:08:56+00:00","article_modified_time":"2020-11-27T01:42:28+00:00","og_image":[{"width":288,"height":299,"url":"https:\/\/tabernaculoprensadedios.com\/web\/wp-content\/uploads\/2020\/11\/ADOLFO-MATEO-1.jpg","type":"image\/jpeg"}],"author":"Malga","twitter_card":"summary_large_image","twitter_creator":"@PrensadeDios","twitter_site":"@PrensadeDios","twitter_misc":{"Escrito por":"Malga","Tiempo de lectura":"4 minutos"},"schema":{"@context":"https:\/\/schema.org","@graph":[{"@type":"Article","@id":"https:\/\/tabernaculoprensadedios.com\/web\/toque-de-queda-debe-aplicarse-con-flexibilidad-y-prudencia\/#article","isPartOf":{"@id":"https:\/\/tabernaculoprensadedios.com\/web\/toque-de-queda-debe-aplicarse-con-flexibilidad-y-prudencia\/"},"author":{"name":"Malga","@id":"https:\/\/tabernaculoprensadedios.com\/web\/#\/schema\/person\/64ae3a8b2e245c8b8652b1294ca1860a"},"headline":"Toque de queda debe aplicarse con flexibilidad y prudencia","datePublished":"2020-11-27T01:08:56+00:00","dateModified":"2020-11-27T01:42:28+00:00","mainEntityOfPage":{"@id":"https:\/\/tabernaculoprensadedios.com\/web\/toque-de-queda-debe-aplicarse-con-flexibilidad-y-prudencia\/"},"wordCount":791,"commentCount":0,"publisher":{"@id":"https:\/\/tabernaculoprensadedios.com\/web\/#\/schema\/person\/bc0e069fef56b38e177db6f098ae0b6e"},"image":{"@id":"https:\/\/tabernaculoprensadedios.com\/web\/toque-de-queda-debe-aplicarse-con-flexibilidad-y-prudencia\/#primaryimage"},"thumbnailUrl":"https:\/\/tabernaculoprensadedios.com\/web\/wp-content\/uploads\/2020\/11\/ADOLFO-MATEO-1.jpg","articleSection":["Articulos"],"inLanguage":"es","potentialAction":[{"@type":"CommentAction","name":"Comment","target":["https:\/\/tabernaculoprensadedios.com\/web\/toque-de-queda-debe-aplicarse-con-flexibilidad-y-prudencia\/#respond"]}]},{"@type":"WebPage","@id":"https:\/\/tabernaculoprensadedios.com\/web\/toque-de-queda-debe-aplicarse-con-flexibilidad-y-prudencia\/","url":"https:\/\/tabernaculoprensadedios.com\/web\/toque-de-queda-debe-aplicarse-con-flexibilidad-y-prudencia\/","name":"Toque de queda debe aplicarse con flexibilidad y prudencia - Tabernaculo Prensa de Dios","isPartOf":{"@id":"https:\/\/tabernaculoprensadedios.com\/web\/#website"},"primaryImageOfPage":{"@id":"https:\/\/tabernaculoprensadedios.com\/web\/toque-de-queda-debe-aplicarse-con-flexibilidad-y-prudencia\/#primaryimage"},"image":{"@id":"https:\/\/tabernaculoprensadedios.com\/web\/toque-de-queda-debe-aplicarse-con-flexibilidad-y-prudencia\/#primaryimage"},"thumbnailUrl":"https:\/\/tabernaculoprensadedios.com\/web\/wp-content\/uploads\/2020\/11\/ADOLFO-MATEO-1.jpg","datePublished":"2020-11-27T01:08:56+00:00","dateModified":"2020-11-27T01:42:28+00:00","breadcrumb":{"@id":"https:\/\/tabernaculoprensadedios.com\/web\/toque-de-queda-debe-aplicarse-con-flexibilidad-y-prudencia\/#breadcrumb"},"inLanguage":"es","potentialAction":[{"@type":"ReadAction","target":["https:\/\/tabernaculoprensadedios.com\/web\/toque-de-queda-debe-aplicarse-con-flexibilidad-y-prudencia\/"]}]},{"@type":"ImageObject","inLanguage":"es","@id":"https:\/\/tabernaculoprensadedios.com\/web\/toque-de-queda-debe-aplicarse-con-flexibilidad-y-prudencia\/#primaryimage","url":"https:\/\/tabernaculoprensadedios.com\/web\/wp-content\/uploads\/2020\/11\/ADOLFO-MATEO-1.jpg","contentUrl":"https:\/\/tabernaculoprensadedios.com\/web\/wp-content\/uploads\/2020\/11\/ADOLFO-MATEO-1.jpg","width":288,"height":299},{"@type":"BreadcrumbList","@id":"https:\/\/tabernaculoprensadedios.com\/web\/toque-de-queda-debe-aplicarse-con-flexibilidad-y-prudencia\/#breadcrumb","itemListElement":[{"@type":"ListItem","position":1,"name":"Portada","item":"https:\/\/tabernaculoprensadedios.com\/web\/"},{"@type":"ListItem","position":2,"name":"Toque de queda debe aplicarse con flexibilidad y prudencia"}]},{"@type":"WebSite","@id":"https:\/\/tabernaculoprensadedios.com\/web\/#website","url":"https:\/\/tabernaculoprensadedios.com\/web\/","name":"Tabernaculo Prensa de Dios","description":"Un medio a la manera de Dios","publisher":{"@id":"https:\/\/tabernaculoprensadedios.com\/web\/#\/schema\/person\/bc0e069fef56b38e177db6f098ae0b6e"},"potentialAction":[{"@type":"SearchAction","target":{"@type":"EntryPoint","urlTemplate":"https:\/\/tabernaculoprensadedios.com\/web\/?s={search_term_string}"},"query-input":{"@type":"PropertyValueSpecification","valueRequired":true,"valueName":"search_term_string"}}],"inLanguage":"es"},{"@type":["Person","Organization"],"@id":"https:\/\/tabernaculoprensadedios.com\/web\/#\/schema\/person\/bc0e069fef56b38e177db6f098ae0b6e","name":"tabernaculo","image":{"@type":"ImageObject","inLanguage":"es","@id":"https:\/\/tabernaculoprensadedios.com\/web\/#\/schema\/person\/image\/","url":"https:\/\/tabernaculoprensadedios.com\/web\/wp-content\/uploads\/2015\/06\/login-logo1.png","contentUrl":"https:\/\/tabernaculoprensadedios.com\/web\/wp-content\/uploads\/2015\/06\/login-logo1.png","width":300,"height":118,"caption":"tabernaculo"},"logo":{"@id":"https:\/\/tabernaculoprensadedios.com\/web\/#\/schema\/person\/image\/"}},{"@type":"Person","@id":"https:\/\/tabernaculoprensadedios.com\/web\/#\/schema\/person\/64ae3a8b2e245c8b8652b1294ca1860a","name":"Malga","image":{"@type":"ImageObject","inLanguage":"es","@id":"https:\/\/tabernaculoprensadedios.com\/web\/#\/schema\/person\/image\/","url":"\/\/www.gravatar.com\/avatar\/b06041ad78a6d3dd6b8d5ebf9704448e?s=96&#038;r=g&#038;d=mm","contentUrl":"\/\/www.gravatar.com\/avatar\/b06041ad78a6d3dd6b8d5ebf9704448e?s=96&#038;r=g&#038;d=mm","caption":"Malga"},"url":"https:\/\/tabernaculoprensadedios.com\/web\/author\/malga\/"}]}},"_links":{"self":[{"href":"https:\/\/tabernaculoprensadedios.com\/web\/wp-json\/wp\/v2\/posts\/20323","targetHints":{"allow":["GET"]}}],"collection":[{"href":"https:\/\/tabernaculoprensadedios.com\/web\/wp-json\/wp\/v2\/posts"}],"about":[{"href":"https:\/\/tabernaculoprensadedios.com\/web\/wp-json\/wp\/v2\/types\/post"}],"author":[{"embeddable":true,"href":"https:\/\/tabernaculoprensadedios.com\/web\/wp-json\/wp\/v2\/users\/2"}],"replies":[{"embeddable":true,"href":"https:\/\/tabernaculoprensadedios.com\/web\/wp-json\/wp\/v2\/comments?post=20323"}],"version-history":[{"count":5,"href":"https:\/\/tabernaculoprensadedios.com\/web\/wp-json\/wp\/v2\/posts\/20323\/revisions"}],"predecessor-version":[{"id":20333,"href":"https:\/\/tabernaculoprensadedios.com\/web\/wp-json\/wp\/v2\/posts\/20323\/revisions\/20333"}],"wp:featuredmedia":[{"embeddable":true,"href":"https:\/\/tabernaculoprensadedios.com\/web\/wp-json\/wp\/v2\/media\/20325"}],"wp:attachment":[{"href":"https:\/\/tabernaculoprensadedios.com\/web\/wp-json\/wp\/v2\/media?parent=20323"}],"wp:term":[{"taxonomy":"category","embeddable":true,"href":"https:\/\/tabernaculoprensadedios.com\/web\/wp-json\/wp\/v2\/categories?post=20323"},{"taxonomy":"post_tag","embeddable":true,"href":"https:\/\/tabernaculoprensadedios.com\/web\/wp-json\/wp\/v2\/tags?post=20323"}],"curies":[{"name":"wp","href":"https:\/\/api.w.org\/{rel}","templated":true}]}}