{"id":20319,"date":"2020-11-26T14:57:12","date_gmt":"2020-11-26T14:57:12","guid":{"rendered":"http:\/\/tabernaculoprensadedios.com\/web\/?p=20319"},"modified":"2020-11-26T14:57:41","modified_gmt":"2020-11-26T14:57:41","slug":"un-salmo-para-los-pelegrinos-de-la-vida","status":"publish","type":"post","link":"https:\/\/tabernaculoprensadedios.com\/web\/un-salmo-para-los-pelegrinos-de-la-vida\/","title":{"rendered":"Un salmo para los pelegrinos de la vida"},"content":{"rendered":"<p>Navegar en las redes sociales no s\u00f3lo es para diversi\u00f3n, saber c\u00f3mo est\u00e1n tus amigos, subir fotos jocosas o enterarte de las \u00faltimas noticias; si buscas bien -como si fueses un buscador de tesoros-, puedes encontrar preciosas perlas que te ayudar\u00e1n a enriquecer tu d\u00eda, y por perlas me refiero a verdades, reflexiones y comentarios que aportar\u00e1n valor a tu vida. La explicaci\u00f3n de este salmo puede ser una de esas perlas, te invito a leer.<\/p>\n<p><strong>El Salmos 121 es considerado por los expertos una de las narraciones b\u00edblicas m\u00e1s conmovedoras del A.T.,<\/strong> porque encierra en sus 8 versos la esencia misma de la vida\u2026, un viaje. El salmo por tanto es conocido tambi\u00e9n como \u201cla oraci\u00f3n de los peregrinos\u201d, y era realizada por todos los viajeros que se movilizaban a Jerusal\u00e9n para celebrar las fiestas (si bien su origen se debe a una caminata de muerte, una que un fugitivo tuvo que hacer para salvar su vida). Cuando los peregrinos estaban a punto de llegar a la Ciudad Santa comenzaban a rezar este salmo y les dir\u00e9 porqu\u00e9, explicando verso por verso utilizando la conocida versi\u00f3n RV1960. S\u00edganme.<\/p>\n<p><strong>v. 1. \u201cAlzar\u00e9 mis ojos a los montes; \u00bfDe d\u00f3nde vendr\u00e1 mi socorro?\u201d.<\/strong> David escribi\u00f3 este salmo en una de sus \u00e9pocas m\u00e1s tristes. Su amigo y consejero espiritual hab\u00eda muerto -Samuel-, y su propio hijo lo persegu\u00eda para matarlo y quedarse con el reino (Absal\u00f3n). El rey hu\u00eda por el desierto de Par\u00e1n y a lo lejos ve\u00eda las monta\u00f1as que se levantaban impetuosas. La creencia antigua dec\u00eda que en las altas cumbres viv\u00edan los dioses, por eso la gente iba y ofrec\u00eda all\u00ed holocaustos de animales y hasta sacrificaba humanos (dios Moloc) invocando as\u00ed la ayuda divina. Por eso David afirma, \u201cla gente dice que en las monta\u00f1as est\u00e1n los dioses, que all\u00ed puedo encontrar ayuda\u201d, y luego se pregunta, \u201c\u00bfser\u00e1 que en verdad ellos pueden salvarme?\u201d. La afirmaci\u00f3n y pregunta no es un momento de debilidad del salmista, al contrario, es un momento de profunda reflexi\u00f3n, de interiorizaci\u00f3n; David reconoce su precaria condici\u00f3n y sabe que necesita ayuda con prontitud, su vida pende de un hilo.<\/p>\n<p><strong>v.2. \u201cMi socorro viene de Jehov\u00e1, que hizo los cielos y la tierra\u201d.<\/strong> Luego de la pregunta \u00e9l mismo se responde diciendo que su ayuda, su salvaci\u00f3n, su respuesta proviene de Aquel que hizo las monta\u00f1as, del \u00danico Dios verdadero que est\u00e1 por sobre los dioses de la \u00e9poca. Mientras que Astart\u00e9, Baal, Moloc, Aser\u00e1 y otras deidades viv\u00edan en la monta\u00f1as, Jehov\u00e1 es el que hizo esas monta\u00f1as y su morada no radicaba ah\u00ed, sino en los cielos donde ning\u00fan otro dios se atrev\u00eda a subir. Por eso David con esta afirmaci\u00f3n se afirma as\u00ed mismo, se da \u00e1nimos, se auto-motiva diciendo para sus adentros: \u201cEllos conf\u00edan en los dioses de las monta\u00f1as, yo conf\u00edo en el Dios que hizo las Monta\u00f1as\u201d.<\/p>\n<p><strong>vss. 3, 4, 5. \u201cNo dar\u00e1 tu pie al resbaladero, Ni se dormir\u00e1 el que te guarda. He aqu\u00ed, no se adormecer\u00e1 ni dormir\u00e1 El que guarda a Israel. Jehov\u00e1 es tu guardador; Jehov\u00e1 es tu sombra a tu mano derecha\u201d.<\/strong> Estos tres versos apuntan a lo mismo. David compara a Jehov\u00e1 con tres figuras que para \u00e9l eran reconocidas porque fueron parte de sus experiencias. El verso 3 habla de un pastor que vigila a sus ovejas, un pastor que mientras cuida al reba\u00f1o debe cuidarse de no resbalar por los despe\u00f1aderos en que a veces las ovejas se met\u00edan. Dios, el Pastor de pastores cuida a David y no permite que sus pies resbalen, es m\u00e1s, ni siquiera duerme con tal de cuidar de su vida, tal como hac\u00edan los pastores de reba\u00f1os los cuales velaban toda la noche para proteger a sus animales de las fieras del campo; seguramente el rey record\u00f3 sus d\u00edas de juventud cuando cuidaba las ovejas de su padre. El verso 4 habla de aquellos centinelas que se apostaban en las torres de las ciudades y desde ah\u00ed vigilaban que todo fuera de la ciudad estuviera en orden, avistando posibles peligros como ej\u00e9rcitos extranjeros, turbas de ladrones o incluso tormentas de arena. Los centinelas al igual que los pastores no deb\u00edan dormir mientras estaban de turno, y eso mismo ocurre con Jehov\u00e1, \u00c9l no duerme, sino que vigila que sus hijos est\u00e9n a salvo. Es muy probable que David haya recordado sus tiempos cuando fue soldado en las tropas milicianas de Sa\u00fal, donde quiz\u00e1 ejerci\u00f3 como centinela cuando sus turnos as\u00ed se lo indicaban. Por \u00faltimo el verso 5 habla de un gesto de camarader\u00eda entre compa\u00f1eros de armas: En el Oriente Medio, el soldado-caminante agradec\u00eda las sombras, pues lo amparaban del sol abrasador. Pues bien, Jehov\u00e1 es para sus siervos como una sombra que los resguarda del calor ardiente de la calamidad. Obs\u00e9rvese que \u00c9l est\u00e1 a la \u201cmano derecha\u201d. En las batallas de la antig\u00fcedad, el soldado dejaba su diestra un tanto desprotegida, ya que sosten\u00eda el escudo con la mano izquierda. Por ello, hab\u00eda veces en las que un amigo fiel luchaba a su derecha para cubrirlo. Jehov\u00e1, igual que el buen amigo, permanece al lado de sus siervos, siempre dispuesto a apoyarlos.<\/p>\n<p><strong>vss. 6 y 7. \u201cEl sol no te fatigar\u00e1 de d\u00eda, Ni la luna de noche. Jehov\u00e1 te guardar\u00e1 de todo mal; El guardar\u00e1 tu alma\u201d.<\/strong> Son dos versos de afirmaci\u00f3n. David recuerda los relatos de los antiguos, aquellas narraciones que dec\u00edan que mientras los israelitas deambularon 40 a\u00f1os por el desierto una nube les daba sombra en el d\u00eda y una columna de fuego les daba calor en la noche. Declarando con esto que la protecci\u00f3n de Dios se mantiene por 24 horas, los 365 d\u00edas del a\u00f1o. El verso 7 es la declaraci\u00f3n que su alma necesitaba o\u00edr: \u201c\u00a1Dios te guardar\u00e1 David!\u201d, es lo que se repet\u00eda mientras caminaba bajo el sol abrazador del desierto. \u00c9l no pod\u00eda esperar que ninguno de sus soldados fuese a animarlo, en cambio \u00e9l mismo se animaba al declarar estas palabras que sab\u00edan proven\u00edan de experiencias del pasado cuando Jehov\u00e1 lo hab\u00eda librado de la muerte. Por eso dice, \u201cDios guardar\u00e1 tu alma\u201d, porque sab\u00eda que el cuerpo pod\u00eda morir por causa del enemigo, pero no el alma la cual s\u00f3lo puede destruir el dador de vida, Dios.<\/p>\n<p><strong>v. 8. \u201cJehov\u00e1 guardar\u00e1 tu salida y tu entrada Desde ahora y para siempre\u201d. <\/strong>Una expresi\u00f3n que no es original de David, ya los jud\u00edos antiguos la utilizaban y se refer\u00eda a las personas que confiaban en Dios ten\u00edan plena libertad de entrar a una ciudad, hacer negocios en ella y volver a salir con prosperidad y bendici\u00f3n. Pero David sab\u00eda muy bien que le estaba prohibido regresar a Jerusal\u00e9n, su hijo Abasal\u00f3n lo persegu\u00eda, \u00bfc\u00f3mo entonces pod\u00eda decir que Dios guardar\u00eda su entrada y salida? Es una declaraci\u00f3n en tiempo futuro, no as\u00ed los versos 6 y 7 que hablan del pasado. Aqu\u00ed -verso ocho-, David se proyecta en el tiempo y sabe que con la ayuda de Jehov\u00e1 un d\u00eda volver\u00eda a Jerusal\u00e9n y podr\u00eda \u201centra y salir libremente porque Dios lo guardar\u00eda de todo mal\u201d. N\u00f3tese tambi\u00e9n que la forma de concluir este salmo es magn\u00edfica: La palabra \u201csiempre\u201d connota eternidad, un t\u00e9rmico poco convencional para los tiempos de David donde se pensaba que la muerte era el fin \u00faltimo de todo hombre, pero el rey David en medio de su aflicci\u00f3n hab\u00eda logrado mirar m\u00e1s all\u00e1 de su propia vida, sab\u00eda que en el m\u00e1s all\u00e1 le esperaban bendiciones suculentas dif\u00edciles de describir con palabras humanas.<\/p>\n<p>Bueno amigos, esa ha sido mi contribuci\u00f3n hoy. Espero que la lectura de este salmo te haya ayudado. No obstante, a\u00fan falta la aplicaci\u00f3n personal a cada uno; en las l\u00edneas que acabaste de leer s\u00f3lo est\u00e1 la interpretaci\u00f3n del pasaje, \u00bfc\u00f3mo lo aplicar\u00edas a tu vida siguiendo mis lineamientos? Tarea para la casa.<\/p>\n","protected":false},"excerpt":{"rendered":"<p>Navegar en las redes sociales no s\u00f3lo es para diversi\u00f3n, saber c\u00f3mo est\u00e1n tus amigos, subir fotos jocosas o enterarte de las \u00faltimas noticias; si buscas bien -como si fueses un buscador de tesoros-, puedes encontrar preciosas perlas que te ayudar\u00e1n a enriquecer tu d\u00eda, y por perlas me refiero a verdades, reflexiones y comentarios &hellip;<\/p>\n","protected":false},"author":1,"featured_media":20320,"comment_status":"open","ping_status":"open","sticky":false,"template":"","format":"standard","meta":{"footnotes":""},"categories":[34],"tags":[],"class_list":["post-20319","post","type-post","status-publish","format-standard","has-post-thumbnail","hentry","category-articulos"],"yoast_head":"<!-- This site is optimized with the Yoast SEO Premium plugin v24.2 (Yoast SEO v27.1.1) - https:\/\/yoast.com\/product\/yoast-seo-premium-wordpress\/ -->\n<title>Un salmo para los pelegrinos de la vida - Tabernaculo Prensa de Dios<\/title>\n<meta name=\"robots\" content=\"index, follow, max-snippet:-1, max-image-preview:large, max-video-preview:-1\" \/>\n<link rel=\"canonical\" href=\"https:\/\/tabernaculoprensadedios.com\/web\/un-salmo-para-los-pelegrinos-de-la-vida\/\" class=\"yoast-seo-meta-tag\" \/>\n<meta property=\"og:locale\" content=\"es_ES\" class=\"yoast-seo-meta-tag\" \/>\n<meta property=\"og:type\" content=\"article\" class=\"yoast-seo-meta-tag\" \/>\n<meta property=\"og:title\" content=\"Un salmo para los pelegrinos de la vida\" class=\"yoast-seo-meta-tag\" \/>\n<meta property=\"og:description\" content=\"Navegar en las redes sociales no s\u00f3lo es para diversi\u00f3n, saber c\u00f3mo est\u00e1n tus amigos, subir fotos jocosas o enterarte de las \u00faltimas noticias; si buscas bien -como si fueses un buscador de tesoros-, puedes encontrar preciosas perlas que te ayudar\u00e1n a enriquecer tu d\u00eda, y por perlas me refiero a verdades, reflexiones y comentarios &hellip;\" class=\"yoast-seo-meta-tag\" \/>\n<meta property=\"og:url\" content=\"https:\/\/tabernaculoprensadedios.com\/web\/un-salmo-para-los-pelegrinos-de-la-vida\/\" class=\"yoast-seo-meta-tag\" \/>\n<meta property=\"og:site_name\" content=\"Tabernaculo Prensa de Dios\" class=\"yoast-seo-meta-tag\" \/>\n<meta property=\"article:published_time\" content=\"2020-11-26T14:57:12+00:00\" class=\"yoast-seo-meta-tag\" \/>\n<meta property=\"article:modified_time\" content=\"2020-11-26T14:57:41+00:00\" class=\"yoast-seo-meta-tag\" \/>\n<meta property=\"og:image\" content=\"https:\/\/tabernaculoprensadedios.com\/web\/wp-content\/uploads\/2020\/11\/pregrinos.jpg\" class=\"yoast-seo-meta-tag\" \/>\n\t<meta property=\"og:image:width\" content=\"1280\" class=\"yoast-seo-meta-tag\" \/>\n\t<meta property=\"og:image:height\" content=\"769\" class=\"yoast-seo-meta-tag\" \/>\n\t<meta property=\"og:image:type\" content=\"image\/jpeg\" class=\"yoast-seo-meta-tag\" \/>\n<meta name=\"author\" content=\"tabernaculo\" class=\"yoast-seo-meta-tag\" \/>\n<meta name=\"twitter:card\" content=\"summary_large_image\" class=\"yoast-seo-meta-tag\" \/>\n<meta name=\"twitter:creator\" content=\"@PrensadeDios\" class=\"yoast-seo-meta-tag\" \/>\n<meta name=\"twitter:site\" content=\"@PrensadeDios\" class=\"yoast-seo-meta-tag\" \/>\n<meta name=\"twitter:label1\" content=\"Escrito por\" class=\"yoast-seo-meta-tag\" \/>\n\t<meta name=\"twitter:data1\" content=\"tabernaculo\" class=\"yoast-seo-meta-tag\" \/>\n\t<meta name=\"twitter:label2\" content=\"Tiempo de lectura\" class=\"yoast-seo-meta-tag\" \/>\n\t<meta name=\"twitter:data2\" content=\"7 minutos\" class=\"yoast-seo-meta-tag\" \/>\n<script type=\"application\/ld+json\" class=\"yoast-schema-graph\">{\"@context\":\"https:\/\/schema.org\",\"@graph\":[{\"@type\":\"Article\",\"@id\":\"https:\/\/tabernaculoprensadedios.com\/web\/un-salmo-para-los-pelegrinos-de-la-vida\/#article\",\"isPartOf\":{\"@id\":\"https:\/\/tabernaculoprensadedios.com\/web\/un-salmo-para-los-pelegrinos-de-la-vida\/\"},\"author\":{\"name\":\"tabernaculo\",\"@id\":\"https:\/\/tabernaculoprensadedios.com\/web\/#\/schema\/person\/bc0e069fef56b38e177db6f098ae0b6e\"},\"headline\":\"Un salmo para los pelegrinos de la vida\",\"datePublished\":\"2020-11-26T14:57:12+00:00\",\"dateModified\":\"2020-11-26T14:57:41+00:00\",\"mainEntityOfPage\":{\"@id\":\"https:\/\/tabernaculoprensadedios.com\/web\/un-salmo-para-los-pelegrinos-de-la-vida\/\"},\"wordCount\":1422,\"commentCount\":0,\"publisher\":{\"@id\":\"https:\/\/tabernaculoprensadedios.com\/web\/#\/schema\/person\/bc0e069fef56b38e177db6f098ae0b6e\"},\"image\":{\"@id\":\"https:\/\/tabernaculoprensadedios.com\/web\/un-salmo-para-los-pelegrinos-de-la-vida\/#primaryimage\"},\"thumbnailUrl\":\"https:\/\/tabernaculoprensadedios.com\/web\/wp-content\/uploads\/2020\/11\/pregrinos.jpg\",\"articleSection\":[\"Articulos\"],\"inLanguage\":\"es\",\"potentialAction\":[{\"@type\":\"CommentAction\",\"name\":\"Comment\",\"target\":[\"https:\/\/tabernaculoprensadedios.com\/web\/un-salmo-para-los-pelegrinos-de-la-vida\/#respond\"]}]},{\"@type\":\"WebPage\",\"@id\":\"https:\/\/tabernaculoprensadedios.com\/web\/un-salmo-para-los-pelegrinos-de-la-vida\/\",\"url\":\"https:\/\/tabernaculoprensadedios.com\/web\/un-salmo-para-los-pelegrinos-de-la-vida\/\",\"name\":\"Un salmo para los pelegrinos de la vida - Tabernaculo Prensa de Dios\",\"isPartOf\":{\"@id\":\"https:\/\/tabernaculoprensadedios.com\/web\/#website\"},\"primaryImageOfPage\":{\"@id\":\"https:\/\/tabernaculoprensadedios.com\/web\/un-salmo-para-los-pelegrinos-de-la-vida\/#primaryimage\"},\"image\":{\"@id\":\"https:\/\/tabernaculoprensadedios.com\/web\/un-salmo-para-los-pelegrinos-de-la-vida\/#primaryimage\"},\"thumbnailUrl\":\"https:\/\/tabernaculoprensadedios.com\/web\/wp-content\/uploads\/2020\/11\/pregrinos.jpg\",\"datePublished\":\"2020-11-26T14:57:12+00:00\",\"dateModified\":\"2020-11-26T14:57:41+00:00\",\"breadcrumb\":{\"@id\":\"https:\/\/tabernaculoprensadedios.com\/web\/un-salmo-para-los-pelegrinos-de-la-vida\/#breadcrumb\"},\"inLanguage\":\"es\",\"potentialAction\":[{\"@type\":\"ReadAction\",\"target\":[\"https:\/\/tabernaculoprensadedios.com\/web\/un-salmo-para-los-pelegrinos-de-la-vida\/\"]}]},{\"@type\":\"ImageObject\",\"inLanguage\":\"es\",\"@id\":\"https:\/\/tabernaculoprensadedios.com\/web\/un-salmo-para-los-pelegrinos-de-la-vida\/#primaryimage\",\"url\":\"https:\/\/tabernaculoprensadedios.com\/web\/wp-content\/uploads\/2020\/11\/pregrinos.jpg\",\"contentUrl\":\"https:\/\/tabernaculoprensadedios.com\/web\/wp-content\/uploads\/2020\/11\/pregrinos.jpg\",\"width\":1280,\"height\":769},{\"@type\":\"BreadcrumbList\",\"@id\":\"https:\/\/tabernaculoprensadedios.com\/web\/un-salmo-para-los-pelegrinos-de-la-vida\/#breadcrumb\",\"itemListElement\":[{\"@type\":\"ListItem\",\"position\":1,\"name\":\"Portada\",\"item\":\"https:\/\/tabernaculoprensadedios.com\/web\/\"},{\"@type\":\"ListItem\",\"position\":2,\"name\":\"Un salmo para los pelegrinos de la vida\"}]},{\"@type\":\"WebSite\",\"@id\":\"https:\/\/tabernaculoprensadedios.com\/web\/#website\",\"url\":\"https:\/\/tabernaculoprensadedios.com\/web\/\",\"name\":\"Tabernaculo Prensa de Dios\",\"description\":\"Un medio a la manera de Dios\",\"publisher\":{\"@id\":\"https:\/\/tabernaculoprensadedios.com\/web\/#\/schema\/person\/bc0e069fef56b38e177db6f098ae0b6e\"},\"potentialAction\":[{\"@type\":\"SearchAction\",\"target\":{\"@type\":\"EntryPoint\",\"urlTemplate\":\"https:\/\/tabernaculoprensadedios.com\/web\/?s={search_term_string}\"},\"query-input\":{\"@type\":\"PropertyValueSpecification\",\"valueRequired\":true,\"valueName\":\"search_term_string\"}}],\"inLanguage\":\"es\"},{\"@type\":[\"Person\",\"Organization\"],\"@id\":\"https:\/\/tabernaculoprensadedios.com\/web\/#\/schema\/person\/bc0e069fef56b38e177db6f098ae0b6e\",\"name\":\"tabernaculo\",\"image\":{\"@type\":\"ImageObject\",\"inLanguage\":\"es\",\"@id\":\"https:\/\/tabernaculoprensadedios.com\/web\/#\/schema\/person\/image\/\",\"url\":\"https:\/\/tabernaculoprensadedios.com\/web\/wp-content\/uploads\/2015\/06\/login-logo1.png\",\"contentUrl\":\"https:\/\/tabernaculoprensadedios.com\/web\/wp-content\/uploads\/2015\/06\/login-logo1.png\",\"width\":300,\"height\":118,\"caption\":\"tabernaculo\"},\"logo\":{\"@id\":\"https:\/\/tabernaculoprensadedios.com\/web\/#\/schema\/person\/image\/\"},\"url\":\"https:\/\/tabernaculoprensadedios.com\/web\/author\/tabernaculo\/\"}]}<\/script>\n<!-- \/ Yoast SEO Premium plugin. -->","yoast_head_json":{"title":"Un salmo para los pelegrinos de la vida - Tabernaculo Prensa de Dios","robots":{"index":"index","follow":"follow","max-snippet":"max-snippet:-1","max-image-preview":"max-image-preview:large","max-video-preview":"max-video-preview:-1"},"canonical":"https:\/\/tabernaculoprensadedios.com\/web\/un-salmo-para-los-pelegrinos-de-la-vida\/","og_locale":"es_ES","og_type":"article","og_title":"Un salmo para los pelegrinos de la vida","og_description":"Navegar en las redes sociales no s\u00f3lo es para diversi\u00f3n, saber c\u00f3mo est\u00e1n tus amigos, subir fotos jocosas o enterarte de las \u00faltimas noticias; si buscas bien -como si fueses un buscador de tesoros-, puedes encontrar preciosas perlas que te ayudar\u00e1n a enriquecer tu d\u00eda, y por perlas me refiero a verdades, reflexiones y comentarios &hellip;","og_url":"https:\/\/tabernaculoprensadedios.com\/web\/un-salmo-para-los-pelegrinos-de-la-vida\/","og_site_name":"Tabernaculo Prensa de Dios","article_published_time":"2020-11-26T14:57:12+00:00","article_modified_time":"2020-11-26T14:57:41+00:00","og_image":[{"width":1280,"height":769,"url":"https:\/\/tabernaculoprensadedios.com\/web\/wp-content\/uploads\/2020\/11\/pregrinos.jpg","type":"image\/jpeg"}],"author":"tabernaculo","twitter_card":"summary_large_image","twitter_creator":"@PrensadeDios","twitter_site":"@PrensadeDios","twitter_misc":{"Escrito por":"tabernaculo","Tiempo de lectura":"7 minutos"},"schema":{"@context":"https:\/\/schema.org","@graph":[{"@type":"Article","@id":"https:\/\/tabernaculoprensadedios.com\/web\/un-salmo-para-los-pelegrinos-de-la-vida\/#article","isPartOf":{"@id":"https:\/\/tabernaculoprensadedios.com\/web\/un-salmo-para-los-pelegrinos-de-la-vida\/"},"author":{"name":"tabernaculo","@id":"https:\/\/tabernaculoprensadedios.com\/web\/#\/schema\/person\/bc0e069fef56b38e177db6f098ae0b6e"},"headline":"Un salmo para los pelegrinos de la vida","datePublished":"2020-11-26T14:57:12+00:00","dateModified":"2020-11-26T14:57:41+00:00","mainEntityOfPage":{"@id":"https:\/\/tabernaculoprensadedios.com\/web\/un-salmo-para-los-pelegrinos-de-la-vida\/"},"wordCount":1422,"commentCount":0,"publisher":{"@id":"https:\/\/tabernaculoprensadedios.com\/web\/#\/schema\/person\/bc0e069fef56b38e177db6f098ae0b6e"},"image":{"@id":"https:\/\/tabernaculoprensadedios.com\/web\/un-salmo-para-los-pelegrinos-de-la-vida\/#primaryimage"},"thumbnailUrl":"https:\/\/tabernaculoprensadedios.com\/web\/wp-content\/uploads\/2020\/11\/pregrinos.jpg","articleSection":["Articulos"],"inLanguage":"es","potentialAction":[{"@type":"CommentAction","name":"Comment","target":["https:\/\/tabernaculoprensadedios.com\/web\/un-salmo-para-los-pelegrinos-de-la-vida\/#respond"]}]},{"@type":"WebPage","@id":"https:\/\/tabernaculoprensadedios.com\/web\/un-salmo-para-los-pelegrinos-de-la-vida\/","url":"https:\/\/tabernaculoprensadedios.com\/web\/un-salmo-para-los-pelegrinos-de-la-vida\/","name":"Un salmo para los pelegrinos de la vida - Tabernaculo Prensa de Dios","isPartOf":{"@id":"https:\/\/tabernaculoprensadedios.com\/web\/#website"},"primaryImageOfPage":{"@id":"https:\/\/tabernaculoprensadedios.com\/web\/un-salmo-para-los-pelegrinos-de-la-vida\/#primaryimage"},"image":{"@id":"https:\/\/tabernaculoprensadedios.com\/web\/un-salmo-para-los-pelegrinos-de-la-vida\/#primaryimage"},"thumbnailUrl":"https:\/\/tabernaculoprensadedios.com\/web\/wp-content\/uploads\/2020\/11\/pregrinos.jpg","datePublished":"2020-11-26T14:57:12+00:00","dateModified":"2020-11-26T14:57:41+00:00","breadcrumb":{"@id":"https:\/\/tabernaculoprensadedios.com\/web\/un-salmo-para-los-pelegrinos-de-la-vida\/#breadcrumb"},"inLanguage":"es","potentialAction":[{"@type":"ReadAction","target":["https:\/\/tabernaculoprensadedios.com\/web\/un-salmo-para-los-pelegrinos-de-la-vida\/"]}]},{"@type":"ImageObject","inLanguage":"es","@id":"https:\/\/tabernaculoprensadedios.com\/web\/un-salmo-para-los-pelegrinos-de-la-vida\/#primaryimage","url":"https:\/\/tabernaculoprensadedios.com\/web\/wp-content\/uploads\/2020\/11\/pregrinos.jpg","contentUrl":"https:\/\/tabernaculoprensadedios.com\/web\/wp-content\/uploads\/2020\/11\/pregrinos.jpg","width":1280,"height":769},{"@type":"BreadcrumbList","@id":"https:\/\/tabernaculoprensadedios.com\/web\/un-salmo-para-los-pelegrinos-de-la-vida\/#breadcrumb","itemListElement":[{"@type":"ListItem","position":1,"name":"Portada","item":"https:\/\/tabernaculoprensadedios.com\/web\/"},{"@type":"ListItem","position":2,"name":"Un salmo para los pelegrinos de la vida"}]},{"@type":"WebSite","@id":"https:\/\/tabernaculoprensadedios.com\/web\/#website","url":"https:\/\/tabernaculoprensadedios.com\/web\/","name":"Tabernaculo Prensa de Dios","description":"Un medio a la manera de Dios","publisher":{"@id":"https:\/\/tabernaculoprensadedios.com\/web\/#\/schema\/person\/bc0e069fef56b38e177db6f098ae0b6e"},"potentialAction":[{"@type":"SearchAction","target":{"@type":"EntryPoint","urlTemplate":"https:\/\/tabernaculoprensadedios.com\/web\/?s={search_term_string}"},"query-input":{"@type":"PropertyValueSpecification","valueRequired":true,"valueName":"search_term_string"}}],"inLanguage":"es"},{"@type":["Person","Organization"],"@id":"https:\/\/tabernaculoprensadedios.com\/web\/#\/schema\/person\/bc0e069fef56b38e177db6f098ae0b6e","name":"tabernaculo","image":{"@type":"ImageObject","inLanguage":"es","@id":"https:\/\/tabernaculoprensadedios.com\/web\/#\/schema\/person\/image\/","url":"https:\/\/tabernaculoprensadedios.com\/web\/wp-content\/uploads\/2015\/06\/login-logo1.png","contentUrl":"https:\/\/tabernaculoprensadedios.com\/web\/wp-content\/uploads\/2015\/06\/login-logo1.png","width":300,"height":118,"caption":"tabernaculo"},"logo":{"@id":"https:\/\/tabernaculoprensadedios.com\/web\/#\/schema\/person\/image\/"},"url":"https:\/\/tabernaculoprensadedios.com\/web\/author\/tabernaculo\/"}]}},"_links":{"self":[{"href":"https:\/\/tabernaculoprensadedios.com\/web\/wp-json\/wp\/v2\/posts\/20319","targetHints":{"allow":["GET"]}}],"collection":[{"href":"https:\/\/tabernaculoprensadedios.com\/web\/wp-json\/wp\/v2\/posts"}],"about":[{"href":"https:\/\/tabernaculoprensadedios.com\/web\/wp-json\/wp\/v2\/types\/post"}],"author":[{"embeddable":true,"href":"https:\/\/tabernaculoprensadedios.com\/web\/wp-json\/wp\/v2\/users\/1"}],"replies":[{"embeddable":true,"href":"https:\/\/tabernaculoprensadedios.com\/web\/wp-json\/wp\/v2\/comments?post=20319"}],"version-history":[{"count":2,"href":"https:\/\/tabernaculoprensadedios.com\/web\/wp-json\/wp\/v2\/posts\/20319\/revisions"}],"predecessor-version":[{"id":20322,"href":"https:\/\/tabernaculoprensadedios.com\/web\/wp-json\/wp\/v2\/posts\/20319\/revisions\/20322"}],"wp:featuredmedia":[{"embeddable":true,"href":"https:\/\/tabernaculoprensadedios.com\/web\/wp-json\/wp\/v2\/media\/20320"}],"wp:attachment":[{"href":"https:\/\/tabernaculoprensadedios.com\/web\/wp-json\/wp\/v2\/media?parent=20319"}],"wp:term":[{"taxonomy":"category","embeddable":true,"href":"https:\/\/tabernaculoprensadedios.com\/web\/wp-json\/wp\/v2\/categories?post=20319"},{"taxonomy":"post_tag","embeddable":true,"href":"https:\/\/tabernaculoprensadedios.com\/web\/wp-json\/wp\/v2\/tags?post=20319"}],"curies":[{"name":"wp","href":"https:\/\/api.w.org\/{rel}","templated":true}]}}