{"id":20252,"date":"2020-11-20T22:26:02","date_gmt":"2020-11-20T22:26:02","guid":{"rendered":"http:\/\/tabernaculoprensadedios.com\/web\/?p=20252"},"modified":"2020-11-20T22:26:02","modified_gmt":"2020-11-20T22:26:02","slug":"astronauta-cristiano-lleva-una-biblia-a-la-estacion-espacial-internacional","status":"publish","type":"post","link":"https:\/\/tabernaculoprensadedios.com\/web\/astronauta-cristiano-lleva-una-biblia-a-la-estacion-espacial-internacional\/","title":{"rendered":"Astronauta cristiano lleva una Biblia a la Estaci\u00f3n Espacial Internacional"},"content":{"rendered":"<p>Este astronauta planea seguir teniendo una fuerte relaci\u00f3n con Dios, incluso estando fuera de la tierra, de acuerdo con lo que coment\u00f3 en una entrevista.<\/p>\n<p>El astronauta\u00a0<em>Victor Glover<\/em>\u00a0est\u00e1 decidido a no alejarse de Dios a pesar de haber volado a la\u00a0<em>Estaci\u00f3n Espacial Internacional<\/em>\u00a0(<em>ISS,<\/em>\u00a0por sus siglas en ingl\u00e9s) el pasado domingo.<\/p>\n<p>Tras convertirse en el primer astronauta afroamericano en ir en una misi\u00f3n a largo plazo,\u00a0<em>Glover<\/em>\u00a0tom\u00f3 a bordo copas de comuni\u00f3n y la palabra de Dios para llevarlas fuera del planeta junto con \u00e9l.<\/p>\n<p>Se cree que tambi\u00e9n tiene planes de usar el internet de la nave para poder acceder a programas basados en la fe.<\/p>\n<p><em>Glover<\/em>\u00a0lleg\u00f3 a la\u00a0<em>ISS<\/em>\u00a0junto con otros tres colegas por medio de un veh\u00edculo certificado por la\u00a0<em>NASA<\/em>, y permanecer\u00e1n en la estaci\u00f3n espacial hasta la primavera.<\/p>\n<p>Durante una entrevista con el peri\u00f3dico\u00a0<em>Christian Chronicle<\/em>, el astronauta de 44 a\u00f1os que afirma orar y leer su Biblia, coment\u00f3 que planea participar en un\u00a0<strong>\u00abservicio virtual\u00bb<\/strong>\u00a0y\u00a0<strong>\u00abdonaciones virtuales\u00bb<\/strong>.<\/p>\n<p><em>Glover<\/em>\u00a0hizo su primer tweet a bordo de la c\u00e1psula\u00a0<em>Resilience<\/em>\u00a0el lunes, donde comparti\u00f3 varias im\u00e1genes del exitoso despegue.<\/p>\n<p><strong><em>\u00abAntes de irme e incluso subirme a un avi\u00f3n para tomar un vuelo, digo una oraci\u00f3n y siempre pienso en mi familia\u00bb<\/em><\/strong>, dijo\u00a0<em>Glover<\/em>\u00a0durante su entrevista.<\/p>\n<p>\u00c9l ha estado casado con su esposa,\u00a0<em>Dionna<\/em>, durante 18 a\u00f1os, y tienen cuatro hijos. Ella se cri\u00f3 en la\u00a0<em>Iglesia de Cristo<\/em>\u00a0al este de la\u00a0<em>Bah\u00eda<\/em>\u00a0de\u00a0<em>San Francisco<\/em>\u00a0y lo llev\u00f3 a la congregaci\u00f3n despu\u00e9s de que se conocieron en la\u00a0<em>Universidad Polit\u00e9cnica Estatal de California<\/em>.<\/p>\n<p><strong><em> \u00abA medida que crecimos en nuestra familia, fue entonces cuando comenc\u00e9 a desarrollar un aprecio real y verdadero de mi propia fe y no solo la acad\u00e9mica\u00bb<\/em><\/strong>, coment\u00f3.<\/p>\n<p>La pareja ha asistido a dos congregaciones del \u00e1rea de\u00a0<em>Houston<\/em>,\u00a0<em>League City Church of Christ<\/em>\u00a0y la\u00a0<em>Southeast Church of Christ<\/em>\u00a0en\u00a0<em>Friendswood<\/em>.\u00a0Ambas han estado funcionando pr\u00e1cticamente desde que comenz\u00f3 la pandemia del\u00a0<em>Covid-19<\/em>.<\/p>\n<p>La denominaci\u00f3n de las\u00a0<strong>\u00abIglesias de Cristo\u00bb<\/strong>\u00a0son conocidas mayormente por no usar instrumentos musicales en la adoraci\u00f3n.<\/p>\n<p>Cabe destacar que,\u00a0<em>Glover<\/em>\u00a0junto a los otros compa\u00f1eros con los que vol\u00f3, estar\u00edan completando el personal de trabajo en la estaci\u00f3n espacial.<\/p>\n","protected":false},"excerpt":{"rendered":"<p>Este astronauta planea seguir teniendo una fuerte relaci\u00f3n con Dios, incluso estando fuera de la tierra, de acuerdo con lo que coment\u00f3 en una entrevista. El astronauta\u00a0Victor Glover\u00a0est\u00e1 decidido a no alejarse de Dios a pesar de haber volado a la\u00a0Estaci\u00f3n Espacial Internacional\u00a0(ISS,\u00a0por sus siglas en ingl\u00e9s) el pasado domingo. Tras convertirse en el primer &hellip;<\/p>\n","protected":false},"author":2,"featured_media":20253,"comment_status":"open","ping_status":"open","sticky":false,"template":"","format":"standard","meta":{"footnotes":""},"categories":[24],"tags":[],"class_list":["post-20252","post","type-post","status-publish","format-standard","has-post-thumbnail","hentry","category-internacional"],"yoast_head":"<!-- This site is optimized with the Yoast SEO Premium plugin v24.2 (Yoast SEO v27.1.1) - https:\/\/yoast.com\/product\/yoast-seo-premium-wordpress\/ -->\n<title>Astronauta cristiano lleva una Biblia a la Estaci\u00f3n Espacial Internacional - Tabernaculo Prensa de Dios<\/title>\n<meta name=\"robots\" content=\"index, follow, max-snippet:-1, max-image-preview:large, max-video-preview:-1\" \/>\n<link rel=\"canonical\" href=\"https:\/\/tabernaculoprensadedios.com\/web\/astronauta-cristiano-lleva-una-biblia-a-la-estacion-espacial-internacional\/\" class=\"yoast-seo-meta-tag\" \/>\n<meta property=\"og:locale\" content=\"es_ES\" class=\"yoast-seo-meta-tag\" \/>\n<meta property=\"og:type\" content=\"article\" class=\"yoast-seo-meta-tag\" \/>\n<meta property=\"og:title\" content=\"Astronauta cristiano lleva una Biblia a la Estaci\u00f3n Espacial Internacional\" class=\"yoast-seo-meta-tag\" \/>\n<meta property=\"og:description\" content=\"Este astronauta planea seguir teniendo una fuerte relaci\u00f3n con Dios, incluso estando fuera de la tierra, de acuerdo con lo que coment\u00f3 en una entrevista. El astronauta\u00a0Victor Glover\u00a0est\u00e1 decidido a no alejarse de Dios a pesar de haber volado a la\u00a0Estaci\u00f3n Espacial Internacional\u00a0(ISS,\u00a0por sus siglas en ingl\u00e9s) el pasado domingo. Tras convertirse en el primer &hellip;\" class=\"yoast-seo-meta-tag\" \/>\n<meta property=\"og:url\" content=\"https:\/\/tabernaculoprensadedios.com\/web\/astronauta-cristiano-lleva-una-biblia-a-la-estacion-espacial-internacional\/\" class=\"yoast-seo-meta-tag\" \/>\n<meta property=\"og:site_name\" content=\"Tabernaculo Prensa de Dios\" class=\"yoast-seo-meta-tag\" \/>\n<meta property=\"article:published_time\" content=\"2020-11-20T22:26:02+00:00\" class=\"yoast-seo-meta-tag\" \/>\n<meta property=\"og:image\" content=\"https:\/\/tabernaculoprensadedios.com\/web\/wp-content\/uploads\/2020\/11\/5fb4ff4eb24f4_VictorGloverG.jpg\" class=\"yoast-seo-meta-tag\" \/>\n\t<meta property=\"og:image:width\" content=\"940\" class=\"yoast-seo-meta-tag\" \/>\n\t<meta property=\"og:image:height\" content=\"480\" class=\"yoast-seo-meta-tag\" \/>\n\t<meta property=\"og:image:type\" content=\"image\/jpeg\" class=\"yoast-seo-meta-tag\" \/>\n<meta name=\"author\" content=\"Malga\" class=\"yoast-seo-meta-tag\" \/>\n<meta name=\"twitter:card\" content=\"summary_large_image\" class=\"yoast-seo-meta-tag\" \/>\n<meta name=\"twitter:creator\" content=\"@PrensadeDios\" class=\"yoast-seo-meta-tag\" \/>\n<meta name=\"twitter:site\" content=\"@PrensadeDios\" class=\"yoast-seo-meta-tag\" \/>\n<meta name=\"twitter:label1\" content=\"Escrito por\" class=\"yoast-seo-meta-tag\" \/>\n\t<meta name=\"twitter:data1\" content=\"Malga\" class=\"yoast-seo-meta-tag\" \/>\n\t<meta name=\"twitter:label2\" content=\"Tiempo de lectura\" class=\"yoast-seo-meta-tag\" \/>\n\t<meta name=\"twitter:data2\" content=\"2 minutos\" class=\"yoast-seo-meta-tag\" \/>\n<script type=\"application\/ld+json\" class=\"yoast-schema-graph\">{\"@context\":\"https:\/\/schema.org\",\"@graph\":[{\"@type\":\"Article\",\"@id\":\"https:\/\/tabernaculoprensadedios.com\/web\/astronauta-cristiano-lleva-una-biblia-a-la-estacion-espacial-internacional\/#article\",\"isPartOf\":{\"@id\":\"https:\/\/tabernaculoprensadedios.com\/web\/astronauta-cristiano-lleva-una-biblia-a-la-estacion-espacial-internacional\/\"},\"author\":{\"name\":\"Malga\",\"@id\":\"https:\/\/tabernaculoprensadedios.com\/web\/#\/schema\/person\/64ae3a8b2e245c8b8652b1294ca1860a\"},\"headline\":\"Astronauta cristiano lleva una Biblia a la Estaci\u00f3n Espacial Internacional\",\"datePublished\":\"2020-11-20T22:26:02+00:00\",\"mainEntityOfPage\":{\"@id\":\"https:\/\/tabernaculoprensadedios.com\/web\/astronauta-cristiano-lleva-una-biblia-a-la-estacion-espacial-internacional\/\"},\"wordCount\":408,\"commentCount\":0,\"publisher\":{\"@id\":\"https:\/\/tabernaculoprensadedios.com\/web\/#\/schema\/person\/bc0e069fef56b38e177db6f098ae0b6e\"},\"image\":{\"@id\":\"https:\/\/tabernaculoprensadedios.com\/web\/astronauta-cristiano-lleva-una-biblia-a-la-estacion-espacial-internacional\/#primaryimage\"},\"thumbnailUrl\":\"https:\/\/tabernaculoprensadedios.com\/web\/wp-content\/uploads\/2020\/11\/5fb4ff4eb24f4_VictorGloverG.jpg\",\"articleSection\":[\"Internacionales\"],\"inLanguage\":\"es\",\"potentialAction\":[{\"@type\":\"CommentAction\",\"name\":\"Comment\",\"target\":[\"https:\/\/tabernaculoprensadedios.com\/web\/astronauta-cristiano-lleva-una-biblia-a-la-estacion-espacial-internacional\/#respond\"]}]},{\"@type\":\"WebPage\",\"@id\":\"https:\/\/tabernaculoprensadedios.com\/web\/astronauta-cristiano-lleva-una-biblia-a-la-estacion-espacial-internacional\/\",\"url\":\"https:\/\/tabernaculoprensadedios.com\/web\/astronauta-cristiano-lleva-una-biblia-a-la-estacion-espacial-internacional\/\",\"name\":\"Astronauta cristiano lleva una Biblia a la Estaci\u00f3n Espacial Internacional - Tabernaculo Prensa de Dios\",\"isPartOf\":{\"@id\":\"https:\/\/tabernaculoprensadedios.com\/web\/#website\"},\"primaryImageOfPage\":{\"@id\":\"https:\/\/tabernaculoprensadedios.com\/web\/astronauta-cristiano-lleva-una-biblia-a-la-estacion-espacial-internacional\/#primaryimage\"},\"image\":{\"@id\":\"https:\/\/tabernaculoprensadedios.com\/web\/astronauta-cristiano-lleva-una-biblia-a-la-estacion-espacial-internacional\/#primaryimage\"},\"thumbnailUrl\":\"https:\/\/tabernaculoprensadedios.com\/web\/wp-content\/uploads\/2020\/11\/5fb4ff4eb24f4_VictorGloverG.jpg\",\"datePublished\":\"2020-11-20T22:26:02+00:00\",\"breadcrumb\":{\"@id\":\"https:\/\/tabernaculoprensadedios.com\/web\/astronauta-cristiano-lleva-una-biblia-a-la-estacion-espacial-internacional\/#breadcrumb\"},\"inLanguage\":\"es\",\"potentialAction\":[{\"@type\":\"ReadAction\",\"target\":[\"https:\/\/tabernaculoprensadedios.com\/web\/astronauta-cristiano-lleva-una-biblia-a-la-estacion-espacial-internacional\/\"]}]},{\"@type\":\"ImageObject\",\"inLanguage\":\"es\",\"@id\":\"https:\/\/tabernaculoprensadedios.com\/web\/astronauta-cristiano-lleva-una-biblia-a-la-estacion-espacial-internacional\/#primaryimage\",\"url\":\"https:\/\/tabernaculoprensadedios.com\/web\/wp-content\/uploads\/2020\/11\/5fb4ff4eb24f4_VictorGloverG.jpg\",\"contentUrl\":\"https:\/\/tabernaculoprensadedios.com\/web\/wp-content\/uploads\/2020\/11\/5fb4ff4eb24f4_VictorGloverG.jpg\",\"width\":940,\"height\":480,\"caption\":\"NASA astronaut Victor Glover is seen during a NASA event where it was announced that he, and NASA astronaut Mike Hopkins are assigned to the first mission to the International Space Station onboard SpaceX\u2019s Crew Dragon, Friday, Aug. 3, 2018 at NASA\u2019s Johnson Space Center in Houston, Texas. Astronauts assigned to crew the first flight tests and missions of the Boeing CST-100 Starliner and SpaceX Crew Dragon were announced during the event. Photo Credit: (NASA\/Bill Ingalls)\"},{\"@type\":\"BreadcrumbList\",\"@id\":\"https:\/\/tabernaculoprensadedios.com\/web\/astronauta-cristiano-lleva-una-biblia-a-la-estacion-espacial-internacional\/#breadcrumb\",\"itemListElement\":[{\"@type\":\"ListItem\",\"position\":1,\"name\":\"Portada\",\"item\":\"https:\/\/tabernaculoprensadedios.com\/web\/\"},{\"@type\":\"ListItem\",\"position\":2,\"name\":\"Astronauta cristiano lleva una Biblia a la Estaci\u00f3n Espacial Internacional\"}]},{\"@type\":\"WebSite\",\"@id\":\"https:\/\/tabernaculoprensadedios.com\/web\/#website\",\"url\":\"https:\/\/tabernaculoprensadedios.com\/web\/\",\"name\":\"Tabernaculo Prensa de Dios\",\"description\":\"Un medio a la manera de Dios\",\"publisher\":{\"@id\":\"https:\/\/tabernaculoprensadedios.com\/web\/#\/schema\/person\/bc0e069fef56b38e177db6f098ae0b6e\"},\"potentialAction\":[{\"@type\":\"SearchAction\",\"target\":{\"@type\":\"EntryPoint\",\"urlTemplate\":\"https:\/\/tabernaculoprensadedios.com\/web\/?s={search_term_string}\"},\"query-input\":{\"@type\":\"PropertyValueSpecification\",\"valueRequired\":true,\"valueName\":\"search_term_string\"}}],\"inLanguage\":\"es\"},{\"@type\":[\"Person\",\"Organization\"],\"@id\":\"https:\/\/tabernaculoprensadedios.com\/web\/#\/schema\/person\/bc0e069fef56b38e177db6f098ae0b6e\",\"name\":\"tabernaculo\",\"image\":{\"@type\":\"ImageObject\",\"inLanguage\":\"es\",\"@id\":\"https:\/\/tabernaculoprensadedios.com\/web\/#\/schema\/person\/image\/\",\"url\":\"https:\/\/tabernaculoprensadedios.com\/web\/wp-content\/uploads\/2015\/06\/login-logo1.png\",\"contentUrl\":\"https:\/\/tabernaculoprensadedios.com\/web\/wp-content\/uploads\/2015\/06\/login-logo1.png\",\"width\":300,\"height\":118,\"caption\":\"tabernaculo\"},\"logo\":{\"@id\":\"https:\/\/tabernaculoprensadedios.com\/web\/#\/schema\/person\/image\/\"}},{\"@type\":\"Person\",\"@id\":\"https:\/\/tabernaculoprensadedios.com\/web\/#\/schema\/person\/64ae3a8b2e245c8b8652b1294ca1860a\",\"name\":\"Malga\",\"image\":{\"@type\":\"ImageObject\",\"inLanguage\":\"es\",\"@id\":\"https:\/\/tabernaculoprensadedios.com\/web\/#\/schema\/person\/image\/\",\"url\":\"\/\/www.gravatar.com\/avatar\/b06041ad78a6d3dd6b8d5ebf9704448e?s=96&#038;r=g&#038;d=mm\",\"contentUrl\":\"\/\/www.gravatar.com\/avatar\/b06041ad78a6d3dd6b8d5ebf9704448e?s=96&#038;r=g&#038;d=mm\",\"caption\":\"Malga\"},\"url\":\"https:\/\/tabernaculoprensadedios.com\/web\/author\/malga\/\"}]}<\/script>\n<!-- \/ Yoast SEO Premium plugin. -->","yoast_head_json":{"title":"Astronauta cristiano lleva una Biblia a la Estaci\u00f3n Espacial Internacional - Tabernaculo Prensa de Dios","robots":{"index":"index","follow":"follow","max-snippet":"max-snippet:-1","max-image-preview":"max-image-preview:large","max-video-preview":"max-video-preview:-1"},"canonical":"https:\/\/tabernaculoprensadedios.com\/web\/astronauta-cristiano-lleva-una-biblia-a-la-estacion-espacial-internacional\/","og_locale":"es_ES","og_type":"article","og_title":"Astronauta cristiano lleva una Biblia a la Estaci\u00f3n Espacial Internacional","og_description":"Este astronauta planea seguir teniendo una fuerte relaci\u00f3n con Dios, incluso estando fuera de la tierra, de acuerdo con lo que coment\u00f3 en una entrevista. El astronauta\u00a0Victor Glover\u00a0est\u00e1 decidido a no alejarse de Dios a pesar de haber volado a la\u00a0Estaci\u00f3n Espacial Internacional\u00a0(ISS,\u00a0por sus siglas en ingl\u00e9s) el pasado domingo. Tras convertirse en el primer &hellip;","og_url":"https:\/\/tabernaculoprensadedios.com\/web\/astronauta-cristiano-lleva-una-biblia-a-la-estacion-espacial-internacional\/","og_site_name":"Tabernaculo Prensa de Dios","article_published_time":"2020-11-20T22:26:02+00:00","og_image":[{"width":940,"height":480,"url":"https:\/\/tabernaculoprensadedios.com\/web\/wp-content\/uploads\/2020\/11\/5fb4ff4eb24f4_VictorGloverG.jpg","type":"image\/jpeg"}],"author":"Malga","twitter_card":"summary_large_image","twitter_creator":"@PrensadeDios","twitter_site":"@PrensadeDios","twitter_misc":{"Escrito por":"Malga","Tiempo de lectura":"2 minutos"},"schema":{"@context":"https:\/\/schema.org","@graph":[{"@type":"Article","@id":"https:\/\/tabernaculoprensadedios.com\/web\/astronauta-cristiano-lleva-una-biblia-a-la-estacion-espacial-internacional\/#article","isPartOf":{"@id":"https:\/\/tabernaculoprensadedios.com\/web\/astronauta-cristiano-lleva-una-biblia-a-la-estacion-espacial-internacional\/"},"author":{"name":"Malga","@id":"https:\/\/tabernaculoprensadedios.com\/web\/#\/schema\/person\/64ae3a8b2e245c8b8652b1294ca1860a"},"headline":"Astronauta cristiano lleva una Biblia a la Estaci\u00f3n Espacial Internacional","datePublished":"2020-11-20T22:26:02+00:00","mainEntityOfPage":{"@id":"https:\/\/tabernaculoprensadedios.com\/web\/astronauta-cristiano-lleva-una-biblia-a-la-estacion-espacial-internacional\/"},"wordCount":408,"commentCount":0,"publisher":{"@id":"https:\/\/tabernaculoprensadedios.com\/web\/#\/schema\/person\/bc0e069fef56b38e177db6f098ae0b6e"},"image":{"@id":"https:\/\/tabernaculoprensadedios.com\/web\/astronauta-cristiano-lleva-una-biblia-a-la-estacion-espacial-internacional\/#primaryimage"},"thumbnailUrl":"https:\/\/tabernaculoprensadedios.com\/web\/wp-content\/uploads\/2020\/11\/5fb4ff4eb24f4_VictorGloverG.jpg","articleSection":["Internacionales"],"inLanguage":"es","potentialAction":[{"@type":"CommentAction","name":"Comment","target":["https:\/\/tabernaculoprensadedios.com\/web\/astronauta-cristiano-lleva-una-biblia-a-la-estacion-espacial-internacional\/#respond"]}]},{"@type":"WebPage","@id":"https:\/\/tabernaculoprensadedios.com\/web\/astronauta-cristiano-lleva-una-biblia-a-la-estacion-espacial-internacional\/","url":"https:\/\/tabernaculoprensadedios.com\/web\/astronauta-cristiano-lleva-una-biblia-a-la-estacion-espacial-internacional\/","name":"Astronauta cristiano lleva una Biblia a la Estaci\u00f3n Espacial Internacional - Tabernaculo Prensa de Dios","isPartOf":{"@id":"https:\/\/tabernaculoprensadedios.com\/web\/#website"},"primaryImageOfPage":{"@id":"https:\/\/tabernaculoprensadedios.com\/web\/astronauta-cristiano-lleva-una-biblia-a-la-estacion-espacial-internacional\/#primaryimage"},"image":{"@id":"https:\/\/tabernaculoprensadedios.com\/web\/astronauta-cristiano-lleva-una-biblia-a-la-estacion-espacial-internacional\/#primaryimage"},"thumbnailUrl":"https:\/\/tabernaculoprensadedios.com\/web\/wp-content\/uploads\/2020\/11\/5fb4ff4eb24f4_VictorGloverG.jpg","datePublished":"2020-11-20T22:26:02+00:00","breadcrumb":{"@id":"https:\/\/tabernaculoprensadedios.com\/web\/astronauta-cristiano-lleva-una-biblia-a-la-estacion-espacial-internacional\/#breadcrumb"},"inLanguage":"es","potentialAction":[{"@type":"ReadAction","target":["https:\/\/tabernaculoprensadedios.com\/web\/astronauta-cristiano-lleva-una-biblia-a-la-estacion-espacial-internacional\/"]}]},{"@type":"ImageObject","inLanguage":"es","@id":"https:\/\/tabernaculoprensadedios.com\/web\/astronauta-cristiano-lleva-una-biblia-a-la-estacion-espacial-internacional\/#primaryimage","url":"https:\/\/tabernaculoprensadedios.com\/web\/wp-content\/uploads\/2020\/11\/5fb4ff4eb24f4_VictorGloverG.jpg","contentUrl":"https:\/\/tabernaculoprensadedios.com\/web\/wp-content\/uploads\/2020\/11\/5fb4ff4eb24f4_VictorGloverG.jpg","width":940,"height":480,"caption":"NASA astronaut Victor Glover is seen during a NASA event where it was announced that he, and NASA astronaut Mike Hopkins are assigned to the first mission to the International Space Station onboard SpaceX\u2019s Crew Dragon, Friday, Aug. 3, 2018 at NASA\u2019s Johnson Space Center in Houston, Texas. Astronauts assigned to crew the first flight tests and missions of the Boeing CST-100 Starliner and SpaceX Crew Dragon were announced during the event. Photo Credit: (NASA\/Bill Ingalls)"},{"@type":"BreadcrumbList","@id":"https:\/\/tabernaculoprensadedios.com\/web\/astronauta-cristiano-lleva-una-biblia-a-la-estacion-espacial-internacional\/#breadcrumb","itemListElement":[{"@type":"ListItem","position":1,"name":"Portada","item":"https:\/\/tabernaculoprensadedios.com\/web\/"},{"@type":"ListItem","position":2,"name":"Astronauta cristiano lleva una Biblia a la Estaci\u00f3n Espacial Internacional"}]},{"@type":"WebSite","@id":"https:\/\/tabernaculoprensadedios.com\/web\/#website","url":"https:\/\/tabernaculoprensadedios.com\/web\/","name":"Tabernaculo Prensa de Dios","description":"Un medio a la manera de Dios","publisher":{"@id":"https:\/\/tabernaculoprensadedios.com\/web\/#\/schema\/person\/bc0e069fef56b38e177db6f098ae0b6e"},"potentialAction":[{"@type":"SearchAction","target":{"@type":"EntryPoint","urlTemplate":"https:\/\/tabernaculoprensadedios.com\/web\/?s={search_term_string}"},"query-input":{"@type":"PropertyValueSpecification","valueRequired":true,"valueName":"search_term_string"}}],"inLanguage":"es"},{"@type":["Person","Organization"],"@id":"https:\/\/tabernaculoprensadedios.com\/web\/#\/schema\/person\/bc0e069fef56b38e177db6f098ae0b6e","name":"tabernaculo","image":{"@type":"ImageObject","inLanguage":"es","@id":"https:\/\/tabernaculoprensadedios.com\/web\/#\/schema\/person\/image\/","url":"https:\/\/tabernaculoprensadedios.com\/web\/wp-content\/uploads\/2015\/06\/login-logo1.png","contentUrl":"https:\/\/tabernaculoprensadedios.com\/web\/wp-content\/uploads\/2015\/06\/login-logo1.png","width":300,"height":118,"caption":"tabernaculo"},"logo":{"@id":"https:\/\/tabernaculoprensadedios.com\/web\/#\/schema\/person\/image\/"}},{"@type":"Person","@id":"https:\/\/tabernaculoprensadedios.com\/web\/#\/schema\/person\/64ae3a8b2e245c8b8652b1294ca1860a","name":"Malga","image":{"@type":"ImageObject","inLanguage":"es","@id":"https:\/\/tabernaculoprensadedios.com\/web\/#\/schema\/person\/image\/","url":"\/\/www.gravatar.com\/avatar\/b06041ad78a6d3dd6b8d5ebf9704448e?s=96&#038;r=g&#038;d=mm","contentUrl":"\/\/www.gravatar.com\/avatar\/b06041ad78a6d3dd6b8d5ebf9704448e?s=96&#038;r=g&#038;d=mm","caption":"Malga"},"url":"https:\/\/tabernaculoprensadedios.com\/web\/author\/malga\/"}]}},"_links":{"self":[{"href":"https:\/\/tabernaculoprensadedios.com\/web\/wp-json\/wp\/v2\/posts\/20252","targetHints":{"allow":["GET"]}}],"collection":[{"href":"https:\/\/tabernaculoprensadedios.com\/web\/wp-json\/wp\/v2\/posts"}],"about":[{"href":"https:\/\/tabernaculoprensadedios.com\/web\/wp-json\/wp\/v2\/types\/post"}],"author":[{"embeddable":true,"href":"https:\/\/tabernaculoprensadedios.com\/web\/wp-json\/wp\/v2\/users\/2"}],"replies":[{"embeddable":true,"href":"https:\/\/tabernaculoprensadedios.com\/web\/wp-json\/wp\/v2\/comments?post=20252"}],"version-history":[{"count":1,"href":"https:\/\/tabernaculoprensadedios.com\/web\/wp-json\/wp\/v2\/posts\/20252\/revisions"}],"predecessor-version":[{"id":20254,"href":"https:\/\/tabernaculoprensadedios.com\/web\/wp-json\/wp\/v2\/posts\/20252\/revisions\/20254"}],"wp:featuredmedia":[{"embeddable":true,"href":"https:\/\/tabernaculoprensadedios.com\/web\/wp-json\/wp\/v2\/media\/20253"}],"wp:attachment":[{"href":"https:\/\/tabernaculoprensadedios.com\/web\/wp-json\/wp\/v2\/media?parent=20252"}],"wp:term":[{"taxonomy":"category","embeddable":true,"href":"https:\/\/tabernaculoprensadedios.com\/web\/wp-json\/wp\/v2\/categories?post=20252"},{"taxonomy":"post_tag","embeddable":true,"href":"https:\/\/tabernaculoprensadedios.com\/web\/wp-json\/wp\/v2\/tags?post=20252"}],"curies":[{"name":"wp","href":"https:\/\/api.w.org\/{rel}","templated":true}]}}