{"id":20240,"date":"2020-11-20T21:45:03","date_gmt":"2020-11-20T21:45:03","guid":{"rendered":"http:\/\/tabernaculoprensadedios.com\/web\/?p=20240"},"modified":"2020-11-20T21:45:03","modified_gmt":"2020-11-20T21:45:03","slug":"especialista-bernardo-kliksberg-dice-hay-tensiones-por-aplicacion-vacuna-por-covid-19","status":"publish","type":"post","link":"https:\/\/tabernaculoprensadedios.com\/web\/especialista-bernardo-kliksberg-dice-hay-tensiones-por-aplicacion-vacuna-por-covid-19\/","title":{"rendered":"Especialista Bernardo Kliksberg dice hay tensiones por aplicaci\u00f3n vacuna por Covid 19"},"content":{"rendered":"<p>El doctor Honoris Causa por 59 Universidades de Am\u00e9rica Latina, Europa y Asia, dijo que actualmente existen tensiones entre organismos internacionales, econ\u00f3micos con respecto a disponibilidad y aplicaci\u00f3n de la vacuna de Covid 19, ya que unos quieren que se aplique a toda la poblaci\u00f3n y otros que solo sean beneficiados 25 millones de dosis que estar\u00e1n disponibles para febrero de 2021.<\/p>\n<p>El experto en responsabilidad social, al exponer sus consideraciones durante la conferencia virtual \u201cHacia d\u00f3nde va el mundo?. El Papel de la Responsabilidad Social\u201d, evento auspiciado por la Qonakuy , la Corporaci\u00f3n Universitaria Reformada de Colombia, sostuvo que ante la gran crisis humanitaria que asola al mundo, espera que las empresas y los empresarios jueguen un rol central en las soluciones. Que en lugar de hacerse a un lado, se involucren y contribuyan innovadoramente de soluciones sociales.<\/p>\n<p>\u201cEn nuestra regi\u00f3n, la desigualdad se mantiene en \u00e1reas muy sensibles como el acceso a la tierra, a la salud, a la educaci\u00f3n, al financiamiento y a la tecnolog\u00eda, generando la persistencia de elevados \u00edndices de pobreza. Las experiencias de la Argentina, Brasil y Uruguay, Per\u00fa indican un camino de salida\u201d. A\u00f1adi\u00f3.<\/p>\n<p>En cuanto al aspecto de la desigualdad de g\u00e9nero, dijo que La dimensi\u00f3n m\u00e1s difundida de la desigualdad latinoamericana es la que se da en la distribuci\u00f3n de los ingresos, pero no es la \u00fanica, ni la m\u00e1s grave. La desigualdad se halla presente en todas las dimensiones centrales de la vida cotidiana de la regi\u00f3n.<\/p>\n<p>En otro aspecto de su ponencia Bernardo Kliksberg, explico que los efectos del cambio clim\u00e1tico impactan a casi todos los sectores, pero golpean en una medida mucho mayor a los pobres del mundo. Muchos de ellos viven de los recursos naturales, y su deterioro rompe equilibrios de supervivencia hist\u00f3ricos. Por otra parte, sus recursos para atenuar y mitigar los impactos clim\u00e1ticos son m\u00ednimos.<\/p>\n<p>En la actividad participaron autoridades y personal docente de la Universidad Nacional Evang\u00e9lica (Unev) los cuales siguieron con entusiasmo\u00a0 a\u00a0 uno de los l\u00edderes en la renovaci\u00f3n del pensamiento sobre la reforma del Estado, la administraci\u00f3n p\u00fablica, el servicio civil, y la formaci\u00f3n de altos funcionarios p\u00fablicos.<\/p>\n","protected":false},"excerpt":{"rendered":"<p>El doctor Honoris Causa por 59 Universidades de Am\u00e9rica Latina, Europa y Asia, dijo que actualmente existen tensiones entre organismos internacionales, econ\u00f3micos con respecto a disponibilidad y aplicaci\u00f3n de la vacuna de Covid 19, ya que unos quieren que se aplique a toda la poblaci\u00f3n y otros que solo sean beneficiados 25 millones de dosis &hellip;<\/p>\n","protected":false},"author":2,"featured_media":20241,"comment_status":"open","ping_status":"open","sticky":false,"template":"","format":"standard","meta":{"footnotes":""},"categories":[34],"tags":[],"class_list":["post-20240","post","type-post","status-publish","format-standard","has-post-thumbnail","hentry","category-articulos"],"yoast_head":"<!-- This site is optimized with the Yoast SEO Premium plugin v24.2 (Yoast SEO v27.1.1) - https:\/\/yoast.com\/product\/yoast-seo-premium-wordpress\/ -->\n<title>Especialista Bernardo Kliksberg dice hay tensiones por aplicaci\u00f3n vacuna por Covid 19 - Tabernaculo Prensa de Dios<\/title>\n<meta name=\"robots\" content=\"index, follow, max-snippet:-1, max-image-preview:large, max-video-preview:-1\" \/>\n<link rel=\"canonical\" href=\"https:\/\/tabernaculoprensadedios.com\/web\/especialista-bernardo-kliksberg-dice-hay-tensiones-por-aplicacion-vacuna-por-covid-19\/\" class=\"yoast-seo-meta-tag\" \/>\n<meta property=\"og:locale\" content=\"es_ES\" class=\"yoast-seo-meta-tag\" \/>\n<meta property=\"og:type\" content=\"article\" class=\"yoast-seo-meta-tag\" \/>\n<meta property=\"og:title\" content=\"Especialista Bernardo Kliksberg dice hay tensiones por aplicaci\u00f3n vacuna por Covid 19\" class=\"yoast-seo-meta-tag\" \/>\n<meta property=\"og:description\" content=\"El doctor Honoris Causa por 59 Universidades de Am\u00e9rica Latina, Europa y Asia, dijo que actualmente existen tensiones entre organismos internacionales, econ\u00f3micos con respecto a disponibilidad y aplicaci\u00f3n de la vacuna de Covid 19, ya que unos quieren que se aplique a toda la poblaci\u00f3n y otros que solo sean beneficiados 25 millones de dosis &hellip;\" class=\"yoast-seo-meta-tag\" \/>\n<meta property=\"og:url\" content=\"https:\/\/tabernaculoprensadedios.com\/web\/especialista-bernardo-kliksberg-dice-hay-tensiones-por-aplicacion-vacuna-por-covid-19\/\" class=\"yoast-seo-meta-tag\" \/>\n<meta property=\"og:site_name\" content=\"Tabernaculo Prensa de Dios\" class=\"yoast-seo-meta-tag\" \/>\n<meta property=\"article:published_time\" content=\"2020-11-20T21:45:03+00:00\" class=\"yoast-seo-meta-tag\" \/>\n<meta property=\"og:image\" content=\"https:\/\/tabernaculoprensadedios.com\/web\/wp-content\/uploads\/2020\/11\/experto.jpg\" class=\"yoast-seo-meta-tag\" \/>\n\t<meta property=\"og:image:width\" content=\"600\" class=\"yoast-seo-meta-tag\" \/>\n\t<meta property=\"og:image:height\" content=\"817\" class=\"yoast-seo-meta-tag\" \/>\n\t<meta property=\"og:image:type\" content=\"image\/jpeg\" class=\"yoast-seo-meta-tag\" \/>\n<meta name=\"author\" content=\"Malga\" class=\"yoast-seo-meta-tag\" \/>\n<meta name=\"twitter:card\" content=\"summary_large_image\" class=\"yoast-seo-meta-tag\" \/>\n<meta name=\"twitter:creator\" content=\"@PrensadeDios\" class=\"yoast-seo-meta-tag\" \/>\n<meta name=\"twitter:site\" content=\"@PrensadeDios\" class=\"yoast-seo-meta-tag\" \/>\n<meta name=\"twitter:label1\" content=\"Escrito por\" class=\"yoast-seo-meta-tag\" \/>\n\t<meta name=\"twitter:data1\" content=\"Malga\" class=\"yoast-seo-meta-tag\" \/>\n\t<meta name=\"twitter:label2\" content=\"Tiempo de lectura\" class=\"yoast-seo-meta-tag\" \/>\n\t<meta name=\"twitter:data2\" content=\"2 minutos\" class=\"yoast-seo-meta-tag\" \/>\n<script type=\"application\/ld+json\" class=\"yoast-schema-graph\">{\"@context\":\"https:\/\/schema.org\",\"@graph\":[{\"@type\":\"Article\",\"@id\":\"https:\/\/tabernaculoprensadedios.com\/web\/especialista-bernardo-kliksberg-dice-hay-tensiones-por-aplicacion-vacuna-por-covid-19\/#article\",\"isPartOf\":{\"@id\":\"https:\/\/tabernaculoprensadedios.com\/web\/especialista-bernardo-kliksberg-dice-hay-tensiones-por-aplicacion-vacuna-por-covid-19\/\"},\"author\":{\"name\":\"Malga\",\"@id\":\"https:\/\/tabernaculoprensadedios.com\/web\/#\/schema\/person\/64ae3a8b2e245c8b8652b1294ca1860a\"},\"headline\":\"Especialista Bernardo Kliksberg dice hay tensiones por aplicaci\u00f3n vacuna por Covid 19\",\"datePublished\":\"2020-11-20T21:45:03+00:00\",\"mainEntityOfPage\":{\"@id\":\"https:\/\/tabernaculoprensadedios.com\/web\/especialista-bernardo-kliksberg-dice-hay-tensiones-por-aplicacion-vacuna-por-covid-19\/\"},\"wordCount\":392,\"commentCount\":0,\"publisher\":{\"@id\":\"https:\/\/tabernaculoprensadedios.com\/web\/#\/schema\/person\/bc0e069fef56b38e177db6f098ae0b6e\"},\"image\":{\"@id\":\"https:\/\/tabernaculoprensadedios.com\/web\/especialista-bernardo-kliksberg-dice-hay-tensiones-por-aplicacion-vacuna-por-covid-19\/#primaryimage\"},\"thumbnailUrl\":\"https:\/\/tabernaculoprensadedios.com\/web\/wp-content\/uploads\/2020\/11\/experto.jpg\",\"articleSection\":[\"Articulos\"],\"inLanguage\":\"es\",\"potentialAction\":[{\"@type\":\"CommentAction\",\"name\":\"Comment\",\"target\":[\"https:\/\/tabernaculoprensadedios.com\/web\/especialista-bernardo-kliksberg-dice-hay-tensiones-por-aplicacion-vacuna-por-covid-19\/#respond\"]}]},{\"@type\":\"WebPage\",\"@id\":\"https:\/\/tabernaculoprensadedios.com\/web\/especialista-bernardo-kliksberg-dice-hay-tensiones-por-aplicacion-vacuna-por-covid-19\/\",\"url\":\"https:\/\/tabernaculoprensadedios.com\/web\/especialista-bernardo-kliksberg-dice-hay-tensiones-por-aplicacion-vacuna-por-covid-19\/\",\"name\":\"Especialista Bernardo Kliksberg dice hay tensiones por aplicaci\u00f3n vacuna por Covid 19 - Tabernaculo Prensa de Dios\",\"isPartOf\":{\"@id\":\"https:\/\/tabernaculoprensadedios.com\/web\/#website\"},\"primaryImageOfPage\":{\"@id\":\"https:\/\/tabernaculoprensadedios.com\/web\/especialista-bernardo-kliksberg-dice-hay-tensiones-por-aplicacion-vacuna-por-covid-19\/#primaryimage\"},\"image\":{\"@id\":\"https:\/\/tabernaculoprensadedios.com\/web\/especialista-bernardo-kliksberg-dice-hay-tensiones-por-aplicacion-vacuna-por-covid-19\/#primaryimage\"},\"thumbnailUrl\":\"https:\/\/tabernaculoprensadedios.com\/web\/wp-content\/uploads\/2020\/11\/experto.jpg\",\"datePublished\":\"2020-11-20T21:45:03+00:00\",\"breadcrumb\":{\"@id\":\"https:\/\/tabernaculoprensadedios.com\/web\/especialista-bernardo-kliksberg-dice-hay-tensiones-por-aplicacion-vacuna-por-covid-19\/#breadcrumb\"},\"inLanguage\":\"es\",\"potentialAction\":[{\"@type\":\"ReadAction\",\"target\":[\"https:\/\/tabernaculoprensadedios.com\/web\/especialista-bernardo-kliksberg-dice-hay-tensiones-por-aplicacion-vacuna-por-covid-19\/\"]}]},{\"@type\":\"ImageObject\",\"inLanguage\":\"es\",\"@id\":\"https:\/\/tabernaculoprensadedios.com\/web\/especialista-bernardo-kliksberg-dice-hay-tensiones-por-aplicacion-vacuna-por-covid-19\/#primaryimage\",\"url\":\"https:\/\/tabernaculoprensadedios.com\/web\/wp-content\/uploads\/2020\/11\/experto.jpg\",\"contentUrl\":\"https:\/\/tabernaculoprensadedios.com\/web\/wp-content\/uploads\/2020\/11\/experto.jpg\",\"width\":600,\"height\":817},{\"@type\":\"BreadcrumbList\",\"@id\":\"https:\/\/tabernaculoprensadedios.com\/web\/especialista-bernardo-kliksberg-dice-hay-tensiones-por-aplicacion-vacuna-por-covid-19\/#breadcrumb\",\"itemListElement\":[{\"@type\":\"ListItem\",\"position\":1,\"name\":\"Portada\",\"item\":\"https:\/\/tabernaculoprensadedios.com\/web\/\"},{\"@type\":\"ListItem\",\"position\":2,\"name\":\"Especialista Bernardo Kliksberg dice hay tensiones por aplicaci\u00f3n vacuna por Covid 19\"}]},{\"@type\":\"WebSite\",\"@id\":\"https:\/\/tabernaculoprensadedios.com\/web\/#website\",\"url\":\"https:\/\/tabernaculoprensadedios.com\/web\/\",\"name\":\"Tabernaculo Prensa de Dios\",\"description\":\"Un medio a la manera de Dios\",\"publisher\":{\"@id\":\"https:\/\/tabernaculoprensadedios.com\/web\/#\/schema\/person\/bc0e069fef56b38e177db6f098ae0b6e\"},\"potentialAction\":[{\"@type\":\"SearchAction\",\"target\":{\"@type\":\"EntryPoint\",\"urlTemplate\":\"https:\/\/tabernaculoprensadedios.com\/web\/?s={search_term_string}\"},\"query-input\":{\"@type\":\"PropertyValueSpecification\",\"valueRequired\":true,\"valueName\":\"search_term_string\"}}],\"inLanguage\":\"es\"},{\"@type\":[\"Person\",\"Organization\"],\"@id\":\"https:\/\/tabernaculoprensadedios.com\/web\/#\/schema\/person\/bc0e069fef56b38e177db6f098ae0b6e\",\"name\":\"tabernaculo\",\"image\":{\"@type\":\"ImageObject\",\"inLanguage\":\"es\",\"@id\":\"https:\/\/tabernaculoprensadedios.com\/web\/#\/schema\/person\/image\/\",\"url\":\"https:\/\/tabernaculoprensadedios.com\/web\/wp-content\/uploads\/2015\/06\/login-logo1.png\",\"contentUrl\":\"https:\/\/tabernaculoprensadedios.com\/web\/wp-content\/uploads\/2015\/06\/login-logo1.png\",\"width\":300,\"height\":118,\"caption\":\"tabernaculo\"},\"logo\":{\"@id\":\"https:\/\/tabernaculoprensadedios.com\/web\/#\/schema\/person\/image\/\"}},{\"@type\":\"Person\",\"@id\":\"https:\/\/tabernaculoprensadedios.com\/web\/#\/schema\/person\/64ae3a8b2e245c8b8652b1294ca1860a\",\"name\":\"Malga\",\"image\":{\"@type\":\"ImageObject\",\"inLanguage\":\"es\",\"@id\":\"https:\/\/tabernaculoprensadedios.com\/web\/#\/schema\/person\/image\/\",\"url\":\"\/\/www.gravatar.com\/avatar\/b06041ad78a6d3dd6b8d5ebf9704448e?s=96&#038;r=g&#038;d=mm\",\"contentUrl\":\"\/\/www.gravatar.com\/avatar\/b06041ad78a6d3dd6b8d5ebf9704448e?s=96&#038;r=g&#038;d=mm\",\"caption\":\"Malga\"},\"url\":\"https:\/\/tabernaculoprensadedios.com\/web\/author\/malga\/\"}]}<\/script>\n<!-- \/ Yoast SEO Premium plugin. -->","yoast_head_json":{"title":"Especialista Bernardo Kliksberg dice hay tensiones por aplicaci\u00f3n vacuna por Covid 19 - Tabernaculo Prensa de Dios","robots":{"index":"index","follow":"follow","max-snippet":"max-snippet:-1","max-image-preview":"max-image-preview:large","max-video-preview":"max-video-preview:-1"},"canonical":"https:\/\/tabernaculoprensadedios.com\/web\/especialista-bernardo-kliksberg-dice-hay-tensiones-por-aplicacion-vacuna-por-covid-19\/","og_locale":"es_ES","og_type":"article","og_title":"Especialista Bernardo Kliksberg dice hay tensiones por aplicaci\u00f3n vacuna por Covid 19","og_description":"El doctor Honoris Causa por 59 Universidades de Am\u00e9rica Latina, Europa y Asia, dijo que actualmente existen tensiones entre organismos internacionales, econ\u00f3micos con respecto a disponibilidad y aplicaci\u00f3n de la vacuna de Covid 19, ya que unos quieren que se aplique a toda la poblaci\u00f3n y otros que solo sean beneficiados 25 millones de dosis &hellip;","og_url":"https:\/\/tabernaculoprensadedios.com\/web\/especialista-bernardo-kliksberg-dice-hay-tensiones-por-aplicacion-vacuna-por-covid-19\/","og_site_name":"Tabernaculo Prensa de Dios","article_published_time":"2020-11-20T21:45:03+00:00","og_image":[{"width":600,"height":817,"url":"https:\/\/tabernaculoprensadedios.com\/web\/wp-content\/uploads\/2020\/11\/experto.jpg","type":"image\/jpeg"}],"author":"Malga","twitter_card":"summary_large_image","twitter_creator":"@PrensadeDios","twitter_site":"@PrensadeDios","twitter_misc":{"Escrito por":"Malga","Tiempo de lectura":"2 minutos"},"schema":{"@context":"https:\/\/schema.org","@graph":[{"@type":"Article","@id":"https:\/\/tabernaculoprensadedios.com\/web\/especialista-bernardo-kliksberg-dice-hay-tensiones-por-aplicacion-vacuna-por-covid-19\/#article","isPartOf":{"@id":"https:\/\/tabernaculoprensadedios.com\/web\/especialista-bernardo-kliksberg-dice-hay-tensiones-por-aplicacion-vacuna-por-covid-19\/"},"author":{"name":"Malga","@id":"https:\/\/tabernaculoprensadedios.com\/web\/#\/schema\/person\/64ae3a8b2e245c8b8652b1294ca1860a"},"headline":"Especialista Bernardo Kliksberg dice hay tensiones por aplicaci\u00f3n vacuna por Covid 19","datePublished":"2020-11-20T21:45:03+00:00","mainEntityOfPage":{"@id":"https:\/\/tabernaculoprensadedios.com\/web\/especialista-bernardo-kliksberg-dice-hay-tensiones-por-aplicacion-vacuna-por-covid-19\/"},"wordCount":392,"commentCount":0,"publisher":{"@id":"https:\/\/tabernaculoprensadedios.com\/web\/#\/schema\/person\/bc0e069fef56b38e177db6f098ae0b6e"},"image":{"@id":"https:\/\/tabernaculoprensadedios.com\/web\/especialista-bernardo-kliksberg-dice-hay-tensiones-por-aplicacion-vacuna-por-covid-19\/#primaryimage"},"thumbnailUrl":"https:\/\/tabernaculoprensadedios.com\/web\/wp-content\/uploads\/2020\/11\/experto.jpg","articleSection":["Articulos"],"inLanguage":"es","potentialAction":[{"@type":"CommentAction","name":"Comment","target":["https:\/\/tabernaculoprensadedios.com\/web\/especialista-bernardo-kliksberg-dice-hay-tensiones-por-aplicacion-vacuna-por-covid-19\/#respond"]}]},{"@type":"WebPage","@id":"https:\/\/tabernaculoprensadedios.com\/web\/especialista-bernardo-kliksberg-dice-hay-tensiones-por-aplicacion-vacuna-por-covid-19\/","url":"https:\/\/tabernaculoprensadedios.com\/web\/especialista-bernardo-kliksberg-dice-hay-tensiones-por-aplicacion-vacuna-por-covid-19\/","name":"Especialista Bernardo Kliksberg dice hay tensiones por aplicaci\u00f3n vacuna por Covid 19 - Tabernaculo Prensa de Dios","isPartOf":{"@id":"https:\/\/tabernaculoprensadedios.com\/web\/#website"},"primaryImageOfPage":{"@id":"https:\/\/tabernaculoprensadedios.com\/web\/especialista-bernardo-kliksberg-dice-hay-tensiones-por-aplicacion-vacuna-por-covid-19\/#primaryimage"},"image":{"@id":"https:\/\/tabernaculoprensadedios.com\/web\/especialista-bernardo-kliksberg-dice-hay-tensiones-por-aplicacion-vacuna-por-covid-19\/#primaryimage"},"thumbnailUrl":"https:\/\/tabernaculoprensadedios.com\/web\/wp-content\/uploads\/2020\/11\/experto.jpg","datePublished":"2020-11-20T21:45:03+00:00","breadcrumb":{"@id":"https:\/\/tabernaculoprensadedios.com\/web\/especialista-bernardo-kliksberg-dice-hay-tensiones-por-aplicacion-vacuna-por-covid-19\/#breadcrumb"},"inLanguage":"es","potentialAction":[{"@type":"ReadAction","target":["https:\/\/tabernaculoprensadedios.com\/web\/especialista-bernardo-kliksberg-dice-hay-tensiones-por-aplicacion-vacuna-por-covid-19\/"]}]},{"@type":"ImageObject","inLanguage":"es","@id":"https:\/\/tabernaculoprensadedios.com\/web\/especialista-bernardo-kliksberg-dice-hay-tensiones-por-aplicacion-vacuna-por-covid-19\/#primaryimage","url":"https:\/\/tabernaculoprensadedios.com\/web\/wp-content\/uploads\/2020\/11\/experto.jpg","contentUrl":"https:\/\/tabernaculoprensadedios.com\/web\/wp-content\/uploads\/2020\/11\/experto.jpg","width":600,"height":817},{"@type":"BreadcrumbList","@id":"https:\/\/tabernaculoprensadedios.com\/web\/especialista-bernardo-kliksberg-dice-hay-tensiones-por-aplicacion-vacuna-por-covid-19\/#breadcrumb","itemListElement":[{"@type":"ListItem","position":1,"name":"Portada","item":"https:\/\/tabernaculoprensadedios.com\/web\/"},{"@type":"ListItem","position":2,"name":"Especialista Bernardo Kliksberg dice hay tensiones por aplicaci\u00f3n vacuna por Covid 19"}]},{"@type":"WebSite","@id":"https:\/\/tabernaculoprensadedios.com\/web\/#website","url":"https:\/\/tabernaculoprensadedios.com\/web\/","name":"Tabernaculo Prensa de Dios","description":"Un medio a la manera de Dios","publisher":{"@id":"https:\/\/tabernaculoprensadedios.com\/web\/#\/schema\/person\/bc0e069fef56b38e177db6f098ae0b6e"},"potentialAction":[{"@type":"SearchAction","target":{"@type":"EntryPoint","urlTemplate":"https:\/\/tabernaculoprensadedios.com\/web\/?s={search_term_string}"},"query-input":{"@type":"PropertyValueSpecification","valueRequired":true,"valueName":"search_term_string"}}],"inLanguage":"es"},{"@type":["Person","Organization"],"@id":"https:\/\/tabernaculoprensadedios.com\/web\/#\/schema\/person\/bc0e069fef56b38e177db6f098ae0b6e","name":"tabernaculo","image":{"@type":"ImageObject","inLanguage":"es","@id":"https:\/\/tabernaculoprensadedios.com\/web\/#\/schema\/person\/image\/","url":"https:\/\/tabernaculoprensadedios.com\/web\/wp-content\/uploads\/2015\/06\/login-logo1.png","contentUrl":"https:\/\/tabernaculoprensadedios.com\/web\/wp-content\/uploads\/2015\/06\/login-logo1.png","width":300,"height":118,"caption":"tabernaculo"},"logo":{"@id":"https:\/\/tabernaculoprensadedios.com\/web\/#\/schema\/person\/image\/"}},{"@type":"Person","@id":"https:\/\/tabernaculoprensadedios.com\/web\/#\/schema\/person\/64ae3a8b2e245c8b8652b1294ca1860a","name":"Malga","image":{"@type":"ImageObject","inLanguage":"es","@id":"https:\/\/tabernaculoprensadedios.com\/web\/#\/schema\/person\/image\/","url":"\/\/www.gravatar.com\/avatar\/b06041ad78a6d3dd6b8d5ebf9704448e?s=96&#038;r=g&#038;d=mm","contentUrl":"\/\/www.gravatar.com\/avatar\/b06041ad78a6d3dd6b8d5ebf9704448e?s=96&#038;r=g&#038;d=mm","caption":"Malga"},"url":"https:\/\/tabernaculoprensadedios.com\/web\/author\/malga\/"}]}},"_links":{"self":[{"href":"https:\/\/tabernaculoprensadedios.com\/web\/wp-json\/wp\/v2\/posts\/20240","targetHints":{"allow":["GET"]}}],"collection":[{"href":"https:\/\/tabernaculoprensadedios.com\/web\/wp-json\/wp\/v2\/posts"}],"about":[{"href":"https:\/\/tabernaculoprensadedios.com\/web\/wp-json\/wp\/v2\/types\/post"}],"author":[{"embeddable":true,"href":"https:\/\/tabernaculoprensadedios.com\/web\/wp-json\/wp\/v2\/users\/2"}],"replies":[{"embeddable":true,"href":"https:\/\/tabernaculoprensadedios.com\/web\/wp-json\/wp\/v2\/comments?post=20240"}],"version-history":[{"count":1,"href":"https:\/\/tabernaculoprensadedios.com\/web\/wp-json\/wp\/v2\/posts\/20240\/revisions"}],"predecessor-version":[{"id":20242,"href":"https:\/\/tabernaculoprensadedios.com\/web\/wp-json\/wp\/v2\/posts\/20240\/revisions\/20242"}],"wp:featuredmedia":[{"embeddable":true,"href":"https:\/\/tabernaculoprensadedios.com\/web\/wp-json\/wp\/v2\/media\/20241"}],"wp:attachment":[{"href":"https:\/\/tabernaculoprensadedios.com\/web\/wp-json\/wp\/v2\/media?parent=20240"}],"wp:term":[{"taxonomy":"category","embeddable":true,"href":"https:\/\/tabernaculoprensadedios.com\/web\/wp-json\/wp\/v2\/categories?post=20240"},{"taxonomy":"post_tag","embeddable":true,"href":"https:\/\/tabernaculoprensadedios.com\/web\/wp-json\/wp\/v2\/tags?post=20240"}],"curies":[{"name":"wp","href":"https:\/\/api.w.org\/{rel}","templated":true}]}}