{"id":20232,"date":"2020-11-20T16:32:05","date_gmt":"2020-11-20T16:32:05","guid":{"rendered":"http:\/\/tabernaculoprensadedios.com\/web\/?p=20232"},"modified":"2020-11-20T16:32:05","modified_gmt":"2020-11-20T16:32:05","slug":"la-razon-de-tu-batalla","status":"publish","type":"post","link":"https:\/\/tabernaculoprensadedios.com\/web\/la-razon-de-tu-batalla\/","title":{"rendered":"La raz\u00f3n de tu Batalla"},"content":{"rendered":"<p><strong><em>As\u00ed que t\u00fa, hijo m\u00edo, fortal\u00e9cete por la gracia que tenemos en Cristo Jes\u00fas. Lo que me has o\u00eddo decir en presencia de muchos testigos, encomi\u00e9ndalo a creyentes dignos de confianza, que a su vez est\u00e9n capacitados para ense\u00f1ar a otros. Comparte nuestros sufrimientos, como buen soldado de Cristo Jes\u00fas. 2 Timoteo 2:1-3{<\/em><\/strong><\/p>\n<p>De esta oscuridad surgir\u00e1n todos aquellos, en el Cuerpo de Cristo, que han sido creados para un tiempo como este. Cada uno de ellos ha sido preparado en la oscuridad y saben qui\u00e9nes son en Cristo. Son parte de los guerreros del fin de los tiempos que Dios ha elegido y ordenado por Su mano. Este es su tiempo y, de hecho, est\u00e1 a la vuelta de la esquina. Su vida no ha sido f\u00e1cil sino m\u00e1s bien desafiante. Han tenido que aprender al 100% a depender solo de Dios. Todo lo que han pasado no ha sido en vano y no habr\u00e1 m\u00e1s que fruto en todo ello. Cuanto mas grande es el llamado y la unci\u00f3n, m\u00e1s intensa es la carrera de obst\u00e1culos para el entrenamiento.<\/p>\n<p>Estas personas que Dios est\u00e1 a punto de posicionar son personas que nadie pens\u00f3 que estar\u00edan al frente de nada. Sin embargo, es Dios mismo quien los ha elegido por Su mano. Han tenido que enfrentar muchas cosas para estar donde est\u00e1n ahora y son un grupo elegido del Ej\u00e9rcito de Dios que no comprometer\u00e1 los caminos de Dios y Su Palabra a cualquier costo. Caminan con el temor del Se\u00f1or sobre ellos y son verdaderos vasos obedientes del Reino de los Cielos.<\/p>\n<p><strong>\u00a1AN\u00cdMENSE, GUERREROS PODEROSOS!<\/strong><\/p>\n<p>Es posible que hayan sentido que la oscuridad los ha rodeado durante mucho tiempo, pero la verdad es que fueron una semilla plantada en la tierra por Dios mismo. Durante el tiempo que estuvieron bajo tierra, constantemente la regaron, la nutrieron y la cuidaron. La consistencia de este proceso hizo que brotaran sus delicadas ra\u00edces. Este proceso dur\u00f3 un per\u00edodo de tiempo muy largo que ha causado que se sientan cansados por el viaje y ansiosos, a la espera de que algo cambie.<\/p>\n<p>La verdad es que durante este tiempo de lo que parec\u00eda una gran oscuridad, e incluso largos per\u00edodos de soledad, sus ra\u00edces recibieron protecci\u00f3n y tiempo para crecer adecuadamente. Las ra\u00edces necesitaban estar completamente fuertes y ancladas para poder soportar el peso del \u00e1rbol y sus frutos que est\u00e1n a punto de brotar. Ser\u00e1n como un encinar de justicia, un plant\u00edo del Se\u00f1or, para manifestar Su gloria (Isa\u00edas 61:3).\u00a0 \u00a1An\u00edmense porque su viaje, incluidos todos los sacrificios que han hecho para ser obedientes a Dios, han valido la pena!<\/p>\n<p>Muchas veces en determinadas situaciones parec\u00eda una demora, pero esta demora fue intencional, ya que fue para su protecci\u00f3n. No fue una demora en absoluto, de hecho, este era el momento adecuado para garantizar que las ra\u00edces estuvieran bien formadas, enraizadas y ancladas. Este lapso les ha asegurado que podr\u00e1n administrar y llevar bien lo que est\u00e1 por suceder. Este per\u00edodo les permiti\u00f3 darse el tiempo que necesitaban para asegurarse de que estuvieran alineados correctamente con la voluntad, los deseos y la Palabra de Dios. Se les estaba dando el tiempo para estar en la posici\u00f3n adecuada para recibir y ser liberados. \u00a1An\u00edmense! porque lo que parec\u00eda una demora ha sido su protecci\u00f3n y una bendici\u00f3n. El tiempo ha estado trabajando para ustedes de la mano de Dios.<\/p>\n<p>\u00bfNo empiezan a crecer y florecer los \u00e1rboles frutales en su temporadas y momento perfectos autom\u00e1ticamente? Como ocurre con cualquier \u00e1rbol frutal, cuando se le da el cuidado y la poda adecuados, en el momento adecuado, los frutos son abundantes. Desde el momento en que se planta una vid, puede tomar de 1 a 2 a\u00f1os como m\u00ednimo para que las ra\u00edces sean lo suficientemente fuertes como para poder dar fruto y sostener los racimos de uvas. De hecho, seg\u00fan mi experiencia, se aconseja no dejar que los racimos de uvas fructifiquen hasta que la planta est\u00e9 bien enraizada y las vides sean lo suficientemente fuertes. Lo mismo sucede con su vida. Deben pasar por temporada tras temporada de poda y limpieza para que tambi\u00e9n tengan ra\u00edces y ramas fuertes para poder sostener los frutos que est\u00e1n a punto de brotar. Como est\u00e1 escrito incluso en la Palabra, incluso las ramas que dan fruto deben podarse para que sean m\u00e1s fruct\u00edferas (Juan 15: 2). \u00bfC\u00f3mo podr\u00eda ser diferente en su vida? Sean pacientes consigo mismos en el proceso y reciban gracia a trav\u00e9s de todo.<\/p>\n<p>\u00a1Recuerden que sirven a un Dios que llega justo a tiempo! Sus caminos y pensamientos son m\u00e1s altos que los suyos (Isa\u00edas 55: 8-9). Dios hace las cosas de maneras que no pueden comprender. \u00c9l puede ver cosas que ustedes no pueden ver. Su mente natural primero quiere darle sentido a todo, aunque como creyentes en Cristo deben caminar por fe y no por vista (2 Corintios 5: 7). Es bueno que sepan que no es necesario que comprendan todos los detalles. Pueden confiar en Dios porque \u00c9l tiene el plano perfecto con todos los intrincados detalles que se van resolviendo a medida que siguen obedeciendo todas sus instrucciones. Han sido elegidos y ordenados por la mano de Dios. Nada ni nadie podr\u00e1 impedirles que prosperen en su temporada y momento perfectos. Entonces, dicho esto,\u00a0<strong>\u00a1SIGAN ADELANTE PORQUE NO ES TIEMPO DE RENDIRSE!<\/strong>\u00a0(Sanana Mataba)<\/p>\n<p><strong>Josu\u00e9 1:9<\/strong>\u00a0Ya te lo he ordenado: \u00a1S\u00e9 fuerte y valiente! \u00a1No tengas miedo ni te desanimes! Porque el Se\u00f1or tu Dios te acompa\u00f1ar\u00e1 dondequiera que vayas.<\/p>\n<p>Con amor y oraciones,<\/p>\n","protected":false},"excerpt":{"rendered":"<p>As\u00ed que t\u00fa, hijo m\u00edo, fortal\u00e9cete por la gracia que tenemos en Cristo Jes\u00fas. Lo que me has o\u00eddo decir en presencia de muchos testigos, encomi\u00e9ndalo a creyentes dignos de confianza, que a su vez est\u00e9n capacitados para ense\u00f1ar a otros. Comparte nuestros sufrimientos, como buen soldado de Cristo Jes\u00fas. 2 Timoteo 2:1-3{ De esta &hellip;<\/p>\n","protected":false},"author":1,"featured_media":20233,"comment_status":"open","ping_status":"open","sticky":false,"template":"","format":"standard","meta":{"footnotes":""},"categories":[34],"tags":[],"class_list":["post-20232","post","type-post","status-publish","format-standard","has-post-thumbnail","hentry","category-articulos"],"yoast_head":"<!-- This site is optimized with the Yoast SEO Premium plugin v24.2 (Yoast SEO v27.1.1) - https:\/\/yoast.com\/product\/yoast-seo-premium-wordpress\/ -->\n<title>La raz\u00f3n de tu Batalla - Tabernaculo Prensa de Dios<\/title>\n<meta name=\"robots\" content=\"index, follow, max-snippet:-1, max-image-preview:large, max-video-preview:-1\" \/>\n<link rel=\"canonical\" href=\"https:\/\/tabernaculoprensadedios.com\/web\/la-razon-de-tu-batalla\/\" class=\"yoast-seo-meta-tag\" \/>\n<meta property=\"og:locale\" content=\"es_ES\" class=\"yoast-seo-meta-tag\" \/>\n<meta property=\"og:type\" content=\"article\" class=\"yoast-seo-meta-tag\" \/>\n<meta property=\"og:title\" content=\"La raz\u00f3n de tu Batalla\" class=\"yoast-seo-meta-tag\" \/>\n<meta property=\"og:description\" content=\"As\u00ed que t\u00fa, hijo m\u00edo, fortal\u00e9cete por la gracia que tenemos en Cristo Jes\u00fas. Lo que me has o\u00eddo decir en presencia de muchos testigos, encomi\u00e9ndalo a creyentes dignos de confianza, que a su vez est\u00e9n capacitados para ense\u00f1ar a otros. Comparte nuestros sufrimientos, como buen soldado de Cristo Jes\u00fas. 2 Timoteo 2:1-3{ De esta &hellip;\" class=\"yoast-seo-meta-tag\" \/>\n<meta property=\"og:url\" content=\"https:\/\/tabernaculoprensadedios.com\/web\/la-razon-de-tu-batalla\/\" class=\"yoast-seo-meta-tag\" \/>\n<meta property=\"og:site_name\" content=\"Tabernaculo Prensa de Dios\" class=\"yoast-seo-meta-tag\" \/>\n<meta property=\"article:published_time\" content=\"2020-11-20T16:32:05+00:00\" class=\"yoast-seo-meta-tag\" \/>\n<meta property=\"og:image\" content=\"https:\/\/tabernaculoprensadedios.com\/web\/wp-content\/uploads\/2020\/11\/puente.jpg\" class=\"yoast-seo-meta-tag\" \/>\n\t<meta property=\"og:image:width\" content=\"1280\" class=\"yoast-seo-meta-tag\" \/>\n\t<meta property=\"og:image:height\" content=\"853\" class=\"yoast-seo-meta-tag\" \/>\n\t<meta property=\"og:image:type\" content=\"image\/jpeg\" class=\"yoast-seo-meta-tag\" \/>\n<meta name=\"author\" content=\"tabernaculo\" class=\"yoast-seo-meta-tag\" \/>\n<meta name=\"twitter:card\" content=\"summary_large_image\" class=\"yoast-seo-meta-tag\" \/>\n<meta name=\"twitter:creator\" content=\"@PrensadeDios\" class=\"yoast-seo-meta-tag\" \/>\n<meta name=\"twitter:site\" content=\"@PrensadeDios\" class=\"yoast-seo-meta-tag\" \/>\n<meta name=\"twitter:label1\" content=\"Escrito por\" class=\"yoast-seo-meta-tag\" \/>\n\t<meta name=\"twitter:data1\" content=\"tabernaculo\" class=\"yoast-seo-meta-tag\" \/>\n\t<meta name=\"twitter:label2\" content=\"Tiempo de lectura\" class=\"yoast-seo-meta-tag\" \/>\n\t<meta name=\"twitter:data2\" content=\"5 minutos\" class=\"yoast-seo-meta-tag\" \/>\n<script type=\"application\/ld+json\" class=\"yoast-schema-graph\">{\"@context\":\"https:\/\/schema.org\",\"@graph\":[{\"@type\":\"Article\",\"@id\":\"https:\/\/tabernaculoprensadedios.com\/web\/la-razon-de-tu-batalla\/#article\",\"isPartOf\":{\"@id\":\"https:\/\/tabernaculoprensadedios.com\/web\/la-razon-de-tu-batalla\/\"},\"author\":{\"name\":\"tabernaculo\",\"@id\":\"https:\/\/tabernaculoprensadedios.com\/web\/#\/schema\/person\/bc0e069fef56b38e177db6f098ae0b6e\"},\"headline\":\"La raz\u00f3n de tu Batalla\",\"datePublished\":\"2020-11-20T16:32:05+00:00\",\"mainEntityOfPage\":{\"@id\":\"https:\/\/tabernaculoprensadedios.com\/web\/la-razon-de-tu-batalla\/\"},\"wordCount\":983,\"commentCount\":0,\"publisher\":{\"@id\":\"https:\/\/tabernaculoprensadedios.com\/web\/#\/schema\/person\/bc0e069fef56b38e177db6f098ae0b6e\"},\"image\":{\"@id\":\"https:\/\/tabernaculoprensadedios.com\/web\/la-razon-de-tu-batalla\/#primaryimage\"},\"thumbnailUrl\":\"https:\/\/tabernaculoprensadedios.com\/web\/wp-content\/uploads\/2020\/11\/puente.jpg\",\"articleSection\":[\"Articulos\"],\"inLanguage\":\"es\",\"potentialAction\":[{\"@type\":\"CommentAction\",\"name\":\"Comment\",\"target\":[\"https:\/\/tabernaculoprensadedios.com\/web\/la-razon-de-tu-batalla\/#respond\"]}]},{\"@type\":\"WebPage\",\"@id\":\"https:\/\/tabernaculoprensadedios.com\/web\/la-razon-de-tu-batalla\/\",\"url\":\"https:\/\/tabernaculoprensadedios.com\/web\/la-razon-de-tu-batalla\/\",\"name\":\"La raz\u00f3n de tu Batalla - Tabernaculo Prensa de Dios\",\"isPartOf\":{\"@id\":\"https:\/\/tabernaculoprensadedios.com\/web\/#website\"},\"primaryImageOfPage\":{\"@id\":\"https:\/\/tabernaculoprensadedios.com\/web\/la-razon-de-tu-batalla\/#primaryimage\"},\"image\":{\"@id\":\"https:\/\/tabernaculoprensadedios.com\/web\/la-razon-de-tu-batalla\/#primaryimage\"},\"thumbnailUrl\":\"https:\/\/tabernaculoprensadedios.com\/web\/wp-content\/uploads\/2020\/11\/puente.jpg\",\"datePublished\":\"2020-11-20T16:32:05+00:00\",\"breadcrumb\":{\"@id\":\"https:\/\/tabernaculoprensadedios.com\/web\/la-razon-de-tu-batalla\/#breadcrumb\"},\"inLanguage\":\"es\",\"potentialAction\":[{\"@type\":\"ReadAction\",\"target\":[\"https:\/\/tabernaculoprensadedios.com\/web\/la-razon-de-tu-batalla\/\"]}]},{\"@type\":\"ImageObject\",\"inLanguage\":\"es\",\"@id\":\"https:\/\/tabernaculoprensadedios.com\/web\/la-razon-de-tu-batalla\/#primaryimage\",\"url\":\"https:\/\/tabernaculoprensadedios.com\/web\/wp-content\/uploads\/2020\/11\/puente.jpg\",\"contentUrl\":\"https:\/\/tabernaculoprensadedios.com\/web\/wp-content\/uploads\/2020\/11\/puente.jpg\",\"width\":1280,\"height\":853},{\"@type\":\"BreadcrumbList\",\"@id\":\"https:\/\/tabernaculoprensadedios.com\/web\/la-razon-de-tu-batalla\/#breadcrumb\",\"itemListElement\":[{\"@type\":\"ListItem\",\"position\":1,\"name\":\"Portada\",\"item\":\"https:\/\/tabernaculoprensadedios.com\/web\/\"},{\"@type\":\"ListItem\",\"position\":2,\"name\":\"La raz\u00f3n de tu Batalla\"}]},{\"@type\":\"WebSite\",\"@id\":\"https:\/\/tabernaculoprensadedios.com\/web\/#website\",\"url\":\"https:\/\/tabernaculoprensadedios.com\/web\/\",\"name\":\"Tabernaculo Prensa de Dios\",\"description\":\"Un medio a la manera de Dios\",\"publisher\":{\"@id\":\"https:\/\/tabernaculoprensadedios.com\/web\/#\/schema\/person\/bc0e069fef56b38e177db6f098ae0b6e\"},\"potentialAction\":[{\"@type\":\"SearchAction\",\"target\":{\"@type\":\"EntryPoint\",\"urlTemplate\":\"https:\/\/tabernaculoprensadedios.com\/web\/?s={search_term_string}\"},\"query-input\":{\"@type\":\"PropertyValueSpecification\",\"valueRequired\":true,\"valueName\":\"search_term_string\"}}],\"inLanguage\":\"es\"},{\"@type\":[\"Person\",\"Organization\"],\"@id\":\"https:\/\/tabernaculoprensadedios.com\/web\/#\/schema\/person\/bc0e069fef56b38e177db6f098ae0b6e\",\"name\":\"tabernaculo\",\"image\":{\"@type\":\"ImageObject\",\"inLanguage\":\"es\",\"@id\":\"https:\/\/tabernaculoprensadedios.com\/web\/#\/schema\/person\/image\/\",\"url\":\"https:\/\/tabernaculoprensadedios.com\/web\/wp-content\/uploads\/2015\/06\/login-logo1.png\",\"contentUrl\":\"https:\/\/tabernaculoprensadedios.com\/web\/wp-content\/uploads\/2015\/06\/login-logo1.png\",\"width\":300,\"height\":118,\"caption\":\"tabernaculo\"},\"logo\":{\"@id\":\"https:\/\/tabernaculoprensadedios.com\/web\/#\/schema\/person\/image\/\"},\"url\":\"https:\/\/tabernaculoprensadedios.com\/web\/author\/tabernaculo\/\"}]}<\/script>\n<!-- \/ Yoast SEO Premium plugin. -->","yoast_head_json":{"title":"La raz\u00f3n de tu Batalla - Tabernaculo Prensa de Dios","robots":{"index":"index","follow":"follow","max-snippet":"max-snippet:-1","max-image-preview":"max-image-preview:large","max-video-preview":"max-video-preview:-1"},"canonical":"https:\/\/tabernaculoprensadedios.com\/web\/la-razon-de-tu-batalla\/","og_locale":"es_ES","og_type":"article","og_title":"La raz\u00f3n de tu Batalla","og_description":"As\u00ed que t\u00fa, hijo m\u00edo, fortal\u00e9cete por la gracia que tenemos en Cristo Jes\u00fas. Lo que me has o\u00eddo decir en presencia de muchos testigos, encomi\u00e9ndalo a creyentes dignos de confianza, que a su vez est\u00e9n capacitados para ense\u00f1ar a otros. Comparte nuestros sufrimientos, como buen soldado de Cristo Jes\u00fas. 2 Timoteo 2:1-3{ De esta &hellip;","og_url":"https:\/\/tabernaculoprensadedios.com\/web\/la-razon-de-tu-batalla\/","og_site_name":"Tabernaculo Prensa de Dios","article_published_time":"2020-11-20T16:32:05+00:00","og_image":[{"width":1280,"height":853,"url":"https:\/\/tabernaculoprensadedios.com\/web\/wp-content\/uploads\/2020\/11\/puente.jpg","type":"image\/jpeg"}],"author":"tabernaculo","twitter_card":"summary_large_image","twitter_creator":"@PrensadeDios","twitter_site":"@PrensadeDios","twitter_misc":{"Escrito por":"tabernaculo","Tiempo de lectura":"5 minutos"},"schema":{"@context":"https:\/\/schema.org","@graph":[{"@type":"Article","@id":"https:\/\/tabernaculoprensadedios.com\/web\/la-razon-de-tu-batalla\/#article","isPartOf":{"@id":"https:\/\/tabernaculoprensadedios.com\/web\/la-razon-de-tu-batalla\/"},"author":{"name":"tabernaculo","@id":"https:\/\/tabernaculoprensadedios.com\/web\/#\/schema\/person\/bc0e069fef56b38e177db6f098ae0b6e"},"headline":"La raz\u00f3n de tu Batalla","datePublished":"2020-11-20T16:32:05+00:00","mainEntityOfPage":{"@id":"https:\/\/tabernaculoprensadedios.com\/web\/la-razon-de-tu-batalla\/"},"wordCount":983,"commentCount":0,"publisher":{"@id":"https:\/\/tabernaculoprensadedios.com\/web\/#\/schema\/person\/bc0e069fef56b38e177db6f098ae0b6e"},"image":{"@id":"https:\/\/tabernaculoprensadedios.com\/web\/la-razon-de-tu-batalla\/#primaryimage"},"thumbnailUrl":"https:\/\/tabernaculoprensadedios.com\/web\/wp-content\/uploads\/2020\/11\/puente.jpg","articleSection":["Articulos"],"inLanguage":"es","potentialAction":[{"@type":"CommentAction","name":"Comment","target":["https:\/\/tabernaculoprensadedios.com\/web\/la-razon-de-tu-batalla\/#respond"]}]},{"@type":"WebPage","@id":"https:\/\/tabernaculoprensadedios.com\/web\/la-razon-de-tu-batalla\/","url":"https:\/\/tabernaculoprensadedios.com\/web\/la-razon-de-tu-batalla\/","name":"La raz\u00f3n de tu Batalla - Tabernaculo Prensa de Dios","isPartOf":{"@id":"https:\/\/tabernaculoprensadedios.com\/web\/#website"},"primaryImageOfPage":{"@id":"https:\/\/tabernaculoprensadedios.com\/web\/la-razon-de-tu-batalla\/#primaryimage"},"image":{"@id":"https:\/\/tabernaculoprensadedios.com\/web\/la-razon-de-tu-batalla\/#primaryimage"},"thumbnailUrl":"https:\/\/tabernaculoprensadedios.com\/web\/wp-content\/uploads\/2020\/11\/puente.jpg","datePublished":"2020-11-20T16:32:05+00:00","breadcrumb":{"@id":"https:\/\/tabernaculoprensadedios.com\/web\/la-razon-de-tu-batalla\/#breadcrumb"},"inLanguage":"es","potentialAction":[{"@type":"ReadAction","target":["https:\/\/tabernaculoprensadedios.com\/web\/la-razon-de-tu-batalla\/"]}]},{"@type":"ImageObject","inLanguage":"es","@id":"https:\/\/tabernaculoprensadedios.com\/web\/la-razon-de-tu-batalla\/#primaryimage","url":"https:\/\/tabernaculoprensadedios.com\/web\/wp-content\/uploads\/2020\/11\/puente.jpg","contentUrl":"https:\/\/tabernaculoprensadedios.com\/web\/wp-content\/uploads\/2020\/11\/puente.jpg","width":1280,"height":853},{"@type":"BreadcrumbList","@id":"https:\/\/tabernaculoprensadedios.com\/web\/la-razon-de-tu-batalla\/#breadcrumb","itemListElement":[{"@type":"ListItem","position":1,"name":"Portada","item":"https:\/\/tabernaculoprensadedios.com\/web\/"},{"@type":"ListItem","position":2,"name":"La raz\u00f3n de tu Batalla"}]},{"@type":"WebSite","@id":"https:\/\/tabernaculoprensadedios.com\/web\/#website","url":"https:\/\/tabernaculoprensadedios.com\/web\/","name":"Tabernaculo Prensa de Dios","description":"Un medio a la manera de Dios","publisher":{"@id":"https:\/\/tabernaculoprensadedios.com\/web\/#\/schema\/person\/bc0e069fef56b38e177db6f098ae0b6e"},"potentialAction":[{"@type":"SearchAction","target":{"@type":"EntryPoint","urlTemplate":"https:\/\/tabernaculoprensadedios.com\/web\/?s={search_term_string}"},"query-input":{"@type":"PropertyValueSpecification","valueRequired":true,"valueName":"search_term_string"}}],"inLanguage":"es"},{"@type":["Person","Organization"],"@id":"https:\/\/tabernaculoprensadedios.com\/web\/#\/schema\/person\/bc0e069fef56b38e177db6f098ae0b6e","name":"tabernaculo","image":{"@type":"ImageObject","inLanguage":"es","@id":"https:\/\/tabernaculoprensadedios.com\/web\/#\/schema\/person\/image\/","url":"https:\/\/tabernaculoprensadedios.com\/web\/wp-content\/uploads\/2015\/06\/login-logo1.png","contentUrl":"https:\/\/tabernaculoprensadedios.com\/web\/wp-content\/uploads\/2015\/06\/login-logo1.png","width":300,"height":118,"caption":"tabernaculo"},"logo":{"@id":"https:\/\/tabernaculoprensadedios.com\/web\/#\/schema\/person\/image\/"},"url":"https:\/\/tabernaculoprensadedios.com\/web\/author\/tabernaculo\/"}]}},"_links":{"self":[{"href":"https:\/\/tabernaculoprensadedios.com\/web\/wp-json\/wp\/v2\/posts\/20232","targetHints":{"allow":["GET"]}}],"collection":[{"href":"https:\/\/tabernaculoprensadedios.com\/web\/wp-json\/wp\/v2\/posts"}],"about":[{"href":"https:\/\/tabernaculoprensadedios.com\/web\/wp-json\/wp\/v2\/types\/post"}],"author":[{"embeddable":true,"href":"https:\/\/tabernaculoprensadedios.com\/web\/wp-json\/wp\/v2\/users\/1"}],"replies":[{"embeddable":true,"href":"https:\/\/tabernaculoprensadedios.com\/web\/wp-json\/wp\/v2\/comments?post=20232"}],"version-history":[{"count":1,"href":"https:\/\/tabernaculoprensadedios.com\/web\/wp-json\/wp\/v2\/posts\/20232\/revisions"}],"predecessor-version":[{"id":20234,"href":"https:\/\/tabernaculoprensadedios.com\/web\/wp-json\/wp\/v2\/posts\/20232\/revisions\/20234"}],"wp:featuredmedia":[{"embeddable":true,"href":"https:\/\/tabernaculoprensadedios.com\/web\/wp-json\/wp\/v2\/media\/20233"}],"wp:attachment":[{"href":"https:\/\/tabernaculoprensadedios.com\/web\/wp-json\/wp\/v2\/media?parent=20232"}],"wp:term":[{"taxonomy":"category","embeddable":true,"href":"https:\/\/tabernaculoprensadedios.com\/web\/wp-json\/wp\/v2\/categories?post=20232"},{"taxonomy":"post_tag","embeddable":true,"href":"https:\/\/tabernaculoprensadedios.com\/web\/wp-json\/wp\/v2\/tags?post=20232"}],"curies":[{"name":"wp","href":"https:\/\/api.w.org\/{rel}","templated":true}]}}