{"id":20190,"date":"2020-11-13T16:27:02","date_gmt":"2020-11-13T16:27:02","guid":{"rendered":"http:\/\/tabernaculoprensadedios.com\/web\/?p=20190"},"modified":"2020-11-22T15:28:51","modified_gmt":"2020-11-22T15:28:51","slug":"es-tiempo-de-orar-y-alabar","status":"publish","type":"post","link":"https:\/\/tabernaculoprensadedios.com\/web\/es-tiempo-de-orar-y-alabar\/","title":{"rendered":"Es tiempo de orar y alabar"},"content":{"rendered":"<p><strong><em>Despu\u00e9s de consultar con el pueblo, Josafat design\u00f3 a los que ir\u00edan al frente del ej\u00e9rcito para cantar al Se\u00f1or y alabar el esplendor de su santidad con el c\u00e1ntico: \u00abDen gracias al Se\u00f1or; su gran amor perdura para siempre\u00bb. Tan pronto como empezaron a entonar este c\u00e1ntico de alabanza, el Se\u00f1or puso emboscadas contra los amonitas, los moabitas y los del monte de Se\u00edr que hab\u00edan venido contra Jud\u00e1, y los derrot\u00f3. 2 cr\u00f3nicas 20:21-22<\/em><\/strong><\/p>\n<p>\u201cA lo largo de este a\u00f1o, el Se\u00f1or me ha estado recordando algunas palabras que me dio para 2020. La primera palabra fue acerca de que este es el a\u00f1o en que \u00c9l est\u00e1 sacando a luz los planes del enemigo, no para traer dolor, verg\u00fcenza o condenaci\u00f3n, sino para traer\u00a0<strong>LIBERTAD\u00a0<\/strong>a Su pueblo. Otra palabra fue sobre los medios de comunicaci\u00f3n, y c\u00f3mo el Se\u00f1or est\u00e1 exponiendo la maldad y los planes del enemigo poni\u00e9ndolos de rodillas. \u00a1Se comer\u00e1n sus palabras! Para muchos, este a\u00f1o ha sido de profunda\u00a0<strong>INTERCESI\u00d3N<\/strong>. Personalmente la oraci\u00f3n y la alabanza se han apoderado de mi coraz\u00f3n y mi boca. El Se\u00f1or me ha estado hablando sobre estas palabras para el a\u00f1o 2020 y sobre lo que ha estado sucediendo en las naciones con COVID-19, la pol\u00edtica, los encierros, los medios de comunicaci\u00f3n y dem\u00e1s\u201d.<\/p>\n<p><strong>\u00a1LEVANTATE Y BRILLA!<\/strong><\/p>\n<p>\u201cEn medio de tanta angustia, caos y confusi\u00f3n en el mundo en este momento, sent\u00ed una profunda tranquilidad cuando Dios me dijo:\u00a0<em>\u00abYo estoy usando\u00a0<strong>TODO<\/strong>\u00a0esto para exponer al enemigo. Lo que ha estado oculto en la oscuridad est\u00e1 entrando en Mi luz, as\u00ed que no temas, ni te asustes ni dudes, porque Yo tendr\u00e9 la victoria sobre el enemigo, sobre la muerte y sobre la divisi\u00f3n<\/em>\u201d. Este es el a\u00f1o de la claridad (visi\u00f3n 2020). Muchos andan ciegos, s\u00ed, incluso muchos cristianos, incapaces de ver m\u00e1s all\u00e1 de los problemas de este mundo. \u00a0Ahora es el momento de\u00a0<strong>ORAR\u00a0<\/strong>y\u00a0<strong>ALABAR<\/strong>, amigos, porque las escamas se les caer\u00e1n de los ojos. Ver\u00e1n; se pondr\u00e1n de rodillas. \u00a1\u00c9l est\u00e1 liberando a los cautivos por el enemigo! Est\u00e1\u00a0<strong>DESPERTANDO<\/strong>\u00a0a Su Novia. S\u00cd, es tiempo de levantarse y brillar\u201d.<\/p>\n<p><strong>Isa\u00edas 60:1-2<\/strong>\u00a0Lev\u00e1ntate, resplandece, porque ha llegado tu luz y la gloria del Se\u00f1or ha amanecido sobre ti. Porque he aqu\u00ed, tinieblas cubrir\u00e1n la tierra y densa oscuridad los pueblos; pero sobre ti amanecer\u00e1 el Se\u00f1or, y sobre ti aparecer\u00e1 su gloria.<\/p>\n<p><strong>EL A\u00d1O 2021 SERA EL COMIENZO DE LA GRAN COSECHA<\/strong><\/p>\n<p>\u201cVi la mano del Se\u00f1or descender cuando lo escuch\u00e9 decir:\u00a0<strong>\u00ab\u00a1BASTA!\u00bb<\/strong>\u00a0Vi los cuatro vientos de Su Esp\u00edritu comenzar a soplar y una ola del cielo que se acercaba a romper el suelo para dar paso a Su Esp\u00edritu con un\u00a0<strong>AUMENTO<\/strong>\u00a0como nunca lo hemos visto.\u00a0<em>\u201cS\u00ed\u201d,<\/em>\u00a0escuch\u00e9 decir al Se\u00f1or.\u00a0<em>\u201c\u00a1El a\u00f1o 2021 ver\u00e1n el comienzo de la gran cosecha!\u201d\u00a0<\/em>Lo que estamos sintiendo ahora es la\u00a0<strong>PRESI\u00d3N<\/strong>\u00a0en la atm\u00f3sfera espiritual, mientras esta ola del cielo se levanta contra el enemigo. Escuch\u00e9 las palabras\u00a0<strong>\u00abALTA PRESION\u00bb.<\/strong>\u00a0Se est\u00e1 abriendo paso a una presi\u00f3n m\u00e1s fuerte.<\/p>\n<p><strong>SISTEMA DE ALTA PRESION<\/strong><\/p>\n<p>El Se\u00f1or me impuls\u00f3 a buscar lo que es un sistema de alta presi\u00f3n. Esto es lo que encontr\u00e9: \u00abUn sistema de alta presi\u00f3n ocurre cuando la masa de aire sobre la tierra es m\u00e1s densa que las \u00e1reas circundantes y, por lo tanto, ejerce una fuerza o presi\u00f3n mayor sobre la superficie de la tierra\u00bb. El Se\u00f1or me record\u00f3 Efesios 6:12: \u201cNuestra lucha no es contra sangre y carne, sino contra principados, contra potestades, contra los poderes de este mundo de tinieblas, contra las huestes espirituales de maldad en las regiones celestiales\u201d. Hay una intensa batalla espiritual que est\u00e1 teniendo lugar en este momento, pero escuch\u00e9 al Se\u00f1or decir:\u00a0<em>\u201c\u00a1Mis caminos son m\u00e1s altos! \u00a1Mi sistema de alta presi\u00f3n se eleva como una poderosa ola contra el enemigo y sus planes!\u00bb<\/em><\/p>\n<p><strong>\u00a1AHORA ES EL TIEMPO DE ORAR y ALABAR!<\/strong><\/p>\n<p>\u201cEntonces lo escuch\u00e9 llamar a Su pueblo, como un general en un ej\u00e9rcito llamando a sus tropas:\u00a0<em>\u201c<strong>\u00a1DESPIERTEN! \u00a1LEVANTENSE!\u00a0<\/strong>Ahora, ahora, ahora es el momento de\u00a0<strong>INTERCEDER\u00a0<\/strong>Oren, oren, oren en la ola. y alaben, alaben, alaben Mi nombre!\u201d.<\/em>\u00a0El\u00a0<strong>DESPERTAR<\/strong>\u00a0est\u00e1 sobre nosotros, hay muchos creyentes que ya est\u00e1n allanando el camino levant\u00e1ndose y asoci\u00e1ndose con el Se\u00f1or para\u00a0<strong>ORAR y ALABAR<\/strong>\u00a0en este poderoso movimiento de Su Esp\u00edritu que vendr\u00e1 a tomar el territorio del Reino en la Tierra.\u00a0<strong>AHORA MISMO,<\/strong>\u00a0es el tiempo de orar y alabar, ya sea por cuestiones pol\u00edticas, su naci\u00f3n, su comunidad o su vida personal, porque esta es la<strong>\u00a0CLAVE<\/strong>\u00a0para marcar el comienzo de todo lo que est\u00e1 por suceder mientras nos dirigimos al a\u00f1o 2021. El cielo est\u00e1 en movimiento aqu\u00ed en la Tierra, y el\u00a0<strong>TERRITORIO DEL REINO\u00a0<\/strong>viene con\u00a0<strong>AUMENTO<\/strong>.<\/p>\n<p><strong>Proverbios 3: 5-6<\/strong>\u00a0Conf\u00eda en el Se\u00f1or de todo coraz\u00f3n, y no en tu propia inteligencia. Recon\u00f3celo en todos tus caminos, y \u00e9l allanar\u00e1 tus sendas.<\/p>\n<p>Los animo y hasta los retos a orar: Se\u00f1or, venga Tu Reino, h\u00e1gase tu voluntad como en el cielo, en mi vida, en mi familia, en mi naci\u00f3n, en mi gobierno, en mi comunidad, en mi iglesia. Los animo a rendir sus agendas, sus opiniones, su orgullo, y\u00a0<strong>ORAR y ALABAR.<\/strong>\u00a0\u00a0Prep\u00e1rense para atrapar la ola del despertar del avivamiento. La cosecha est\u00e1 madura. Abre las compuertas del cielo, Se\u00f1or, y deja que llueva.<\/p>\n<p><strong>\u00a02 cr\u00f3nicas 7:14<\/strong>\u00a0Si mi pueblo, que lleva mi nombre, se humilla y ora, y me busca y abandona su mala conducta, yo lo escuchar\u00e9 desde el cielo, perdonar\u00e9 su pecado y restaurar\u00e9 su tierra.<\/p>\n<p>Las palabras prof\u00e9ticas son invitaciones a colaborar y orar por lo que el Se\u00f1or est\u00e1 haciendo. \u00a1Los animo a que las tomen y comiencen a declararlas!\u00a0<strong>\u00a1PROFETICEN SUS PROMESAS!<\/strong>\u00a0(Helen Cobanov)<\/p>\n<p>Con amor y oraciones,<\/p>\n","protected":false},"excerpt":{"rendered":"<p>Despu\u00e9s de consultar con el pueblo, Josafat design\u00f3 a los que ir\u00edan al frente del ej\u00e9rcito para cantar al Se\u00f1or y alabar el esplendor de su santidad con el c\u00e1ntico: \u00abDen gracias al Se\u00f1or; su gran amor perdura para siempre\u00bb. Tan pronto como empezaron a entonar este c\u00e1ntico de alabanza, el Se\u00f1or puso emboscadas contra &hellip;<\/p>\n","protected":false},"author":1,"featured_media":20191,"comment_status":"open","ping_status":"open","sticky":false,"template":"","format":"standard","meta":{"footnotes":""},"categories":[34],"tags":[],"class_list":["post-20190","post","type-post","status-publish","format-standard","has-post-thumbnail","hentry","category-articulos"],"yoast_head":"<!-- This site is optimized with the Yoast SEO Premium plugin v24.2 (Yoast SEO v27.1.1) - https:\/\/yoast.com\/product\/yoast-seo-premium-wordpress\/ -->\n<title>Es tiempo de orar y alabar - Tabernaculo Prensa de Dios<\/title>\n<meta name=\"robots\" content=\"index, follow, max-snippet:-1, max-image-preview:large, max-video-preview:-1\" \/>\n<link rel=\"canonical\" href=\"https:\/\/tabernaculoprensadedios.com\/web\/es-tiempo-de-orar-y-alabar\/\" class=\"yoast-seo-meta-tag\" \/>\n<meta property=\"og:locale\" content=\"es_ES\" class=\"yoast-seo-meta-tag\" \/>\n<meta property=\"og:type\" content=\"article\" class=\"yoast-seo-meta-tag\" \/>\n<meta property=\"og:title\" content=\"Es tiempo de orar y alabar\" class=\"yoast-seo-meta-tag\" \/>\n<meta property=\"og:description\" content=\"Despu\u00e9s de consultar con el pueblo, Josafat design\u00f3 a los que ir\u00edan al frente del ej\u00e9rcito para cantar al Se\u00f1or y alabar el esplendor de su santidad con el c\u00e1ntico: \u00abDen gracias al Se\u00f1or; su gran amor perdura para siempre\u00bb. Tan pronto como empezaron a entonar este c\u00e1ntico de alabanza, el Se\u00f1or puso emboscadas contra &hellip;\" class=\"yoast-seo-meta-tag\" \/>\n<meta property=\"og:url\" content=\"https:\/\/tabernaculoprensadedios.com\/web\/es-tiempo-de-orar-y-alabar\/\" class=\"yoast-seo-meta-tag\" \/>\n<meta property=\"og:site_name\" content=\"Tabernaculo Prensa de Dios\" class=\"yoast-seo-meta-tag\" \/>\n<meta property=\"article:published_time\" content=\"2020-11-13T16:27:02+00:00\" class=\"yoast-seo-meta-tag\" \/>\n<meta property=\"article:modified_time\" content=\"2020-11-22T15:28:51+00:00\" class=\"yoast-seo-meta-tag\" \/>\n<meta property=\"og:image\" content=\"https:\/\/tabernaculoprensadedios.com\/web\/wp-content\/uploads\/2020\/11\/nice-2209823_1280.jpg\" class=\"yoast-seo-meta-tag\" \/>\n\t<meta property=\"og:image:width\" content=\"1280\" class=\"yoast-seo-meta-tag\" \/>\n\t<meta property=\"og:image:height\" content=\"853\" class=\"yoast-seo-meta-tag\" \/>\n\t<meta property=\"og:image:type\" content=\"image\/jpeg\" class=\"yoast-seo-meta-tag\" \/>\n<meta name=\"author\" content=\"tabernaculo\" class=\"yoast-seo-meta-tag\" \/>\n<meta name=\"twitter:card\" content=\"summary_large_image\" class=\"yoast-seo-meta-tag\" \/>\n<meta name=\"twitter:creator\" content=\"@PrensadeDios\" class=\"yoast-seo-meta-tag\" \/>\n<meta name=\"twitter:site\" content=\"@PrensadeDios\" class=\"yoast-seo-meta-tag\" \/>\n<meta name=\"twitter:label1\" content=\"Escrito por\" class=\"yoast-seo-meta-tag\" \/>\n\t<meta name=\"twitter:data1\" content=\"tabernaculo\" class=\"yoast-seo-meta-tag\" \/>\n\t<meta name=\"twitter:label2\" content=\"Tiempo de lectura\" class=\"yoast-seo-meta-tag\" \/>\n\t<meta name=\"twitter:data2\" content=\"5 minutos\" class=\"yoast-seo-meta-tag\" \/>\n<script type=\"application\/ld+json\" class=\"yoast-schema-graph\">{\"@context\":\"https:\/\/schema.org\",\"@graph\":[{\"@type\":\"Article\",\"@id\":\"https:\/\/tabernaculoprensadedios.com\/web\/es-tiempo-de-orar-y-alabar\/#article\",\"isPartOf\":{\"@id\":\"https:\/\/tabernaculoprensadedios.com\/web\/es-tiempo-de-orar-y-alabar\/\"},\"author\":{\"name\":\"tabernaculo\",\"@id\":\"https:\/\/tabernaculoprensadedios.com\/web\/#\/schema\/person\/bc0e069fef56b38e177db6f098ae0b6e\"},\"headline\":\"Es tiempo de orar y alabar\",\"datePublished\":\"2020-11-13T16:27:02+00:00\",\"dateModified\":\"2020-11-22T15:28:51+00:00\",\"mainEntityOfPage\":{\"@id\":\"https:\/\/tabernaculoprensadedios.com\/web\/es-tiempo-de-orar-y-alabar\/\"},\"wordCount\":1045,\"commentCount\":0,\"publisher\":{\"@id\":\"https:\/\/tabernaculoprensadedios.com\/web\/#\/schema\/person\/bc0e069fef56b38e177db6f098ae0b6e\"},\"image\":{\"@id\":\"https:\/\/tabernaculoprensadedios.com\/web\/es-tiempo-de-orar-y-alabar\/#primaryimage\"},\"thumbnailUrl\":\"https:\/\/tabernaculoprensadedios.com\/web\/wp-content\/uploads\/2020\/11\/nice-2209823_1280.jpg\",\"articleSection\":[\"Articulos\"],\"inLanguage\":\"es\",\"potentialAction\":[{\"@type\":\"CommentAction\",\"name\":\"Comment\",\"target\":[\"https:\/\/tabernaculoprensadedios.com\/web\/es-tiempo-de-orar-y-alabar\/#respond\"]}]},{\"@type\":\"WebPage\",\"@id\":\"https:\/\/tabernaculoprensadedios.com\/web\/es-tiempo-de-orar-y-alabar\/\",\"url\":\"https:\/\/tabernaculoprensadedios.com\/web\/es-tiempo-de-orar-y-alabar\/\",\"name\":\"Es tiempo de orar y alabar - Tabernaculo Prensa de Dios\",\"isPartOf\":{\"@id\":\"https:\/\/tabernaculoprensadedios.com\/web\/#website\"},\"primaryImageOfPage\":{\"@id\":\"https:\/\/tabernaculoprensadedios.com\/web\/es-tiempo-de-orar-y-alabar\/#primaryimage\"},\"image\":{\"@id\":\"https:\/\/tabernaculoprensadedios.com\/web\/es-tiempo-de-orar-y-alabar\/#primaryimage\"},\"thumbnailUrl\":\"https:\/\/tabernaculoprensadedios.com\/web\/wp-content\/uploads\/2020\/11\/nice-2209823_1280.jpg\",\"datePublished\":\"2020-11-13T16:27:02+00:00\",\"dateModified\":\"2020-11-22T15:28:51+00:00\",\"breadcrumb\":{\"@id\":\"https:\/\/tabernaculoprensadedios.com\/web\/es-tiempo-de-orar-y-alabar\/#breadcrumb\"},\"inLanguage\":\"es\",\"potentialAction\":[{\"@type\":\"ReadAction\",\"target\":[\"https:\/\/tabernaculoprensadedios.com\/web\/es-tiempo-de-orar-y-alabar\/\"]}]},{\"@type\":\"ImageObject\",\"inLanguage\":\"es\",\"@id\":\"https:\/\/tabernaculoprensadedios.com\/web\/es-tiempo-de-orar-y-alabar\/#primaryimage\",\"url\":\"https:\/\/tabernaculoprensadedios.com\/web\/wp-content\/uploads\/2020\/11\/nice-2209823_1280.jpg\",\"contentUrl\":\"https:\/\/tabernaculoprensadedios.com\/web\/wp-content\/uploads\/2020\/11\/nice-2209823_1280.jpg\",\"width\":1280,\"height\":853},{\"@type\":\"BreadcrumbList\",\"@id\":\"https:\/\/tabernaculoprensadedios.com\/web\/es-tiempo-de-orar-y-alabar\/#breadcrumb\",\"itemListElement\":[{\"@type\":\"ListItem\",\"position\":1,\"name\":\"Portada\",\"item\":\"https:\/\/tabernaculoprensadedios.com\/web\/\"},{\"@type\":\"ListItem\",\"position\":2,\"name\":\"Es tiempo de orar y alabar\"}]},{\"@type\":\"WebSite\",\"@id\":\"https:\/\/tabernaculoprensadedios.com\/web\/#website\",\"url\":\"https:\/\/tabernaculoprensadedios.com\/web\/\",\"name\":\"Tabernaculo Prensa de Dios\",\"description\":\"Un medio a la manera de Dios\",\"publisher\":{\"@id\":\"https:\/\/tabernaculoprensadedios.com\/web\/#\/schema\/person\/bc0e069fef56b38e177db6f098ae0b6e\"},\"potentialAction\":[{\"@type\":\"SearchAction\",\"target\":{\"@type\":\"EntryPoint\",\"urlTemplate\":\"https:\/\/tabernaculoprensadedios.com\/web\/?s={search_term_string}\"},\"query-input\":{\"@type\":\"PropertyValueSpecification\",\"valueRequired\":true,\"valueName\":\"search_term_string\"}}],\"inLanguage\":\"es\"},{\"@type\":[\"Person\",\"Organization\"],\"@id\":\"https:\/\/tabernaculoprensadedios.com\/web\/#\/schema\/person\/bc0e069fef56b38e177db6f098ae0b6e\",\"name\":\"tabernaculo\",\"image\":{\"@type\":\"ImageObject\",\"inLanguage\":\"es\",\"@id\":\"https:\/\/tabernaculoprensadedios.com\/web\/#\/schema\/person\/image\/\",\"url\":\"https:\/\/tabernaculoprensadedios.com\/web\/wp-content\/uploads\/2015\/06\/login-logo1.png\",\"contentUrl\":\"https:\/\/tabernaculoprensadedios.com\/web\/wp-content\/uploads\/2015\/06\/login-logo1.png\",\"width\":300,\"height\":118,\"caption\":\"tabernaculo\"},\"logo\":{\"@id\":\"https:\/\/tabernaculoprensadedios.com\/web\/#\/schema\/person\/image\/\"},\"url\":\"https:\/\/tabernaculoprensadedios.com\/web\/author\/tabernaculo\/\"}]}<\/script>\n<!-- \/ Yoast SEO Premium plugin. -->","yoast_head_json":{"title":"Es tiempo de orar y alabar - Tabernaculo Prensa de Dios","robots":{"index":"index","follow":"follow","max-snippet":"max-snippet:-1","max-image-preview":"max-image-preview:large","max-video-preview":"max-video-preview:-1"},"canonical":"https:\/\/tabernaculoprensadedios.com\/web\/es-tiempo-de-orar-y-alabar\/","og_locale":"es_ES","og_type":"article","og_title":"Es tiempo de orar y alabar","og_description":"Despu\u00e9s de consultar con el pueblo, Josafat design\u00f3 a los que ir\u00edan al frente del ej\u00e9rcito para cantar al Se\u00f1or y alabar el esplendor de su santidad con el c\u00e1ntico: \u00abDen gracias al Se\u00f1or; su gran amor perdura para siempre\u00bb. Tan pronto como empezaron a entonar este c\u00e1ntico de alabanza, el Se\u00f1or puso emboscadas contra &hellip;","og_url":"https:\/\/tabernaculoprensadedios.com\/web\/es-tiempo-de-orar-y-alabar\/","og_site_name":"Tabernaculo Prensa de Dios","article_published_time":"2020-11-13T16:27:02+00:00","article_modified_time":"2020-11-22T15:28:51+00:00","og_image":[{"width":1280,"height":853,"url":"https:\/\/tabernaculoprensadedios.com\/web\/wp-content\/uploads\/2020\/11\/nice-2209823_1280.jpg","type":"image\/jpeg"}],"author":"tabernaculo","twitter_card":"summary_large_image","twitter_creator":"@PrensadeDios","twitter_site":"@PrensadeDios","twitter_misc":{"Escrito por":"tabernaculo","Tiempo de lectura":"5 minutos"},"schema":{"@context":"https:\/\/schema.org","@graph":[{"@type":"Article","@id":"https:\/\/tabernaculoprensadedios.com\/web\/es-tiempo-de-orar-y-alabar\/#article","isPartOf":{"@id":"https:\/\/tabernaculoprensadedios.com\/web\/es-tiempo-de-orar-y-alabar\/"},"author":{"name":"tabernaculo","@id":"https:\/\/tabernaculoprensadedios.com\/web\/#\/schema\/person\/bc0e069fef56b38e177db6f098ae0b6e"},"headline":"Es tiempo de orar y alabar","datePublished":"2020-11-13T16:27:02+00:00","dateModified":"2020-11-22T15:28:51+00:00","mainEntityOfPage":{"@id":"https:\/\/tabernaculoprensadedios.com\/web\/es-tiempo-de-orar-y-alabar\/"},"wordCount":1045,"commentCount":0,"publisher":{"@id":"https:\/\/tabernaculoprensadedios.com\/web\/#\/schema\/person\/bc0e069fef56b38e177db6f098ae0b6e"},"image":{"@id":"https:\/\/tabernaculoprensadedios.com\/web\/es-tiempo-de-orar-y-alabar\/#primaryimage"},"thumbnailUrl":"https:\/\/tabernaculoprensadedios.com\/web\/wp-content\/uploads\/2020\/11\/nice-2209823_1280.jpg","articleSection":["Articulos"],"inLanguage":"es","potentialAction":[{"@type":"CommentAction","name":"Comment","target":["https:\/\/tabernaculoprensadedios.com\/web\/es-tiempo-de-orar-y-alabar\/#respond"]}]},{"@type":"WebPage","@id":"https:\/\/tabernaculoprensadedios.com\/web\/es-tiempo-de-orar-y-alabar\/","url":"https:\/\/tabernaculoprensadedios.com\/web\/es-tiempo-de-orar-y-alabar\/","name":"Es tiempo de orar y alabar - Tabernaculo Prensa de Dios","isPartOf":{"@id":"https:\/\/tabernaculoprensadedios.com\/web\/#website"},"primaryImageOfPage":{"@id":"https:\/\/tabernaculoprensadedios.com\/web\/es-tiempo-de-orar-y-alabar\/#primaryimage"},"image":{"@id":"https:\/\/tabernaculoprensadedios.com\/web\/es-tiempo-de-orar-y-alabar\/#primaryimage"},"thumbnailUrl":"https:\/\/tabernaculoprensadedios.com\/web\/wp-content\/uploads\/2020\/11\/nice-2209823_1280.jpg","datePublished":"2020-11-13T16:27:02+00:00","dateModified":"2020-11-22T15:28:51+00:00","breadcrumb":{"@id":"https:\/\/tabernaculoprensadedios.com\/web\/es-tiempo-de-orar-y-alabar\/#breadcrumb"},"inLanguage":"es","potentialAction":[{"@type":"ReadAction","target":["https:\/\/tabernaculoprensadedios.com\/web\/es-tiempo-de-orar-y-alabar\/"]}]},{"@type":"ImageObject","inLanguage":"es","@id":"https:\/\/tabernaculoprensadedios.com\/web\/es-tiempo-de-orar-y-alabar\/#primaryimage","url":"https:\/\/tabernaculoprensadedios.com\/web\/wp-content\/uploads\/2020\/11\/nice-2209823_1280.jpg","contentUrl":"https:\/\/tabernaculoprensadedios.com\/web\/wp-content\/uploads\/2020\/11\/nice-2209823_1280.jpg","width":1280,"height":853},{"@type":"BreadcrumbList","@id":"https:\/\/tabernaculoprensadedios.com\/web\/es-tiempo-de-orar-y-alabar\/#breadcrumb","itemListElement":[{"@type":"ListItem","position":1,"name":"Portada","item":"https:\/\/tabernaculoprensadedios.com\/web\/"},{"@type":"ListItem","position":2,"name":"Es tiempo de orar y alabar"}]},{"@type":"WebSite","@id":"https:\/\/tabernaculoprensadedios.com\/web\/#website","url":"https:\/\/tabernaculoprensadedios.com\/web\/","name":"Tabernaculo Prensa de Dios","description":"Un medio a la manera de Dios","publisher":{"@id":"https:\/\/tabernaculoprensadedios.com\/web\/#\/schema\/person\/bc0e069fef56b38e177db6f098ae0b6e"},"potentialAction":[{"@type":"SearchAction","target":{"@type":"EntryPoint","urlTemplate":"https:\/\/tabernaculoprensadedios.com\/web\/?s={search_term_string}"},"query-input":{"@type":"PropertyValueSpecification","valueRequired":true,"valueName":"search_term_string"}}],"inLanguage":"es"},{"@type":["Person","Organization"],"@id":"https:\/\/tabernaculoprensadedios.com\/web\/#\/schema\/person\/bc0e069fef56b38e177db6f098ae0b6e","name":"tabernaculo","image":{"@type":"ImageObject","inLanguage":"es","@id":"https:\/\/tabernaculoprensadedios.com\/web\/#\/schema\/person\/image\/","url":"https:\/\/tabernaculoprensadedios.com\/web\/wp-content\/uploads\/2015\/06\/login-logo1.png","contentUrl":"https:\/\/tabernaculoprensadedios.com\/web\/wp-content\/uploads\/2015\/06\/login-logo1.png","width":300,"height":118,"caption":"tabernaculo"},"logo":{"@id":"https:\/\/tabernaculoprensadedios.com\/web\/#\/schema\/person\/image\/"},"url":"https:\/\/tabernaculoprensadedios.com\/web\/author\/tabernaculo\/"}]}},"_links":{"self":[{"href":"https:\/\/tabernaculoprensadedios.com\/web\/wp-json\/wp\/v2\/posts\/20190","targetHints":{"allow":["GET"]}}],"collection":[{"href":"https:\/\/tabernaculoprensadedios.com\/web\/wp-json\/wp\/v2\/posts"}],"about":[{"href":"https:\/\/tabernaculoprensadedios.com\/web\/wp-json\/wp\/v2\/types\/post"}],"author":[{"embeddable":true,"href":"https:\/\/tabernaculoprensadedios.com\/web\/wp-json\/wp\/v2\/users\/1"}],"replies":[{"embeddable":true,"href":"https:\/\/tabernaculoprensadedios.com\/web\/wp-json\/wp\/v2\/comments?post=20190"}],"version-history":[{"count":1,"href":"https:\/\/tabernaculoprensadedios.com\/web\/wp-json\/wp\/v2\/posts\/20190\/revisions"}],"predecessor-version":[{"id":20192,"href":"https:\/\/tabernaculoprensadedios.com\/web\/wp-json\/wp\/v2\/posts\/20190\/revisions\/20192"}],"wp:featuredmedia":[{"embeddable":true,"href":"https:\/\/tabernaculoprensadedios.com\/web\/wp-json\/wp\/v2\/media\/20191"}],"wp:attachment":[{"href":"https:\/\/tabernaculoprensadedios.com\/web\/wp-json\/wp\/v2\/media?parent=20190"}],"wp:term":[{"taxonomy":"category","embeddable":true,"href":"https:\/\/tabernaculoprensadedios.com\/web\/wp-json\/wp\/v2\/categories?post=20190"},{"taxonomy":"post_tag","embeddable":true,"href":"https:\/\/tabernaculoprensadedios.com\/web\/wp-json\/wp\/v2\/tags?post=20190"}],"curies":[{"name":"wp","href":"https:\/\/api.w.org\/{rel}","templated":true}]}}