{"id":20110,"date":"2020-11-03T20:53:23","date_gmt":"2020-11-03T20:53:23","guid":{"rendered":"http:\/\/tabernaculoprensadedios.com\/web\/?p=20110"},"modified":"2020-11-03T20:53:23","modified_gmt":"2020-11-03T20:53:23","slug":"la-doble-bendicion-de-olvidar-y-recordar","status":"publish","type":"post","link":"https:\/\/tabernaculoprensadedios.com\/web\/la-doble-bendicion-de-olvidar-y-recordar\/","title":{"rendered":"La doble bendici\u00f3n de olvidar y recordar"},"content":{"rendered":"<p data-adtags-visited=\"true\"><strong>Hay personas que no logran avanzar en la vida y no saben porqu\u00e9, se sienten atadas, frustradas, como si una cadena invisible las sujetara a un puerto del cual no pueden zarpar.\u00a0<\/strong>Esas personas ignoran que el Dios de la vida dise\u00f1\u00f3 para todas sus criaturas dos herramientas que, de usarlas bien, pueden desatar una doble bendici\u00f3n. Me refiero a\u00a0<em>OLVIDAR y RECORDAR<\/em>. Dos recursos que nos har\u00edan bien utilizar pues tienen el poder de hacernos despegar y volar \u2018hasta donde nuestra imaginaci\u00f3n nos permita\u2019:<\/p>\n<p data-adtags-visited=\"true\"><strong>DEFINAMOS OLVIDAR<\/strong><br \/>\nEl olvido es la cesaci\u00f3n de la memoria que se ten\u00eda. Se trata de una acci\u00f3n involuntaria que \u2018supone\u2019 dejar de conservar en la mente informaci\u00f3n que ya hab\u00eda sido adquirida. Por lo general, el olvido suele estar asociado con la falta de atenci\u00f3n o de concentraci\u00f3n, y los resultados (o consecuencias) de olvidar son muy variables: no es lo mismo pasar por alto una cita que olvidar cerrar la puerta de su casa con llave durante la noche.<\/p>\n<ul>\n<li>Es importante notar que una vez que la informaci\u00f3n es interpretada por nuestro cerebro, no desaparece; olvidar no es perder para siempre un recuerdo, sino que \u00e9ste se traslada al plano inconsciente, y una vez all\u00ed ya no es accesible voluntariamente o con la misma facilidad que al principio.<\/li>\n<li>Entre las distintas causas que pueden incentivar el olvido, aparecen los golpes en la cabeza (que pueden causar amnesia), la alteraci\u00f3n del aparato ps\u00edquico (por una enfermedad como la esquizofrenia) y los problemas fisiol\u00f3gicos (como un mal desarrollo del sistema nervioso). Por otra parte, la mente tambi\u00e9n puede bloquear ciertos recuerdos que son dolorosos para el sujeto. De esta manera, pareciera que la persona ha olvidado algo (como un trauma infantil), aunque en realidad, lo \u00fanico que ha hecho su cerebro es dejar dicho recuerdo en un plano no accesible de modo consciente\u2026 esto con la finalidad de proteger al individuo y permitirle seguir con su vida.<\/li>\n<li>Ahora bien, tambi\u00e9n hay olvidos voluntarios, que son el producto de la decisi\u00f3n de una persona de olvidar algo o a alguien porque no le hacen bien tenerlos presentes, pero ojo, que cuando hacemos eso ese recuerdo no desaparece sino que quedar\u00e1 reprimido o depositado en el inconsciente. Hacer esto, olvidar por decisi\u00f3n propia aquellas situaciones o personas que nos han hecho mal es una habilidad indispensable para seguir adelante, pero son pocos los que consiguen hacerlo, la mayor\u00eda de personas -consciente o inconscientemente- mantienen en su memoria del presente lo sucedido ayer, rumiando recuerdos dolorosos que le da\u00f1an, pero no tienen la determinaci\u00f3n para echar en el caj\u00f3n del olvido aquello que los marc\u00f3.<span id=\"inline-ad-0__complain-btn\" class=\"ata-controls__complain-btn\"><\/span><\/li>\n<\/ul>\n<p data-adtags-visited=\"true\"><strong>Quiz\u00e1 por eso la Biblia nos ense\u00f1a:<\/strong>\u00a0<em>\u201cNo os acord\u00e9is de las cosas pasadas, ni traig\u00e1is a memoria las cosas antiguas\u201d (Isa\u00edas 43:18).<\/em><\/p>\n<p data-adtags-visited=\"true\"><strong>DEFINAMOS RECORDAR<\/strong><br \/>\nRecordar se origina en el lat\u00edn. Proviene de \u2018recordor\u2019, \u2018recordaris\u2019, \u2018recordari\u2019, \u2018recordatos sum\u2019. Este verbo est\u00e1 formado por el prefijo re- cuyo significado es hacia atr\u00e1s, reiteraci\u00f3n y por cor, cordis, que significa coraz\u00f3n. Debido a que para los romanos en el coraz\u00f3n se asentaba la mente y no los sentimientos. El concepto etimol\u00f3gico de este t\u00e9rmino es \u2018volver a pasar por el coraz\u00f3n\u2019 (la mente).<\/p>\n<ul>\n<li>Una definici\u00f3n simple de recordar ser\u00eda: Traer a la memoria algo percibido en el pasado, aprendido o conocido, o retener algo en la mente.<\/li>\n<li>Entonces, el recordar implica hacer memoria sobre aquello que ya sucedi\u00f3, se vio, o de lo cual se habl\u00f3 oportunamente. Los recuerdos, cualquiera de los que aparezcan en nuestra mente, se encuentran vinculados a una funci\u00f3n cerebral, que no es otra que la de la memoria y que nos facilita el poder recordar datos, informaciones, personas, situaciones y asimismo conservarlos y almacenarlos en nuestra mente para luego rememorarlos, o a traerlos al presente cuando sea necesario.<\/li>\n<li>As\u00ed es que gracias a la memoria podemos recordar personas, objetos, situaciones acontecidas en nuestra vida, entre otras.<\/li>\n<li>Lamentablemente el ser humano tiene la disposici\u00f3n a recordar con mayor facilidad aquellas cosas negativas que le han sucedido, y olvida las cosas buenas que ha experimentado. Hacer lo contrario -recordar lo bueno- es una disciplina que de practicarse a diario reportar\u00e1 muchos beneficios al individuo. No obstante, no es f\u00e1cil, requiere entrenamiento, motivaci\u00f3n, fuerza de voluntad.<\/li>\n<\/ul>\n<p data-adtags-visited=\"true\"><img decoding=\"async\" class=\"emoji\" role=\"img\" draggable=\"false\" src=\"https:\/\/s0.wp.com\/wp-content\/mu-plugins\/wpcom-smileys\/twemoji\/2\/svg\/27a1.svg\" alt=\"\u27a1\ufe0f\" \/>\u00a0<strong>Quiz\u00e1 por eso Davi, el antiguo rey de Israel dijo para s\u00ed mismo:\u00a0<\/strong><em>\u201cBendice, alma m\u00eda, a Jehov\u00e1, Y bendiga todo mi ser su santo nombre. Bendice, alma m\u00eda, a Jehov\u00e1, Y no olvides ninguno de sus beneficios\u201d (Salmos 103:1-2).<\/em><\/p>\n<p id=\"inline-ad-1\" class=\"inline-ad-slot\" data-adtags-width=\"635\" data-adtags-visited=\"true\">\n<p data-adtags-visited=\"true\"><img decoding=\"async\" class=\"emoji\" role=\"img\" draggable=\"false\" src=\"https:\/\/s0.wp.com\/wp-content\/mu-plugins\/wpcom-smileys\/twemoji\/2\/svg\/1f4cc.svg\" alt=\"\ud83d\udccc\" \/>\u00a0<strong>APLICACI\u00d3N<\/strong><br \/>\nDecidamos -voluntariamente- dejar en el olvido aquellas situaciones, personas, cosas, experiencias y todo lo que nos hizo da\u00f1o: Una ofensa, un maltrato, una injusticia, una decepci\u00f3n, un mal pago, un desaire, un mal amor. Reconozcamos que pasamos demasiado tiempo rumiando malos recuerdos, los mismos que nos deprimen, nos enojan, nos hacen sentir culpables\u2026 \u00a1d\u00e9jalos en el pasado! Nada puedes hacer por remediar lo que ya aconteci\u00f3.<\/p>\n<p data-adtags-visited=\"true\">En cambio, te invito a recordar aquellas situaciones, personas, experiencias y cosas que te hicieron bien. Trae a tu memoria los recuerdos que te producen paz, alegr\u00eda, satisfacci\u00f3n, plenitud\u2026 \u00e9stos tienen el poder de cambiar tu d\u00eda. Mant\u00e9n tu mente ocupada en lo bueno, no en lo malo.<\/p>\n<p data-adtags-visited=\"true\"><img decoding=\"async\" class=\"emoji\" role=\"img\" draggable=\"false\" src=\"https:\/\/s0.wp.com\/wp-content\/mu-plugins\/wpcom-smileys\/twemoji\/2\/svg\/27a1.svg\" alt=\"\u27a1\ufe0f\" \/>\u00a0OJO AQU\u00cd: Esto no significa que debemos olvidar todo el pasado, al contrario, debemos extraer de \u00e9l las lecciones que nos ayuden a avanzar al siguiente nivel. Recibe esto:\u00a0<strong>\u2018HAZ DEL PASADO TU MAESTRO, NO TU VERDUGO\u2019<\/strong>. Deja de deambular por el desierto, es tiempo de que avances a Tierra Prometida, pero jam\u00e1s lo lograr\u00e1s si sigues atado\/a a recuerdos dolorosos; en cambio si recuerdas las bondades de Dios y las muchas bendiciones que \u00e9l te ha dado llegar\u00e1s m\u00e1s temprano.<\/p>\n<p data-adtags-visited=\"true\"><strong>Termino con esto:\u00a0<\/strong><em>Olvidar y Recordar desata dos bendiciones<\/em>. Por una parte te permite soltar el lastre que no te permite avanzar y por otra, te proyecta a un futuro mejor, uno que Dios dise\u00f1\u00f3 para que seas feliz, pr\u00f3spero, abundante, pleno.<\/p>\n<p data-adtags-visited=\"true\"><em>\u201cYo he venido para que tengan vida, y para que la tengan en abundancia\u201d -Jesucristo.<\/em><\/p>\n","protected":false},"excerpt":{"rendered":"<p>Hay personas que no logran avanzar en la vida y no saben porqu\u00e9, se sienten atadas, frustradas, como si una cadena invisible las sujetara a un puerto del cual no pueden zarpar.\u00a0Esas personas ignoran que el Dios de la vida dise\u00f1\u00f3 para todas sus criaturas dos herramientas que, de usarlas bien, pueden desatar una doble &hellip;<\/p>\n","protected":false},"author":1,"featured_media":20111,"comment_status":"open","ping_status":"open","sticky":false,"template":"","format":"standard","meta":{"footnotes":""},"categories":[34],"tags":[],"class_list":["post-20110","post","type-post","status-publish","format-standard","has-post-thumbnail","hentry","category-articulos"],"yoast_head":"<!-- This site is optimized with the Yoast SEO Premium plugin v24.2 (Yoast SEO v27.1.1) - https:\/\/yoast.com\/product\/yoast-seo-premium-wordpress\/ -->\n<title>La doble bendici\u00f3n de olvidar y recordar - Tabernaculo Prensa de Dios<\/title>\n<meta name=\"robots\" content=\"index, follow, max-snippet:-1, max-image-preview:large, max-video-preview:-1\" \/>\n<link rel=\"canonical\" href=\"https:\/\/tabernaculoprensadedios.com\/web\/la-doble-bendicion-de-olvidar-y-recordar\/\" class=\"yoast-seo-meta-tag\" \/>\n<meta property=\"og:locale\" content=\"es_ES\" class=\"yoast-seo-meta-tag\" \/>\n<meta property=\"og:type\" content=\"article\" class=\"yoast-seo-meta-tag\" \/>\n<meta property=\"og:title\" content=\"La doble bendici\u00f3n de olvidar y recordar\" class=\"yoast-seo-meta-tag\" \/>\n<meta property=\"og:description\" content=\"Hay personas que no logran avanzar en la vida y no saben porqu\u00e9, se sienten atadas, frustradas, como si una cadena invisible las sujetara a un puerto del cual no pueden zarpar.\u00a0Esas personas ignoran que el Dios de la vida dise\u00f1\u00f3 para todas sus criaturas dos herramientas que, de usarlas bien, pueden desatar una doble &hellip;\" class=\"yoast-seo-meta-tag\" \/>\n<meta property=\"og:url\" content=\"https:\/\/tabernaculoprensadedios.com\/web\/la-doble-bendicion-de-olvidar-y-recordar\/\" class=\"yoast-seo-meta-tag\" \/>\n<meta property=\"og:site_name\" content=\"Tabernaculo Prensa de Dios\" class=\"yoast-seo-meta-tag\" \/>\n<meta property=\"article:published_time\" content=\"2020-11-03T20:53:23+00:00\" class=\"yoast-seo-meta-tag\" \/>\n<meta property=\"og:image\" content=\"https:\/\/tabernaculoprensadedios.com\/web\/wp-content\/uploads\/2020\/11\/doble.jpg\" class=\"yoast-seo-meta-tag\" \/>\n\t<meta property=\"og:image:width\" content=\"1280\" class=\"yoast-seo-meta-tag\" \/>\n\t<meta property=\"og:image:height\" content=\"853\" class=\"yoast-seo-meta-tag\" \/>\n\t<meta property=\"og:image:type\" content=\"image\/jpeg\" class=\"yoast-seo-meta-tag\" \/>\n<meta name=\"author\" content=\"tabernaculo\" class=\"yoast-seo-meta-tag\" \/>\n<meta name=\"twitter:card\" content=\"summary_large_image\" class=\"yoast-seo-meta-tag\" \/>\n<meta name=\"twitter:creator\" content=\"@PrensadeDios\" class=\"yoast-seo-meta-tag\" \/>\n<meta name=\"twitter:site\" content=\"@PrensadeDios\" class=\"yoast-seo-meta-tag\" \/>\n<meta name=\"twitter:label1\" content=\"Escrito por\" class=\"yoast-seo-meta-tag\" \/>\n\t<meta name=\"twitter:data1\" content=\"tabernaculo\" class=\"yoast-seo-meta-tag\" \/>\n\t<meta name=\"twitter:label2\" content=\"Tiempo de lectura\" class=\"yoast-seo-meta-tag\" \/>\n\t<meta name=\"twitter:data2\" content=\"5 minutos\" class=\"yoast-seo-meta-tag\" \/>\n<script type=\"application\/ld+json\" class=\"yoast-schema-graph\">{\"@context\":\"https:\/\/schema.org\",\"@graph\":[{\"@type\":\"Article\",\"@id\":\"https:\/\/tabernaculoprensadedios.com\/web\/la-doble-bendicion-de-olvidar-y-recordar\/#article\",\"isPartOf\":{\"@id\":\"https:\/\/tabernaculoprensadedios.com\/web\/la-doble-bendicion-de-olvidar-y-recordar\/\"},\"author\":{\"name\":\"tabernaculo\",\"@id\":\"https:\/\/tabernaculoprensadedios.com\/web\/#\/schema\/person\/bc0e069fef56b38e177db6f098ae0b6e\"},\"headline\":\"La doble bendici\u00f3n de olvidar y recordar\",\"datePublished\":\"2020-11-03T20:53:23+00:00\",\"mainEntityOfPage\":{\"@id\":\"https:\/\/tabernaculoprensadedios.com\/web\/la-doble-bendicion-de-olvidar-y-recordar\/\"},\"wordCount\":1059,\"commentCount\":0,\"publisher\":{\"@id\":\"https:\/\/tabernaculoprensadedios.com\/web\/#\/schema\/person\/bc0e069fef56b38e177db6f098ae0b6e\"},\"image\":{\"@id\":\"https:\/\/tabernaculoprensadedios.com\/web\/la-doble-bendicion-de-olvidar-y-recordar\/#primaryimage\"},\"thumbnailUrl\":\"https:\/\/tabernaculoprensadedios.com\/web\/wp-content\/uploads\/2020\/11\/doble.jpg\",\"articleSection\":[\"Articulos\"],\"inLanguage\":\"es\",\"potentialAction\":[{\"@type\":\"CommentAction\",\"name\":\"Comment\",\"target\":[\"https:\/\/tabernaculoprensadedios.com\/web\/la-doble-bendicion-de-olvidar-y-recordar\/#respond\"]}]},{\"@type\":\"WebPage\",\"@id\":\"https:\/\/tabernaculoprensadedios.com\/web\/la-doble-bendicion-de-olvidar-y-recordar\/\",\"url\":\"https:\/\/tabernaculoprensadedios.com\/web\/la-doble-bendicion-de-olvidar-y-recordar\/\",\"name\":\"La doble bendici\u00f3n de olvidar y recordar - Tabernaculo Prensa de Dios\",\"isPartOf\":{\"@id\":\"https:\/\/tabernaculoprensadedios.com\/web\/#website\"},\"primaryImageOfPage\":{\"@id\":\"https:\/\/tabernaculoprensadedios.com\/web\/la-doble-bendicion-de-olvidar-y-recordar\/#primaryimage\"},\"image\":{\"@id\":\"https:\/\/tabernaculoprensadedios.com\/web\/la-doble-bendicion-de-olvidar-y-recordar\/#primaryimage\"},\"thumbnailUrl\":\"https:\/\/tabernaculoprensadedios.com\/web\/wp-content\/uploads\/2020\/11\/doble.jpg\",\"datePublished\":\"2020-11-03T20:53:23+00:00\",\"breadcrumb\":{\"@id\":\"https:\/\/tabernaculoprensadedios.com\/web\/la-doble-bendicion-de-olvidar-y-recordar\/#breadcrumb\"},\"inLanguage\":\"es\",\"potentialAction\":[{\"@type\":\"ReadAction\",\"target\":[\"https:\/\/tabernaculoprensadedios.com\/web\/la-doble-bendicion-de-olvidar-y-recordar\/\"]}]},{\"@type\":\"ImageObject\",\"inLanguage\":\"es\",\"@id\":\"https:\/\/tabernaculoprensadedios.com\/web\/la-doble-bendicion-de-olvidar-y-recordar\/#primaryimage\",\"url\":\"https:\/\/tabernaculoprensadedios.com\/web\/wp-content\/uploads\/2020\/11\/doble.jpg\",\"contentUrl\":\"https:\/\/tabernaculoprensadedios.com\/web\/wp-content\/uploads\/2020\/11\/doble.jpg\",\"width\":1280,\"height\":853},{\"@type\":\"BreadcrumbList\",\"@id\":\"https:\/\/tabernaculoprensadedios.com\/web\/la-doble-bendicion-de-olvidar-y-recordar\/#breadcrumb\",\"itemListElement\":[{\"@type\":\"ListItem\",\"position\":1,\"name\":\"Portada\",\"item\":\"https:\/\/tabernaculoprensadedios.com\/web\/\"},{\"@type\":\"ListItem\",\"position\":2,\"name\":\"La doble bendici\u00f3n de olvidar y recordar\"}]},{\"@type\":\"WebSite\",\"@id\":\"https:\/\/tabernaculoprensadedios.com\/web\/#website\",\"url\":\"https:\/\/tabernaculoprensadedios.com\/web\/\",\"name\":\"Tabernaculo Prensa de Dios\",\"description\":\"Un medio a la manera de Dios\",\"publisher\":{\"@id\":\"https:\/\/tabernaculoprensadedios.com\/web\/#\/schema\/person\/bc0e069fef56b38e177db6f098ae0b6e\"},\"potentialAction\":[{\"@type\":\"SearchAction\",\"target\":{\"@type\":\"EntryPoint\",\"urlTemplate\":\"https:\/\/tabernaculoprensadedios.com\/web\/?s={search_term_string}\"},\"query-input\":{\"@type\":\"PropertyValueSpecification\",\"valueRequired\":true,\"valueName\":\"search_term_string\"}}],\"inLanguage\":\"es\"},{\"@type\":[\"Person\",\"Organization\"],\"@id\":\"https:\/\/tabernaculoprensadedios.com\/web\/#\/schema\/person\/bc0e069fef56b38e177db6f098ae0b6e\",\"name\":\"tabernaculo\",\"image\":{\"@type\":\"ImageObject\",\"inLanguage\":\"es\",\"@id\":\"https:\/\/tabernaculoprensadedios.com\/web\/#\/schema\/person\/image\/\",\"url\":\"https:\/\/tabernaculoprensadedios.com\/web\/wp-content\/uploads\/2015\/06\/login-logo1.png\",\"contentUrl\":\"https:\/\/tabernaculoprensadedios.com\/web\/wp-content\/uploads\/2015\/06\/login-logo1.png\",\"width\":300,\"height\":118,\"caption\":\"tabernaculo\"},\"logo\":{\"@id\":\"https:\/\/tabernaculoprensadedios.com\/web\/#\/schema\/person\/image\/\"},\"url\":\"https:\/\/tabernaculoprensadedios.com\/web\/author\/tabernaculo\/\"}]}<\/script>\n<!-- \/ Yoast SEO Premium plugin. -->","yoast_head_json":{"title":"La doble bendici\u00f3n de olvidar y recordar - Tabernaculo Prensa de Dios","robots":{"index":"index","follow":"follow","max-snippet":"max-snippet:-1","max-image-preview":"max-image-preview:large","max-video-preview":"max-video-preview:-1"},"canonical":"https:\/\/tabernaculoprensadedios.com\/web\/la-doble-bendicion-de-olvidar-y-recordar\/","og_locale":"es_ES","og_type":"article","og_title":"La doble bendici\u00f3n de olvidar y recordar","og_description":"Hay personas que no logran avanzar en la vida y no saben porqu\u00e9, se sienten atadas, frustradas, como si una cadena invisible las sujetara a un puerto del cual no pueden zarpar.\u00a0Esas personas ignoran que el Dios de la vida dise\u00f1\u00f3 para todas sus criaturas dos herramientas que, de usarlas bien, pueden desatar una doble &hellip;","og_url":"https:\/\/tabernaculoprensadedios.com\/web\/la-doble-bendicion-de-olvidar-y-recordar\/","og_site_name":"Tabernaculo Prensa de Dios","article_published_time":"2020-11-03T20:53:23+00:00","og_image":[{"width":1280,"height":853,"url":"https:\/\/tabernaculoprensadedios.com\/web\/wp-content\/uploads\/2020\/11\/doble.jpg","type":"image\/jpeg"}],"author":"tabernaculo","twitter_card":"summary_large_image","twitter_creator":"@PrensadeDios","twitter_site":"@PrensadeDios","twitter_misc":{"Escrito por":"tabernaculo","Tiempo de lectura":"5 minutos"},"schema":{"@context":"https:\/\/schema.org","@graph":[{"@type":"Article","@id":"https:\/\/tabernaculoprensadedios.com\/web\/la-doble-bendicion-de-olvidar-y-recordar\/#article","isPartOf":{"@id":"https:\/\/tabernaculoprensadedios.com\/web\/la-doble-bendicion-de-olvidar-y-recordar\/"},"author":{"name":"tabernaculo","@id":"https:\/\/tabernaculoprensadedios.com\/web\/#\/schema\/person\/bc0e069fef56b38e177db6f098ae0b6e"},"headline":"La doble bendici\u00f3n de olvidar y recordar","datePublished":"2020-11-03T20:53:23+00:00","mainEntityOfPage":{"@id":"https:\/\/tabernaculoprensadedios.com\/web\/la-doble-bendicion-de-olvidar-y-recordar\/"},"wordCount":1059,"commentCount":0,"publisher":{"@id":"https:\/\/tabernaculoprensadedios.com\/web\/#\/schema\/person\/bc0e069fef56b38e177db6f098ae0b6e"},"image":{"@id":"https:\/\/tabernaculoprensadedios.com\/web\/la-doble-bendicion-de-olvidar-y-recordar\/#primaryimage"},"thumbnailUrl":"https:\/\/tabernaculoprensadedios.com\/web\/wp-content\/uploads\/2020\/11\/doble.jpg","articleSection":["Articulos"],"inLanguage":"es","potentialAction":[{"@type":"CommentAction","name":"Comment","target":["https:\/\/tabernaculoprensadedios.com\/web\/la-doble-bendicion-de-olvidar-y-recordar\/#respond"]}]},{"@type":"WebPage","@id":"https:\/\/tabernaculoprensadedios.com\/web\/la-doble-bendicion-de-olvidar-y-recordar\/","url":"https:\/\/tabernaculoprensadedios.com\/web\/la-doble-bendicion-de-olvidar-y-recordar\/","name":"La doble bendici\u00f3n de olvidar y recordar - Tabernaculo Prensa de Dios","isPartOf":{"@id":"https:\/\/tabernaculoprensadedios.com\/web\/#website"},"primaryImageOfPage":{"@id":"https:\/\/tabernaculoprensadedios.com\/web\/la-doble-bendicion-de-olvidar-y-recordar\/#primaryimage"},"image":{"@id":"https:\/\/tabernaculoprensadedios.com\/web\/la-doble-bendicion-de-olvidar-y-recordar\/#primaryimage"},"thumbnailUrl":"https:\/\/tabernaculoprensadedios.com\/web\/wp-content\/uploads\/2020\/11\/doble.jpg","datePublished":"2020-11-03T20:53:23+00:00","breadcrumb":{"@id":"https:\/\/tabernaculoprensadedios.com\/web\/la-doble-bendicion-de-olvidar-y-recordar\/#breadcrumb"},"inLanguage":"es","potentialAction":[{"@type":"ReadAction","target":["https:\/\/tabernaculoprensadedios.com\/web\/la-doble-bendicion-de-olvidar-y-recordar\/"]}]},{"@type":"ImageObject","inLanguage":"es","@id":"https:\/\/tabernaculoprensadedios.com\/web\/la-doble-bendicion-de-olvidar-y-recordar\/#primaryimage","url":"https:\/\/tabernaculoprensadedios.com\/web\/wp-content\/uploads\/2020\/11\/doble.jpg","contentUrl":"https:\/\/tabernaculoprensadedios.com\/web\/wp-content\/uploads\/2020\/11\/doble.jpg","width":1280,"height":853},{"@type":"BreadcrumbList","@id":"https:\/\/tabernaculoprensadedios.com\/web\/la-doble-bendicion-de-olvidar-y-recordar\/#breadcrumb","itemListElement":[{"@type":"ListItem","position":1,"name":"Portada","item":"https:\/\/tabernaculoprensadedios.com\/web\/"},{"@type":"ListItem","position":2,"name":"La doble bendici\u00f3n de olvidar y recordar"}]},{"@type":"WebSite","@id":"https:\/\/tabernaculoprensadedios.com\/web\/#website","url":"https:\/\/tabernaculoprensadedios.com\/web\/","name":"Tabernaculo Prensa de Dios","description":"Un medio a la manera de Dios","publisher":{"@id":"https:\/\/tabernaculoprensadedios.com\/web\/#\/schema\/person\/bc0e069fef56b38e177db6f098ae0b6e"},"potentialAction":[{"@type":"SearchAction","target":{"@type":"EntryPoint","urlTemplate":"https:\/\/tabernaculoprensadedios.com\/web\/?s={search_term_string}"},"query-input":{"@type":"PropertyValueSpecification","valueRequired":true,"valueName":"search_term_string"}}],"inLanguage":"es"},{"@type":["Person","Organization"],"@id":"https:\/\/tabernaculoprensadedios.com\/web\/#\/schema\/person\/bc0e069fef56b38e177db6f098ae0b6e","name":"tabernaculo","image":{"@type":"ImageObject","inLanguage":"es","@id":"https:\/\/tabernaculoprensadedios.com\/web\/#\/schema\/person\/image\/","url":"https:\/\/tabernaculoprensadedios.com\/web\/wp-content\/uploads\/2015\/06\/login-logo1.png","contentUrl":"https:\/\/tabernaculoprensadedios.com\/web\/wp-content\/uploads\/2015\/06\/login-logo1.png","width":300,"height":118,"caption":"tabernaculo"},"logo":{"@id":"https:\/\/tabernaculoprensadedios.com\/web\/#\/schema\/person\/image\/"},"url":"https:\/\/tabernaculoprensadedios.com\/web\/author\/tabernaculo\/"}]}},"_links":{"self":[{"href":"https:\/\/tabernaculoprensadedios.com\/web\/wp-json\/wp\/v2\/posts\/20110","targetHints":{"allow":["GET"]}}],"collection":[{"href":"https:\/\/tabernaculoprensadedios.com\/web\/wp-json\/wp\/v2\/posts"}],"about":[{"href":"https:\/\/tabernaculoprensadedios.com\/web\/wp-json\/wp\/v2\/types\/post"}],"author":[{"embeddable":true,"href":"https:\/\/tabernaculoprensadedios.com\/web\/wp-json\/wp\/v2\/users\/1"}],"replies":[{"embeddable":true,"href":"https:\/\/tabernaculoprensadedios.com\/web\/wp-json\/wp\/v2\/comments?post=20110"}],"version-history":[{"count":1,"href":"https:\/\/tabernaculoprensadedios.com\/web\/wp-json\/wp\/v2\/posts\/20110\/revisions"}],"predecessor-version":[{"id":20112,"href":"https:\/\/tabernaculoprensadedios.com\/web\/wp-json\/wp\/v2\/posts\/20110\/revisions\/20112"}],"wp:featuredmedia":[{"embeddable":true,"href":"https:\/\/tabernaculoprensadedios.com\/web\/wp-json\/wp\/v2\/media\/20111"}],"wp:attachment":[{"href":"https:\/\/tabernaculoprensadedios.com\/web\/wp-json\/wp\/v2\/media?parent=20110"}],"wp:term":[{"taxonomy":"category","embeddable":true,"href":"https:\/\/tabernaculoprensadedios.com\/web\/wp-json\/wp\/v2\/categories?post=20110"},{"taxonomy":"post_tag","embeddable":true,"href":"https:\/\/tabernaculoprensadedios.com\/web\/wp-json\/wp\/v2\/tags?post=20110"}],"curies":[{"name":"wp","href":"https:\/\/api.w.org\/{rel}","templated":true}]}}