{"id":20104,"date":"2020-11-03T20:41:33","date_gmt":"2020-11-03T20:41:33","guid":{"rendered":"http:\/\/tabernaculoprensadedios.com\/web\/?p=20104"},"modified":"2020-11-03T20:41:33","modified_gmt":"2020-11-03T20:41:33","slug":"reciban-el-manto-de-mi-fuerza-para-la-batalla-dice-el-padre","status":"publish","type":"post","link":"https:\/\/tabernaculoprensadedios.com\/web\/reciban-el-manto-de-mi-fuerza-para-la-batalla-dice-el-padre\/","title":{"rendered":"Reciban el manto de Mi fuerza para la batalla, dice el Padre"},"content":{"rendered":"<p><em><strong>Y a Aquel que es poderoso para hacer todas las cosas mucho m\u00e1s abundantemente de lo que pedimos o entendemos, seg\u00fan el poder que act\u00faa en nosotros, a \u00e9l sea gloria en la iglesia en Cristo Jes\u00fas por todas las edades, por los siglos de los siglos. Am\u00e9n. Efesios 3:20-21<\/strong><\/em><\/p>\n<p>Nunca se rindan en una zona de batalla. Nunca aparten sus ojos del premio del alto llamamiento al que los he destinado. No llegar\u00e1n al fracaso. No vacilar\u00e1n ni se ver\u00e1n afectados de ninguna manera por el asalto del infierno contra ustedes. Aunque pasen el cielo y la tierra, Mi bondad y Mi favor en su vida no disminuir\u00e1n, dice Dios. Yo estoy en ustedes y no ser\u00e9 negado; por lo tanto, no los negar\u00e9. La temporada de retrasos ha terminado. \u00c1ngeles marchar\u00e1n con \u00f3rdenes y este d\u00eda saldr\u00e1n rodeados por las huestes del cielo que he designado para ponerlos al frente y llevarlos a la plenitud de todo lo que Yo les he prometido. Sepan que los he llamado y los he equipado. Sepan que les he dado autoridad para vigilar los cielos y derribar todo lo que se enaltece contra el conocimiento de Mi Reino. Los he armado este d\u00eda con Mi nombre y el poder de la Sangre derramada en el Calvario para desatar Mi gloria y devastar los planes del enemigo contra ustedes. Ustedes no son una v\u00edctima; son m\u00e1s que vencedores. Los he llamado y ungido, y este d\u00eda los env\u00edo a luchar y ver las fuerzas de las tinieblas derrotadas y enviadas en retirada por la promesa de Mi Palabra y la fuerza de Mi diestra.<\/p>\n<p><strong>Romanos 8:37 TLA\u00a0<\/strong>En medio de todos nuestros problemas, estamos seguros de que Jesucristo, quien nos am\u00f3, nos dar\u00e1 la victoria total.<\/p>\n<p>Reciban el manto de Mi fuerza para la batalla, dice el Padre. Este d\u00eda el cetro de Mi Reino de favor es puesto sobre su cabeza. El anillo con el sello de autoridad del Calvario est\u00e1 en su dedo y el manto de Mi justicia est\u00e1 en su hombro. Los d\u00edas de los segundos mejores y apenas suficientes han llegado a su fin. El enemigo nunca m\u00e1s los tomar\u00e1 y les robar\u00e1. Hoy es el d\u00eda de su salvaci\u00f3n y ahora es el momento en que todo se revertir\u00e1 a su favor. Pongan su mano sobre algo y lo bendecir\u00e9; cada lugar donde pisa su pie, se los entregar\u00e9. Ustedes son conquistadores de territorios y reyes y sacerdotes delante de M\u00ed en este d\u00eda. M\u00edrense como Yo los veo. Estar\u00e1n en la cima nunca debajo. Son benditos en su entrada y su salida. Nada les har\u00e1 da\u00f1o de ninguna manera. Cada germen de enfermedad y cada virus que toque su cuerpo muere instant\u00e1neamente en Mi nombre. Las mentiras del enemigo quedar\u00e1n al descubierto. La plenitud de Mi gloria se derramar\u00e1. La realidad de Mi Reino en el interior de ustedes est\u00e1 surgiendo y no se sentir\u00e1n decepcionados ni una sola vez. Abran su boca y clamen, el clamor de aquel cuya victoria est\u00e1 asegurada. Levanten las manos cansadas y fortalezcan las rodillas debilitadas, porque Yo estoy con ustedes y nunca los dejar\u00e9 ni los desamparar\u00e9 de ninguna manera.<\/p>\n<p><strong>Ester 8: 2-4<\/strong>\u00a0Y se quit\u00f3 el rey el anillo que recogi\u00f3 de Am\u00e1n, y lo dio a Mardoqueo. Y Ester puso a Mardoqueo sobre la casa de Am\u00e1n. Volvi\u00f3 luego Ester a hablar delante del rey, y se ech\u00f3 a sus pies, llorando y rog\u00e1ndole que hiciese nula la maldad de Am\u00e1n a gagueo y su designio que hab\u00eda tramado contra los jud\u00edos. Entonces el rey extendi\u00f3 a Ester el cetro de oro, y Ester se levant\u00f3, y se puso en pie delante del rey,<\/p>\n<p>La columna de Mi gloria va delante de ustedes en este d\u00eda para mostrarles el camino. La oscuridad se est\u00e1 disipando y el camino del progreso se est\u00e1 volviendo simple y claro para que puedan saber qu\u00e9 hacer a continuaci\u00f3n y que habr\u00e1 ma\u00f1ana. El portal de Mi presencia los conducir\u00e1 como la columna de fuego de noche y la nube de d\u00eda sigui\u00f3 a los israelitas en el desierto. Ning\u00fan plan del enemigo contra ustedes prosperar\u00e1. Ninguna estrategia del infierno prevalecer\u00e1 contra ustedes, as\u00ed que sean valientes y muy audaces para creer y esperar lo mejor y m\u00e1s alto en su situaci\u00f3n. Mi palabra es segura, y Mis promesas est\u00e1n en ascenso en su vida para romper toda maldici\u00f3n del enemigo. Se est\u00e1n derribando autoridades ileg\u00edtimas. Las palabras y los juicios ileg\u00edtimos en su contra se volver\u00e1n inertes e incapaces de afectar su vida de alguna manera en este mismo d\u00eda. Ustedes han sido bendecidos desde el cielo, y lo que Yo he bendecido nadie puede maldecirlo. Lo que les he prometido con toda seguridad se cumplir\u00e1. \u00a1No se queden fuera! Yo los he incluido y los he establecido y he ordenado que salgan conquistando y a conquistar. El bot\u00edn ser\u00e1 tomado, el enemigo ser\u00e1 derrotado, y ustedes permanecer\u00e1n firmes con un testimonio intacto, y Mis promesas se manifiestan en su vida en una medida radical.<\/p>\n<p><strong>Deuteronomio 31:6<\/strong>\u00a0Sean fuertes y valientes. No teman ni se asusten ante esas naciones, pues el Se\u00f1or su Dios siempre los acompa\u00f1ar\u00e1; nunca los dejar\u00e1 ni los abandonar\u00e1\u00bb.<\/p>\n<p>No hay nada ordinario o mundano en lo que Yo estoy haciendo en su vida este d\u00eda, dice Dios. Se acab\u00f3 el tiempo de espera, dice el Padre. Los d\u00edas de mediocridad quedaron en el pasado. Se mover\u00e1n con el viento huracanado de Mi bondad a su espalda y tambi\u00e9n ir\u00e1 delante de ustedes para volar el campamento del enemigo y ararlo hasta que no quede ninguna evidencia de que se atrevi\u00f3 a poner sus fuerzas en orden contra ustedes. Salgan gozosos este d\u00eda, dice el Padre. Pongan sus pies adelante con expectativa y pongan manos a la obra creyendo con una gran fe. Este es un nuevo d\u00eda y una nueva temporada. \u00bfEl informe malvado? \u00a1Ser\u00e1 como nada! \u00bfLas amenazas y la intimidaci\u00f3n de Satan\u00e1s? Se dispersar\u00e1n y quedar\u00e1n expuestas como nada m\u00e1s que humo y espejos, porque ustedes son a quienes Yo he bendecido, y elegido; Yo he puesto Mi amor sobre ustedes en extrema medida. Af\u00e9rrense a las provisiones del Calvario y crean por todo lo que la Cruz ya hizo posible. Las monta\u00f1as en su camino se mover\u00e1n. Los obst\u00e1culos e impedimentos a su destino se levantan hoy y ser\u00e1n lanzados al mar. As\u00ed como Miriam danzo mientras el ej\u00e9rcito de Fara\u00f3n perec\u00eda, as\u00ed danzar\u00e1n y se regocijar\u00e1n por toda Mi buena Palabra que se cumplir\u00e1 en su vida, sac\u00e1ndolos de la servidumbre de Egipto y llev\u00e1ndolos a la libertad que solo Mi Esp\u00edritu trae a todos los que ponen su confianza en M\u00ed. (Russ Walden)<\/p>\n<p><strong>Exodo 15:19-21\u00a0<\/strong>Porque Fara\u00f3n entr\u00f3 cabalgando con sus carros y su gente de a caballo en el mar, y Jehov\u00e1 hizo volver las aguas del mar sobre ellos; m\u00e1s los hijos de Israel pasaron en seco por en medio del mar. Y Mar\u00eda la profetisa, hermana de Aar\u00f3n, tom\u00f3 un pandero en su mano, y todas las mujeres salieron en pos de ella con panderos y danzas. Y Mar\u00eda les respond\u00eda: Cantad a Jehov\u00e1, porque en extremo se ha engrandecido; Ha echado en el mar al caballo y al jinete.<\/p>\n<p>Con amor y oraciones,<\/p>\n","protected":false},"excerpt":{"rendered":"<p>Y a Aquel que es poderoso para hacer todas las cosas mucho m\u00e1s abundantemente de lo que pedimos o entendemos, seg\u00fan el poder que act\u00faa en nosotros, a \u00e9l sea gloria en la iglesia en Cristo Jes\u00fas por todas las edades, por los siglos de los siglos. Am\u00e9n. Efesios 3:20-21 Nunca se rindan en una &hellip;<\/p>\n","protected":false},"author":1,"featured_media":20105,"comment_status":"open","ping_status":"open","sticky":false,"template":"","format":"standard","meta":{"footnotes":""},"categories":[38],"tags":[],"class_list":["post-20104","post","type-post","status-publish","format-standard","has-post-thumbnail","hentry","category-principal"],"yoast_head":"<!-- This site is optimized with the Yoast SEO Premium plugin v24.2 (Yoast SEO v27.1.1) - https:\/\/yoast.com\/product\/yoast-seo-premium-wordpress\/ -->\n<title>Reciban el manto de Mi fuerza para la batalla, dice el Padre - Tabernaculo Prensa de Dios<\/title>\n<meta name=\"robots\" content=\"index, follow, max-snippet:-1, max-image-preview:large, max-video-preview:-1\" \/>\n<link rel=\"canonical\" href=\"https:\/\/tabernaculoprensadedios.com\/web\/reciban-el-manto-de-mi-fuerza-para-la-batalla-dice-el-padre\/\" class=\"yoast-seo-meta-tag\" \/>\n<meta property=\"og:locale\" content=\"es_ES\" class=\"yoast-seo-meta-tag\" \/>\n<meta property=\"og:type\" content=\"article\" class=\"yoast-seo-meta-tag\" \/>\n<meta property=\"og:title\" content=\"Reciban el manto de Mi fuerza para la batalla, dice el Padre\" class=\"yoast-seo-meta-tag\" \/>\n<meta property=\"og:description\" content=\"Y a Aquel que es poderoso para hacer todas las cosas mucho m\u00e1s abundantemente de lo que pedimos o entendemos, seg\u00fan el poder que act\u00faa en nosotros, a \u00e9l sea gloria en la iglesia en Cristo Jes\u00fas por todas las edades, por los siglos de los siglos. Am\u00e9n. Efesios 3:20-21 Nunca se rindan en una &hellip;\" class=\"yoast-seo-meta-tag\" \/>\n<meta property=\"og:url\" content=\"https:\/\/tabernaculoprensadedios.com\/web\/reciban-el-manto-de-mi-fuerza-para-la-batalla-dice-el-padre\/\" class=\"yoast-seo-meta-tag\" \/>\n<meta property=\"og:site_name\" content=\"Tabernaculo Prensa de Dios\" class=\"yoast-seo-meta-tag\" \/>\n<meta property=\"article:published_time\" content=\"2020-11-03T20:41:33+00:00\" class=\"yoast-seo-meta-tag\" \/>\n<meta property=\"og:image\" content=\"https:\/\/tabernaculoprensadedios.com\/web\/wp-content\/uploads\/2020\/11\/manto.jpg\" class=\"yoast-seo-meta-tag\" \/>\n\t<meta property=\"og:image:width\" content=\"1280\" class=\"yoast-seo-meta-tag\" \/>\n\t<meta property=\"og:image:height\" content=\"800\" class=\"yoast-seo-meta-tag\" \/>\n\t<meta property=\"og:image:type\" content=\"image\/jpeg\" class=\"yoast-seo-meta-tag\" \/>\n<meta name=\"author\" content=\"tabernaculo\" class=\"yoast-seo-meta-tag\" \/>\n<meta name=\"twitter:card\" content=\"summary_large_image\" class=\"yoast-seo-meta-tag\" \/>\n<meta name=\"twitter:creator\" content=\"@PrensadeDios\" class=\"yoast-seo-meta-tag\" \/>\n<meta name=\"twitter:site\" content=\"@PrensadeDios\" class=\"yoast-seo-meta-tag\" \/>\n<meta name=\"twitter:label1\" content=\"Escrito por\" class=\"yoast-seo-meta-tag\" \/>\n\t<meta name=\"twitter:data1\" content=\"tabernaculo\" class=\"yoast-seo-meta-tag\" \/>\n\t<meta name=\"twitter:label2\" content=\"Tiempo de lectura\" class=\"yoast-seo-meta-tag\" \/>\n\t<meta name=\"twitter:data2\" content=\"6 minutos\" class=\"yoast-seo-meta-tag\" \/>\n<script type=\"application\/ld+json\" class=\"yoast-schema-graph\">{\"@context\":\"https:\/\/schema.org\",\"@graph\":[{\"@type\":\"Article\",\"@id\":\"https:\/\/tabernaculoprensadedios.com\/web\/reciban-el-manto-de-mi-fuerza-para-la-batalla-dice-el-padre\/#article\",\"isPartOf\":{\"@id\":\"https:\/\/tabernaculoprensadedios.com\/web\/reciban-el-manto-de-mi-fuerza-para-la-batalla-dice-el-padre\/\"},\"author\":{\"name\":\"tabernaculo\",\"@id\":\"https:\/\/tabernaculoprensadedios.com\/web\/#\/schema\/person\/bc0e069fef56b38e177db6f098ae0b6e\"},\"headline\":\"Reciban el manto de Mi fuerza para la batalla, dice el Padre\",\"datePublished\":\"2020-11-03T20:41:33+00:00\",\"mainEntityOfPage\":{\"@id\":\"https:\/\/tabernaculoprensadedios.com\/web\/reciban-el-manto-de-mi-fuerza-para-la-batalla-dice-el-padre\/\"},\"wordCount\":1309,\"commentCount\":0,\"publisher\":{\"@id\":\"https:\/\/tabernaculoprensadedios.com\/web\/#\/schema\/person\/bc0e069fef56b38e177db6f098ae0b6e\"},\"image\":{\"@id\":\"https:\/\/tabernaculoprensadedios.com\/web\/reciban-el-manto-de-mi-fuerza-para-la-batalla-dice-el-padre\/#primaryimage\"},\"thumbnailUrl\":\"https:\/\/tabernaculoprensadedios.com\/web\/wp-content\/uploads\/2020\/11\/manto.jpg\",\"articleSection\":[\"Principal\"],\"inLanguage\":\"es\",\"potentialAction\":[{\"@type\":\"CommentAction\",\"name\":\"Comment\",\"target\":[\"https:\/\/tabernaculoprensadedios.com\/web\/reciban-el-manto-de-mi-fuerza-para-la-batalla-dice-el-padre\/#respond\"]}]},{\"@type\":\"WebPage\",\"@id\":\"https:\/\/tabernaculoprensadedios.com\/web\/reciban-el-manto-de-mi-fuerza-para-la-batalla-dice-el-padre\/\",\"url\":\"https:\/\/tabernaculoprensadedios.com\/web\/reciban-el-manto-de-mi-fuerza-para-la-batalla-dice-el-padre\/\",\"name\":\"Reciban el manto de Mi fuerza para la batalla, dice el Padre - Tabernaculo Prensa de Dios\",\"isPartOf\":{\"@id\":\"https:\/\/tabernaculoprensadedios.com\/web\/#website\"},\"primaryImageOfPage\":{\"@id\":\"https:\/\/tabernaculoprensadedios.com\/web\/reciban-el-manto-de-mi-fuerza-para-la-batalla-dice-el-padre\/#primaryimage\"},\"image\":{\"@id\":\"https:\/\/tabernaculoprensadedios.com\/web\/reciban-el-manto-de-mi-fuerza-para-la-batalla-dice-el-padre\/#primaryimage\"},\"thumbnailUrl\":\"https:\/\/tabernaculoprensadedios.com\/web\/wp-content\/uploads\/2020\/11\/manto.jpg\",\"datePublished\":\"2020-11-03T20:41:33+00:00\",\"breadcrumb\":{\"@id\":\"https:\/\/tabernaculoprensadedios.com\/web\/reciban-el-manto-de-mi-fuerza-para-la-batalla-dice-el-padre\/#breadcrumb\"},\"inLanguage\":\"es\",\"potentialAction\":[{\"@type\":\"ReadAction\",\"target\":[\"https:\/\/tabernaculoprensadedios.com\/web\/reciban-el-manto-de-mi-fuerza-para-la-batalla-dice-el-padre\/\"]}]},{\"@type\":\"ImageObject\",\"inLanguage\":\"es\",\"@id\":\"https:\/\/tabernaculoprensadedios.com\/web\/reciban-el-manto-de-mi-fuerza-para-la-batalla-dice-el-padre\/#primaryimage\",\"url\":\"https:\/\/tabernaculoprensadedios.com\/web\/wp-content\/uploads\/2020\/11\/manto.jpg\",\"contentUrl\":\"https:\/\/tabernaculoprensadedios.com\/web\/wp-content\/uploads\/2020\/11\/manto.jpg\",\"width\":1280,\"height\":800},{\"@type\":\"BreadcrumbList\",\"@id\":\"https:\/\/tabernaculoprensadedios.com\/web\/reciban-el-manto-de-mi-fuerza-para-la-batalla-dice-el-padre\/#breadcrumb\",\"itemListElement\":[{\"@type\":\"ListItem\",\"position\":1,\"name\":\"Portada\",\"item\":\"https:\/\/tabernaculoprensadedios.com\/web\/\"},{\"@type\":\"ListItem\",\"position\":2,\"name\":\"Reciban el manto de Mi fuerza para la batalla, dice el Padre\"}]},{\"@type\":\"WebSite\",\"@id\":\"https:\/\/tabernaculoprensadedios.com\/web\/#website\",\"url\":\"https:\/\/tabernaculoprensadedios.com\/web\/\",\"name\":\"Tabernaculo Prensa de Dios\",\"description\":\"Un medio a la manera de Dios\",\"publisher\":{\"@id\":\"https:\/\/tabernaculoprensadedios.com\/web\/#\/schema\/person\/bc0e069fef56b38e177db6f098ae0b6e\"},\"potentialAction\":[{\"@type\":\"SearchAction\",\"target\":{\"@type\":\"EntryPoint\",\"urlTemplate\":\"https:\/\/tabernaculoprensadedios.com\/web\/?s={search_term_string}\"},\"query-input\":{\"@type\":\"PropertyValueSpecification\",\"valueRequired\":true,\"valueName\":\"search_term_string\"}}],\"inLanguage\":\"es\"},{\"@type\":[\"Person\",\"Organization\"],\"@id\":\"https:\/\/tabernaculoprensadedios.com\/web\/#\/schema\/person\/bc0e069fef56b38e177db6f098ae0b6e\",\"name\":\"tabernaculo\",\"image\":{\"@type\":\"ImageObject\",\"inLanguage\":\"es\",\"@id\":\"https:\/\/tabernaculoprensadedios.com\/web\/#\/schema\/person\/image\/\",\"url\":\"https:\/\/tabernaculoprensadedios.com\/web\/wp-content\/uploads\/2015\/06\/login-logo1.png\",\"contentUrl\":\"https:\/\/tabernaculoprensadedios.com\/web\/wp-content\/uploads\/2015\/06\/login-logo1.png\",\"width\":300,\"height\":118,\"caption\":\"tabernaculo\"},\"logo\":{\"@id\":\"https:\/\/tabernaculoprensadedios.com\/web\/#\/schema\/person\/image\/\"},\"url\":\"https:\/\/tabernaculoprensadedios.com\/web\/author\/tabernaculo\/\"}]}<\/script>\n<!-- \/ Yoast SEO Premium plugin. -->","yoast_head_json":{"title":"Reciban el manto de Mi fuerza para la batalla, dice el Padre - Tabernaculo Prensa de Dios","robots":{"index":"index","follow":"follow","max-snippet":"max-snippet:-1","max-image-preview":"max-image-preview:large","max-video-preview":"max-video-preview:-1"},"canonical":"https:\/\/tabernaculoprensadedios.com\/web\/reciban-el-manto-de-mi-fuerza-para-la-batalla-dice-el-padre\/","og_locale":"es_ES","og_type":"article","og_title":"Reciban el manto de Mi fuerza para la batalla, dice el Padre","og_description":"Y a Aquel que es poderoso para hacer todas las cosas mucho m\u00e1s abundantemente de lo que pedimos o entendemos, seg\u00fan el poder que act\u00faa en nosotros, a \u00e9l sea gloria en la iglesia en Cristo Jes\u00fas por todas las edades, por los siglos de los siglos. Am\u00e9n. Efesios 3:20-21 Nunca se rindan en una &hellip;","og_url":"https:\/\/tabernaculoprensadedios.com\/web\/reciban-el-manto-de-mi-fuerza-para-la-batalla-dice-el-padre\/","og_site_name":"Tabernaculo Prensa de Dios","article_published_time":"2020-11-03T20:41:33+00:00","og_image":[{"width":1280,"height":800,"url":"https:\/\/tabernaculoprensadedios.com\/web\/wp-content\/uploads\/2020\/11\/manto.jpg","type":"image\/jpeg"}],"author":"tabernaculo","twitter_card":"summary_large_image","twitter_creator":"@PrensadeDios","twitter_site":"@PrensadeDios","twitter_misc":{"Escrito por":"tabernaculo","Tiempo de lectura":"6 minutos"},"schema":{"@context":"https:\/\/schema.org","@graph":[{"@type":"Article","@id":"https:\/\/tabernaculoprensadedios.com\/web\/reciban-el-manto-de-mi-fuerza-para-la-batalla-dice-el-padre\/#article","isPartOf":{"@id":"https:\/\/tabernaculoprensadedios.com\/web\/reciban-el-manto-de-mi-fuerza-para-la-batalla-dice-el-padre\/"},"author":{"name":"tabernaculo","@id":"https:\/\/tabernaculoprensadedios.com\/web\/#\/schema\/person\/bc0e069fef56b38e177db6f098ae0b6e"},"headline":"Reciban el manto de Mi fuerza para la batalla, dice el Padre","datePublished":"2020-11-03T20:41:33+00:00","mainEntityOfPage":{"@id":"https:\/\/tabernaculoprensadedios.com\/web\/reciban-el-manto-de-mi-fuerza-para-la-batalla-dice-el-padre\/"},"wordCount":1309,"commentCount":0,"publisher":{"@id":"https:\/\/tabernaculoprensadedios.com\/web\/#\/schema\/person\/bc0e069fef56b38e177db6f098ae0b6e"},"image":{"@id":"https:\/\/tabernaculoprensadedios.com\/web\/reciban-el-manto-de-mi-fuerza-para-la-batalla-dice-el-padre\/#primaryimage"},"thumbnailUrl":"https:\/\/tabernaculoprensadedios.com\/web\/wp-content\/uploads\/2020\/11\/manto.jpg","articleSection":["Principal"],"inLanguage":"es","potentialAction":[{"@type":"CommentAction","name":"Comment","target":["https:\/\/tabernaculoprensadedios.com\/web\/reciban-el-manto-de-mi-fuerza-para-la-batalla-dice-el-padre\/#respond"]}]},{"@type":"WebPage","@id":"https:\/\/tabernaculoprensadedios.com\/web\/reciban-el-manto-de-mi-fuerza-para-la-batalla-dice-el-padre\/","url":"https:\/\/tabernaculoprensadedios.com\/web\/reciban-el-manto-de-mi-fuerza-para-la-batalla-dice-el-padre\/","name":"Reciban el manto de Mi fuerza para la batalla, dice el Padre - Tabernaculo Prensa de Dios","isPartOf":{"@id":"https:\/\/tabernaculoprensadedios.com\/web\/#website"},"primaryImageOfPage":{"@id":"https:\/\/tabernaculoprensadedios.com\/web\/reciban-el-manto-de-mi-fuerza-para-la-batalla-dice-el-padre\/#primaryimage"},"image":{"@id":"https:\/\/tabernaculoprensadedios.com\/web\/reciban-el-manto-de-mi-fuerza-para-la-batalla-dice-el-padre\/#primaryimage"},"thumbnailUrl":"https:\/\/tabernaculoprensadedios.com\/web\/wp-content\/uploads\/2020\/11\/manto.jpg","datePublished":"2020-11-03T20:41:33+00:00","breadcrumb":{"@id":"https:\/\/tabernaculoprensadedios.com\/web\/reciban-el-manto-de-mi-fuerza-para-la-batalla-dice-el-padre\/#breadcrumb"},"inLanguage":"es","potentialAction":[{"@type":"ReadAction","target":["https:\/\/tabernaculoprensadedios.com\/web\/reciban-el-manto-de-mi-fuerza-para-la-batalla-dice-el-padre\/"]}]},{"@type":"ImageObject","inLanguage":"es","@id":"https:\/\/tabernaculoprensadedios.com\/web\/reciban-el-manto-de-mi-fuerza-para-la-batalla-dice-el-padre\/#primaryimage","url":"https:\/\/tabernaculoprensadedios.com\/web\/wp-content\/uploads\/2020\/11\/manto.jpg","contentUrl":"https:\/\/tabernaculoprensadedios.com\/web\/wp-content\/uploads\/2020\/11\/manto.jpg","width":1280,"height":800},{"@type":"BreadcrumbList","@id":"https:\/\/tabernaculoprensadedios.com\/web\/reciban-el-manto-de-mi-fuerza-para-la-batalla-dice-el-padre\/#breadcrumb","itemListElement":[{"@type":"ListItem","position":1,"name":"Portada","item":"https:\/\/tabernaculoprensadedios.com\/web\/"},{"@type":"ListItem","position":2,"name":"Reciban el manto de Mi fuerza para la batalla, dice el Padre"}]},{"@type":"WebSite","@id":"https:\/\/tabernaculoprensadedios.com\/web\/#website","url":"https:\/\/tabernaculoprensadedios.com\/web\/","name":"Tabernaculo Prensa de Dios","description":"Un medio a la manera de Dios","publisher":{"@id":"https:\/\/tabernaculoprensadedios.com\/web\/#\/schema\/person\/bc0e069fef56b38e177db6f098ae0b6e"},"potentialAction":[{"@type":"SearchAction","target":{"@type":"EntryPoint","urlTemplate":"https:\/\/tabernaculoprensadedios.com\/web\/?s={search_term_string}"},"query-input":{"@type":"PropertyValueSpecification","valueRequired":true,"valueName":"search_term_string"}}],"inLanguage":"es"},{"@type":["Person","Organization"],"@id":"https:\/\/tabernaculoprensadedios.com\/web\/#\/schema\/person\/bc0e069fef56b38e177db6f098ae0b6e","name":"tabernaculo","image":{"@type":"ImageObject","inLanguage":"es","@id":"https:\/\/tabernaculoprensadedios.com\/web\/#\/schema\/person\/image\/","url":"https:\/\/tabernaculoprensadedios.com\/web\/wp-content\/uploads\/2015\/06\/login-logo1.png","contentUrl":"https:\/\/tabernaculoprensadedios.com\/web\/wp-content\/uploads\/2015\/06\/login-logo1.png","width":300,"height":118,"caption":"tabernaculo"},"logo":{"@id":"https:\/\/tabernaculoprensadedios.com\/web\/#\/schema\/person\/image\/"},"url":"https:\/\/tabernaculoprensadedios.com\/web\/author\/tabernaculo\/"}]}},"_links":{"self":[{"href":"https:\/\/tabernaculoprensadedios.com\/web\/wp-json\/wp\/v2\/posts\/20104","targetHints":{"allow":["GET"]}}],"collection":[{"href":"https:\/\/tabernaculoprensadedios.com\/web\/wp-json\/wp\/v2\/posts"}],"about":[{"href":"https:\/\/tabernaculoprensadedios.com\/web\/wp-json\/wp\/v2\/types\/post"}],"author":[{"embeddable":true,"href":"https:\/\/tabernaculoprensadedios.com\/web\/wp-json\/wp\/v2\/users\/1"}],"replies":[{"embeddable":true,"href":"https:\/\/tabernaculoprensadedios.com\/web\/wp-json\/wp\/v2\/comments?post=20104"}],"version-history":[{"count":1,"href":"https:\/\/tabernaculoprensadedios.com\/web\/wp-json\/wp\/v2\/posts\/20104\/revisions"}],"predecessor-version":[{"id":20106,"href":"https:\/\/tabernaculoprensadedios.com\/web\/wp-json\/wp\/v2\/posts\/20104\/revisions\/20106"}],"wp:featuredmedia":[{"embeddable":true,"href":"https:\/\/tabernaculoprensadedios.com\/web\/wp-json\/wp\/v2\/media\/20105"}],"wp:attachment":[{"href":"https:\/\/tabernaculoprensadedios.com\/web\/wp-json\/wp\/v2\/media?parent=20104"}],"wp:term":[{"taxonomy":"category","embeddable":true,"href":"https:\/\/tabernaculoprensadedios.com\/web\/wp-json\/wp\/v2\/categories?post=20104"},{"taxonomy":"post_tag","embeddable":true,"href":"https:\/\/tabernaculoprensadedios.com\/web\/wp-json\/wp\/v2\/tags?post=20104"}],"curies":[{"name":"wp","href":"https:\/\/api.w.org\/{rel}","templated":true}]}}