{"id":20101,"date":"2020-11-03T20:30:55","date_gmt":"2020-11-03T20:30:55","guid":{"rendered":"http:\/\/tabernaculoprensadedios.com\/web\/?p=20101"},"modified":"2020-11-03T20:30:55","modified_gmt":"2020-11-03T20:30:55","slug":"teologa-brasilena-romi-bencke-dice-tensiones-de-la-libertad-religiosa-son-expresion-de-garantias-de-derechos-humanos","status":"publish","type":"post","link":"https:\/\/tabernaculoprensadedios.com\/web\/teologa-brasilena-romi-bencke-dice-tensiones-de-la-libertad-religiosa-son-expresion-de-garantias-de-derechos-humanos\/","title":{"rendered":"Te\u00f3loga brasile\u00f1a Romi Bencke dice: tensiones de la libertad religiosa son expresi\u00f3n de garant\u00edas de derechos humanos"},"content":{"rendered":"<p>\u201cUna de las situaciones humanas m\u00e1s amenzadas o en disputa hoy en d\u00eda es la de la libertad, hay una tensi\u00f3n entre el ejercicio y el derecho de la libertad religiosa de expresi\u00f3n y la garant\u00eda de los derechos humanos universales\u201d, as\u00ed lo expres\u00f3 la te\u00f3loga brasile\u00f1a Romi Bencke.<\/p>\n<p>La profesora de teolog\u00eda a\u00f1adi\u00f3 que en el siglo 21 la libertad y los valores son ficticios, el ser humano no es libre lo que se tiene es un seuda-libertad que es consentida para satisfacer la voluntad del capital. Esa seuda-libertad se expresa en la aparente posibilidad de elegir lo que se consume o elegir quien vive y quien muere en medio de un mundo en constantes cambios en que todo est\u00e1 en movimiento, donde la realidad es transitoria y con un final no definido, donde las certezas en los sistemas m\u00e1s s\u00f3lidos parecen estar desapareciendo.<\/p>\n<p>Al hablar en la conferencia internacional: \u201cReforma de la misi\u00f3n en un mundo en transformaci\u00f3n\u201d, evento acad\u00e9mico, auspiciado por la Universidad Nacional Evang\u00e9lica y otras acad\u00e9micas extranjeras para celebrar los 503 a\u00f1os de la Reforma Protestante, la acad\u00e9mica se pregunt\u00f3 si la libertad religiosa es un derecho absoluto que define la libertad de c\u00e1tedra, la identidades y la auto-identidad religiosa.<\/p>\n<p>En otro aspecto, la tambi\u00e9n secretaria general de la Asociaci\u00f3n de Iglesias Cristianas del Brasil, enfatizo de que somos sociedades libres, democr\u00e1ticas, pero que la libertad en cuesti\u00f3n, es la libertad del sistema capitalista que regula no solo el modo de producci\u00f3n y la vida de las personas por esa cuesti\u00f3n si hay una libertad en un mundo controlado por el capitalismo.<\/p>\n<p>Al presentar las conclusiones de su tema de la libertad religiosa, Romi Bencke explic\u00f3 que la Reforma Protestante establece proceso de di\u00e1logos que se deben posibilitar cuestionamientos, interrogantes, entre la tradici\u00f3n de la reforma y el actual sistema social, pol\u00edtico, religiosa. Asegur\u00f3 que \u00e9ste cuestionamiento puede tener dos v\u00edas: la interacci\u00f3n y la comunicaci\u00f3n de las teolog\u00edas de la Reforma con el mundo globalizado, plural y gobernado por una l\u00f3gica capitalista que anula la libertad humana en detrimento de la libertad del capital.<\/p>\n","protected":false},"excerpt":{"rendered":"<p>\u201cUna de las situaciones humanas m\u00e1s amenzadas o en disputa hoy en d\u00eda es la de la libertad, hay una tensi\u00f3n entre el ejercicio y el derecho de la libertad religiosa de expresi\u00f3n y la garant\u00eda de los derechos humanos universales\u201d, as\u00ed lo expres\u00f3 la te\u00f3loga brasile\u00f1a Romi Bencke. La profesora de teolog\u00eda a\u00f1adi\u00f3 que &hellip;<\/p>\n","protected":false},"author":1,"featured_media":20102,"comment_status":"open","ping_status":"open","sticky":false,"template":"","format":"standard","meta":{"footnotes":""},"categories":[19],"tags":[],"class_list":["post-20101","post","type-post","status-publish","format-standard","has-post-thumbnail","hentry","category-educacion"],"yoast_head":"<!-- This site is optimized with the Yoast SEO Premium plugin v24.2 (Yoast SEO v27.1.1) - https:\/\/yoast.com\/product\/yoast-seo-premium-wordpress\/ -->\n<title>Te\u00f3loga brasile\u00f1a Romi Bencke dice: tensiones de la libertad religiosa son expresi\u00f3n de garant\u00edas de derechos humanos - Tabernaculo Prensa de Dios<\/title>\n<meta name=\"robots\" content=\"index, follow, max-snippet:-1, max-image-preview:large, max-video-preview:-1\" \/>\n<link rel=\"canonical\" href=\"https:\/\/tabernaculoprensadedios.com\/web\/teologa-brasilena-romi-bencke-dice-tensiones-de-la-libertad-religiosa-son-expresion-de-garantias-de-derechos-humanos\/\" class=\"yoast-seo-meta-tag\" \/>\n<meta property=\"og:locale\" content=\"es_ES\" class=\"yoast-seo-meta-tag\" \/>\n<meta property=\"og:type\" content=\"article\" class=\"yoast-seo-meta-tag\" \/>\n<meta property=\"og:title\" content=\"Te\u00f3loga brasile\u00f1a Romi Bencke dice: tensiones de la libertad religiosa son expresi\u00f3n de garant\u00edas de derechos humanos\" class=\"yoast-seo-meta-tag\" \/>\n<meta property=\"og:description\" content=\"\u201cUna de las situaciones humanas m\u00e1s amenzadas o en disputa hoy en d\u00eda es la de la libertad, hay una tensi\u00f3n entre el ejercicio y el derecho de la libertad religiosa de expresi\u00f3n y la garant\u00eda de los derechos humanos universales\u201d, as\u00ed lo expres\u00f3 la te\u00f3loga brasile\u00f1a Romi Bencke. La profesora de teolog\u00eda a\u00f1adi\u00f3 que &hellip;\" class=\"yoast-seo-meta-tag\" \/>\n<meta property=\"og:url\" content=\"https:\/\/tabernaculoprensadedios.com\/web\/teologa-brasilena-romi-bencke-dice-tensiones-de-la-libertad-religiosa-son-expresion-de-garantias-de-derechos-humanos\/\" class=\"yoast-seo-meta-tag\" \/>\n<meta property=\"og:site_name\" content=\"Tabernaculo Prensa de Dios\" class=\"yoast-seo-meta-tag\" \/>\n<meta property=\"article:published_time\" content=\"2020-11-03T20:30:55+00:00\" class=\"yoast-seo-meta-tag\" \/>\n<meta property=\"og:image\" content=\"https:\/\/tabernaculoprensadedios.com\/web\/wp-content\/uploads\/2020\/11\/teologoa-Romi-Bencke.jpeg\" class=\"yoast-seo-meta-tag\" \/>\n\t<meta property=\"og:image:width\" content=\"600\" class=\"yoast-seo-meta-tag\" \/>\n\t<meta property=\"og:image:height\" content=\"400\" class=\"yoast-seo-meta-tag\" \/>\n\t<meta property=\"og:image:type\" content=\"image\/jpeg\" class=\"yoast-seo-meta-tag\" \/>\n<meta name=\"author\" content=\"tabernaculo\" class=\"yoast-seo-meta-tag\" \/>\n<meta name=\"twitter:card\" content=\"summary_large_image\" class=\"yoast-seo-meta-tag\" \/>\n<meta name=\"twitter:creator\" content=\"@PrensadeDios\" class=\"yoast-seo-meta-tag\" \/>\n<meta name=\"twitter:site\" content=\"@PrensadeDios\" class=\"yoast-seo-meta-tag\" \/>\n<meta name=\"twitter:label1\" content=\"Escrito por\" class=\"yoast-seo-meta-tag\" \/>\n\t<meta name=\"twitter:data1\" content=\"tabernaculo\" class=\"yoast-seo-meta-tag\" \/>\n\t<meta name=\"twitter:label2\" content=\"Tiempo de lectura\" class=\"yoast-seo-meta-tag\" \/>\n\t<meta name=\"twitter:data2\" content=\"2 minutos\" class=\"yoast-seo-meta-tag\" \/>\n<script type=\"application\/ld+json\" class=\"yoast-schema-graph\">{\"@context\":\"https:\/\/schema.org\",\"@graph\":[{\"@type\":\"Article\",\"@id\":\"https:\/\/tabernaculoprensadedios.com\/web\/teologa-brasilena-romi-bencke-dice-tensiones-de-la-libertad-religiosa-son-expresion-de-garantias-de-derechos-humanos\/#article\",\"isPartOf\":{\"@id\":\"https:\/\/tabernaculoprensadedios.com\/web\/teologa-brasilena-romi-bencke-dice-tensiones-de-la-libertad-religiosa-son-expresion-de-garantias-de-derechos-humanos\/\"},\"author\":{\"name\":\"tabernaculo\",\"@id\":\"https:\/\/tabernaculoprensadedios.com\/web\/#\/schema\/person\/bc0e069fef56b38e177db6f098ae0b6e\"},\"headline\":\"Te\u00f3loga brasile\u00f1a Romi Bencke dice: tensiones de la libertad religiosa son expresi\u00f3n de garant\u00edas de derechos humanos\",\"datePublished\":\"2020-11-03T20:30:55+00:00\",\"mainEntityOfPage\":{\"@id\":\"https:\/\/tabernaculoprensadedios.com\/web\/teologa-brasilena-romi-bencke-dice-tensiones-de-la-libertad-religiosa-son-expresion-de-garantias-de-derechos-humanos\/\"},\"wordCount\":402,\"commentCount\":0,\"publisher\":{\"@id\":\"https:\/\/tabernaculoprensadedios.com\/web\/#\/schema\/person\/bc0e069fef56b38e177db6f098ae0b6e\"},\"image\":{\"@id\":\"https:\/\/tabernaculoprensadedios.com\/web\/teologa-brasilena-romi-bencke-dice-tensiones-de-la-libertad-religiosa-son-expresion-de-garantias-de-derechos-humanos\/#primaryimage\"},\"thumbnailUrl\":\"https:\/\/tabernaculoprensadedios.com\/web\/wp-content\/uploads\/2020\/11\/teologoa-Romi-Bencke.jpeg\",\"articleSection\":[\"Educaci\u00f3n\"],\"inLanguage\":\"es\",\"potentialAction\":[{\"@type\":\"CommentAction\",\"name\":\"Comment\",\"target\":[\"https:\/\/tabernaculoprensadedios.com\/web\/teologa-brasilena-romi-bencke-dice-tensiones-de-la-libertad-religiosa-son-expresion-de-garantias-de-derechos-humanos\/#respond\"]}]},{\"@type\":\"WebPage\",\"@id\":\"https:\/\/tabernaculoprensadedios.com\/web\/teologa-brasilena-romi-bencke-dice-tensiones-de-la-libertad-religiosa-son-expresion-de-garantias-de-derechos-humanos\/\",\"url\":\"https:\/\/tabernaculoprensadedios.com\/web\/teologa-brasilena-romi-bencke-dice-tensiones-de-la-libertad-religiosa-son-expresion-de-garantias-de-derechos-humanos\/\",\"name\":\"Te\u00f3loga brasile\u00f1a Romi Bencke dice: tensiones de la libertad religiosa son expresi\u00f3n de garant\u00edas de derechos humanos - Tabernaculo Prensa de Dios\",\"isPartOf\":{\"@id\":\"https:\/\/tabernaculoprensadedios.com\/web\/#website\"},\"primaryImageOfPage\":{\"@id\":\"https:\/\/tabernaculoprensadedios.com\/web\/teologa-brasilena-romi-bencke-dice-tensiones-de-la-libertad-religiosa-son-expresion-de-garantias-de-derechos-humanos\/#primaryimage\"},\"image\":{\"@id\":\"https:\/\/tabernaculoprensadedios.com\/web\/teologa-brasilena-romi-bencke-dice-tensiones-de-la-libertad-religiosa-son-expresion-de-garantias-de-derechos-humanos\/#primaryimage\"},\"thumbnailUrl\":\"https:\/\/tabernaculoprensadedios.com\/web\/wp-content\/uploads\/2020\/11\/teologoa-Romi-Bencke.jpeg\",\"datePublished\":\"2020-11-03T20:30:55+00:00\",\"breadcrumb\":{\"@id\":\"https:\/\/tabernaculoprensadedios.com\/web\/teologa-brasilena-romi-bencke-dice-tensiones-de-la-libertad-religiosa-son-expresion-de-garantias-de-derechos-humanos\/#breadcrumb\"},\"inLanguage\":\"es\",\"potentialAction\":[{\"@type\":\"ReadAction\",\"target\":[\"https:\/\/tabernaculoprensadedios.com\/web\/teologa-brasilena-romi-bencke-dice-tensiones-de-la-libertad-religiosa-son-expresion-de-garantias-de-derechos-humanos\/\"]}]},{\"@type\":\"ImageObject\",\"inLanguage\":\"es\",\"@id\":\"https:\/\/tabernaculoprensadedios.com\/web\/teologa-brasilena-romi-bencke-dice-tensiones-de-la-libertad-religiosa-son-expresion-de-garantias-de-derechos-humanos\/#primaryimage\",\"url\":\"https:\/\/tabernaculoprensadedios.com\/web\/wp-content\/uploads\/2020\/11\/teologoa-Romi-Bencke.jpeg\",\"contentUrl\":\"https:\/\/tabernaculoprensadedios.com\/web\/wp-content\/uploads\/2020\/11\/teologoa-Romi-Bencke.jpeg\",\"width\":600,\"height\":400},{\"@type\":\"BreadcrumbList\",\"@id\":\"https:\/\/tabernaculoprensadedios.com\/web\/teologa-brasilena-romi-bencke-dice-tensiones-de-la-libertad-religiosa-son-expresion-de-garantias-de-derechos-humanos\/#breadcrumb\",\"itemListElement\":[{\"@type\":\"ListItem\",\"position\":1,\"name\":\"Portada\",\"item\":\"https:\/\/tabernaculoprensadedios.com\/web\/\"},{\"@type\":\"ListItem\",\"position\":2,\"name\":\"Te\u00f3loga brasile\u00f1a Romi Bencke dice: tensiones de la libertad religiosa son expresi\u00f3n de garant\u00edas de derechos humanos\"}]},{\"@type\":\"WebSite\",\"@id\":\"https:\/\/tabernaculoprensadedios.com\/web\/#website\",\"url\":\"https:\/\/tabernaculoprensadedios.com\/web\/\",\"name\":\"Tabernaculo Prensa de Dios\",\"description\":\"Un medio a la manera de Dios\",\"publisher\":{\"@id\":\"https:\/\/tabernaculoprensadedios.com\/web\/#\/schema\/person\/bc0e069fef56b38e177db6f098ae0b6e\"},\"potentialAction\":[{\"@type\":\"SearchAction\",\"target\":{\"@type\":\"EntryPoint\",\"urlTemplate\":\"https:\/\/tabernaculoprensadedios.com\/web\/?s={search_term_string}\"},\"query-input\":{\"@type\":\"PropertyValueSpecification\",\"valueRequired\":true,\"valueName\":\"search_term_string\"}}],\"inLanguage\":\"es\"},{\"@type\":[\"Person\",\"Organization\"],\"@id\":\"https:\/\/tabernaculoprensadedios.com\/web\/#\/schema\/person\/bc0e069fef56b38e177db6f098ae0b6e\",\"name\":\"tabernaculo\",\"image\":{\"@type\":\"ImageObject\",\"inLanguage\":\"es\",\"@id\":\"https:\/\/tabernaculoprensadedios.com\/web\/#\/schema\/person\/image\/\",\"url\":\"https:\/\/tabernaculoprensadedios.com\/web\/wp-content\/uploads\/2015\/06\/login-logo1.png\",\"contentUrl\":\"https:\/\/tabernaculoprensadedios.com\/web\/wp-content\/uploads\/2015\/06\/login-logo1.png\",\"width\":300,\"height\":118,\"caption\":\"tabernaculo\"},\"logo\":{\"@id\":\"https:\/\/tabernaculoprensadedios.com\/web\/#\/schema\/person\/image\/\"},\"url\":\"https:\/\/tabernaculoprensadedios.com\/web\/author\/tabernaculo\/\"}]}<\/script>\n<!-- \/ Yoast SEO Premium plugin. -->","yoast_head_json":{"title":"Te\u00f3loga brasile\u00f1a Romi Bencke dice: tensiones de la libertad religiosa son expresi\u00f3n de garant\u00edas de derechos humanos - Tabernaculo Prensa de Dios","robots":{"index":"index","follow":"follow","max-snippet":"max-snippet:-1","max-image-preview":"max-image-preview:large","max-video-preview":"max-video-preview:-1"},"canonical":"https:\/\/tabernaculoprensadedios.com\/web\/teologa-brasilena-romi-bencke-dice-tensiones-de-la-libertad-religiosa-son-expresion-de-garantias-de-derechos-humanos\/","og_locale":"es_ES","og_type":"article","og_title":"Te\u00f3loga brasile\u00f1a Romi Bencke dice: tensiones de la libertad religiosa son expresi\u00f3n de garant\u00edas de derechos humanos","og_description":"\u201cUna de las situaciones humanas m\u00e1s amenzadas o en disputa hoy en d\u00eda es la de la libertad, hay una tensi\u00f3n entre el ejercicio y el derecho de la libertad religiosa de expresi\u00f3n y la garant\u00eda de los derechos humanos universales\u201d, as\u00ed lo expres\u00f3 la te\u00f3loga brasile\u00f1a Romi Bencke. La profesora de teolog\u00eda a\u00f1adi\u00f3 que &hellip;","og_url":"https:\/\/tabernaculoprensadedios.com\/web\/teologa-brasilena-romi-bencke-dice-tensiones-de-la-libertad-religiosa-son-expresion-de-garantias-de-derechos-humanos\/","og_site_name":"Tabernaculo Prensa de Dios","article_published_time":"2020-11-03T20:30:55+00:00","og_image":[{"width":600,"height":400,"url":"https:\/\/tabernaculoprensadedios.com\/web\/wp-content\/uploads\/2020\/11\/teologoa-Romi-Bencke.jpeg","type":"image\/jpeg"}],"author":"tabernaculo","twitter_card":"summary_large_image","twitter_creator":"@PrensadeDios","twitter_site":"@PrensadeDios","twitter_misc":{"Escrito por":"tabernaculo","Tiempo de lectura":"2 minutos"},"schema":{"@context":"https:\/\/schema.org","@graph":[{"@type":"Article","@id":"https:\/\/tabernaculoprensadedios.com\/web\/teologa-brasilena-romi-bencke-dice-tensiones-de-la-libertad-religiosa-son-expresion-de-garantias-de-derechos-humanos\/#article","isPartOf":{"@id":"https:\/\/tabernaculoprensadedios.com\/web\/teologa-brasilena-romi-bencke-dice-tensiones-de-la-libertad-religiosa-son-expresion-de-garantias-de-derechos-humanos\/"},"author":{"name":"tabernaculo","@id":"https:\/\/tabernaculoprensadedios.com\/web\/#\/schema\/person\/bc0e069fef56b38e177db6f098ae0b6e"},"headline":"Te\u00f3loga brasile\u00f1a Romi Bencke dice: tensiones de la libertad religiosa son expresi\u00f3n de garant\u00edas de derechos humanos","datePublished":"2020-11-03T20:30:55+00:00","mainEntityOfPage":{"@id":"https:\/\/tabernaculoprensadedios.com\/web\/teologa-brasilena-romi-bencke-dice-tensiones-de-la-libertad-religiosa-son-expresion-de-garantias-de-derechos-humanos\/"},"wordCount":402,"commentCount":0,"publisher":{"@id":"https:\/\/tabernaculoprensadedios.com\/web\/#\/schema\/person\/bc0e069fef56b38e177db6f098ae0b6e"},"image":{"@id":"https:\/\/tabernaculoprensadedios.com\/web\/teologa-brasilena-romi-bencke-dice-tensiones-de-la-libertad-religiosa-son-expresion-de-garantias-de-derechos-humanos\/#primaryimage"},"thumbnailUrl":"https:\/\/tabernaculoprensadedios.com\/web\/wp-content\/uploads\/2020\/11\/teologoa-Romi-Bencke.jpeg","articleSection":["Educaci\u00f3n"],"inLanguage":"es","potentialAction":[{"@type":"CommentAction","name":"Comment","target":["https:\/\/tabernaculoprensadedios.com\/web\/teologa-brasilena-romi-bencke-dice-tensiones-de-la-libertad-religiosa-son-expresion-de-garantias-de-derechos-humanos\/#respond"]}]},{"@type":"WebPage","@id":"https:\/\/tabernaculoprensadedios.com\/web\/teologa-brasilena-romi-bencke-dice-tensiones-de-la-libertad-religiosa-son-expresion-de-garantias-de-derechos-humanos\/","url":"https:\/\/tabernaculoprensadedios.com\/web\/teologa-brasilena-romi-bencke-dice-tensiones-de-la-libertad-religiosa-son-expresion-de-garantias-de-derechos-humanos\/","name":"Te\u00f3loga brasile\u00f1a Romi Bencke dice: tensiones de la libertad religiosa son expresi\u00f3n de garant\u00edas de derechos humanos - Tabernaculo Prensa de Dios","isPartOf":{"@id":"https:\/\/tabernaculoprensadedios.com\/web\/#website"},"primaryImageOfPage":{"@id":"https:\/\/tabernaculoprensadedios.com\/web\/teologa-brasilena-romi-bencke-dice-tensiones-de-la-libertad-religiosa-son-expresion-de-garantias-de-derechos-humanos\/#primaryimage"},"image":{"@id":"https:\/\/tabernaculoprensadedios.com\/web\/teologa-brasilena-romi-bencke-dice-tensiones-de-la-libertad-religiosa-son-expresion-de-garantias-de-derechos-humanos\/#primaryimage"},"thumbnailUrl":"https:\/\/tabernaculoprensadedios.com\/web\/wp-content\/uploads\/2020\/11\/teologoa-Romi-Bencke.jpeg","datePublished":"2020-11-03T20:30:55+00:00","breadcrumb":{"@id":"https:\/\/tabernaculoprensadedios.com\/web\/teologa-brasilena-romi-bencke-dice-tensiones-de-la-libertad-religiosa-son-expresion-de-garantias-de-derechos-humanos\/#breadcrumb"},"inLanguage":"es","potentialAction":[{"@type":"ReadAction","target":["https:\/\/tabernaculoprensadedios.com\/web\/teologa-brasilena-romi-bencke-dice-tensiones-de-la-libertad-religiosa-son-expresion-de-garantias-de-derechos-humanos\/"]}]},{"@type":"ImageObject","inLanguage":"es","@id":"https:\/\/tabernaculoprensadedios.com\/web\/teologa-brasilena-romi-bencke-dice-tensiones-de-la-libertad-religiosa-son-expresion-de-garantias-de-derechos-humanos\/#primaryimage","url":"https:\/\/tabernaculoprensadedios.com\/web\/wp-content\/uploads\/2020\/11\/teologoa-Romi-Bencke.jpeg","contentUrl":"https:\/\/tabernaculoprensadedios.com\/web\/wp-content\/uploads\/2020\/11\/teologoa-Romi-Bencke.jpeg","width":600,"height":400},{"@type":"BreadcrumbList","@id":"https:\/\/tabernaculoprensadedios.com\/web\/teologa-brasilena-romi-bencke-dice-tensiones-de-la-libertad-religiosa-son-expresion-de-garantias-de-derechos-humanos\/#breadcrumb","itemListElement":[{"@type":"ListItem","position":1,"name":"Portada","item":"https:\/\/tabernaculoprensadedios.com\/web\/"},{"@type":"ListItem","position":2,"name":"Te\u00f3loga brasile\u00f1a Romi Bencke dice: tensiones de la libertad religiosa son expresi\u00f3n de garant\u00edas de derechos humanos"}]},{"@type":"WebSite","@id":"https:\/\/tabernaculoprensadedios.com\/web\/#website","url":"https:\/\/tabernaculoprensadedios.com\/web\/","name":"Tabernaculo Prensa de Dios","description":"Un medio a la manera de Dios","publisher":{"@id":"https:\/\/tabernaculoprensadedios.com\/web\/#\/schema\/person\/bc0e069fef56b38e177db6f098ae0b6e"},"potentialAction":[{"@type":"SearchAction","target":{"@type":"EntryPoint","urlTemplate":"https:\/\/tabernaculoprensadedios.com\/web\/?s={search_term_string}"},"query-input":{"@type":"PropertyValueSpecification","valueRequired":true,"valueName":"search_term_string"}}],"inLanguage":"es"},{"@type":["Person","Organization"],"@id":"https:\/\/tabernaculoprensadedios.com\/web\/#\/schema\/person\/bc0e069fef56b38e177db6f098ae0b6e","name":"tabernaculo","image":{"@type":"ImageObject","inLanguage":"es","@id":"https:\/\/tabernaculoprensadedios.com\/web\/#\/schema\/person\/image\/","url":"https:\/\/tabernaculoprensadedios.com\/web\/wp-content\/uploads\/2015\/06\/login-logo1.png","contentUrl":"https:\/\/tabernaculoprensadedios.com\/web\/wp-content\/uploads\/2015\/06\/login-logo1.png","width":300,"height":118,"caption":"tabernaculo"},"logo":{"@id":"https:\/\/tabernaculoprensadedios.com\/web\/#\/schema\/person\/image\/"},"url":"https:\/\/tabernaculoprensadedios.com\/web\/author\/tabernaculo\/"}]}},"_links":{"self":[{"href":"https:\/\/tabernaculoprensadedios.com\/web\/wp-json\/wp\/v2\/posts\/20101","targetHints":{"allow":["GET"]}}],"collection":[{"href":"https:\/\/tabernaculoprensadedios.com\/web\/wp-json\/wp\/v2\/posts"}],"about":[{"href":"https:\/\/tabernaculoprensadedios.com\/web\/wp-json\/wp\/v2\/types\/post"}],"author":[{"embeddable":true,"href":"https:\/\/tabernaculoprensadedios.com\/web\/wp-json\/wp\/v2\/users\/1"}],"replies":[{"embeddable":true,"href":"https:\/\/tabernaculoprensadedios.com\/web\/wp-json\/wp\/v2\/comments?post=20101"}],"version-history":[{"count":1,"href":"https:\/\/tabernaculoprensadedios.com\/web\/wp-json\/wp\/v2\/posts\/20101\/revisions"}],"predecessor-version":[{"id":20103,"href":"https:\/\/tabernaculoprensadedios.com\/web\/wp-json\/wp\/v2\/posts\/20101\/revisions\/20103"}],"wp:featuredmedia":[{"embeddable":true,"href":"https:\/\/tabernaculoprensadedios.com\/web\/wp-json\/wp\/v2\/media\/20102"}],"wp:attachment":[{"href":"https:\/\/tabernaculoprensadedios.com\/web\/wp-json\/wp\/v2\/media?parent=20101"}],"wp:term":[{"taxonomy":"category","embeddable":true,"href":"https:\/\/tabernaculoprensadedios.com\/web\/wp-json\/wp\/v2\/categories?post=20101"},{"taxonomy":"post_tag","embeddable":true,"href":"https:\/\/tabernaculoprensadedios.com\/web\/wp-json\/wp\/v2\/tags?post=20101"}],"curies":[{"name":"wp","href":"https:\/\/api.w.org\/{rel}","templated":true}]}}