{"id":20098,"date":"2020-11-03T20:28:47","date_gmt":"2020-11-03T20:28:47","guid":{"rendered":"http:\/\/tabernaculoprensadedios.com\/web\/?p=20098"},"modified":"2020-11-03T20:28:47","modified_gmt":"2020-11-03T20:28:47","slug":"secretario-general-de-universidades-protestantes-y-evangelicas-dice-que-vivimos-una-crisis-no-solo-sanitaria-sino-de-desigualdades-sociales","status":"publish","type":"post","link":"https:\/\/tabernaculoprensadedios.com\/web\/secretario-general-de-universidades-protestantes-y-evangelicas-dice-que-vivimos-una-crisis-no-solo-sanitaria-sino-de-desigualdades-sociales\/","title":{"rendered":"Secretario general de Universidades Protestantes y Evang\u00e9licas dice que vivimos una crisis no solo sanitaria sino de desigualdades sociales"},"content":{"rendered":"<p>El Secretario General de Universidades Protestantes y Evang\u00e9licas en Am\u00e9rica Latina y el Caribe, es de opini\u00f3n que la actual crisis que vive el mundo no s\u00f3lo es epidemiol\u00f3gica y sanitaria, sino que abarca otra multiplicidad de problemas que requiere de simult\u00e1neas e integradas soluciones, donde la \u00e9tica por la condici\u00f3n de la dignidad humana deben ser valoradas y consideradas por los pa\u00edses desarrollado.<\/p>\n<p>El doctor Humberto Martin Shikiya, explico que ante la posibilidad de un nuevo mapa est\u00e1 surgiendo en el coraz\u00f3n de la pandemia, una esperanza viva y activa est\u00e1 traz\u00e1ndose en horizontes de mayor justicia social econ\u00f3mica, cultural, ambiental y de g\u00e9nero; por lo que desde las iglesias, sus instituciones pidi\u00f3 sumarse las transformaciones necesarias y ser colaboradores de y en la Misi\u00f3n de Dios en la construcci\u00f3n de una nueva arquitectura de \u201cotro mundo posible\u201d.<\/p>\n<p>Hablando en la conferencia internacional la virtual: \u201cReforma de la misi\u00f3n en un mundo en transformaci\u00f3n\u201d, evento acad\u00e9mico auspiciado por la Universidad Nacional Evang\u00e9lica (UNEV), el Dr. Shikiya, argument\u00f3 que Am\u00e9rica Latina y el Caribe ha sido declarada como la principal \u00e1rea geogr\u00e1fica de mayor impacto del coronavirus, las m\u00e1s vulnerable por los problemas estructurales, condiciones econ\u00f3micas, sociales, culturales y ambientales.<\/p>\n<p>El religioso Humberto Shikiya, consider\u00f3 al mismo tiempo que la pobreza y las desigualdades crecen en el mundo por causa de la retracci\u00f3n econ\u00f3mica, crecimiento del desempleo, el aumento de las brechas en la seguridad social, el uso de las tecnolog\u00edas, el acceso a la salud y las condiciones generales del h\u00e1bitat, lo que s\u00ed es una certeza es que el mundo no ser\u00e1 igual al que conocimos antes de la pandemia.<\/p>\n<p>El acad\u00e9mico explico que la multiplicidad de desigualdades que el mundo viv\u00eda antes de la irrupci\u00f3n de la pandemia del Coronavirus ya eran escandalosas, y evidentemente se han exacerbado con la evoluci\u00f3n de la pandemia a nivel mundial.<\/p>\n<p>Esto incluye a\u00f1adi\u00f3 la ampliaci\u00f3n de las desigualdades afectando el ejercicio y acceso a los derechos humanos, incrementado las discriminaciones como el racismo, la xenofobia, la homofobia y la misoginia, en especial a quienes viven en situaciones de vulnerabilidad y pobreza.<\/p>\n<p>Ante esta situaci\u00f3n, el Vicepresidente de CREAS \u2013 ACT, dijo que las universidades de la reforma protestante, est\u00e1n llamadas \u201ca de-construir categor\u00edas enquistadas y derribar viejos paradigmas heredados de los conquistadores, para desalentar el individualismo que destruye la convivencia de y entre los pueblos, impedir la tendencia a usar e instrumentalizar al ser humano a los fines de convertirlos en un engranaje m\u00e1s de una l\u00f3gica mercantilista.<\/p>\n","protected":false},"excerpt":{"rendered":"<p>El Secretario General de Universidades Protestantes y Evang\u00e9licas en Am\u00e9rica Latina y el Caribe, es de opini\u00f3n que la actual crisis que vive el mundo no s\u00f3lo es epidemiol\u00f3gica y sanitaria, sino que abarca otra multiplicidad de problemas que requiere de simult\u00e1neas e integradas soluciones, donde la \u00e9tica por la condici\u00f3n de la dignidad humana &hellip;<\/p>\n","protected":false},"author":1,"featured_media":20099,"comment_status":"open","ping_status":"open","sticky":false,"template":"","format":"standard","meta":{"footnotes":""},"categories":[19],"tags":[],"class_list":["post-20098","post","type-post","status-publish","format-standard","has-post-thumbnail","hentry","category-educacion"],"yoast_head":"<!-- This site is optimized with the Yoast SEO Premium plugin v24.2 (Yoast SEO v27.1.1) - https:\/\/yoast.com\/product\/yoast-seo-premium-wordpress\/ -->\n<title>Secretario general de Universidades Protestantes y Evang\u00e9licas dice que vivimos una crisis no solo sanitaria sino de desigualdades sociales - Tabernaculo Prensa de Dios<\/title>\n<meta name=\"robots\" content=\"index, follow, max-snippet:-1, max-image-preview:large, max-video-preview:-1\" \/>\n<link rel=\"canonical\" href=\"https:\/\/tabernaculoprensadedios.com\/web\/secretario-general-de-universidades-protestantes-y-evangelicas-dice-que-vivimos-una-crisis-no-solo-sanitaria-sino-de-desigualdades-sociales\/\" class=\"yoast-seo-meta-tag\" \/>\n<meta property=\"og:locale\" content=\"es_ES\" class=\"yoast-seo-meta-tag\" \/>\n<meta property=\"og:type\" content=\"article\" class=\"yoast-seo-meta-tag\" \/>\n<meta property=\"og:title\" content=\"Secretario general de Universidades Protestantes y Evang\u00e9licas dice que vivimos una crisis no solo sanitaria sino de desigualdades sociales\" class=\"yoast-seo-meta-tag\" \/>\n<meta property=\"og:description\" content=\"El Secretario General de Universidades Protestantes y Evang\u00e9licas en Am\u00e9rica Latina y el Caribe, es de opini\u00f3n que la actual crisis que vive el mundo no s\u00f3lo es epidemiol\u00f3gica y sanitaria, sino que abarca otra multiplicidad de problemas que requiere de simult\u00e1neas e integradas soluciones, donde la \u00e9tica por la condici\u00f3n de la dignidad humana &hellip;\" class=\"yoast-seo-meta-tag\" \/>\n<meta property=\"og:url\" content=\"https:\/\/tabernaculoprensadedios.com\/web\/secretario-general-de-universidades-protestantes-y-evangelicas-dice-que-vivimos-una-crisis-no-solo-sanitaria-sino-de-desigualdades-sociales\/\" class=\"yoast-seo-meta-tag\" \/>\n<meta property=\"og:site_name\" content=\"Tabernaculo Prensa de Dios\" class=\"yoast-seo-meta-tag\" \/>\n<meta property=\"article:published_time\" content=\"2020-11-03T20:28:47+00:00\" class=\"yoast-seo-meta-tag\" \/>\n<meta property=\"og:image\" content=\"https:\/\/tabernaculoprensadedios.com\/web\/wp-content\/uploads\/2020\/11\/Humberto-Martin-Shikiya.jpg\" class=\"yoast-seo-meta-tag\" \/>\n\t<meta property=\"og:image:width\" content=\"693\" class=\"yoast-seo-meta-tag\" \/>\n\t<meta property=\"og:image:height\" content=\"370\" class=\"yoast-seo-meta-tag\" \/>\n\t<meta property=\"og:image:type\" content=\"image\/jpeg\" class=\"yoast-seo-meta-tag\" \/>\n<meta name=\"author\" content=\"tabernaculo\" class=\"yoast-seo-meta-tag\" \/>\n<meta name=\"twitter:card\" content=\"summary_large_image\" class=\"yoast-seo-meta-tag\" \/>\n<meta name=\"twitter:creator\" content=\"@PrensadeDios\" class=\"yoast-seo-meta-tag\" \/>\n<meta name=\"twitter:site\" content=\"@PrensadeDios\" class=\"yoast-seo-meta-tag\" \/>\n<meta name=\"twitter:label1\" content=\"Escrito por\" class=\"yoast-seo-meta-tag\" \/>\n\t<meta name=\"twitter:data1\" content=\"tabernaculo\" class=\"yoast-seo-meta-tag\" \/>\n\t<meta name=\"twitter:label2\" content=\"Tiempo de lectura\" class=\"yoast-seo-meta-tag\" \/>\n\t<meta name=\"twitter:data2\" content=\"2 minutos\" class=\"yoast-seo-meta-tag\" \/>\n<script type=\"application\/ld+json\" class=\"yoast-schema-graph\">{\"@context\":\"https:\/\/schema.org\",\"@graph\":[{\"@type\":\"Article\",\"@id\":\"https:\/\/tabernaculoprensadedios.com\/web\/secretario-general-de-universidades-protestantes-y-evangelicas-dice-que-vivimos-una-crisis-no-solo-sanitaria-sino-de-desigualdades-sociales\/#article\",\"isPartOf\":{\"@id\":\"https:\/\/tabernaculoprensadedios.com\/web\/secretario-general-de-universidades-protestantes-y-evangelicas-dice-que-vivimos-una-crisis-no-solo-sanitaria-sino-de-desigualdades-sociales\/\"},\"author\":{\"name\":\"tabernaculo\",\"@id\":\"https:\/\/tabernaculoprensadedios.com\/web\/#\/schema\/person\/bc0e069fef56b38e177db6f098ae0b6e\"},\"headline\":\"Secretario general de Universidades Protestantes y Evang\u00e9licas dice que vivimos una crisis no solo sanitaria sino de desigualdades sociales\",\"datePublished\":\"2020-11-03T20:28:47+00:00\",\"mainEntityOfPage\":{\"@id\":\"https:\/\/tabernaculoprensadedios.com\/web\/secretario-general-de-universidades-protestantes-y-evangelicas-dice-que-vivimos-una-crisis-no-solo-sanitaria-sino-de-desigualdades-sociales\/\"},\"wordCount\":474,\"commentCount\":0,\"publisher\":{\"@id\":\"https:\/\/tabernaculoprensadedios.com\/web\/#\/schema\/person\/bc0e069fef56b38e177db6f098ae0b6e\"},\"image\":{\"@id\":\"https:\/\/tabernaculoprensadedios.com\/web\/secretario-general-de-universidades-protestantes-y-evangelicas-dice-que-vivimos-una-crisis-no-solo-sanitaria-sino-de-desigualdades-sociales\/#primaryimage\"},\"thumbnailUrl\":\"https:\/\/tabernaculoprensadedios.com\/web\/wp-content\/uploads\/2020\/11\/Humberto-Martin-Shikiya.jpg\",\"articleSection\":[\"Educaci\u00f3n\"],\"inLanguage\":\"es\",\"potentialAction\":[{\"@type\":\"CommentAction\",\"name\":\"Comment\",\"target\":[\"https:\/\/tabernaculoprensadedios.com\/web\/secretario-general-de-universidades-protestantes-y-evangelicas-dice-que-vivimos-una-crisis-no-solo-sanitaria-sino-de-desigualdades-sociales\/#respond\"]}]},{\"@type\":\"WebPage\",\"@id\":\"https:\/\/tabernaculoprensadedios.com\/web\/secretario-general-de-universidades-protestantes-y-evangelicas-dice-que-vivimos-una-crisis-no-solo-sanitaria-sino-de-desigualdades-sociales\/\",\"url\":\"https:\/\/tabernaculoprensadedios.com\/web\/secretario-general-de-universidades-protestantes-y-evangelicas-dice-que-vivimos-una-crisis-no-solo-sanitaria-sino-de-desigualdades-sociales\/\",\"name\":\"Secretario general de Universidades Protestantes y Evang\u00e9licas dice que vivimos una crisis no solo sanitaria sino de desigualdades sociales - Tabernaculo Prensa de Dios\",\"isPartOf\":{\"@id\":\"https:\/\/tabernaculoprensadedios.com\/web\/#website\"},\"primaryImageOfPage\":{\"@id\":\"https:\/\/tabernaculoprensadedios.com\/web\/secretario-general-de-universidades-protestantes-y-evangelicas-dice-que-vivimos-una-crisis-no-solo-sanitaria-sino-de-desigualdades-sociales\/#primaryimage\"},\"image\":{\"@id\":\"https:\/\/tabernaculoprensadedios.com\/web\/secretario-general-de-universidades-protestantes-y-evangelicas-dice-que-vivimos-una-crisis-no-solo-sanitaria-sino-de-desigualdades-sociales\/#primaryimage\"},\"thumbnailUrl\":\"https:\/\/tabernaculoprensadedios.com\/web\/wp-content\/uploads\/2020\/11\/Humberto-Martin-Shikiya.jpg\",\"datePublished\":\"2020-11-03T20:28:47+00:00\",\"breadcrumb\":{\"@id\":\"https:\/\/tabernaculoprensadedios.com\/web\/secretario-general-de-universidades-protestantes-y-evangelicas-dice-que-vivimos-una-crisis-no-solo-sanitaria-sino-de-desigualdades-sociales\/#breadcrumb\"},\"inLanguage\":\"es\",\"potentialAction\":[{\"@type\":\"ReadAction\",\"target\":[\"https:\/\/tabernaculoprensadedios.com\/web\/secretario-general-de-universidades-protestantes-y-evangelicas-dice-que-vivimos-una-crisis-no-solo-sanitaria-sino-de-desigualdades-sociales\/\"]}]},{\"@type\":\"ImageObject\",\"inLanguage\":\"es\",\"@id\":\"https:\/\/tabernaculoprensadedios.com\/web\/secretario-general-de-universidades-protestantes-y-evangelicas-dice-que-vivimos-una-crisis-no-solo-sanitaria-sino-de-desigualdades-sociales\/#primaryimage\",\"url\":\"https:\/\/tabernaculoprensadedios.com\/web\/wp-content\/uploads\/2020\/11\/Humberto-Martin-Shikiya.jpg\",\"contentUrl\":\"https:\/\/tabernaculoprensadedios.com\/web\/wp-content\/uploads\/2020\/11\/Humberto-Martin-Shikiya.jpg\",\"width\":693,\"height\":370},{\"@type\":\"BreadcrumbList\",\"@id\":\"https:\/\/tabernaculoprensadedios.com\/web\/secretario-general-de-universidades-protestantes-y-evangelicas-dice-que-vivimos-una-crisis-no-solo-sanitaria-sino-de-desigualdades-sociales\/#breadcrumb\",\"itemListElement\":[{\"@type\":\"ListItem\",\"position\":1,\"name\":\"Portada\",\"item\":\"https:\/\/tabernaculoprensadedios.com\/web\/\"},{\"@type\":\"ListItem\",\"position\":2,\"name\":\"Secretario general de Universidades Protestantes y Evang\u00e9licas dice que vivimos una crisis no solo sanitaria sino de desigualdades sociales\"}]},{\"@type\":\"WebSite\",\"@id\":\"https:\/\/tabernaculoprensadedios.com\/web\/#website\",\"url\":\"https:\/\/tabernaculoprensadedios.com\/web\/\",\"name\":\"Tabernaculo Prensa de Dios\",\"description\":\"Un medio a la manera de Dios\",\"publisher\":{\"@id\":\"https:\/\/tabernaculoprensadedios.com\/web\/#\/schema\/person\/bc0e069fef56b38e177db6f098ae0b6e\"},\"potentialAction\":[{\"@type\":\"SearchAction\",\"target\":{\"@type\":\"EntryPoint\",\"urlTemplate\":\"https:\/\/tabernaculoprensadedios.com\/web\/?s={search_term_string}\"},\"query-input\":{\"@type\":\"PropertyValueSpecification\",\"valueRequired\":true,\"valueName\":\"search_term_string\"}}],\"inLanguage\":\"es\"},{\"@type\":[\"Person\",\"Organization\"],\"@id\":\"https:\/\/tabernaculoprensadedios.com\/web\/#\/schema\/person\/bc0e069fef56b38e177db6f098ae0b6e\",\"name\":\"tabernaculo\",\"image\":{\"@type\":\"ImageObject\",\"inLanguage\":\"es\",\"@id\":\"https:\/\/tabernaculoprensadedios.com\/web\/#\/schema\/person\/image\/\",\"url\":\"https:\/\/tabernaculoprensadedios.com\/web\/wp-content\/uploads\/2015\/06\/login-logo1.png\",\"contentUrl\":\"https:\/\/tabernaculoprensadedios.com\/web\/wp-content\/uploads\/2015\/06\/login-logo1.png\",\"width\":300,\"height\":118,\"caption\":\"tabernaculo\"},\"logo\":{\"@id\":\"https:\/\/tabernaculoprensadedios.com\/web\/#\/schema\/person\/image\/\"},\"url\":\"https:\/\/tabernaculoprensadedios.com\/web\/author\/tabernaculo\/\"}]}<\/script>\n<!-- \/ Yoast SEO Premium plugin. -->","yoast_head_json":{"title":"Secretario general de Universidades Protestantes y Evang\u00e9licas dice que vivimos una crisis no solo sanitaria sino de desigualdades sociales - Tabernaculo Prensa de Dios","robots":{"index":"index","follow":"follow","max-snippet":"max-snippet:-1","max-image-preview":"max-image-preview:large","max-video-preview":"max-video-preview:-1"},"canonical":"https:\/\/tabernaculoprensadedios.com\/web\/secretario-general-de-universidades-protestantes-y-evangelicas-dice-que-vivimos-una-crisis-no-solo-sanitaria-sino-de-desigualdades-sociales\/","og_locale":"es_ES","og_type":"article","og_title":"Secretario general de Universidades Protestantes y Evang\u00e9licas dice que vivimos una crisis no solo sanitaria sino de desigualdades sociales","og_description":"El Secretario General de Universidades Protestantes y Evang\u00e9licas en Am\u00e9rica Latina y el Caribe, es de opini\u00f3n que la actual crisis que vive el mundo no s\u00f3lo es epidemiol\u00f3gica y sanitaria, sino que abarca otra multiplicidad de problemas que requiere de simult\u00e1neas e integradas soluciones, donde la \u00e9tica por la condici\u00f3n de la dignidad humana &hellip;","og_url":"https:\/\/tabernaculoprensadedios.com\/web\/secretario-general-de-universidades-protestantes-y-evangelicas-dice-que-vivimos-una-crisis-no-solo-sanitaria-sino-de-desigualdades-sociales\/","og_site_name":"Tabernaculo Prensa de Dios","article_published_time":"2020-11-03T20:28:47+00:00","og_image":[{"width":693,"height":370,"url":"https:\/\/tabernaculoprensadedios.com\/web\/wp-content\/uploads\/2020\/11\/Humberto-Martin-Shikiya.jpg","type":"image\/jpeg"}],"author":"tabernaculo","twitter_card":"summary_large_image","twitter_creator":"@PrensadeDios","twitter_site":"@PrensadeDios","twitter_misc":{"Escrito por":"tabernaculo","Tiempo de lectura":"2 minutos"},"schema":{"@context":"https:\/\/schema.org","@graph":[{"@type":"Article","@id":"https:\/\/tabernaculoprensadedios.com\/web\/secretario-general-de-universidades-protestantes-y-evangelicas-dice-que-vivimos-una-crisis-no-solo-sanitaria-sino-de-desigualdades-sociales\/#article","isPartOf":{"@id":"https:\/\/tabernaculoprensadedios.com\/web\/secretario-general-de-universidades-protestantes-y-evangelicas-dice-que-vivimos-una-crisis-no-solo-sanitaria-sino-de-desigualdades-sociales\/"},"author":{"name":"tabernaculo","@id":"https:\/\/tabernaculoprensadedios.com\/web\/#\/schema\/person\/bc0e069fef56b38e177db6f098ae0b6e"},"headline":"Secretario general de Universidades Protestantes y Evang\u00e9licas dice que vivimos una crisis no solo sanitaria sino de desigualdades sociales","datePublished":"2020-11-03T20:28:47+00:00","mainEntityOfPage":{"@id":"https:\/\/tabernaculoprensadedios.com\/web\/secretario-general-de-universidades-protestantes-y-evangelicas-dice-que-vivimos-una-crisis-no-solo-sanitaria-sino-de-desigualdades-sociales\/"},"wordCount":474,"commentCount":0,"publisher":{"@id":"https:\/\/tabernaculoprensadedios.com\/web\/#\/schema\/person\/bc0e069fef56b38e177db6f098ae0b6e"},"image":{"@id":"https:\/\/tabernaculoprensadedios.com\/web\/secretario-general-de-universidades-protestantes-y-evangelicas-dice-que-vivimos-una-crisis-no-solo-sanitaria-sino-de-desigualdades-sociales\/#primaryimage"},"thumbnailUrl":"https:\/\/tabernaculoprensadedios.com\/web\/wp-content\/uploads\/2020\/11\/Humberto-Martin-Shikiya.jpg","articleSection":["Educaci\u00f3n"],"inLanguage":"es","potentialAction":[{"@type":"CommentAction","name":"Comment","target":["https:\/\/tabernaculoprensadedios.com\/web\/secretario-general-de-universidades-protestantes-y-evangelicas-dice-que-vivimos-una-crisis-no-solo-sanitaria-sino-de-desigualdades-sociales\/#respond"]}]},{"@type":"WebPage","@id":"https:\/\/tabernaculoprensadedios.com\/web\/secretario-general-de-universidades-protestantes-y-evangelicas-dice-que-vivimos-una-crisis-no-solo-sanitaria-sino-de-desigualdades-sociales\/","url":"https:\/\/tabernaculoprensadedios.com\/web\/secretario-general-de-universidades-protestantes-y-evangelicas-dice-que-vivimos-una-crisis-no-solo-sanitaria-sino-de-desigualdades-sociales\/","name":"Secretario general de Universidades Protestantes y Evang\u00e9licas dice que vivimos una crisis no solo sanitaria sino de desigualdades sociales - Tabernaculo Prensa de Dios","isPartOf":{"@id":"https:\/\/tabernaculoprensadedios.com\/web\/#website"},"primaryImageOfPage":{"@id":"https:\/\/tabernaculoprensadedios.com\/web\/secretario-general-de-universidades-protestantes-y-evangelicas-dice-que-vivimos-una-crisis-no-solo-sanitaria-sino-de-desigualdades-sociales\/#primaryimage"},"image":{"@id":"https:\/\/tabernaculoprensadedios.com\/web\/secretario-general-de-universidades-protestantes-y-evangelicas-dice-que-vivimos-una-crisis-no-solo-sanitaria-sino-de-desigualdades-sociales\/#primaryimage"},"thumbnailUrl":"https:\/\/tabernaculoprensadedios.com\/web\/wp-content\/uploads\/2020\/11\/Humberto-Martin-Shikiya.jpg","datePublished":"2020-11-03T20:28:47+00:00","breadcrumb":{"@id":"https:\/\/tabernaculoprensadedios.com\/web\/secretario-general-de-universidades-protestantes-y-evangelicas-dice-que-vivimos-una-crisis-no-solo-sanitaria-sino-de-desigualdades-sociales\/#breadcrumb"},"inLanguage":"es","potentialAction":[{"@type":"ReadAction","target":["https:\/\/tabernaculoprensadedios.com\/web\/secretario-general-de-universidades-protestantes-y-evangelicas-dice-que-vivimos-una-crisis-no-solo-sanitaria-sino-de-desigualdades-sociales\/"]}]},{"@type":"ImageObject","inLanguage":"es","@id":"https:\/\/tabernaculoprensadedios.com\/web\/secretario-general-de-universidades-protestantes-y-evangelicas-dice-que-vivimos-una-crisis-no-solo-sanitaria-sino-de-desigualdades-sociales\/#primaryimage","url":"https:\/\/tabernaculoprensadedios.com\/web\/wp-content\/uploads\/2020\/11\/Humberto-Martin-Shikiya.jpg","contentUrl":"https:\/\/tabernaculoprensadedios.com\/web\/wp-content\/uploads\/2020\/11\/Humberto-Martin-Shikiya.jpg","width":693,"height":370},{"@type":"BreadcrumbList","@id":"https:\/\/tabernaculoprensadedios.com\/web\/secretario-general-de-universidades-protestantes-y-evangelicas-dice-que-vivimos-una-crisis-no-solo-sanitaria-sino-de-desigualdades-sociales\/#breadcrumb","itemListElement":[{"@type":"ListItem","position":1,"name":"Portada","item":"https:\/\/tabernaculoprensadedios.com\/web\/"},{"@type":"ListItem","position":2,"name":"Secretario general de Universidades Protestantes y Evang\u00e9licas dice que vivimos una crisis no solo sanitaria sino de desigualdades sociales"}]},{"@type":"WebSite","@id":"https:\/\/tabernaculoprensadedios.com\/web\/#website","url":"https:\/\/tabernaculoprensadedios.com\/web\/","name":"Tabernaculo Prensa de Dios","description":"Un medio a la manera de Dios","publisher":{"@id":"https:\/\/tabernaculoprensadedios.com\/web\/#\/schema\/person\/bc0e069fef56b38e177db6f098ae0b6e"},"potentialAction":[{"@type":"SearchAction","target":{"@type":"EntryPoint","urlTemplate":"https:\/\/tabernaculoprensadedios.com\/web\/?s={search_term_string}"},"query-input":{"@type":"PropertyValueSpecification","valueRequired":true,"valueName":"search_term_string"}}],"inLanguage":"es"},{"@type":["Person","Organization"],"@id":"https:\/\/tabernaculoprensadedios.com\/web\/#\/schema\/person\/bc0e069fef56b38e177db6f098ae0b6e","name":"tabernaculo","image":{"@type":"ImageObject","inLanguage":"es","@id":"https:\/\/tabernaculoprensadedios.com\/web\/#\/schema\/person\/image\/","url":"https:\/\/tabernaculoprensadedios.com\/web\/wp-content\/uploads\/2015\/06\/login-logo1.png","contentUrl":"https:\/\/tabernaculoprensadedios.com\/web\/wp-content\/uploads\/2015\/06\/login-logo1.png","width":300,"height":118,"caption":"tabernaculo"},"logo":{"@id":"https:\/\/tabernaculoprensadedios.com\/web\/#\/schema\/person\/image\/"},"url":"https:\/\/tabernaculoprensadedios.com\/web\/author\/tabernaculo\/"}]}},"_links":{"self":[{"href":"https:\/\/tabernaculoprensadedios.com\/web\/wp-json\/wp\/v2\/posts\/20098","targetHints":{"allow":["GET"]}}],"collection":[{"href":"https:\/\/tabernaculoprensadedios.com\/web\/wp-json\/wp\/v2\/posts"}],"about":[{"href":"https:\/\/tabernaculoprensadedios.com\/web\/wp-json\/wp\/v2\/types\/post"}],"author":[{"embeddable":true,"href":"https:\/\/tabernaculoprensadedios.com\/web\/wp-json\/wp\/v2\/users\/1"}],"replies":[{"embeddable":true,"href":"https:\/\/tabernaculoprensadedios.com\/web\/wp-json\/wp\/v2\/comments?post=20098"}],"version-history":[{"count":1,"href":"https:\/\/tabernaculoprensadedios.com\/web\/wp-json\/wp\/v2\/posts\/20098\/revisions"}],"predecessor-version":[{"id":20100,"href":"https:\/\/tabernaculoprensadedios.com\/web\/wp-json\/wp\/v2\/posts\/20098\/revisions\/20100"}],"wp:featuredmedia":[{"embeddable":true,"href":"https:\/\/tabernaculoprensadedios.com\/web\/wp-json\/wp\/v2\/media\/20099"}],"wp:attachment":[{"href":"https:\/\/tabernaculoprensadedios.com\/web\/wp-json\/wp\/v2\/media?parent=20098"}],"wp:term":[{"taxonomy":"category","embeddable":true,"href":"https:\/\/tabernaculoprensadedios.com\/web\/wp-json\/wp\/v2\/categories?post=20098"},{"taxonomy":"post_tag","embeddable":true,"href":"https:\/\/tabernaculoprensadedios.com\/web\/wp-json\/wp\/v2\/tags?post=20098"}],"curies":[{"name":"wp","href":"https:\/\/api.w.org\/{rel}","templated":true}]}}