{"id":20081,"date":"2020-11-02T17:06:25","date_gmt":"2020-11-02T17:06:25","guid":{"rendered":"http:\/\/tabernaculoprensadedios.com\/web\/?p=20081"},"modified":"2020-11-02T17:06:25","modified_gmt":"2020-11-02T17:06:25","slug":"xxx-panel-virtual-ministerial-el-peligro-de-la-ideologia-de-genero-en-la-educacion-de-la-ninez","status":"publish","type":"post","link":"https:\/\/tabernaculoprensadedios.com\/web\/xxx-panel-virtual-ministerial-el-peligro-de-la-ideologia-de-genero-en-la-educacion-de-la-ninez\/","title":{"rendered":"XXX Panel Virtual Ministerial \u00abEl Peligro De La Ideolog\u00eda De G\u00e9nero En La Educaci\u00f3n De La Ni\u00f1ez\u00bb"},"content":{"rendered":"<p>\u00abInstruye al ni\u00f1o en su camino y a\u00fan cuando fuere viejo no se apartar\u00e1 de \u00e9l\u00bb todos recordamos esas sabias instrucciones del proverbista, que pareciera que mientras m\u00e1s tiempo de distanciamiento desde que lo dijo, se va haciendo m\u00e1s necesaria su aplicaci\u00f3n.<\/p>\n<p>La educaci\u00f3n, ha sido un instrumento fundamental para el desarrollo de las sociedades y los alcances tecnol\u00f3gicos, pero tambi\u00e9n ha sido usada por los imperios y reg\u00edmenes para permear su cultura y filosof\u00edas a los pueblos.<\/p>\n<p>La educaci\u00f3n va creando las bases para nuestras creencias y si las informaciones entregadas por ese instrumento se alejan del consejo de Dios, nos estar\u00edamos enfrentando a una sociedad irreverente y carente de valores.<\/p>\n<p>El movimiento que promueve la ideolog\u00eda de g\u00e9nero, despu\u00e9s de ir preparando nuestros sentidos a trav\u00e9s de los medios de comunicaci\u00f3n y de actores de la vida p\u00fablica y privada se lanzan a otro nivel m\u00e1s peligroso, como lo es permear los curr\u00edculos educativos y all\u00ed de manera audaz ir imponiendo con un lenguaje audaz y sutil su agenda y prop\u00f3sitos para tener licencia de ense\u00f1arlo a una ni\u00f1ez que cu\u00e1l esponja absorbible se encuentra su memoria.<\/p>\n<p>En el d\u00eda de hoy nuestro Obispo Nacional Mauro A. Vargas, como una manera de seguir enfrentando los intentos de una agenda alejada a los principios divinos, nos presenta esta noche el XXX Panel Virtual Ministerial \u00abEL PELIGRO DE LA IDEOLOG\u00cdA DE G\u00c9NERO EN LA EDUCACI\u00d3N DE LA NI\u00d1EZ\u00bb.<\/p>\n<p>Los panelistas invitados son el pastor, educador y escritor Willy Bayonet, el presidente de la Asociaci\u00f3n de Colegios Cristianos de la Iglesia de Dios el Pastor Azarias King, le acompa\u00f1an la educadora y decana del Seminario B\u00edblico de la Iglesia de Dios, la pastora Eunice Valera Tena y tambi\u00e9n la educadora, t\u00e9cnico del Ministerio de Educaci\u00f3n la pastora Narcisa Rodr\u00edguez.<\/p>\n<p>Este es un panel que todo padre y madre de nuestras congregaciones deben sintonizar.<\/p>\n<p>Te invitamos a que comparta con los l\u00edderes y hermanos de su congregaci\u00f3n esta importante y relevante y transmisi\u00f3n que estar\u00e1 disponible hoy lunes 02 de noviembre desde las 7:30 p.m. por nuestras redes sociales de iglesiadediosrd en Facebook, YouTube e Instagram.<\/p>\n","protected":false},"excerpt":{"rendered":"<p>\u00abInstruye al ni\u00f1o en su camino y a\u00fan cuando fuere viejo no se apartar\u00e1 de \u00e9l\u00bb todos recordamos esas sabias instrucciones del proverbista, que pareciera que mientras m\u00e1s tiempo de distanciamiento desde que lo dijo, se va haciendo m\u00e1s necesaria su aplicaci\u00f3n. La educaci\u00f3n, ha sido un instrumento fundamental para el desarrollo de las sociedades &hellip;<\/p>\n","protected":false},"author":1,"featured_media":20082,"comment_status":"open","ping_status":"open","sticky":false,"template":"","format":"standard","meta":{"footnotes":""},"categories":[39],"tags":[],"class_list":["post-20081","post","type-post","status-publish","format-standard","has-post-thumbnail","hentry","category-almomento"],"yoast_head":"<!-- This site is optimized with the Yoast SEO Premium plugin v24.2 (Yoast SEO v27.1.1) - https:\/\/yoast.com\/product\/yoast-seo-premium-wordpress\/ -->\n<title>XXX Panel Virtual Ministerial &quot;El Peligro De La Ideolog\u00eda De G\u00e9nero En La Educaci\u00f3n De La Ni\u00f1ez&quot; - Tabernaculo Prensa de Dios<\/title>\n<meta name=\"robots\" content=\"index, follow, max-snippet:-1, max-image-preview:large, max-video-preview:-1\" \/>\n<link rel=\"canonical\" href=\"https:\/\/tabernaculoprensadedios.com\/web\/xxx-panel-virtual-ministerial-el-peligro-de-la-ideologia-de-genero-en-la-educacion-de-la-ninez\/\" class=\"yoast-seo-meta-tag\" \/>\n<meta property=\"og:locale\" content=\"es_ES\" class=\"yoast-seo-meta-tag\" \/>\n<meta property=\"og:type\" content=\"article\" class=\"yoast-seo-meta-tag\" \/>\n<meta property=\"og:title\" content=\"XXX Panel Virtual Ministerial &quot;El Peligro De La Ideolog\u00eda De G\u00e9nero En La Educaci\u00f3n De La Ni\u00f1ez&quot;\" class=\"yoast-seo-meta-tag\" \/>\n<meta property=\"og:description\" content=\"\u00abInstruye al ni\u00f1o en su camino y a\u00fan cuando fuere viejo no se apartar\u00e1 de \u00e9l\u00bb todos recordamos esas sabias instrucciones del proverbista, que pareciera que mientras m\u00e1s tiempo de distanciamiento desde que lo dijo, se va haciendo m\u00e1s necesaria su aplicaci\u00f3n. La educaci\u00f3n, ha sido un instrumento fundamental para el desarrollo de las sociedades &hellip;\" class=\"yoast-seo-meta-tag\" \/>\n<meta property=\"og:url\" content=\"https:\/\/tabernaculoprensadedios.com\/web\/xxx-panel-virtual-ministerial-el-peligro-de-la-ideologia-de-genero-en-la-educacion-de-la-ninez\/\" class=\"yoast-seo-meta-tag\" \/>\n<meta property=\"og:site_name\" content=\"Tabernaculo Prensa de Dios\" class=\"yoast-seo-meta-tag\" \/>\n<meta property=\"article:published_time\" content=\"2020-11-02T17:06:25+00:00\" class=\"yoast-seo-meta-tag\" \/>\n<meta property=\"og:image\" content=\"https:\/\/tabernaculoprensadedios.com\/web\/wp-content\/uploads\/2020\/11\/WhatsApp-Image-2020-11-02-at-11.49.21-AM.jpeg\" class=\"yoast-seo-meta-tag\" \/>\n\t<meta property=\"og:image:width\" content=\"320\" class=\"yoast-seo-meta-tag\" \/>\n\t<meta property=\"og:image:height\" content=\"132\" class=\"yoast-seo-meta-tag\" \/>\n\t<meta property=\"og:image:type\" content=\"image\/jpeg\" class=\"yoast-seo-meta-tag\" \/>\n<meta name=\"author\" content=\"tabernaculo\" class=\"yoast-seo-meta-tag\" \/>\n<meta name=\"twitter:card\" content=\"summary_large_image\" class=\"yoast-seo-meta-tag\" \/>\n<meta name=\"twitter:creator\" content=\"@PrensadeDios\" class=\"yoast-seo-meta-tag\" \/>\n<meta name=\"twitter:site\" content=\"@PrensadeDios\" class=\"yoast-seo-meta-tag\" \/>\n<meta name=\"twitter:label1\" content=\"Escrito por\" class=\"yoast-seo-meta-tag\" \/>\n\t<meta name=\"twitter:data1\" content=\"tabernaculo\" class=\"yoast-seo-meta-tag\" \/>\n\t<meta name=\"twitter:label2\" content=\"Tiempo de lectura\" class=\"yoast-seo-meta-tag\" \/>\n\t<meta name=\"twitter:data2\" content=\"2 minutos\" class=\"yoast-seo-meta-tag\" \/>\n<script type=\"application\/ld+json\" class=\"yoast-schema-graph\">{\"@context\":\"https:\/\/schema.org\",\"@graph\":[{\"@type\":\"Article\",\"@id\":\"https:\/\/tabernaculoprensadedios.com\/web\/xxx-panel-virtual-ministerial-el-peligro-de-la-ideologia-de-genero-en-la-educacion-de-la-ninez\/#article\",\"isPartOf\":{\"@id\":\"https:\/\/tabernaculoprensadedios.com\/web\/xxx-panel-virtual-ministerial-el-peligro-de-la-ideologia-de-genero-en-la-educacion-de-la-ninez\/\"},\"author\":{\"name\":\"tabernaculo\",\"@id\":\"https:\/\/tabernaculoprensadedios.com\/web\/#\/schema\/person\/bc0e069fef56b38e177db6f098ae0b6e\"},\"headline\":\"XXX Panel Virtual Ministerial \u00abEl Peligro De La Ideolog\u00eda De G\u00e9nero En La Educaci\u00f3n De La Ni\u00f1ez\u00bb\",\"datePublished\":\"2020-11-02T17:06:25+00:00\",\"mainEntityOfPage\":{\"@id\":\"https:\/\/tabernaculoprensadedios.com\/web\/xxx-panel-virtual-ministerial-el-peligro-de-la-ideologia-de-genero-en-la-educacion-de-la-ninez\/\"},\"wordCount\":413,\"commentCount\":0,\"publisher\":{\"@id\":\"https:\/\/tabernaculoprensadedios.com\/web\/#\/schema\/person\/bc0e069fef56b38e177db6f098ae0b6e\"},\"image\":{\"@id\":\"https:\/\/tabernaculoprensadedios.com\/web\/xxx-panel-virtual-ministerial-el-peligro-de-la-ideologia-de-genero-en-la-educacion-de-la-ninez\/#primaryimage\"},\"thumbnailUrl\":\"https:\/\/tabernaculoprensadedios.com\/web\/wp-content\/uploads\/2020\/11\/WhatsApp-Image-2020-11-02-at-11.49.21-AM.jpeg\",\"articleSection\":[\"almomento\"],\"inLanguage\":\"es\",\"potentialAction\":[{\"@type\":\"CommentAction\",\"name\":\"Comment\",\"target\":[\"https:\/\/tabernaculoprensadedios.com\/web\/xxx-panel-virtual-ministerial-el-peligro-de-la-ideologia-de-genero-en-la-educacion-de-la-ninez\/#respond\"]}]},{\"@type\":\"WebPage\",\"@id\":\"https:\/\/tabernaculoprensadedios.com\/web\/xxx-panel-virtual-ministerial-el-peligro-de-la-ideologia-de-genero-en-la-educacion-de-la-ninez\/\",\"url\":\"https:\/\/tabernaculoprensadedios.com\/web\/xxx-panel-virtual-ministerial-el-peligro-de-la-ideologia-de-genero-en-la-educacion-de-la-ninez\/\",\"name\":\"XXX Panel Virtual Ministerial \\\"El Peligro De La Ideolog\u00eda De G\u00e9nero En La Educaci\u00f3n De La Ni\u00f1ez\\\" - Tabernaculo Prensa de Dios\",\"isPartOf\":{\"@id\":\"https:\/\/tabernaculoprensadedios.com\/web\/#website\"},\"primaryImageOfPage\":{\"@id\":\"https:\/\/tabernaculoprensadedios.com\/web\/xxx-panel-virtual-ministerial-el-peligro-de-la-ideologia-de-genero-en-la-educacion-de-la-ninez\/#primaryimage\"},\"image\":{\"@id\":\"https:\/\/tabernaculoprensadedios.com\/web\/xxx-panel-virtual-ministerial-el-peligro-de-la-ideologia-de-genero-en-la-educacion-de-la-ninez\/#primaryimage\"},\"thumbnailUrl\":\"https:\/\/tabernaculoprensadedios.com\/web\/wp-content\/uploads\/2020\/11\/WhatsApp-Image-2020-11-02-at-11.49.21-AM.jpeg\",\"datePublished\":\"2020-11-02T17:06:25+00:00\",\"breadcrumb\":{\"@id\":\"https:\/\/tabernaculoprensadedios.com\/web\/xxx-panel-virtual-ministerial-el-peligro-de-la-ideologia-de-genero-en-la-educacion-de-la-ninez\/#breadcrumb\"},\"inLanguage\":\"es\",\"potentialAction\":[{\"@type\":\"ReadAction\",\"target\":[\"https:\/\/tabernaculoprensadedios.com\/web\/xxx-panel-virtual-ministerial-el-peligro-de-la-ideologia-de-genero-en-la-educacion-de-la-ninez\/\"]}]},{\"@type\":\"ImageObject\",\"inLanguage\":\"es\",\"@id\":\"https:\/\/tabernaculoprensadedios.com\/web\/xxx-panel-virtual-ministerial-el-peligro-de-la-ideologia-de-genero-en-la-educacion-de-la-ninez\/#primaryimage\",\"url\":\"https:\/\/tabernaculoprensadedios.com\/web\/wp-content\/uploads\/2020\/11\/WhatsApp-Image-2020-11-02-at-11.49.21-AM.jpeg\",\"contentUrl\":\"https:\/\/tabernaculoprensadedios.com\/web\/wp-content\/uploads\/2020\/11\/WhatsApp-Image-2020-11-02-at-11.49.21-AM.jpeg\",\"width\":320,\"height\":132},{\"@type\":\"BreadcrumbList\",\"@id\":\"https:\/\/tabernaculoprensadedios.com\/web\/xxx-panel-virtual-ministerial-el-peligro-de-la-ideologia-de-genero-en-la-educacion-de-la-ninez\/#breadcrumb\",\"itemListElement\":[{\"@type\":\"ListItem\",\"position\":1,\"name\":\"Portada\",\"item\":\"https:\/\/tabernaculoprensadedios.com\/web\/\"},{\"@type\":\"ListItem\",\"position\":2,\"name\":\"XXX Panel Virtual Ministerial \u00abEl Peligro De La Ideolog\u00eda De G\u00e9nero En La Educaci\u00f3n De La Ni\u00f1ez\u00bb\"}]},{\"@type\":\"WebSite\",\"@id\":\"https:\/\/tabernaculoprensadedios.com\/web\/#website\",\"url\":\"https:\/\/tabernaculoprensadedios.com\/web\/\",\"name\":\"Tabernaculo Prensa de Dios\",\"description\":\"Un medio a la manera de Dios\",\"publisher\":{\"@id\":\"https:\/\/tabernaculoprensadedios.com\/web\/#\/schema\/person\/bc0e069fef56b38e177db6f098ae0b6e\"},\"potentialAction\":[{\"@type\":\"SearchAction\",\"target\":{\"@type\":\"EntryPoint\",\"urlTemplate\":\"https:\/\/tabernaculoprensadedios.com\/web\/?s={search_term_string}\"},\"query-input\":{\"@type\":\"PropertyValueSpecification\",\"valueRequired\":true,\"valueName\":\"search_term_string\"}}],\"inLanguage\":\"es\"},{\"@type\":[\"Person\",\"Organization\"],\"@id\":\"https:\/\/tabernaculoprensadedios.com\/web\/#\/schema\/person\/bc0e069fef56b38e177db6f098ae0b6e\",\"name\":\"tabernaculo\",\"image\":{\"@type\":\"ImageObject\",\"inLanguage\":\"es\",\"@id\":\"https:\/\/tabernaculoprensadedios.com\/web\/#\/schema\/person\/image\/\",\"url\":\"https:\/\/tabernaculoprensadedios.com\/web\/wp-content\/uploads\/2015\/06\/login-logo1.png\",\"contentUrl\":\"https:\/\/tabernaculoprensadedios.com\/web\/wp-content\/uploads\/2015\/06\/login-logo1.png\",\"width\":300,\"height\":118,\"caption\":\"tabernaculo\"},\"logo\":{\"@id\":\"https:\/\/tabernaculoprensadedios.com\/web\/#\/schema\/person\/image\/\"},\"url\":\"https:\/\/tabernaculoprensadedios.com\/web\/author\/tabernaculo\/\"}]}<\/script>\n<!-- \/ Yoast SEO Premium plugin. -->","yoast_head_json":{"title":"XXX Panel Virtual Ministerial \"El Peligro De La Ideolog\u00eda De G\u00e9nero En La Educaci\u00f3n De La Ni\u00f1ez\" - Tabernaculo Prensa de Dios","robots":{"index":"index","follow":"follow","max-snippet":"max-snippet:-1","max-image-preview":"max-image-preview:large","max-video-preview":"max-video-preview:-1"},"canonical":"https:\/\/tabernaculoprensadedios.com\/web\/xxx-panel-virtual-ministerial-el-peligro-de-la-ideologia-de-genero-en-la-educacion-de-la-ninez\/","og_locale":"es_ES","og_type":"article","og_title":"XXX Panel Virtual Ministerial \"El Peligro De La Ideolog\u00eda De G\u00e9nero En La Educaci\u00f3n De La Ni\u00f1ez\"","og_description":"\u00abInstruye al ni\u00f1o en su camino y a\u00fan cuando fuere viejo no se apartar\u00e1 de \u00e9l\u00bb todos recordamos esas sabias instrucciones del proverbista, que pareciera que mientras m\u00e1s tiempo de distanciamiento desde que lo dijo, se va haciendo m\u00e1s necesaria su aplicaci\u00f3n. La educaci\u00f3n, ha sido un instrumento fundamental para el desarrollo de las sociedades &hellip;","og_url":"https:\/\/tabernaculoprensadedios.com\/web\/xxx-panel-virtual-ministerial-el-peligro-de-la-ideologia-de-genero-en-la-educacion-de-la-ninez\/","og_site_name":"Tabernaculo Prensa de Dios","article_published_time":"2020-11-02T17:06:25+00:00","og_image":[{"width":320,"height":132,"url":"https:\/\/tabernaculoprensadedios.com\/web\/wp-content\/uploads\/2020\/11\/WhatsApp-Image-2020-11-02-at-11.49.21-AM.jpeg","type":"image\/jpeg"}],"author":"tabernaculo","twitter_card":"summary_large_image","twitter_creator":"@PrensadeDios","twitter_site":"@PrensadeDios","twitter_misc":{"Escrito por":"tabernaculo","Tiempo de lectura":"2 minutos"},"schema":{"@context":"https:\/\/schema.org","@graph":[{"@type":"Article","@id":"https:\/\/tabernaculoprensadedios.com\/web\/xxx-panel-virtual-ministerial-el-peligro-de-la-ideologia-de-genero-en-la-educacion-de-la-ninez\/#article","isPartOf":{"@id":"https:\/\/tabernaculoprensadedios.com\/web\/xxx-panel-virtual-ministerial-el-peligro-de-la-ideologia-de-genero-en-la-educacion-de-la-ninez\/"},"author":{"name":"tabernaculo","@id":"https:\/\/tabernaculoprensadedios.com\/web\/#\/schema\/person\/bc0e069fef56b38e177db6f098ae0b6e"},"headline":"XXX Panel Virtual Ministerial \u00abEl Peligro De La Ideolog\u00eda De G\u00e9nero En La Educaci\u00f3n De La Ni\u00f1ez\u00bb","datePublished":"2020-11-02T17:06:25+00:00","mainEntityOfPage":{"@id":"https:\/\/tabernaculoprensadedios.com\/web\/xxx-panel-virtual-ministerial-el-peligro-de-la-ideologia-de-genero-en-la-educacion-de-la-ninez\/"},"wordCount":413,"commentCount":0,"publisher":{"@id":"https:\/\/tabernaculoprensadedios.com\/web\/#\/schema\/person\/bc0e069fef56b38e177db6f098ae0b6e"},"image":{"@id":"https:\/\/tabernaculoprensadedios.com\/web\/xxx-panel-virtual-ministerial-el-peligro-de-la-ideologia-de-genero-en-la-educacion-de-la-ninez\/#primaryimage"},"thumbnailUrl":"https:\/\/tabernaculoprensadedios.com\/web\/wp-content\/uploads\/2020\/11\/WhatsApp-Image-2020-11-02-at-11.49.21-AM.jpeg","articleSection":["almomento"],"inLanguage":"es","potentialAction":[{"@type":"CommentAction","name":"Comment","target":["https:\/\/tabernaculoprensadedios.com\/web\/xxx-panel-virtual-ministerial-el-peligro-de-la-ideologia-de-genero-en-la-educacion-de-la-ninez\/#respond"]}]},{"@type":"WebPage","@id":"https:\/\/tabernaculoprensadedios.com\/web\/xxx-panel-virtual-ministerial-el-peligro-de-la-ideologia-de-genero-en-la-educacion-de-la-ninez\/","url":"https:\/\/tabernaculoprensadedios.com\/web\/xxx-panel-virtual-ministerial-el-peligro-de-la-ideologia-de-genero-en-la-educacion-de-la-ninez\/","name":"XXX Panel Virtual Ministerial \"El Peligro De La Ideolog\u00eda De G\u00e9nero En La Educaci\u00f3n De La Ni\u00f1ez\" - Tabernaculo Prensa de Dios","isPartOf":{"@id":"https:\/\/tabernaculoprensadedios.com\/web\/#website"},"primaryImageOfPage":{"@id":"https:\/\/tabernaculoprensadedios.com\/web\/xxx-panel-virtual-ministerial-el-peligro-de-la-ideologia-de-genero-en-la-educacion-de-la-ninez\/#primaryimage"},"image":{"@id":"https:\/\/tabernaculoprensadedios.com\/web\/xxx-panel-virtual-ministerial-el-peligro-de-la-ideologia-de-genero-en-la-educacion-de-la-ninez\/#primaryimage"},"thumbnailUrl":"https:\/\/tabernaculoprensadedios.com\/web\/wp-content\/uploads\/2020\/11\/WhatsApp-Image-2020-11-02-at-11.49.21-AM.jpeg","datePublished":"2020-11-02T17:06:25+00:00","breadcrumb":{"@id":"https:\/\/tabernaculoprensadedios.com\/web\/xxx-panel-virtual-ministerial-el-peligro-de-la-ideologia-de-genero-en-la-educacion-de-la-ninez\/#breadcrumb"},"inLanguage":"es","potentialAction":[{"@type":"ReadAction","target":["https:\/\/tabernaculoprensadedios.com\/web\/xxx-panel-virtual-ministerial-el-peligro-de-la-ideologia-de-genero-en-la-educacion-de-la-ninez\/"]}]},{"@type":"ImageObject","inLanguage":"es","@id":"https:\/\/tabernaculoprensadedios.com\/web\/xxx-panel-virtual-ministerial-el-peligro-de-la-ideologia-de-genero-en-la-educacion-de-la-ninez\/#primaryimage","url":"https:\/\/tabernaculoprensadedios.com\/web\/wp-content\/uploads\/2020\/11\/WhatsApp-Image-2020-11-02-at-11.49.21-AM.jpeg","contentUrl":"https:\/\/tabernaculoprensadedios.com\/web\/wp-content\/uploads\/2020\/11\/WhatsApp-Image-2020-11-02-at-11.49.21-AM.jpeg","width":320,"height":132},{"@type":"BreadcrumbList","@id":"https:\/\/tabernaculoprensadedios.com\/web\/xxx-panel-virtual-ministerial-el-peligro-de-la-ideologia-de-genero-en-la-educacion-de-la-ninez\/#breadcrumb","itemListElement":[{"@type":"ListItem","position":1,"name":"Portada","item":"https:\/\/tabernaculoprensadedios.com\/web\/"},{"@type":"ListItem","position":2,"name":"XXX Panel Virtual Ministerial \u00abEl Peligro De La Ideolog\u00eda De G\u00e9nero En La Educaci\u00f3n De La Ni\u00f1ez\u00bb"}]},{"@type":"WebSite","@id":"https:\/\/tabernaculoprensadedios.com\/web\/#website","url":"https:\/\/tabernaculoprensadedios.com\/web\/","name":"Tabernaculo Prensa de Dios","description":"Un medio a la manera de Dios","publisher":{"@id":"https:\/\/tabernaculoprensadedios.com\/web\/#\/schema\/person\/bc0e069fef56b38e177db6f098ae0b6e"},"potentialAction":[{"@type":"SearchAction","target":{"@type":"EntryPoint","urlTemplate":"https:\/\/tabernaculoprensadedios.com\/web\/?s={search_term_string}"},"query-input":{"@type":"PropertyValueSpecification","valueRequired":true,"valueName":"search_term_string"}}],"inLanguage":"es"},{"@type":["Person","Organization"],"@id":"https:\/\/tabernaculoprensadedios.com\/web\/#\/schema\/person\/bc0e069fef56b38e177db6f098ae0b6e","name":"tabernaculo","image":{"@type":"ImageObject","inLanguage":"es","@id":"https:\/\/tabernaculoprensadedios.com\/web\/#\/schema\/person\/image\/","url":"https:\/\/tabernaculoprensadedios.com\/web\/wp-content\/uploads\/2015\/06\/login-logo1.png","contentUrl":"https:\/\/tabernaculoprensadedios.com\/web\/wp-content\/uploads\/2015\/06\/login-logo1.png","width":300,"height":118,"caption":"tabernaculo"},"logo":{"@id":"https:\/\/tabernaculoprensadedios.com\/web\/#\/schema\/person\/image\/"},"url":"https:\/\/tabernaculoprensadedios.com\/web\/author\/tabernaculo\/"}]}},"_links":{"self":[{"href":"https:\/\/tabernaculoprensadedios.com\/web\/wp-json\/wp\/v2\/posts\/20081","targetHints":{"allow":["GET"]}}],"collection":[{"href":"https:\/\/tabernaculoprensadedios.com\/web\/wp-json\/wp\/v2\/posts"}],"about":[{"href":"https:\/\/tabernaculoprensadedios.com\/web\/wp-json\/wp\/v2\/types\/post"}],"author":[{"embeddable":true,"href":"https:\/\/tabernaculoprensadedios.com\/web\/wp-json\/wp\/v2\/users\/1"}],"replies":[{"embeddable":true,"href":"https:\/\/tabernaculoprensadedios.com\/web\/wp-json\/wp\/v2\/comments?post=20081"}],"version-history":[{"count":1,"href":"https:\/\/tabernaculoprensadedios.com\/web\/wp-json\/wp\/v2\/posts\/20081\/revisions"}],"predecessor-version":[{"id":20083,"href":"https:\/\/tabernaculoprensadedios.com\/web\/wp-json\/wp\/v2\/posts\/20081\/revisions\/20083"}],"wp:featuredmedia":[{"embeddable":true,"href":"https:\/\/tabernaculoprensadedios.com\/web\/wp-json\/wp\/v2\/media\/20082"}],"wp:attachment":[{"href":"https:\/\/tabernaculoprensadedios.com\/web\/wp-json\/wp\/v2\/media?parent=20081"}],"wp:term":[{"taxonomy":"category","embeddable":true,"href":"https:\/\/tabernaculoprensadedios.com\/web\/wp-json\/wp\/v2\/categories?post=20081"},{"taxonomy":"post_tag","embeddable":true,"href":"https:\/\/tabernaculoprensadedios.com\/web\/wp-json\/wp\/v2\/tags?post=20081"}],"curies":[{"name":"wp","href":"https:\/\/api.w.org\/{rel}","templated":true}]}}