{"id":20065,"date":"2020-10-31T22:26:50","date_gmt":"2020-10-31T22:26:50","guid":{"rendered":"http:\/\/tabernaculoprensadedios.com\/web\/?p=20065"},"modified":"2020-10-31T23:52:34","modified_gmt":"2020-10-31T23:52:34","slug":"codue-dice-que-el-503-aniversario-de-la-reforma-encuentra-al-mundo-en-medio-de-crisis-sanitaria-desigualdades-y-desequilibrio-sociales","status":"publish","type":"post","link":"https:\/\/tabernaculoprensadedios.com\/web\/codue-dice-que-el-503-aniversario-de-la-reforma-encuentra-al-mundo-en-medio-de-crisis-sanitaria-desigualdades-y-desequilibrio-sociales\/","title":{"rendered":"Codue dice que el 503 aniversario de la Reforma encuentra al mundo en medio de crisis sanitaria, desigualdades y desequilibrio sociales"},"content":{"rendered":"<p>Al cumplirse\u00a0 el 503 aniversario de la Reforma Protestante, movimiento multifac\u00e9tico que cambio la vida en los \u00f3rdenes social, pol\u00edtico y econ\u00f3mico de Europa, el Consejo Dominicano de Unidad Evang\u00e9lica, dice que la celebraci\u00f3n encuentra al mundo sumergido en una situaci\u00f3n econ\u00f3mica, sanitaria con desigualdades, desequilibrio social en la distribuci\u00f3n de riquezas.<\/p>\n<p>Feliciano Lacen, sostuvo que los cambios de gobernabilidad y falta de liderazgo responsable est\u00e1n afectando directamente a la sociedad dominicana, la cual atraviesa una de sus peores crisis de valores, de \u00e9tica, del respeto, de la solidaridad y, sobre todo, la crisis moral y espiritual que amenaza con destruir la familia dominicana.<\/p>\n<p>El representante de la entidad eclesi\u00e1stica, considero que la celebraci\u00f3n demanda que las iglesias, instituciones protestantes de servicio integral debemos evaluar, despertar y festejar la reforma con esp\u00edritu de b\u00fasqueda de sentido de \u201cnuevos sentidos y nuevas formas de ver las cosas\u201d.<\/p>\n<p>Feliciano Lacen, considera que la familia, como columna indispensable de toda sociedad, est\u00e1 en decadencia, se est\u00e1n perdiendo los valores de la familia, ya las mayor\u00edas de los padres, no est\u00e1n criando y formando a sus hijos en valores morales, \u00e9ticos y espirituales, reflej\u00e1ndose en la sociedad y en la vida cotidiana de las personas.<\/p>\n<p>El Consejo Dominicano de Unidad Evang\u00e9lica (Codue) sostiene que la esencia de la maldad en todas las sociedades es que los hombres y mujeres han ignorado a Dios, no lo honrado como \u00e9l se merece, al contrario, lo desprecian, no lo toman en cuenta, y es aqu\u00ed donde la maldad que tiene su punto de partida en el alejamiento del sumo bien, que es Dios.<\/p>\n","protected":false},"excerpt":{"rendered":"<p>Al cumplirse\u00a0 el 503 aniversario de la Reforma Protestante, movimiento multifac\u00e9tico que cambio la vida en los \u00f3rdenes social, pol\u00edtico y econ\u00f3mico de Europa, el Consejo Dominicano de Unidad Evang\u00e9lica, dice que la celebraci\u00f3n encuentra al mundo sumergido en una situaci\u00f3n econ\u00f3mica, sanitaria con desigualdades, desequilibrio social en la distribuci\u00f3n de riquezas. Feliciano Lacen, sostuvo &hellip;<\/p>\n","protected":false},"author":2,"featured_media":20066,"comment_status":"open","ping_status":"open","sticky":false,"template":"","format":"standard","meta":{"footnotes":""},"categories":[34],"tags":[],"class_list":["post-20065","post","type-post","status-publish","format-standard","has-post-thumbnail","hentry","category-articulos"],"yoast_head":"<!-- This site is optimized with the Yoast SEO Premium plugin v24.2 (Yoast SEO v27.1.1) - https:\/\/yoast.com\/product\/yoast-seo-premium-wordpress\/ -->\n<title>Codue dice que el 503 aniversario de la Reforma encuentra al mundo en medio de crisis sanitaria, desigualdades y desequilibrio sociales - Tabernaculo Prensa de Dios<\/title>\n<meta name=\"robots\" content=\"index, follow, max-snippet:-1, max-image-preview:large, max-video-preview:-1\" \/>\n<link rel=\"canonical\" href=\"https:\/\/tabernaculoprensadedios.com\/web\/codue-dice-que-el-503-aniversario-de-la-reforma-encuentra-al-mundo-en-medio-de-crisis-sanitaria-desigualdades-y-desequilibrio-sociales\/\" class=\"yoast-seo-meta-tag\" \/>\n<meta property=\"og:locale\" content=\"es_ES\" class=\"yoast-seo-meta-tag\" \/>\n<meta property=\"og:type\" content=\"article\" class=\"yoast-seo-meta-tag\" \/>\n<meta property=\"og:title\" content=\"Codue dice que el 503 aniversario de la Reforma encuentra al mundo en medio de crisis sanitaria, desigualdades y desequilibrio sociales\" class=\"yoast-seo-meta-tag\" \/>\n<meta property=\"og:description\" content=\"Al cumplirse\u00a0 el 503 aniversario de la Reforma Protestante, movimiento multifac\u00e9tico que cambio la vida en los \u00f3rdenes social, pol\u00edtico y econ\u00f3mico de Europa, el Consejo Dominicano de Unidad Evang\u00e9lica, dice que la celebraci\u00f3n encuentra al mundo sumergido en una situaci\u00f3n econ\u00f3mica, sanitaria con desigualdades, desequilibrio social en la distribuci\u00f3n de riquezas. Feliciano Lacen, sostuvo &hellip;\" class=\"yoast-seo-meta-tag\" \/>\n<meta property=\"og:url\" content=\"https:\/\/tabernaculoprensadedios.com\/web\/codue-dice-que-el-503-aniversario-de-la-reforma-encuentra-al-mundo-en-medio-de-crisis-sanitaria-desigualdades-y-desequilibrio-sociales\/\" class=\"yoast-seo-meta-tag\" \/>\n<meta property=\"og:site_name\" content=\"Tabernaculo Prensa de Dios\" class=\"yoast-seo-meta-tag\" \/>\n<meta property=\"article:published_time\" content=\"2020-10-31T22:26:50+00:00\" class=\"yoast-seo-meta-tag\" \/>\n<meta property=\"article:modified_time\" content=\"2020-10-31T23:52:34+00:00\" class=\"yoast-seo-meta-tag\" \/>\n<meta property=\"og:image\" content=\"https:\/\/tabernaculoprensadedios.com\/web\/wp-content\/uploads\/2020\/10\/Feliciano-Lacen-Custodio-nuevo-presidente-del-codue-1024x692-1.jpg\" class=\"yoast-seo-meta-tag\" \/>\n\t<meta property=\"og:image:width\" content=\"1024\" class=\"yoast-seo-meta-tag\" \/>\n\t<meta property=\"og:image:height\" content=\"692\" class=\"yoast-seo-meta-tag\" \/>\n\t<meta property=\"og:image:type\" content=\"image\/jpeg\" class=\"yoast-seo-meta-tag\" \/>\n<meta name=\"author\" content=\"Malga\" class=\"yoast-seo-meta-tag\" \/>\n<meta name=\"twitter:card\" content=\"summary_large_image\" class=\"yoast-seo-meta-tag\" \/>\n<meta name=\"twitter:creator\" content=\"@PrensadeDios\" class=\"yoast-seo-meta-tag\" \/>\n<meta name=\"twitter:site\" content=\"@PrensadeDios\" class=\"yoast-seo-meta-tag\" \/>\n<meta name=\"twitter:label1\" content=\"Escrito por\" class=\"yoast-seo-meta-tag\" \/>\n\t<meta name=\"twitter:data1\" content=\"Malga\" class=\"yoast-seo-meta-tag\" \/>\n\t<meta name=\"twitter:label2\" content=\"Tiempo de lectura\" class=\"yoast-seo-meta-tag\" \/>\n\t<meta name=\"twitter:data2\" content=\"1 minuto\" class=\"yoast-seo-meta-tag\" \/>\n<script type=\"application\/ld+json\" class=\"yoast-schema-graph\">{\"@context\":\"https:\/\/schema.org\",\"@graph\":[{\"@type\":\"Article\",\"@id\":\"https:\/\/tabernaculoprensadedios.com\/web\/codue-dice-que-el-503-aniversario-de-la-reforma-encuentra-al-mundo-en-medio-de-crisis-sanitaria-desigualdades-y-desequilibrio-sociales\/#article\",\"isPartOf\":{\"@id\":\"https:\/\/tabernaculoprensadedios.com\/web\/codue-dice-que-el-503-aniversario-de-la-reforma-encuentra-al-mundo-en-medio-de-crisis-sanitaria-desigualdades-y-desequilibrio-sociales\/\"},\"author\":{\"name\":\"Malga\",\"@id\":\"https:\/\/tabernaculoprensadedios.com\/web\/#\/schema\/person\/64ae3a8b2e245c8b8652b1294ca1860a\"},\"headline\":\"Codue dice que el 503 aniversario de la Reforma encuentra al mundo en medio de crisis sanitaria, desigualdades y desequilibrio sociales\",\"datePublished\":\"2020-10-31T22:26:50+00:00\",\"dateModified\":\"2020-10-31T23:52:34+00:00\",\"mainEntityOfPage\":{\"@id\":\"https:\/\/tabernaculoprensadedios.com\/web\/codue-dice-que-el-503-aniversario-de-la-reforma-encuentra-al-mundo-en-medio-de-crisis-sanitaria-desigualdades-y-desequilibrio-sociales\/\"},\"wordCount\":303,\"commentCount\":0,\"publisher\":{\"@id\":\"https:\/\/tabernaculoprensadedios.com\/web\/#\/schema\/person\/bc0e069fef56b38e177db6f098ae0b6e\"},\"image\":{\"@id\":\"https:\/\/tabernaculoprensadedios.com\/web\/codue-dice-que-el-503-aniversario-de-la-reforma-encuentra-al-mundo-en-medio-de-crisis-sanitaria-desigualdades-y-desequilibrio-sociales\/#primaryimage\"},\"thumbnailUrl\":\"https:\/\/tabernaculoprensadedios.com\/web\/wp-content\/uploads\/2020\/10\/Feliciano-Lacen-Custodio-nuevo-presidente-del-codue-1024x692-1.jpg\",\"articleSection\":[\"Articulos\"],\"inLanguage\":\"es\",\"potentialAction\":[{\"@type\":\"CommentAction\",\"name\":\"Comment\",\"target\":[\"https:\/\/tabernaculoprensadedios.com\/web\/codue-dice-que-el-503-aniversario-de-la-reforma-encuentra-al-mundo-en-medio-de-crisis-sanitaria-desigualdades-y-desequilibrio-sociales\/#respond\"]}]},{\"@type\":\"WebPage\",\"@id\":\"https:\/\/tabernaculoprensadedios.com\/web\/codue-dice-que-el-503-aniversario-de-la-reforma-encuentra-al-mundo-en-medio-de-crisis-sanitaria-desigualdades-y-desequilibrio-sociales\/\",\"url\":\"https:\/\/tabernaculoprensadedios.com\/web\/codue-dice-que-el-503-aniversario-de-la-reforma-encuentra-al-mundo-en-medio-de-crisis-sanitaria-desigualdades-y-desequilibrio-sociales\/\",\"name\":\"Codue dice que el 503 aniversario de la Reforma encuentra al mundo en medio de crisis sanitaria, desigualdades y desequilibrio sociales - Tabernaculo Prensa de Dios\",\"isPartOf\":{\"@id\":\"https:\/\/tabernaculoprensadedios.com\/web\/#website\"},\"primaryImageOfPage\":{\"@id\":\"https:\/\/tabernaculoprensadedios.com\/web\/codue-dice-que-el-503-aniversario-de-la-reforma-encuentra-al-mundo-en-medio-de-crisis-sanitaria-desigualdades-y-desequilibrio-sociales\/#primaryimage\"},\"image\":{\"@id\":\"https:\/\/tabernaculoprensadedios.com\/web\/codue-dice-que-el-503-aniversario-de-la-reforma-encuentra-al-mundo-en-medio-de-crisis-sanitaria-desigualdades-y-desequilibrio-sociales\/#primaryimage\"},\"thumbnailUrl\":\"https:\/\/tabernaculoprensadedios.com\/web\/wp-content\/uploads\/2020\/10\/Feliciano-Lacen-Custodio-nuevo-presidente-del-codue-1024x692-1.jpg\",\"datePublished\":\"2020-10-31T22:26:50+00:00\",\"dateModified\":\"2020-10-31T23:52:34+00:00\",\"breadcrumb\":{\"@id\":\"https:\/\/tabernaculoprensadedios.com\/web\/codue-dice-que-el-503-aniversario-de-la-reforma-encuentra-al-mundo-en-medio-de-crisis-sanitaria-desigualdades-y-desequilibrio-sociales\/#breadcrumb\"},\"inLanguage\":\"es\",\"potentialAction\":[{\"@type\":\"ReadAction\",\"target\":[\"https:\/\/tabernaculoprensadedios.com\/web\/codue-dice-que-el-503-aniversario-de-la-reforma-encuentra-al-mundo-en-medio-de-crisis-sanitaria-desigualdades-y-desequilibrio-sociales\/\"]}]},{\"@type\":\"ImageObject\",\"inLanguage\":\"es\",\"@id\":\"https:\/\/tabernaculoprensadedios.com\/web\/codue-dice-que-el-503-aniversario-de-la-reforma-encuentra-al-mundo-en-medio-de-crisis-sanitaria-desigualdades-y-desequilibrio-sociales\/#primaryimage\",\"url\":\"https:\/\/tabernaculoprensadedios.com\/web\/wp-content\/uploads\/2020\/10\/Feliciano-Lacen-Custodio-nuevo-presidente-del-codue-1024x692-1.jpg\",\"contentUrl\":\"https:\/\/tabernaculoprensadedios.com\/web\/wp-content\/uploads\/2020\/10\/Feliciano-Lacen-Custodio-nuevo-presidente-del-codue-1024x692-1.jpg\",\"width\":1024,\"height\":692},{\"@type\":\"BreadcrumbList\",\"@id\":\"https:\/\/tabernaculoprensadedios.com\/web\/codue-dice-que-el-503-aniversario-de-la-reforma-encuentra-al-mundo-en-medio-de-crisis-sanitaria-desigualdades-y-desequilibrio-sociales\/#breadcrumb\",\"itemListElement\":[{\"@type\":\"ListItem\",\"position\":1,\"name\":\"Portada\",\"item\":\"https:\/\/tabernaculoprensadedios.com\/web\/\"},{\"@type\":\"ListItem\",\"position\":2,\"name\":\"Codue dice que el 503 aniversario de la Reforma encuentra al mundo en medio de crisis sanitaria, desigualdades y desequilibrio sociales\"}]},{\"@type\":\"WebSite\",\"@id\":\"https:\/\/tabernaculoprensadedios.com\/web\/#website\",\"url\":\"https:\/\/tabernaculoprensadedios.com\/web\/\",\"name\":\"Tabernaculo Prensa de Dios\",\"description\":\"Un medio a la manera de Dios\",\"publisher\":{\"@id\":\"https:\/\/tabernaculoprensadedios.com\/web\/#\/schema\/person\/bc0e069fef56b38e177db6f098ae0b6e\"},\"potentialAction\":[{\"@type\":\"SearchAction\",\"target\":{\"@type\":\"EntryPoint\",\"urlTemplate\":\"https:\/\/tabernaculoprensadedios.com\/web\/?s={search_term_string}\"},\"query-input\":{\"@type\":\"PropertyValueSpecification\",\"valueRequired\":true,\"valueName\":\"search_term_string\"}}],\"inLanguage\":\"es\"},{\"@type\":[\"Person\",\"Organization\"],\"@id\":\"https:\/\/tabernaculoprensadedios.com\/web\/#\/schema\/person\/bc0e069fef56b38e177db6f098ae0b6e\",\"name\":\"tabernaculo\",\"image\":{\"@type\":\"ImageObject\",\"inLanguage\":\"es\",\"@id\":\"https:\/\/tabernaculoprensadedios.com\/web\/#\/schema\/person\/image\/\",\"url\":\"https:\/\/tabernaculoprensadedios.com\/web\/wp-content\/uploads\/2015\/06\/login-logo1.png\",\"contentUrl\":\"https:\/\/tabernaculoprensadedios.com\/web\/wp-content\/uploads\/2015\/06\/login-logo1.png\",\"width\":300,\"height\":118,\"caption\":\"tabernaculo\"},\"logo\":{\"@id\":\"https:\/\/tabernaculoprensadedios.com\/web\/#\/schema\/person\/image\/\"}},{\"@type\":\"Person\",\"@id\":\"https:\/\/tabernaculoprensadedios.com\/web\/#\/schema\/person\/64ae3a8b2e245c8b8652b1294ca1860a\",\"name\":\"Malga\",\"image\":{\"@type\":\"ImageObject\",\"inLanguage\":\"es\",\"@id\":\"https:\/\/tabernaculoprensadedios.com\/web\/#\/schema\/person\/image\/\",\"url\":\"\/\/www.gravatar.com\/avatar\/b06041ad78a6d3dd6b8d5ebf9704448e?s=96&#038;r=g&#038;d=mm\",\"contentUrl\":\"\/\/www.gravatar.com\/avatar\/b06041ad78a6d3dd6b8d5ebf9704448e?s=96&#038;r=g&#038;d=mm\",\"caption\":\"Malga\"},\"url\":\"https:\/\/tabernaculoprensadedios.com\/web\/author\/malga\/\"}]}<\/script>\n<!-- \/ Yoast SEO Premium plugin. -->","yoast_head_json":{"title":"Codue dice que el 503 aniversario de la Reforma encuentra al mundo en medio de crisis sanitaria, desigualdades y desequilibrio sociales - Tabernaculo Prensa de Dios","robots":{"index":"index","follow":"follow","max-snippet":"max-snippet:-1","max-image-preview":"max-image-preview:large","max-video-preview":"max-video-preview:-1"},"canonical":"https:\/\/tabernaculoprensadedios.com\/web\/codue-dice-que-el-503-aniversario-de-la-reforma-encuentra-al-mundo-en-medio-de-crisis-sanitaria-desigualdades-y-desequilibrio-sociales\/","og_locale":"es_ES","og_type":"article","og_title":"Codue dice que el 503 aniversario de la Reforma encuentra al mundo en medio de crisis sanitaria, desigualdades y desequilibrio sociales","og_description":"Al cumplirse\u00a0 el 503 aniversario de la Reforma Protestante, movimiento multifac\u00e9tico que cambio la vida en los \u00f3rdenes social, pol\u00edtico y econ\u00f3mico de Europa, el Consejo Dominicano de Unidad Evang\u00e9lica, dice que la celebraci\u00f3n encuentra al mundo sumergido en una situaci\u00f3n econ\u00f3mica, sanitaria con desigualdades, desequilibrio social en la distribuci\u00f3n de riquezas. Feliciano Lacen, sostuvo &hellip;","og_url":"https:\/\/tabernaculoprensadedios.com\/web\/codue-dice-que-el-503-aniversario-de-la-reforma-encuentra-al-mundo-en-medio-de-crisis-sanitaria-desigualdades-y-desequilibrio-sociales\/","og_site_name":"Tabernaculo Prensa de Dios","article_published_time":"2020-10-31T22:26:50+00:00","article_modified_time":"2020-10-31T23:52:34+00:00","og_image":[{"width":1024,"height":692,"url":"https:\/\/tabernaculoprensadedios.com\/web\/wp-content\/uploads\/2020\/10\/Feliciano-Lacen-Custodio-nuevo-presidente-del-codue-1024x692-1.jpg","type":"image\/jpeg"}],"author":"Malga","twitter_card":"summary_large_image","twitter_creator":"@PrensadeDios","twitter_site":"@PrensadeDios","twitter_misc":{"Escrito por":"Malga","Tiempo de lectura":"1 minuto"},"schema":{"@context":"https:\/\/schema.org","@graph":[{"@type":"Article","@id":"https:\/\/tabernaculoprensadedios.com\/web\/codue-dice-que-el-503-aniversario-de-la-reforma-encuentra-al-mundo-en-medio-de-crisis-sanitaria-desigualdades-y-desequilibrio-sociales\/#article","isPartOf":{"@id":"https:\/\/tabernaculoprensadedios.com\/web\/codue-dice-que-el-503-aniversario-de-la-reforma-encuentra-al-mundo-en-medio-de-crisis-sanitaria-desigualdades-y-desequilibrio-sociales\/"},"author":{"name":"Malga","@id":"https:\/\/tabernaculoprensadedios.com\/web\/#\/schema\/person\/64ae3a8b2e245c8b8652b1294ca1860a"},"headline":"Codue dice que el 503 aniversario de la Reforma encuentra al mundo en medio de crisis sanitaria, desigualdades y desequilibrio sociales","datePublished":"2020-10-31T22:26:50+00:00","dateModified":"2020-10-31T23:52:34+00:00","mainEntityOfPage":{"@id":"https:\/\/tabernaculoprensadedios.com\/web\/codue-dice-que-el-503-aniversario-de-la-reforma-encuentra-al-mundo-en-medio-de-crisis-sanitaria-desigualdades-y-desequilibrio-sociales\/"},"wordCount":303,"commentCount":0,"publisher":{"@id":"https:\/\/tabernaculoprensadedios.com\/web\/#\/schema\/person\/bc0e069fef56b38e177db6f098ae0b6e"},"image":{"@id":"https:\/\/tabernaculoprensadedios.com\/web\/codue-dice-que-el-503-aniversario-de-la-reforma-encuentra-al-mundo-en-medio-de-crisis-sanitaria-desigualdades-y-desequilibrio-sociales\/#primaryimage"},"thumbnailUrl":"https:\/\/tabernaculoprensadedios.com\/web\/wp-content\/uploads\/2020\/10\/Feliciano-Lacen-Custodio-nuevo-presidente-del-codue-1024x692-1.jpg","articleSection":["Articulos"],"inLanguage":"es","potentialAction":[{"@type":"CommentAction","name":"Comment","target":["https:\/\/tabernaculoprensadedios.com\/web\/codue-dice-que-el-503-aniversario-de-la-reforma-encuentra-al-mundo-en-medio-de-crisis-sanitaria-desigualdades-y-desequilibrio-sociales\/#respond"]}]},{"@type":"WebPage","@id":"https:\/\/tabernaculoprensadedios.com\/web\/codue-dice-que-el-503-aniversario-de-la-reforma-encuentra-al-mundo-en-medio-de-crisis-sanitaria-desigualdades-y-desequilibrio-sociales\/","url":"https:\/\/tabernaculoprensadedios.com\/web\/codue-dice-que-el-503-aniversario-de-la-reforma-encuentra-al-mundo-en-medio-de-crisis-sanitaria-desigualdades-y-desequilibrio-sociales\/","name":"Codue dice que el 503 aniversario de la Reforma encuentra al mundo en medio de crisis sanitaria, desigualdades y desequilibrio sociales - Tabernaculo Prensa de Dios","isPartOf":{"@id":"https:\/\/tabernaculoprensadedios.com\/web\/#website"},"primaryImageOfPage":{"@id":"https:\/\/tabernaculoprensadedios.com\/web\/codue-dice-que-el-503-aniversario-de-la-reforma-encuentra-al-mundo-en-medio-de-crisis-sanitaria-desigualdades-y-desequilibrio-sociales\/#primaryimage"},"image":{"@id":"https:\/\/tabernaculoprensadedios.com\/web\/codue-dice-que-el-503-aniversario-de-la-reforma-encuentra-al-mundo-en-medio-de-crisis-sanitaria-desigualdades-y-desequilibrio-sociales\/#primaryimage"},"thumbnailUrl":"https:\/\/tabernaculoprensadedios.com\/web\/wp-content\/uploads\/2020\/10\/Feliciano-Lacen-Custodio-nuevo-presidente-del-codue-1024x692-1.jpg","datePublished":"2020-10-31T22:26:50+00:00","dateModified":"2020-10-31T23:52:34+00:00","breadcrumb":{"@id":"https:\/\/tabernaculoprensadedios.com\/web\/codue-dice-que-el-503-aniversario-de-la-reforma-encuentra-al-mundo-en-medio-de-crisis-sanitaria-desigualdades-y-desequilibrio-sociales\/#breadcrumb"},"inLanguage":"es","potentialAction":[{"@type":"ReadAction","target":["https:\/\/tabernaculoprensadedios.com\/web\/codue-dice-que-el-503-aniversario-de-la-reforma-encuentra-al-mundo-en-medio-de-crisis-sanitaria-desigualdades-y-desequilibrio-sociales\/"]}]},{"@type":"ImageObject","inLanguage":"es","@id":"https:\/\/tabernaculoprensadedios.com\/web\/codue-dice-que-el-503-aniversario-de-la-reforma-encuentra-al-mundo-en-medio-de-crisis-sanitaria-desigualdades-y-desequilibrio-sociales\/#primaryimage","url":"https:\/\/tabernaculoprensadedios.com\/web\/wp-content\/uploads\/2020\/10\/Feliciano-Lacen-Custodio-nuevo-presidente-del-codue-1024x692-1.jpg","contentUrl":"https:\/\/tabernaculoprensadedios.com\/web\/wp-content\/uploads\/2020\/10\/Feliciano-Lacen-Custodio-nuevo-presidente-del-codue-1024x692-1.jpg","width":1024,"height":692},{"@type":"BreadcrumbList","@id":"https:\/\/tabernaculoprensadedios.com\/web\/codue-dice-que-el-503-aniversario-de-la-reforma-encuentra-al-mundo-en-medio-de-crisis-sanitaria-desigualdades-y-desequilibrio-sociales\/#breadcrumb","itemListElement":[{"@type":"ListItem","position":1,"name":"Portada","item":"https:\/\/tabernaculoprensadedios.com\/web\/"},{"@type":"ListItem","position":2,"name":"Codue dice que el 503 aniversario de la Reforma encuentra al mundo en medio de crisis sanitaria, desigualdades y desequilibrio sociales"}]},{"@type":"WebSite","@id":"https:\/\/tabernaculoprensadedios.com\/web\/#website","url":"https:\/\/tabernaculoprensadedios.com\/web\/","name":"Tabernaculo Prensa de Dios","description":"Un medio a la manera de Dios","publisher":{"@id":"https:\/\/tabernaculoprensadedios.com\/web\/#\/schema\/person\/bc0e069fef56b38e177db6f098ae0b6e"},"potentialAction":[{"@type":"SearchAction","target":{"@type":"EntryPoint","urlTemplate":"https:\/\/tabernaculoprensadedios.com\/web\/?s={search_term_string}"},"query-input":{"@type":"PropertyValueSpecification","valueRequired":true,"valueName":"search_term_string"}}],"inLanguage":"es"},{"@type":["Person","Organization"],"@id":"https:\/\/tabernaculoprensadedios.com\/web\/#\/schema\/person\/bc0e069fef56b38e177db6f098ae0b6e","name":"tabernaculo","image":{"@type":"ImageObject","inLanguage":"es","@id":"https:\/\/tabernaculoprensadedios.com\/web\/#\/schema\/person\/image\/","url":"https:\/\/tabernaculoprensadedios.com\/web\/wp-content\/uploads\/2015\/06\/login-logo1.png","contentUrl":"https:\/\/tabernaculoprensadedios.com\/web\/wp-content\/uploads\/2015\/06\/login-logo1.png","width":300,"height":118,"caption":"tabernaculo"},"logo":{"@id":"https:\/\/tabernaculoprensadedios.com\/web\/#\/schema\/person\/image\/"}},{"@type":"Person","@id":"https:\/\/tabernaculoprensadedios.com\/web\/#\/schema\/person\/64ae3a8b2e245c8b8652b1294ca1860a","name":"Malga","image":{"@type":"ImageObject","inLanguage":"es","@id":"https:\/\/tabernaculoprensadedios.com\/web\/#\/schema\/person\/image\/","url":"\/\/www.gravatar.com\/avatar\/b06041ad78a6d3dd6b8d5ebf9704448e?s=96&#038;r=g&#038;d=mm","contentUrl":"\/\/www.gravatar.com\/avatar\/b06041ad78a6d3dd6b8d5ebf9704448e?s=96&#038;r=g&#038;d=mm","caption":"Malga"},"url":"https:\/\/tabernaculoprensadedios.com\/web\/author\/malga\/"}]}},"_links":{"self":[{"href":"https:\/\/tabernaculoprensadedios.com\/web\/wp-json\/wp\/v2\/posts\/20065","targetHints":{"allow":["GET"]}}],"collection":[{"href":"https:\/\/tabernaculoprensadedios.com\/web\/wp-json\/wp\/v2\/posts"}],"about":[{"href":"https:\/\/tabernaculoprensadedios.com\/web\/wp-json\/wp\/v2\/types\/post"}],"author":[{"embeddable":true,"href":"https:\/\/tabernaculoprensadedios.com\/web\/wp-json\/wp\/v2\/users\/2"}],"replies":[{"embeddable":true,"href":"https:\/\/tabernaculoprensadedios.com\/web\/wp-json\/wp\/v2\/comments?post=20065"}],"version-history":[{"count":2,"href":"https:\/\/tabernaculoprensadedios.com\/web\/wp-json\/wp\/v2\/posts\/20065\/revisions"}],"predecessor-version":[{"id":20068,"href":"https:\/\/tabernaculoprensadedios.com\/web\/wp-json\/wp\/v2\/posts\/20065\/revisions\/20068"}],"wp:featuredmedia":[{"embeddable":true,"href":"https:\/\/tabernaculoprensadedios.com\/web\/wp-json\/wp\/v2\/media\/20066"}],"wp:attachment":[{"href":"https:\/\/tabernaculoprensadedios.com\/web\/wp-json\/wp\/v2\/media?parent=20065"}],"wp:term":[{"taxonomy":"category","embeddable":true,"href":"https:\/\/tabernaculoprensadedios.com\/web\/wp-json\/wp\/v2\/categories?post=20065"},{"taxonomy":"post_tag","embeddable":true,"href":"https:\/\/tabernaculoprensadedios.com\/web\/wp-json\/wp\/v2\/tags?post=20065"}],"curies":[{"name":"wp","href":"https:\/\/api.w.org\/{rel}","templated":true}]}}