{"id":20062,"date":"2020-10-30T23:26:23","date_gmt":"2020-10-30T23:26:23","guid":{"rendered":"http:\/\/tabernaculoprensadedios.com\/web\/?p=20062"},"modified":"2020-10-30T23:26:23","modified_gmt":"2020-10-30T23:26:23","slug":"nos-unimos-a-la-hermana-nacion-de-costa-rica-en-levantar-el-nombre-de-jesus-el-dueno-de-las-naciones","status":"publish","type":"post","link":"https:\/\/tabernaculoprensadedios.com\/web\/nos-unimos-a-la-hermana-nacion-de-costa-rica-en-levantar-el-nombre-de-jesus-el-dueno-de-las-naciones\/","title":{"rendered":"Nos unimos a la hermana Naci\u00f3n de Costa Rica en levantar el nombre de Jes\u00fas, el due\u00f1o de las Naciones"},"content":{"rendered":"<div>Hoy 31 de octubre, nuestra naci\u00f3n Rep\u00fablica Dominicana, nos unimos a la visi\u00f3n dada al Profeta Ronny Ch\u00e1vez al cierre de mes, en una proclama mundial donde todas las naciones procl\u00e1menos el nombre de nuestro Se\u00f1or Jesucristo en nuestras casas, vecinos, y congregaciones.<\/div>\n<div><\/div>\n<div>El poderoso sentir de la estrategia de Dios, dada al Profeta Ch\u00e1vez, es poder unificar en estos \u00faltimos tiempos y en el mundo espiritual para que todos unidos proclamemos y levantemos el nombre de Jes\u00fas, Jes\u00fas, Jes\u00fas. El due\u00f1o y Se\u00f1or de las Naciones.<\/div>\n<div class=\"yj6qo\"><\/div>\n<div class=\"adL\"><\/div>\n","protected":false},"excerpt":{"rendered":"<p>Hoy 31 de octubre, nuestra naci\u00f3n Rep\u00fablica Dominicana, nos unimos a la visi\u00f3n dada al Profeta Ronny Ch\u00e1vez al cierre de mes, en una proclama mundial donde todas las naciones procl\u00e1menos el nombre de nuestro Se\u00f1or Jesucristo en nuestras casas, vecinos, y congregaciones. El poderoso sentir de la estrategia de Dios, dada al Profeta Ch\u00e1vez, &hellip;<\/p>\n","protected":false},"author":2,"featured_media":20063,"comment_status":"open","ping_status":"open","sticky":false,"template":"","format":"standard","meta":{"footnotes":""},"categories":[34],"tags":[],"class_list":["post-20062","post","type-post","status-publish","format-standard","has-post-thumbnail","hentry","category-articulos"],"yoast_head":"<!-- This site is optimized with the Yoast SEO Premium plugin v24.2 (Yoast SEO v27.1.1) - https:\/\/yoast.com\/product\/yoast-seo-premium-wordpress\/ -->\n<title>Nos unimos a la hermana Naci\u00f3n de Costa Rica en levantar el nombre de Jes\u00fas, el due\u00f1o de las Naciones - Tabernaculo Prensa de Dios<\/title>\n<meta name=\"robots\" content=\"index, follow, max-snippet:-1, max-image-preview:large, max-video-preview:-1\" \/>\n<link rel=\"canonical\" href=\"https:\/\/tabernaculoprensadedios.com\/web\/nos-unimos-a-la-hermana-nacion-de-costa-rica-en-levantar-el-nombre-de-jesus-el-dueno-de-las-naciones\/\" class=\"yoast-seo-meta-tag\" \/>\n<meta property=\"og:locale\" content=\"es_ES\" class=\"yoast-seo-meta-tag\" \/>\n<meta property=\"og:type\" content=\"article\" class=\"yoast-seo-meta-tag\" \/>\n<meta property=\"og:title\" content=\"Nos unimos a la hermana Naci\u00f3n de Costa Rica en levantar el nombre de Jes\u00fas, el due\u00f1o de las Naciones\" class=\"yoast-seo-meta-tag\" \/>\n<meta property=\"og:description\" content=\"Hoy 31 de octubre, nuestra naci\u00f3n Rep\u00fablica Dominicana, nos unimos a la visi\u00f3n dada al Profeta Ronny Ch\u00e1vez al cierre de mes, en una proclama mundial donde todas las naciones procl\u00e1menos el nombre de nuestro Se\u00f1or Jesucristo en nuestras casas, vecinos, y congregaciones. El poderoso sentir de la estrategia de Dios, dada al Profeta Ch\u00e1vez, &hellip;\" class=\"yoast-seo-meta-tag\" \/>\n<meta property=\"og:url\" content=\"https:\/\/tabernaculoprensadedios.com\/web\/nos-unimos-a-la-hermana-nacion-de-costa-rica-en-levantar-el-nombre-de-jesus-el-dueno-de-las-naciones\/\" class=\"yoast-seo-meta-tag\" \/>\n<meta property=\"og:site_name\" content=\"Tabernaculo Prensa de Dios\" class=\"yoast-seo-meta-tag\" \/>\n<meta property=\"article:published_time\" content=\"2020-10-30T23:26:23+00:00\" class=\"yoast-seo-meta-tag\" \/>\n<meta property=\"og:image\" content=\"https:\/\/tabernaculoprensadedios.com\/web\/wp-content\/uploads\/2020\/10\/4564db7a7b99d9f0a39ed6cce83fabb0.jpg\" class=\"yoast-seo-meta-tag\" \/>\n\t<meta property=\"og:image:width\" content=\"720\" class=\"yoast-seo-meta-tag\" \/>\n\t<meta property=\"og:image:height\" content=\"515\" class=\"yoast-seo-meta-tag\" \/>\n\t<meta property=\"og:image:type\" content=\"image\/jpeg\" class=\"yoast-seo-meta-tag\" \/>\n<meta name=\"author\" content=\"Malga\" class=\"yoast-seo-meta-tag\" \/>\n<meta name=\"twitter:card\" content=\"summary_large_image\" class=\"yoast-seo-meta-tag\" \/>\n<meta name=\"twitter:creator\" content=\"@PrensadeDios\" class=\"yoast-seo-meta-tag\" \/>\n<meta name=\"twitter:site\" content=\"@PrensadeDios\" class=\"yoast-seo-meta-tag\" \/>\n<meta name=\"twitter:label1\" content=\"Escrito por\" class=\"yoast-seo-meta-tag\" \/>\n\t<meta name=\"twitter:data1\" content=\"Malga\" class=\"yoast-seo-meta-tag\" \/>\n<script type=\"application\/ld+json\" class=\"yoast-schema-graph\">{\"@context\":\"https:\/\/schema.org\",\"@graph\":[{\"@type\":\"Article\",\"@id\":\"https:\/\/tabernaculoprensadedios.com\/web\/nos-unimos-a-la-hermana-nacion-de-costa-rica-en-levantar-el-nombre-de-jesus-el-dueno-de-las-naciones\/#article\",\"isPartOf\":{\"@id\":\"https:\/\/tabernaculoprensadedios.com\/web\/nos-unimos-a-la-hermana-nacion-de-costa-rica-en-levantar-el-nombre-de-jesus-el-dueno-de-las-naciones\/\"},\"author\":{\"name\":\"Malga\",\"@id\":\"https:\/\/tabernaculoprensadedios.com\/web\/#\/schema\/person\/64ae3a8b2e245c8b8652b1294ca1860a\"},\"headline\":\"Nos unimos a la hermana Naci\u00f3n de Costa Rica en levantar el nombre de Jes\u00fas, el due\u00f1o de las Naciones\",\"datePublished\":\"2020-10-30T23:26:23+00:00\",\"mainEntityOfPage\":{\"@id\":\"https:\/\/tabernaculoprensadedios.com\/web\/nos-unimos-a-la-hermana-nacion-de-costa-rica-en-levantar-el-nombre-de-jesus-el-dueno-de-las-naciones\/\"},\"wordCount\":121,\"commentCount\":0,\"publisher\":{\"@id\":\"https:\/\/tabernaculoprensadedios.com\/web\/#\/schema\/person\/bc0e069fef56b38e177db6f098ae0b6e\"},\"image\":{\"@id\":\"https:\/\/tabernaculoprensadedios.com\/web\/nos-unimos-a-la-hermana-nacion-de-costa-rica-en-levantar-el-nombre-de-jesus-el-dueno-de-las-naciones\/#primaryimage\"},\"thumbnailUrl\":\"https:\/\/tabernaculoprensadedios.com\/web\/wp-content\/uploads\/2020\/10\/4564db7a7b99d9f0a39ed6cce83fabb0.jpg\",\"articleSection\":[\"Articulos\"],\"inLanguage\":\"es\",\"potentialAction\":[{\"@type\":\"CommentAction\",\"name\":\"Comment\",\"target\":[\"https:\/\/tabernaculoprensadedios.com\/web\/nos-unimos-a-la-hermana-nacion-de-costa-rica-en-levantar-el-nombre-de-jesus-el-dueno-de-las-naciones\/#respond\"]}]},{\"@type\":\"WebPage\",\"@id\":\"https:\/\/tabernaculoprensadedios.com\/web\/nos-unimos-a-la-hermana-nacion-de-costa-rica-en-levantar-el-nombre-de-jesus-el-dueno-de-las-naciones\/\",\"url\":\"https:\/\/tabernaculoprensadedios.com\/web\/nos-unimos-a-la-hermana-nacion-de-costa-rica-en-levantar-el-nombre-de-jesus-el-dueno-de-las-naciones\/\",\"name\":\"Nos unimos a la hermana Naci\u00f3n de Costa Rica en levantar el nombre de Jes\u00fas, el due\u00f1o de las Naciones - Tabernaculo Prensa de Dios\",\"isPartOf\":{\"@id\":\"https:\/\/tabernaculoprensadedios.com\/web\/#website\"},\"primaryImageOfPage\":{\"@id\":\"https:\/\/tabernaculoprensadedios.com\/web\/nos-unimos-a-la-hermana-nacion-de-costa-rica-en-levantar-el-nombre-de-jesus-el-dueno-de-las-naciones\/#primaryimage\"},\"image\":{\"@id\":\"https:\/\/tabernaculoprensadedios.com\/web\/nos-unimos-a-la-hermana-nacion-de-costa-rica-en-levantar-el-nombre-de-jesus-el-dueno-de-las-naciones\/#primaryimage\"},\"thumbnailUrl\":\"https:\/\/tabernaculoprensadedios.com\/web\/wp-content\/uploads\/2020\/10\/4564db7a7b99d9f0a39ed6cce83fabb0.jpg\",\"datePublished\":\"2020-10-30T23:26:23+00:00\",\"breadcrumb\":{\"@id\":\"https:\/\/tabernaculoprensadedios.com\/web\/nos-unimos-a-la-hermana-nacion-de-costa-rica-en-levantar-el-nombre-de-jesus-el-dueno-de-las-naciones\/#breadcrumb\"},\"inLanguage\":\"es\",\"potentialAction\":[{\"@type\":\"ReadAction\",\"target\":[\"https:\/\/tabernaculoprensadedios.com\/web\/nos-unimos-a-la-hermana-nacion-de-costa-rica-en-levantar-el-nombre-de-jesus-el-dueno-de-las-naciones\/\"]}]},{\"@type\":\"ImageObject\",\"inLanguage\":\"es\",\"@id\":\"https:\/\/tabernaculoprensadedios.com\/web\/nos-unimos-a-la-hermana-nacion-de-costa-rica-en-levantar-el-nombre-de-jesus-el-dueno-de-las-naciones\/#primaryimage\",\"url\":\"https:\/\/tabernaculoprensadedios.com\/web\/wp-content\/uploads\/2020\/10\/4564db7a7b99d9f0a39ed6cce83fabb0.jpg\",\"contentUrl\":\"https:\/\/tabernaculoprensadedios.com\/web\/wp-content\/uploads\/2020\/10\/4564db7a7b99d9f0a39ed6cce83fabb0.jpg\",\"width\":720,\"height\":515},{\"@type\":\"BreadcrumbList\",\"@id\":\"https:\/\/tabernaculoprensadedios.com\/web\/nos-unimos-a-la-hermana-nacion-de-costa-rica-en-levantar-el-nombre-de-jesus-el-dueno-de-las-naciones\/#breadcrumb\",\"itemListElement\":[{\"@type\":\"ListItem\",\"position\":1,\"name\":\"Portada\",\"item\":\"https:\/\/tabernaculoprensadedios.com\/web\/\"},{\"@type\":\"ListItem\",\"position\":2,\"name\":\"Nos unimos a la hermana Naci\u00f3n de Costa Rica en levantar el nombre de Jes\u00fas, el due\u00f1o de las Naciones\"}]},{\"@type\":\"WebSite\",\"@id\":\"https:\/\/tabernaculoprensadedios.com\/web\/#website\",\"url\":\"https:\/\/tabernaculoprensadedios.com\/web\/\",\"name\":\"Tabernaculo Prensa de Dios\",\"description\":\"Un medio a la manera de Dios\",\"publisher\":{\"@id\":\"https:\/\/tabernaculoprensadedios.com\/web\/#\/schema\/person\/bc0e069fef56b38e177db6f098ae0b6e\"},\"potentialAction\":[{\"@type\":\"SearchAction\",\"target\":{\"@type\":\"EntryPoint\",\"urlTemplate\":\"https:\/\/tabernaculoprensadedios.com\/web\/?s={search_term_string}\"},\"query-input\":{\"@type\":\"PropertyValueSpecification\",\"valueRequired\":true,\"valueName\":\"search_term_string\"}}],\"inLanguage\":\"es\"},{\"@type\":[\"Person\",\"Organization\"],\"@id\":\"https:\/\/tabernaculoprensadedios.com\/web\/#\/schema\/person\/bc0e069fef56b38e177db6f098ae0b6e\",\"name\":\"tabernaculo\",\"image\":{\"@type\":\"ImageObject\",\"inLanguage\":\"es\",\"@id\":\"https:\/\/tabernaculoprensadedios.com\/web\/#\/schema\/person\/image\/\",\"url\":\"https:\/\/tabernaculoprensadedios.com\/web\/wp-content\/uploads\/2015\/06\/login-logo1.png\",\"contentUrl\":\"https:\/\/tabernaculoprensadedios.com\/web\/wp-content\/uploads\/2015\/06\/login-logo1.png\",\"width\":300,\"height\":118,\"caption\":\"tabernaculo\"},\"logo\":{\"@id\":\"https:\/\/tabernaculoprensadedios.com\/web\/#\/schema\/person\/image\/\"}},{\"@type\":\"Person\",\"@id\":\"https:\/\/tabernaculoprensadedios.com\/web\/#\/schema\/person\/64ae3a8b2e245c8b8652b1294ca1860a\",\"name\":\"Malga\",\"image\":{\"@type\":\"ImageObject\",\"inLanguage\":\"es\",\"@id\":\"https:\/\/tabernaculoprensadedios.com\/web\/#\/schema\/person\/image\/\",\"url\":\"\/\/www.gravatar.com\/avatar\/b06041ad78a6d3dd6b8d5ebf9704448e?s=96&#038;r=g&#038;d=mm\",\"contentUrl\":\"\/\/www.gravatar.com\/avatar\/b06041ad78a6d3dd6b8d5ebf9704448e?s=96&#038;r=g&#038;d=mm\",\"caption\":\"Malga\"},\"url\":\"https:\/\/tabernaculoprensadedios.com\/web\/author\/malga\/\"}]}<\/script>\n<!-- \/ Yoast SEO Premium plugin. -->","yoast_head_json":{"title":"Nos unimos a la hermana Naci\u00f3n de Costa Rica en levantar el nombre de Jes\u00fas, el due\u00f1o de las Naciones - Tabernaculo Prensa de Dios","robots":{"index":"index","follow":"follow","max-snippet":"max-snippet:-1","max-image-preview":"max-image-preview:large","max-video-preview":"max-video-preview:-1"},"canonical":"https:\/\/tabernaculoprensadedios.com\/web\/nos-unimos-a-la-hermana-nacion-de-costa-rica-en-levantar-el-nombre-de-jesus-el-dueno-de-las-naciones\/","og_locale":"es_ES","og_type":"article","og_title":"Nos unimos a la hermana Naci\u00f3n de Costa Rica en levantar el nombre de Jes\u00fas, el due\u00f1o de las Naciones","og_description":"Hoy 31 de octubre, nuestra naci\u00f3n Rep\u00fablica Dominicana, nos unimos a la visi\u00f3n dada al Profeta Ronny Ch\u00e1vez al cierre de mes, en una proclama mundial donde todas las naciones procl\u00e1menos el nombre de nuestro Se\u00f1or Jesucristo en nuestras casas, vecinos, y congregaciones. El poderoso sentir de la estrategia de Dios, dada al Profeta Ch\u00e1vez, &hellip;","og_url":"https:\/\/tabernaculoprensadedios.com\/web\/nos-unimos-a-la-hermana-nacion-de-costa-rica-en-levantar-el-nombre-de-jesus-el-dueno-de-las-naciones\/","og_site_name":"Tabernaculo Prensa de Dios","article_published_time":"2020-10-30T23:26:23+00:00","og_image":[{"width":720,"height":515,"url":"https:\/\/tabernaculoprensadedios.com\/web\/wp-content\/uploads\/2020\/10\/4564db7a7b99d9f0a39ed6cce83fabb0.jpg","type":"image\/jpeg"}],"author":"Malga","twitter_card":"summary_large_image","twitter_creator":"@PrensadeDios","twitter_site":"@PrensadeDios","twitter_misc":{"Escrito por":"Malga"},"schema":{"@context":"https:\/\/schema.org","@graph":[{"@type":"Article","@id":"https:\/\/tabernaculoprensadedios.com\/web\/nos-unimos-a-la-hermana-nacion-de-costa-rica-en-levantar-el-nombre-de-jesus-el-dueno-de-las-naciones\/#article","isPartOf":{"@id":"https:\/\/tabernaculoprensadedios.com\/web\/nos-unimos-a-la-hermana-nacion-de-costa-rica-en-levantar-el-nombre-de-jesus-el-dueno-de-las-naciones\/"},"author":{"name":"Malga","@id":"https:\/\/tabernaculoprensadedios.com\/web\/#\/schema\/person\/64ae3a8b2e245c8b8652b1294ca1860a"},"headline":"Nos unimos a la hermana Naci\u00f3n de Costa Rica en levantar el nombre de Jes\u00fas, el due\u00f1o de las Naciones","datePublished":"2020-10-30T23:26:23+00:00","mainEntityOfPage":{"@id":"https:\/\/tabernaculoprensadedios.com\/web\/nos-unimos-a-la-hermana-nacion-de-costa-rica-en-levantar-el-nombre-de-jesus-el-dueno-de-las-naciones\/"},"wordCount":121,"commentCount":0,"publisher":{"@id":"https:\/\/tabernaculoprensadedios.com\/web\/#\/schema\/person\/bc0e069fef56b38e177db6f098ae0b6e"},"image":{"@id":"https:\/\/tabernaculoprensadedios.com\/web\/nos-unimos-a-la-hermana-nacion-de-costa-rica-en-levantar-el-nombre-de-jesus-el-dueno-de-las-naciones\/#primaryimage"},"thumbnailUrl":"https:\/\/tabernaculoprensadedios.com\/web\/wp-content\/uploads\/2020\/10\/4564db7a7b99d9f0a39ed6cce83fabb0.jpg","articleSection":["Articulos"],"inLanguage":"es","potentialAction":[{"@type":"CommentAction","name":"Comment","target":["https:\/\/tabernaculoprensadedios.com\/web\/nos-unimos-a-la-hermana-nacion-de-costa-rica-en-levantar-el-nombre-de-jesus-el-dueno-de-las-naciones\/#respond"]}]},{"@type":"WebPage","@id":"https:\/\/tabernaculoprensadedios.com\/web\/nos-unimos-a-la-hermana-nacion-de-costa-rica-en-levantar-el-nombre-de-jesus-el-dueno-de-las-naciones\/","url":"https:\/\/tabernaculoprensadedios.com\/web\/nos-unimos-a-la-hermana-nacion-de-costa-rica-en-levantar-el-nombre-de-jesus-el-dueno-de-las-naciones\/","name":"Nos unimos a la hermana Naci\u00f3n de Costa Rica en levantar el nombre de Jes\u00fas, el due\u00f1o de las Naciones - Tabernaculo Prensa de Dios","isPartOf":{"@id":"https:\/\/tabernaculoprensadedios.com\/web\/#website"},"primaryImageOfPage":{"@id":"https:\/\/tabernaculoprensadedios.com\/web\/nos-unimos-a-la-hermana-nacion-de-costa-rica-en-levantar-el-nombre-de-jesus-el-dueno-de-las-naciones\/#primaryimage"},"image":{"@id":"https:\/\/tabernaculoprensadedios.com\/web\/nos-unimos-a-la-hermana-nacion-de-costa-rica-en-levantar-el-nombre-de-jesus-el-dueno-de-las-naciones\/#primaryimage"},"thumbnailUrl":"https:\/\/tabernaculoprensadedios.com\/web\/wp-content\/uploads\/2020\/10\/4564db7a7b99d9f0a39ed6cce83fabb0.jpg","datePublished":"2020-10-30T23:26:23+00:00","breadcrumb":{"@id":"https:\/\/tabernaculoprensadedios.com\/web\/nos-unimos-a-la-hermana-nacion-de-costa-rica-en-levantar-el-nombre-de-jesus-el-dueno-de-las-naciones\/#breadcrumb"},"inLanguage":"es","potentialAction":[{"@type":"ReadAction","target":["https:\/\/tabernaculoprensadedios.com\/web\/nos-unimos-a-la-hermana-nacion-de-costa-rica-en-levantar-el-nombre-de-jesus-el-dueno-de-las-naciones\/"]}]},{"@type":"ImageObject","inLanguage":"es","@id":"https:\/\/tabernaculoprensadedios.com\/web\/nos-unimos-a-la-hermana-nacion-de-costa-rica-en-levantar-el-nombre-de-jesus-el-dueno-de-las-naciones\/#primaryimage","url":"https:\/\/tabernaculoprensadedios.com\/web\/wp-content\/uploads\/2020\/10\/4564db7a7b99d9f0a39ed6cce83fabb0.jpg","contentUrl":"https:\/\/tabernaculoprensadedios.com\/web\/wp-content\/uploads\/2020\/10\/4564db7a7b99d9f0a39ed6cce83fabb0.jpg","width":720,"height":515},{"@type":"BreadcrumbList","@id":"https:\/\/tabernaculoprensadedios.com\/web\/nos-unimos-a-la-hermana-nacion-de-costa-rica-en-levantar-el-nombre-de-jesus-el-dueno-de-las-naciones\/#breadcrumb","itemListElement":[{"@type":"ListItem","position":1,"name":"Portada","item":"https:\/\/tabernaculoprensadedios.com\/web\/"},{"@type":"ListItem","position":2,"name":"Nos unimos a la hermana Naci\u00f3n de Costa Rica en levantar el nombre de Jes\u00fas, el due\u00f1o de las Naciones"}]},{"@type":"WebSite","@id":"https:\/\/tabernaculoprensadedios.com\/web\/#website","url":"https:\/\/tabernaculoprensadedios.com\/web\/","name":"Tabernaculo Prensa de Dios","description":"Un medio a la manera de Dios","publisher":{"@id":"https:\/\/tabernaculoprensadedios.com\/web\/#\/schema\/person\/bc0e069fef56b38e177db6f098ae0b6e"},"potentialAction":[{"@type":"SearchAction","target":{"@type":"EntryPoint","urlTemplate":"https:\/\/tabernaculoprensadedios.com\/web\/?s={search_term_string}"},"query-input":{"@type":"PropertyValueSpecification","valueRequired":true,"valueName":"search_term_string"}}],"inLanguage":"es"},{"@type":["Person","Organization"],"@id":"https:\/\/tabernaculoprensadedios.com\/web\/#\/schema\/person\/bc0e069fef56b38e177db6f098ae0b6e","name":"tabernaculo","image":{"@type":"ImageObject","inLanguage":"es","@id":"https:\/\/tabernaculoprensadedios.com\/web\/#\/schema\/person\/image\/","url":"https:\/\/tabernaculoprensadedios.com\/web\/wp-content\/uploads\/2015\/06\/login-logo1.png","contentUrl":"https:\/\/tabernaculoprensadedios.com\/web\/wp-content\/uploads\/2015\/06\/login-logo1.png","width":300,"height":118,"caption":"tabernaculo"},"logo":{"@id":"https:\/\/tabernaculoprensadedios.com\/web\/#\/schema\/person\/image\/"}},{"@type":"Person","@id":"https:\/\/tabernaculoprensadedios.com\/web\/#\/schema\/person\/64ae3a8b2e245c8b8652b1294ca1860a","name":"Malga","image":{"@type":"ImageObject","inLanguage":"es","@id":"https:\/\/tabernaculoprensadedios.com\/web\/#\/schema\/person\/image\/","url":"\/\/www.gravatar.com\/avatar\/b06041ad78a6d3dd6b8d5ebf9704448e?s=96&#038;r=g&#038;d=mm","contentUrl":"\/\/www.gravatar.com\/avatar\/b06041ad78a6d3dd6b8d5ebf9704448e?s=96&#038;r=g&#038;d=mm","caption":"Malga"},"url":"https:\/\/tabernaculoprensadedios.com\/web\/author\/malga\/"}]}},"_links":{"self":[{"href":"https:\/\/tabernaculoprensadedios.com\/web\/wp-json\/wp\/v2\/posts\/20062","targetHints":{"allow":["GET"]}}],"collection":[{"href":"https:\/\/tabernaculoprensadedios.com\/web\/wp-json\/wp\/v2\/posts"}],"about":[{"href":"https:\/\/tabernaculoprensadedios.com\/web\/wp-json\/wp\/v2\/types\/post"}],"author":[{"embeddable":true,"href":"https:\/\/tabernaculoprensadedios.com\/web\/wp-json\/wp\/v2\/users\/2"}],"replies":[{"embeddable":true,"href":"https:\/\/tabernaculoprensadedios.com\/web\/wp-json\/wp\/v2\/comments?post=20062"}],"version-history":[{"count":1,"href":"https:\/\/tabernaculoprensadedios.com\/web\/wp-json\/wp\/v2\/posts\/20062\/revisions"}],"predecessor-version":[{"id":20064,"href":"https:\/\/tabernaculoprensadedios.com\/web\/wp-json\/wp\/v2\/posts\/20062\/revisions\/20064"}],"wp:featuredmedia":[{"embeddable":true,"href":"https:\/\/tabernaculoprensadedios.com\/web\/wp-json\/wp\/v2\/media\/20063"}],"wp:attachment":[{"href":"https:\/\/tabernaculoprensadedios.com\/web\/wp-json\/wp\/v2\/media?parent=20062"}],"wp:term":[{"taxonomy":"category","embeddable":true,"href":"https:\/\/tabernaculoprensadedios.com\/web\/wp-json\/wp\/v2\/categories?post=20062"},{"taxonomy":"post_tag","embeddable":true,"href":"https:\/\/tabernaculoprensadedios.com\/web\/wp-json\/wp\/v2\/tags?post=20062"}],"curies":[{"name":"wp","href":"https:\/\/api.w.org\/{rel}","templated":true}]}}