{"id":20048,"date":"2020-10-30T03:41:34","date_gmt":"2020-10-30T03:41:34","guid":{"rendered":"http:\/\/tabernaculoprensadedios.com\/web\/?p=20048"},"modified":"2020-10-30T03:41:34","modified_gmt":"2020-10-30T03:41:34","slug":"levanta-tu-cabeza-hay-un-cambio-en-el-aire","status":"publish","type":"post","link":"https:\/\/tabernaculoprensadedios.com\/web\/levanta-tu-cabeza-hay-un-cambio-en-el-aire\/","title":{"rendered":"Levanta tu cabeza, hay un cambio en el aire"},"content":{"rendered":"<p><strong><em>Mas t\u00fa, Jehov\u00e1, eres escudo alrededor de m\u00ed; mi gloria, y el que levanta mi cabeza. Con mi voz clam\u00e9 a Jehov\u00e1, y \u00e9l me respondi\u00f3 desde su monte santo<\/em><\/strong><\/p>\n<p>Las cosas est\u00e1n a punto de cambiar, seamos diligentes en buscar el rostro del Se\u00f1or en oraci\u00f3n y adoraci\u00f3n, caminemos en completa obediencia y fe, \u00c9l es nuestro m\u00e1s alto escondite de cualquier batalla que estemos librando en este momento. Cuando pasamos por grandes pruebas, no siempre es f\u00e1cil confiar. Sabemos que debemos hacerlo, pero nos cuesta. Sin embargo, hay algo que debemos tomar en cuenta, y es el hecho de que Dios nunca nos dejar\u00e1 solos.<\/p>\n<p><strong>Salmos 138:2-3 <\/strong>Me inclino ante tu santo templo mientras adoro; alabo tu nombre por tu amor inagotable y tu fidelidad, porque tus promesas est\u00e1n respaldadas por todo el honor de tu nombre. En cuanto oro, t\u00fa me respondes; me alientas al darme fuerza.<\/p>\n<p>\u201cMant\u00e9n la cabeza en alto, dice el Se\u00f1or. Enfr\u00e9ntate a los vientos de adversidad. La batalla no es tuya, sino M\u00eda. Luchar\u00e9 por ti, pero debes levantarte. Debes avanzar sin temor, debes enfrentar a los gigantes y derrotarlos con Mi Palabra. Los contratiempos no te har\u00e1n retroceder, sino que te preparar\u00e1n. Mu\u00e9vete hacia el enemigo y no permitas que te intimide, dice el Se\u00f1or. Sus duras palabras y sus obras diab\u00f3licas fallar\u00e1n por completo y caer\u00e1n a tierra, porque no tiene fundamento sobre el cual pararse, dice el Se\u00f1or. No hay armas ni poder en \u00e9l que puedan derrotarte. Tienes una base segura sobre la cual estar firme y ninguna inundaci\u00f3n del enemigo que quiera rodearte te har\u00e1 temblar. No te mover\u00e1n los vientos de adversidad. Ni un solo cabello de tu cabeza ser\u00e1 tocado, por cuanto has puesto tu confianza en M\u00ed, dice el Se\u00f1or\u201d.<\/p>\n<p>\u201cNo seas como un barco inestable que es empujado y sacudido por el viento. Te fortalecer\u00e9 y te ayudar\u00e9, Yo te sustentar\u00e9, estar\u00e9 a tu lado para ayudarte, defenderte y fortalecer tu fe en M\u00ed. Te volver\u00e1s valiente como un le\u00f3n y le mover\u00e1s la cabeza al enemigo. No llorar\u00e1s, sino que reir\u00e1s, porque Yo lo he establecido. He puesto las cosas en orden y he declarado tu victoria segura, dice el Se\u00f1or. El enemigo gemir\u00e1 como mujer de parto, pero no habr\u00e1 nacimiento de nueva vida para \u00e9l, su dolor no producir\u00e1 vida sino angustia mientras Yo me levanto a defenderte, liberarte y restaurarte. Tu dolor se convertir\u00e1 en gozo, tus pruebas producir\u00e1n vida nueva y te regocijar\u00e1s y alegrar\u00e1s grandemente cuando Yo de repente cambie las cosas, dice el Se\u00f1or\u201d. (June Sheltrown Reinke)<\/p>\n<p><strong>Salmos 5:11-12<\/strong> Pero al\u00e9grense todos los que en ti conf\u00edan; den voces de j\u00fabilo para siempre, porque t\u00fa los defiendes; en ti se regocijen los que aman tu nombre. Porque t\u00fa, oh Jehov\u00e1, bendecir\u00e1s al justo; Como con un escudo lo rodear\u00e1s de tu favor.<\/p>\n<p>Con amor y oraciones,<\/p>\n","protected":false},"excerpt":{"rendered":"<p>Mas t\u00fa, Jehov\u00e1, eres escudo alrededor de m\u00ed; mi gloria, y el que levanta mi cabeza. Con mi voz clam\u00e9 a Jehov\u00e1, y \u00e9l me respondi\u00f3 desde su monte santo Las cosas est\u00e1n a punto de cambiar, seamos diligentes en buscar el rostro del Se\u00f1or en oraci\u00f3n y adoraci\u00f3n, caminemos en completa obediencia y fe, &hellip;<\/p>\n","protected":false},"author":1,"featured_media":20049,"comment_status":"open","ping_status":"open","sticky":false,"template":"","format":"standard","meta":{"footnotes":""},"categories":[34],"tags":[],"class_list":["post-20048","post","type-post","status-publish","format-standard","has-post-thumbnail","hentry","category-articulos"],"yoast_head":"<!-- This site is optimized with the Yoast SEO Premium plugin v24.2 (Yoast SEO v27.1.1) - https:\/\/yoast.com\/product\/yoast-seo-premium-wordpress\/ -->\n<title>Levanta tu cabeza, hay un cambio en el aire - Tabernaculo Prensa de Dios<\/title>\n<meta name=\"robots\" content=\"index, follow, max-snippet:-1, max-image-preview:large, max-video-preview:-1\" \/>\n<link rel=\"canonical\" href=\"https:\/\/tabernaculoprensadedios.com\/web\/levanta-tu-cabeza-hay-un-cambio-en-el-aire\/\" class=\"yoast-seo-meta-tag\" \/>\n<meta property=\"og:locale\" content=\"es_ES\" class=\"yoast-seo-meta-tag\" \/>\n<meta property=\"og:type\" content=\"article\" class=\"yoast-seo-meta-tag\" \/>\n<meta property=\"og:title\" content=\"Levanta tu cabeza, hay un cambio en el aire\" class=\"yoast-seo-meta-tag\" \/>\n<meta property=\"og:description\" content=\"Mas t\u00fa, Jehov\u00e1, eres escudo alrededor de m\u00ed; mi gloria, y el que levanta mi cabeza. Con mi voz clam\u00e9 a Jehov\u00e1, y \u00e9l me respondi\u00f3 desde su monte santo Las cosas est\u00e1n a punto de cambiar, seamos diligentes en buscar el rostro del Se\u00f1or en oraci\u00f3n y adoraci\u00f3n, caminemos en completa obediencia y fe, &hellip;\" class=\"yoast-seo-meta-tag\" \/>\n<meta property=\"og:url\" content=\"https:\/\/tabernaculoprensadedios.com\/web\/levanta-tu-cabeza-hay-un-cambio-en-el-aire\/\" class=\"yoast-seo-meta-tag\" \/>\n<meta property=\"og:site_name\" content=\"Tabernaculo Prensa de Dios\" class=\"yoast-seo-meta-tag\" \/>\n<meta property=\"article:published_time\" content=\"2020-10-30T03:41:34+00:00\" class=\"yoast-seo-meta-tag\" \/>\n<meta property=\"og:image\" content=\"https:\/\/tabernaculoprensadedios.com\/web\/wp-content\/uploads\/2020\/10\/levanta.jpg\" class=\"yoast-seo-meta-tag\" \/>\n\t<meta property=\"og:image:width\" content=\"1280\" class=\"yoast-seo-meta-tag\" \/>\n\t<meta property=\"og:image:height\" content=\"658\" class=\"yoast-seo-meta-tag\" \/>\n\t<meta property=\"og:image:type\" content=\"image\/jpeg\" class=\"yoast-seo-meta-tag\" \/>\n<meta name=\"author\" content=\"tabernaculo\" class=\"yoast-seo-meta-tag\" \/>\n<meta name=\"twitter:card\" content=\"summary_large_image\" class=\"yoast-seo-meta-tag\" \/>\n<meta name=\"twitter:creator\" content=\"@PrensadeDios\" class=\"yoast-seo-meta-tag\" \/>\n<meta name=\"twitter:site\" content=\"@PrensadeDios\" class=\"yoast-seo-meta-tag\" \/>\n<meta name=\"twitter:label1\" content=\"Escrito por\" class=\"yoast-seo-meta-tag\" \/>\n\t<meta name=\"twitter:data1\" content=\"tabernaculo\" class=\"yoast-seo-meta-tag\" \/>\n\t<meta name=\"twitter:label2\" content=\"Tiempo de lectura\" class=\"yoast-seo-meta-tag\" \/>\n\t<meta name=\"twitter:data2\" content=\"3 minutos\" class=\"yoast-seo-meta-tag\" \/>\n<script type=\"application\/ld+json\" class=\"yoast-schema-graph\">{\"@context\":\"https:\/\/schema.org\",\"@graph\":[{\"@type\":\"Article\",\"@id\":\"https:\/\/tabernaculoprensadedios.com\/web\/levanta-tu-cabeza-hay-un-cambio-en-el-aire\/#article\",\"isPartOf\":{\"@id\":\"https:\/\/tabernaculoprensadedios.com\/web\/levanta-tu-cabeza-hay-un-cambio-en-el-aire\/\"},\"author\":{\"name\":\"tabernaculo\",\"@id\":\"https:\/\/tabernaculoprensadedios.com\/web\/#\/schema\/person\/bc0e069fef56b38e177db6f098ae0b6e\"},\"headline\":\"Levanta tu cabeza, hay un cambio en el aire\",\"datePublished\":\"2020-10-30T03:41:34+00:00\",\"mainEntityOfPage\":{\"@id\":\"https:\/\/tabernaculoprensadedios.com\/web\/levanta-tu-cabeza-hay-un-cambio-en-el-aire\/\"},\"wordCount\":526,\"commentCount\":0,\"publisher\":{\"@id\":\"https:\/\/tabernaculoprensadedios.com\/web\/#\/schema\/person\/bc0e069fef56b38e177db6f098ae0b6e\"},\"image\":{\"@id\":\"https:\/\/tabernaculoprensadedios.com\/web\/levanta-tu-cabeza-hay-un-cambio-en-el-aire\/#primaryimage\"},\"thumbnailUrl\":\"https:\/\/tabernaculoprensadedios.com\/web\/wp-content\/uploads\/2020\/10\/levanta.jpg\",\"articleSection\":[\"Articulos\"],\"inLanguage\":\"es\",\"potentialAction\":[{\"@type\":\"CommentAction\",\"name\":\"Comment\",\"target\":[\"https:\/\/tabernaculoprensadedios.com\/web\/levanta-tu-cabeza-hay-un-cambio-en-el-aire\/#respond\"]}]},{\"@type\":\"WebPage\",\"@id\":\"https:\/\/tabernaculoprensadedios.com\/web\/levanta-tu-cabeza-hay-un-cambio-en-el-aire\/\",\"url\":\"https:\/\/tabernaculoprensadedios.com\/web\/levanta-tu-cabeza-hay-un-cambio-en-el-aire\/\",\"name\":\"Levanta tu cabeza, hay un cambio en el aire - Tabernaculo Prensa de Dios\",\"isPartOf\":{\"@id\":\"https:\/\/tabernaculoprensadedios.com\/web\/#website\"},\"primaryImageOfPage\":{\"@id\":\"https:\/\/tabernaculoprensadedios.com\/web\/levanta-tu-cabeza-hay-un-cambio-en-el-aire\/#primaryimage\"},\"image\":{\"@id\":\"https:\/\/tabernaculoprensadedios.com\/web\/levanta-tu-cabeza-hay-un-cambio-en-el-aire\/#primaryimage\"},\"thumbnailUrl\":\"https:\/\/tabernaculoprensadedios.com\/web\/wp-content\/uploads\/2020\/10\/levanta.jpg\",\"datePublished\":\"2020-10-30T03:41:34+00:00\",\"breadcrumb\":{\"@id\":\"https:\/\/tabernaculoprensadedios.com\/web\/levanta-tu-cabeza-hay-un-cambio-en-el-aire\/#breadcrumb\"},\"inLanguage\":\"es\",\"potentialAction\":[{\"@type\":\"ReadAction\",\"target\":[\"https:\/\/tabernaculoprensadedios.com\/web\/levanta-tu-cabeza-hay-un-cambio-en-el-aire\/\"]}]},{\"@type\":\"ImageObject\",\"inLanguage\":\"es\",\"@id\":\"https:\/\/tabernaculoprensadedios.com\/web\/levanta-tu-cabeza-hay-un-cambio-en-el-aire\/#primaryimage\",\"url\":\"https:\/\/tabernaculoprensadedios.com\/web\/wp-content\/uploads\/2020\/10\/levanta.jpg\",\"contentUrl\":\"https:\/\/tabernaculoprensadedios.com\/web\/wp-content\/uploads\/2020\/10\/levanta.jpg\",\"width\":1280,\"height\":658},{\"@type\":\"BreadcrumbList\",\"@id\":\"https:\/\/tabernaculoprensadedios.com\/web\/levanta-tu-cabeza-hay-un-cambio-en-el-aire\/#breadcrumb\",\"itemListElement\":[{\"@type\":\"ListItem\",\"position\":1,\"name\":\"Portada\",\"item\":\"https:\/\/tabernaculoprensadedios.com\/web\/\"},{\"@type\":\"ListItem\",\"position\":2,\"name\":\"Levanta tu cabeza, hay un cambio en el aire\"}]},{\"@type\":\"WebSite\",\"@id\":\"https:\/\/tabernaculoprensadedios.com\/web\/#website\",\"url\":\"https:\/\/tabernaculoprensadedios.com\/web\/\",\"name\":\"Tabernaculo Prensa de Dios\",\"description\":\"Un medio a la manera de Dios\",\"publisher\":{\"@id\":\"https:\/\/tabernaculoprensadedios.com\/web\/#\/schema\/person\/bc0e069fef56b38e177db6f098ae0b6e\"},\"potentialAction\":[{\"@type\":\"SearchAction\",\"target\":{\"@type\":\"EntryPoint\",\"urlTemplate\":\"https:\/\/tabernaculoprensadedios.com\/web\/?s={search_term_string}\"},\"query-input\":{\"@type\":\"PropertyValueSpecification\",\"valueRequired\":true,\"valueName\":\"search_term_string\"}}],\"inLanguage\":\"es\"},{\"@type\":[\"Person\",\"Organization\"],\"@id\":\"https:\/\/tabernaculoprensadedios.com\/web\/#\/schema\/person\/bc0e069fef56b38e177db6f098ae0b6e\",\"name\":\"tabernaculo\",\"image\":{\"@type\":\"ImageObject\",\"inLanguage\":\"es\",\"@id\":\"https:\/\/tabernaculoprensadedios.com\/web\/#\/schema\/person\/image\/\",\"url\":\"https:\/\/tabernaculoprensadedios.com\/web\/wp-content\/uploads\/2015\/06\/login-logo1.png\",\"contentUrl\":\"https:\/\/tabernaculoprensadedios.com\/web\/wp-content\/uploads\/2015\/06\/login-logo1.png\",\"width\":300,\"height\":118,\"caption\":\"tabernaculo\"},\"logo\":{\"@id\":\"https:\/\/tabernaculoprensadedios.com\/web\/#\/schema\/person\/image\/\"},\"url\":\"https:\/\/tabernaculoprensadedios.com\/web\/author\/tabernaculo\/\"}]}<\/script>\n<!-- \/ Yoast SEO Premium plugin. -->","yoast_head_json":{"title":"Levanta tu cabeza, hay un cambio en el aire - Tabernaculo Prensa de Dios","robots":{"index":"index","follow":"follow","max-snippet":"max-snippet:-1","max-image-preview":"max-image-preview:large","max-video-preview":"max-video-preview:-1"},"canonical":"https:\/\/tabernaculoprensadedios.com\/web\/levanta-tu-cabeza-hay-un-cambio-en-el-aire\/","og_locale":"es_ES","og_type":"article","og_title":"Levanta tu cabeza, hay un cambio en el aire","og_description":"Mas t\u00fa, Jehov\u00e1, eres escudo alrededor de m\u00ed; mi gloria, y el que levanta mi cabeza. Con mi voz clam\u00e9 a Jehov\u00e1, y \u00e9l me respondi\u00f3 desde su monte santo Las cosas est\u00e1n a punto de cambiar, seamos diligentes en buscar el rostro del Se\u00f1or en oraci\u00f3n y adoraci\u00f3n, caminemos en completa obediencia y fe, &hellip;","og_url":"https:\/\/tabernaculoprensadedios.com\/web\/levanta-tu-cabeza-hay-un-cambio-en-el-aire\/","og_site_name":"Tabernaculo Prensa de Dios","article_published_time":"2020-10-30T03:41:34+00:00","og_image":[{"width":1280,"height":658,"url":"https:\/\/tabernaculoprensadedios.com\/web\/wp-content\/uploads\/2020\/10\/levanta.jpg","type":"image\/jpeg"}],"author":"tabernaculo","twitter_card":"summary_large_image","twitter_creator":"@PrensadeDios","twitter_site":"@PrensadeDios","twitter_misc":{"Escrito por":"tabernaculo","Tiempo de lectura":"3 minutos"},"schema":{"@context":"https:\/\/schema.org","@graph":[{"@type":"Article","@id":"https:\/\/tabernaculoprensadedios.com\/web\/levanta-tu-cabeza-hay-un-cambio-en-el-aire\/#article","isPartOf":{"@id":"https:\/\/tabernaculoprensadedios.com\/web\/levanta-tu-cabeza-hay-un-cambio-en-el-aire\/"},"author":{"name":"tabernaculo","@id":"https:\/\/tabernaculoprensadedios.com\/web\/#\/schema\/person\/bc0e069fef56b38e177db6f098ae0b6e"},"headline":"Levanta tu cabeza, hay un cambio en el aire","datePublished":"2020-10-30T03:41:34+00:00","mainEntityOfPage":{"@id":"https:\/\/tabernaculoprensadedios.com\/web\/levanta-tu-cabeza-hay-un-cambio-en-el-aire\/"},"wordCount":526,"commentCount":0,"publisher":{"@id":"https:\/\/tabernaculoprensadedios.com\/web\/#\/schema\/person\/bc0e069fef56b38e177db6f098ae0b6e"},"image":{"@id":"https:\/\/tabernaculoprensadedios.com\/web\/levanta-tu-cabeza-hay-un-cambio-en-el-aire\/#primaryimage"},"thumbnailUrl":"https:\/\/tabernaculoprensadedios.com\/web\/wp-content\/uploads\/2020\/10\/levanta.jpg","articleSection":["Articulos"],"inLanguage":"es","potentialAction":[{"@type":"CommentAction","name":"Comment","target":["https:\/\/tabernaculoprensadedios.com\/web\/levanta-tu-cabeza-hay-un-cambio-en-el-aire\/#respond"]}]},{"@type":"WebPage","@id":"https:\/\/tabernaculoprensadedios.com\/web\/levanta-tu-cabeza-hay-un-cambio-en-el-aire\/","url":"https:\/\/tabernaculoprensadedios.com\/web\/levanta-tu-cabeza-hay-un-cambio-en-el-aire\/","name":"Levanta tu cabeza, hay un cambio en el aire - Tabernaculo Prensa de Dios","isPartOf":{"@id":"https:\/\/tabernaculoprensadedios.com\/web\/#website"},"primaryImageOfPage":{"@id":"https:\/\/tabernaculoprensadedios.com\/web\/levanta-tu-cabeza-hay-un-cambio-en-el-aire\/#primaryimage"},"image":{"@id":"https:\/\/tabernaculoprensadedios.com\/web\/levanta-tu-cabeza-hay-un-cambio-en-el-aire\/#primaryimage"},"thumbnailUrl":"https:\/\/tabernaculoprensadedios.com\/web\/wp-content\/uploads\/2020\/10\/levanta.jpg","datePublished":"2020-10-30T03:41:34+00:00","breadcrumb":{"@id":"https:\/\/tabernaculoprensadedios.com\/web\/levanta-tu-cabeza-hay-un-cambio-en-el-aire\/#breadcrumb"},"inLanguage":"es","potentialAction":[{"@type":"ReadAction","target":["https:\/\/tabernaculoprensadedios.com\/web\/levanta-tu-cabeza-hay-un-cambio-en-el-aire\/"]}]},{"@type":"ImageObject","inLanguage":"es","@id":"https:\/\/tabernaculoprensadedios.com\/web\/levanta-tu-cabeza-hay-un-cambio-en-el-aire\/#primaryimage","url":"https:\/\/tabernaculoprensadedios.com\/web\/wp-content\/uploads\/2020\/10\/levanta.jpg","contentUrl":"https:\/\/tabernaculoprensadedios.com\/web\/wp-content\/uploads\/2020\/10\/levanta.jpg","width":1280,"height":658},{"@type":"BreadcrumbList","@id":"https:\/\/tabernaculoprensadedios.com\/web\/levanta-tu-cabeza-hay-un-cambio-en-el-aire\/#breadcrumb","itemListElement":[{"@type":"ListItem","position":1,"name":"Portada","item":"https:\/\/tabernaculoprensadedios.com\/web\/"},{"@type":"ListItem","position":2,"name":"Levanta tu cabeza, hay un cambio en el aire"}]},{"@type":"WebSite","@id":"https:\/\/tabernaculoprensadedios.com\/web\/#website","url":"https:\/\/tabernaculoprensadedios.com\/web\/","name":"Tabernaculo Prensa de Dios","description":"Un medio a la manera de Dios","publisher":{"@id":"https:\/\/tabernaculoprensadedios.com\/web\/#\/schema\/person\/bc0e069fef56b38e177db6f098ae0b6e"},"potentialAction":[{"@type":"SearchAction","target":{"@type":"EntryPoint","urlTemplate":"https:\/\/tabernaculoprensadedios.com\/web\/?s={search_term_string}"},"query-input":{"@type":"PropertyValueSpecification","valueRequired":true,"valueName":"search_term_string"}}],"inLanguage":"es"},{"@type":["Person","Organization"],"@id":"https:\/\/tabernaculoprensadedios.com\/web\/#\/schema\/person\/bc0e069fef56b38e177db6f098ae0b6e","name":"tabernaculo","image":{"@type":"ImageObject","inLanguage":"es","@id":"https:\/\/tabernaculoprensadedios.com\/web\/#\/schema\/person\/image\/","url":"https:\/\/tabernaculoprensadedios.com\/web\/wp-content\/uploads\/2015\/06\/login-logo1.png","contentUrl":"https:\/\/tabernaculoprensadedios.com\/web\/wp-content\/uploads\/2015\/06\/login-logo1.png","width":300,"height":118,"caption":"tabernaculo"},"logo":{"@id":"https:\/\/tabernaculoprensadedios.com\/web\/#\/schema\/person\/image\/"},"url":"https:\/\/tabernaculoprensadedios.com\/web\/author\/tabernaculo\/"}]}},"_links":{"self":[{"href":"https:\/\/tabernaculoprensadedios.com\/web\/wp-json\/wp\/v2\/posts\/20048","targetHints":{"allow":["GET"]}}],"collection":[{"href":"https:\/\/tabernaculoprensadedios.com\/web\/wp-json\/wp\/v2\/posts"}],"about":[{"href":"https:\/\/tabernaculoprensadedios.com\/web\/wp-json\/wp\/v2\/types\/post"}],"author":[{"embeddable":true,"href":"https:\/\/tabernaculoprensadedios.com\/web\/wp-json\/wp\/v2\/users\/1"}],"replies":[{"embeddable":true,"href":"https:\/\/tabernaculoprensadedios.com\/web\/wp-json\/wp\/v2\/comments?post=20048"}],"version-history":[{"count":1,"href":"https:\/\/tabernaculoprensadedios.com\/web\/wp-json\/wp\/v2\/posts\/20048\/revisions"}],"predecessor-version":[{"id":20050,"href":"https:\/\/tabernaculoprensadedios.com\/web\/wp-json\/wp\/v2\/posts\/20048\/revisions\/20050"}],"wp:featuredmedia":[{"embeddable":true,"href":"https:\/\/tabernaculoprensadedios.com\/web\/wp-json\/wp\/v2\/media\/20049"}],"wp:attachment":[{"href":"https:\/\/tabernaculoprensadedios.com\/web\/wp-json\/wp\/v2\/media?parent=20048"}],"wp:term":[{"taxonomy":"category","embeddable":true,"href":"https:\/\/tabernaculoprensadedios.com\/web\/wp-json\/wp\/v2\/categories?post=20048"},{"taxonomy":"post_tag","embeddable":true,"href":"https:\/\/tabernaculoprensadedios.com\/web\/wp-json\/wp\/v2\/tags?post=20048"}],"curies":[{"name":"wp","href":"https:\/\/api.w.org\/{rel}","templated":true}]}}