{"id":20042,"date":"2020-10-29T03:28:25","date_gmt":"2020-10-29T03:28:25","guid":{"rendered":"http:\/\/tabernaculoprensadedios.com\/web\/?p=20042"},"modified":"2020-10-29T03:28:25","modified_gmt":"2020-10-29T03:28:25","slug":"por-que-no-nos-quitamos-las-mascaras","status":"publish","type":"post","link":"https:\/\/tabernaculoprensadedios.com\/web\/por-que-no-nos-quitamos-las-mascaras\/","title":{"rendered":"\u00bfPor qu\u00e9 no nos quitamos las m\u00e1scaras?"},"content":{"rendered":"<p><em>Definitivamente que como cristianos no estamos de acuerdo y no apoyamos la celebraci\u00f3n de Halloween, sabemos que es una celebraci\u00f3n que no agrada al Se\u00f1or y nosotros como cristianos no debemos participar de ella.<\/em> <strong>PEOVERBIOS 28-31-<\/strong><\/p>\n<p>Seguramente a muchos de nosotros nos desagrada ver las m\u00e1scaras que se venden en los almacenes para esta \u00e9poca, pero hay algo que como cristianos debe hacernos reflexionar: Esas personas usan m\u00e1scara una vez al a\u00f1o y muchos de nosotros las usamos todos los d\u00edas del a\u00f1o.<\/p>\n<p>\u00bfDe qu\u00e9 m\u00e1scaras estamos hablando? De todo aquello que hacemos por ocultar nuestros pecados, de todo lo que hacemos para que nuestros pecados no salgan a la luz.<\/p>\n<p>El texto es claro, no puede irnos bien en la vida si en lugar de reconocer y confesar nuestros pecados al Se\u00f1or tratamos de taparlos, de esconderlos, o disimularlos.<\/p>\n<p><strong>\u00bfCUALES SON ESAS M\u00c1SCARAS QUE USAMOS EN NUESTRA VIDA PARA ENCUBRIR NUESTRO PECADO?\u00a0<\/strong><\/p>\n<p>I<strong>) COMPARARNOS CON OTROS (LUCAS 18:10-12)<\/strong> <strong><em>Dos hombres subieron al templo a orar: uno era fariseo, y el otro publicano. El fariseo, puesto en pie, oraba consigo mismo de esta manera: Dios, te doy gracias porque no soy como los otros hombres, ladrones, injustos, ad\u00falteros, ni aun como este publicano; ayuno dos veces a la semana, doy diezmos de todo lo que gano<\/em><\/strong>. Muchas veces tratamos de ocultar nuestro pecado compar\u00e1ndolo con los pecados de otros que a nosotros nos parecen m\u00e1s graves o m\u00e1s da\u00f1inos en comparaci\u00f3n de los nuestros, pero tenemos que saber que cada uno dar\u00e1 cuenta de su vida al Se\u00f1or.<\/p>\n<p><strong>II) SE\u00d1ALAR CULPABLES (GENESIS 3:11-13)<\/strong> <strong><em>Y Dios le dijo: \u00bfQui\u00e9n te ense\u00f1\u00f3 que estabas desnudo? \u00bfHas comido del \u00e1rbol de que yo te mand\u00e9 no comieses? Y el hombre respondi\u00f3: La mujer que me dist\u00e9 por compa\u00f1era me dio del \u00e1rbol, y yo com\u00ed. Entonces Jehov\u00e1 Dios dijo a la mujer: \u00bfQu\u00e9 es lo que has hecho? Y dijo la mujer: La serpiente me enga\u00f1\u00f3, y com\u00ed.<\/em><\/strong> Podr\u00edamos se\u00f1alar a muchos como culpables de nuestros pecados, pero ante Dios los \u00fanicos culpables de nuestros pecados somos nosotros.<\/p>\n<p><strong>III) TENER ARGUMENTOS Y EXCUSAS PARA JUSTIFICAR NUESTRO PECADO (GENESIS 4:8-9)<\/strong>\u00a0<strong><em>Y dijo Ca\u00edn a su hermano Abel: Salgamos al campo. Y aconteci\u00f3 que estando ellos en el campo, Ca\u00edn se levant\u00f3 contra su hermano Abel, y lo mat\u00f3. Y Jehov\u00e1 dijo a Ca\u00edn: \u00bfD\u00f3nde est\u00e1 Abel tu hermano? Y \u00e9l respondi\u00f3: No s\u00e9. \u00bfSoy yo acaso guarda de mi hermano? <\/em><\/strong>Muchos de nosotros en lugar de confesar nuestro pecado usamos una excusa como Cain: As\u00ed soy yo, No me importa lo que piensen, si les gusta bueno y sino ni modo, etc.<\/p>\n<p><strong>IV) ESCONDER NUESTRO PECADO (GENESIS 35:2-4)<\/strong> <strong><em>Entonces Jacob dijo a su familia y a todos los que con \u00e9l estaban: Quitad los dioses ajenos que hay entre vosotros, y limpiaos, y mudas vuestros vestidos. Y levant\u00e9monos, y subamos a Bet-el; y har\u00e9 all\u00ed altar al Dios que me respondi\u00f3 en el d\u00eda de mi angustia, y ha estado conmigo en el camino que he andado. As\u00ed dieron a Jacob todos los dioses ajenos que hab\u00eda en poder de ellos, y los zarcillos que estaban en sus orejas; y Jacob los escondi\u00f3 debajo de una encina que estaba junto a Siquem<\/em><\/strong>. Por mucho que tratemos de esconder nuestros pecados es imposible ocultarlos de los ojos de nuestro Dios.<\/p>\n<p><strong>\u00bfCOMO PODEMOS QUITARNOS ESAS M\u00c1SCARAS DE NUESTRA VIDA? (1 JUAN 1:8-9)<\/strong> <strong><em>Si decimos que no tenemos pecado, nos enga\u00f1amos a nosotros mismos, y la verdad no est\u00e1 en nosotros. Si confesamos nuestros pecados, \u00e9l es fiel y justo para perdonar nuestros pecados, y limpiarnos de toda maldad.<\/em><\/strong> Tenemos que reconocer nuestros pecados y confesarlos con humildad delante del Se\u00f1or.<\/p>\n","protected":false},"excerpt":{"rendered":"<p>Definitivamente que como cristianos no estamos de acuerdo y no apoyamos la celebraci\u00f3n de Halloween, sabemos que es una celebraci\u00f3n que no agrada al Se\u00f1or y nosotros como cristianos no debemos participar de ella. PEOVERBIOS 28-31- Seguramente a muchos de nosotros nos desagrada ver las m\u00e1scaras que se venden en los almacenes para esta \u00e9poca, &hellip;<\/p>\n","protected":false},"author":1,"featured_media":20043,"comment_status":"open","ping_status":"open","sticky":false,"template":"","format":"standard","meta":{"footnotes":""},"categories":[34],"tags":[],"class_list":["post-20042","post","type-post","status-publish","format-standard","has-post-thumbnail","hentry","category-articulos"],"yoast_head":"<!-- This site is optimized with the Yoast SEO Premium plugin v24.2 (Yoast SEO v27.1.1) - https:\/\/yoast.com\/product\/yoast-seo-premium-wordpress\/ -->\n<title>\u00bfPor qu\u00e9 no nos quitamos las m\u00e1scaras? - Tabernaculo Prensa de Dios<\/title>\n<meta name=\"robots\" content=\"index, follow, max-snippet:-1, max-image-preview:large, max-video-preview:-1\" \/>\n<link rel=\"canonical\" href=\"https:\/\/tabernaculoprensadedios.com\/web\/por-que-no-nos-quitamos-las-mascaras\/\" class=\"yoast-seo-meta-tag\" \/>\n<meta property=\"og:locale\" content=\"es_ES\" class=\"yoast-seo-meta-tag\" \/>\n<meta property=\"og:type\" content=\"article\" class=\"yoast-seo-meta-tag\" \/>\n<meta property=\"og:title\" content=\"\u00bfPor qu\u00e9 no nos quitamos las m\u00e1scaras?\" class=\"yoast-seo-meta-tag\" \/>\n<meta property=\"og:description\" content=\"Definitivamente que como cristianos no estamos de acuerdo y no apoyamos la celebraci\u00f3n de Halloween, sabemos que es una celebraci\u00f3n que no agrada al Se\u00f1or y nosotros como cristianos no debemos participar de ella. PEOVERBIOS 28-31- Seguramente a muchos de nosotros nos desagrada ver las m\u00e1scaras que se venden en los almacenes para esta \u00e9poca, &hellip;\" class=\"yoast-seo-meta-tag\" \/>\n<meta property=\"og:url\" content=\"https:\/\/tabernaculoprensadedios.com\/web\/por-que-no-nos-quitamos-las-mascaras\/\" class=\"yoast-seo-meta-tag\" \/>\n<meta property=\"og:site_name\" content=\"Tabernaculo Prensa de Dios\" class=\"yoast-seo-meta-tag\" \/>\n<meta property=\"article:published_time\" content=\"2020-10-29T03:28:25+00:00\" class=\"yoast-seo-meta-tag\" \/>\n<meta property=\"og:image\" content=\"https:\/\/tabernaculoprensadedios.com\/web\/wp-content\/uploads\/2020\/10\/mascara.jpg\" class=\"yoast-seo-meta-tag\" \/>\n\t<meta property=\"og:image:width\" content=\"1280\" class=\"yoast-seo-meta-tag\" \/>\n\t<meta property=\"og:image:height\" content=\"850\" class=\"yoast-seo-meta-tag\" \/>\n\t<meta property=\"og:image:type\" content=\"image\/jpeg\" class=\"yoast-seo-meta-tag\" \/>\n<meta name=\"author\" content=\"tabernaculo\" class=\"yoast-seo-meta-tag\" \/>\n<meta name=\"twitter:card\" content=\"summary_large_image\" class=\"yoast-seo-meta-tag\" \/>\n<meta name=\"twitter:creator\" content=\"@PrensadeDios\" class=\"yoast-seo-meta-tag\" \/>\n<meta name=\"twitter:site\" content=\"@PrensadeDios\" class=\"yoast-seo-meta-tag\" \/>\n<meta name=\"twitter:label1\" content=\"Escrito por\" class=\"yoast-seo-meta-tag\" \/>\n\t<meta name=\"twitter:data1\" content=\"tabernaculo\" class=\"yoast-seo-meta-tag\" \/>\n\t<meta name=\"twitter:label2\" content=\"Tiempo de lectura\" class=\"yoast-seo-meta-tag\" \/>\n\t<meta name=\"twitter:data2\" content=\"3 minutos\" class=\"yoast-seo-meta-tag\" \/>\n<script type=\"application\/ld+json\" class=\"yoast-schema-graph\">{\"@context\":\"https:\/\/schema.org\",\"@graph\":[{\"@type\":\"Article\",\"@id\":\"https:\/\/tabernaculoprensadedios.com\/web\/por-que-no-nos-quitamos-las-mascaras\/#article\",\"isPartOf\":{\"@id\":\"https:\/\/tabernaculoprensadedios.com\/web\/por-que-no-nos-quitamos-las-mascaras\/\"},\"author\":{\"name\":\"tabernaculo\",\"@id\":\"https:\/\/tabernaculoprensadedios.com\/web\/#\/schema\/person\/bc0e069fef56b38e177db6f098ae0b6e\"},\"headline\":\"\u00bfPor qu\u00e9 no nos quitamos las m\u00e1scaras?\",\"datePublished\":\"2020-10-29T03:28:25+00:00\",\"mainEntityOfPage\":{\"@id\":\"https:\/\/tabernaculoprensadedios.com\/web\/por-que-no-nos-quitamos-las-mascaras\/\"},\"wordCount\":655,\"commentCount\":0,\"publisher\":{\"@id\":\"https:\/\/tabernaculoprensadedios.com\/web\/#\/schema\/person\/bc0e069fef56b38e177db6f098ae0b6e\"},\"image\":{\"@id\":\"https:\/\/tabernaculoprensadedios.com\/web\/por-que-no-nos-quitamos-las-mascaras\/#primaryimage\"},\"thumbnailUrl\":\"https:\/\/tabernaculoprensadedios.com\/web\/wp-content\/uploads\/2020\/10\/mascara.jpg\",\"articleSection\":[\"Articulos\"],\"inLanguage\":\"es\",\"potentialAction\":[{\"@type\":\"CommentAction\",\"name\":\"Comment\",\"target\":[\"https:\/\/tabernaculoprensadedios.com\/web\/por-que-no-nos-quitamos-las-mascaras\/#respond\"]}]},{\"@type\":\"WebPage\",\"@id\":\"https:\/\/tabernaculoprensadedios.com\/web\/por-que-no-nos-quitamos-las-mascaras\/\",\"url\":\"https:\/\/tabernaculoprensadedios.com\/web\/por-que-no-nos-quitamos-las-mascaras\/\",\"name\":\"\u00bfPor qu\u00e9 no nos quitamos las m\u00e1scaras? - Tabernaculo Prensa de Dios\",\"isPartOf\":{\"@id\":\"https:\/\/tabernaculoprensadedios.com\/web\/#website\"},\"primaryImageOfPage\":{\"@id\":\"https:\/\/tabernaculoprensadedios.com\/web\/por-que-no-nos-quitamos-las-mascaras\/#primaryimage\"},\"image\":{\"@id\":\"https:\/\/tabernaculoprensadedios.com\/web\/por-que-no-nos-quitamos-las-mascaras\/#primaryimage\"},\"thumbnailUrl\":\"https:\/\/tabernaculoprensadedios.com\/web\/wp-content\/uploads\/2020\/10\/mascara.jpg\",\"datePublished\":\"2020-10-29T03:28:25+00:00\",\"breadcrumb\":{\"@id\":\"https:\/\/tabernaculoprensadedios.com\/web\/por-que-no-nos-quitamos-las-mascaras\/#breadcrumb\"},\"inLanguage\":\"es\",\"potentialAction\":[{\"@type\":\"ReadAction\",\"target\":[\"https:\/\/tabernaculoprensadedios.com\/web\/por-que-no-nos-quitamos-las-mascaras\/\"]}]},{\"@type\":\"ImageObject\",\"inLanguage\":\"es\",\"@id\":\"https:\/\/tabernaculoprensadedios.com\/web\/por-que-no-nos-quitamos-las-mascaras\/#primaryimage\",\"url\":\"https:\/\/tabernaculoprensadedios.com\/web\/wp-content\/uploads\/2020\/10\/mascara.jpg\",\"contentUrl\":\"https:\/\/tabernaculoprensadedios.com\/web\/wp-content\/uploads\/2020\/10\/mascara.jpg\",\"width\":1280,\"height\":850},{\"@type\":\"BreadcrumbList\",\"@id\":\"https:\/\/tabernaculoprensadedios.com\/web\/por-que-no-nos-quitamos-las-mascaras\/#breadcrumb\",\"itemListElement\":[{\"@type\":\"ListItem\",\"position\":1,\"name\":\"Portada\",\"item\":\"https:\/\/tabernaculoprensadedios.com\/web\/\"},{\"@type\":\"ListItem\",\"position\":2,\"name\":\"\u00bfPor qu\u00e9 no nos quitamos las m\u00e1scaras?\"}]},{\"@type\":\"WebSite\",\"@id\":\"https:\/\/tabernaculoprensadedios.com\/web\/#website\",\"url\":\"https:\/\/tabernaculoprensadedios.com\/web\/\",\"name\":\"Tabernaculo Prensa de Dios\",\"description\":\"Un medio a la manera de Dios\",\"publisher\":{\"@id\":\"https:\/\/tabernaculoprensadedios.com\/web\/#\/schema\/person\/bc0e069fef56b38e177db6f098ae0b6e\"},\"potentialAction\":[{\"@type\":\"SearchAction\",\"target\":{\"@type\":\"EntryPoint\",\"urlTemplate\":\"https:\/\/tabernaculoprensadedios.com\/web\/?s={search_term_string}\"},\"query-input\":{\"@type\":\"PropertyValueSpecification\",\"valueRequired\":true,\"valueName\":\"search_term_string\"}}],\"inLanguage\":\"es\"},{\"@type\":[\"Person\",\"Organization\"],\"@id\":\"https:\/\/tabernaculoprensadedios.com\/web\/#\/schema\/person\/bc0e069fef56b38e177db6f098ae0b6e\",\"name\":\"tabernaculo\",\"image\":{\"@type\":\"ImageObject\",\"inLanguage\":\"es\",\"@id\":\"https:\/\/tabernaculoprensadedios.com\/web\/#\/schema\/person\/image\/\",\"url\":\"https:\/\/tabernaculoprensadedios.com\/web\/wp-content\/uploads\/2015\/06\/login-logo1.png\",\"contentUrl\":\"https:\/\/tabernaculoprensadedios.com\/web\/wp-content\/uploads\/2015\/06\/login-logo1.png\",\"width\":300,\"height\":118,\"caption\":\"tabernaculo\"},\"logo\":{\"@id\":\"https:\/\/tabernaculoprensadedios.com\/web\/#\/schema\/person\/image\/\"},\"url\":\"https:\/\/tabernaculoprensadedios.com\/web\/author\/tabernaculo\/\"}]}<\/script>\n<!-- \/ Yoast SEO Premium plugin. -->","yoast_head_json":{"title":"\u00bfPor qu\u00e9 no nos quitamos las m\u00e1scaras? - Tabernaculo Prensa de Dios","robots":{"index":"index","follow":"follow","max-snippet":"max-snippet:-1","max-image-preview":"max-image-preview:large","max-video-preview":"max-video-preview:-1"},"canonical":"https:\/\/tabernaculoprensadedios.com\/web\/por-que-no-nos-quitamos-las-mascaras\/","og_locale":"es_ES","og_type":"article","og_title":"\u00bfPor qu\u00e9 no nos quitamos las m\u00e1scaras?","og_description":"Definitivamente que como cristianos no estamos de acuerdo y no apoyamos la celebraci\u00f3n de Halloween, sabemos que es una celebraci\u00f3n que no agrada al Se\u00f1or y nosotros como cristianos no debemos participar de ella. PEOVERBIOS 28-31- Seguramente a muchos de nosotros nos desagrada ver las m\u00e1scaras que se venden en los almacenes para esta \u00e9poca, &hellip;","og_url":"https:\/\/tabernaculoprensadedios.com\/web\/por-que-no-nos-quitamos-las-mascaras\/","og_site_name":"Tabernaculo Prensa de Dios","article_published_time":"2020-10-29T03:28:25+00:00","og_image":[{"width":1280,"height":850,"url":"https:\/\/tabernaculoprensadedios.com\/web\/wp-content\/uploads\/2020\/10\/mascara.jpg","type":"image\/jpeg"}],"author":"tabernaculo","twitter_card":"summary_large_image","twitter_creator":"@PrensadeDios","twitter_site":"@PrensadeDios","twitter_misc":{"Escrito por":"tabernaculo","Tiempo de lectura":"3 minutos"},"schema":{"@context":"https:\/\/schema.org","@graph":[{"@type":"Article","@id":"https:\/\/tabernaculoprensadedios.com\/web\/por-que-no-nos-quitamos-las-mascaras\/#article","isPartOf":{"@id":"https:\/\/tabernaculoprensadedios.com\/web\/por-que-no-nos-quitamos-las-mascaras\/"},"author":{"name":"tabernaculo","@id":"https:\/\/tabernaculoprensadedios.com\/web\/#\/schema\/person\/bc0e069fef56b38e177db6f098ae0b6e"},"headline":"\u00bfPor qu\u00e9 no nos quitamos las m\u00e1scaras?","datePublished":"2020-10-29T03:28:25+00:00","mainEntityOfPage":{"@id":"https:\/\/tabernaculoprensadedios.com\/web\/por-que-no-nos-quitamos-las-mascaras\/"},"wordCount":655,"commentCount":0,"publisher":{"@id":"https:\/\/tabernaculoprensadedios.com\/web\/#\/schema\/person\/bc0e069fef56b38e177db6f098ae0b6e"},"image":{"@id":"https:\/\/tabernaculoprensadedios.com\/web\/por-que-no-nos-quitamos-las-mascaras\/#primaryimage"},"thumbnailUrl":"https:\/\/tabernaculoprensadedios.com\/web\/wp-content\/uploads\/2020\/10\/mascara.jpg","articleSection":["Articulos"],"inLanguage":"es","potentialAction":[{"@type":"CommentAction","name":"Comment","target":["https:\/\/tabernaculoprensadedios.com\/web\/por-que-no-nos-quitamos-las-mascaras\/#respond"]}]},{"@type":"WebPage","@id":"https:\/\/tabernaculoprensadedios.com\/web\/por-que-no-nos-quitamos-las-mascaras\/","url":"https:\/\/tabernaculoprensadedios.com\/web\/por-que-no-nos-quitamos-las-mascaras\/","name":"\u00bfPor qu\u00e9 no nos quitamos las m\u00e1scaras? - Tabernaculo Prensa de Dios","isPartOf":{"@id":"https:\/\/tabernaculoprensadedios.com\/web\/#website"},"primaryImageOfPage":{"@id":"https:\/\/tabernaculoprensadedios.com\/web\/por-que-no-nos-quitamos-las-mascaras\/#primaryimage"},"image":{"@id":"https:\/\/tabernaculoprensadedios.com\/web\/por-que-no-nos-quitamos-las-mascaras\/#primaryimage"},"thumbnailUrl":"https:\/\/tabernaculoprensadedios.com\/web\/wp-content\/uploads\/2020\/10\/mascara.jpg","datePublished":"2020-10-29T03:28:25+00:00","breadcrumb":{"@id":"https:\/\/tabernaculoprensadedios.com\/web\/por-que-no-nos-quitamos-las-mascaras\/#breadcrumb"},"inLanguage":"es","potentialAction":[{"@type":"ReadAction","target":["https:\/\/tabernaculoprensadedios.com\/web\/por-que-no-nos-quitamos-las-mascaras\/"]}]},{"@type":"ImageObject","inLanguage":"es","@id":"https:\/\/tabernaculoprensadedios.com\/web\/por-que-no-nos-quitamos-las-mascaras\/#primaryimage","url":"https:\/\/tabernaculoprensadedios.com\/web\/wp-content\/uploads\/2020\/10\/mascara.jpg","contentUrl":"https:\/\/tabernaculoprensadedios.com\/web\/wp-content\/uploads\/2020\/10\/mascara.jpg","width":1280,"height":850},{"@type":"BreadcrumbList","@id":"https:\/\/tabernaculoprensadedios.com\/web\/por-que-no-nos-quitamos-las-mascaras\/#breadcrumb","itemListElement":[{"@type":"ListItem","position":1,"name":"Portada","item":"https:\/\/tabernaculoprensadedios.com\/web\/"},{"@type":"ListItem","position":2,"name":"\u00bfPor qu\u00e9 no nos quitamos las m\u00e1scaras?"}]},{"@type":"WebSite","@id":"https:\/\/tabernaculoprensadedios.com\/web\/#website","url":"https:\/\/tabernaculoprensadedios.com\/web\/","name":"Tabernaculo Prensa de Dios","description":"Un medio a la manera de Dios","publisher":{"@id":"https:\/\/tabernaculoprensadedios.com\/web\/#\/schema\/person\/bc0e069fef56b38e177db6f098ae0b6e"},"potentialAction":[{"@type":"SearchAction","target":{"@type":"EntryPoint","urlTemplate":"https:\/\/tabernaculoprensadedios.com\/web\/?s={search_term_string}"},"query-input":{"@type":"PropertyValueSpecification","valueRequired":true,"valueName":"search_term_string"}}],"inLanguage":"es"},{"@type":["Person","Organization"],"@id":"https:\/\/tabernaculoprensadedios.com\/web\/#\/schema\/person\/bc0e069fef56b38e177db6f098ae0b6e","name":"tabernaculo","image":{"@type":"ImageObject","inLanguage":"es","@id":"https:\/\/tabernaculoprensadedios.com\/web\/#\/schema\/person\/image\/","url":"https:\/\/tabernaculoprensadedios.com\/web\/wp-content\/uploads\/2015\/06\/login-logo1.png","contentUrl":"https:\/\/tabernaculoprensadedios.com\/web\/wp-content\/uploads\/2015\/06\/login-logo1.png","width":300,"height":118,"caption":"tabernaculo"},"logo":{"@id":"https:\/\/tabernaculoprensadedios.com\/web\/#\/schema\/person\/image\/"},"url":"https:\/\/tabernaculoprensadedios.com\/web\/author\/tabernaculo\/"}]}},"_links":{"self":[{"href":"https:\/\/tabernaculoprensadedios.com\/web\/wp-json\/wp\/v2\/posts\/20042","targetHints":{"allow":["GET"]}}],"collection":[{"href":"https:\/\/tabernaculoprensadedios.com\/web\/wp-json\/wp\/v2\/posts"}],"about":[{"href":"https:\/\/tabernaculoprensadedios.com\/web\/wp-json\/wp\/v2\/types\/post"}],"author":[{"embeddable":true,"href":"https:\/\/tabernaculoprensadedios.com\/web\/wp-json\/wp\/v2\/users\/1"}],"replies":[{"embeddable":true,"href":"https:\/\/tabernaculoprensadedios.com\/web\/wp-json\/wp\/v2\/comments?post=20042"}],"version-history":[{"count":1,"href":"https:\/\/tabernaculoprensadedios.com\/web\/wp-json\/wp\/v2\/posts\/20042\/revisions"}],"predecessor-version":[{"id":20044,"href":"https:\/\/tabernaculoprensadedios.com\/web\/wp-json\/wp\/v2\/posts\/20042\/revisions\/20044"}],"wp:featuredmedia":[{"embeddable":true,"href":"https:\/\/tabernaculoprensadedios.com\/web\/wp-json\/wp\/v2\/media\/20043"}],"wp:attachment":[{"href":"https:\/\/tabernaculoprensadedios.com\/web\/wp-json\/wp\/v2\/media?parent=20042"}],"wp:term":[{"taxonomy":"category","embeddable":true,"href":"https:\/\/tabernaculoprensadedios.com\/web\/wp-json\/wp\/v2\/categories?post=20042"},{"taxonomy":"post_tag","embeddable":true,"href":"https:\/\/tabernaculoprensadedios.com\/web\/wp-json\/wp\/v2\/tags?post=20042"}],"curies":[{"name":"wp","href":"https:\/\/api.w.org\/{rel}","templated":true}]}}