{"id":20012,"date":"2020-10-26T22:06:12","date_gmt":"2020-10-26T22:06:12","guid":{"rendered":"http:\/\/tabernaculoprensadedios.com\/web\/?p=20012"},"modified":"2020-10-26T23:24:38","modified_gmt":"2020-10-26T23:24:38","slug":"empresas-a-favor-de-medio-ambiente-educan-sobre-ahorro-uso-de-energia-electrica-y-reciclaje","status":"publish","type":"post","link":"https:\/\/tabernaculoprensadedios.com\/web\/empresas-a-favor-de-medio-ambiente-educan-sobre-ahorro-uso-de-energia-electrica-y-reciclaje\/","title":{"rendered":"Empresas a favor de medio ambiente  educan sobre ahorro, uso de  energ\u00eda el\u00e9ctrica  y  reciclaje"},"content":{"rendered":"<p>El Grupo Alfra\u00a0 en coordinaci\u00f3n con la empresa Top Nanas\u00a0 realiz\u00f3 un taller para resaltar la importancia del ahorro y uso eficiente de la energ\u00eda el\u00e9ctrica, \u00a0y el agua como tambi\u00e9n dar conocer las reglas de las 6R\u00b4s y su \u00a0aplicaci\u00f3n \u00a0a las actividades de la vida diaria.<\/p>\n<p>El encuentro celebrado en las oficinas de Top ubicadas en el sector Naco, fue con la intenci\u00f3n tambi\u00e9n de orientar a \u00a0las trabajadoras, amas de casas, padres \u00a0que utilizan en su cotidianidad los recursos naturales y como desde el grupo se \u00a0puede ofrecer apoyo a decenas de hogares y empresas en \u00a0un uso adecuado de estos.<\/p>\n<p>Al dirigirse a las participantes Martha Vivas, gerente comercial de la empresa, dijo sentirse satisfecha con estas \u00a0iniciativas, las cuales son importantes para que las mujeres y las trabajadoras dom\u00e9sticas en el hogar puedan entender el contexto de la crisis, y del cambio clim\u00e1tico que experimenta el mundo.<\/p>\n<p>\u201cAportarles a estas trabajadoras una visi\u00f3n de conciencia y nuevos h\u00e1bitos, facilitar su comprensi\u00f3n es un compromiso de todos\u201d, el tema principal a tratar ha sido como logramos, \u00a0y como buscamos disminuir los consumos, muchas veces desperdiciados indiscriminadamente en el hogar o empresa\u201d. A\u00f1adi\u00f3 Martha Vivas.<\/p>\n<p>Las tem\u00e1ticas del taller y las preguntas de reflexi\u00f3n estuvieron orientadas a que los asistentes pudieran tener e implementar buenas pr\u00e1cticas medioambientales, las cuales \u00a0deben ser asumidas por la empresa o jefes del hogar y ser entendida por sus empleados previamente.<\/p>\n<p>Adem\u00e1s reducir el consumo y el costo de los recursos (agua, energ\u00eda el\u00e9ctrica y vida \u00fatil de los equipos, disminuir la cantidad de residuos producidos y facilitar su reutilizaci\u00f3n, reducir las emisiones a la atm\u00f3sfera, los ruidos y los vertidos de aguas, y mejorar la competitividad en el caso de las empresas.<\/p>\n<p>En el evento hablaron representaci\u00f3n del grupo Top Nanas, Larrisa Gonz\u00e1lez y Emily Guerrero afirmaron que estos encuentros seguir\u00e1n realiz\u00e1ndose\u00a0 para\u00a0 garantizar\u00e1 a \u00a0los interesados el acceso a la formaci\u00f3n necesaria de las familias dominicanas, a fin de que puedan optimizar las labores y servicios dom\u00e9sticos.<\/p>\n<p>Las ejecutivas sostuvieron que el pr\u00f3ximo paso es continuar con el compromiso de seguir orientando a las familias\u00a0 y clientes, \u00a0empleados \u00a0apoy\u00e1ndoles a continuar\u00a0 realizando un\u00a0 buen uso de la energ\u00eda y el reciclaje responsable. El \u00a0Grupo Alfra, empresa especialista en soluciones de energ\u00eda renovable, fotovoltaica, e\u00f3lica, eficiencia energ\u00e9tica, mantenimientos de instalaciones, y mientras que la Top Nanas, es una \u00a0marca que se\u00a0\u00a0 dedicada a proveer personal integral para el hogar y empresas.<\/p>\n","protected":false},"excerpt":{"rendered":"<p>El Grupo Alfra\u00a0 en coordinaci\u00f3n con la empresa Top Nanas\u00a0 realiz\u00f3 un taller para resaltar la importancia del ahorro y uso eficiente de la energ\u00eda el\u00e9ctrica, \u00a0y el agua como tambi\u00e9n dar conocer las reglas de las 6R\u00b4s y su \u00a0aplicaci\u00f3n \u00a0a las actividades de la vida diaria. El encuentro celebrado en las oficinas de &hellip;<\/p>\n","protected":false},"author":2,"featured_media":20013,"comment_status":"open","ping_status":"open","sticky":false,"template":"","format":"standard","meta":{"footnotes":""},"categories":[34],"tags":[],"class_list":["post-20012","post","type-post","status-publish","format-standard","has-post-thumbnail","hentry","category-articulos"],"yoast_head":"<!-- This site is optimized with the Yoast SEO Premium plugin v24.2 (Yoast SEO v27.1.1) - https:\/\/yoast.com\/product\/yoast-seo-premium-wordpress\/ -->\n<title>Empresas a favor de medio ambiente educan sobre ahorro, uso de energ\u00eda el\u00e9ctrica y reciclaje - Tabernaculo Prensa de Dios<\/title>\n<meta name=\"robots\" content=\"index, follow, max-snippet:-1, max-image-preview:large, max-video-preview:-1\" \/>\n<link rel=\"canonical\" href=\"https:\/\/tabernaculoprensadedios.com\/web\/empresas-a-favor-de-medio-ambiente-educan-sobre-ahorro-uso-de-energia-electrica-y-reciclaje\/\" class=\"yoast-seo-meta-tag\" \/>\n<meta property=\"og:locale\" content=\"es_ES\" class=\"yoast-seo-meta-tag\" \/>\n<meta property=\"og:type\" content=\"article\" class=\"yoast-seo-meta-tag\" \/>\n<meta property=\"og:title\" content=\"Empresas a favor de medio ambiente educan sobre ahorro, uso de energ\u00eda el\u00e9ctrica y reciclaje\" class=\"yoast-seo-meta-tag\" \/>\n<meta property=\"og:description\" content=\"El Grupo Alfra\u00a0 en coordinaci\u00f3n con la empresa Top Nanas\u00a0 realiz\u00f3 un taller para resaltar la importancia del ahorro y uso eficiente de la energ\u00eda el\u00e9ctrica, \u00a0y el agua como tambi\u00e9n dar conocer las reglas de las 6R\u00b4s y su \u00a0aplicaci\u00f3n \u00a0a las actividades de la vida diaria. El encuentro celebrado en las oficinas de &hellip;\" class=\"yoast-seo-meta-tag\" \/>\n<meta property=\"og:url\" content=\"https:\/\/tabernaculoprensadedios.com\/web\/empresas-a-favor-de-medio-ambiente-educan-sobre-ahorro-uso-de-energia-electrica-y-reciclaje\/\" class=\"yoast-seo-meta-tag\" \/>\n<meta property=\"og:site_name\" content=\"Tabernaculo Prensa de Dios\" class=\"yoast-seo-meta-tag\" \/>\n<meta property=\"article:published_time\" content=\"2020-10-26T22:06:12+00:00\" class=\"yoast-seo-meta-tag\" \/>\n<meta property=\"article:modified_time\" content=\"2020-10-26T23:24:38+00:00\" class=\"yoast-seo-meta-tag\" \/>\n<meta property=\"og:image\" content=\"https:\/\/tabernaculoprensadedios.com\/web\/wp-content\/uploads\/2020\/10\/mujeres-se-capacitan.jpeg\" class=\"yoast-seo-meta-tag\" \/>\n\t<meta property=\"og:image:width\" content=\"1280\" class=\"yoast-seo-meta-tag\" \/>\n\t<meta property=\"og:image:height\" content=\"537\" class=\"yoast-seo-meta-tag\" \/>\n\t<meta property=\"og:image:type\" content=\"image\/jpeg\" class=\"yoast-seo-meta-tag\" \/>\n<meta name=\"author\" content=\"Malga\" class=\"yoast-seo-meta-tag\" \/>\n<meta name=\"twitter:card\" content=\"summary_large_image\" class=\"yoast-seo-meta-tag\" \/>\n<meta name=\"twitter:creator\" content=\"@PrensadeDios\" class=\"yoast-seo-meta-tag\" \/>\n<meta name=\"twitter:site\" content=\"@PrensadeDios\" class=\"yoast-seo-meta-tag\" \/>\n<meta name=\"twitter:label1\" content=\"Escrito por\" class=\"yoast-seo-meta-tag\" \/>\n\t<meta name=\"twitter:data1\" content=\"Malga\" class=\"yoast-seo-meta-tag\" \/>\n\t<meta name=\"twitter:label2\" content=\"Tiempo de lectura\" class=\"yoast-seo-meta-tag\" \/>\n\t<meta name=\"twitter:data2\" content=\"2 minutos\" class=\"yoast-seo-meta-tag\" \/>\n<script type=\"application\/ld+json\" class=\"yoast-schema-graph\">{\"@context\":\"https:\/\/schema.org\",\"@graph\":[{\"@type\":\"Article\",\"@id\":\"https:\/\/tabernaculoprensadedios.com\/web\/empresas-a-favor-de-medio-ambiente-educan-sobre-ahorro-uso-de-energia-electrica-y-reciclaje\/#article\",\"isPartOf\":{\"@id\":\"https:\/\/tabernaculoprensadedios.com\/web\/empresas-a-favor-de-medio-ambiente-educan-sobre-ahorro-uso-de-energia-electrica-y-reciclaje\/\"},\"author\":{\"name\":\"Malga\",\"@id\":\"https:\/\/tabernaculoprensadedios.com\/web\/#\/schema\/person\/64ae3a8b2e245c8b8652b1294ca1860a\"},\"headline\":\"Empresas a favor de medio ambiente educan sobre ahorro, uso de energ\u00eda el\u00e9ctrica y reciclaje\",\"datePublished\":\"2020-10-26T22:06:12+00:00\",\"dateModified\":\"2020-10-26T23:24:38+00:00\",\"mainEntityOfPage\":{\"@id\":\"https:\/\/tabernaculoprensadedios.com\/web\/empresas-a-favor-de-medio-ambiente-educan-sobre-ahorro-uso-de-energia-electrica-y-reciclaje\/\"},\"wordCount\":461,\"commentCount\":0,\"publisher\":{\"@id\":\"https:\/\/tabernaculoprensadedios.com\/web\/#\/schema\/person\/bc0e069fef56b38e177db6f098ae0b6e\"},\"image\":{\"@id\":\"https:\/\/tabernaculoprensadedios.com\/web\/empresas-a-favor-de-medio-ambiente-educan-sobre-ahorro-uso-de-energia-electrica-y-reciclaje\/#primaryimage\"},\"thumbnailUrl\":\"https:\/\/tabernaculoprensadedios.com\/web\/wp-content\/uploads\/2020\/10\/mujeres-se-capacitan.jpeg\",\"articleSection\":[\"Articulos\"],\"inLanguage\":\"es\",\"potentialAction\":[{\"@type\":\"CommentAction\",\"name\":\"Comment\",\"target\":[\"https:\/\/tabernaculoprensadedios.com\/web\/empresas-a-favor-de-medio-ambiente-educan-sobre-ahorro-uso-de-energia-electrica-y-reciclaje\/#respond\"]}]},{\"@type\":\"WebPage\",\"@id\":\"https:\/\/tabernaculoprensadedios.com\/web\/empresas-a-favor-de-medio-ambiente-educan-sobre-ahorro-uso-de-energia-electrica-y-reciclaje\/\",\"url\":\"https:\/\/tabernaculoprensadedios.com\/web\/empresas-a-favor-de-medio-ambiente-educan-sobre-ahorro-uso-de-energia-electrica-y-reciclaje\/\",\"name\":\"Empresas a favor de medio ambiente educan sobre ahorro, uso de energ\u00eda el\u00e9ctrica y reciclaje - Tabernaculo Prensa de Dios\",\"isPartOf\":{\"@id\":\"https:\/\/tabernaculoprensadedios.com\/web\/#website\"},\"primaryImageOfPage\":{\"@id\":\"https:\/\/tabernaculoprensadedios.com\/web\/empresas-a-favor-de-medio-ambiente-educan-sobre-ahorro-uso-de-energia-electrica-y-reciclaje\/#primaryimage\"},\"image\":{\"@id\":\"https:\/\/tabernaculoprensadedios.com\/web\/empresas-a-favor-de-medio-ambiente-educan-sobre-ahorro-uso-de-energia-electrica-y-reciclaje\/#primaryimage\"},\"thumbnailUrl\":\"https:\/\/tabernaculoprensadedios.com\/web\/wp-content\/uploads\/2020\/10\/mujeres-se-capacitan.jpeg\",\"datePublished\":\"2020-10-26T22:06:12+00:00\",\"dateModified\":\"2020-10-26T23:24:38+00:00\",\"breadcrumb\":{\"@id\":\"https:\/\/tabernaculoprensadedios.com\/web\/empresas-a-favor-de-medio-ambiente-educan-sobre-ahorro-uso-de-energia-electrica-y-reciclaje\/#breadcrumb\"},\"inLanguage\":\"es\",\"potentialAction\":[{\"@type\":\"ReadAction\",\"target\":[\"https:\/\/tabernaculoprensadedios.com\/web\/empresas-a-favor-de-medio-ambiente-educan-sobre-ahorro-uso-de-energia-electrica-y-reciclaje\/\"]}]},{\"@type\":\"ImageObject\",\"inLanguage\":\"es\",\"@id\":\"https:\/\/tabernaculoprensadedios.com\/web\/empresas-a-favor-de-medio-ambiente-educan-sobre-ahorro-uso-de-energia-electrica-y-reciclaje\/#primaryimage\",\"url\":\"https:\/\/tabernaculoprensadedios.com\/web\/wp-content\/uploads\/2020\/10\/mujeres-se-capacitan.jpeg\",\"contentUrl\":\"https:\/\/tabernaculoprensadedios.com\/web\/wp-content\/uploads\/2020\/10\/mujeres-se-capacitan.jpeg\",\"width\":1280,\"height\":537},{\"@type\":\"BreadcrumbList\",\"@id\":\"https:\/\/tabernaculoprensadedios.com\/web\/empresas-a-favor-de-medio-ambiente-educan-sobre-ahorro-uso-de-energia-electrica-y-reciclaje\/#breadcrumb\",\"itemListElement\":[{\"@type\":\"ListItem\",\"position\":1,\"name\":\"Portada\",\"item\":\"https:\/\/tabernaculoprensadedios.com\/web\/\"},{\"@type\":\"ListItem\",\"position\":2,\"name\":\"Empresas a favor de medio ambiente educan sobre ahorro, uso de energ\u00eda el\u00e9ctrica y reciclaje\"}]},{\"@type\":\"WebSite\",\"@id\":\"https:\/\/tabernaculoprensadedios.com\/web\/#website\",\"url\":\"https:\/\/tabernaculoprensadedios.com\/web\/\",\"name\":\"Tabernaculo Prensa de Dios\",\"description\":\"Un medio a la manera de Dios\",\"publisher\":{\"@id\":\"https:\/\/tabernaculoprensadedios.com\/web\/#\/schema\/person\/bc0e069fef56b38e177db6f098ae0b6e\"},\"potentialAction\":[{\"@type\":\"SearchAction\",\"target\":{\"@type\":\"EntryPoint\",\"urlTemplate\":\"https:\/\/tabernaculoprensadedios.com\/web\/?s={search_term_string}\"},\"query-input\":{\"@type\":\"PropertyValueSpecification\",\"valueRequired\":true,\"valueName\":\"search_term_string\"}}],\"inLanguage\":\"es\"},{\"@type\":[\"Person\",\"Organization\"],\"@id\":\"https:\/\/tabernaculoprensadedios.com\/web\/#\/schema\/person\/bc0e069fef56b38e177db6f098ae0b6e\",\"name\":\"tabernaculo\",\"image\":{\"@type\":\"ImageObject\",\"inLanguage\":\"es\",\"@id\":\"https:\/\/tabernaculoprensadedios.com\/web\/#\/schema\/person\/image\/\",\"url\":\"https:\/\/tabernaculoprensadedios.com\/web\/wp-content\/uploads\/2015\/06\/login-logo1.png\",\"contentUrl\":\"https:\/\/tabernaculoprensadedios.com\/web\/wp-content\/uploads\/2015\/06\/login-logo1.png\",\"width\":300,\"height\":118,\"caption\":\"tabernaculo\"},\"logo\":{\"@id\":\"https:\/\/tabernaculoprensadedios.com\/web\/#\/schema\/person\/image\/\"}},{\"@type\":\"Person\",\"@id\":\"https:\/\/tabernaculoprensadedios.com\/web\/#\/schema\/person\/64ae3a8b2e245c8b8652b1294ca1860a\",\"name\":\"Malga\",\"image\":{\"@type\":\"ImageObject\",\"inLanguage\":\"es\",\"@id\":\"https:\/\/tabernaculoprensadedios.com\/web\/#\/schema\/person\/image\/\",\"url\":\"\/\/www.gravatar.com\/avatar\/b06041ad78a6d3dd6b8d5ebf9704448e?s=96&#038;r=g&#038;d=mm\",\"contentUrl\":\"\/\/www.gravatar.com\/avatar\/b06041ad78a6d3dd6b8d5ebf9704448e?s=96&#038;r=g&#038;d=mm\",\"caption\":\"Malga\"},\"url\":\"https:\/\/tabernaculoprensadedios.com\/web\/author\/malga\/\"}]}<\/script>\n<!-- \/ Yoast SEO Premium plugin. -->","yoast_head_json":{"title":"Empresas a favor de medio ambiente educan sobre ahorro, uso de energ\u00eda el\u00e9ctrica y reciclaje - Tabernaculo Prensa de Dios","robots":{"index":"index","follow":"follow","max-snippet":"max-snippet:-1","max-image-preview":"max-image-preview:large","max-video-preview":"max-video-preview:-1"},"canonical":"https:\/\/tabernaculoprensadedios.com\/web\/empresas-a-favor-de-medio-ambiente-educan-sobre-ahorro-uso-de-energia-electrica-y-reciclaje\/","og_locale":"es_ES","og_type":"article","og_title":"Empresas a favor de medio ambiente educan sobre ahorro, uso de energ\u00eda el\u00e9ctrica y reciclaje","og_description":"El Grupo Alfra\u00a0 en coordinaci\u00f3n con la empresa Top Nanas\u00a0 realiz\u00f3 un taller para resaltar la importancia del ahorro y uso eficiente de la energ\u00eda el\u00e9ctrica, \u00a0y el agua como tambi\u00e9n dar conocer las reglas de las 6R\u00b4s y su \u00a0aplicaci\u00f3n \u00a0a las actividades de la vida diaria. El encuentro celebrado en las oficinas de &hellip;","og_url":"https:\/\/tabernaculoprensadedios.com\/web\/empresas-a-favor-de-medio-ambiente-educan-sobre-ahorro-uso-de-energia-electrica-y-reciclaje\/","og_site_name":"Tabernaculo Prensa de Dios","article_published_time":"2020-10-26T22:06:12+00:00","article_modified_time":"2020-10-26T23:24:38+00:00","og_image":[{"width":1280,"height":537,"url":"https:\/\/tabernaculoprensadedios.com\/web\/wp-content\/uploads\/2020\/10\/mujeres-se-capacitan.jpeg","type":"image\/jpeg"}],"author":"Malga","twitter_card":"summary_large_image","twitter_creator":"@PrensadeDios","twitter_site":"@PrensadeDios","twitter_misc":{"Escrito por":"Malga","Tiempo de lectura":"2 minutos"},"schema":{"@context":"https:\/\/schema.org","@graph":[{"@type":"Article","@id":"https:\/\/tabernaculoprensadedios.com\/web\/empresas-a-favor-de-medio-ambiente-educan-sobre-ahorro-uso-de-energia-electrica-y-reciclaje\/#article","isPartOf":{"@id":"https:\/\/tabernaculoprensadedios.com\/web\/empresas-a-favor-de-medio-ambiente-educan-sobre-ahorro-uso-de-energia-electrica-y-reciclaje\/"},"author":{"name":"Malga","@id":"https:\/\/tabernaculoprensadedios.com\/web\/#\/schema\/person\/64ae3a8b2e245c8b8652b1294ca1860a"},"headline":"Empresas a favor de medio ambiente educan sobre ahorro, uso de energ\u00eda el\u00e9ctrica y reciclaje","datePublished":"2020-10-26T22:06:12+00:00","dateModified":"2020-10-26T23:24:38+00:00","mainEntityOfPage":{"@id":"https:\/\/tabernaculoprensadedios.com\/web\/empresas-a-favor-de-medio-ambiente-educan-sobre-ahorro-uso-de-energia-electrica-y-reciclaje\/"},"wordCount":461,"commentCount":0,"publisher":{"@id":"https:\/\/tabernaculoprensadedios.com\/web\/#\/schema\/person\/bc0e069fef56b38e177db6f098ae0b6e"},"image":{"@id":"https:\/\/tabernaculoprensadedios.com\/web\/empresas-a-favor-de-medio-ambiente-educan-sobre-ahorro-uso-de-energia-electrica-y-reciclaje\/#primaryimage"},"thumbnailUrl":"https:\/\/tabernaculoprensadedios.com\/web\/wp-content\/uploads\/2020\/10\/mujeres-se-capacitan.jpeg","articleSection":["Articulos"],"inLanguage":"es","potentialAction":[{"@type":"CommentAction","name":"Comment","target":["https:\/\/tabernaculoprensadedios.com\/web\/empresas-a-favor-de-medio-ambiente-educan-sobre-ahorro-uso-de-energia-electrica-y-reciclaje\/#respond"]}]},{"@type":"WebPage","@id":"https:\/\/tabernaculoprensadedios.com\/web\/empresas-a-favor-de-medio-ambiente-educan-sobre-ahorro-uso-de-energia-electrica-y-reciclaje\/","url":"https:\/\/tabernaculoprensadedios.com\/web\/empresas-a-favor-de-medio-ambiente-educan-sobre-ahorro-uso-de-energia-electrica-y-reciclaje\/","name":"Empresas a favor de medio ambiente educan sobre ahorro, uso de energ\u00eda el\u00e9ctrica y reciclaje - Tabernaculo Prensa de Dios","isPartOf":{"@id":"https:\/\/tabernaculoprensadedios.com\/web\/#website"},"primaryImageOfPage":{"@id":"https:\/\/tabernaculoprensadedios.com\/web\/empresas-a-favor-de-medio-ambiente-educan-sobre-ahorro-uso-de-energia-electrica-y-reciclaje\/#primaryimage"},"image":{"@id":"https:\/\/tabernaculoprensadedios.com\/web\/empresas-a-favor-de-medio-ambiente-educan-sobre-ahorro-uso-de-energia-electrica-y-reciclaje\/#primaryimage"},"thumbnailUrl":"https:\/\/tabernaculoprensadedios.com\/web\/wp-content\/uploads\/2020\/10\/mujeres-se-capacitan.jpeg","datePublished":"2020-10-26T22:06:12+00:00","dateModified":"2020-10-26T23:24:38+00:00","breadcrumb":{"@id":"https:\/\/tabernaculoprensadedios.com\/web\/empresas-a-favor-de-medio-ambiente-educan-sobre-ahorro-uso-de-energia-electrica-y-reciclaje\/#breadcrumb"},"inLanguage":"es","potentialAction":[{"@type":"ReadAction","target":["https:\/\/tabernaculoprensadedios.com\/web\/empresas-a-favor-de-medio-ambiente-educan-sobre-ahorro-uso-de-energia-electrica-y-reciclaje\/"]}]},{"@type":"ImageObject","inLanguage":"es","@id":"https:\/\/tabernaculoprensadedios.com\/web\/empresas-a-favor-de-medio-ambiente-educan-sobre-ahorro-uso-de-energia-electrica-y-reciclaje\/#primaryimage","url":"https:\/\/tabernaculoprensadedios.com\/web\/wp-content\/uploads\/2020\/10\/mujeres-se-capacitan.jpeg","contentUrl":"https:\/\/tabernaculoprensadedios.com\/web\/wp-content\/uploads\/2020\/10\/mujeres-se-capacitan.jpeg","width":1280,"height":537},{"@type":"BreadcrumbList","@id":"https:\/\/tabernaculoprensadedios.com\/web\/empresas-a-favor-de-medio-ambiente-educan-sobre-ahorro-uso-de-energia-electrica-y-reciclaje\/#breadcrumb","itemListElement":[{"@type":"ListItem","position":1,"name":"Portada","item":"https:\/\/tabernaculoprensadedios.com\/web\/"},{"@type":"ListItem","position":2,"name":"Empresas a favor de medio ambiente educan sobre ahorro, uso de energ\u00eda el\u00e9ctrica y reciclaje"}]},{"@type":"WebSite","@id":"https:\/\/tabernaculoprensadedios.com\/web\/#website","url":"https:\/\/tabernaculoprensadedios.com\/web\/","name":"Tabernaculo Prensa de Dios","description":"Un medio a la manera de Dios","publisher":{"@id":"https:\/\/tabernaculoprensadedios.com\/web\/#\/schema\/person\/bc0e069fef56b38e177db6f098ae0b6e"},"potentialAction":[{"@type":"SearchAction","target":{"@type":"EntryPoint","urlTemplate":"https:\/\/tabernaculoprensadedios.com\/web\/?s={search_term_string}"},"query-input":{"@type":"PropertyValueSpecification","valueRequired":true,"valueName":"search_term_string"}}],"inLanguage":"es"},{"@type":["Person","Organization"],"@id":"https:\/\/tabernaculoprensadedios.com\/web\/#\/schema\/person\/bc0e069fef56b38e177db6f098ae0b6e","name":"tabernaculo","image":{"@type":"ImageObject","inLanguage":"es","@id":"https:\/\/tabernaculoprensadedios.com\/web\/#\/schema\/person\/image\/","url":"https:\/\/tabernaculoprensadedios.com\/web\/wp-content\/uploads\/2015\/06\/login-logo1.png","contentUrl":"https:\/\/tabernaculoprensadedios.com\/web\/wp-content\/uploads\/2015\/06\/login-logo1.png","width":300,"height":118,"caption":"tabernaculo"},"logo":{"@id":"https:\/\/tabernaculoprensadedios.com\/web\/#\/schema\/person\/image\/"}},{"@type":"Person","@id":"https:\/\/tabernaculoprensadedios.com\/web\/#\/schema\/person\/64ae3a8b2e245c8b8652b1294ca1860a","name":"Malga","image":{"@type":"ImageObject","inLanguage":"es","@id":"https:\/\/tabernaculoprensadedios.com\/web\/#\/schema\/person\/image\/","url":"\/\/www.gravatar.com\/avatar\/b06041ad78a6d3dd6b8d5ebf9704448e?s=96&#038;r=g&#038;d=mm","contentUrl":"\/\/www.gravatar.com\/avatar\/b06041ad78a6d3dd6b8d5ebf9704448e?s=96&#038;r=g&#038;d=mm","caption":"Malga"},"url":"https:\/\/tabernaculoprensadedios.com\/web\/author\/malga\/"}]}},"_links":{"self":[{"href":"https:\/\/tabernaculoprensadedios.com\/web\/wp-json\/wp\/v2\/posts\/20012","targetHints":{"allow":["GET"]}}],"collection":[{"href":"https:\/\/tabernaculoprensadedios.com\/web\/wp-json\/wp\/v2\/posts"}],"about":[{"href":"https:\/\/tabernaculoprensadedios.com\/web\/wp-json\/wp\/v2\/types\/post"}],"author":[{"embeddable":true,"href":"https:\/\/tabernaculoprensadedios.com\/web\/wp-json\/wp\/v2\/users\/2"}],"replies":[{"embeddable":true,"href":"https:\/\/tabernaculoprensadedios.com\/web\/wp-json\/wp\/v2\/comments?post=20012"}],"version-history":[{"count":1,"href":"https:\/\/tabernaculoprensadedios.com\/web\/wp-json\/wp\/v2\/posts\/20012\/revisions"}],"predecessor-version":[{"id":20014,"href":"https:\/\/tabernaculoprensadedios.com\/web\/wp-json\/wp\/v2\/posts\/20012\/revisions\/20014"}],"wp:featuredmedia":[{"embeddable":true,"href":"https:\/\/tabernaculoprensadedios.com\/web\/wp-json\/wp\/v2\/media\/20013"}],"wp:attachment":[{"href":"https:\/\/tabernaculoprensadedios.com\/web\/wp-json\/wp\/v2\/media?parent=20012"}],"wp:term":[{"taxonomy":"category","embeddable":true,"href":"https:\/\/tabernaculoprensadedios.com\/web\/wp-json\/wp\/v2\/categories?post=20012"},{"taxonomy":"post_tag","embeddable":true,"href":"https:\/\/tabernaculoprensadedios.com\/web\/wp-json\/wp\/v2\/tags?post=20012"}],"curies":[{"name":"wp","href":"https:\/\/api.w.org\/{rel}","templated":true}]}}