{"id":19982,"date":"2020-10-25T03:03:17","date_gmt":"2020-10-25T03:03:17","guid":{"rendered":"http:\/\/tabernaculoprensadedios.com\/web\/?p=19982"},"modified":"2020-10-25T04:15:37","modified_gmt":"2020-10-25T04:15:37","slug":"como-es-que-no-distinguimos-este-tiempo","status":"publish","type":"post","link":"https:\/\/tabernaculoprensadedios.com\/web\/como-es-que-no-distinguimos-este-tiempo\/","title":{"rendered":"\u00bfC\u00f3mo es que no distinguimos este tiempo?"},"content":{"rendered":"<p>Nuestro Se\u00f1or Jesucristo les reprocho a la multitud que le segu\u00eda que pod\u00edan distinguir el aspecto del cielo y de la tierra para saber si llover\u00eda o si har\u00e1 calor, pero no pod\u00edan distinguir que hab\u00eda llegado el tiempo de la manifestaci\u00f3n de Dios a su pueblo por medio de la llegada de su Mes\u00edas prometido, el tiempo del cual los profetas les hab\u00edan hablado hab\u00eda llegado, las se\u00f1ales se estaban cumpliendo frente a sus ojos, y aun as\u00ed no distinguieron el tiempo. Mateo 12-54-56-<\/p>\n<p>Para nuestro Se\u00f1or Jesucristo fue tan triste que su pueblo no pudiera distinguir ese tiempo, que podemos leer en uno de los vers\u00edculos m\u00e1s tristes de toda la Biblia que Jes\u00fas llor\u00f3 al contemplar Jerusal\u00e9n porque no conocieron el tiempo de su visitaci\u00f3n <strong>(Lucas 19:41-44) <\/strong><strong><em>Y cuando lleg\u00f3 cerca de la ciudad, al verla, llor\u00f3 sobre ella, 42 diciendo: !!Oh, si tambi\u00e9n t\u00fa conocieses, a lo menos en este tu d\u00eda, \u00a1lo que es para tu paz! Mas ahora est\u00e1 encubierto de tus ojos.43 Porque vendr\u00e1n d\u00edas sobre ti, cuando tus enemigos te rodear\u00e1n con vallado, y te sitiar\u00e1n, y por todas partes te estrechar\u00e1n,44 y te derribar\u00e1n a tierra, y a tus hijos dentro de ti, y no dejar\u00e1n en ti piedra sobre piedra, por cuanto no conociste el tiempo de tu visitaci\u00f3n.<\/em><\/strong><\/p>\n<p>Si trasladamos estos textos a la actualidad podemos darnos cuenta que estamos viviendo tiempos que no podemos dejar de distinguir, el tiempo de la venida del Se\u00f1or est\u00e1 m\u00e1s cerca, estamos viendo una pandemia, la palabra de Dios lo llama pestes, estamos viendo guerras y rumores de guerra, conflictos sociales, vemos a Israel firmando tratados de paz con pa\u00edses musulmanes, la violencia y la inmoralidad llegando a niveles que nunca hab\u00edamos visto.<\/p>\n<p>Entonces \u00bfC\u00f3mo es que no distinguimos este tiempo? Reconozcamos entonces por medio de la palabra de Dios que tiempos son estos que estamos viviendo:<\/p>\n<p><strong>I) ES TIEMPO DE ESTAR A CUENTAS CON DIOS (ISA\u00cdAS 1:18)<\/strong> <strong><em>Venid luego, dice Jehov\u00e1, y estemos a cuenta: si vuestros pecados fueren como la grana, como la nieve ser\u00e1n emblanquecidos; si fueren rojos como el carmes\u00ed, vendr\u00e1n a ser como blanca lana.<\/em><\/strong> Si algo es importante en este tiempo es estar a cuentas con el Se\u00f1or, es decir estar en paz con \u00e9l, esto nos quita todo temor, podemos sentirnos confiados que pase lo que pase en el mundo nosotros ya no somos enemigos de Dios sino sus hijos.<\/p>\n<p><strong>II) ES TIEMPO DE BUSCAR M\u00c1S DE DIOS (AMOS 5:4)<\/strong> <strong><em>Pero as\u00ed dice Jehov\u00e1 a la casa de Israel: Buscadme, y vivir\u00e9is<\/em><\/strong>; En este tiempo que todos estamos caminando en el valle de sombra de muerte esta es una promesa preciosa para nuestra vida, hay vida para los que buscan al Se\u00f1or, tenemos que tener claro que, en los caminos del mundo, lejos del Se\u00f1or, no hay vida, ni esperanza, ni sanidad ni bendici\u00f3n, <strong>NO TENEMOS QUE APARTARNOS DEL CAMINO DEL SE\u00d1OR.\u00a0<\/strong><\/p>\n<p><strong>III) ES TIEMPO DE VOLVER A LOS CAMINOS DEL SE\u00d1OR (AMOS 4:6-9) 6 <em>Os hice estar a diente limpio en todas vuestras ciudades, y hubo falta de pan en todos vuestros pueblos; mas no os volvisteis a m\u00ed, dice Jehov\u00e1.7 Tambi\u00e9n os detuve la lluvia tres meses antes de la siega; e hice llover sobre una ciudad, y sobre otra ciudad no hice llover; sobre una parte llovi\u00f3, y la parte sobre la cual no llovi\u00f3, se sec\u00f3.8 Y ven\u00edan dos o tres ciudades a una ciudad para beber agua, y no se saciaban; con todo, no os volvisteis a m\u00ed, dice Jehov\u00e1.9 Os her\u00ed con viento solano y con oruga; la langosta devor\u00f3 vuestros muchos huertos y vuestras vi\u00f1as, y vuestros higuerales y vuestros olivares; pero nunca os volvisteis a m\u00ed, dice Jehov\u00e1.<\/em><\/strong> Con todo lo que estamos viviendo en el mundo y todo lo que enfrentamos dia a dia \u00bfQue estamos esperando para volver a los caminos de Dios? Tenemos que comprender que estos tiempos son parte del quiz\u00e1s \u00faltimo gran llamado de Dios para los que no lo han recibido y tambi\u00e9n para todos aquellos que se han apartado de los caminos del Se\u00f1or.<\/p>\n<p><strong>IV) ES TIEMPO DE PREDICAR LA PALABRA DE DIOS (JUAN 4:35) \u00bf<em>No dec\u00eds vosotros: \u00bfA\u00fan faltan cuatro meses para que llegue la siega? He aqu\u00ed os digo: Alzad vuestros ojos y mirad los campos, porque ya est\u00e1n blancos para la siega.<\/em><\/strong> Tenemos que reconocer que todo lo que est\u00e1 ocurriendo en el mundo ha tocado los corazones de muchas personas, y como lo dijo nuestro Se\u00f1or Jesucristo: Los campos est\u00e1n blancos, es tiempo de cosechar, es tiempo de predicar el evangelio, es tiempo de compartir con otros el mensaje de la palabra de Dios, no queda mucho tiempo, Cristo viene pronto.<\/p>\n<p>&nbsp;<\/p>\n","protected":false},"excerpt":{"rendered":"<p>Nuestro Se\u00f1or Jesucristo les reprocho a la multitud que le segu\u00eda que pod\u00edan distinguir el aspecto del cielo y de la tierra para saber si llover\u00eda o si har\u00e1 calor, pero no pod\u00edan distinguir que hab\u00eda llegado el tiempo de la manifestaci\u00f3n de Dios a su pueblo por medio de la llegada de su Mes\u00edas &hellip;<\/p>\n","protected":false},"author":1,"featured_media":19983,"comment_status":"open","ping_status":"open","sticky":false,"template":"","format":"standard","meta":{"footnotes":""},"categories":[38],"tags":[],"class_list":["post-19982","post","type-post","status-publish","format-standard","has-post-thumbnail","hentry","category-principal"],"yoast_head":"<!-- This site is optimized with the Yoast SEO Premium plugin v24.2 (Yoast SEO v27.1.1) - https:\/\/yoast.com\/product\/yoast-seo-premium-wordpress\/ -->\n<title>\u00bfC\u00f3mo es que no distinguimos este tiempo? - Tabernaculo Prensa de Dios<\/title>\n<meta name=\"robots\" content=\"index, follow, max-snippet:-1, max-image-preview:large, max-video-preview:-1\" \/>\n<link rel=\"canonical\" href=\"https:\/\/tabernaculoprensadedios.com\/web\/como-es-que-no-distinguimos-este-tiempo\/\" class=\"yoast-seo-meta-tag\" \/>\n<meta property=\"og:locale\" content=\"es_ES\" class=\"yoast-seo-meta-tag\" \/>\n<meta property=\"og:type\" content=\"article\" class=\"yoast-seo-meta-tag\" \/>\n<meta property=\"og:title\" content=\"\u00bfC\u00f3mo es que no distinguimos este tiempo?\" class=\"yoast-seo-meta-tag\" \/>\n<meta property=\"og:description\" content=\"Nuestro Se\u00f1or Jesucristo les reprocho a la multitud que le segu\u00eda que pod\u00edan distinguir el aspecto del cielo y de la tierra para saber si llover\u00eda o si har\u00e1 calor, pero no pod\u00edan distinguir que hab\u00eda llegado el tiempo de la manifestaci\u00f3n de Dios a su pueblo por medio de la llegada de su Mes\u00edas &hellip;\" class=\"yoast-seo-meta-tag\" \/>\n<meta property=\"og:url\" content=\"https:\/\/tabernaculoprensadedios.com\/web\/como-es-que-no-distinguimos-este-tiempo\/\" class=\"yoast-seo-meta-tag\" \/>\n<meta property=\"og:site_name\" content=\"Tabernaculo Prensa de Dios\" class=\"yoast-seo-meta-tag\" \/>\n<meta property=\"article:published_time\" content=\"2020-10-25T03:03:17+00:00\" class=\"yoast-seo-meta-tag\" \/>\n<meta property=\"article:modified_time\" content=\"2020-10-25T04:15:37+00:00\" class=\"yoast-seo-meta-tag\" \/>\n<meta property=\"og:image\" content=\"https:\/\/tabernaculoprensadedios.com\/web\/wp-content\/uploads\/2020\/10\/tiemposs.jpg\" class=\"yoast-seo-meta-tag\" \/>\n\t<meta property=\"og:image:width\" content=\"1280\" class=\"yoast-seo-meta-tag\" \/>\n\t<meta property=\"og:image:height\" content=\"853\" class=\"yoast-seo-meta-tag\" \/>\n\t<meta property=\"og:image:type\" content=\"image\/jpeg\" class=\"yoast-seo-meta-tag\" \/>\n<meta name=\"author\" content=\"tabernaculo\" class=\"yoast-seo-meta-tag\" \/>\n<meta name=\"twitter:card\" content=\"summary_large_image\" class=\"yoast-seo-meta-tag\" \/>\n<meta name=\"twitter:creator\" content=\"@PrensadeDios\" class=\"yoast-seo-meta-tag\" \/>\n<meta name=\"twitter:site\" content=\"@PrensadeDios\" class=\"yoast-seo-meta-tag\" \/>\n<meta name=\"twitter:label1\" content=\"Escrito por\" class=\"yoast-seo-meta-tag\" \/>\n\t<meta name=\"twitter:data1\" content=\"tabernaculo\" class=\"yoast-seo-meta-tag\" \/>\n\t<meta name=\"twitter:label2\" content=\"Tiempo de lectura\" class=\"yoast-seo-meta-tag\" \/>\n\t<meta name=\"twitter:data2\" content=\"4 minutos\" class=\"yoast-seo-meta-tag\" \/>\n<script type=\"application\/ld+json\" class=\"yoast-schema-graph\">{\"@context\":\"https:\/\/schema.org\",\"@graph\":[{\"@type\":\"Article\",\"@id\":\"https:\/\/tabernaculoprensadedios.com\/web\/como-es-que-no-distinguimos-este-tiempo\/#article\",\"isPartOf\":{\"@id\":\"https:\/\/tabernaculoprensadedios.com\/web\/como-es-que-no-distinguimos-este-tiempo\/\"},\"author\":{\"name\":\"tabernaculo\",\"@id\":\"https:\/\/tabernaculoprensadedios.com\/web\/#\/schema\/person\/bc0e069fef56b38e177db6f098ae0b6e\"},\"headline\":\"\u00bfC\u00f3mo es que no distinguimos este tiempo?\",\"datePublished\":\"2020-10-25T03:03:17+00:00\",\"dateModified\":\"2020-10-25T04:15:37+00:00\",\"mainEntityOfPage\":{\"@id\":\"https:\/\/tabernaculoprensadedios.com\/web\/como-es-que-no-distinguimos-este-tiempo\/\"},\"wordCount\":845,\"commentCount\":0,\"publisher\":{\"@id\":\"https:\/\/tabernaculoprensadedios.com\/web\/#\/schema\/person\/bc0e069fef56b38e177db6f098ae0b6e\"},\"image\":{\"@id\":\"https:\/\/tabernaculoprensadedios.com\/web\/como-es-que-no-distinguimos-este-tiempo\/#primaryimage\"},\"thumbnailUrl\":\"https:\/\/tabernaculoprensadedios.com\/web\/wp-content\/uploads\/2020\/10\/tiemposs.jpg\",\"articleSection\":[\"Principal\"],\"inLanguage\":\"es\",\"potentialAction\":[{\"@type\":\"CommentAction\",\"name\":\"Comment\",\"target\":[\"https:\/\/tabernaculoprensadedios.com\/web\/como-es-que-no-distinguimos-este-tiempo\/#respond\"]}]},{\"@type\":\"WebPage\",\"@id\":\"https:\/\/tabernaculoprensadedios.com\/web\/como-es-que-no-distinguimos-este-tiempo\/\",\"url\":\"https:\/\/tabernaculoprensadedios.com\/web\/como-es-que-no-distinguimos-este-tiempo\/\",\"name\":\"\u00bfC\u00f3mo es que no distinguimos este tiempo? - Tabernaculo Prensa de Dios\",\"isPartOf\":{\"@id\":\"https:\/\/tabernaculoprensadedios.com\/web\/#website\"},\"primaryImageOfPage\":{\"@id\":\"https:\/\/tabernaculoprensadedios.com\/web\/como-es-que-no-distinguimos-este-tiempo\/#primaryimage\"},\"image\":{\"@id\":\"https:\/\/tabernaculoprensadedios.com\/web\/como-es-que-no-distinguimos-este-tiempo\/#primaryimage\"},\"thumbnailUrl\":\"https:\/\/tabernaculoprensadedios.com\/web\/wp-content\/uploads\/2020\/10\/tiemposs.jpg\",\"datePublished\":\"2020-10-25T03:03:17+00:00\",\"dateModified\":\"2020-10-25T04:15:37+00:00\",\"breadcrumb\":{\"@id\":\"https:\/\/tabernaculoprensadedios.com\/web\/como-es-que-no-distinguimos-este-tiempo\/#breadcrumb\"},\"inLanguage\":\"es\",\"potentialAction\":[{\"@type\":\"ReadAction\",\"target\":[\"https:\/\/tabernaculoprensadedios.com\/web\/como-es-que-no-distinguimos-este-tiempo\/\"]}]},{\"@type\":\"ImageObject\",\"inLanguage\":\"es\",\"@id\":\"https:\/\/tabernaculoprensadedios.com\/web\/como-es-que-no-distinguimos-este-tiempo\/#primaryimage\",\"url\":\"https:\/\/tabernaculoprensadedios.com\/web\/wp-content\/uploads\/2020\/10\/tiemposs.jpg\",\"contentUrl\":\"https:\/\/tabernaculoprensadedios.com\/web\/wp-content\/uploads\/2020\/10\/tiemposs.jpg\",\"width\":1280,\"height\":853},{\"@type\":\"BreadcrumbList\",\"@id\":\"https:\/\/tabernaculoprensadedios.com\/web\/como-es-que-no-distinguimos-este-tiempo\/#breadcrumb\",\"itemListElement\":[{\"@type\":\"ListItem\",\"position\":1,\"name\":\"Portada\",\"item\":\"https:\/\/tabernaculoprensadedios.com\/web\/\"},{\"@type\":\"ListItem\",\"position\":2,\"name\":\"\u00bfC\u00f3mo es que no distinguimos este tiempo?\"}]},{\"@type\":\"WebSite\",\"@id\":\"https:\/\/tabernaculoprensadedios.com\/web\/#website\",\"url\":\"https:\/\/tabernaculoprensadedios.com\/web\/\",\"name\":\"Tabernaculo Prensa de Dios\",\"description\":\"Un medio a la manera de Dios\",\"publisher\":{\"@id\":\"https:\/\/tabernaculoprensadedios.com\/web\/#\/schema\/person\/bc0e069fef56b38e177db6f098ae0b6e\"},\"potentialAction\":[{\"@type\":\"SearchAction\",\"target\":{\"@type\":\"EntryPoint\",\"urlTemplate\":\"https:\/\/tabernaculoprensadedios.com\/web\/?s={search_term_string}\"},\"query-input\":{\"@type\":\"PropertyValueSpecification\",\"valueRequired\":true,\"valueName\":\"search_term_string\"}}],\"inLanguage\":\"es\"},{\"@type\":[\"Person\",\"Organization\"],\"@id\":\"https:\/\/tabernaculoprensadedios.com\/web\/#\/schema\/person\/bc0e069fef56b38e177db6f098ae0b6e\",\"name\":\"tabernaculo\",\"image\":{\"@type\":\"ImageObject\",\"inLanguage\":\"es\",\"@id\":\"https:\/\/tabernaculoprensadedios.com\/web\/#\/schema\/person\/image\/\",\"url\":\"https:\/\/tabernaculoprensadedios.com\/web\/wp-content\/uploads\/2015\/06\/login-logo1.png\",\"contentUrl\":\"https:\/\/tabernaculoprensadedios.com\/web\/wp-content\/uploads\/2015\/06\/login-logo1.png\",\"width\":300,\"height\":118,\"caption\":\"tabernaculo\"},\"logo\":{\"@id\":\"https:\/\/tabernaculoprensadedios.com\/web\/#\/schema\/person\/image\/\"},\"url\":\"https:\/\/tabernaculoprensadedios.com\/web\/author\/tabernaculo\/\"}]}<\/script>\n<!-- \/ Yoast SEO Premium plugin. -->","yoast_head_json":{"title":"\u00bfC\u00f3mo es que no distinguimos este tiempo? - Tabernaculo Prensa de Dios","robots":{"index":"index","follow":"follow","max-snippet":"max-snippet:-1","max-image-preview":"max-image-preview:large","max-video-preview":"max-video-preview:-1"},"canonical":"https:\/\/tabernaculoprensadedios.com\/web\/como-es-que-no-distinguimos-este-tiempo\/","og_locale":"es_ES","og_type":"article","og_title":"\u00bfC\u00f3mo es que no distinguimos este tiempo?","og_description":"Nuestro Se\u00f1or Jesucristo les reprocho a la multitud que le segu\u00eda que pod\u00edan distinguir el aspecto del cielo y de la tierra para saber si llover\u00eda o si har\u00e1 calor, pero no pod\u00edan distinguir que hab\u00eda llegado el tiempo de la manifestaci\u00f3n de Dios a su pueblo por medio de la llegada de su Mes\u00edas &hellip;","og_url":"https:\/\/tabernaculoprensadedios.com\/web\/como-es-que-no-distinguimos-este-tiempo\/","og_site_name":"Tabernaculo Prensa de Dios","article_published_time":"2020-10-25T03:03:17+00:00","article_modified_time":"2020-10-25T04:15:37+00:00","og_image":[{"width":1280,"height":853,"url":"https:\/\/tabernaculoprensadedios.com\/web\/wp-content\/uploads\/2020\/10\/tiemposs.jpg","type":"image\/jpeg"}],"author":"tabernaculo","twitter_card":"summary_large_image","twitter_creator":"@PrensadeDios","twitter_site":"@PrensadeDios","twitter_misc":{"Escrito por":"tabernaculo","Tiempo de lectura":"4 minutos"},"schema":{"@context":"https:\/\/schema.org","@graph":[{"@type":"Article","@id":"https:\/\/tabernaculoprensadedios.com\/web\/como-es-que-no-distinguimos-este-tiempo\/#article","isPartOf":{"@id":"https:\/\/tabernaculoprensadedios.com\/web\/como-es-que-no-distinguimos-este-tiempo\/"},"author":{"name":"tabernaculo","@id":"https:\/\/tabernaculoprensadedios.com\/web\/#\/schema\/person\/bc0e069fef56b38e177db6f098ae0b6e"},"headline":"\u00bfC\u00f3mo es que no distinguimos este tiempo?","datePublished":"2020-10-25T03:03:17+00:00","dateModified":"2020-10-25T04:15:37+00:00","mainEntityOfPage":{"@id":"https:\/\/tabernaculoprensadedios.com\/web\/como-es-que-no-distinguimos-este-tiempo\/"},"wordCount":845,"commentCount":0,"publisher":{"@id":"https:\/\/tabernaculoprensadedios.com\/web\/#\/schema\/person\/bc0e069fef56b38e177db6f098ae0b6e"},"image":{"@id":"https:\/\/tabernaculoprensadedios.com\/web\/como-es-que-no-distinguimos-este-tiempo\/#primaryimage"},"thumbnailUrl":"https:\/\/tabernaculoprensadedios.com\/web\/wp-content\/uploads\/2020\/10\/tiemposs.jpg","articleSection":["Principal"],"inLanguage":"es","potentialAction":[{"@type":"CommentAction","name":"Comment","target":["https:\/\/tabernaculoprensadedios.com\/web\/como-es-que-no-distinguimos-este-tiempo\/#respond"]}]},{"@type":"WebPage","@id":"https:\/\/tabernaculoprensadedios.com\/web\/como-es-que-no-distinguimos-este-tiempo\/","url":"https:\/\/tabernaculoprensadedios.com\/web\/como-es-que-no-distinguimos-este-tiempo\/","name":"\u00bfC\u00f3mo es que no distinguimos este tiempo? - Tabernaculo Prensa de Dios","isPartOf":{"@id":"https:\/\/tabernaculoprensadedios.com\/web\/#website"},"primaryImageOfPage":{"@id":"https:\/\/tabernaculoprensadedios.com\/web\/como-es-que-no-distinguimos-este-tiempo\/#primaryimage"},"image":{"@id":"https:\/\/tabernaculoprensadedios.com\/web\/como-es-que-no-distinguimos-este-tiempo\/#primaryimage"},"thumbnailUrl":"https:\/\/tabernaculoprensadedios.com\/web\/wp-content\/uploads\/2020\/10\/tiemposs.jpg","datePublished":"2020-10-25T03:03:17+00:00","dateModified":"2020-10-25T04:15:37+00:00","breadcrumb":{"@id":"https:\/\/tabernaculoprensadedios.com\/web\/como-es-que-no-distinguimos-este-tiempo\/#breadcrumb"},"inLanguage":"es","potentialAction":[{"@type":"ReadAction","target":["https:\/\/tabernaculoprensadedios.com\/web\/como-es-que-no-distinguimos-este-tiempo\/"]}]},{"@type":"ImageObject","inLanguage":"es","@id":"https:\/\/tabernaculoprensadedios.com\/web\/como-es-que-no-distinguimos-este-tiempo\/#primaryimage","url":"https:\/\/tabernaculoprensadedios.com\/web\/wp-content\/uploads\/2020\/10\/tiemposs.jpg","contentUrl":"https:\/\/tabernaculoprensadedios.com\/web\/wp-content\/uploads\/2020\/10\/tiemposs.jpg","width":1280,"height":853},{"@type":"BreadcrumbList","@id":"https:\/\/tabernaculoprensadedios.com\/web\/como-es-que-no-distinguimos-este-tiempo\/#breadcrumb","itemListElement":[{"@type":"ListItem","position":1,"name":"Portada","item":"https:\/\/tabernaculoprensadedios.com\/web\/"},{"@type":"ListItem","position":2,"name":"\u00bfC\u00f3mo es que no distinguimos este tiempo?"}]},{"@type":"WebSite","@id":"https:\/\/tabernaculoprensadedios.com\/web\/#website","url":"https:\/\/tabernaculoprensadedios.com\/web\/","name":"Tabernaculo Prensa de Dios","description":"Un medio a la manera de Dios","publisher":{"@id":"https:\/\/tabernaculoprensadedios.com\/web\/#\/schema\/person\/bc0e069fef56b38e177db6f098ae0b6e"},"potentialAction":[{"@type":"SearchAction","target":{"@type":"EntryPoint","urlTemplate":"https:\/\/tabernaculoprensadedios.com\/web\/?s={search_term_string}"},"query-input":{"@type":"PropertyValueSpecification","valueRequired":true,"valueName":"search_term_string"}}],"inLanguage":"es"},{"@type":["Person","Organization"],"@id":"https:\/\/tabernaculoprensadedios.com\/web\/#\/schema\/person\/bc0e069fef56b38e177db6f098ae0b6e","name":"tabernaculo","image":{"@type":"ImageObject","inLanguage":"es","@id":"https:\/\/tabernaculoprensadedios.com\/web\/#\/schema\/person\/image\/","url":"https:\/\/tabernaculoprensadedios.com\/web\/wp-content\/uploads\/2015\/06\/login-logo1.png","contentUrl":"https:\/\/tabernaculoprensadedios.com\/web\/wp-content\/uploads\/2015\/06\/login-logo1.png","width":300,"height":118,"caption":"tabernaculo"},"logo":{"@id":"https:\/\/tabernaculoprensadedios.com\/web\/#\/schema\/person\/image\/"},"url":"https:\/\/tabernaculoprensadedios.com\/web\/author\/tabernaculo\/"}]}},"_links":{"self":[{"href":"https:\/\/tabernaculoprensadedios.com\/web\/wp-json\/wp\/v2\/posts\/19982","targetHints":{"allow":["GET"]}}],"collection":[{"href":"https:\/\/tabernaculoprensadedios.com\/web\/wp-json\/wp\/v2\/posts"}],"about":[{"href":"https:\/\/tabernaculoprensadedios.com\/web\/wp-json\/wp\/v2\/types\/post"}],"author":[{"embeddable":true,"href":"https:\/\/tabernaculoprensadedios.com\/web\/wp-json\/wp\/v2\/users\/1"}],"replies":[{"embeddable":true,"href":"https:\/\/tabernaculoprensadedios.com\/web\/wp-json\/wp\/v2\/comments?post=19982"}],"version-history":[{"count":2,"href":"https:\/\/tabernaculoprensadedios.com\/web\/wp-json\/wp\/v2\/posts\/19982\/revisions"}],"predecessor-version":[{"id":19985,"href":"https:\/\/tabernaculoprensadedios.com\/web\/wp-json\/wp\/v2\/posts\/19982\/revisions\/19985"}],"wp:featuredmedia":[{"embeddable":true,"href":"https:\/\/tabernaculoprensadedios.com\/web\/wp-json\/wp\/v2\/media\/19983"}],"wp:attachment":[{"href":"https:\/\/tabernaculoprensadedios.com\/web\/wp-json\/wp\/v2\/media?parent=19982"}],"wp:term":[{"taxonomy":"category","embeddable":true,"href":"https:\/\/tabernaculoprensadedios.com\/web\/wp-json\/wp\/v2\/categories?post=19982"},{"taxonomy":"post_tag","embeddable":true,"href":"https:\/\/tabernaculoprensadedios.com\/web\/wp-json\/wp\/v2\/tags?post=19982"}],"curies":[{"name":"wp","href":"https:\/\/api.w.org\/{rel}","templated":true}]}}