{"id":19914,"date":"2020-10-19T21:24:26","date_gmt":"2020-10-19T21:24:26","guid":{"rendered":"http:\/\/tabernaculoprensadedios.com\/web\/?p=19914"},"modified":"2020-10-19T23:10:47","modified_gmt":"2020-10-19T23:10:47","slug":"unev-auspiciara-la-conferencia-internacional-reforma-de-la-mision-en-un-mundo-en-transformacion","status":"publish","type":"post","link":"https:\/\/tabernaculoprensadedios.com\/web\/unev-auspiciara-la-conferencia-internacional-reforma-de-la-mision-en-un-mundo-en-transformacion\/","title":{"rendered":"UNEV auspiciar\u00e1  la conferencia  internacional: \u201cReforma de la misi\u00f3n en un mundo en transformaci\u00f3n\u201d"},"content":{"rendered":"<p><em><a href=\"http:\/\/tabernaculoprensadedios.com\/web\/wp-content\/uploads\/2020\/10\/IMG-20201019-WA0007-1.jpg\"><img loading=\"lazy\" decoding=\"async\" class=\"size-full wp-image-19921 alignleft\" src=\"http:\/\/tabernaculoprensadedios.com\/web\/wp-content\/uploads\/2020\/10\/IMG-20201019-WA0007-1.jpg\" alt=\"\" width=\"720\" height=\"1280\" srcset=\"https:\/\/tabernaculoprensadedios.com\/web\/wp-content\/uploads\/2020\/10\/IMG-20201019-WA0007-1.jpg 720w, https:\/\/tabernaculoprensadedios.com\/web\/wp-content\/uploads\/2020\/10\/IMG-20201019-WA0007-1-600x1067.jpg 600w, https:\/\/tabernaculoprensadedios.com\/web\/wp-content\/uploads\/2020\/10\/IMG-20201019-WA0007-1-169x300.jpg 169w, https:\/\/tabernaculoprensadedios.com\/web\/wp-content\/uploads\/2020\/10\/IMG-20201019-WA0007-1-576x1024.jpg 576w, https:\/\/tabernaculoprensadedios.com\/web\/wp-content\/uploads\/2020\/10\/IMG-20201019-WA0007-1-236x420.jpg 236w, https:\/\/tabernaculoprensadedios.com\/web\/wp-content\/uploads\/2020\/10\/IMG-20201019-WA0007-1-640x1138.jpg 640w, https:\/\/tabernaculoprensadedios.com\/web\/wp-content\/uploads\/2020\/10\/IMG-20201019-WA0007-1-681x1211.jpg 681w\" sizes=\"auto, (max-width: 720px) 100vw, 720px\" \/><\/a>El evento est\u00e1 orientado a celebrar el 503 aniversario de la Reforma Protestante, movimiento religioso cristiano iniciado en Alemania en el siglo XVI por Mart\u00edn Lutero.<\/em><\/p>\n<p>La Universidad Nacional Evang\u00e9lica (UNEV) a trav\u00e9s de su Escuela de Teolog\u00eda\u00a0 estar\u00e1 participando en la \u00a0conferencia\u00a0 internacional: \u201cReforma de la misi\u00f3n en un mundo en transformaci\u00f3n\u201d, un evento acad\u00e9mico para celebrar los 503 a\u00f1os de la Reforma Protestante.<\/p>\n<p><strong>El rector de la Universidad Nacional Evang\u00e9lica, ingeniero Epifanio Gonz\u00e1lez Minaya, hizo un llamado a toda la comunidad cristiana del pa\u00eds a \u00a0participar\u00a0 en este importante evento de gran trascendencia para las entidades educativas y eclesi\u00e1sticas de la naci\u00f3n.<\/strong><\/p>\n<p>La jornada\u00a0 que se desarrollar\u00e1 de manera virtual\u00a0 el\u00a0 s\u00e1bado 31 de octubre, reunir\u00e1 a acad\u00e9micos de Espa\u00f1a, Portugal, Brasil, Colombia, Estados Unidos\u00a0 y la Rep\u00fablica Dominicana para analizar los aportes y beneficios producidos por los reformadores y buscar\u00a0 soluciones de\u00a0 cambios\u00a0 que la iglesia necesita para cumplir su prop\u00f3sito en el mundo.<\/p>\n<h6><em><strong>Las ponencias de apertura estar\u00e1n a cargo de la reverenda Romi Bencke, Secretaria general de del\u00a0 Consejo Nacional\u00a0 de Iglesias Cristianas de Brasil; el doctor Humberto Martin Shikiya, Secretario\u00a0 General de Qonakuy-Universidades Protestantes y Evang\u00e9licas; reverendo Jos\u00e9 Luis Casals, pastor y\u00a0 profesor de la Universidad Reformada de Colombia;\u00a0 la doctora Matilde Moro, profesora de Genero, Sexualidad y Estudios de Mujer de la Universidad de Virginia, Estados Unidos.<\/strong><\/em><\/h6>\n<p>Adem\u00e1s el doctor Israel Flores, Decano de la<strong> \u00a0Facultad de Teolog\u00eda SEUT; la reverenda Sandra Rels, pastora de la Iglesia Presbiteriana, Portugal. La moderaci\u00f3n del evento estar\u00e1 bajo la responsabilidad de Susana S\u00e1nchez,\u00a0 Directora de la Escuela de Teolog\u00eda de la UNEV en la Rep\u00fablica Dominicana y el reverendo Milton Mej\u00eda, Vicerrector de Extensi\u00f3n de la Unireformada de Colombia.<\/strong><\/p>\n<p>El encuentro que es auspiciado por\u00a0 la Universidad Nacional Evang\u00e9lica de Rep\u00fablica Dominicana,\u00a0 Qonakuy, Universidad Reformada de Colombia<strong>,\u00a0 y <\/strong><strong>SEUT, ser\u00e1 trasmitido de manera simult\u00e1nea por las plataformas sociales Facebook Live, y YouTube.<\/strong><\/p>\n","protected":false},"excerpt":{"rendered":"<p>El evento est\u00e1 orientado a celebrar el 503 aniversario de la Reforma Protestante, movimiento religioso cristiano iniciado en Alemania en el siglo XVI por Mart\u00edn Lutero. La Universidad Nacional Evang\u00e9lica (UNEV) a trav\u00e9s de su Escuela de Teolog\u00eda\u00a0 estar\u00e1 participando en la \u00a0conferencia\u00a0 internacional: \u201cReforma de la misi\u00f3n en un mundo en transformaci\u00f3n\u201d, un evento &hellip;<\/p>\n","protected":false},"author":2,"featured_media":19915,"comment_status":"open","ping_status":"open","sticky":false,"template":"","format":"standard","meta":{"footnotes":""},"categories":[34],"tags":[],"class_list":["post-19914","post","type-post","status-publish","format-standard","has-post-thumbnail","hentry","category-articulos"],"yoast_head":"<!-- This site is optimized with the Yoast SEO Premium plugin v24.2 (Yoast SEO v27.1.1) - https:\/\/yoast.com\/product\/yoast-seo-premium-wordpress\/ -->\n<title>UNEV auspiciar\u00e1 la conferencia internacional: \u201cReforma de la misi\u00f3n en un mundo en transformaci\u00f3n\u201d - Tabernaculo Prensa de Dios<\/title>\n<meta name=\"robots\" content=\"index, follow, max-snippet:-1, max-image-preview:large, max-video-preview:-1\" \/>\n<link rel=\"canonical\" href=\"https:\/\/tabernaculoprensadedios.com\/web\/unev-auspiciara-la-conferencia-internacional-reforma-de-la-mision-en-un-mundo-en-transformacion\/\" class=\"yoast-seo-meta-tag\" \/>\n<meta property=\"og:locale\" content=\"es_ES\" class=\"yoast-seo-meta-tag\" \/>\n<meta property=\"og:type\" content=\"article\" class=\"yoast-seo-meta-tag\" \/>\n<meta property=\"og:title\" content=\"UNEV auspiciar\u00e1 la conferencia internacional: \u201cReforma de la misi\u00f3n en un mundo en transformaci\u00f3n\u201d\" class=\"yoast-seo-meta-tag\" \/>\n<meta property=\"og:description\" content=\"El evento est\u00e1 orientado a celebrar el 503 aniversario de la Reforma Protestante, movimiento religioso cristiano iniciado en Alemania en el siglo XVI por Mart\u00edn Lutero. La Universidad Nacional Evang\u00e9lica (UNEV) a trav\u00e9s de su Escuela de Teolog\u00eda\u00a0 estar\u00e1 participando en la \u00a0conferencia\u00a0 internacional: \u201cReforma de la misi\u00f3n en un mundo en transformaci\u00f3n\u201d, un evento &hellip;\" class=\"yoast-seo-meta-tag\" \/>\n<meta property=\"og:url\" content=\"https:\/\/tabernaculoprensadedios.com\/web\/unev-auspiciara-la-conferencia-internacional-reforma-de-la-mision-en-un-mundo-en-transformacion\/\" class=\"yoast-seo-meta-tag\" \/>\n<meta property=\"og:site_name\" content=\"Tabernaculo Prensa de Dios\" class=\"yoast-seo-meta-tag\" \/>\n<meta property=\"article:published_time\" content=\"2020-10-19T21:24:26+00:00\" class=\"yoast-seo-meta-tag\" \/>\n<meta property=\"article:modified_time\" content=\"2020-10-19T23:10:47+00:00\" class=\"yoast-seo-meta-tag\" \/>\n<meta property=\"og:image\" content=\"https:\/\/tabernaculoprensadedios.com\/web\/wp-content\/uploads\/2020\/10\/1477749397.jpg\" class=\"yoast-seo-meta-tag\" \/>\n\t<meta property=\"og:image:width\" content=\"720\" class=\"yoast-seo-meta-tag\" \/>\n\t<meta property=\"og:image:height\" content=\"244\" class=\"yoast-seo-meta-tag\" \/>\n\t<meta property=\"og:image:type\" content=\"image\/jpeg\" class=\"yoast-seo-meta-tag\" \/>\n<meta name=\"author\" content=\"Malga\" class=\"yoast-seo-meta-tag\" \/>\n<meta name=\"twitter:card\" content=\"summary_large_image\" class=\"yoast-seo-meta-tag\" \/>\n<meta name=\"twitter:creator\" content=\"@PrensadeDios\" class=\"yoast-seo-meta-tag\" \/>\n<meta name=\"twitter:site\" content=\"@PrensadeDios\" class=\"yoast-seo-meta-tag\" \/>\n<meta name=\"twitter:label1\" content=\"Escrito por\" class=\"yoast-seo-meta-tag\" \/>\n\t<meta name=\"twitter:data1\" content=\"Malga\" class=\"yoast-seo-meta-tag\" \/>\n\t<meta name=\"twitter:label2\" content=\"Tiempo de lectura\" class=\"yoast-seo-meta-tag\" \/>\n\t<meta name=\"twitter:data2\" content=\"2 minutos\" class=\"yoast-seo-meta-tag\" \/>\n<script type=\"application\/ld+json\" class=\"yoast-schema-graph\">{\"@context\":\"https:\/\/schema.org\",\"@graph\":[{\"@type\":\"Article\",\"@id\":\"https:\/\/tabernaculoprensadedios.com\/web\/unev-auspiciara-la-conferencia-internacional-reforma-de-la-mision-en-un-mundo-en-transformacion\/#article\",\"isPartOf\":{\"@id\":\"https:\/\/tabernaculoprensadedios.com\/web\/unev-auspiciara-la-conferencia-internacional-reforma-de-la-mision-en-un-mundo-en-transformacion\/\"},\"author\":{\"name\":\"Malga\",\"@id\":\"https:\/\/tabernaculoprensadedios.com\/web\/#\/schema\/person\/64ae3a8b2e245c8b8652b1294ca1860a\"},\"headline\":\"UNEV auspiciar\u00e1 la conferencia internacional: \u201cReforma de la misi\u00f3n en un mundo en transformaci\u00f3n\u201d\",\"datePublished\":\"2020-10-19T21:24:26+00:00\",\"dateModified\":\"2020-10-19T23:10:47+00:00\",\"mainEntityOfPage\":{\"@id\":\"https:\/\/tabernaculoprensadedios.com\/web\/unev-auspiciara-la-conferencia-internacional-reforma-de-la-mision-en-un-mundo-en-transformacion\/\"},\"wordCount\":360,\"commentCount\":0,\"publisher\":{\"@id\":\"https:\/\/tabernaculoprensadedios.com\/web\/#\/schema\/person\/bc0e069fef56b38e177db6f098ae0b6e\"},\"image\":{\"@id\":\"https:\/\/tabernaculoprensadedios.com\/web\/unev-auspiciara-la-conferencia-internacional-reforma-de-la-mision-en-un-mundo-en-transformacion\/#primaryimage\"},\"thumbnailUrl\":\"https:\/\/tabernaculoprensadedios.com\/web\/wp-content\/uploads\/2020\/10\/1477749397.jpg\",\"articleSection\":[\"Articulos\"],\"inLanguage\":\"es\",\"potentialAction\":[{\"@type\":\"CommentAction\",\"name\":\"Comment\",\"target\":[\"https:\/\/tabernaculoprensadedios.com\/web\/unev-auspiciara-la-conferencia-internacional-reforma-de-la-mision-en-un-mundo-en-transformacion\/#respond\"]}]},{\"@type\":\"WebPage\",\"@id\":\"https:\/\/tabernaculoprensadedios.com\/web\/unev-auspiciara-la-conferencia-internacional-reforma-de-la-mision-en-un-mundo-en-transformacion\/\",\"url\":\"https:\/\/tabernaculoprensadedios.com\/web\/unev-auspiciara-la-conferencia-internacional-reforma-de-la-mision-en-un-mundo-en-transformacion\/\",\"name\":\"UNEV auspiciar\u00e1 la conferencia internacional: \u201cReforma de la misi\u00f3n en un mundo en transformaci\u00f3n\u201d - Tabernaculo Prensa de Dios\",\"isPartOf\":{\"@id\":\"https:\/\/tabernaculoprensadedios.com\/web\/#website\"},\"primaryImageOfPage\":{\"@id\":\"https:\/\/tabernaculoprensadedios.com\/web\/unev-auspiciara-la-conferencia-internacional-reforma-de-la-mision-en-un-mundo-en-transformacion\/#primaryimage\"},\"image\":{\"@id\":\"https:\/\/tabernaculoprensadedios.com\/web\/unev-auspiciara-la-conferencia-internacional-reforma-de-la-mision-en-un-mundo-en-transformacion\/#primaryimage\"},\"thumbnailUrl\":\"https:\/\/tabernaculoprensadedios.com\/web\/wp-content\/uploads\/2020\/10\/1477749397.jpg\",\"datePublished\":\"2020-10-19T21:24:26+00:00\",\"dateModified\":\"2020-10-19T23:10:47+00:00\",\"breadcrumb\":{\"@id\":\"https:\/\/tabernaculoprensadedios.com\/web\/unev-auspiciara-la-conferencia-internacional-reforma-de-la-mision-en-un-mundo-en-transformacion\/#breadcrumb\"},\"inLanguage\":\"es\",\"potentialAction\":[{\"@type\":\"ReadAction\",\"target\":[\"https:\/\/tabernaculoprensadedios.com\/web\/unev-auspiciara-la-conferencia-internacional-reforma-de-la-mision-en-un-mundo-en-transformacion\/\"]}]},{\"@type\":\"ImageObject\",\"inLanguage\":\"es\",\"@id\":\"https:\/\/tabernaculoprensadedios.com\/web\/unev-auspiciara-la-conferencia-internacional-reforma-de-la-mision-en-un-mundo-en-transformacion\/#primaryimage\",\"url\":\"https:\/\/tabernaculoprensadedios.com\/web\/wp-content\/uploads\/2020\/10\/1477749397.jpg\",\"contentUrl\":\"https:\/\/tabernaculoprensadedios.com\/web\/wp-content\/uploads\/2020\/10\/1477749397.jpg\",\"width\":720,\"height\":244},{\"@type\":\"BreadcrumbList\",\"@id\":\"https:\/\/tabernaculoprensadedios.com\/web\/unev-auspiciara-la-conferencia-internacional-reforma-de-la-mision-en-un-mundo-en-transformacion\/#breadcrumb\",\"itemListElement\":[{\"@type\":\"ListItem\",\"position\":1,\"name\":\"Portada\",\"item\":\"https:\/\/tabernaculoprensadedios.com\/web\/\"},{\"@type\":\"ListItem\",\"position\":2,\"name\":\"UNEV auspiciar\u00e1 la conferencia internacional: \u201cReforma de la misi\u00f3n en un mundo en transformaci\u00f3n\u201d\"}]},{\"@type\":\"WebSite\",\"@id\":\"https:\/\/tabernaculoprensadedios.com\/web\/#website\",\"url\":\"https:\/\/tabernaculoprensadedios.com\/web\/\",\"name\":\"Tabernaculo Prensa de Dios\",\"description\":\"Un medio a la manera de Dios\",\"publisher\":{\"@id\":\"https:\/\/tabernaculoprensadedios.com\/web\/#\/schema\/person\/bc0e069fef56b38e177db6f098ae0b6e\"},\"potentialAction\":[{\"@type\":\"SearchAction\",\"target\":{\"@type\":\"EntryPoint\",\"urlTemplate\":\"https:\/\/tabernaculoprensadedios.com\/web\/?s={search_term_string}\"},\"query-input\":{\"@type\":\"PropertyValueSpecification\",\"valueRequired\":true,\"valueName\":\"search_term_string\"}}],\"inLanguage\":\"es\"},{\"@type\":[\"Person\",\"Organization\"],\"@id\":\"https:\/\/tabernaculoprensadedios.com\/web\/#\/schema\/person\/bc0e069fef56b38e177db6f098ae0b6e\",\"name\":\"tabernaculo\",\"image\":{\"@type\":\"ImageObject\",\"inLanguage\":\"es\",\"@id\":\"https:\/\/tabernaculoprensadedios.com\/web\/#\/schema\/person\/image\/\",\"url\":\"https:\/\/tabernaculoprensadedios.com\/web\/wp-content\/uploads\/2015\/06\/login-logo1.png\",\"contentUrl\":\"https:\/\/tabernaculoprensadedios.com\/web\/wp-content\/uploads\/2015\/06\/login-logo1.png\",\"width\":300,\"height\":118,\"caption\":\"tabernaculo\"},\"logo\":{\"@id\":\"https:\/\/tabernaculoprensadedios.com\/web\/#\/schema\/person\/image\/\"}},{\"@type\":\"Person\",\"@id\":\"https:\/\/tabernaculoprensadedios.com\/web\/#\/schema\/person\/64ae3a8b2e245c8b8652b1294ca1860a\",\"name\":\"Malga\",\"image\":{\"@type\":\"ImageObject\",\"inLanguage\":\"es\",\"@id\":\"https:\/\/tabernaculoprensadedios.com\/web\/#\/schema\/person\/image\/\",\"url\":\"\/\/www.gravatar.com\/avatar\/b06041ad78a6d3dd6b8d5ebf9704448e?s=96&#038;r=g&#038;d=mm\",\"contentUrl\":\"\/\/www.gravatar.com\/avatar\/b06041ad78a6d3dd6b8d5ebf9704448e?s=96&#038;r=g&#038;d=mm\",\"caption\":\"Malga\"},\"url\":\"https:\/\/tabernaculoprensadedios.com\/web\/author\/malga\/\"}]}<\/script>\n<!-- \/ Yoast SEO Premium plugin. -->","yoast_head_json":{"title":"UNEV auspiciar\u00e1 la conferencia internacional: \u201cReforma de la misi\u00f3n en un mundo en transformaci\u00f3n\u201d - Tabernaculo Prensa de Dios","robots":{"index":"index","follow":"follow","max-snippet":"max-snippet:-1","max-image-preview":"max-image-preview:large","max-video-preview":"max-video-preview:-1"},"canonical":"https:\/\/tabernaculoprensadedios.com\/web\/unev-auspiciara-la-conferencia-internacional-reforma-de-la-mision-en-un-mundo-en-transformacion\/","og_locale":"es_ES","og_type":"article","og_title":"UNEV auspiciar\u00e1 la conferencia internacional: \u201cReforma de la misi\u00f3n en un mundo en transformaci\u00f3n\u201d","og_description":"El evento est\u00e1 orientado a celebrar el 503 aniversario de la Reforma Protestante, movimiento religioso cristiano iniciado en Alemania en el siglo XVI por Mart\u00edn Lutero. La Universidad Nacional Evang\u00e9lica (UNEV) a trav\u00e9s de su Escuela de Teolog\u00eda\u00a0 estar\u00e1 participando en la \u00a0conferencia\u00a0 internacional: \u201cReforma de la misi\u00f3n en un mundo en transformaci\u00f3n\u201d, un evento &hellip;","og_url":"https:\/\/tabernaculoprensadedios.com\/web\/unev-auspiciara-la-conferencia-internacional-reforma-de-la-mision-en-un-mundo-en-transformacion\/","og_site_name":"Tabernaculo Prensa de Dios","article_published_time":"2020-10-19T21:24:26+00:00","article_modified_time":"2020-10-19T23:10:47+00:00","og_image":[{"width":720,"height":244,"url":"https:\/\/tabernaculoprensadedios.com\/web\/wp-content\/uploads\/2020\/10\/1477749397.jpg","type":"image\/jpeg"}],"author":"Malga","twitter_card":"summary_large_image","twitter_creator":"@PrensadeDios","twitter_site":"@PrensadeDios","twitter_misc":{"Escrito por":"Malga","Tiempo de lectura":"2 minutos"},"schema":{"@context":"https:\/\/schema.org","@graph":[{"@type":"Article","@id":"https:\/\/tabernaculoprensadedios.com\/web\/unev-auspiciara-la-conferencia-internacional-reforma-de-la-mision-en-un-mundo-en-transformacion\/#article","isPartOf":{"@id":"https:\/\/tabernaculoprensadedios.com\/web\/unev-auspiciara-la-conferencia-internacional-reforma-de-la-mision-en-un-mundo-en-transformacion\/"},"author":{"name":"Malga","@id":"https:\/\/tabernaculoprensadedios.com\/web\/#\/schema\/person\/64ae3a8b2e245c8b8652b1294ca1860a"},"headline":"UNEV auspiciar\u00e1 la conferencia internacional: \u201cReforma de la misi\u00f3n en un mundo en transformaci\u00f3n\u201d","datePublished":"2020-10-19T21:24:26+00:00","dateModified":"2020-10-19T23:10:47+00:00","mainEntityOfPage":{"@id":"https:\/\/tabernaculoprensadedios.com\/web\/unev-auspiciara-la-conferencia-internacional-reforma-de-la-mision-en-un-mundo-en-transformacion\/"},"wordCount":360,"commentCount":0,"publisher":{"@id":"https:\/\/tabernaculoprensadedios.com\/web\/#\/schema\/person\/bc0e069fef56b38e177db6f098ae0b6e"},"image":{"@id":"https:\/\/tabernaculoprensadedios.com\/web\/unev-auspiciara-la-conferencia-internacional-reforma-de-la-mision-en-un-mundo-en-transformacion\/#primaryimage"},"thumbnailUrl":"https:\/\/tabernaculoprensadedios.com\/web\/wp-content\/uploads\/2020\/10\/1477749397.jpg","articleSection":["Articulos"],"inLanguage":"es","potentialAction":[{"@type":"CommentAction","name":"Comment","target":["https:\/\/tabernaculoprensadedios.com\/web\/unev-auspiciara-la-conferencia-internacional-reforma-de-la-mision-en-un-mundo-en-transformacion\/#respond"]}]},{"@type":"WebPage","@id":"https:\/\/tabernaculoprensadedios.com\/web\/unev-auspiciara-la-conferencia-internacional-reforma-de-la-mision-en-un-mundo-en-transformacion\/","url":"https:\/\/tabernaculoprensadedios.com\/web\/unev-auspiciara-la-conferencia-internacional-reforma-de-la-mision-en-un-mundo-en-transformacion\/","name":"UNEV auspiciar\u00e1 la conferencia internacional: \u201cReforma de la misi\u00f3n en un mundo en transformaci\u00f3n\u201d - Tabernaculo Prensa de Dios","isPartOf":{"@id":"https:\/\/tabernaculoprensadedios.com\/web\/#website"},"primaryImageOfPage":{"@id":"https:\/\/tabernaculoprensadedios.com\/web\/unev-auspiciara-la-conferencia-internacional-reforma-de-la-mision-en-un-mundo-en-transformacion\/#primaryimage"},"image":{"@id":"https:\/\/tabernaculoprensadedios.com\/web\/unev-auspiciara-la-conferencia-internacional-reforma-de-la-mision-en-un-mundo-en-transformacion\/#primaryimage"},"thumbnailUrl":"https:\/\/tabernaculoprensadedios.com\/web\/wp-content\/uploads\/2020\/10\/1477749397.jpg","datePublished":"2020-10-19T21:24:26+00:00","dateModified":"2020-10-19T23:10:47+00:00","breadcrumb":{"@id":"https:\/\/tabernaculoprensadedios.com\/web\/unev-auspiciara-la-conferencia-internacional-reforma-de-la-mision-en-un-mundo-en-transformacion\/#breadcrumb"},"inLanguage":"es","potentialAction":[{"@type":"ReadAction","target":["https:\/\/tabernaculoprensadedios.com\/web\/unev-auspiciara-la-conferencia-internacional-reforma-de-la-mision-en-un-mundo-en-transformacion\/"]}]},{"@type":"ImageObject","inLanguage":"es","@id":"https:\/\/tabernaculoprensadedios.com\/web\/unev-auspiciara-la-conferencia-internacional-reforma-de-la-mision-en-un-mundo-en-transformacion\/#primaryimage","url":"https:\/\/tabernaculoprensadedios.com\/web\/wp-content\/uploads\/2020\/10\/1477749397.jpg","contentUrl":"https:\/\/tabernaculoprensadedios.com\/web\/wp-content\/uploads\/2020\/10\/1477749397.jpg","width":720,"height":244},{"@type":"BreadcrumbList","@id":"https:\/\/tabernaculoprensadedios.com\/web\/unev-auspiciara-la-conferencia-internacional-reforma-de-la-mision-en-un-mundo-en-transformacion\/#breadcrumb","itemListElement":[{"@type":"ListItem","position":1,"name":"Portada","item":"https:\/\/tabernaculoprensadedios.com\/web\/"},{"@type":"ListItem","position":2,"name":"UNEV auspiciar\u00e1 la conferencia internacional: \u201cReforma de la misi\u00f3n en un mundo en transformaci\u00f3n\u201d"}]},{"@type":"WebSite","@id":"https:\/\/tabernaculoprensadedios.com\/web\/#website","url":"https:\/\/tabernaculoprensadedios.com\/web\/","name":"Tabernaculo Prensa de Dios","description":"Un medio a la manera de Dios","publisher":{"@id":"https:\/\/tabernaculoprensadedios.com\/web\/#\/schema\/person\/bc0e069fef56b38e177db6f098ae0b6e"},"potentialAction":[{"@type":"SearchAction","target":{"@type":"EntryPoint","urlTemplate":"https:\/\/tabernaculoprensadedios.com\/web\/?s={search_term_string}"},"query-input":{"@type":"PropertyValueSpecification","valueRequired":true,"valueName":"search_term_string"}}],"inLanguage":"es"},{"@type":["Person","Organization"],"@id":"https:\/\/tabernaculoprensadedios.com\/web\/#\/schema\/person\/bc0e069fef56b38e177db6f098ae0b6e","name":"tabernaculo","image":{"@type":"ImageObject","inLanguage":"es","@id":"https:\/\/tabernaculoprensadedios.com\/web\/#\/schema\/person\/image\/","url":"https:\/\/tabernaculoprensadedios.com\/web\/wp-content\/uploads\/2015\/06\/login-logo1.png","contentUrl":"https:\/\/tabernaculoprensadedios.com\/web\/wp-content\/uploads\/2015\/06\/login-logo1.png","width":300,"height":118,"caption":"tabernaculo"},"logo":{"@id":"https:\/\/tabernaculoprensadedios.com\/web\/#\/schema\/person\/image\/"}},{"@type":"Person","@id":"https:\/\/tabernaculoprensadedios.com\/web\/#\/schema\/person\/64ae3a8b2e245c8b8652b1294ca1860a","name":"Malga","image":{"@type":"ImageObject","inLanguage":"es","@id":"https:\/\/tabernaculoprensadedios.com\/web\/#\/schema\/person\/image\/","url":"\/\/www.gravatar.com\/avatar\/b06041ad78a6d3dd6b8d5ebf9704448e?s=96&#038;r=g&#038;d=mm","contentUrl":"\/\/www.gravatar.com\/avatar\/b06041ad78a6d3dd6b8d5ebf9704448e?s=96&#038;r=g&#038;d=mm","caption":"Malga"},"url":"https:\/\/tabernaculoprensadedios.com\/web\/author\/malga\/"}]}},"_links":{"self":[{"href":"https:\/\/tabernaculoprensadedios.com\/web\/wp-json\/wp\/v2\/posts\/19914","targetHints":{"allow":["GET"]}}],"collection":[{"href":"https:\/\/tabernaculoprensadedios.com\/web\/wp-json\/wp\/v2\/posts"}],"about":[{"href":"https:\/\/tabernaculoprensadedios.com\/web\/wp-json\/wp\/v2\/types\/post"}],"author":[{"embeddable":true,"href":"https:\/\/tabernaculoprensadedios.com\/web\/wp-json\/wp\/v2\/users\/2"}],"replies":[{"embeddable":true,"href":"https:\/\/tabernaculoprensadedios.com\/web\/wp-json\/wp\/v2\/comments?post=19914"}],"version-history":[{"count":3,"href":"https:\/\/tabernaculoprensadedios.com\/web\/wp-json\/wp\/v2\/posts\/19914\/revisions"}],"predecessor-version":[{"id":19923,"href":"https:\/\/tabernaculoprensadedios.com\/web\/wp-json\/wp\/v2\/posts\/19914\/revisions\/19923"}],"wp:featuredmedia":[{"embeddable":true,"href":"https:\/\/tabernaculoprensadedios.com\/web\/wp-json\/wp\/v2\/media\/19915"}],"wp:attachment":[{"href":"https:\/\/tabernaculoprensadedios.com\/web\/wp-json\/wp\/v2\/media?parent=19914"}],"wp:term":[{"taxonomy":"category","embeddable":true,"href":"https:\/\/tabernaculoprensadedios.com\/web\/wp-json\/wp\/v2\/categories?post=19914"},{"taxonomy":"post_tag","embeddable":true,"href":"https:\/\/tabernaculoprensadedios.com\/web\/wp-json\/wp\/v2\/tags?post=19914"}],"curies":[{"name":"wp","href":"https:\/\/api.w.org\/{rel}","templated":true}]}}