{"id":19911,"date":"2020-10-18T00:25:25","date_gmt":"2020-10-18T00:25:25","guid":{"rendered":"http:\/\/tabernaculoprensadedios.com\/web\/?p=19911"},"modified":"2020-10-18T00:38:56","modified_gmt":"2020-10-18T00:38:56","slug":"el-alma-y-la-mano-de-los-diligentes","status":"publish","type":"post","link":"https:\/\/tabernaculoprensadedios.com\/web\/el-alma-y-la-mano-de-los-diligentes\/","title":{"rendered":"El alma y la mano de los diligentes"},"content":{"rendered":"<p style=\"text-align: center;\"><em>\u201c29 \u00bfHas visto hombre sol\u00edcito en su trabajo? Delante de los reyes estar\u00e1; No estar\u00e1 delante de los de baja condici\u00f3n.\u201d\u00a0 <strong>Proverbios 22:29\u00a0<\/strong><\/em><\/p>\n<p>Una persona que es sol\u00edcita en su trabajo es aquella que muestra la actitud correcta ante el trabajo.\u00a0 Lamentablemente, muchos no muestran esta actitud.\u00a0 Estos \u00faltimos no tienen resultados; pero a aquel que es sol\u00edcito, alg\u00fan d\u00eda se le abrir\u00e1n grandes puertas.\u00a0 No es que vayas a pasar de pobreza extrema a riqueza abundante, pero la persona que trabaja con la actitud correcta ve resultados a trav\u00e9s de toda su vida.\u00a0 Es el duro trabajo a trav\u00e9s del tiempo, la consistencia, la solicitud en tu trabajo, lo que te da las grandes recompensas.<\/p>\n<p>El ser sol\u00edcito en tu trabajo, te pone delante de reyes.\u00a0 El que no es sol\u00edcito en su trabajo, est\u00e1 siempre con los de baja condici\u00f3n.\u00a0 El que es sol\u00edcito prospera, se le abren puertas.\u00a0 El trabajo no es producto del pecado.\u00a0 Ad\u00e1n ten\u00eda trabajo antes de pecar.\u00a0 Lo que pas\u00f3 fue que entonces se complic\u00f3 su trabajo, pasar\u00eda ahora m\u00e1s esfuerzo y tendr\u00eda pocos resultados.\u00a0 La Biblia dice que aunque el trabajo es dif\u00edcil, duro y nos cuesta, peor es el camino del perezoso, est\u00e1 lleno de espinas, mientras que el del trabajador es como una planicie.<\/p>\n<p>Aspira a trabajar, sal de la mente perezosa, haz tu trabajo con excelencia porque hay resultados para tu vida.<\/p>\n<p>Cuando una persona no trabaja, cuando alguien es perezoso, comienzan a crecer los deseos incorrectos.\u00a0 Una persona que trabaja, que lucha, sabe el valor del dinero y aprecia y tiene las cosas correctas en sus prioridades.\u00a0 Cuando una persona es perezosa, ah\u00ed es que viene el deseo del pecado, de las cosas incorrectas, el deseo de hacer cosas que no debe.<\/p>\n<p><em>\u201c26 El alma del que trabaja, trabaja para s\u00ed, Porque su boca le estimula. 27 El hombre perverso cava en busca del mal, Y en sus labios hay como llama de fuego.\u201d\u00a0<strong> Proverbios 16:26\u00a0<\/strong><\/em><\/p>\n<p>El que est\u00e1 en vagancia, el que no tiene aspiraci\u00f3n de nada, comienza a trabajar para los deseos del alma, de la carne; comienza a pensar en las cosas incorrectas.<\/p>\n<p><em>\u201c4 El alma del perezoso desea, y nada alcanza; Mas el alma de los diligentes ser\u00e1 prosperada.\u201d\u00a0<strong> Proverbios 13:4\u00a0<\/strong><\/em><\/p>\n<p>El alma es donde est\u00e1n nuestras emociones, nuestra voluntad, la mente de una persona; y el alma del perezoso tiende a tratar de satisfacerse a \u00e9l mismo; esos son deseos negativos, carnales, incorrectos.\u00a0 Pero el alma del diligente, del que trabaja, del que lucha, del que se esfuerza, esa es un alma que prospera y progresa.\u00a0 Una persona que aspira a la pereza, que no quiere trabajar, que no tiene satisfacci\u00f3n por su trabajo, echa a perder sus pensamientos y su vida.\u00a0 Pero el que trabaja, se mantiene enfocado.<\/p>\n<p>Hay quienes piensan que la parte f\u00edsica del trabajo es lo \u00fanico que se requiere para tener \u00e9xito, pero eso no compensa la actitud del coraz\u00f3n y del alma.<\/p>\n<p><em>\u201c4 La mano negligente empobrece; Mas la mano de los diligentes enriquece. 5 El que recoge en el verano es hombre entendido; El que duerme en el tiempo de la siega es hijo que averg\u00fcenza.\u201d\u00a0 <strong>Proverbios 10:4\u00a0<\/strong><\/em><\/p>\n<p>La recompensa no es para el que meramente pone el esfuerzo f\u00edsico, sino para el que tiene la actitud correcta; si lo hace a largo plazo, ve resultados.<\/p>\n<p><em>\u201c23 En toda labor hay fruto; Mas las vanas palabras de los labios empobrecen.\u201d\u00a0<strong> Proverbios 14:23\u00a0<\/strong><\/em><\/p>\n<p>El que es perezoso, todo lo que hace es hablar.\u00a0 Otros no dicen mucho, pero toman acci\u00f3n, son productivos.\u00a0 El perezoso siempre tiene una buena excusa.\u00a0 El productivo toma acci\u00f3n, hace lo que tiene que hacer para alcanzar lo que se ha propuesto.<\/p>\n<p>Ll\u00e9nate de fe, an\u00edmate a crecer, a desarrollarte, y sal a trabajar con la actitud correcta.<\/p>\n","protected":false},"excerpt":{"rendered":"<p>\u201c29 \u00bfHas visto hombre sol\u00edcito en su trabajo? Delante de los reyes estar\u00e1; No estar\u00e1 delante de los de baja condici\u00f3n.\u201d\u00a0 Proverbios 22:29\u00a0 Una persona que es sol\u00edcita en su trabajo es aquella que muestra la actitud correcta ante el trabajo.\u00a0 Lamentablemente, muchos no muestran esta actitud.\u00a0 Estos \u00faltimos no tienen resultados; pero a aquel &hellip;<\/p>\n","protected":false},"author":2,"featured_media":19912,"comment_status":"open","ping_status":"open","sticky":false,"template":"","format":"standard","meta":{"footnotes":""},"categories":[34],"tags":[],"class_list":["post-19911","post","type-post","status-publish","format-standard","has-post-thumbnail","hentry","category-articulos"],"yoast_head":"<!-- This site is optimized with the Yoast SEO Premium plugin v24.2 (Yoast SEO v27.1.1) - https:\/\/yoast.com\/product\/yoast-seo-premium-wordpress\/ -->\n<title>El alma y la mano de los diligentes - Tabernaculo Prensa de Dios<\/title>\n<meta name=\"robots\" content=\"index, follow, max-snippet:-1, max-image-preview:large, max-video-preview:-1\" \/>\n<link rel=\"canonical\" href=\"https:\/\/tabernaculoprensadedios.com\/web\/el-alma-y-la-mano-de-los-diligentes\/\" class=\"yoast-seo-meta-tag\" \/>\n<meta property=\"og:locale\" content=\"es_ES\" class=\"yoast-seo-meta-tag\" \/>\n<meta property=\"og:type\" content=\"article\" class=\"yoast-seo-meta-tag\" \/>\n<meta property=\"og:title\" content=\"El alma y la mano de los diligentes\" class=\"yoast-seo-meta-tag\" \/>\n<meta property=\"og:description\" content=\"\u201c29 \u00bfHas visto hombre sol\u00edcito en su trabajo? Delante de los reyes estar\u00e1; No estar\u00e1 delante de los de baja condici\u00f3n.\u201d\u00a0 Proverbios 22:29\u00a0 Una persona que es sol\u00edcita en su trabajo es aquella que muestra la actitud correcta ante el trabajo.\u00a0 Lamentablemente, muchos no muestran esta actitud.\u00a0 Estos \u00faltimos no tienen resultados; pero a aquel &hellip;\" class=\"yoast-seo-meta-tag\" \/>\n<meta property=\"og:url\" content=\"https:\/\/tabernaculoprensadedios.com\/web\/el-alma-y-la-mano-de-los-diligentes\/\" class=\"yoast-seo-meta-tag\" \/>\n<meta property=\"og:site_name\" content=\"Tabernaculo Prensa de Dios\" class=\"yoast-seo-meta-tag\" \/>\n<meta property=\"article:published_time\" content=\"2020-10-18T00:25:25+00:00\" class=\"yoast-seo-meta-tag\" \/>\n<meta property=\"article:modified_time\" content=\"2020-10-18T00:38:56+00:00\" class=\"yoast-seo-meta-tag\" \/>\n<meta property=\"og:image\" content=\"https:\/\/tabernaculoprensadedios.com\/web\/wp-content\/uploads\/2020\/10\/libro-cerca-biblia-hermosa-terraza-hora-manana-espacio-texto_169016-4050.jpg\" class=\"yoast-seo-meta-tag\" \/>\n\t<meta property=\"og:image:width\" content=\"626\" class=\"yoast-seo-meta-tag\" \/>\n\t<meta property=\"og:image:height\" content=\"289\" class=\"yoast-seo-meta-tag\" \/>\n\t<meta property=\"og:image:type\" content=\"image\/jpeg\" class=\"yoast-seo-meta-tag\" \/>\n<meta name=\"author\" content=\"Malga\" class=\"yoast-seo-meta-tag\" \/>\n<meta name=\"twitter:card\" content=\"summary_large_image\" class=\"yoast-seo-meta-tag\" \/>\n<meta name=\"twitter:creator\" content=\"@PrensadeDios\" class=\"yoast-seo-meta-tag\" \/>\n<meta name=\"twitter:site\" content=\"@PrensadeDios\" class=\"yoast-seo-meta-tag\" \/>\n<meta name=\"twitter:label1\" content=\"Escrito por\" class=\"yoast-seo-meta-tag\" \/>\n\t<meta name=\"twitter:data1\" content=\"Malga\" class=\"yoast-seo-meta-tag\" \/>\n\t<meta name=\"twitter:label2\" content=\"Tiempo de lectura\" class=\"yoast-seo-meta-tag\" \/>\n\t<meta name=\"twitter:data2\" content=\"3 minutos\" class=\"yoast-seo-meta-tag\" \/>\n<script type=\"application\/ld+json\" class=\"yoast-schema-graph\">{\"@context\":\"https:\/\/schema.org\",\"@graph\":[{\"@type\":\"Article\",\"@id\":\"https:\/\/tabernaculoprensadedios.com\/web\/el-alma-y-la-mano-de-los-diligentes\/#article\",\"isPartOf\":{\"@id\":\"https:\/\/tabernaculoprensadedios.com\/web\/el-alma-y-la-mano-de-los-diligentes\/\"},\"author\":{\"name\":\"Malga\",\"@id\":\"https:\/\/tabernaculoprensadedios.com\/web\/#\/schema\/person\/64ae3a8b2e245c8b8652b1294ca1860a\"},\"headline\":\"El alma y la mano de los diligentes\",\"datePublished\":\"2020-10-18T00:25:25+00:00\",\"dateModified\":\"2020-10-18T00:38:56+00:00\",\"mainEntityOfPage\":{\"@id\":\"https:\/\/tabernaculoprensadedios.com\/web\/el-alma-y-la-mano-de-los-diligentes\/\"},\"wordCount\":661,\"commentCount\":0,\"publisher\":{\"@id\":\"https:\/\/tabernaculoprensadedios.com\/web\/#\/schema\/person\/bc0e069fef56b38e177db6f098ae0b6e\"},\"image\":{\"@id\":\"https:\/\/tabernaculoprensadedios.com\/web\/el-alma-y-la-mano-de-los-diligentes\/#primaryimage\"},\"thumbnailUrl\":\"https:\/\/tabernaculoprensadedios.com\/web\/wp-content\/uploads\/2020\/10\/libro-cerca-biblia-hermosa-terraza-hora-manana-espacio-texto_169016-4050.jpg\",\"articleSection\":[\"Articulos\"],\"inLanguage\":\"es\",\"potentialAction\":[{\"@type\":\"CommentAction\",\"name\":\"Comment\",\"target\":[\"https:\/\/tabernaculoprensadedios.com\/web\/el-alma-y-la-mano-de-los-diligentes\/#respond\"]}]},{\"@type\":\"WebPage\",\"@id\":\"https:\/\/tabernaculoprensadedios.com\/web\/el-alma-y-la-mano-de-los-diligentes\/\",\"url\":\"https:\/\/tabernaculoprensadedios.com\/web\/el-alma-y-la-mano-de-los-diligentes\/\",\"name\":\"El alma y la mano de los diligentes - Tabernaculo Prensa de Dios\",\"isPartOf\":{\"@id\":\"https:\/\/tabernaculoprensadedios.com\/web\/#website\"},\"primaryImageOfPage\":{\"@id\":\"https:\/\/tabernaculoprensadedios.com\/web\/el-alma-y-la-mano-de-los-diligentes\/#primaryimage\"},\"image\":{\"@id\":\"https:\/\/tabernaculoprensadedios.com\/web\/el-alma-y-la-mano-de-los-diligentes\/#primaryimage\"},\"thumbnailUrl\":\"https:\/\/tabernaculoprensadedios.com\/web\/wp-content\/uploads\/2020\/10\/libro-cerca-biblia-hermosa-terraza-hora-manana-espacio-texto_169016-4050.jpg\",\"datePublished\":\"2020-10-18T00:25:25+00:00\",\"dateModified\":\"2020-10-18T00:38:56+00:00\",\"breadcrumb\":{\"@id\":\"https:\/\/tabernaculoprensadedios.com\/web\/el-alma-y-la-mano-de-los-diligentes\/#breadcrumb\"},\"inLanguage\":\"es\",\"potentialAction\":[{\"@type\":\"ReadAction\",\"target\":[\"https:\/\/tabernaculoprensadedios.com\/web\/el-alma-y-la-mano-de-los-diligentes\/\"]}]},{\"@type\":\"ImageObject\",\"inLanguage\":\"es\",\"@id\":\"https:\/\/tabernaculoprensadedios.com\/web\/el-alma-y-la-mano-de-los-diligentes\/#primaryimage\",\"url\":\"https:\/\/tabernaculoprensadedios.com\/web\/wp-content\/uploads\/2020\/10\/libro-cerca-biblia-hermosa-terraza-hora-manana-espacio-texto_169016-4050.jpg\",\"contentUrl\":\"https:\/\/tabernaculoprensadedios.com\/web\/wp-content\/uploads\/2020\/10\/libro-cerca-biblia-hermosa-terraza-hora-manana-espacio-texto_169016-4050.jpg\",\"width\":626,\"height\":289},{\"@type\":\"BreadcrumbList\",\"@id\":\"https:\/\/tabernaculoprensadedios.com\/web\/el-alma-y-la-mano-de-los-diligentes\/#breadcrumb\",\"itemListElement\":[{\"@type\":\"ListItem\",\"position\":1,\"name\":\"Portada\",\"item\":\"https:\/\/tabernaculoprensadedios.com\/web\/\"},{\"@type\":\"ListItem\",\"position\":2,\"name\":\"El alma y la mano de los diligentes\"}]},{\"@type\":\"WebSite\",\"@id\":\"https:\/\/tabernaculoprensadedios.com\/web\/#website\",\"url\":\"https:\/\/tabernaculoprensadedios.com\/web\/\",\"name\":\"Tabernaculo Prensa de Dios\",\"description\":\"Un medio a la manera de Dios\",\"publisher\":{\"@id\":\"https:\/\/tabernaculoprensadedios.com\/web\/#\/schema\/person\/bc0e069fef56b38e177db6f098ae0b6e\"},\"potentialAction\":[{\"@type\":\"SearchAction\",\"target\":{\"@type\":\"EntryPoint\",\"urlTemplate\":\"https:\/\/tabernaculoprensadedios.com\/web\/?s={search_term_string}\"},\"query-input\":{\"@type\":\"PropertyValueSpecification\",\"valueRequired\":true,\"valueName\":\"search_term_string\"}}],\"inLanguage\":\"es\"},{\"@type\":[\"Person\",\"Organization\"],\"@id\":\"https:\/\/tabernaculoprensadedios.com\/web\/#\/schema\/person\/bc0e069fef56b38e177db6f098ae0b6e\",\"name\":\"tabernaculo\",\"image\":{\"@type\":\"ImageObject\",\"inLanguage\":\"es\",\"@id\":\"https:\/\/tabernaculoprensadedios.com\/web\/#\/schema\/person\/image\/\",\"url\":\"https:\/\/tabernaculoprensadedios.com\/web\/wp-content\/uploads\/2015\/06\/login-logo1.png\",\"contentUrl\":\"https:\/\/tabernaculoprensadedios.com\/web\/wp-content\/uploads\/2015\/06\/login-logo1.png\",\"width\":300,\"height\":118,\"caption\":\"tabernaculo\"},\"logo\":{\"@id\":\"https:\/\/tabernaculoprensadedios.com\/web\/#\/schema\/person\/image\/\"}},{\"@type\":\"Person\",\"@id\":\"https:\/\/tabernaculoprensadedios.com\/web\/#\/schema\/person\/64ae3a8b2e245c8b8652b1294ca1860a\",\"name\":\"Malga\",\"image\":{\"@type\":\"ImageObject\",\"inLanguage\":\"es\",\"@id\":\"https:\/\/tabernaculoprensadedios.com\/web\/#\/schema\/person\/image\/\",\"url\":\"\/\/www.gravatar.com\/avatar\/b06041ad78a6d3dd6b8d5ebf9704448e?s=96&#038;r=g&#038;d=mm\",\"contentUrl\":\"\/\/www.gravatar.com\/avatar\/b06041ad78a6d3dd6b8d5ebf9704448e?s=96&#038;r=g&#038;d=mm\",\"caption\":\"Malga\"},\"url\":\"https:\/\/tabernaculoprensadedios.com\/web\/author\/malga\/\"}]}<\/script>\n<!-- \/ Yoast SEO Premium plugin. -->","yoast_head_json":{"title":"El alma y la mano de los diligentes - Tabernaculo Prensa de Dios","robots":{"index":"index","follow":"follow","max-snippet":"max-snippet:-1","max-image-preview":"max-image-preview:large","max-video-preview":"max-video-preview:-1"},"canonical":"https:\/\/tabernaculoprensadedios.com\/web\/el-alma-y-la-mano-de-los-diligentes\/","og_locale":"es_ES","og_type":"article","og_title":"El alma y la mano de los diligentes","og_description":"\u201c29 \u00bfHas visto hombre sol\u00edcito en su trabajo? Delante de los reyes estar\u00e1; No estar\u00e1 delante de los de baja condici\u00f3n.\u201d\u00a0 Proverbios 22:29\u00a0 Una persona que es sol\u00edcita en su trabajo es aquella que muestra la actitud correcta ante el trabajo.\u00a0 Lamentablemente, muchos no muestran esta actitud.\u00a0 Estos \u00faltimos no tienen resultados; pero a aquel &hellip;","og_url":"https:\/\/tabernaculoprensadedios.com\/web\/el-alma-y-la-mano-de-los-diligentes\/","og_site_name":"Tabernaculo Prensa de Dios","article_published_time":"2020-10-18T00:25:25+00:00","article_modified_time":"2020-10-18T00:38:56+00:00","og_image":[{"width":626,"height":289,"url":"https:\/\/tabernaculoprensadedios.com\/web\/wp-content\/uploads\/2020\/10\/libro-cerca-biblia-hermosa-terraza-hora-manana-espacio-texto_169016-4050.jpg","type":"image\/jpeg"}],"author":"Malga","twitter_card":"summary_large_image","twitter_creator":"@PrensadeDios","twitter_site":"@PrensadeDios","twitter_misc":{"Escrito por":"Malga","Tiempo de lectura":"3 minutos"},"schema":{"@context":"https:\/\/schema.org","@graph":[{"@type":"Article","@id":"https:\/\/tabernaculoprensadedios.com\/web\/el-alma-y-la-mano-de-los-diligentes\/#article","isPartOf":{"@id":"https:\/\/tabernaculoprensadedios.com\/web\/el-alma-y-la-mano-de-los-diligentes\/"},"author":{"name":"Malga","@id":"https:\/\/tabernaculoprensadedios.com\/web\/#\/schema\/person\/64ae3a8b2e245c8b8652b1294ca1860a"},"headline":"El alma y la mano de los diligentes","datePublished":"2020-10-18T00:25:25+00:00","dateModified":"2020-10-18T00:38:56+00:00","mainEntityOfPage":{"@id":"https:\/\/tabernaculoprensadedios.com\/web\/el-alma-y-la-mano-de-los-diligentes\/"},"wordCount":661,"commentCount":0,"publisher":{"@id":"https:\/\/tabernaculoprensadedios.com\/web\/#\/schema\/person\/bc0e069fef56b38e177db6f098ae0b6e"},"image":{"@id":"https:\/\/tabernaculoprensadedios.com\/web\/el-alma-y-la-mano-de-los-diligentes\/#primaryimage"},"thumbnailUrl":"https:\/\/tabernaculoprensadedios.com\/web\/wp-content\/uploads\/2020\/10\/libro-cerca-biblia-hermosa-terraza-hora-manana-espacio-texto_169016-4050.jpg","articleSection":["Articulos"],"inLanguage":"es","potentialAction":[{"@type":"CommentAction","name":"Comment","target":["https:\/\/tabernaculoprensadedios.com\/web\/el-alma-y-la-mano-de-los-diligentes\/#respond"]}]},{"@type":"WebPage","@id":"https:\/\/tabernaculoprensadedios.com\/web\/el-alma-y-la-mano-de-los-diligentes\/","url":"https:\/\/tabernaculoprensadedios.com\/web\/el-alma-y-la-mano-de-los-diligentes\/","name":"El alma y la mano de los diligentes - Tabernaculo Prensa de Dios","isPartOf":{"@id":"https:\/\/tabernaculoprensadedios.com\/web\/#website"},"primaryImageOfPage":{"@id":"https:\/\/tabernaculoprensadedios.com\/web\/el-alma-y-la-mano-de-los-diligentes\/#primaryimage"},"image":{"@id":"https:\/\/tabernaculoprensadedios.com\/web\/el-alma-y-la-mano-de-los-diligentes\/#primaryimage"},"thumbnailUrl":"https:\/\/tabernaculoprensadedios.com\/web\/wp-content\/uploads\/2020\/10\/libro-cerca-biblia-hermosa-terraza-hora-manana-espacio-texto_169016-4050.jpg","datePublished":"2020-10-18T00:25:25+00:00","dateModified":"2020-10-18T00:38:56+00:00","breadcrumb":{"@id":"https:\/\/tabernaculoprensadedios.com\/web\/el-alma-y-la-mano-de-los-diligentes\/#breadcrumb"},"inLanguage":"es","potentialAction":[{"@type":"ReadAction","target":["https:\/\/tabernaculoprensadedios.com\/web\/el-alma-y-la-mano-de-los-diligentes\/"]}]},{"@type":"ImageObject","inLanguage":"es","@id":"https:\/\/tabernaculoprensadedios.com\/web\/el-alma-y-la-mano-de-los-diligentes\/#primaryimage","url":"https:\/\/tabernaculoprensadedios.com\/web\/wp-content\/uploads\/2020\/10\/libro-cerca-biblia-hermosa-terraza-hora-manana-espacio-texto_169016-4050.jpg","contentUrl":"https:\/\/tabernaculoprensadedios.com\/web\/wp-content\/uploads\/2020\/10\/libro-cerca-biblia-hermosa-terraza-hora-manana-espacio-texto_169016-4050.jpg","width":626,"height":289},{"@type":"BreadcrumbList","@id":"https:\/\/tabernaculoprensadedios.com\/web\/el-alma-y-la-mano-de-los-diligentes\/#breadcrumb","itemListElement":[{"@type":"ListItem","position":1,"name":"Portada","item":"https:\/\/tabernaculoprensadedios.com\/web\/"},{"@type":"ListItem","position":2,"name":"El alma y la mano de los diligentes"}]},{"@type":"WebSite","@id":"https:\/\/tabernaculoprensadedios.com\/web\/#website","url":"https:\/\/tabernaculoprensadedios.com\/web\/","name":"Tabernaculo Prensa de Dios","description":"Un medio a la manera de Dios","publisher":{"@id":"https:\/\/tabernaculoprensadedios.com\/web\/#\/schema\/person\/bc0e069fef56b38e177db6f098ae0b6e"},"potentialAction":[{"@type":"SearchAction","target":{"@type":"EntryPoint","urlTemplate":"https:\/\/tabernaculoprensadedios.com\/web\/?s={search_term_string}"},"query-input":{"@type":"PropertyValueSpecification","valueRequired":true,"valueName":"search_term_string"}}],"inLanguage":"es"},{"@type":["Person","Organization"],"@id":"https:\/\/tabernaculoprensadedios.com\/web\/#\/schema\/person\/bc0e069fef56b38e177db6f098ae0b6e","name":"tabernaculo","image":{"@type":"ImageObject","inLanguage":"es","@id":"https:\/\/tabernaculoprensadedios.com\/web\/#\/schema\/person\/image\/","url":"https:\/\/tabernaculoprensadedios.com\/web\/wp-content\/uploads\/2015\/06\/login-logo1.png","contentUrl":"https:\/\/tabernaculoprensadedios.com\/web\/wp-content\/uploads\/2015\/06\/login-logo1.png","width":300,"height":118,"caption":"tabernaculo"},"logo":{"@id":"https:\/\/tabernaculoprensadedios.com\/web\/#\/schema\/person\/image\/"}},{"@type":"Person","@id":"https:\/\/tabernaculoprensadedios.com\/web\/#\/schema\/person\/64ae3a8b2e245c8b8652b1294ca1860a","name":"Malga","image":{"@type":"ImageObject","inLanguage":"es","@id":"https:\/\/tabernaculoprensadedios.com\/web\/#\/schema\/person\/image\/","url":"\/\/www.gravatar.com\/avatar\/b06041ad78a6d3dd6b8d5ebf9704448e?s=96&#038;r=g&#038;d=mm","contentUrl":"\/\/www.gravatar.com\/avatar\/b06041ad78a6d3dd6b8d5ebf9704448e?s=96&#038;r=g&#038;d=mm","caption":"Malga"},"url":"https:\/\/tabernaculoprensadedios.com\/web\/author\/malga\/"}]}},"_links":{"self":[{"href":"https:\/\/tabernaculoprensadedios.com\/web\/wp-json\/wp\/v2\/posts\/19911","targetHints":{"allow":["GET"]}}],"collection":[{"href":"https:\/\/tabernaculoprensadedios.com\/web\/wp-json\/wp\/v2\/posts"}],"about":[{"href":"https:\/\/tabernaculoprensadedios.com\/web\/wp-json\/wp\/v2\/types\/post"}],"author":[{"embeddable":true,"href":"https:\/\/tabernaculoprensadedios.com\/web\/wp-json\/wp\/v2\/users\/2"}],"replies":[{"embeddable":true,"href":"https:\/\/tabernaculoprensadedios.com\/web\/wp-json\/wp\/v2\/comments?post=19911"}],"version-history":[{"count":1,"href":"https:\/\/tabernaculoprensadedios.com\/web\/wp-json\/wp\/v2\/posts\/19911\/revisions"}],"predecessor-version":[{"id":19913,"href":"https:\/\/tabernaculoprensadedios.com\/web\/wp-json\/wp\/v2\/posts\/19911\/revisions\/19913"}],"wp:featuredmedia":[{"embeddable":true,"href":"https:\/\/tabernaculoprensadedios.com\/web\/wp-json\/wp\/v2\/media\/19912"}],"wp:attachment":[{"href":"https:\/\/tabernaculoprensadedios.com\/web\/wp-json\/wp\/v2\/media?parent=19911"}],"wp:term":[{"taxonomy":"category","embeddable":true,"href":"https:\/\/tabernaculoprensadedios.com\/web\/wp-json\/wp\/v2\/categories?post=19911"},{"taxonomy":"post_tag","embeddable":true,"href":"https:\/\/tabernaculoprensadedios.com\/web\/wp-json\/wp\/v2\/tags?post=19911"}],"curies":[{"name":"wp","href":"https:\/\/api.w.org\/{rel}","templated":true}]}}