{"id":19908,"date":"2020-10-18T00:23:47","date_gmt":"2020-10-18T00:23:47","guid":{"rendered":"http:\/\/tabernaculoprensadedios.com\/web\/?p=19908"},"modified":"2020-10-19T21:28:59","modified_gmt":"2020-10-19T21:28:59","slug":"la-unev-y-uapa-inician-proceso-de-alianza-para-el-desarrollo-de-la-investigacion-academica","status":"publish","type":"post","link":"https:\/\/tabernaculoprensadedios.com\/web\/la-unev-y-uapa-inician-proceso-de-alianza-para-el-desarrollo-de-la-investigacion-academica\/","title":{"rendered":"La UNEV Y UAPA inician proceso de Alianza para el desarrollo de la Investigaci\u00f3n Acad\u00e9mica."},"content":{"rendered":"<p>La Universidad Nacional Evang\u00e9lica (UNEV) y la Universidad Abierta para Adultos (UAPA) est\u00e1n consolidando una alianza estrat\u00e9gica a fin de desarrollar aspectos comunes entre ambas academias en el campo de la investigaci\u00f3n.<\/p>\n<p>Para tales fines fue realizado un primer encuentro se realiz\u00f3 en las instalaciones de UNEV recinto Santiago para conocer las experiencias y luego\u00a0\u00a0 empezar a consolidar acciones concretas entre los equipos de investigaci\u00f3n entre ambas academias.<\/p>\n<p>En este primer acercamiento particip\u00f3 Leonardo Valverde, director de CECOMPITE; Alberto N\u00fa\u00f1ez Selles, director del equipo de investigadores UNEV\u00a0\u00a0 Santo Domingo y Dr. Jos\u00e9 Dolores Vander Linder, director del recinto Santiago<\/p>\n<p>Ambas entidades coincidieron en se\u00f1alar que la investigaci\u00f3n es uno de los pilares que sustentan las instituciones de educaci\u00f3n superior, y una forma de lograr que sus egresados cuenten con las herramientas necesarias para ser competitivos e insertarse al mercado laboral.<\/p>\n","protected":false},"excerpt":{"rendered":"<p>La Universidad Nacional Evang\u00e9lica (UNEV) y la Universidad Abierta para Adultos (UAPA) est\u00e1n consolidando una alianza estrat\u00e9gica a fin de desarrollar aspectos comunes entre ambas academias en el campo de la investigaci\u00f3n. Para tales fines fue realizado un primer encuentro se realiz\u00f3 en las instalaciones de UNEV recinto Santiago para conocer las experiencias y luego\u00a0\u00a0 &hellip;<\/p>\n","protected":false},"author":2,"featured_media":19909,"comment_status":"open","ping_status":"open","sticky":false,"template":"","format":"standard","meta":{"footnotes":""},"categories":[34],"tags":[],"class_list":["post-19908","post","type-post","status-publish","format-standard","has-post-thumbnail","hentry","category-articulos"],"yoast_head":"<!-- This site is optimized with the Yoast SEO Premium plugin v24.2 (Yoast SEO v27.1.1) - https:\/\/yoast.com\/product\/yoast-seo-premium-wordpress\/ -->\n<title>La UNEV Y UAPA inician proceso de Alianza para el desarrollo de la Investigaci\u00f3n Acad\u00e9mica. - Tabernaculo Prensa de Dios<\/title>\n<meta name=\"robots\" content=\"index, follow, max-snippet:-1, max-image-preview:large, max-video-preview:-1\" \/>\n<link rel=\"canonical\" href=\"https:\/\/tabernaculoprensadedios.com\/web\/la-unev-y-uapa-inician-proceso-de-alianza-para-el-desarrollo-de-la-investigacion-academica\/\" class=\"yoast-seo-meta-tag\" \/>\n<meta property=\"og:locale\" content=\"es_ES\" class=\"yoast-seo-meta-tag\" \/>\n<meta property=\"og:type\" content=\"article\" class=\"yoast-seo-meta-tag\" \/>\n<meta property=\"og:title\" content=\"La UNEV Y UAPA inician proceso de Alianza para el desarrollo de la Investigaci\u00f3n Acad\u00e9mica.\" class=\"yoast-seo-meta-tag\" \/>\n<meta property=\"og:description\" content=\"La Universidad Nacional Evang\u00e9lica (UNEV) y la Universidad Abierta para Adultos (UAPA) est\u00e1n consolidando una alianza estrat\u00e9gica a fin de desarrollar aspectos comunes entre ambas academias en el campo de la investigaci\u00f3n. Para tales fines fue realizado un primer encuentro se realiz\u00f3 en las instalaciones de UNEV recinto Santiago para conocer las experiencias y luego\u00a0\u00a0 &hellip;\" class=\"yoast-seo-meta-tag\" \/>\n<meta property=\"og:url\" content=\"https:\/\/tabernaculoprensadedios.com\/web\/la-unev-y-uapa-inician-proceso-de-alianza-para-el-desarrollo-de-la-investigacion-academica\/\" class=\"yoast-seo-meta-tag\" \/>\n<meta property=\"og:site_name\" content=\"Tabernaculo Prensa de Dios\" class=\"yoast-seo-meta-tag\" \/>\n<meta property=\"article:published_time\" content=\"2020-10-18T00:23:47+00:00\" class=\"yoast-seo-meta-tag\" \/>\n<meta property=\"article:modified_time\" content=\"2020-10-19T21:28:59+00:00\" class=\"yoast-seo-meta-tag\" \/>\n<meta property=\"og:image\" content=\"https:\/\/tabernaculoprensadedios.com\/web\/wp-content\/uploads\/2020\/10\/121508994_2910808645686372_7601673717389851374_o.jpg\" class=\"yoast-seo-meta-tag\" \/>\n\t<meta property=\"og:image:width\" content=\"960\" class=\"yoast-seo-meta-tag\" \/>\n\t<meta property=\"og:image:height\" content=\"636\" class=\"yoast-seo-meta-tag\" \/>\n\t<meta property=\"og:image:type\" content=\"image\/jpeg\" class=\"yoast-seo-meta-tag\" \/>\n<meta name=\"author\" content=\"Malga\" class=\"yoast-seo-meta-tag\" \/>\n<meta name=\"twitter:card\" content=\"summary_large_image\" class=\"yoast-seo-meta-tag\" \/>\n<meta name=\"twitter:creator\" content=\"@PrensadeDios\" class=\"yoast-seo-meta-tag\" \/>\n<meta name=\"twitter:site\" content=\"@PrensadeDios\" class=\"yoast-seo-meta-tag\" \/>\n<meta name=\"twitter:label1\" content=\"Escrito por\" class=\"yoast-seo-meta-tag\" \/>\n\t<meta name=\"twitter:data1\" content=\"Malga\" class=\"yoast-seo-meta-tag\" \/>\n\t<meta name=\"twitter:label2\" content=\"Tiempo de lectura\" class=\"yoast-seo-meta-tag\" \/>\n\t<meta name=\"twitter:data2\" content=\"1 minuto\" class=\"yoast-seo-meta-tag\" \/>\n<script type=\"application\/ld+json\" class=\"yoast-schema-graph\">{\"@context\":\"https:\/\/schema.org\",\"@graph\":[{\"@type\":\"Article\",\"@id\":\"https:\/\/tabernaculoprensadedios.com\/web\/la-unev-y-uapa-inician-proceso-de-alianza-para-el-desarrollo-de-la-investigacion-academica\/#article\",\"isPartOf\":{\"@id\":\"https:\/\/tabernaculoprensadedios.com\/web\/la-unev-y-uapa-inician-proceso-de-alianza-para-el-desarrollo-de-la-investigacion-academica\/\"},\"author\":{\"name\":\"Malga\",\"@id\":\"https:\/\/tabernaculoprensadedios.com\/web\/#\/schema\/person\/64ae3a8b2e245c8b8652b1294ca1860a\"},\"headline\":\"La UNEV Y UAPA inician proceso de Alianza para el desarrollo de la Investigaci\u00f3n Acad\u00e9mica.\",\"datePublished\":\"2020-10-18T00:23:47+00:00\",\"dateModified\":\"2020-10-19T21:28:59+00:00\",\"mainEntityOfPage\":{\"@id\":\"https:\/\/tabernaculoprensadedios.com\/web\/la-unev-y-uapa-inician-proceso-de-alianza-para-el-desarrollo-de-la-investigacion-academica\/\"},\"wordCount\":166,\"commentCount\":0,\"publisher\":{\"@id\":\"https:\/\/tabernaculoprensadedios.com\/web\/#\/schema\/person\/bc0e069fef56b38e177db6f098ae0b6e\"},\"image\":{\"@id\":\"https:\/\/tabernaculoprensadedios.com\/web\/la-unev-y-uapa-inician-proceso-de-alianza-para-el-desarrollo-de-la-investigacion-academica\/#primaryimage\"},\"thumbnailUrl\":\"https:\/\/tabernaculoprensadedios.com\/web\/wp-content\/uploads\/2020\/10\/121508994_2910808645686372_7601673717389851374_o.jpg\",\"articleSection\":[\"Articulos\"],\"inLanguage\":\"es\",\"potentialAction\":[{\"@type\":\"CommentAction\",\"name\":\"Comment\",\"target\":[\"https:\/\/tabernaculoprensadedios.com\/web\/la-unev-y-uapa-inician-proceso-de-alianza-para-el-desarrollo-de-la-investigacion-academica\/#respond\"]}]},{\"@type\":\"WebPage\",\"@id\":\"https:\/\/tabernaculoprensadedios.com\/web\/la-unev-y-uapa-inician-proceso-de-alianza-para-el-desarrollo-de-la-investigacion-academica\/\",\"url\":\"https:\/\/tabernaculoprensadedios.com\/web\/la-unev-y-uapa-inician-proceso-de-alianza-para-el-desarrollo-de-la-investigacion-academica\/\",\"name\":\"La UNEV Y UAPA inician proceso de Alianza para el desarrollo de la Investigaci\u00f3n Acad\u00e9mica. - Tabernaculo Prensa de Dios\",\"isPartOf\":{\"@id\":\"https:\/\/tabernaculoprensadedios.com\/web\/#website\"},\"primaryImageOfPage\":{\"@id\":\"https:\/\/tabernaculoprensadedios.com\/web\/la-unev-y-uapa-inician-proceso-de-alianza-para-el-desarrollo-de-la-investigacion-academica\/#primaryimage\"},\"image\":{\"@id\":\"https:\/\/tabernaculoprensadedios.com\/web\/la-unev-y-uapa-inician-proceso-de-alianza-para-el-desarrollo-de-la-investigacion-academica\/#primaryimage\"},\"thumbnailUrl\":\"https:\/\/tabernaculoprensadedios.com\/web\/wp-content\/uploads\/2020\/10\/121508994_2910808645686372_7601673717389851374_o.jpg\",\"datePublished\":\"2020-10-18T00:23:47+00:00\",\"dateModified\":\"2020-10-19T21:28:59+00:00\",\"breadcrumb\":{\"@id\":\"https:\/\/tabernaculoprensadedios.com\/web\/la-unev-y-uapa-inician-proceso-de-alianza-para-el-desarrollo-de-la-investigacion-academica\/#breadcrumb\"},\"inLanguage\":\"es\",\"potentialAction\":[{\"@type\":\"ReadAction\",\"target\":[\"https:\/\/tabernaculoprensadedios.com\/web\/la-unev-y-uapa-inician-proceso-de-alianza-para-el-desarrollo-de-la-investigacion-academica\/\"]}]},{\"@type\":\"ImageObject\",\"inLanguage\":\"es\",\"@id\":\"https:\/\/tabernaculoprensadedios.com\/web\/la-unev-y-uapa-inician-proceso-de-alianza-para-el-desarrollo-de-la-investigacion-academica\/#primaryimage\",\"url\":\"https:\/\/tabernaculoprensadedios.com\/web\/wp-content\/uploads\/2020\/10\/121508994_2910808645686372_7601673717389851374_o.jpg\",\"contentUrl\":\"https:\/\/tabernaculoprensadedios.com\/web\/wp-content\/uploads\/2020\/10\/121508994_2910808645686372_7601673717389851374_o.jpg\",\"width\":960,\"height\":636},{\"@type\":\"BreadcrumbList\",\"@id\":\"https:\/\/tabernaculoprensadedios.com\/web\/la-unev-y-uapa-inician-proceso-de-alianza-para-el-desarrollo-de-la-investigacion-academica\/#breadcrumb\",\"itemListElement\":[{\"@type\":\"ListItem\",\"position\":1,\"name\":\"Portada\",\"item\":\"https:\/\/tabernaculoprensadedios.com\/web\/\"},{\"@type\":\"ListItem\",\"position\":2,\"name\":\"La UNEV Y UAPA inician proceso de Alianza para el desarrollo de la Investigaci\u00f3n Acad\u00e9mica.\"}]},{\"@type\":\"WebSite\",\"@id\":\"https:\/\/tabernaculoprensadedios.com\/web\/#website\",\"url\":\"https:\/\/tabernaculoprensadedios.com\/web\/\",\"name\":\"Tabernaculo Prensa de Dios\",\"description\":\"Un medio a la manera de Dios\",\"publisher\":{\"@id\":\"https:\/\/tabernaculoprensadedios.com\/web\/#\/schema\/person\/bc0e069fef56b38e177db6f098ae0b6e\"},\"potentialAction\":[{\"@type\":\"SearchAction\",\"target\":{\"@type\":\"EntryPoint\",\"urlTemplate\":\"https:\/\/tabernaculoprensadedios.com\/web\/?s={search_term_string}\"},\"query-input\":{\"@type\":\"PropertyValueSpecification\",\"valueRequired\":true,\"valueName\":\"search_term_string\"}}],\"inLanguage\":\"es\"},{\"@type\":[\"Person\",\"Organization\"],\"@id\":\"https:\/\/tabernaculoprensadedios.com\/web\/#\/schema\/person\/bc0e069fef56b38e177db6f098ae0b6e\",\"name\":\"tabernaculo\",\"image\":{\"@type\":\"ImageObject\",\"inLanguage\":\"es\",\"@id\":\"https:\/\/tabernaculoprensadedios.com\/web\/#\/schema\/person\/image\/\",\"url\":\"https:\/\/tabernaculoprensadedios.com\/web\/wp-content\/uploads\/2015\/06\/login-logo1.png\",\"contentUrl\":\"https:\/\/tabernaculoprensadedios.com\/web\/wp-content\/uploads\/2015\/06\/login-logo1.png\",\"width\":300,\"height\":118,\"caption\":\"tabernaculo\"},\"logo\":{\"@id\":\"https:\/\/tabernaculoprensadedios.com\/web\/#\/schema\/person\/image\/\"}},{\"@type\":\"Person\",\"@id\":\"https:\/\/tabernaculoprensadedios.com\/web\/#\/schema\/person\/64ae3a8b2e245c8b8652b1294ca1860a\",\"name\":\"Malga\",\"image\":{\"@type\":\"ImageObject\",\"inLanguage\":\"es\",\"@id\":\"https:\/\/tabernaculoprensadedios.com\/web\/#\/schema\/person\/image\/\",\"url\":\"\/\/www.gravatar.com\/avatar\/b06041ad78a6d3dd6b8d5ebf9704448e?s=96&#038;r=g&#038;d=mm\",\"contentUrl\":\"\/\/www.gravatar.com\/avatar\/b06041ad78a6d3dd6b8d5ebf9704448e?s=96&#038;r=g&#038;d=mm\",\"caption\":\"Malga\"},\"url\":\"https:\/\/tabernaculoprensadedios.com\/web\/author\/malga\/\"}]}<\/script>\n<!-- \/ Yoast SEO Premium plugin. -->","yoast_head_json":{"title":"La UNEV Y UAPA inician proceso de Alianza para el desarrollo de la Investigaci\u00f3n Acad\u00e9mica. - Tabernaculo Prensa de Dios","robots":{"index":"index","follow":"follow","max-snippet":"max-snippet:-1","max-image-preview":"max-image-preview:large","max-video-preview":"max-video-preview:-1"},"canonical":"https:\/\/tabernaculoprensadedios.com\/web\/la-unev-y-uapa-inician-proceso-de-alianza-para-el-desarrollo-de-la-investigacion-academica\/","og_locale":"es_ES","og_type":"article","og_title":"La UNEV Y UAPA inician proceso de Alianza para el desarrollo de la Investigaci\u00f3n Acad\u00e9mica.","og_description":"La Universidad Nacional Evang\u00e9lica (UNEV) y la Universidad Abierta para Adultos (UAPA) est\u00e1n consolidando una alianza estrat\u00e9gica a fin de desarrollar aspectos comunes entre ambas academias en el campo de la investigaci\u00f3n. Para tales fines fue realizado un primer encuentro se realiz\u00f3 en las instalaciones de UNEV recinto Santiago para conocer las experiencias y luego\u00a0\u00a0 &hellip;","og_url":"https:\/\/tabernaculoprensadedios.com\/web\/la-unev-y-uapa-inician-proceso-de-alianza-para-el-desarrollo-de-la-investigacion-academica\/","og_site_name":"Tabernaculo Prensa de Dios","article_published_time":"2020-10-18T00:23:47+00:00","article_modified_time":"2020-10-19T21:28:59+00:00","og_image":[{"width":960,"height":636,"url":"https:\/\/tabernaculoprensadedios.com\/web\/wp-content\/uploads\/2020\/10\/121508994_2910808645686372_7601673717389851374_o.jpg","type":"image\/jpeg"}],"author":"Malga","twitter_card":"summary_large_image","twitter_creator":"@PrensadeDios","twitter_site":"@PrensadeDios","twitter_misc":{"Escrito por":"Malga","Tiempo de lectura":"1 minuto"},"schema":{"@context":"https:\/\/schema.org","@graph":[{"@type":"Article","@id":"https:\/\/tabernaculoprensadedios.com\/web\/la-unev-y-uapa-inician-proceso-de-alianza-para-el-desarrollo-de-la-investigacion-academica\/#article","isPartOf":{"@id":"https:\/\/tabernaculoprensadedios.com\/web\/la-unev-y-uapa-inician-proceso-de-alianza-para-el-desarrollo-de-la-investigacion-academica\/"},"author":{"name":"Malga","@id":"https:\/\/tabernaculoprensadedios.com\/web\/#\/schema\/person\/64ae3a8b2e245c8b8652b1294ca1860a"},"headline":"La UNEV Y UAPA inician proceso de Alianza para el desarrollo de la Investigaci\u00f3n Acad\u00e9mica.","datePublished":"2020-10-18T00:23:47+00:00","dateModified":"2020-10-19T21:28:59+00:00","mainEntityOfPage":{"@id":"https:\/\/tabernaculoprensadedios.com\/web\/la-unev-y-uapa-inician-proceso-de-alianza-para-el-desarrollo-de-la-investigacion-academica\/"},"wordCount":166,"commentCount":0,"publisher":{"@id":"https:\/\/tabernaculoprensadedios.com\/web\/#\/schema\/person\/bc0e069fef56b38e177db6f098ae0b6e"},"image":{"@id":"https:\/\/tabernaculoprensadedios.com\/web\/la-unev-y-uapa-inician-proceso-de-alianza-para-el-desarrollo-de-la-investigacion-academica\/#primaryimage"},"thumbnailUrl":"https:\/\/tabernaculoprensadedios.com\/web\/wp-content\/uploads\/2020\/10\/121508994_2910808645686372_7601673717389851374_o.jpg","articleSection":["Articulos"],"inLanguage":"es","potentialAction":[{"@type":"CommentAction","name":"Comment","target":["https:\/\/tabernaculoprensadedios.com\/web\/la-unev-y-uapa-inician-proceso-de-alianza-para-el-desarrollo-de-la-investigacion-academica\/#respond"]}]},{"@type":"WebPage","@id":"https:\/\/tabernaculoprensadedios.com\/web\/la-unev-y-uapa-inician-proceso-de-alianza-para-el-desarrollo-de-la-investigacion-academica\/","url":"https:\/\/tabernaculoprensadedios.com\/web\/la-unev-y-uapa-inician-proceso-de-alianza-para-el-desarrollo-de-la-investigacion-academica\/","name":"La UNEV Y UAPA inician proceso de Alianza para el desarrollo de la Investigaci\u00f3n Acad\u00e9mica. - Tabernaculo Prensa de Dios","isPartOf":{"@id":"https:\/\/tabernaculoprensadedios.com\/web\/#website"},"primaryImageOfPage":{"@id":"https:\/\/tabernaculoprensadedios.com\/web\/la-unev-y-uapa-inician-proceso-de-alianza-para-el-desarrollo-de-la-investigacion-academica\/#primaryimage"},"image":{"@id":"https:\/\/tabernaculoprensadedios.com\/web\/la-unev-y-uapa-inician-proceso-de-alianza-para-el-desarrollo-de-la-investigacion-academica\/#primaryimage"},"thumbnailUrl":"https:\/\/tabernaculoprensadedios.com\/web\/wp-content\/uploads\/2020\/10\/121508994_2910808645686372_7601673717389851374_o.jpg","datePublished":"2020-10-18T00:23:47+00:00","dateModified":"2020-10-19T21:28:59+00:00","breadcrumb":{"@id":"https:\/\/tabernaculoprensadedios.com\/web\/la-unev-y-uapa-inician-proceso-de-alianza-para-el-desarrollo-de-la-investigacion-academica\/#breadcrumb"},"inLanguage":"es","potentialAction":[{"@type":"ReadAction","target":["https:\/\/tabernaculoprensadedios.com\/web\/la-unev-y-uapa-inician-proceso-de-alianza-para-el-desarrollo-de-la-investigacion-academica\/"]}]},{"@type":"ImageObject","inLanguage":"es","@id":"https:\/\/tabernaculoprensadedios.com\/web\/la-unev-y-uapa-inician-proceso-de-alianza-para-el-desarrollo-de-la-investigacion-academica\/#primaryimage","url":"https:\/\/tabernaculoprensadedios.com\/web\/wp-content\/uploads\/2020\/10\/121508994_2910808645686372_7601673717389851374_o.jpg","contentUrl":"https:\/\/tabernaculoprensadedios.com\/web\/wp-content\/uploads\/2020\/10\/121508994_2910808645686372_7601673717389851374_o.jpg","width":960,"height":636},{"@type":"BreadcrumbList","@id":"https:\/\/tabernaculoprensadedios.com\/web\/la-unev-y-uapa-inician-proceso-de-alianza-para-el-desarrollo-de-la-investigacion-academica\/#breadcrumb","itemListElement":[{"@type":"ListItem","position":1,"name":"Portada","item":"https:\/\/tabernaculoprensadedios.com\/web\/"},{"@type":"ListItem","position":2,"name":"La UNEV Y UAPA inician proceso de Alianza para el desarrollo de la Investigaci\u00f3n Acad\u00e9mica."}]},{"@type":"WebSite","@id":"https:\/\/tabernaculoprensadedios.com\/web\/#website","url":"https:\/\/tabernaculoprensadedios.com\/web\/","name":"Tabernaculo Prensa de Dios","description":"Un medio a la manera de Dios","publisher":{"@id":"https:\/\/tabernaculoprensadedios.com\/web\/#\/schema\/person\/bc0e069fef56b38e177db6f098ae0b6e"},"potentialAction":[{"@type":"SearchAction","target":{"@type":"EntryPoint","urlTemplate":"https:\/\/tabernaculoprensadedios.com\/web\/?s={search_term_string}"},"query-input":{"@type":"PropertyValueSpecification","valueRequired":true,"valueName":"search_term_string"}}],"inLanguage":"es"},{"@type":["Person","Organization"],"@id":"https:\/\/tabernaculoprensadedios.com\/web\/#\/schema\/person\/bc0e069fef56b38e177db6f098ae0b6e","name":"tabernaculo","image":{"@type":"ImageObject","inLanguage":"es","@id":"https:\/\/tabernaculoprensadedios.com\/web\/#\/schema\/person\/image\/","url":"https:\/\/tabernaculoprensadedios.com\/web\/wp-content\/uploads\/2015\/06\/login-logo1.png","contentUrl":"https:\/\/tabernaculoprensadedios.com\/web\/wp-content\/uploads\/2015\/06\/login-logo1.png","width":300,"height":118,"caption":"tabernaculo"},"logo":{"@id":"https:\/\/tabernaculoprensadedios.com\/web\/#\/schema\/person\/image\/"}},{"@type":"Person","@id":"https:\/\/tabernaculoprensadedios.com\/web\/#\/schema\/person\/64ae3a8b2e245c8b8652b1294ca1860a","name":"Malga","image":{"@type":"ImageObject","inLanguage":"es","@id":"https:\/\/tabernaculoprensadedios.com\/web\/#\/schema\/person\/image\/","url":"\/\/www.gravatar.com\/avatar\/b06041ad78a6d3dd6b8d5ebf9704448e?s=96&#038;r=g&#038;d=mm","contentUrl":"\/\/www.gravatar.com\/avatar\/b06041ad78a6d3dd6b8d5ebf9704448e?s=96&#038;r=g&#038;d=mm","caption":"Malga"},"url":"https:\/\/tabernaculoprensadedios.com\/web\/author\/malga\/"}]}},"_links":{"self":[{"href":"https:\/\/tabernaculoprensadedios.com\/web\/wp-json\/wp\/v2\/posts\/19908","targetHints":{"allow":["GET"]}}],"collection":[{"href":"https:\/\/tabernaculoprensadedios.com\/web\/wp-json\/wp\/v2\/posts"}],"about":[{"href":"https:\/\/tabernaculoprensadedios.com\/web\/wp-json\/wp\/v2\/types\/post"}],"author":[{"embeddable":true,"href":"https:\/\/tabernaculoprensadedios.com\/web\/wp-json\/wp\/v2\/users\/2"}],"replies":[{"embeddable":true,"href":"https:\/\/tabernaculoprensadedios.com\/web\/wp-json\/wp\/v2\/comments?post=19908"}],"version-history":[{"count":2,"href":"https:\/\/tabernaculoprensadedios.com\/web\/wp-json\/wp\/v2\/posts\/19908\/revisions"}],"predecessor-version":[{"id":19917,"href":"https:\/\/tabernaculoprensadedios.com\/web\/wp-json\/wp\/v2\/posts\/19908\/revisions\/19917"}],"wp:featuredmedia":[{"embeddable":true,"href":"https:\/\/tabernaculoprensadedios.com\/web\/wp-json\/wp\/v2\/media\/19909"}],"wp:attachment":[{"href":"https:\/\/tabernaculoprensadedios.com\/web\/wp-json\/wp\/v2\/media?parent=19908"}],"wp:term":[{"taxonomy":"category","embeddable":true,"href":"https:\/\/tabernaculoprensadedios.com\/web\/wp-json\/wp\/v2\/categories?post=19908"},{"taxonomy":"post_tag","embeddable":true,"href":"https:\/\/tabernaculoprensadedios.com\/web\/wp-json\/wp\/v2\/tags?post=19908"}],"curies":[{"name":"wp","href":"https:\/\/api.w.org\/{rel}","templated":true}]}}