{"id":19896,"date":"2020-10-17T00:28:48","date_gmt":"2020-10-17T00:28:48","guid":{"rendered":"http:\/\/tabernaculoprensadedios.com\/web\/?p=19896"},"modified":"2020-10-17T00:28:48","modified_gmt":"2020-10-17T00:28:48","slug":"la-migracion-y-republica-dominicana","status":"publish","type":"post","link":"https:\/\/tabernaculoprensadedios.com\/web\/la-migracion-y-republica-dominicana\/","title":{"rendered":"La migraci\u00f3n y Rep\u00fablica Dominicana"},"content":{"rendered":"<p>Debemos iniciar por un reconocimiento: todos tenemos el inmigrante en nuestro \u00e1rbol geneal\u00f3gico. Por miles de a\u00f1os, el hombre, ora por hambre, ora por mejores perspectivas, dejaba su mundo conocido y se aventuraba a terras incognitas, es decir, mundos desconocidos, donde muchas veces reconstruia su vida de cero.<\/p>\n<p>Pensemos en un judio que se asentaba en Argentina, o un ruso en Nueva York. Para ellos, el llegar a esos parajes donde todo era distinto (lengua, comida, religi\u00f3n), era como viajar a la luna. Pero se acoplaban e integraban a esas sociedades, y hoy, sus hijos y nietos, son ciudadanos ejemplares en esos pa\u00edses.<\/p>\n<p>Las am\u00e9ricas est\u00e1 llena de casos as\u00ed, de inmigrantes que con dos manos y un sue\u00f1o crecieron y dejaron descendencia valiosa. Pero, debemos recordar que los distintos pa\u00edses tienen derecho a regular quienes, como y cuanto pueden establecerse y formar parte de su poblaci\u00f3n.<\/p>\n<p>En nuestro pa\u00eds tenemos que tomar conciencia de dicha realidad. Tenemos una poblaci\u00f3n de inmigrantes relativamente grande que no est\u00e1 regularizada, y eso no ayuda ni a esos seres humanos, que quedan al margen de toda posibilidad de realizaci\u00f3n personal, como a nosotros, que no podemos aprovechar a esos recursos humanos. Tambi\u00e9n, dentro de esa migraci\u00f3n, hay elementos que a nosotros, el pa\u00eds receptor, no nos interesa, o simplemente consideramos que no nos aporta. Si no cumplen con los requisitos, deben ser deportados.<\/p>\n<p>\u00bfQu\u00e9 debemos hacer? Planes de regularizaci\u00f3n, con facilidad para los inmigrantes que demuestren estudios superiores, y para familias j\u00f3venes que tengan hijos o que puedan tener y que ambos sean profesionales. puede consignarse una cuota para trabajo fabril, construcci\u00f3n y obrero, pero el resto debe de ser deportado.<\/p>\n<p>Recordemos que muchos inmigrantes pueden conseguir documentaci\u00f3n v\u00e1lida y leg\u00edtima, y por ende, asumir un proceso de residencia como establece las leyes de la materia migratoria, por los que los afectados, son, relativamente, una minor\u00eda.<\/p>\n<p>Todos los pa\u00edses deciden qui\u00e9nes entran y qui\u00e9nes salen, qui\u00e9n se queda y qui\u00e9n no. \u00bfPor qu\u00e9 nuestro pa\u00eds no puede hacer uso de su soberan\u00eda?. Espero que nuestras autoridades y las fuerzas vivas de la sociedad se unan y planifiquen la actuaci\u00f3n con respecto a este tema vital.<\/p>\n","protected":false},"excerpt":{"rendered":"<p>Debemos iniciar por un reconocimiento: todos tenemos el inmigrante en nuestro \u00e1rbol geneal\u00f3gico. Por miles de a\u00f1os, el hombre, ora por hambre, ora por mejores perspectivas, dejaba su mundo conocido y se aventuraba a terras incognitas, es decir, mundos desconocidos, donde muchas veces reconstruia su vida de cero. Pensemos en un judio que se asentaba &hellip;<\/p>\n","protected":false},"author":1,"featured_media":19897,"comment_status":"open","ping_status":"open","sticky":false,"template":"","format":"standard","meta":{"footnotes":""},"categories":[34,31],"tags":[],"class_list":["post-19896","post","type-post","status-publish","format-standard","has-post-thumbnail","hentry","category-articulos","category-politica"],"yoast_head":"<!-- This site is optimized with the Yoast SEO Premium plugin v24.2 (Yoast SEO v27.1.1) - https:\/\/yoast.com\/product\/yoast-seo-premium-wordpress\/ -->\n<title>La migraci\u00f3n y Rep\u00fablica Dominicana - Tabernaculo Prensa de Dios<\/title>\n<meta name=\"robots\" content=\"index, follow, max-snippet:-1, max-image-preview:large, max-video-preview:-1\" \/>\n<link rel=\"canonical\" href=\"https:\/\/tabernaculoprensadedios.com\/web\/la-migracion-y-republica-dominicana\/\" class=\"yoast-seo-meta-tag\" \/>\n<meta property=\"og:locale\" content=\"es_ES\" class=\"yoast-seo-meta-tag\" \/>\n<meta property=\"og:type\" content=\"article\" class=\"yoast-seo-meta-tag\" \/>\n<meta property=\"og:title\" content=\"La migraci\u00f3n y Rep\u00fablica Dominicana\" class=\"yoast-seo-meta-tag\" \/>\n<meta property=\"og:description\" content=\"Debemos iniciar por un reconocimiento: todos tenemos el inmigrante en nuestro \u00e1rbol geneal\u00f3gico. Por miles de a\u00f1os, el hombre, ora por hambre, ora por mejores perspectivas, dejaba su mundo conocido y se aventuraba a terras incognitas, es decir, mundos desconocidos, donde muchas veces reconstruia su vida de cero. Pensemos en un judio que se asentaba &hellip;\" class=\"yoast-seo-meta-tag\" \/>\n<meta property=\"og:url\" content=\"https:\/\/tabernaculoprensadedios.com\/web\/la-migracion-y-republica-dominicana\/\" class=\"yoast-seo-meta-tag\" \/>\n<meta property=\"og:site_name\" content=\"Tabernaculo Prensa de Dios\" class=\"yoast-seo-meta-tag\" \/>\n<meta property=\"article:published_time\" content=\"2020-10-17T00:28:48+00:00\" class=\"yoast-seo-meta-tag\" \/>\n<meta property=\"og:image\" content=\"https:\/\/tabernaculoprensadedios.com\/web\/wp-content\/uploads\/2020\/10\/gran-tapon-humano-en-la-duarte-en-vispera-de-la-nochebuena.jpeg\" class=\"yoast-seo-meta-tag\" \/>\n\t<meta property=\"og:image:width\" content=\"680\" class=\"yoast-seo-meta-tag\" \/>\n\t<meta property=\"og:image:height\" content=\"452\" class=\"yoast-seo-meta-tag\" \/>\n\t<meta property=\"og:image:type\" content=\"image\/jpeg\" class=\"yoast-seo-meta-tag\" \/>\n<meta name=\"author\" content=\"tabernaculo\" class=\"yoast-seo-meta-tag\" \/>\n<meta name=\"twitter:card\" content=\"summary_large_image\" class=\"yoast-seo-meta-tag\" \/>\n<meta name=\"twitter:creator\" content=\"@PrensadeDios\" class=\"yoast-seo-meta-tag\" \/>\n<meta name=\"twitter:site\" content=\"@PrensadeDios\" class=\"yoast-seo-meta-tag\" \/>\n<meta name=\"twitter:label1\" content=\"Escrito por\" class=\"yoast-seo-meta-tag\" \/>\n\t<meta name=\"twitter:data1\" content=\"tabernaculo\" class=\"yoast-seo-meta-tag\" \/>\n\t<meta name=\"twitter:label2\" content=\"Tiempo de lectura\" class=\"yoast-seo-meta-tag\" \/>\n\t<meta name=\"twitter:data2\" content=\"2 minutos\" class=\"yoast-seo-meta-tag\" \/>\n<script type=\"application\/ld+json\" class=\"yoast-schema-graph\">{\"@context\":\"https:\/\/schema.org\",\"@graph\":[{\"@type\":\"Article\",\"@id\":\"https:\/\/tabernaculoprensadedios.com\/web\/la-migracion-y-republica-dominicana\/#article\",\"isPartOf\":{\"@id\":\"https:\/\/tabernaculoprensadedios.com\/web\/la-migracion-y-republica-dominicana\/\"},\"author\":{\"name\":\"tabernaculo\",\"@id\":\"https:\/\/tabernaculoprensadedios.com\/web\/#\/schema\/person\/bc0e069fef56b38e177db6f098ae0b6e\"},\"headline\":\"La migraci\u00f3n y Rep\u00fablica Dominicana\",\"datePublished\":\"2020-10-17T00:28:48+00:00\",\"mainEntityOfPage\":{\"@id\":\"https:\/\/tabernaculoprensadedios.com\/web\/la-migracion-y-republica-dominicana\/\"},\"wordCount\":398,\"commentCount\":0,\"publisher\":{\"@id\":\"https:\/\/tabernaculoprensadedios.com\/web\/#\/schema\/person\/bc0e069fef56b38e177db6f098ae0b6e\"},\"image\":{\"@id\":\"https:\/\/tabernaculoprensadedios.com\/web\/la-migracion-y-republica-dominicana\/#primaryimage\"},\"thumbnailUrl\":\"https:\/\/tabernaculoprensadedios.com\/web\/wp-content\/uploads\/2020\/10\/gran-tapon-humano-en-la-duarte-en-vispera-de-la-nochebuena.jpeg\",\"articleSection\":[\"Articulos\",\"Politica\"],\"inLanguage\":\"es\",\"potentialAction\":[{\"@type\":\"CommentAction\",\"name\":\"Comment\",\"target\":[\"https:\/\/tabernaculoprensadedios.com\/web\/la-migracion-y-republica-dominicana\/#respond\"]}]},{\"@type\":\"WebPage\",\"@id\":\"https:\/\/tabernaculoprensadedios.com\/web\/la-migracion-y-republica-dominicana\/\",\"url\":\"https:\/\/tabernaculoprensadedios.com\/web\/la-migracion-y-republica-dominicana\/\",\"name\":\"La migraci\u00f3n y Rep\u00fablica Dominicana - Tabernaculo Prensa de Dios\",\"isPartOf\":{\"@id\":\"https:\/\/tabernaculoprensadedios.com\/web\/#website\"},\"primaryImageOfPage\":{\"@id\":\"https:\/\/tabernaculoprensadedios.com\/web\/la-migracion-y-republica-dominicana\/#primaryimage\"},\"image\":{\"@id\":\"https:\/\/tabernaculoprensadedios.com\/web\/la-migracion-y-republica-dominicana\/#primaryimage\"},\"thumbnailUrl\":\"https:\/\/tabernaculoprensadedios.com\/web\/wp-content\/uploads\/2020\/10\/gran-tapon-humano-en-la-duarte-en-vispera-de-la-nochebuena.jpeg\",\"datePublished\":\"2020-10-17T00:28:48+00:00\",\"breadcrumb\":{\"@id\":\"https:\/\/tabernaculoprensadedios.com\/web\/la-migracion-y-republica-dominicana\/#breadcrumb\"},\"inLanguage\":\"es\",\"potentialAction\":[{\"@type\":\"ReadAction\",\"target\":[\"https:\/\/tabernaculoprensadedios.com\/web\/la-migracion-y-republica-dominicana\/\"]}]},{\"@type\":\"ImageObject\",\"inLanguage\":\"es\",\"@id\":\"https:\/\/tabernaculoprensadedios.com\/web\/la-migracion-y-republica-dominicana\/#primaryimage\",\"url\":\"https:\/\/tabernaculoprensadedios.com\/web\/wp-content\/uploads\/2020\/10\/gran-tapon-humano-en-la-duarte-en-vispera-de-la-nochebuena.jpeg\",\"contentUrl\":\"https:\/\/tabernaculoprensadedios.com\/web\/wp-content\/uploads\/2020\/10\/gran-tapon-humano-en-la-duarte-en-vispera-de-la-nochebuena.jpeg\",\"width\":680,\"height\":452,\"caption\":\"LD\"},{\"@type\":\"BreadcrumbList\",\"@id\":\"https:\/\/tabernaculoprensadedios.com\/web\/la-migracion-y-republica-dominicana\/#breadcrumb\",\"itemListElement\":[{\"@type\":\"ListItem\",\"position\":1,\"name\":\"Portada\",\"item\":\"https:\/\/tabernaculoprensadedios.com\/web\/\"},{\"@type\":\"ListItem\",\"position\":2,\"name\":\"La migraci\u00f3n y Rep\u00fablica Dominicana\"}]},{\"@type\":\"WebSite\",\"@id\":\"https:\/\/tabernaculoprensadedios.com\/web\/#website\",\"url\":\"https:\/\/tabernaculoprensadedios.com\/web\/\",\"name\":\"Tabernaculo Prensa de Dios\",\"description\":\"Un medio a la manera de Dios\",\"publisher\":{\"@id\":\"https:\/\/tabernaculoprensadedios.com\/web\/#\/schema\/person\/bc0e069fef56b38e177db6f098ae0b6e\"},\"potentialAction\":[{\"@type\":\"SearchAction\",\"target\":{\"@type\":\"EntryPoint\",\"urlTemplate\":\"https:\/\/tabernaculoprensadedios.com\/web\/?s={search_term_string}\"},\"query-input\":{\"@type\":\"PropertyValueSpecification\",\"valueRequired\":true,\"valueName\":\"search_term_string\"}}],\"inLanguage\":\"es\"},{\"@type\":[\"Person\",\"Organization\"],\"@id\":\"https:\/\/tabernaculoprensadedios.com\/web\/#\/schema\/person\/bc0e069fef56b38e177db6f098ae0b6e\",\"name\":\"tabernaculo\",\"image\":{\"@type\":\"ImageObject\",\"inLanguage\":\"es\",\"@id\":\"https:\/\/tabernaculoprensadedios.com\/web\/#\/schema\/person\/image\/\",\"url\":\"https:\/\/tabernaculoprensadedios.com\/web\/wp-content\/uploads\/2015\/06\/login-logo1.png\",\"contentUrl\":\"https:\/\/tabernaculoprensadedios.com\/web\/wp-content\/uploads\/2015\/06\/login-logo1.png\",\"width\":300,\"height\":118,\"caption\":\"tabernaculo\"},\"logo\":{\"@id\":\"https:\/\/tabernaculoprensadedios.com\/web\/#\/schema\/person\/image\/\"},\"url\":\"https:\/\/tabernaculoprensadedios.com\/web\/author\/tabernaculo\/\"}]}<\/script>\n<!-- \/ Yoast SEO Premium plugin. -->","yoast_head_json":{"title":"La migraci\u00f3n y Rep\u00fablica Dominicana - Tabernaculo Prensa de Dios","robots":{"index":"index","follow":"follow","max-snippet":"max-snippet:-1","max-image-preview":"max-image-preview:large","max-video-preview":"max-video-preview:-1"},"canonical":"https:\/\/tabernaculoprensadedios.com\/web\/la-migracion-y-republica-dominicana\/","og_locale":"es_ES","og_type":"article","og_title":"La migraci\u00f3n y Rep\u00fablica Dominicana","og_description":"Debemos iniciar por un reconocimiento: todos tenemos el inmigrante en nuestro \u00e1rbol geneal\u00f3gico. Por miles de a\u00f1os, el hombre, ora por hambre, ora por mejores perspectivas, dejaba su mundo conocido y se aventuraba a terras incognitas, es decir, mundos desconocidos, donde muchas veces reconstruia su vida de cero. Pensemos en un judio que se asentaba &hellip;","og_url":"https:\/\/tabernaculoprensadedios.com\/web\/la-migracion-y-republica-dominicana\/","og_site_name":"Tabernaculo Prensa de Dios","article_published_time":"2020-10-17T00:28:48+00:00","og_image":[{"width":680,"height":452,"url":"https:\/\/tabernaculoprensadedios.com\/web\/wp-content\/uploads\/2020\/10\/gran-tapon-humano-en-la-duarte-en-vispera-de-la-nochebuena.jpeg","type":"image\/jpeg"}],"author":"tabernaculo","twitter_card":"summary_large_image","twitter_creator":"@PrensadeDios","twitter_site":"@PrensadeDios","twitter_misc":{"Escrito por":"tabernaculo","Tiempo de lectura":"2 minutos"},"schema":{"@context":"https:\/\/schema.org","@graph":[{"@type":"Article","@id":"https:\/\/tabernaculoprensadedios.com\/web\/la-migracion-y-republica-dominicana\/#article","isPartOf":{"@id":"https:\/\/tabernaculoprensadedios.com\/web\/la-migracion-y-republica-dominicana\/"},"author":{"name":"tabernaculo","@id":"https:\/\/tabernaculoprensadedios.com\/web\/#\/schema\/person\/bc0e069fef56b38e177db6f098ae0b6e"},"headline":"La migraci\u00f3n y Rep\u00fablica Dominicana","datePublished":"2020-10-17T00:28:48+00:00","mainEntityOfPage":{"@id":"https:\/\/tabernaculoprensadedios.com\/web\/la-migracion-y-republica-dominicana\/"},"wordCount":398,"commentCount":0,"publisher":{"@id":"https:\/\/tabernaculoprensadedios.com\/web\/#\/schema\/person\/bc0e069fef56b38e177db6f098ae0b6e"},"image":{"@id":"https:\/\/tabernaculoprensadedios.com\/web\/la-migracion-y-republica-dominicana\/#primaryimage"},"thumbnailUrl":"https:\/\/tabernaculoprensadedios.com\/web\/wp-content\/uploads\/2020\/10\/gran-tapon-humano-en-la-duarte-en-vispera-de-la-nochebuena.jpeg","articleSection":["Articulos","Politica"],"inLanguage":"es","potentialAction":[{"@type":"CommentAction","name":"Comment","target":["https:\/\/tabernaculoprensadedios.com\/web\/la-migracion-y-republica-dominicana\/#respond"]}]},{"@type":"WebPage","@id":"https:\/\/tabernaculoprensadedios.com\/web\/la-migracion-y-republica-dominicana\/","url":"https:\/\/tabernaculoprensadedios.com\/web\/la-migracion-y-republica-dominicana\/","name":"La migraci\u00f3n y Rep\u00fablica Dominicana - Tabernaculo Prensa de Dios","isPartOf":{"@id":"https:\/\/tabernaculoprensadedios.com\/web\/#website"},"primaryImageOfPage":{"@id":"https:\/\/tabernaculoprensadedios.com\/web\/la-migracion-y-republica-dominicana\/#primaryimage"},"image":{"@id":"https:\/\/tabernaculoprensadedios.com\/web\/la-migracion-y-republica-dominicana\/#primaryimage"},"thumbnailUrl":"https:\/\/tabernaculoprensadedios.com\/web\/wp-content\/uploads\/2020\/10\/gran-tapon-humano-en-la-duarte-en-vispera-de-la-nochebuena.jpeg","datePublished":"2020-10-17T00:28:48+00:00","breadcrumb":{"@id":"https:\/\/tabernaculoprensadedios.com\/web\/la-migracion-y-republica-dominicana\/#breadcrumb"},"inLanguage":"es","potentialAction":[{"@type":"ReadAction","target":["https:\/\/tabernaculoprensadedios.com\/web\/la-migracion-y-republica-dominicana\/"]}]},{"@type":"ImageObject","inLanguage":"es","@id":"https:\/\/tabernaculoprensadedios.com\/web\/la-migracion-y-republica-dominicana\/#primaryimage","url":"https:\/\/tabernaculoprensadedios.com\/web\/wp-content\/uploads\/2020\/10\/gran-tapon-humano-en-la-duarte-en-vispera-de-la-nochebuena.jpeg","contentUrl":"https:\/\/tabernaculoprensadedios.com\/web\/wp-content\/uploads\/2020\/10\/gran-tapon-humano-en-la-duarte-en-vispera-de-la-nochebuena.jpeg","width":680,"height":452,"caption":"LD"},{"@type":"BreadcrumbList","@id":"https:\/\/tabernaculoprensadedios.com\/web\/la-migracion-y-republica-dominicana\/#breadcrumb","itemListElement":[{"@type":"ListItem","position":1,"name":"Portada","item":"https:\/\/tabernaculoprensadedios.com\/web\/"},{"@type":"ListItem","position":2,"name":"La migraci\u00f3n y Rep\u00fablica Dominicana"}]},{"@type":"WebSite","@id":"https:\/\/tabernaculoprensadedios.com\/web\/#website","url":"https:\/\/tabernaculoprensadedios.com\/web\/","name":"Tabernaculo Prensa de Dios","description":"Un medio a la manera de Dios","publisher":{"@id":"https:\/\/tabernaculoprensadedios.com\/web\/#\/schema\/person\/bc0e069fef56b38e177db6f098ae0b6e"},"potentialAction":[{"@type":"SearchAction","target":{"@type":"EntryPoint","urlTemplate":"https:\/\/tabernaculoprensadedios.com\/web\/?s={search_term_string}"},"query-input":{"@type":"PropertyValueSpecification","valueRequired":true,"valueName":"search_term_string"}}],"inLanguage":"es"},{"@type":["Person","Organization"],"@id":"https:\/\/tabernaculoprensadedios.com\/web\/#\/schema\/person\/bc0e069fef56b38e177db6f098ae0b6e","name":"tabernaculo","image":{"@type":"ImageObject","inLanguage":"es","@id":"https:\/\/tabernaculoprensadedios.com\/web\/#\/schema\/person\/image\/","url":"https:\/\/tabernaculoprensadedios.com\/web\/wp-content\/uploads\/2015\/06\/login-logo1.png","contentUrl":"https:\/\/tabernaculoprensadedios.com\/web\/wp-content\/uploads\/2015\/06\/login-logo1.png","width":300,"height":118,"caption":"tabernaculo"},"logo":{"@id":"https:\/\/tabernaculoprensadedios.com\/web\/#\/schema\/person\/image\/"},"url":"https:\/\/tabernaculoprensadedios.com\/web\/author\/tabernaculo\/"}]}},"_links":{"self":[{"href":"https:\/\/tabernaculoprensadedios.com\/web\/wp-json\/wp\/v2\/posts\/19896","targetHints":{"allow":["GET"]}}],"collection":[{"href":"https:\/\/tabernaculoprensadedios.com\/web\/wp-json\/wp\/v2\/posts"}],"about":[{"href":"https:\/\/tabernaculoprensadedios.com\/web\/wp-json\/wp\/v2\/types\/post"}],"author":[{"embeddable":true,"href":"https:\/\/tabernaculoprensadedios.com\/web\/wp-json\/wp\/v2\/users\/1"}],"replies":[{"embeddable":true,"href":"https:\/\/tabernaculoprensadedios.com\/web\/wp-json\/wp\/v2\/comments?post=19896"}],"version-history":[{"count":1,"href":"https:\/\/tabernaculoprensadedios.com\/web\/wp-json\/wp\/v2\/posts\/19896\/revisions"}],"predecessor-version":[{"id":19898,"href":"https:\/\/tabernaculoprensadedios.com\/web\/wp-json\/wp\/v2\/posts\/19896\/revisions\/19898"}],"wp:featuredmedia":[{"embeddable":true,"href":"https:\/\/tabernaculoprensadedios.com\/web\/wp-json\/wp\/v2\/media\/19897"}],"wp:attachment":[{"href":"https:\/\/tabernaculoprensadedios.com\/web\/wp-json\/wp\/v2\/media?parent=19896"}],"wp:term":[{"taxonomy":"category","embeddable":true,"href":"https:\/\/tabernaculoprensadedios.com\/web\/wp-json\/wp\/v2\/categories?post=19896"},{"taxonomy":"post_tag","embeddable":true,"href":"https:\/\/tabernaculoprensadedios.com\/web\/wp-json\/wp\/v2\/tags?post=19896"}],"curies":[{"name":"wp","href":"https:\/\/api.w.org\/{rel}","templated":true}]}}