{"id":19868,"date":"2020-10-14T22:52:38","date_gmt":"2020-10-14T22:52:38","guid":{"rendered":"http:\/\/tabernaculoprensadedios.com\/web\/?p=19868"},"modified":"2020-10-15T15:34:31","modified_gmt":"2020-10-15T15:34:31","slug":"mescyt-respaldara-primer-doctorado-en-agroecologia-que-procura-desarrollar-la-universidad-nacional-evangelica","status":"publish","type":"post","link":"https:\/\/tabernaculoprensadedios.com\/web\/mescyt-respaldara-primer-doctorado-en-agroecologia-que-procura-desarrollar-la-universidad-nacional-evangelica\/","title":{"rendered":"MESCYT respaldar\u00e1 primer doctorado en agroecolog\u00eda que procura desarrollar la UNEV"},"content":{"rendered":"<p>El ministro del Ministerio de Educaci\u00f3n Superior, Ciencia y Tecnolog\u00eda (MESCYT), doctor Franklin Garc\u00eda Ferm\u00edn, sostuvo una reuni\u00f3n con el rector de la Universidad Nacional Evang\u00e9lica (UNEV), Epifanio Gonz\u00e1lez Minaya, quien expuso que la academia lleva a cabo 18 proyectos de investigaci\u00f3n, entre ellos sobre salud, el desarrollo de tecnolog\u00edas, transformaci\u00f3n de desechos en insumos y agricultura sostenible.<\/p>\n<p>Durante un recorrido por el Centro de Investigaciones Cient\u00edficas y Desarrollo de Tecnolog\u00edas de la UNEV, Gonz\u00e1lez Minaya mostr\u00f3 los avances en materia de investigaci\u00f3n y agradeci\u00f3 el respaldo del MESCYT a las iniciativas de la academia, a trav\u00e9s del Fondo Nacional de Ciencia,\u00a0 Investigaci\u00f3n y Tecnolog\u00eda (FONDOCYT).<\/p>\n<p>Mientras, que Garc\u00eda Ferm\u00edn inform\u00f3 al rector universitario que el MESCYT apoyar\u00e1 la impartici\u00f3n del primer doctorado en agroecolog\u00eda en el pa\u00eds, que se propone desarrollar la UNEV, con una cobertura de un 100% del costo.<\/p>\n<p>El funcionario inst\u00f3 a la academia continuar por el sendero de la investigaci\u00f3n porque es fundamental para el desarrollo de las universidades e impactan positivamente.<\/p>\n<p>Garc\u00eda Ferm\u00edn manifest\u00f3 a Gonz\u00e1lez Minaya que la UNEV cuenta con el respaldo del MESCYT para continuar ampliando y desarrollando los programas de investigaci\u00f3n.<\/p>\n<p>Gonz\u00e1lez Minaya consider\u00f3 como fruct\u00edfero y beneficioso\u00a0 el acercamiento que ha tenido el ministro con las universidades, y en especial con la UNEV lo cual consolidar\u00e1 los avances del sistema de educaci\u00f3n superior y que favorecer\u00e1 a miles de estudiantes de escasos recursos.<\/p>\n<p>Asegur\u00f3 que no se puede hablar de academia sin mencionar el rengl\u00f3n investigaci\u00f3n. \u201cLos proyectos de investigaci\u00f3n nos han permitido crear una masa cr\u00edtica y esto se ve gracias al trabajo de TEC-UNEV y los\u00a0 recursos invertidos a trav\u00e9s del Fondo Nacional de Innovaci\u00f3n y Desarrollo Cient\u00edfico y Tecnol\u00f3gico (FONDOCYT)\u201d, a\u00f1adi\u00f3.<\/p>\n<p>Resalt\u00f3 el papel que viene desarrollando Garc\u00eda Ferm\u00edn en su colaboraci\u00f3n con las universidades y acercando al MESCYT a las academias para crear\u00a0 un puente nunca antes visto, que permite un trabajo cercano y la creaci\u00f3n de un clima de confianza.<\/p>\n<div id='gallery-1' class='gallery galleryid-19868 gallery-columns-4 gallery-size-thumbnail'><figure class='gallery-item'>\n\t\t\t<div class='gallery-icon landscape'>\n\t\t\t\t<a href='https:\/\/tabernaculoprensadedios.com\/web\/mescyt-respaldara-primer-doctorado-en-agroecologia-que-procura-desarrollar-la-universidad-nacional-evangelica\/tecunec5\/'><img loading=\"lazy\" decoding=\"async\" width=\"96\" height=\"96\" src=\"https:\/\/tabernaculoprensadedios.com\/web\/wp-content\/uploads\/2020\/10\/tecunec5-150x150.jpg\" class=\"attachment-thumbnail size-thumbnail\" alt=\"\" srcset=\"https:\/\/tabernaculoprensadedios.com\/web\/wp-content\/uploads\/2020\/10\/tecunec5-150x150.jpg 150w, https:\/\/tabernaculoprensadedios.com\/web\/wp-content\/uploads\/2020\/10\/tecunec5-300x300.jpg 300w, https:\/\/tabernaculoprensadedios.com\/web\/wp-content\/uploads\/2020\/10\/tecunec5-100x100.jpg 100w\" sizes=\"auto, (max-width: 96px) 100vw, 96px\" \/><\/a>\n\t\t\t<\/div><\/figure><figure class='gallery-item'>\n\t\t\t<div class='gallery-icon landscape'>\n\t\t\t\t<a href='https:\/\/tabernaculoprensadedios.com\/web\/mescyt-respaldara-primer-doctorado-en-agroecologia-que-procura-desarrollar-la-universidad-nacional-evangelica\/tecunec2\/'><img loading=\"lazy\" decoding=\"async\" width=\"96\" height=\"96\" src=\"https:\/\/tabernaculoprensadedios.com\/web\/wp-content\/uploads\/2020\/10\/tecunec2-150x150.jpg\" class=\"attachment-thumbnail size-thumbnail\" alt=\"\" srcset=\"https:\/\/tabernaculoprensadedios.com\/web\/wp-content\/uploads\/2020\/10\/tecunec2-150x150.jpg 150w, https:\/\/tabernaculoprensadedios.com\/web\/wp-content\/uploads\/2020\/10\/tecunec2-300x300.jpg 300w, https:\/\/tabernaculoprensadedios.com\/web\/wp-content\/uploads\/2020\/10\/tecunec2-100x100.jpg 100w\" sizes=\"auto, (max-width: 96px) 100vw, 96px\" \/><\/a>\n\t\t\t<\/div><\/figure><figure class='gallery-item'>\n\t\t\t<div class='gallery-icon landscape'>\n\t\t\t\t<a href='https:\/\/tabernaculoprensadedios.com\/web\/mescyt-respaldara-primer-doctorado-en-agroecologia-que-procura-desarrollar-la-universidad-nacional-evangelica\/tecunec3\/'><img loading=\"lazy\" decoding=\"async\" width=\"96\" height=\"96\" src=\"https:\/\/tabernaculoprensadedios.com\/web\/wp-content\/uploads\/2020\/10\/tecunec3-150x150.jpg\" class=\"attachment-thumbnail size-thumbnail\" alt=\"\" srcset=\"https:\/\/tabernaculoprensadedios.com\/web\/wp-content\/uploads\/2020\/10\/tecunec3-150x150.jpg 150w, https:\/\/tabernaculoprensadedios.com\/web\/wp-content\/uploads\/2020\/10\/tecunec3-300x300.jpg 300w, https:\/\/tabernaculoprensadedios.com\/web\/wp-content\/uploads\/2020\/10\/tecunec3-100x100.jpg 100w\" sizes=\"auto, (max-width: 96px) 100vw, 96px\" \/><\/a>\n\t\t\t<\/div><\/figure><figure class='gallery-item'>\n\t\t\t<div class='gallery-icon landscape'>\n\t\t\t\t<a href='https:\/\/tabernaculoprensadedios.com\/web\/mescyt-respaldara-primer-doctorado-en-agroecologia-que-procura-desarrollar-la-universidad-nacional-evangelica\/tecunec6\/'><img loading=\"lazy\" decoding=\"async\" width=\"96\" height=\"96\" src=\"https:\/\/tabernaculoprensadedios.com\/web\/wp-content\/uploads\/2020\/10\/tecunec6-150x150.jpg\" class=\"attachment-thumbnail size-thumbnail\" alt=\"\" srcset=\"https:\/\/tabernaculoprensadedios.com\/web\/wp-content\/uploads\/2020\/10\/tecunec6-150x150.jpg 150w, https:\/\/tabernaculoprensadedios.com\/web\/wp-content\/uploads\/2020\/10\/tecunec6-300x300.jpg 300w, https:\/\/tabernaculoprensadedios.com\/web\/wp-content\/uploads\/2020\/10\/tecunec6-100x100.jpg 100w\" sizes=\"auto, (max-width: 96px) 100vw, 96px\" \/><\/a>\n\t\t\t<\/div><\/figure><figure class='gallery-item'>\n\t\t\t<div class='gallery-icon landscape'>\n\t\t\t\t<a href='https:\/\/tabernaculoprensadedios.com\/web\/mescyt-respaldara-primer-doctorado-en-agroecologia-que-procura-desarrollar-la-universidad-nacional-evangelica\/tecunec1\/'><img loading=\"lazy\" decoding=\"async\" width=\"96\" height=\"96\" src=\"https:\/\/tabernaculoprensadedios.com\/web\/wp-content\/uploads\/2020\/10\/tecunec1-150x150.jpg\" class=\"attachment-thumbnail size-thumbnail\" alt=\"\" srcset=\"https:\/\/tabernaculoprensadedios.com\/web\/wp-content\/uploads\/2020\/10\/tecunec1-150x150.jpg 150w, https:\/\/tabernaculoprensadedios.com\/web\/wp-content\/uploads\/2020\/10\/tecunec1-300x300.jpg 300w, https:\/\/tabernaculoprensadedios.com\/web\/wp-content\/uploads\/2020\/10\/tecunec1-100x100.jpg 100w\" sizes=\"auto, (max-width: 96px) 100vw, 96px\" \/><\/a>\n\t\t\t<\/div><\/figure><figure class='gallery-item'>\n\t\t\t<div class='gallery-icon landscape'>\n\t\t\t\t<a href='https:\/\/tabernaculoprensadedios.com\/web\/mescyt-respaldara-primer-doctorado-en-agroecologia-que-procura-desarrollar-la-universidad-nacional-evangelica\/tecunec4\/'><img loading=\"lazy\" decoding=\"async\" width=\"96\" height=\"96\" src=\"https:\/\/tabernaculoprensadedios.com\/web\/wp-content\/uploads\/2020\/10\/tecunec4-150x150.jpg\" class=\"attachment-thumbnail size-thumbnail\" alt=\"\" srcset=\"https:\/\/tabernaculoprensadedios.com\/web\/wp-content\/uploads\/2020\/10\/tecunec4-150x150.jpg 150w, https:\/\/tabernaculoprensadedios.com\/web\/wp-content\/uploads\/2020\/10\/tecunec4-300x300.jpg 300w, https:\/\/tabernaculoprensadedios.com\/web\/wp-content\/uploads\/2020\/10\/tecunec4-100x100.jpg 100w\" sizes=\"auto, (max-width: 96px) 100vw, 96px\" \/><\/a>\n\t\t\t<\/div><\/figure><figure class='gallery-item'>\n\t\t\t<div class='gallery-icon landscape'>\n\t\t\t\t<a href='https:\/\/tabernaculoprensadedios.com\/web\/mescyt-respaldara-primer-doctorado-en-agroecologia-que-procura-desarrollar-la-universidad-nacional-evangelica\/tecunec7\/'><img loading=\"lazy\" decoding=\"async\" width=\"96\" height=\"96\" src=\"https:\/\/tabernaculoprensadedios.com\/web\/wp-content\/uploads\/2020\/10\/tecunec7-150x150.jpg\" class=\"attachment-thumbnail size-thumbnail\" alt=\"\" srcset=\"https:\/\/tabernaculoprensadedios.com\/web\/wp-content\/uploads\/2020\/10\/tecunec7-150x150.jpg 150w, https:\/\/tabernaculoprensadedios.com\/web\/wp-content\/uploads\/2020\/10\/tecunec7-300x300.jpg 300w, https:\/\/tabernaculoprensadedios.com\/web\/wp-content\/uploads\/2020\/10\/tecunec7-100x100.jpg 100w\" sizes=\"auto, (max-width: 96px) 100vw, 96px\" \/><\/a>\n\t\t\t<\/div><\/figure>\n\t\t<\/div>\n\n<p>La UNEV sostiene que el presidente Luis Abinader y el \u00f3rgano regulador de la educaci\u00f3n superior han sido una tabla de salvaci\u00f3n, porque han ido en auxilio del sistema de educaci\u00f3n superior en medio de las dificultades originadas por el Covid-19.<\/p>\n<p>En la reuni\u00f3n estuvieron presentes los viceministros del MESCYT, Juan Francisco Viloria y Genaro Rodr\u00edguez; el asesor especial doctor Julio Altagracia; la vicerrectora acad\u00e9mica de la UNEV, Santa Guzm\u00e1n Mota; el vicerrector administrativo, Rafael Reyes Almonte; el vicerrector para asuntos internacionales, doctor Juan Guerrero \u00c1vila; y el director del recinto de Santiago, doctor Jos\u00e9 Vanderlinder.<\/p>\n","protected":false},"excerpt":{"rendered":"<p>El ministro del Ministerio de Educaci\u00f3n Superior, Ciencia y Tecnolog\u00eda (MESCYT), doctor Franklin Garc\u00eda Ferm\u00edn, sostuvo una reuni\u00f3n con el rector de la Universidad Nacional Evang\u00e9lica (UNEV), Epifanio Gonz\u00e1lez Minaya, quien expuso que la academia lleva a cabo 18 proyectos de investigaci\u00f3n, entre ellos sobre salud, el desarrollo de tecnolog\u00edas, transformaci\u00f3n de desechos en insumos &hellip;<\/p>\n","protected":false},"author":2,"featured_media":19869,"comment_status":"open","ping_status":"open","sticky":false,"template":"","format":"standard","meta":{"footnotes":""},"categories":[34],"tags":[],"class_list":["post-19868","post","type-post","status-publish","format-standard","has-post-thumbnail","hentry","category-articulos"],"yoast_head":"<!-- This site is optimized with the Yoast SEO Premium plugin v24.2 (Yoast SEO v27.1.1) - https:\/\/yoast.com\/product\/yoast-seo-premium-wordpress\/ -->\n<title>MESCYT respaldar\u00e1 primer doctorado en agroecolog\u00eda que procura desarrollar la UNEV - Tabernaculo Prensa de Dios<\/title>\n<meta name=\"robots\" content=\"index, follow, max-snippet:-1, max-image-preview:large, max-video-preview:-1\" \/>\n<link rel=\"canonical\" href=\"https:\/\/tabernaculoprensadedios.com\/web\/mescyt-respaldara-primer-doctorado-en-agroecologia-que-procura-desarrollar-la-universidad-nacional-evangelica\/\" class=\"yoast-seo-meta-tag\" \/>\n<meta property=\"og:locale\" content=\"es_ES\" class=\"yoast-seo-meta-tag\" \/>\n<meta property=\"og:type\" content=\"article\" class=\"yoast-seo-meta-tag\" \/>\n<meta property=\"og:title\" content=\"MESCYT respaldar\u00e1 primer doctorado en agroecolog\u00eda que procura desarrollar la UNEV\" class=\"yoast-seo-meta-tag\" \/>\n<meta property=\"og:description\" content=\"El ministro del Ministerio de Educaci\u00f3n Superior, Ciencia y Tecnolog\u00eda (MESCYT), doctor Franklin Garc\u00eda Ferm\u00edn, sostuvo una reuni\u00f3n con el rector de la Universidad Nacional Evang\u00e9lica (UNEV), Epifanio Gonz\u00e1lez Minaya, quien expuso que la academia lleva a cabo 18 proyectos de investigaci\u00f3n, entre ellos sobre salud, el desarrollo de tecnolog\u00edas, transformaci\u00f3n de desechos en insumos &hellip;\" class=\"yoast-seo-meta-tag\" \/>\n<meta property=\"og:url\" content=\"https:\/\/tabernaculoprensadedios.com\/web\/mescyt-respaldara-primer-doctorado-en-agroecologia-que-procura-desarrollar-la-universidad-nacional-evangelica\/\" class=\"yoast-seo-meta-tag\" \/>\n<meta property=\"og:site_name\" content=\"Tabernaculo Prensa de Dios\" class=\"yoast-seo-meta-tag\" \/>\n<meta property=\"article:published_time\" content=\"2020-10-14T22:52:38+00:00\" class=\"yoast-seo-meta-tag\" \/>\n<meta property=\"article:modified_time\" content=\"2020-10-15T15:34:31+00:00\" class=\"yoast-seo-meta-tag\" \/>\n<meta property=\"og:image\" content=\"https:\/\/tabernaculoprensadedios.com\/web\/wp-content\/uploads\/2020\/10\/tecunec.jpg\" class=\"yoast-seo-meta-tag\" \/>\n\t<meta property=\"og:image:width\" content=\"2006\" class=\"yoast-seo-meta-tag\" \/>\n\t<meta property=\"og:image:height\" content=\"923\" class=\"yoast-seo-meta-tag\" \/>\n\t<meta property=\"og:image:type\" content=\"image\/jpeg\" class=\"yoast-seo-meta-tag\" \/>\n<meta name=\"author\" content=\"Malga\" class=\"yoast-seo-meta-tag\" \/>\n<meta name=\"twitter:card\" content=\"summary_large_image\" class=\"yoast-seo-meta-tag\" \/>\n<meta name=\"twitter:creator\" content=\"@PrensadeDios\" class=\"yoast-seo-meta-tag\" \/>\n<meta name=\"twitter:site\" content=\"@PrensadeDios\" class=\"yoast-seo-meta-tag\" \/>\n<meta name=\"twitter:label1\" content=\"Escrito por\" class=\"yoast-seo-meta-tag\" \/>\n\t<meta name=\"twitter:data1\" content=\"Malga\" class=\"yoast-seo-meta-tag\" \/>\n\t<meta name=\"twitter:label2\" content=\"Tiempo de lectura\" class=\"yoast-seo-meta-tag\" \/>\n\t<meta name=\"twitter:data2\" content=\"2 minutos\" class=\"yoast-seo-meta-tag\" \/>\n<script type=\"application\/ld+json\" class=\"yoast-schema-graph\">{\"@context\":\"https:\/\/schema.org\",\"@graph\":[{\"@type\":\"Article\",\"@id\":\"https:\/\/tabernaculoprensadedios.com\/web\/mescyt-respaldara-primer-doctorado-en-agroecologia-que-procura-desarrollar-la-universidad-nacional-evangelica\/#article\",\"isPartOf\":{\"@id\":\"https:\/\/tabernaculoprensadedios.com\/web\/mescyt-respaldara-primer-doctorado-en-agroecologia-que-procura-desarrollar-la-universidad-nacional-evangelica\/\"},\"author\":{\"name\":\"Malga\",\"@id\":\"https:\/\/tabernaculoprensadedios.com\/web\/#\/schema\/person\/64ae3a8b2e245c8b8652b1294ca1860a\"},\"headline\":\"MESCYT respaldar\u00e1 primer doctorado en agroecolog\u00eda que procura desarrollar la UNEV\",\"datePublished\":\"2020-10-14T22:52:38+00:00\",\"dateModified\":\"2020-10-15T15:34:31+00:00\",\"mainEntityOfPage\":{\"@id\":\"https:\/\/tabernaculoprensadedios.com\/web\/mescyt-respaldara-primer-doctorado-en-agroecologia-que-procura-desarrollar-la-universidad-nacional-evangelica\/\"},\"wordCount\":487,\"commentCount\":0,\"publisher\":{\"@id\":\"https:\/\/tabernaculoprensadedios.com\/web\/#\/schema\/person\/bc0e069fef56b38e177db6f098ae0b6e\"},\"image\":{\"@id\":\"https:\/\/tabernaculoprensadedios.com\/web\/mescyt-respaldara-primer-doctorado-en-agroecologia-que-procura-desarrollar-la-universidad-nacional-evangelica\/#primaryimage\"},\"thumbnailUrl\":\"https:\/\/tabernaculoprensadedios.com\/web\/wp-content\/uploads\/2020\/10\/tecunec.jpg\",\"articleSection\":[\"Articulos\"],\"inLanguage\":\"es\",\"potentialAction\":[{\"@type\":\"CommentAction\",\"name\":\"Comment\",\"target\":[\"https:\/\/tabernaculoprensadedios.com\/web\/mescyt-respaldara-primer-doctorado-en-agroecologia-que-procura-desarrollar-la-universidad-nacional-evangelica\/#respond\"]}]},{\"@type\":\"WebPage\",\"@id\":\"https:\/\/tabernaculoprensadedios.com\/web\/mescyt-respaldara-primer-doctorado-en-agroecologia-que-procura-desarrollar-la-universidad-nacional-evangelica\/\",\"url\":\"https:\/\/tabernaculoprensadedios.com\/web\/mescyt-respaldara-primer-doctorado-en-agroecologia-que-procura-desarrollar-la-universidad-nacional-evangelica\/\",\"name\":\"MESCYT respaldar\u00e1 primer doctorado en agroecolog\u00eda que procura desarrollar la UNEV - Tabernaculo Prensa de Dios\",\"isPartOf\":{\"@id\":\"https:\/\/tabernaculoprensadedios.com\/web\/#website\"},\"primaryImageOfPage\":{\"@id\":\"https:\/\/tabernaculoprensadedios.com\/web\/mescyt-respaldara-primer-doctorado-en-agroecologia-que-procura-desarrollar-la-universidad-nacional-evangelica\/#primaryimage\"},\"image\":{\"@id\":\"https:\/\/tabernaculoprensadedios.com\/web\/mescyt-respaldara-primer-doctorado-en-agroecologia-que-procura-desarrollar-la-universidad-nacional-evangelica\/#primaryimage\"},\"thumbnailUrl\":\"https:\/\/tabernaculoprensadedios.com\/web\/wp-content\/uploads\/2020\/10\/tecunec.jpg\",\"datePublished\":\"2020-10-14T22:52:38+00:00\",\"dateModified\":\"2020-10-15T15:34:31+00:00\",\"breadcrumb\":{\"@id\":\"https:\/\/tabernaculoprensadedios.com\/web\/mescyt-respaldara-primer-doctorado-en-agroecologia-que-procura-desarrollar-la-universidad-nacional-evangelica\/#breadcrumb\"},\"inLanguage\":\"es\",\"potentialAction\":[{\"@type\":\"ReadAction\",\"target\":[\"https:\/\/tabernaculoprensadedios.com\/web\/mescyt-respaldara-primer-doctorado-en-agroecologia-que-procura-desarrollar-la-universidad-nacional-evangelica\/\"]}]},{\"@type\":\"ImageObject\",\"inLanguage\":\"es\",\"@id\":\"https:\/\/tabernaculoprensadedios.com\/web\/mescyt-respaldara-primer-doctorado-en-agroecologia-que-procura-desarrollar-la-universidad-nacional-evangelica\/#primaryimage\",\"url\":\"https:\/\/tabernaculoprensadedios.com\/web\/wp-content\/uploads\/2020\/10\/tecunec.jpg\",\"contentUrl\":\"https:\/\/tabernaculoprensadedios.com\/web\/wp-content\/uploads\/2020\/10\/tecunec.jpg\",\"width\":2006,\"height\":923},{\"@type\":\"BreadcrumbList\",\"@id\":\"https:\/\/tabernaculoprensadedios.com\/web\/mescyt-respaldara-primer-doctorado-en-agroecologia-que-procura-desarrollar-la-universidad-nacional-evangelica\/#breadcrumb\",\"itemListElement\":[{\"@type\":\"ListItem\",\"position\":1,\"name\":\"Portada\",\"item\":\"https:\/\/tabernaculoprensadedios.com\/web\/\"},{\"@type\":\"ListItem\",\"position\":2,\"name\":\"MESCYT respaldar\u00e1 primer doctorado en agroecolog\u00eda que procura desarrollar la UNEV\"}]},{\"@type\":\"WebSite\",\"@id\":\"https:\/\/tabernaculoprensadedios.com\/web\/#website\",\"url\":\"https:\/\/tabernaculoprensadedios.com\/web\/\",\"name\":\"Tabernaculo Prensa de Dios\",\"description\":\"Un medio a la manera de Dios\",\"publisher\":{\"@id\":\"https:\/\/tabernaculoprensadedios.com\/web\/#\/schema\/person\/bc0e069fef56b38e177db6f098ae0b6e\"},\"potentialAction\":[{\"@type\":\"SearchAction\",\"target\":{\"@type\":\"EntryPoint\",\"urlTemplate\":\"https:\/\/tabernaculoprensadedios.com\/web\/?s={search_term_string}\"},\"query-input\":{\"@type\":\"PropertyValueSpecification\",\"valueRequired\":true,\"valueName\":\"search_term_string\"}}],\"inLanguage\":\"es\"},{\"@type\":[\"Person\",\"Organization\"],\"@id\":\"https:\/\/tabernaculoprensadedios.com\/web\/#\/schema\/person\/bc0e069fef56b38e177db6f098ae0b6e\",\"name\":\"tabernaculo\",\"image\":{\"@type\":\"ImageObject\",\"inLanguage\":\"es\",\"@id\":\"https:\/\/tabernaculoprensadedios.com\/web\/#\/schema\/person\/image\/\",\"url\":\"https:\/\/tabernaculoprensadedios.com\/web\/wp-content\/uploads\/2015\/06\/login-logo1.png\",\"contentUrl\":\"https:\/\/tabernaculoprensadedios.com\/web\/wp-content\/uploads\/2015\/06\/login-logo1.png\",\"width\":300,\"height\":118,\"caption\":\"tabernaculo\"},\"logo\":{\"@id\":\"https:\/\/tabernaculoprensadedios.com\/web\/#\/schema\/person\/image\/\"}},{\"@type\":\"Person\",\"@id\":\"https:\/\/tabernaculoprensadedios.com\/web\/#\/schema\/person\/64ae3a8b2e245c8b8652b1294ca1860a\",\"name\":\"Malga\",\"image\":{\"@type\":\"ImageObject\",\"inLanguage\":\"es\",\"@id\":\"https:\/\/tabernaculoprensadedios.com\/web\/#\/schema\/person\/image\/\",\"url\":\"\/\/www.gravatar.com\/avatar\/b06041ad78a6d3dd6b8d5ebf9704448e?s=96&#038;r=g&#038;d=mm\",\"contentUrl\":\"\/\/www.gravatar.com\/avatar\/b06041ad78a6d3dd6b8d5ebf9704448e?s=96&#038;r=g&#038;d=mm\",\"caption\":\"Malga\"},\"url\":\"https:\/\/tabernaculoprensadedios.com\/web\/author\/malga\/\"}]}<\/script>\n<!-- \/ Yoast SEO Premium plugin. -->","yoast_head_json":{"title":"MESCYT respaldar\u00e1 primer doctorado en agroecolog\u00eda que procura desarrollar la UNEV - Tabernaculo Prensa de Dios","robots":{"index":"index","follow":"follow","max-snippet":"max-snippet:-1","max-image-preview":"max-image-preview:large","max-video-preview":"max-video-preview:-1"},"canonical":"https:\/\/tabernaculoprensadedios.com\/web\/mescyt-respaldara-primer-doctorado-en-agroecologia-que-procura-desarrollar-la-universidad-nacional-evangelica\/","og_locale":"es_ES","og_type":"article","og_title":"MESCYT respaldar\u00e1 primer doctorado en agroecolog\u00eda que procura desarrollar la UNEV","og_description":"El ministro del Ministerio de Educaci\u00f3n Superior, Ciencia y Tecnolog\u00eda (MESCYT), doctor Franklin Garc\u00eda Ferm\u00edn, sostuvo una reuni\u00f3n con el rector de la Universidad Nacional Evang\u00e9lica (UNEV), Epifanio Gonz\u00e1lez Minaya, quien expuso que la academia lleva a cabo 18 proyectos de investigaci\u00f3n, entre ellos sobre salud, el desarrollo de tecnolog\u00edas, transformaci\u00f3n de desechos en insumos &hellip;","og_url":"https:\/\/tabernaculoprensadedios.com\/web\/mescyt-respaldara-primer-doctorado-en-agroecologia-que-procura-desarrollar-la-universidad-nacional-evangelica\/","og_site_name":"Tabernaculo Prensa de Dios","article_published_time":"2020-10-14T22:52:38+00:00","article_modified_time":"2020-10-15T15:34:31+00:00","og_image":[{"width":2006,"height":923,"url":"https:\/\/tabernaculoprensadedios.com\/web\/wp-content\/uploads\/2020\/10\/tecunec.jpg","type":"image\/jpeg"}],"author":"Malga","twitter_card":"summary_large_image","twitter_creator":"@PrensadeDios","twitter_site":"@PrensadeDios","twitter_misc":{"Escrito por":"Malga","Tiempo de lectura":"2 minutos"},"schema":{"@context":"https:\/\/schema.org","@graph":[{"@type":"Article","@id":"https:\/\/tabernaculoprensadedios.com\/web\/mescyt-respaldara-primer-doctorado-en-agroecologia-que-procura-desarrollar-la-universidad-nacional-evangelica\/#article","isPartOf":{"@id":"https:\/\/tabernaculoprensadedios.com\/web\/mescyt-respaldara-primer-doctorado-en-agroecologia-que-procura-desarrollar-la-universidad-nacional-evangelica\/"},"author":{"name":"Malga","@id":"https:\/\/tabernaculoprensadedios.com\/web\/#\/schema\/person\/64ae3a8b2e245c8b8652b1294ca1860a"},"headline":"MESCYT respaldar\u00e1 primer doctorado en agroecolog\u00eda que procura desarrollar la UNEV","datePublished":"2020-10-14T22:52:38+00:00","dateModified":"2020-10-15T15:34:31+00:00","mainEntityOfPage":{"@id":"https:\/\/tabernaculoprensadedios.com\/web\/mescyt-respaldara-primer-doctorado-en-agroecologia-que-procura-desarrollar-la-universidad-nacional-evangelica\/"},"wordCount":487,"commentCount":0,"publisher":{"@id":"https:\/\/tabernaculoprensadedios.com\/web\/#\/schema\/person\/bc0e069fef56b38e177db6f098ae0b6e"},"image":{"@id":"https:\/\/tabernaculoprensadedios.com\/web\/mescyt-respaldara-primer-doctorado-en-agroecologia-que-procura-desarrollar-la-universidad-nacional-evangelica\/#primaryimage"},"thumbnailUrl":"https:\/\/tabernaculoprensadedios.com\/web\/wp-content\/uploads\/2020\/10\/tecunec.jpg","articleSection":["Articulos"],"inLanguage":"es","potentialAction":[{"@type":"CommentAction","name":"Comment","target":["https:\/\/tabernaculoprensadedios.com\/web\/mescyt-respaldara-primer-doctorado-en-agroecologia-que-procura-desarrollar-la-universidad-nacional-evangelica\/#respond"]}]},{"@type":"WebPage","@id":"https:\/\/tabernaculoprensadedios.com\/web\/mescyt-respaldara-primer-doctorado-en-agroecologia-que-procura-desarrollar-la-universidad-nacional-evangelica\/","url":"https:\/\/tabernaculoprensadedios.com\/web\/mescyt-respaldara-primer-doctorado-en-agroecologia-que-procura-desarrollar-la-universidad-nacional-evangelica\/","name":"MESCYT respaldar\u00e1 primer doctorado en agroecolog\u00eda que procura desarrollar la UNEV - Tabernaculo Prensa de Dios","isPartOf":{"@id":"https:\/\/tabernaculoprensadedios.com\/web\/#website"},"primaryImageOfPage":{"@id":"https:\/\/tabernaculoprensadedios.com\/web\/mescyt-respaldara-primer-doctorado-en-agroecologia-que-procura-desarrollar-la-universidad-nacional-evangelica\/#primaryimage"},"image":{"@id":"https:\/\/tabernaculoprensadedios.com\/web\/mescyt-respaldara-primer-doctorado-en-agroecologia-que-procura-desarrollar-la-universidad-nacional-evangelica\/#primaryimage"},"thumbnailUrl":"https:\/\/tabernaculoprensadedios.com\/web\/wp-content\/uploads\/2020\/10\/tecunec.jpg","datePublished":"2020-10-14T22:52:38+00:00","dateModified":"2020-10-15T15:34:31+00:00","breadcrumb":{"@id":"https:\/\/tabernaculoprensadedios.com\/web\/mescyt-respaldara-primer-doctorado-en-agroecologia-que-procura-desarrollar-la-universidad-nacional-evangelica\/#breadcrumb"},"inLanguage":"es","potentialAction":[{"@type":"ReadAction","target":["https:\/\/tabernaculoprensadedios.com\/web\/mescyt-respaldara-primer-doctorado-en-agroecologia-que-procura-desarrollar-la-universidad-nacional-evangelica\/"]}]},{"@type":"ImageObject","inLanguage":"es","@id":"https:\/\/tabernaculoprensadedios.com\/web\/mescyt-respaldara-primer-doctorado-en-agroecologia-que-procura-desarrollar-la-universidad-nacional-evangelica\/#primaryimage","url":"https:\/\/tabernaculoprensadedios.com\/web\/wp-content\/uploads\/2020\/10\/tecunec.jpg","contentUrl":"https:\/\/tabernaculoprensadedios.com\/web\/wp-content\/uploads\/2020\/10\/tecunec.jpg","width":2006,"height":923},{"@type":"BreadcrumbList","@id":"https:\/\/tabernaculoprensadedios.com\/web\/mescyt-respaldara-primer-doctorado-en-agroecologia-que-procura-desarrollar-la-universidad-nacional-evangelica\/#breadcrumb","itemListElement":[{"@type":"ListItem","position":1,"name":"Portada","item":"https:\/\/tabernaculoprensadedios.com\/web\/"},{"@type":"ListItem","position":2,"name":"MESCYT respaldar\u00e1 primer doctorado en agroecolog\u00eda que procura desarrollar la UNEV"}]},{"@type":"WebSite","@id":"https:\/\/tabernaculoprensadedios.com\/web\/#website","url":"https:\/\/tabernaculoprensadedios.com\/web\/","name":"Tabernaculo Prensa de Dios","description":"Un medio a la manera de Dios","publisher":{"@id":"https:\/\/tabernaculoprensadedios.com\/web\/#\/schema\/person\/bc0e069fef56b38e177db6f098ae0b6e"},"potentialAction":[{"@type":"SearchAction","target":{"@type":"EntryPoint","urlTemplate":"https:\/\/tabernaculoprensadedios.com\/web\/?s={search_term_string}"},"query-input":{"@type":"PropertyValueSpecification","valueRequired":true,"valueName":"search_term_string"}}],"inLanguage":"es"},{"@type":["Person","Organization"],"@id":"https:\/\/tabernaculoprensadedios.com\/web\/#\/schema\/person\/bc0e069fef56b38e177db6f098ae0b6e","name":"tabernaculo","image":{"@type":"ImageObject","inLanguage":"es","@id":"https:\/\/tabernaculoprensadedios.com\/web\/#\/schema\/person\/image\/","url":"https:\/\/tabernaculoprensadedios.com\/web\/wp-content\/uploads\/2015\/06\/login-logo1.png","contentUrl":"https:\/\/tabernaculoprensadedios.com\/web\/wp-content\/uploads\/2015\/06\/login-logo1.png","width":300,"height":118,"caption":"tabernaculo"},"logo":{"@id":"https:\/\/tabernaculoprensadedios.com\/web\/#\/schema\/person\/image\/"}},{"@type":"Person","@id":"https:\/\/tabernaculoprensadedios.com\/web\/#\/schema\/person\/64ae3a8b2e245c8b8652b1294ca1860a","name":"Malga","image":{"@type":"ImageObject","inLanguage":"es","@id":"https:\/\/tabernaculoprensadedios.com\/web\/#\/schema\/person\/image\/","url":"\/\/www.gravatar.com\/avatar\/b06041ad78a6d3dd6b8d5ebf9704448e?s=96&#038;r=g&#038;d=mm","contentUrl":"\/\/www.gravatar.com\/avatar\/b06041ad78a6d3dd6b8d5ebf9704448e?s=96&#038;r=g&#038;d=mm","caption":"Malga"},"url":"https:\/\/tabernaculoprensadedios.com\/web\/author\/malga\/"}]}},"_links":{"self":[{"href":"https:\/\/tabernaculoprensadedios.com\/web\/wp-json\/wp\/v2\/posts\/19868","targetHints":{"allow":["GET"]}}],"collection":[{"href":"https:\/\/tabernaculoprensadedios.com\/web\/wp-json\/wp\/v2\/posts"}],"about":[{"href":"https:\/\/tabernaculoprensadedios.com\/web\/wp-json\/wp\/v2\/types\/post"}],"author":[{"embeddable":true,"href":"https:\/\/tabernaculoprensadedios.com\/web\/wp-json\/wp\/v2\/users\/2"}],"replies":[{"embeddable":true,"href":"https:\/\/tabernaculoprensadedios.com\/web\/wp-json\/wp\/v2\/comments?post=19868"}],"version-history":[{"count":2,"href":"https:\/\/tabernaculoprensadedios.com\/web\/wp-json\/wp\/v2\/posts\/19868\/revisions"}],"predecessor-version":[{"id":19884,"href":"https:\/\/tabernaculoprensadedios.com\/web\/wp-json\/wp\/v2\/posts\/19868\/revisions\/19884"}],"wp:featuredmedia":[{"embeddable":true,"href":"https:\/\/tabernaculoprensadedios.com\/web\/wp-json\/wp\/v2\/media\/19869"}],"wp:attachment":[{"href":"https:\/\/tabernaculoprensadedios.com\/web\/wp-json\/wp\/v2\/media?parent=19868"}],"wp:term":[{"taxonomy":"category","embeddable":true,"href":"https:\/\/tabernaculoprensadedios.com\/web\/wp-json\/wp\/v2\/categories?post=19868"},{"taxonomy":"post_tag","embeddable":true,"href":"https:\/\/tabernaculoprensadedios.com\/web\/wp-json\/wp\/v2\/tags?post=19868"}],"curies":[{"name":"wp","href":"https:\/\/api.w.org\/{rel}","templated":true}]}}