{"id":19859,"date":"2020-10-13T19:51:12","date_gmt":"2020-10-13T19:51:12","guid":{"rendered":"http:\/\/tabernaculoprensadedios.com\/web\/?p=19859"},"modified":"2020-10-13T19:51:12","modified_gmt":"2020-10-13T19:51:12","slug":"tus-capacidades-y-las-capacidades-de-dios","status":"publish","type":"post","link":"https:\/\/tabernaculoprensadedios.com\/web\/tus-capacidades-y-las-capacidades-de-dios\/","title":{"rendered":"Tus capacidades, y las capacidades de Dios"},"content":{"rendered":"<p>Comenzamos este a\u00f1o planific\u00e1ndonos para los pr\u00f3ximos diez, pero con la consciencia de que esto va cambiando muy r\u00e1pidamente y que, en el camino, habr\u00e1 sucesos inesperados.\u00a0 Nadie en Puerto Rico esperaba un fen\u00f3meno como el hurac\u00e1n Mar\u00eda, por ejemplo.\u00a0 Nuestro prop\u00f3sito con esta serie es que te fijes metas para tu vida, crey\u00e9ndole a Dios diez a\u00f1os hacia delante.\u00a0 Mientras otros piensan a corto plazo, nosotros declaramos en el nombre poderoso de Jes\u00fas que lo que aprendas a trav\u00e9s de estos mensajes no solo lo aplicas este a\u00f1o, sino por la pr\u00f3xima d\u00e9cada.<\/p>\n<p>Comencemos hablando de la madurez espiritual.\u00a0 Tenemos que aprender a ser maduros espiritualmente hablando.\u00a0 El t\u00e9rmino\u00a0<em>espiritual\u00a0<\/em>como adjetivo es utilizado tambi\u00e9n de manera secular o por otras religiones; t\u00fa tienes ciertas caracter\u00edsticas que, a ojos de ciertas personas, te hacen ver espiritual.\u00a0 Pero eso no es lo que te hace espiritual.\u00a0 La connotaci\u00f3n que estaremos tocando de lo que es espiritual es un nivel de madurez en esa \u00e1rea.\u00a0 El que est\u00e9s leyendo este mensaje puede significar que seas una persona espiritual, porque est\u00e1s buscando educarte en esa \u00e1rea.<\/p>\n<p><em>Espiritualidad\u00a0<\/em>viene del lat\u00edn y se refiere al alma.\u00a0 Lo que por lo general la gente considera espiritual es relativo, o sea, en relaci\u00f3n a alguna cualidad que puedan identificar en tu vida.\u00a0 Ven un brillo en ti, y te consideran espiritual; pero el que haya gente que te considere espiritual, no te hace espiritual.\u00a0 El crecimiento del creyente es uno marcado y dirigido por la Palabra, y consta de varias etapas, entre ellas, la introductoria, el nuevo nacimiento, que es como se nos presenta el Evangelio.\u00a0 Jes\u00fas ense\u00f1aba un nuevo nacimiento, y hasta llegar a la estatura del var\u00f3n perfecto.\u00a0 As\u00ed que hay unas etapas, un caminar para llegar a esa estatura y se nos considere entonces espirituales.<\/p>\n<p>\u201c<strong><em>12\u00a0<\/em><\/strong><em>a fin de perfeccionar a los santos para la obra del ministerio, para la edificaci\u00f3n del cuerpo de Cristo,\u00a0<\/em><strong><em>13\u00a0<\/em><\/strong><em>hasta que todos lleguemos a la unidad de la fe y del conocimiento del Hijo de Dios, a un var\u00f3n perfecto, a la medida de la estatura de la plenitud de Cristo;\u00a0<\/em><strong><em>14\u00a0<\/em><\/strong><em>para que ya no seamos ni\u00f1os fluctuantes, llevados por doquiera de todo viento de doctrina, por estratagema de hombres que para enga\u00f1ar emplean con astucia las artima\u00f1as del error,<\/em>\u201d\u00a0\u00a0<strong>Efesios 4:12-14<\/strong><\/p>\n<p>El ap\u00f3stol Pablo escribe acerca de la unidad del Esp\u00edritu, y establece una organizaci\u00f3n eclesi\u00e1stica.\u00a0 Dice que el Esp\u00edritu constituy\u00f3 a unos profetas, a otros ap\u00f3stoles; y en este verso nos habla del prop\u00f3sito de edificar al cuerpo de Cristo, hasta que lleguemos a unidad de fe, conocimiento del Hijo de Dios, a un var\u00f3n perfecto.\u00a0 Establece una unidad, una organizaci\u00f3n y unos detalles que te hacen entonces llegar al nivel de un var\u00f3n perfecto.<\/p>\n<p>Hab\u00eda una ocupaci\u00f3n del ap\u00f3stol Pablo acerca de la gente que pod\u00eda parecer un ni\u00f1o fluctuante.\u00a0 Pero deb\u00edan llegar a la estatura del var\u00f3n perfecto.\u00a0 Pablo nos habla de varias cosas que debemos aplicar en nuestra vida para alcanzar esa madurez:<\/p>\n<ol>\n<li><strong>Perfecci\u00f3n.\u00a0<\/strong>\u00a0Habla de unidad y de organizaci\u00f3n ministerial para lograr entonces en nuestras vidas perfecci\u00f3n.\u00a0 No vamos a ser perfectos, pero s\u00ed debemos aspirar a la perfecci\u00f3n.\u00a0 Creemos en la excelencia, aspirando a la perfecci\u00f3n, para dejar de ser ni\u00f1os fluctuantes.<\/li>\n<li><strong>Edificaci\u00f3n.\u00a0<\/strong>\u00a0Si lo que haces no edifica, est\u00e1s actuando como un ni\u00f1o fluctuante.<\/li>\n<li><strong>Conocimiento.\u00a0<\/strong>\u00a0A trav\u00e9s de estos mensajes, t\u00fa adquieres conocimiento.\u00a0 Tienes que aprovechar tu tiempo para adquirir el conocimiento que vas a necesitar para los retos que van a venir, para que no tan solo sobrevivas, sino que sobresalgas aun en medio de esos tiempos.<\/li>\n<\/ol>\n<p>Aplicamos estas tres, para que nuestra mentalidad cambie y, de ser ni\u00f1os, pasemos a ser cristianos maduros.\u00a0 El ser espiritual lo que apela es a la madurez.\u00a0 Madurez es el juicio prudente o sensato.\u00a0 \u00bfC\u00f3mo estableces ese juicio sensato y prudente?\u00a0 Con lo que hay en tu mente, con lo que has edificado, perfeccionado y con el conocimiento adquirido.\u00a0 Ah\u00ed llegas a madurez.\u00a0 La madurez es tambi\u00e9n definida como la edad de un individuo que disfruta plenamente de sus capacidades.\u00a0 No solo analices tus capacidades, sino analiza si conoces todas las capacidades de Dios, y si t\u00fa las est\u00e1s experimentando.<\/p>\n<p>Una persona espiritualmente madura no solo disfruta plenamente de sus capacidades, sino de las capacidades de Dios.\u00a0 Para eso alcanzamos madurez, para ser prudentes, sensatos, y para disfrutar plenamente de nuestras capacidades y de las que podemos tener en Dios.<\/p>\n<p>La madurez trasciende un periodo cronol\u00f3gico.\u00a0 No depende de la edad.\u00a0 Hay personas mayores que, por sus acciones, las has catalogado de inmaduras.\u00a0 Pero si nos dejamos llevar por lo espiritual, algunos tenemos cierta edad que nos podemos considerar maduros, pero lo que andamos es viviendo inmadureces.\u00a0 Ante el primer problema y luego de tanto tiempo en el Evangelio, creemos tener las herramientas, pero resulta que no conocemos nuestras capacidades ni las de Dios porque no hemos decidido ser maduros.<\/p>\n<p>La madurez se vincula, adem\u00e1s, a una actitud y a un estado de la mente.\u00a0 Lo dif\u00edcil del Evangelio no es convencer nuestro esp\u00edritu, sino convencer nuestra mente de lo que nuestro esp\u00edritu est\u00e1 convencido.\u00a0 El Esp\u00edritu Santo ministra a nuestro esp\u00edritu.\u00a0 Somos nosotros a trav\u00e9s de esa ministraci\u00f3n, quienes tenemos que ministrar a nuestro esp\u00edritu y a nuestra mente, y convencernos que lo que dice la palabra de Dios es real.\u00a0 Y no es real cuando lo dice la Palabra, sino cuando se hace real en tu vida y lo ejecutas.<\/p>\n<p>\u201c<strong><em>11\u00a0<\/em><\/strong><em>Cuando yo era ni\u00f1o, hablaba como ni\u00f1o, pensaba como ni\u00f1o, juzgaba como ni\u00f1o; mas cuando ya fui hombre, dej\u00e9 lo que era de ni\u00f1o<\/em>.\u201d\u00a0\u00a0<strong>1 Corintios 13<\/strong><\/p>\n<p>Tres cosas cambian cuando estableces madurez: Lo que hablas, c\u00f3mo piensas y c\u00f3mo juzgas.\u00a0 T\u00fa no juzgas de la misma manera una situaci\u00f3n siendo adulto que cuando eras ni\u00f1o.\u00a0 Las responsabilidades cambian, y la manera de juzgarlas tambi\u00e9n.\u00a0 No hay nada malo en parecer ni\u00f1os al inicio; malo es que transcurra el tiempo y sigas teniendo acciones de ni\u00f1o, hablando como ni\u00f1o.\u00a0 Puedes recibir la misma palabra siendo ni\u00f1o espiritual o ya siendo maduro, pero es tu acci\u00f3n la que va a hacer la diferencia.\u00a0 Puedes tener informaci\u00f3n, lo dif\u00edcil es accionar por ella.\u00a0 Y de eso se trata la madurez espiritual.<\/p>\n<p>Quiz\u00e1s te has dado una y otra vez con un mismo problema.\u00a0 \u00bfCu\u00e1l ha sido tu reacci\u00f3n ante esto?\u00a0 \u00bfLa misma?\u00a0 Act\u00faas como ni\u00f1o.\u00a0 Cambia como hablas, como piensas y c\u00f3mo juzgas.<\/p>\n","protected":false},"excerpt":{"rendered":"<p>Comenzamos este a\u00f1o planific\u00e1ndonos para los pr\u00f3ximos diez, pero con la consciencia de que esto va cambiando muy r\u00e1pidamente y que, en el camino, habr\u00e1 sucesos inesperados.\u00a0 Nadie en Puerto Rico esperaba un fen\u00f3meno como el hurac\u00e1n Mar\u00eda, por ejemplo.\u00a0 Nuestro prop\u00f3sito con esta serie es que te fijes metas para tu vida, crey\u00e9ndole a &hellip;<\/p>\n","protected":false},"author":2,"featured_media":19860,"comment_status":"open","ping_status":"open","sticky":false,"template":"","format":"standard","meta":{"footnotes":""},"categories":[34],"tags":[],"class_list":["post-19859","post","type-post","status-publish","format-standard","has-post-thumbnail","hentry","category-articulos"],"yoast_head":"<!-- This site is optimized with the Yoast SEO Premium plugin v24.2 (Yoast SEO v27.1.1) - https:\/\/yoast.com\/product\/yoast-seo-premium-wordpress\/ -->\n<title>Tus capacidades, y las capacidades de Dios - Tabernaculo Prensa de Dios<\/title>\n<meta name=\"robots\" content=\"index, follow, max-snippet:-1, max-image-preview:large, max-video-preview:-1\" \/>\n<link rel=\"canonical\" href=\"https:\/\/tabernaculoprensadedios.com\/web\/tus-capacidades-y-las-capacidades-de-dios\/\" class=\"yoast-seo-meta-tag\" \/>\n<meta property=\"og:locale\" content=\"es_ES\" class=\"yoast-seo-meta-tag\" \/>\n<meta property=\"og:type\" content=\"article\" class=\"yoast-seo-meta-tag\" \/>\n<meta property=\"og:title\" content=\"Tus capacidades, y las capacidades de Dios\" class=\"yoast-seo-meta-tag\" \/>\n<meta property=\"og:description\" content=\"Comenzamos este a\u00f1o planific\u00e1ndonos para los pr\u00f3ximos diez, pero con la consciencia de que esto va cambiando muy r\u00e1pidamente y que, en el camino, habr\u00e1 sucesos inesperados.\u00a0 Nadie en Puerto Rico esperaba un fen\u00f3meno como el hurac\u00e1n Mar\u00eda, por ejemplo.\u00a0 Nuestro prop\u00f3sito con esta serie es que te fijes metas para tu vida, crey\u00e9ndole a &hellip;\" class=\"yoast-seo-meta-tag\" \/>\n<meta property=\"og:url\" content=\"https:\/\/tabernaculoprensadedios.com\/web\/tus-capacidades-y-las-capacidades-de-dios\/\" class=\"yoast-seo-meta-tag\" \/>\n<meta property=\"og:site_name\" content=\"Tabernaculo Prensa de Dios\" class=\"yoast-seo-meta-tag\" \/>\n<meta property=\"article:published_time\" content=\"2020-10-13T19:51:12+00:00\" class=\"yoast-seo-meta-tag\" \/>\n<meta property=\"og:image\" content=\"https:\/\/tabernaculoprensadedios.com\/web\/wp-content\/uploads\/2020\/10\/impresionante-foto-bosque-cubierto-hojas-secas-rodeado-arboles-temporada-otono_181624-13718.jpg\" class=\"yoast-seo-meta-tag\" \/>\n\t<meta property=\"og:image:width\" content=\"626\" class=\"yoast-seo-meta-tag\" \/>\n\t<meta property=\"og:image:height\" content=\"413\" class=\"yoast-seo-meta-tag\" \/>\n\t<meta property=\"og:image:type\" content=\"image\/jpeg\" class=\"yoast-seo-meta-tag\" \/>\n<meta name=\"author\" content=\"Malga\" class=\"yoast-seo-meta-tag\" \/>\n<meta name=\"twitter:card\" content=\"summary_large_image\" class=\"yoast-seo-meta-tag\" \/>\n<meta name=\"twitter:creator\" content=\"@PrensadeDios\" class=\"yoast-seo-meta-tag\" \/>\n<meta name=\"twitter:site\" content=\"@PrensadeDios\" class=\"yoast-seo-meta-tag\" \/>\n<meta name=\"twitter:label1\" content=\"Escrito por\" class=\"yoast-seo-meta-tag\" \/>\n\t<meta name=\"twitter:data1\" content=\"Malga\" class=\"yoast-seo-meta-tag\" \/>\n\t<meta name=\"twitter:label2\" content=\"Tiempo de lectura\" class=\"yoast-seo-meta-tag\" \/>\n\t<meta name=\"twitter:data2\" content=\"6 minutos\" class=\"yoast-seo-meta-tag\" \/>\n<script type=\"application\/ld+json\" class=\"yoast-schema-graph\">{\"@context\":\"https:\/\/schema.org\",\"@graph\":[{\"@type\":\"Article\",\"@id\":\"https:\/\/tabernaculoprensadedios.com\/web\/tus-capacidades-y-las-capacidades-de-dios\/#article\",\"isPartOf\":{\"@id\":\"https:\/\/tabernaculoprensadedios.com\/web\/tus-capacidades-y-las-capacidades-de-dios\/\"},\"author\":{\"name\":\"Malga\",\"@id\":\"https:\/\/tabernaculoprensadedios.com\/web\/#\/schema\/person\/64ae3a8b2e245c8b8652b1294ca1860a\"},\"headline\":\"Tus capacidades, y las capacidades de Dios\",\"datePublished\":\"2020-10-13T19:51:12+00:00\",\"mainEntityOfPage\":{\"@id\":\"https:\/\/tabernaculoprensadedios.com\/web\/tus-capacidades-y-las-capacidades-de-dios\/\"},\"wordCount\":1172,\"commentCount\":0,\"publisher\":{\"@id\":\"https:\/\/tabernaculoprensadedios.com\/web\/#\/schema\/person\/bc0e069fef56b38e177db6f098ae0b6e\"},\"image\":{\"@id\":\"https:\/\/tabernaculoprensadedios.com\/web\/tus-capacidades-y-las-capacidades-de-dios\/#primaryimage\"},\"thumbnailUrl\":\"https:\/\/tabernaculoprensadedios.com\/web\/wp-content\/uploads\/2020\/10\/impresionante-foto-bosque-cubierto-hojas-secas-rodeado-arboles-temporada-otono_181624-13718.jpg\",\"articleSection\":[\"Articulos\"],\"inLanguage\":\"es\",\"potentialAction\":[{\"@type\":\"CommentAction\",\"name\":\"Comment\",\"target\":[\"https:\/\/tabernaculoprensadedios.com\/web\/tus-capacidades-y-las-capacidades-de-dios\/#respond\"]}]},{\"@type\":\"WebPage\",\"@id\":\"https:\/\/tabernaculoprensadedios.com\/web\/tus-capacidades-y-las-capacidades-de-dios\/\",\"url\":\"https:\/\/tabernaculoprensadedios.com\/web\/tus-capacidades-y-las-capacidades-de-dios\/\",\"name\":\"Tus capacidades, y las capacidades de Dios - Tabernaculo Prensa de Dios\",\"isPartOf\":{\"@id\":\"https:\/\/tabernaculoprensadedios.com\/web\/#website\"},\"primaryImageOfPage\":{\"@id\":\"https:\/\/tabernaculoprensadedios.com\/web\/tus-capacidades-y-las-capacidades-de-dios\/#primaryimage\"},\"image\":{\"@id\":\"https:\/\/tabernaculoprensadedios.com\/web\/tus-capacidades-y-las-capacidades-de-dios\/#primaryimage\"},\"thumbnailUrl\":\"https:\/\/tabernaculoprensadedios.com\/web\/wp-content\/uploads\/2020\/10\/impresionante-foto-bosque-cubierto-hojas-secas-rodeado-arboles-temporada-otono_181624-13718.jpg\",\"datePublished\":\"2020-10-13T19:51:12+00:00\",\"breadcrumb\":{\"@id\":\"https:\/\/tabernaculoprensadedios.com\/web\/tus-capacidades-y-las-capacidades-de-dios\/#breadcrumb\"},\"inLanguage\":\"es\",\"potentialAction\":[{\"@type\":\"ReadAction\",\"target\":[\"https:\/\/tabernaculoprensadedios.com\/web\/tus-capacidades-y-las-capacidades-de-dios\/\"]}]},{\"@type\":\"ImageObject\",\"inLanguage\":\"es\",\"@id\":\"https:\/\/tabernaculoprensadedios.com\/web\/tus-capacidades-y-las-capacidades-de-dios\/#primaryimage\",\"url\":\"https:\/\/tabernaculoprensadedios.com\/web\/wp-content\/uploads\/2020\/10\/impresionante-foto-bosque-cubierto-hojas-secas-rodeado-arboles-temporada-otono_181624-13718.jpg\",\"contentUrl\":\"https:\/\/tabernaculoprensadedios.com\/web\/wp-content\/uploads\/2020\/10\/impresionante-foto-bosque-cubierto-hojas-secas-rodeado-arboles-temporada-otono_181624-13718.jpg\",\"width\":626,\"height\":413},{\"@type\":\"BreadcrumbList\",\"@id\":\"https:\/\/tabernaculoprensadedios.com\/web\/tus-capacidades-y-las-capacidades-de-dios\/#breadcrumb\",\"itemListElement\":[{\"@type\":\"ListItem\",\"position\":1,\"name\":\"Portada\",\"item\":\"https:\/\/tabernaculoprensadedios.com\/web\/\"},{\"@type\":\"ListItem\",\"position\":2,\"name\":\"Tus capacidades, y las capacidades de Dios\"}]},{\"@type\":\"WebSite\",\"@id\":\"https:\/\/tabernaculoprensadedios.com\/web\/#website\",\"url\":\"https:\/\/tabernaculoprensadedios.com\/web\/\",\"name\":\"Tabernaculo Prensa de Dios\",\"description\":\"Un medio a la manera de Dios\",\"publisher\":{\"@id\":\"https:\/\/tabernaculoprensadedios.com\/web\/#\/schema\/person\/bc0e069fef56b38e177db6f098ae0b6e\"},\"potentialAction\":[{\"@type\":\"SearchAction\",\"target\":{\"@type\":\"EntryPoint\",\"urlTemplate\":\"https:\/\/tabernaculoprensadedios.com\/web\/?s={search_term_string}\"},\"query-input\":{\"@type\":\"PropertyValueSpecification\",\"valueRequired\":true,\"valueName\":\"search_term_string\"}}],\"inLanguage\":\"es\"},{\"@type\":[\"Person\",\"Organization\"],\"@id\":\"https:\/\/tabernaculoprensadedios.com\/web\/#\/schema\/person\/bc0e069fef56b38e177db6f098ae0b6e\",\"name\":\"tabernaculo\",\"image\":{\"@type\":\"ImageObject\",\"inLanguage\":\"es\",\"@id\":\"https:\/\/tabernaculoprensadedios.com\/web\/#\/schema\/person\/image\/\",\"url\":\"https:\/\/tabernaculoprensadedios.com\/web\/wp-content\/uploads\/2015\/06\/login-logo1.png\",\"contentUrl\":\"https:\/\/tabernaculoprensadedios.com\/web\/wp-content\/uploads\/2015\/06\/login-logo1.png\",\"width\":300,\"height\":118,\"caption\":\"tabernaculo\"},\"logo\":{\"@id\":\"https:\/\/tabernaculoprensadedios.com\/web\/#\/schema\/person\/image\/\"}},{\"@type\":\"Person\",\"@id\":\"https:\/\/tabernaculoprensadedios.com\/web\/#\/schema\/person\/64ae3a8b2e245c8b8652b1294ca1860a\",\"name\":\"Malga\",\"image\":{\"@type\":\"ImageObject\",\"inLanguage\":\"es\",\"@id\":\"https:\/\/tabernaculoprensadedios.com\/web\/#\/schema\/person\/image\/\",\"url\":\"\/\/www.gravatar.com\/avatar\/b06041ad78a6d3dd6b8d5ebf9704448e?s=96&#038;r=g&#038;d=mm\",\"contentUrl\":\"\/\/www.gravatar.com\/avatar\/b06041ad78a6d3dd6b8d5ebf9704448e?s=96&#038;r=g&#038;d=mm\",\"caption\":\"Malga\"},\"url\":\"https:\/\/tabernaculoprensadedios.com\/web\/author\/malga\/\"}]}<\/script>\n<!-- \/ Yoast SEO Premium plugin. -->","yoast_head_json":{"title":"Tus capacidades, y las capacidades de Dios - Tabernaculo Prensa de Dios","robots":{"index":"index","follow":"follow","max-snippet":"max-snippet:-1","max-image-preview":"max-image-preview:large","max-video-preview":"max-video-preview:-1"},"canonical":"https:\/\/tabernaculoprensadedios.com\/web\/tus-capacidades-y-las-capacidades-de-dios\/","og_locale":"es_ES","og_type":"article","og_title":"Tus capacidades, y las capacidades de Dios","og_description":"Comenzamos este a\u00f1o planific\u00e1ndonos para los pr\u00f3ximos diez, pero con la consciencia de que esto va cambiando muy r\u00e1pidamente y que, en el camino, habr\u00e1 sucesos inesperados.\u00a0 Nadie en Puerto Rico esperaba un fen\u00f3meno como el hurac\u00e1n Mar\u00eda, por ejemplo.\u00a0 Nuestro prop\u00f3sito con esta serie es que te fijes metas para tu vida, crey\u00e9ndole a &hellip;","og_url":"https:\/\/tabernaculoprensadedios.com\/web\/tus-capacidades-y-las-capacidades-de-dios\/","og_site_name":"Tabernaculo Prensa de Dios","article_published_time":"2020-10-13T19:51:12+00:00","og_image":[{"width":626,"height":413,"url":"https:\/\/tabernaculoprensadedios.com\/web\/wp-content\/uploads\/2020\/10\/impresionante-foto-bosque-cubierto-hojas-secas-rodeado-arboles-temporada-otono_181624-13718.jpg","type":"image\/jpeg"}],"author":"Malga","twitter_card":"summary_large_image","twitter_creator":"@PrensadeDios","twitter_site":"@PrensadeDios","twitter_misc":{"Escrito por":"Malga","Tiempo de lectura":"6 minutos"},"schema":{"@context":"https:\/\/schema.org","@graph":[{"@type":"Article","@id":"https:\/\/tabernaculoprensadedios.com\/web\/tus-capacidades-y-las-capacidades-de-dios\/#article","isPartOf":{"@id":"https:\/\/tabernaculoprensadedios.com\/web\/tus-capacidades-y-las-capacidades-de-dios\/"},"author":{"name":"Malga","@id":"https:\/\/tabernaculoprensadedios.com\/web\/#\/schema\/person\/64ae3a8b2e245c8b8652b1294ca1860a"},"headline":"Tus capacidades, y las capacidades de Dios","datePublished":"2020-10-13T19:51:12+00:00","mainEntityOfPage":{"@id":"https:\/\/tabernaculoprensadedios.com\/web\/tus-capacidades-y-las-capacidades-de-dios\/"},"wordCount":1172,"commentCount":0,"publisher":{"@id":"https:\/\/tabernaculoprensadedios.com\/web\/#\/schema\/person\/bc0e069fef56b38e177db6f098ae0b6e"},"image":{"@id":"https:\/\/tabernaculoprensadedios.com\/web\/tus-capacidades-y-las-capacidades-de-dios\/#primaryimage"},"thumbnailUrl":"https:\/\/tabernaculoprensadedios.com\/web\/wp-content\/uploads\/2020\/10\/impresionante-foto-bosque-cubierto-hojas-secas-rodeado-arboles-temporada-otono_181624-13718.jpg","articleSection":["Articulos"],"inLanguage":"es","potentialAction":[{"@type":"CommentAction","name":"Comment","target":["https:\/\/tabernaculoprensadedios.com\/web\/tus-capacidades-y-las-capacidades-de-dios\/#respond"]}]},{"@type":"WebPage","@id":"https:\/\/tabernaculoprensadedios.com\/web\/tus-capacidades-y-las-capacidades-de-dios\/","url":"https:\/\/tabernaculoprensadedios.com\/web\/tus-capacidades-y-las-capacidades-de-dios\/","name":"Tus capacidades, y las capacidades de Dios - Tabernaculo Prensa de Dios","isPartOf":{"@id":"https:\/\/tabernaculoprensadedios.com\/web\/#website"},"primaryImageOfPage":{"@id":"https:\/\/tabernaculoprensadedios.com\/web\/tus-capacidades-y-las-capacidades-de-dios\/#primaryimage"},"image":{"@id":"https:\/\/tabernaculoprensadedios.com\/web\/tus-capacidades-y-las-capacidades-de-dios\/#primaryimage"},"thumbnailUrl":"https:\/\/tabernaculoprensadedios.com\/web\/wp-content\/uploads\/2020\/10\/impresionante-foto-bosque-cubierto-hojas-secas-rodeado-arboles-temporada-otono_181624-13718.jpg","datePublished":"2020-10-13T19:51:12+00:00","breadcrumb":{"@id":"https:\/\/tabernaculoprensadedios.com\/web\/tus-capacidades-y-las-capacidades-de-dios\/#breadcrumb"},"inLanguage":"es","potentialAction":[{"@type":"ReadAction","target":["https:\/\/tabernaculoprensadedios.com\/web\/tus-capacidades-y-las-capacidades-de-dios\/"]}]},{"@type":"ImageObject","inLanguage":"es","@id":"https:\/\/tabernaculoprensadedios.com\/web\/tus-capacidades-y-las-capacidades-de-dios\/#primaryimage","url":"https:\/\/tabernaculoprensadedios.com\/web\/wp-content\/uploads\/2020\/10\/impresionante-foto-bosque-cubierto-hojas-secas-rodeado-arboles-temporada-otono_181624-13718.jpg","contentUrl":"https:\/\/tabernaculoprensadedios.com\/web\/wp-content\/uploads\/2020\/10\/impresionante-foto-bosque-cubierto-hojas-secas-rodeado-arboles-temporada-otono_181624-13718.jpg","width":626,"height":413},{"@type":"BreadcrumbList","@id":"https:\/\/tabernaculoprensadedios.com\/web\/tus-capacidades-y-las-capacidades-de-dios\/#breadcrumb","itemListElement":[{"@type":"ListItem","position":1,"name":"Portada","item":"https:\/\/tabernaculoprensadedios.com\/web\/"},{"@type":"ListItem","position":2,"name":"Tus capacidades, y las capacidades de Dios"}]},{"@type":"WebSite","@id":"https:\/\/tabernaculoprensadedios.com\/web\/#website","url":"https:\/\/tabernaculoprensadedios.com\/web\/","name":"Tabernaculo Prensa de Dios","description":"Un medio a la manera de Dios","publisher":{"@id":"https:\/\/tabernaculoprensadedios.com\/web\/#\/schema\/person\/bc0e069fef56b38e177db6f098ae0b6e"},"potentialAction":[{"@type":"SearchAction","target":{"@type":"EntryPoint","urlTemplate":"https:\/\/tabernaculoprensadedios.com\/web\/?s={search_term_string}"},"query-input":{"@type":"PropertyValueSpecification","valueRequired":true,"valueName":"search_term_string"}}],"inLanguage":"es"},{"@type":["Person","Organization"],"@id":"https:\/\/tabernaculoprensadedios.com\/web\/#\/schema\/person\/bc0e069fef56b38e177db6f098ae0b6e","name":"tabernaculo","image":{"@type":"ImageObject","inLanguage":"es","@id":"https:\/\/tabernaculoprensadedios.com\/web\/#\/schema\/person\/image\/","url":"https:\/\/tabernaculoprensadedios.com\/web\/wp-content\/uploads\/2015\/06\/login-logo1.png","contentUrl":"https:\/\/tabernaculoprensadedios.com\/web\/wp-content\/uploads\/2015\/06\/login-logo1.png","width":300,"height":118,"caption":"tabernaculo"},"logo":{"@id":"https:\/\/tabernaculoprensadedios.com\/web\/#\/schema\/person\/image\/"}},{"@type":"Person","@id":"https:\/\/tabernaculoprensadedios.com\/web\/#\/schema\/person\/64ae3a8b2e245c8b8652b1294ca1860a","name":"Malga","image":{"@type":"ImageObject","inLanguage":"es","@id":"https:\/\/tabernaculoprensadedios.com\/web\/#\/schema\/person\/image\/","url":"\/\/www.gravatar.com\/avatar\/b06041ad78a6d3dd6b8d5ebf9704448e?s=96&#038;r=g&#038;d=mm","contentUrl":"\/\/www.gravatar.com\/avatar\/b06041ad78a6d3dd6b8d5ebf9704448e?s=96&#038;r=g&#038;d=mm","caption":"Malga"},"url":"https:\/\/tabernaculoprensadedios.com\/web\/author\/malga\/"}]}},"_links":{"self":[{"href":"https:\/\/tabernaculoprensadedios.com\/web\/wp-json\/wp\/v2\/posts\/19859","targetHints":{"allow":["GET"]}}],"collection":[{"href":"https:\/\/tabernaculoprensadedios.com\/web\/wp-json\/wp\/v2\/posts"}],"about":[{"href":"https:\/\/tabernaculoprensadedios.com\/web\/wp-json\/wp\/v2\/types\/post"}],"author":[{"embeddable":true,"href":"https:\/\/tabernaculoprensadedios.com\/web\/wp-json\/wp\/v2\/users\/2"}],"replies":[{"embeddable":true,"href":"https:\/\/tabernaculoprensadedios.com\/web\/wp-json\/wp\/v2\/comments?post=19859"}],"version-history":[{"count":1,"href":"https:\/\/tabernaculoprensadedios.com\/web\/wp-json\/wp\/v2\/posts\/19859\/revisions"}],"predecessor-version":[{"id":19861,"href":"https:\/\/tabernaculoprensadedios.com\/web\/wp-json\/wp\/v2\/posts\/19859\/revisions\/19861"}],"wp:featuredmedia":[{"embeddable":true,"href":"https:\/\/tabernaculoprensadedios.com\/web\/wp-json\/wp\/v2\/media\/19860"}],"wp:attachment":[{"href":"https:\/\/tabernaculoprensadedios.com\/web\/wp-json\/wp\/v2\/media?parent=19859"}],"wp:term":[{"taxonomy":"category","embeddable":true,"href":"https:\/\/tabernaculoprensadedios.com\/web\/wp-json\/wp\/v2\/categories?post=19859"},{"taxonomy":"post_tag","embeddable":true,"href":"https:\/\/tabernaculoprensadedios.com\/web\/wp-json\/wp\/v2\/tags?post=19859"}],"curies":[{"name":"wp","href":"https:\/\/api.w.org\/{rel}","templated":true}]}}