{"id":19812,"date":"2020-10-09T02:39:55","date_gmt":"2020-10-09T02:39:55","guid":{"rendered":"http:\/\/tabernaculoprensadedios.com\/web\/?p=19812"},"modified":"2020-10-09T02:44:03","modified_gmt":"2020-10-09T02:44:03","slug":"es-momento-de-orar-por-tu-familia","status":"publish","type":"post","link":"https:\/\/tabernaculoprensadedios.com\/web\/es-momento-de-orar-por-tu-familia\/","title":{"rendered":"Es momento de orar por tu familia!"},"content":{"rendered":"<div class=\"text\">\n<p>A menudo, las oraciones nocturnas se limitan a recitar un poema o repetir una peque\u00f1a oraci\u00f3n memorizada.<\/p>\n<p>Sin embargo, estas pueden convertirse en devociones familiares, si la familia completa se re\u00fane, al lado de la cama del hijo que se acueste primero.<\/p>\n<p>Cada miembro de la familia hace una sincera oraci\u00f3n espont\u00e1nea e improvisada. Uno o dos versos de las Escrituras, pueden ser le\u00eddos antes de ese tiempo.<\/p>\n<p>La idea no es que el ni\u00f1o sea obediente al decir una oraci\u00f3n antes de dormir, sino que el coraz\u00f3n del chico se una al de Dios y al de cada miembro de la familia.<\/p>\n<p>Las oraciones espont\u00e1neas e improvisadas, invitan al chico a compartir su coraz\u00f3n con el Se\u00f1or.<\/p>\n<p>Cuando cada miembro de la familia ora, el ni\u00f1o puede vislumbrar el alma de ellos y aprender del ejemplo, c\u00f3mo relacionarse con Dios, ofrecerle alabanza, y c\u00f3mo exponer sus peticiones a un Padre amoroso.<\/p>\n<p>Concluye esta noche con un altar familiar. Aun cuando no tengas hijos, es una oportunidad para pasar tiempo con tu Padre celestial y poner en orden el caos del d\u00eda.<\/p>\n<p><strong>\u00c9l te ayudar\u00e1 a situar las cosas en su debida perspectiva, para que puedas dormir en paz.<\/strong><\/p>\n<p><strong>Mateo 6:6<\/strong><br \/>\nM\u00e1s t\u00fa, cuando ores\u2026 ora a tu Padre que est\u00e1 en secreto; y tu Padre que ve en lo secreto te recompensar\u00e1 en p\u00fablico.<\/p>\n<\/div>\n","protected":false},"excerpt":{"rendered":"<p>A menudo, las oraciones nocturnas se limitan a recitar un poema o repetir una peque\u00f1a oraci\u00f3n memorizada. Sin embargo, estas pueden convertirse en devociones familiares, si la familia completa se re\u00fane, al lado de la cama del hijo que se acueste primero. Cada miembro de la familia hace una sincera oraci\u00f3n espont\u00e1nea e improvisada. Uno &hellip;<\/p>\n","protected":false},"author":1,"featured_media":19813,"comment_status":"open","ping_status":"open","sticky":false,"template":"","format":"standard","meta":{"footnotes":""},"categories":[34],"tags":[],"class_list":["post-19812","post","type-post","status-publish","format-standard","has-post-thumbnail","hentry","category-articulos"],"yoast_head":"<!-- This site is optimized with the Yoast SEO Premium plugin v24.2 (Yoast SEO v27.1.1) - https:\/\/yoast.com\/product\/yoast-seo-premium-wordpress\/ -->\n<title>Es momento de orar por tu familia! - Tabernaculo Prensa de Dios<\/title>\n<meta name=\"robots\" content=\"index, follow, max-snippet:-1, max-image-preview:large, max-video-preview:-1\" \/>\n<link rel=\"canonical\" href=\"https:\/\/tabernaculoprensadedios.com\/web\/es-momento-de-orar-por-tu-familia\/\" class=\"yoast-seo-meta-tag\" \/>\n<meta property=\"og:locale\" content=\"es_ES\" class=\"yoast-seo-meta-tag\" \/>\n<meta property=\"og:type\" content=\"article\" class=\"yoast-seo-meta-tag\" \/>\n<meta property=\"og:title\" content=\"Es momento de orar por tu familia!\" class=\"yoast-seo-meta-tag\" \/>\n<meta property=\"og:description\" content=\"A menudo, las oraciones nocturnas se limitan a recitar un poema o repetir una peque\u00f1a oraci\u00f3n memorizada. Sin embargo, estas pueden convertirse en devociones familiares, si la familia completa se re\u00fane, al lado de la cama del hijo que se acueste primero. Cada miembro de la familia hace una sincera oraci\u00f3n espont\u00e1nea e improvisada. Uno &hellip;\" class=\"yoast-seo-meta-tag\" \/>\n<meta property=\"og:url\" content=\"https:\/\/tabernaculoprensadedios.com\/web\/es-momento-de-orar-por-tu-familia\/\" class=\"yoast-seo-meta-tag\" \/>\n<meta property=\"og:site_name\" content=\"Tabernaculo Prensa de Dios\" class=\"yoast-seo-meta-tag\" \/>\n<meta property=\"article:published_time\" content=\"2020-10-09T02:39:55+00:00\" class=\"yoast-seo-meta-tag\" \/>\n<meta property=\"article:modified_time\" content=\"2020-10-09T02:44:03+00:00\" class=\"yoast-seo-meta-tag\" \/>\n<meta property=\"og:image\" content=\"https:\/\/tabernaculoprensadedios.com\/web\/wp-content\/uploads\/2020\/10\/Altar-Familiar.jpg\" class=\"yoast-seo-meta-tag\" \/>\n\t<meta property=\"og:image:width\" content=\"1280\" class=\"yoast-seo-meta-tag\" \/>\n\t<meta property=\"og:image:height\" content=\"853\" class=\"yoast-seo-meta-tag\" \/>\n\t<meta property=\"og:image:type\" content=\"image\/jpeg\" class=\"yoast-seo-meta-tag\" \/>\n<meta name=\"author\" content=\"tabernaculo\" class=\"yoast-seo-meta-tag\" \/>\n<meta name=\"twitter:card\" content=\"summary_large_image\" class=\"yoast-seo-meta-tag\" \/>\n<meta name=\"twitter:creator\" content=\"@PrensadeDios\" class=\"yoast-seo-meta-tag\" \/>\n<meta name=\"twitter:site\" content=\"@PrensadeDios\" class=\"yoast-seo-meta-tag\" \/>\n<meta name=\"twitter:label1\" content=\"Escrito por\" class=\"yoast-seo-meta-tag\" \/>\n\t<meta name=\"twitter:data1\" content=\"tabernaculo\" class=\"yoast-seo-meta-tag\" \/>\n\t<meta name=\"twitter:label2\" content=\"Tiempo de lectura\" class=\"yoast-seo-meta-tag\" \/>\n\t<meta name=\"twitter:data2\" content=\"1 minuto\" class=\"yoast-seo-meta-tag\" \/>\n<script type=\"application\/ld+json\" class=\"yoast-schema-graph\">{\"@context\":\"https:\/\/schema.org\",\"@graph\":[{\"@type\":\"Article\",\"@id\":\"https:\/\/tabernaculoprensadedios.com\/web\/es-momento-de-orar-por-tu-familia\/#article\",\"isPartOf\":{\"@id\":\"https:\/\/tabernaculoprensadedios.com\/web\/es-momento-de-orar-por-tu-familia\/\"},\"author\":{\"name\":\"tabernaculo\",\"@id\":\"https:\/\/tabernaculoprensadedios.com\/web\/#\/schema\/person\/bc0e069fef56b38e177db6f098ae0b6e\"},\"headline\":\"Es momento de orar por tu familia!\",\"datePublished\":\"2020-10-09T02:39:55+00:00\",\"dateModified\":\"2020-10-09T02:44:03+00:00\",\"mainEntityOfPage\":{\"@id\":\"https:\/\/tabernaculoprensadedios.com\/web\/es-momento-de-orar-por-tu-familia\/\"},\"wordCount\":249,\"commentCount\":0,\"publisher\":{\"@id\":\"https:\/\/tabernaculoprensadedios.com\/web\/#\/schema\/person\/bc0e069fef56b38e177db6f098ae0b6e\"},\"image\":{\"@id\":\"https:\/\/tabernaculoprensadedios.com\/web\/es-momento-de-orar-por-tu-familia\/#primaryimage\"},\"thumbnailUrl\":\"https:\/\/tabernaculoprensadedios.com\/web\/wp-content\/uploads\/2020\/10\/Altar-Familiar.jpg\",\"articleSection\":[\"Articulos\"],\"inLanguage\":\"es\",\"potentialAction\":[{\"@type\":\"CommentAction\",\"name\":\"Comment\",\"target\":[\"https:\/\/tabernaculoprensadedios.com\/web\/es-momento-de-orar-por-tu-familia\/#respond\"]}]},{\"@type\":\"WebPage\",\"@id\":\"https:\/\/tabernaculoprensadedios.com\/web\/es-momento-de-orar-por-tu-familia\/\",\"url\":\"https:\/\/tabernaculoprensadedios.com\/web\/es-momento-de-orar-por-tu-familia\/\",\"name\":\"Es momento de orar por tu familia! - Tabernaculo Prensa de Dios\",\"isPartOf\":{\"@id\":\"https:\/\/tabernaculoprensadedios.com\/web\/#website\"},\"primaryImageOfPage\":{\"@id\":\"https:\/\/tabernaculoprensadedios.com\/web\/es-momento-de-orar-por-tu-familia\/#primaryimage\"},\"image\":{\"@id\":\"https:\/\/tabernaculoprensadedios.com\/web\/es-momento-de-orar-por-tu-familia\/#primaryimage\"},\"thumbnailUrl\":\"https:\/\/tabernaculoprensadedios.com\/web\/wp-content\/uploads\/2020\/10\/Altar-Familiar.jpg\",\"datePublished\":\"2020-10-09T02:39:55+00:00\",\"dateModified\":\"2020-10-09T02:44:03+00:00\",\"breadcrumb\":{\"@id\":\"https:\/\/tabernaculoprensadedios.com\/web\/es-momento-de-orar-por-tu-familia\/#breadcrumb\"},\"inLanguage\":\"es\",\"potentialAction\":[{\"@type\":\"ReadAction\",\"target\":[\"https:\/\/tabernaculoprensadedios.com\/web\/es-momento-de-orar-por-tu-familia\/\"]}]},{\"@type\":\"ImageObject\",\"inLanguage\":\"es\",\"@id\":\"https:\/\/tabernaculoprensadedios.com\/web\/es-momento-de-orar-por-tu-familia\/#primaryimage\",\"url\":\"https:\/\/tabernaculoprensadedios.com\/web\/wp-content\/uploads\/2020\/10\/Altar-Familiar.jpg\",\"contentUrl\":\"https:\/\/tabernaculoprensadedios.com\/web\/wp-content\/uploads\/2020\/10\/Altar-Familiar.jpg\",\"width\":1280,\"height\":853},{\"@type\":\"BreadcrumbList\",\"@id\":\"https:\/\/tabernaculoprensadedios.com\/web\/es-momento-de-orar-por-tu-familia\/#breadcrumb\",\"itemListElement\":[{\"@type\":\"ListItem\",\"position\":1,\"name\":\"Portada\",\"item\":\"https:\/\/tabernaculoprensadedios.com\/web\/\"},{\"@type\":\"ListItem\",\"position\":2,\"name\":\"Es momento de orar por tu familia!\"}]},{\"@type\":\"WebSite\",\"@id\":\"https:\/\/tabernaculoprensadedios.com\/web\/#website\",\"url\":\"https:\/\/tabernaculoprensadedios.com\/web\/\",\"name\":\"Tabernaculo Prensa de Dios\",\"description\":\"Un medio a la manera de Dios\",\"publisher\":{\"@id\":\"https:\/\/tabernaculoprensadedios.com\/web\/#\/schema\/person\/bc0e069fef56b38e177db6f098ae0b6e\"},\"potentialAction\":[{\"@type\":\"SearchAction\",\"target\":{\"@type\":\"EntryPoint\",\"urlTemplate\":\"https:\/\/tabernaculoprensadedios.com\/web\/?s={search_term_string}\"},\"query-input\":{\"@type\":\"PropertyValueSpecification\",\"valueRequired\":true,\"valueName\":\"search_term_string\"}}],\"inLanguage\":\"es\"},{\"@type\":[\"Person\",\"Organization\"],\"@id\":\"https:\/\/tabernaculoprensadedios.com\/web\/#\/schema\/person\/bc0e069fef56b38e177db6f098ae0b6e\",\"name\":\"tabernaculo\",\"image\":{\"@type\":\"ImageObject\",\"inLanguage\":\"es\",\"@id\":\"https:\/\/tabernaculoprensadedios.com\/web\/#\/schema\/person\/image\/\",\"url\":\"https:\/\/tabernaculoprensadedios.com\/web\/wp-content\/uploads\/2015\/06\/login-logo1.png\",\"contentUrl\":\"https:\/\/tabernaculoprensadedios.com\/web\/wp-content\/uploads\/2015\/06\/login-logo1.png\",\"width\":300,\"height\":118,\"caption\":\"tabernaculo\"},\"logo\":{\"@id\":\"https:\/\/tabernaculoprensadedios.com\/web\/#\/schema\/person\/image\/\"},\"url\":\"https:\/\/tabernaculoprensadedios.com\/web\/author\/tabernaculo\/\"}]}<\/script>\n<!-- \/ Yoast SEO Premium plugin. -->","yoast_head_json":{"title":"Es momento de orar por tu familia! - Tabernaculo Prensa de Dios","robots":{"index":"index","follow":"follow","max-snippet":"max-snippet:-1","max-image-preview":"max-image-preview:large","max-video-preview":"max-video-preview:-1"},"canonical":"https:\/\/tabernaculoprensadedios.com\/web\/es-momento-de-orar-por-tu-familia\/","og_locale":"es_ES","og_type":"article","og_title":"Es momento de orar por tu familia!","og_description":"A menudo, las oraciones nocturnas se limitan a recitar un poema o repetir una peque\u00f1a oraci\u00f3n memorizada. Sin embargo, estas pueden convertirse en devociones familiares, si la familia completa se re\u00fane, al lado de la cama del hijo que se acueste primero. Cada miembro de la familia hace una sincera oraci\u00f3n espont\u00e1nea e improvisada. Uno &hellip;","og_url":"https:\/\/tabernaculoprensadedios.com\/web\/es-momento-de-orar-por-tu-familia\/","og_site_name":"Tabernaculo Prensa de Dios","article_published_time":"2020-10-09T02:39:55+00:00","article_modified_time":"2020-10-09T02:44:03+00:00","og_image":[{"width":1280,"height":853,"url":"https:\/\/tabernaculoprensadedios.com\/web\/wp-content\/uploads\/2020\/10\/Altar-Familiar.jpg","type":"image\/jpeg"}],"author":"tabernaculo","twitter_card":"summary_large_image","twitter_creator":"@PrensadeDios","twitter_site":"@PrensadeDios","twitter_misc":{"Escrito por":"tabernaculo","Tiempo de lectura":"1 minuto"},"schema":{"@context":"https:\/\/schema.org","@graph":[{"@type":"Article","@id":"https:\/\/tabernaculoprensadedios.com\/web\/es-momento-de-orar-por-tu-familia\/#article","isPartOf":{"@id":"https:\/\/tabernaculoprensadedios.com\/web\/es-momento-de-orar-por-tu-familia\/"},"author":{"name":"tabernaculo","@id":"https:\/\/tabernaculoprensadedios.com\/web\/#\/schema\/person\/bc0e069fef56b38e177db6f098ae0b6e"},"headline":"Es momento de orar por tu familia!","datePublished":"2020-10-09T02:39:55+00:00","dateModified":"2020-10-09T02:44:03+00:00","mainEntityOfPage":{"@id":"https:\/\/tabernaculoprensadedios.com\/web\/es-momento-de-orar-por-tu-familia\/"},"wordCount":249,"commentCount":0,"publisher":{"@id":"https:\/\/tabernaculoprensadedios.com\/web\/#\/schema\/person\/bc0e069fef56b38e177db6f098ae0b6e"},"image":{"@id":"https:\/\/tabernaculoprensadedios.com\/web\/es-momento-de-orar-por-tu-familia\/#primaryimage"},"thumbnailUrl":"https:\/\/tabernaculoprensadedios.com\/web\/wp-content\/uploads\/2020\/10\/Altar-Familiar.jpg","articleSection":["Articulos"],"inLanguage":"es","potentialAction":[{"@type":"CommentAction","name":"Comment","target":["https:\/\/tabernaculoprensadedios.com\/web\/es-momento-de-orar-por-tu-familia\/#respond"]}]},{"@type":"WebPage","@id":"https:\/\/tabernaculoprensadedios.com\/web\/es-momento-de-orar-por-tu-familia\/","url":"https:\/\/tabernaculoprensadedios.com\/web\/es-momento-de-orar-por-tu-familia\/","name":"Es momento de orar por tu familia! - Tabernaculo Prensa de Dios","isPartOf":{"@id":"https:\/\/tabernaculoprensadedios.com\/web\/#website"},"primaryImageOfPage":{"@id":"https:\/\/tabernaculoprensadedios.com\/web\/es-momento-de-orar-por-tu-familia\/#primaryimage"},"image":{"@id":"https:\/\/tabernaculoprensadedios.com\/web\/es-momento-de-orar-por-tu-familia\/#primaryimage"},"thumbnailUrl":"https:\/\/tabernaculoprensadedios.com\/web\/wp-content\/uploads\/2020\/10\/Altar-Familiar.jpg","datePublished":"2020-10-09T02:39:55+00:00","dateModified":"2020-10-09T02:44:03+00:00","breadcrumb":{"@id":"https:\/\/tabernaculoprensadedios.com\/web\/es-momento-de-orar-por-tu-familia\/#breadcrumb"},"inLanguage":"es","potentialAction":[{"@type":"ReadAction","target":["https:\/\/tabernaculoprensadedios.com\/web\/es-momento-de-orar-por-tu-familia\/"]}]},{"@type":"ImageObject","inLanguage":"es","@id":"https:\/\/tabernaculoprensadedios.com\/web\/es-momento-de-orar-por-tu-familia\/#primaryimage","url":"https:\/\/tabernaculoprensadedios.com\/web\/wp-content\/uploads\/2020\/10\/Altar-Familiar.jpg","contentUrl":"https:\/\/tabernaculoprensadedios.com\/web\/wp-content\/uploads\/2020\/10\/Altar-Familiar.jpg","width":1280,"height":853},{"@type":"BreadcrumbList","@id":"https:\/\/tabernaculoprensadedios.com\/web\/es-momento-de-orar-por-tu-familia\/#breadcrumb","itemListElement":[{"@type":"ListItem","position":1,"name":"Portada","item":"https:\/\/tabernaculoprensadedios.com\/web\/"},{"@type":"ListItem","position":2,"name":"Es momento de orar por tu familia!"}]},{"@type":"WebSite","@id":"https:\/\/tabernaculoprensadedios.com\/web\/#website","url":"https:\/\/tabernaculoprensadedios.com\/web\/","name":"Tabernaculo Prensa de Dios","description":"Un medio a la manera de Dios","publisher":{"@id":"https:\/\/tabernaculoprensadedios.com\/web\/#\/schema\/person\/bc0e069fef56b38e177db6f098ae0b6e"},"potentialAction":[{"@type":"SearchAction","target":{"@type":"EntryPoint","urlTemplate":"https:\/\/tabernaculoprensadedios.com\/web\/?s={search_term_string}"},"query-input":{"@type":"PropertyValueSpecification","valueRequired":true,"valueName":"search_term_string"}}],"inLanguage":"es"},{"@type":["Person","Organization"],"@id":"https:\/\/tabernaculoprensadedios.com\/web\/#\/schema\/person\/bc0e069fef56b38e177db6f098ae0b6e","name":"tabernaculo","image":{"@type":"ImageObject","inLanguage":"es","@id":"https:\/\/tabernaculoprensadedios.com\/web\/#\/schema\/person\/image\/","url":"https:\/\/tabernaculoprensadedios.com\/web\/wp-content\/uploads\/2015\/06\/login-logo1.png","contentUrl":"https:\/\/tabernaculoprensadedios.com\/web\/wp-content\/uploads\/2015\/06\/login-logo1.png","width":300,"height":118,"caption":"tabernaculo"},"logo":{"@id":"https:\/\/tabernaculoprensadedios.com\/web\/#\/schema\/person\/image\/"},"url":"https:\/\/tabernaculoprensadedios.com\/web\/author\/tabernaculo\/"}]}},"_links":{"self":[{"href":"https:\/\/tabernaculoprensadedios.com\/web\/wp-json\/wp\/v2\/posts\/19812","targetHints":{"allow":["GET"]}}],"collection":[{"href":"https:\/\/tabernaculoprensadedios.com\/web\/wp-json\/wp\/v2\/posts"}],"about":[{"href":"https:\/\/tabernaculoprensadedios.com\/web\/wp-json\/wp\/v2\/types\/post"}],"author":[{"embeddable":true,"href":"https:\/\/tabernaculoprensadedios.com\/web\/wp-json\/wp\/v2\/users\/1"}],"replies":[{"embeddable":true,"href":"https:\/\/tabernaculoprensadedios.com\/web\/wp-json\/wp\/v2\/comments?post=19812"}],"version-history":[{"count":2,"href":"https:\/\/tabernaculoprensadedios.com\/web\/wp-json\/wp\/v2\/posts\/19812\/revisions"}],"predecessor-version":[{"id":19815,"href":"https:\/\/tabernaculoprensadedios.com\/web\/wp-json\/wp\/v2\/posts\/19812\/revisions\/19815"}],"wp:featuredmedia":[{"embeddable":true,"href":"https:\/\/tabernaculoprensadedios.com\/web\/wp-json\/wp\/v2\/media\/19813"}],"wp:attachment":[{"href":"https:\/\/tabernaculoprensadedios.com\/web\/wp-json\/wp\/v2\/media?parent=19812"}],"wp:term":[{"taxonomy":"category","embeddable":true,"href":"https:\/\/tabernaculoprensadedios.com\/web\/wp-json\/wp\/v2\/categories?post=19812"},{"taxonomy":"post_tag","embeddable":true,"href":"https:\/\/tabernaculoprensadedios.com\/web\/wp-json\/wp\/v2\/tags?post=19812"}],"curies":[{"name":"wp","href":"https:\/\/api.w.org\/{rel}","templated":true}]}}