{"id":19780,"date":"2020-10-07T00:54:41","date_gmt":"2020-10-07T00:54:41","guid":{"rendered":"http:\/\/tabernaculoprensadedios.com\/web\/?p=19780"},"modified":"2020-10-07T00:54:41","modified_gmt":"2020-10-07T00:54:41","slug":"unev-sostiene-encuentro-con-representantes-de-sectores-productivos-del-municipio-villa-altagracia","status":"publish","type":"post","link":"https:\/\/tabernaculoprensadedios.com\/web\/unev-sostiene-encuentro-con-representantes-de-sectores-productivos-del-municipio-villa-altagracia\/","title":{"rendered":"UNEV sostiene encuentro con representantes de sectores productivos del municipio Villa Altagracia"},"content":{"rendered":"<p>La Universidad Nacional Evang\u00e9lica y la Vicerrector\u00eda de Investigaci\u00f3n Innovaci\u00f3n y Posgrado a trav\u00e9s de su Centro de Agricultura Sostenible con Tecnolog\u00eda Apropiada (CASTA), organizaron un encuentro con el objetivo de conocer los proyectos de investigaci\u00f3n y tener un acercamiento de academia hacia las empresas.<\/p>\n<p>En tal sentido, se desarroll\u00f3 un di\u00e1logo abierto con los diversos sectores productivos entre estos el Cl\u00faster Ecotur\u00edstico y de Desarrollo de Villa Altagracia (CETVILLA), la Unidad Ecol\u00f3gica y la Unidad Humanitaria y del Ejercito Nacional y la Licda. Judekis Castro, regidora en el Ayuntamiento de la localidad.<\/p>\n<p>La bienvenida al encuentro estuvo a cargo del rector de la academia, Ing. Epifanio Gonz\u00e1lez Minaya, quien ponder\u00f3 la presencia de los gestores de la academia por medio de la Facultad de Desarrollo Rural y el CASTA y el compromiso de la universidad\u00a0 de ofrecer una variada gama de oportunidades educativas servicios de alta calidad, orientada a promover los recursos naturales, la investigaci\u00f3n, el crecimiento humano y a desarrollar la competitividad de la universidad con las empresas.<\/p>\n<p>Entre los invitados estuvieron: Miguel Valenzuela y Sergio Grull\u00f3n presidente y vicepresidente del Cl\u00faster de Villa Altagracia respectivamente; Frank B\u00e1ez, coronel del Ej\u00e9rcito Nacional; Martin Hache, Genny Lantigua, Rosa Reinoso, miembros de la Unidad Ecol\u00f3gica del municipio, perteneciente a la provincia San Crist\u00f3bal.<\/p>\n<p>En tanto que por la UNEV asistieron autoridades acad\u00e9micas, entre ellas el Vicerrector de Investigaci\u00f3n, Innovaci\u00f3n y Postgrado, Dr. Juan Guerrero \u00c1vila; M.A. Santa Guzm\u00e1n, Vicerrectora Acad\u00e9mica; Dr. Rafael Reyes, Vicerrector Administrativo; Dr. Jos\u00e9 Vanderlinder, director del Recinto Santiago; Ing. Jehov\u00e1 Pe\u00f1a, Decano de la Facultad para el Desarrollo Rural (FADER), Santiago Kalaf, director ejecutivo de Oxinat; y los investigadores Alberto N\u00fa\u00f1ez Selles, C\u00e9sar L\u00f3pez, Helmut Betancourt, Bol\u00edvar Batista, y Carlos Garc\u00eda.<\/p>\n<p>En el encuentro, el Dr. Alberto N\u00fa\u00f1ez Selles, Director de Investigaciones de la Universidad Nacional Evang\u00e9lica expuso un recuento de los 39 proyectos, de estos 25 ejecutados, 14 propuestos ante el FONDOCYT con l\u00edneas de investigaci\u00f3n en las \u00e1reas de: agricultura, producci\u00f3n animal, aprovechamiento de los residuos para la conservaci\u00f3n de productos de alto valor; desarrollo de materiales para su empleo en el desarrollo de la tecnolog\u00eda.<\/p>\n<p>Adem\u00e1s otras l\u00edneas de investigaci\u00f3n en temas relacionados con evaluaci\u00f3n y abstenci\u00f3n de productos antioxidante, ensayos cl\u00ednicos para productos de la salud, y metodolog\u00eda y t\u00e9cnicas modernas para a ense\u00f1anza de ciencias y matem\u00e1ticas.<\/p>\n<p>Al final hubo interacci\u00f3n de preguntas y respuestas del p\u00fabico presente que fue reunido en las instalaciones Centro de Agricultura Sostenible con Tecnolog\u00eda Aplicada (CASTA) ubicada en dicho municipio.<\/p>\n","protected":false},"excerpt":{"rendered":"<p>La Universidad Nacional Evang\u00e9lica y la Vicerrector\u00eda de Investigaci\u00f3n Innovaci\u00f3n y Posgrado a trav\u00e9s de su Centro de Agricultura Sostenible con Tecnolog\u00eda Apropiada (CASTA), organizaron un encuentro con el objetivo de conocer los proyectos de investigaci\u00f3n y tener un acercamiento de academia hacia las empresas. En tal sentido, se desarroll\u00f3 un di\u00e1logo abierto con los &hellip;<\/p>\n","protected":false},"author":2,"featured_media":19781,"comment_status":"open","ping_status":"open","sticky":false,"template":"","format":"standard","meta":{"footnotes":""},"categories":[34],"tags":[],"class_list":["post-19780","post","type-post","status-publish","format-standard","has-post-thumbnail","hentry","category-articulos"],"yoast_head":"<!-- This site is optimized with the Yoast SEO Premium plugin v24.2 (Yoast SEO v27.1.1) - https:\/\/yoast.com\/product\/yoast-seo-premium-wordpress\/ -->\n<title>UNEV sostiene encuentro con representantes de sectores productivos del municipio Villa Altagracia - Tabernaculo Prensa de Dios<\/title>\n<meta name=\"robots\" content=\"index, follow, max-snippet:-1, max-image-preview:large, max-video-preview:-1\" \/>\n<link rel=\"canonical\" href=\"https:\/\/tabernaculoprensadedios.com\/web\/unev-sostiene-encuentro-con-representantes-de-sectores-productivos-del-municipio-villa-altagracia\/\" class=\"yoast-seo-meta-tag\" \/>\n<meta property=\"og:locale\" content=\"es_ES\" class=\"yoast-seo-meta-tag\" \/>\n<meta property=\"og:type\" content=\"article\" class=\"yoast-seo-meta-tag\" \/>\n<meta property=\"og:title\" content=\"UNEV sostiene encuentro con representantes de sectores productivos del municipio Villa Altagracia\" class=\"yoast-seo-meta-tag\" \/>\n<meta property=\"og:description\" content=\"La Universidad Nacional Evang\u00e9lica y la Vicerrector\u00eda de Investigaci\u00f3n Innovaci\u00f3n y Posgrado a trav\u00e9s de su Centro de Agricultura Sostenible con Tecnolog\u00eda Apropiada (CASTA), organizaron un encuentro con el objetivo de conocer los proyectos de investigaci\u00f3n y tener un acercamiento de academia hacia las empresas. En tal sentido, se desarroll\u00f3 un di\u00e1logo abierto con los &hellip;\" class=\"yoast-seo-meta-tag\" \/>\n<meta property=\"og:url\" content=\"https:\/\/tabernaculoprensadedios.com\/web\/unev-sostiene-encuentro-con-representantes-de-sectores-productivos-del-municipio-villa-altagracia\/\" class=\"yoast-seo-meta-tag\" \/>\n<meta property=\"og:site_name\" content=\"Tabernaculo Prensa de Dios\" class=\"yoast-seo-meta-tag\" \/>\n<meta property=\"article:published_time\" content=\"2020-10-07T00:54:41+00:00\" class=\"yoast-seo-meta-tag\" \/>\n<meta property=\"og:image\" content=\"https:\/\/tabernaculoprensadedios.com\/web\/wp-content\/uploads\/2020\/10\/UNEV-sostiene-encuentro-con-representantes-de-sectores-productivos-del-municipio-Villa-Altagracia-1-1.jpg\" class=\"yoast-seo-meta-tag\" \/>\n\t<meta property=\"og:image:width\" content=\"693\" class=\"yoast-seo-meta-tag\" \/>\n\t<meta property=\"og:image:height\" content=\"370\" class=\"yoast-seo-meta-tag\" \/>\n\t<meta property=\"og:image:type\" content=\"image\/jpeg\" class=\"yoast-seo-meta-tag\" \/>\n<meta name=\"author\" content=\"Malga\" class=\"yoast-seo-meta-tag\" \/>\n<meta name=\"twitter:card\" content=\"summary_large_image\" class=\"yoast-seo-meta-tag\" \/>\n<meta name=\"twitter:creator\" content=\"@PrensadeDios\" class=\"yoast-seo-meta-tag\" \/>\n<meta name=\"twitter:site\" content=\"@PrensadeDios\" class=\"yoast-seo-meta-tag\" \/>\n<meta name=\"twitter:label1\" content=\"Escrito por\" class=\"yoast-seo-meta-tag\" \/>\n\t<meta name=\"twitter:data1\" content=\"Malga\" class=\"yoast-seo-meta-tag\" \/>\n\t<meta name=\"twitter:label2\" content=\"Tiempo de lectura\" class=\"yoast-seo-meta-tag\" \/>\n\t<meta name=\"twitter:data2\" content=\"2 minutos\" class=\"yoast-seo-meta-tag\" \/>\n<script type=\"application\/ld+json\" class=\"yoast-schema-graph\">{\"@context\":\"https:\/\/schema.org\",\"@graph\":[{\"@type\":\"Article\",\"@id\":\"https:\/\/tabernaculoprensadedios.com\/web\/unev-sostiene-encuentro-con-representantes-de-sectores-productivos-del-municipio-villa-altagracia\/#article\",\"isPartOf\":{\"@id\":\"https:\/\/tabernaculoprensadedios.com\/web\/unev-sostiene-encuentro-con-representantes-de-sectores-productivos-del-municipio-villa-altagracia\/\"},\"author\":{\"name\":\"Malga\",\"@id\":\"https:\/\/tabernaculoprensadedios.com\/web\/#\/schema\/person\/64ae3a8b2e245c8b8652b1294ca1860a\"},\"headline\":\"UNEV sostiene encuentro con representantes de sectores productivos del municipio Villa Altagracia\",\"datePublished\":\"2020-10-07T00:54:41+00:00\",\"mainEntityOfPage\":{\"@id\":\"https:\/\/tabernaculoprensadedios.com\/web\/unev-sostiene-encuentro-con-representantes-de-sectores-productivos-del-municipio-villa-altagracia\/\"},\"wordCount\":475,\"commentCount\":0,\"publisher\":{\"@id\":\"https:\/\/tabernaculoprensadedios.com\/web\/#\/schema\/person\/bc0e069fef56b38e177db6f098ae0b6e\"},\"image\":{\"@id\":\"https:\/\/tabernaculoprensadedios.com\/web\/unev-sostiene-encuentro-con-representantes-de-sectores-productivos-del-municipio-villa-altagracia\/#primaryimage\"},\"thumbnailUrl\":\"https:\/\/tabernaculoprensadedios.com\/web\/wp-content\/uploads\/2020\/10\/UNEV-sostiene-encuentro-con-representantes-de-sectores-productivos-del-municipio-Villa-Altagracia-1-1.jpg\",\"articleSection\":[\"Articulos\"],\"inLanguage\":\"es\",\"potentialAction\":[{\"@type\":\"CommentAction\",\"name\":\"Comment\",\"target\":[\"https:\/\/tabernaculoprensadedios.com\/web\/unev-sostiene-encuentro-con-representantes-de-sectores-productivos-del-municipio-villa-altagracia\/#respond\"]}]},{\"@type\":\"WebPage\",\"@id\":\"https:\/\/tabernaculoprensadedios.com\/web\/unev-sostiene-encuentro-con-representantes-de-sectores-productivos-del-municipio-villa-altagracia\/\",\"url\":\"https:\/\/tabernaculoprensadedios.com\/web\/unev-sostiene-encuentro-con-representantes-de-sectores-productivos-del-municipio-villa-altagracia\/\",\"name\":\"UNEV sostiene encuentro con representantes de sectores productivos del municipio Villa Altagracia - Tabernaculo Prensa de Dios\",\"isPartOf\":{\"@id\":\"https:\/\/tabernaculoprensadedios.com\/web\/#website\"},\"primaryImageOfPage\":{\"@id\":\"https:\/\/tabernaculoprensadedios.com\/web\/unev-sostiene-encuentro-con-representantes-de-sectores-productivos-del-municipio-villa-altagracia\/#primaryimage\"},\"image\":{\"@id\":\"https:\/\/tabernaculoprensadedios.com\/web\/unev-sostiene-encuentro-con-representantes-de-sectores-productivos-del-municipio-villa-altagracia\/#primaryimage\"},\"thumbnailUrl\":\"https:\/\/tabernaculoprensadedios.com\/web\/wp-content\/uploads\/2020\/10\/UNEV-sostiene-encuentro-con-representantes-de-sectores-productivos-del-municipio-Villa-Altagracia-1-1.jpg\",\"datePublished\":\"2020-10-07T00:54:41+00:00\",\"breadcrumb\":{\"@id\":\"https:\/\/tabernaculoprensadedios.com\/web\/unev-sostiene-encuentro-con-representantes-de-sectores-productivos-del-municipio-villa-altagracia\/#breadcrumb\"},\"inLanguage\":\"es\",\"potentialAction\":[{\"@type\":\"ReadAction\",\"target\":[\"https:\/\/tabernaculoprensadedios.com\/web\/unev-sostiene-encuentro-con-representantes-de-sectores-productivos-del-municipio-villa-altagracia\/\"]}]},{\"@type\":\"ImageObject\",\"inLanguage\":\"es\",\"@id\":\"https:\/\/tabernaculoprensadedios.com\/web\/unev-sostiene-encuentro-con-representantes-de-sectores-productivos-del-municipio-villa-altagracia\/#primaryimage\",\"url\":\"https:\/\/tabernaculoprensadedios.com\/web\/wp-content\/uploads\/2020\/10\/UNEV-sostiene-encuentro-con-representantes-de-sectores-productivos-del-municipio-Villa-Altagracia-1-1.jpg\",\"contentUrl\":\"https:\/\/tabernaculoprensadedios.com\/web\/wp-content\/uploads\/2020\/10\/UNEV-sostiene-encuentro-con-representantes-de-sectores-productivos-del-municipio-Villa-Altagracia-1-1.jpg\",\"width\":693,\"height\":370},{\"@type\":\"BreadcrumbList\",\"@id\":\"https:\/\/tabernaculoprensadedios.com\/web\/unev-sostiene-encuentro-con-representantes-de-sectores-productivos-del-municipio-villa-altagracia\/#breadcrumb\",\"itemListElement\":[{\"@type\":\"ListItem\",\"position\":1,\"name\":\"Portada\",\"item\":\"https:\/\/tabernaculoprensadedios.com\/web\/\"},{\"@type\":\"ListItem\",\"position\":2,\"name\":\"UNEV sostiene encuentro con representantes de sectores productivos del municipio Villa Altagracia\"}]},{\"@type\":\"WebSite\",\"@id\":\"https:\/\/tabernaculoprensadedios.com\/web\/#website\",\"url\":\"https:\/\/tabernaculoprensadedios.com\/web\/\",\"name\":\"Tabernaculo Prensa de Dios\",\"description\":\"Un medio a la manera de Dios\",\"publisher\":{\"@id\":\"https:\/\/tabernaculoprensadedios.com\/web\/#\/schema\/person\/bc0e069fef56b38e177db6f098ae0b6e\"},\"potentialAction\":[{\"@type\":\"SearchAction\",\"target\":{\"@type\":\"EntryPoint\",\"urlTemplate\":\"https:\/\/tabernaculoprensadedios.com\/web\/?s={search_term_string}\"},\"query-input\":{\"@type\":\"PropertyValueSpecification\",\"valueRequired\":true,\"valueName\":\"search_term_string\"}}],\"inLanguage\":\"es\"},{\"@type\":[\"Person\",\"Organization\"],\"@id\":\"https:\/\/tabernaculoprensadedios.com\/web\/#\/schema\/person\/bc0e069fef56b38e177db6f098ae0b6e\",\"name\":\"tabernaculo\",\"image\":{\"@type\":\"ImageObject\",\"inLanguage\":\"es\",\"@id\":\"https:\/\/tabernaculoprensadedios.com\/web\/#\/schema\/person\/image\/\",\"url\":\"https:\/\/tabernaculoprensadedios.com\/web\/wp-content\/uploads\/2015\/06\/login-logo1.png\",\"contentUrl\":\"https:\/\/tabernaculoprensadedios.com\/web\/wp-content\/uploads\/2015\/06\/login-logo1.png\",\"width\":300,\"height\":118,\"caption\":\"tabernaculo\"},\"logo\":{\"@id\":\"https:\/\/tabernaculoprensadedios.com\/web\/#\/schema\/person\/image\/\"}},{\"@type\":\"Person\",\"@id\":\"https:\/\/tabernaculoprensadedios.com\/web\/#\/schema\/person\/64ae3a8b2e245c8b8652b1294ca1860a\",\"name\":\"Malga\",\"image\":{\"@type\":\"ImageObject\",\"inLanguage\":\"es\",\"@id\":\"https:\/\/tabernaculoprensadedios.com\/web\/#\/schema\/person\/image\/\",\"url\":\"\/\/www.gravatar.com\/avatar\/b06041ad78a6d3dd6b8d5ebf9704448e?s=96&#038;r=g&#038;d=mm\",\"contentUrl\":\"\/\/www.gravatar.com\/avatar\/b06041ad78a6d3dd6b8d5ebf9704448e?s=96&#038;r=g&#038;d=mm\",\"caption\":\"Malga\"},\"url\":\"https:\/\/tabernaculoprensadedios.com\/web\/author\/malga\/\"}]}<\/script>\n<!-- \/ Yoast SEO Premium plugin. -->","yoast_head_json":{"title":"UNEV sostiene encuentro con representantes de sectores productivos del municipio Villa Altagracia - Tabernaculo Prensa de Dios","robots":{"index":"index","follow":"follow","max-snippet":"max-snippet:-1","max-image-preview":"max-image-preview:large","max-video-preview":"max-video-preview:-1"},"canonical":"https:\/\/tabernaculoprensadedios.com\/web\/unev-sostiene-encuentro-con-representantes-de-sectores-productivos-del-municipio-villa-altagracia\/","og_locale":"es_ES","og_type":"article","og_title":"UNEV sostiene encuentro con representantes de sectores productivos del municipio Villa Altagracia","og_description":"La Universidad Nacional Evang\u00e9lica y la Vicerrector\u00eda de Investigaci\u00f3n Innovaci\u00f3n y Posgrado a trav\u00e9s de su Centro de Agricultura Sostenible con Tecnolog\u00eda Apropiada (CASTA), organizaron un encuentro con el objetivo de conocer los proyectos de investigaci\u00f3n y tener un acercamiento de academia hacia las empresas. En tal sentido, se desarroll\u00f3 un di\u00e1logo abierto con los &hellip;","og_url":"https:\/\/tabernaculoprensadedios.com\/web\/unev-sostiene-encuentro-con-representantes-de-sectores-productivos-del-municipio-villa-altagracia\/","og_site_name":"Tabernaculo Prensa de Dios","article_published_time":"2020-10-07T00:54:41+00:00","og_image":[{"width":693,"height":370,"url":"https:\/\/tabernaculoprensadedios.com\/web\/wp-content\/uploads\/2020\/10\/UNEV-sostiene-encuentro-con-representantes-de-sectores-productivos-del-municipio-Villa-Altagracia-1-1.jpg","type":"image\/jpeg"}],"author":"Malga","twitter_card":"summary_large_image","twitter_creator":"@PrensadeDios","twitter_site":"@PrensadeDios","twitter_misc":{"Escrito por":"Malga","Tiempo de lectura":"2 minutos"},"schema":{"@context":"https:\/\/schema.org","@graph":[{"@type":"Article","@id":"https:\/\/tabernaculoprensadedios.com\/web\/unev-sostiene-encuentro-con-representantes-de-sectores-productivos-del-municipio-villa-altagracia\/#article","isPartOf":{"@id":"https:\/\/tabernaculoprensadedios.com\/web\/unev-sostiene-encuentro-con-representantes-de-sectores-productivos-del-municipio-villa-altagracia\/"},"author":{"name":"Malga","@id":"https:\/\/tabernaculoprensadedios.com\/web\/#\/schema\/person\/64ae3a8b2e245c8b8652b1294ca1860a"},"headline":"UNEV sostiene encuentro con representantes de sectores productivos del municipio Villa Altagracia","datePublished":"2020-10-07T00:54:41+00:00","mainEntityOfPage":{"@id":"https:\/\/tabernaculoprensadedios.com\/web\/unev-sostiene-encuentro-con-representantes-de-sectores-productivos-del-municipio-villa-altagracia\/"},"wordCount":475,"commentCount":0,"publisher":{"@id":"https:\/\/tabernaculoprensadedios.com\/web\/#\/schema\/person\/bc0e069fef56b38e177db6f098ae0b6e"},"image":{"@id":"https:\/\/tabernaculoprensadedios.com\/web\/unev-sostiene-encuentro-con-representantes-de-sectores-productivos-del-municipio-villa-altagracia\/#primaryimage"},"thumbnailUrl":"https:\/\/tabernaculoprensadedios.com\/web\/wp-content\/uploads\/2020\/10\/UNEV-sostiene-encuentro-con-representantes-de-sectores-productivos-del-municipio-Villa-Altagracia-1-1.jpg","articleSection":["Articulos"],"inLanguage":"es","potentialAction":[{"@type":"CommentAction","name":"Comment","target":["https:\/\/tabernaculoprensadedios.com\/web\/unev-sostiene-encuentro-con-representantes-de-sectores-productivos-del-municipio-villa-altagracia\/#respond"]}]},{"@type":"WebPage","@id":"https:\/\/tabernaculoprensadedios.com\/web\/unev-sostiene-encuentro-con-representantes-de-sectores-productivos-del-municipio-villa-altagracia\/","url":"https:\/\/tabernaculoprensadedios.com\/web\/unev-sostiene-encuentro-con-representantes-de-sectores-productivos-del-municipio-villa-altagracia\/","name":"UNEV sostiene encuentro con representantes de sectores productivos del municipio Villa Altagracia - Tabernaculo Prensa de Dios","isPartOf":{"@id":"https:\/\/tabernaculoprensadedios.com\/web\/#website"},"primaryImageOfPage":{"@id":"https:\/\/tabernaculoprensadedios.com\/web\/unev-sostiene-encuentro-con-representantes-de-sectores-productivos-del-municipio-villa-altagracia\/#primaryimage"},"image":{"@id":"https:\/\/tabernaculoprensadedios.com\/web\/unev-sostiene-encuentro-con-representantes-de-sectores-productivos-del-municipio-villa-altagracia\/#primaryimage"},"thumbnailUrl":"https:\/\/tabernaculoprensadedios.com\/web\/wp-content\/uploads\/2020\/10\/UNEV-sostiene-encuentro-con-representantes-de-sectores-productivos-del-municipio-Villa-Altagracia-1-1.jpg","datePublished":"2020-10-07T00:54:41+00:00","breadcrumb":{"@id":"https:\/\/tabernaculoprensadedios.com\/web\/unev-sostiene-encuentro-con-representantes-de-sectores-productivos-del-municipio-villa-altagracia\/#breadcrumb"},"inLanguage":"es","potentialAction":[{"@type":"ReadAction","target":["https:\/\/tabernaculoprensadedios.com\/web\/unev-sostiene-encuentro-con-representantes-de-sectores-productivos-del-municipio-villa-altagracia\/"]}]},{"@type":"ImageObject","inLanguage":"es","@id":"https:\/\/tabernaculoprensadedios.com\/web\/unev-sostiene-encuentro-con-representantes-de-sectores-productivos-del-municipio-villa-altagracia\/#primaryimage","url":"https:\/\/tabernaculoprensadedios.com\/web\/wp-content\/uploads\/2020\/10\/UNEV-sostiene-encuentro-con-representantes-de-sectores-productivos-del-municipio-Villa-Altagracia-1-1.jpg","contentUrl":"https:\/\/tabernaculoprensadedios.com\/web\/wp-content\/uploads\/2020\/10\/UNEV-sostiene-encuentro-con-representantes-de-sectores-productivos-del-municipio-Villa-Altagracia-1-1.jpg","width":693,"height":370},{"@type":"BreadcrumbList","@id":"https:\/\/tabernaculoprensadedios.com\/web\/unev-sostiene-encuentro-con-representantes-de-sectores-productivos-del-municipio-villa-altagracia\/#breadcrumb","itemListElement":[{"@type":"ListItem","position":1,"name":"Portada","item":"https:\/\/tabernaculoprensadedios.com\/web\/"},{"@type":"ListItem","position":2,"name":"UNEV sostiene encuentro con representantes de sectores productivos del municipio Villa Altagracia"}]},{"@type":"WebSite","@id":"https:\/\/tabernaculoprensadedios.com\/web\/#website","url":"https:\/\/tabernaculoprensadedios.com\/web\/","name":"Tabernaculo Prensa de Dios","description":"Un medio a la manera de Dios","publisher":{"@id":"https:\/\/tabernaculoprensadedios.com\/web\/#\/schema\/person\/bc0e069fef56b38e177db6f098ae0b6e"},"potentialAction":[{"@type":"SearchAction","target":{"@type":"EntryPoint","urlTemplate":"https:\/\/tabernaculoprensadedios.com\/web\/?s={search_term_string}"},"query-input":{"@type":"PropertyValueSpecification","valueRequired":true,"valueName":"search_term_string"}}],"inLanguage":"es"},{"@type":["Person","Organization"],"@id":"https:\/\/tabernaculoprensadedios.com\/web\/#\/schema\/person\/bc0e069fef56b38e177db6f098ae0b6e","name":"tabernaculo","image":{"@type":"ImageObject","inLanguage":"es","@id":"https:\/\/tabernaculoprensadedios.com\/web\/#\/schema\/person\/image\/","url":"https:\/\/tabernaculoprensadedios.com\/web\/wp-content\/uploads\/2015\/06\/login-logo1.png","contentUrl":"https:\/\/tabernaculoprensadedios.com\/web\/wp-content\/uploads\/2015\/06\/login-logo1.png","width":300,"height":118,"caption":"tabernaculo"},"logo":{"@id":"https:\/\/tabernaculoprensadedios.com\/web\/#\/schema\/person\/image\/"}},{"@type":"Person","@id":"https:\/\/tabernaculoprensadedios.com\/web\/#\/schema\/person\/64ae3a8b2e245c8b8652b1294ca1860a","name":"Malga","image":{"@type":"ImageObject","inLanguage":"es","@id":"https:\/\/tabernaculoprensadedios.com\/web\/#\/schema\/person\/image\/","url":"\/\/www.gravatar.com\/avatar\/b06041ad78a6d3dd6b8d5ebf9704448e?s=96&#038;r=g&#038;d=mm","contentUrl":"\/\/www.gravatar.com\/avatar\/b06041ad78a6d3dd6b8d5ebf9704448e?s=96&#038;r=g&#038;d=mm","caption":"Malga"},"url":"https:\/\/tabernaculoprensadedios.com\/web\/author\/malga\/"}]}},"_links":{"self":[{"href":"https:\/\/tabernaculoprensadedios.com\/web\/wp-json\/wp\/v2\/posts\/19780","targetHints":{"allow":["GET"]}}],"collection":[{"href":"https:\/\/tabernaculoprensadedios.com\/web\/wp-json\/wp\/v2\/posts"}],"about":[{"href":"https:\/\/tabernaculoprensadedios.com\/web\/wp-json\/wp\/v2\/types\/post"}],"author":[{"embeddable":true,"href":"https:\/\/tabernaculoprensadedios.com\/web\/wp-json\/wp\/v2\/users\/2"}],"replies":[{"embeddable":true,"href":"https:\/\/tabernaculoprensadedios.com\/web\/wp-json\/wp\/v2\/comments?post=19780"}],"version-history":[{"count":1,"href":"https:\/\/tabernaculoprensadedios.com\/web\/wp-json\/wp\/v2\/posts\/19780\/revisions"}],"predecessor-version":[{"id":19782,"href":"https:\/\/tabernaculoprensadedios.com\/web\/wp-json\/wp\/v2\/posts\/19780\/revisions\/19782"}],"wp:featuredmedia":[{"embeddable":true,"href":"https:\/\/tabernaculoprensadedios.com\/web\/wp-json\/wp\/v2\/media\/19781"}],"wp:attachment":[{"href":"https:\/\/tabernaculoprensadedios.com\/web\/wp-json\/wp\/v2\/media?parent=19780"}],"wp:term":[{"taxonomy":"category","embeddable":true,"href":"https:\/\/tabernaculoprensadedios.com\/web\/wp-json\/wp\/v2\/categories?post=19780"},{"taxonomy":"post_tag","embeddable":true,"href":"https:\/\/tabernaculoprensadedios.com\/web\/wp-json\/wp\/v2\/tags?post=19780"}],"curies":[{"name":"wp","href":"https:\/\/api.w.org\/{rel}","templated":true}]}}