{"id":19763,"date":"2020-10-05T19:59:01","date_gmt":"2020-10-05T19:59:01","guid":{"rendered":"http:\/\/tabernaculoprensadedios.com\/web\/?p=19763"},"modified":"2020-10-05T19:59:01","modified_gmt":"2020-10-05T19:59:01","slug":"la-santa-cena-y-el-espiritu-santo","status":"publish","type":"post","link":"https:\/\/tabernaculoprensadedios.com\/web\/la-santa-cena-y-el-espiritu-santo\/","title":{"rendered":"La Santa Cena y El Espiritu Santo\u2026\u2026"},"content":{"rendered":"<p>Lucas 22:10-13 El les Dijo: He aqui, al entrar en la ciudad os saldra al encuentro un hombre que lleva un cantaro de agua; seguidle hasta la casa donde entrare,<\/p>\n<p>11 Y decid al padre de la familia de esa casa: El Maestro te dice: donde esta el aposento donde he de comer la Pascua con mis discipulos?<\/p>\n<p>12 Entonces el os mostrara un gran aposento alto ya dispuesto; preparad alli.<\/p>\n<p>13 Fueron, pues, y hallaron como les hab\u00eda dicho; y prepararon la pascua.<\/p>\n<p>Vemos en estos versos (4) cuatro puntos muy interesantes que son:<\/p>\n<p>1.- La Guia Divina.\u00a0\u00a0\u00a0\u00a0\u00a0\u00a0\u00a0\u00a0\u00a0\u00a0\u00a0\u00a0\u00a0\u00a0\u00a0\u00a0 \u00a0\u00a0\u00a0\u00a0\u00a0\u00a0\u00a0 2.- La Omniciencia.\u00a0\u00a0\u00a0\u00a0\u00a0\u00a0\u00a0\u00a0\u00a0\u00a0\u00a0\u00a0\u00a0\u00a0\u00a0 \u00a0\u00a0\u00a0\u00a0\u00a0\u00a0 3.- Cristo como Maestro.\u00a0\u00a0\u00a0\u00a0\u00a0\u00a0\u00a0\u00a0\u00a0\u00a0\u00a0\u00a0\u00a0\u00a0\u00a0\u00a0\u00a0\u00a0\u00a0\u00a0 4.- Mandatos de Cristo.<\/p>\n<p>Y estos versos tambien se refieren a la preparacion de la pascua, por los Apostoles. Son ense\u00f1ados para la institucion de la Sana Cena, la cual mas adelante nos llevara a la comunion con el Espiritu Santo.<\/p>\n<p>Pero veamos algo muy interesante la Santa Cena fue preparada en un aposento alto, lo dice la palabra de Dios, Lucas 22:11-13. Que es figura la busqueda de la communion con Dios segun Exodo 24:15-16.<\/p>\n<p>Y en esta busqueda de Dios esta basa en (3) tres principios base en el Cristianismo:<\/p>\n<p>1.- Un proposito comun \u00a0\u00a0\u00a0\u00a0\u00a0\u00a0\u00a0\u00a0 \u00a0\u00a0\u00a0\u00a0\u00a0\u00a0\u00a0 Salmo 133:1-3.<\/p>\n<p>2.- Una creencia comun \u00a0\u00a0\u00a0\u00a0\u00a0\u00a0\u00a0\u00a0 \u00a0\u00a0\u00a0\u00a0\u00a0\u00a0\u00a0 Hechos 2:42.<\/p>\n<p>3.- Una conviccion comun\u00a0\u00a0\u00a0\u00a0\u00a0\u00a0\u00a0\u00a0\u00a0\u00a0\u00a0\u00a0\u00a0 1 Pedro 3:8.<\/p>\n<p>A esta altura de creencia, ya debe de existir una relacion entre el creyente y el Espiritu Santo, asi lo describe Filipenses 2:1.<\/p>\n<p>Filipenses 2:1 Por tanto, si hay alguna consolacion en Cristo, si algun consuelo de amor, si alguna communion del Espiritu, si algun afecto entra\u00f1able, si alguna misericordia.<\/p>\n<p>Veamos estas palabras, consolacion en Cristo, Consuelo de amor, comunion del Espiritu, afecto entra\u00f1able, misericordia.<\/p>\n<p>Esto es un Cristo confesdo en el creyente, es decir, un proposito, una creencia, una conviccion.<\/p>\n<p>Como vemos cumplidas estas palabras en nuestras vidas hoy en dia? Simple a traves del Espiritu Santo de Dios que es el que opera en estos tiempos.<\/p>\n<p>Juan 14:15-17 Si me amais, guardad mis mandamientos<\/p>\n<p>16 Y yo rogare al Padre, y os dara otro Consolador, para que este con vosotros para siempre:<\/p>\n<p>17 el Espiritu de verdad, al cual el mundo no puede recibir, porque no le ve, ni le conoce; pero vosotros le conoceis, porque mora con vosotros, y estara en vosotros.<\/p>\n<p>Entonce el Maestro nos dice hoy, buscad el aposento alto, y prepararlo.<\/p>\n<p>Mi conviccion, mi creencia, mi proposito, me dice que tengo que hacerlo y tomare Santa Cena, y recordar que nuestro Salvador que viene pronto.<\/p>\n<p>Para que el paracleto me guie hoy en dia, hasta que Jehova nos llame a su prencia, amados hermanos, y asi se cumple la palabra de Juan 14:15-17.<\/p>\n<p>Lucas 22:10-12, recalca a Cristo como Maestro, y este nos deja un mandato y entendiendo lo siguiente:<\/p>\n<p>Ahora nosotros los cristianoss, que tenemos a un Dios en comun, un proposito en EL, una creencia en comun, y una conviccion en comun, y temenos un Maestro en comun:<\/p>\n<p>\u2026El os mostrara un apocento alto ya dispuesto; preparad alli\u2026<\/p>\n<p>Hay que recordar:<\/p>\n<p>v 15\u2026Si me amais, guardad mis mandamientos\u2026<\/p>\n<p>v 16 Y yo rogare al Padre, y os dara otro Consolador, para que este con vosotros\u2026<\/p>\n<p>Te voy a dar (6) seis razones porque necesitamos al Espiritu Santo de Dios:<\/p>\n<p>1.- Razon Permanece para siempre\u00a0\u00a0\u00a0\u00a0\u00a0\u00a0\u00a0\u00a0\u00a0\u00a0\u00a0\u00a0\u00a0\u00a0\u00a0\u00a0\u00a0\u00a0\u00a0\u00a0\u00a0\u00a0\u00a0 Juan 14:16.<\/p>\n<p>2.- Razon Recuerda las palabras de Cristo\u00a0\u00a0\u00a0\u00a0\u00a0\u00a0\u00a0\u00a0\u00a0\u00a0\u00a0 Juan 14:26.<\/p>\n<p>3.- Razon Testifica a Cristo\u00a0\u00a0\u00a0\u00a0\u00a0\u00a0\u00a0\u00a0\u00a0\u00a0\u00a0\u00a0\u00a0\u00a0\u00a0\u00a0\u00a0\u00a0\u00a0\u00a0\u00a0\u00a0\u00a0\u00a0\u00a0\u00a0\u00a0 \u00a0\u00a0\u00a0\u00a0\u00a0\u00a0\u00a0 Juan 15:26.<\/p>\n<p>4.- Razon Convence al mundo del pecado\u00a0\u00a0\u00a0\u00a0\u00a0\u00a0\u00a0\u00a0\u00a0\u00a0\u00a0\u00a0\u00a0 Juan 16:7-8.<\/p>\n<p>5.- Razon Guia a toda verdad\u00a0\u00a0\u00a0\u00a0\u00a0\u00a0\u00a0\u00a0\u00a0\u00a0\u00a0\u00a0\u00a0\u00a0\u00a0\u00a0\u00a0\u00a0\u00a0\u00a0\u00a0\u00a0\u00a0 \u00a0\u00a0\u00a0\u00a0\u00a0\u00a0\u00a0 Juan 16:13.<\/p>\n<p>6.- Razon Convence al mundo Juicio, y Justicia \u00a0\u00a0\u00a0\u00a0\u00a0\u00a0 Juan 16:8.<\/p>\n<p>En la Santa Cena recordamos a Cristo y con el Espiritu Santo, testificamos a Cristo, y testificamos la adopcion espiritual:<\/p>\n<p>Romanos 8:16 El Espiritu mismo da testimonio a nuestro espiritu, de que somos hijos de Dios.<\/p>\n<p>Galatas 4:16 Y por cuanto sois hijos, Dios envio a vuestros corazones el Espiritu de su hijo, el cual clama: !Abba, Padre!<\/p>\n<p>1 Juan 3:24 Y el que guarda sus mandamientos, permanence en Dios, y Dios en el, Y en esto sabemos que el permanence en nosotros, por el Espiritu que nos ha dado.<\/p>\n<p>La Santa Cena muestra que el creyente tiene una estabilidad en el espiritu. Apesar de las aflicciones de la vida, de los problemas que se puedan presenter en la vida.<\/p>\n<p>La Santa Cena nos va hacer reflexionar como esta nuestra vida en Cristo. En otras palabras nos obliga a ponernos a cuentas con el Se\u00f1or y esto es muy bueno.<\/p>\n<p>Y esto es asi, el Espiritu Santo nos va a redarguir y nos dira ponte a cuenta con el Padre de los cielos, y recibiremos consolacion divina.<\/p>\n<p>Con el unico fin de tener estabilidad espiritual, y siempre nos exortara para estar bien para la gloria de Dios.<\/p>\n<p>La Santa Cena nos exorta a igual que el Espiritu Santo a probarnos a nosotros mismo 1 Corintios 11:28<\/p>\n<p>Galatas 5:1 Estad, pues, firmes en la libertad con que Cristo nos hizo libres, y no esteis otra vez sujetos al yugo de esclavitud.<\/p>\n<p>Filipenses 1:27 Solamente que os comprometeis como es digno del evangelio de Cristo, para que o sea que vaya a veros, o que este asunte, oiga de vosotros que estais firmes en un mismo espiritu, combatiendo unanimente por la fe del evangelio.<\/p>\n<p>Si el Espiritu Santo vive en nosotros, no lo hechemos fuera de nosotros por estar viviendo en el pecado, lo contristamos y nos abandonara.<\/p>\n<p>1 Samuel 16:14 El Es piritu de Jehova se aparto de Saul, y le atormentaba un espiritu malo de parte de Jehova.<\/p>\n<p>Salmo 51:11 No eches de delante de ti, Y no quites de mi tu santo Espiritu.<\/p>\n<p>Como mantenemos al Espiritu Santo de Dios en nuestras vidas? con nuestro arrepentimiento Hechos 2:38.<\/p>\n<p>Hechos 2:38 Pedro les dijo: Arrepent\u00edos, y baut\u00edcese cada uno de vosotros en el nombre de Jesucristo para perd\u00f3n de los pecados; y recibir\u00e9is el don del Esp\u00edritu Santo.<\/p>\n<p>Amados el Espiritu Santo hoy quiere ejecutar la palabra de Dios en tu Vida dandote direccion en:<\/p>\n<p>1.- La Guia a toda verdad\u00a0\u00a0\u00a0\u00a0\u00a0\u00a0\u00a0\u00a0\u00a0\u00a0\u00a0\u00a0\u00a0 \u00a0\u00a0\u00a0\u00a0\u00a0\u00a0\u00a0\u00a0\u00a0\u00a0\u00a0\u00a0\u00a0\u00a0\u00a0 \u00a0\u00a0\u00a0\u00a0\u00a0 Juan 16:3.<\/p>\n<p>2.- Controlar tus movimientos\u00a0\u00a0\u00a0\u00a0\u00a0\u00a0 \u00a0\u00a0\u00a0\u00a0\u00a0\u00a0\u00a0\u00a0\u00a0\u00a0\u00a0\u00a0\u00a0\u00a0\u00a0 \u00a0\u00a0\u00a0\u00a0\u00a0 Hechos 10:9;20.<\/p>\n<p>3.- Testificaras tu adopcion por la Obediencia\u00a0\u00a0\u00a0\u00a0\u00a0 Romanos 8:14.<\/p>\n<p>4.- Te da Vida\u00a0 \u00a0 \u00a0 \u00a0 \u00a0 \u00a0 \u00a0 \u00a0 \u00a0 \u00a0 \u00a0 \u00a0 \u00a0 \u00a0 \u00a0 \u00a0 \u00a0 \u00a0 \u00a0 \u00a0 \u00a0 \u00a0 \u00a0 \u00a0 \u00a0 \u00a0 \u00a0 \u00a0 Juan 6:63.<\/p>\n<p>Jesus quiere que vivamos en la plenitud de la verdad, y solo podemos vivir esta plenitud. Con el Espiritu Santo, que es el Espiritu de verdad, Juan 14:17, Juan 15:26, Juan 16:13, \u00a0\u00a0\u00a0\u00a0\u00a0\u00a0\u00a0\u00a0\u00a0\u00a0\u00a0\u00a0\u00a0\u00a0\u00a0\u00a0\u00a0\u00a01 Juan 4:6.<\/p>\n<p>Vivamos amada Iglesia en la verdad y veremos el gran poder de Dios, obrando y reflejado en nuestras vidas y es por:<\/p>\n<p>1.- Por una Verdad\u00a0 que es Cristo.<\/p>\n<p>2.- Por una Comunion que es Cristo.<\/p>\n<p>3.- Por una Creencia que es Cristo.<\/p>\n<p>4.- Por una obediencia que es Cristo.<\/p>\n<p>Bajo el poder de Dios vamos a manisfestar a Cristo, para salvacion para perdon.<\/p>\n<p>Manisfestaremos a Cristo, en lo infinito, sobre la naturaleza, sobre la tinieblas, como dador de vida, el obrador de maravillas, y el poder de la resurreccion.<\/p>\n<p>Basado en lo antes mensionado lo manifestaremos como vasos dignos y herramientas utiles. Para la expansion del reino de Dios en la tierra, mayores cosas haremos en su nombre, y el Espiritu Santo sera nuestra guia.<\/p>\n<p>Y hoy Dios nos dice:<\/p>\n<p>\u2026 Ve al apocento alto, y preparadlo para mi y para ti\u2026<\/p>\n<p>Dios les bendiga grandemente y poderosamente.<\/p>\n","protected":false},"excerpt":{"rendered":"<p>Lucas 22:10-13 El les Dijo: He aqui, al entrar en la ciudad os saldra al encuentro un hombre que lleva un cantaro de agua; seguidle hasta la casa donde entrare, 11 Y decid al padre de la familia de esa casa: El Maestro te dice: donde esta el aposento donde he de comer la Pascua &hellip;<\/p>\n","protected":false},"author":1,"featured_media":18628,"comment_status":"open","ping_status":"open","sticky":false,"template":"","format":"standard","meta":{"footnotes":""},"categories":[34],"tags":[],"class_list":["post-19763","post","type-post","status-publish","format-standard","has-post-thumbnail","hentry","category-articulos"],"yoast_head":"<!-- This site is optimized with the Yoast SEO Premium plugin v24.2 (Yoast SEO v27.1.1) - https:\/\/yoast.com\/product\/yoast-seo-premium-wordpress\/ -->\n<title>La Santa Cena y El Espiritu Santo\u2026\u2026 - Tabernaculo Prensa de Dios<\/title>\n<meta name=\"robots\" content=\"index, follow, max-snippet:-1, max-image-preview:large, max-video-preview:-1\" \/>\n<link rel=\"canonical\" href=\"https:\/\/tabernaculoprensadedios.com\/web\/la-santa-cena-y-el-espiritu-santo\/\" class=\"yoast-seo-meta-tag\" \/>\n<meta property=\"og:locale\" content=\"es_ES\" class=\"yoast-seo-meta-tag\" \/>\n<meta property=\"og:type\" content=\"article\" class=\"yoast-seo-meta-tag\" \/>\n<meta property=\"og:title\" content=\"La Santa Cena y El Espiritu Santo\u2026\u2026\" class=\"yoast-seo-meta-tag\" \/>\n<meta property=\"og:description\" content=\"Lucas 22:10-13 El les Dijo: He aqui, al entrar en la ciudad os saldra al encuentro un hombre que lleva un cantaro de agua; seguidle hasta la casa donde entrare, 11 Y decid al padre de la familia de esa casa: El Maestro te dice: donde esta el aposento donde he de comer la Pascua &hellip;\" class=\"yoast-seo-meta-tag\" \/>\n<meta property=\"og:url\" content=\"https:\/\/tabernaculoprensadedios.com\/web\/la-santa-cena-y-el-espiritu-santo\/\" class=\"yoast-seo-meta-tag\" \/>\n<meta property=\"og:site_name\" content=\"Tabernaculo Prensa de Dios\" class=\"yoast-seo-meta-tag\" \/>\n<meta property=\"article:published_time\" content=\"2020-10-05T19:59:01+00:00\" class=\"yoast-seo-meta-tag\" \/>\n<meta property=\"og:image\" content=\"https:\/\/tabernaculoprensadedios.com\/web\/wp-content\/uploads\/2020\/06\/quinteiro.jpg\" class=\"yoast-seo-meta-tag\" \/>\n\t<meta property=\"og:image:width\" content=\"720\" class=\"yoast-seo-meta-tag\" \/>\n\t<meta property=\"og:image:height\" content=\"424\" class=\"yoast-seo-meta-tag\" \/>\n\t<meta property=\"og:image:type\" content=\"image\/jpeg\" class=\"yoast-seo-meta-tag\" \/>\n<meta name=\"author\" content=\"tabernaculo\" class=\"yoast-seo-meta-tag\" \/>\n<meta name=\"twitter:card\" content=\"summary_large_image\" class=\"yoast-seo-meta-tag\" \/>\n<meta name=\"twitter:creator\" content=\"@PrensadeDios\" class=\"yoast-seo-meta-tag\" \/>\n<meta name=\"twitter:site\" content=\"@PrensadeDios\" class=\"yoast-seo-meta-tag\" \/>\n<meta name=\"twitter:label1\" content=\"Escrito por\" class=\"yoast-seo-meta-tag\" \/>\n\t<meta name=\"twitter:data1\" content=\"tabernaculo\" class=\"yoast-seo-meta-tag\" \/>\n\t<meta name=\"twitter:label2\" content=\"Tiempo de lectura\" class=\"yoast-seo-meta-tag\" \/>\n\t<meta name=\"twitter:data2\" content=\"6 minutos\" class=\"yoast-seo-meta-tag\" \/>\n<script type=\"application\/ld+json\" class=\"yoast-schema-graph\">{\"@context\":\"https:\/\/schema.org\",\"@graph\":[{\"@type\":\"Article\",\"@id\":\"https:\/\/tabernaculoprensadedios.com\/web\/la-santa-cena-y-el-espiritu-santo\/#article\",\"isPartOf\":{\"@id\":\"https:\/\/tabernaculoprensadedios.com\/web\/la-santa-cena-y-el-espiritu-santo\/\"},\"author\":{\"name\":\"tabernaculo\",\"@id\":\"https:\/\/tabernaculoprensadedios.com\/web\/#\/schema\/person\/bc0e069fef56b38e177db6f098ae0b6e\"},\"headline\":\"La Santa Cena y El Espiritu Santo\u2026\u2026\",\"datePublished\":\"2020-10-05T19:59:01+00:00\",\"mainEntityOfPage\":{\"@id\":\"https:\/\/tabernaculoprensadedios.com\/web\/la-santa-cena-y-el-espiritu-santo\/\"},\"wordCount\":1187,\"commentCount\":0,\"publisher\":{\"@id\":\"https:\/\/tabernaculoprensadedios.com\/web\/#\/schema\/person\/bc0e069fef56b38e177db6f098ae0b6e\"},\"image\":{\"@id\":\"https:\/\/tabernaculoprensadedios.com\/web\/la-santa-cena-y-el-espiritu-santo\/#primaryimage\"},\"thumbnailUrl\":\"https:\/\/tabernaculoprensadedios.com\/web\/wp-content\/uploads\/2020\/06\/quinteiro.jpg\",\"articleSection\":[\"Articulos\"],\"inLanguage\":\"es\",\"potentialAction\":[{\"@type\":\"CommentAction\",\"name\":\"Comment\",\"target\":[\"https:\/\/tabernaculoprensadedios.com\/web\/la-santa-cena-y-el-espiritu-santo\/#respond\"]}]},{\"@type\":\"WebPage\",\"@id\":\"https:\/\/tabernaculoprensadedios.com\/web\/la-santa-cena-y-el-espiritu-santo\/\",\"url\":\"https:\/\/tabernaculoprensadedios.com\/web\/la-santa-cena-y-el-espiritu-santo\/\",\"name\":\"La Santa Cena y El Espiritu Santo\u2026\u2026 - Tabernaculo Prensa de Dios\",\"isPartOf\":{\"@id\":\"https:\/\/tabernaculoprensadedios.com\/web\/#website\"},\"primaryImageOfPage\":{\"@id\":\"https:\/\/tabernaculoprensadedios.com\/web\/la-santa-cena-y-el-espiritu-santo\/#primaryimage\"},\"image\":{\"@id\":\"https:\/\/tabernaculoprensadedios.com\/web\/la-santa-cena-y-el-espiritu-santo\/#primaryimage\"},\"thumbnailUrl\":\"https:\/\/tabernaculoprensadedios.com\/web\/wp-content\/uploads\/2020\/06\/quinteiro.jpg\",\"datePublished\":\"2020-10-05T19:59:01+00:00\",\"breadcrumb\":{\"@id\":\"https:\/\/tabernaculoprensadedios.com\/web\/la-santa-cena-y-el-espiritu-santo\/#breadcrumb\"},\"inLanguage\":\"es\",\"potentialAction\":[{\"@type\":\"ReadAction\",\"target\":[\"https:\/\/tabernaculoprensadedios.com\/web\/la-santa-cena-y-el-espiritu-santo\/\"]}]},{\"@type\":\"ImageObject\",\"inLanguage\":\"es\",\"@id\":\"https:\/\/tabernaculoprensadedios.com\/web\/la-santa-cena-y-el-espiritu-santo\/#primaryimage\",\"url\":\"https:\/\/tabernaculoprensadedios.com\/web\/wp-content\/uploads\/2020\/06\/quinteiro.jpg\",\"contentUrl\":\"https:\/\/tabernaculoprensadedios.com\/web\/wp-content\/uploads\/2020\/06\/quinteiro.jpg\",\"width\":720,\"height\":424},{\"@type\":\"BreadcrumbList\",\"@id\":\"https:\/\/tabernaculoprensadedios.com\/web\/la-santa-cena-y-el-espiritu-santo\/#breadcrumb\",\"itemListElement\":[{\"@type\":\"ListItem\",\"position\":1,\"name\":\"Portada\",\"item\":\"https:\/\/tabernaculoprensadedios.com\/web\/\"},{\"@type\":\"ListItem\",\"position\":2,\"name\":\"La Santa Cena y El Espiritu Santo\u2026\u2026\"}]},{\"@type\":\"WebSite\",\"@id\":\"https:\/\/tabernaculoprensadedios.com\/web\/#website\",\"url\":\"https:\/\/tabernaculoprensadedios.com\/web\/\",\"name\":\"Tabernaculo Prensa de Dios\",\"description\":\"Un medio a la manera de Dios\",\"publisher\":{\"@id\":\"https:\/\/tabernaculoprensadedios.com\/web\/#\/schema\/person\/bc0e069fef56b38e177db6f098ae0b6e\"},\"potentialAction\":[{\"@type\":\"SearchAction\",\"target\":{\"@type\":\"EntryPoint\",\"urlTemplate\":\"https:\/\/tabernaculoprensadedios.com\/web\/?s={search_term_string}\"},\"query-input\":{\"@type\":\"PropertyValueSpecification\",\"valueRequired\":true,\"valueName\":\"search_term_string\"}}],\"inLanguage\":\"es\"},{\"@type\":[\"Person\",\"Organization\"],\"@id\":\"https:\/\/tabernaculoprensadedios.com\/web\/#\/schema\/person\/bc0e069fef56b38e177db6f098ae0b6e\",\"name\":\"tabernaculo\",\"image\":{\"@type\":\"ImageObject\",\"inLanguage\":\"es\",\"@id\":\"https:\/\/tabernaculoprensadedios.com\/web\/#\/schema\/person\/image\/\",\"url\":\"https:\/\/tabernaculoprensadedios.com\/web\/wp-content\/uploads\/2015\/06\/login-logo1.png\",\"contentUrl\":\"https:\/\/tabernaculoprensadedios.com\/web\/wp-content\/uploads\/2015\/06\/login-logo1.png\",\"width\":300,\"height\":118,\"caption\":\"tabernaculo\"},\"logo\":{\"@id\":\"https:\/\/tabernaculoprensadedios.com\/web\/#\/schema\/person\/image\/\"},\"url\":\"https:\/\/tabernaculoprensadedios.com\/web\/author\/tabernaculo\/\"}]}<\/script>\n<!-- \/ Yoast SEO Premium plugin. -->","yoast_head_json":{"title":"La Santa Cena y El Espiritu Santo\u2026\u2026 - Tabernaculo Prensa de Dios","robots":{"index":"index","follow":"follow","max-snippet":"max-snippet:-1","max-image-preview":"max-image-preview:large","max-video-preview":"max-video-preview:-1"},"canonical":"https:\/\/tabernaculoprensadedios.com\/web\/la-santa-cena-y-el-espiritu-santo\/","og_locale":"es_ES","og_type":"article","og_title":"La Santa Cena y El Espiritu Santo\u2026\u2026","og_description":"Lucas 22:10-13 El les Dijo: He aqui, al entrar en la ciudad os saldra al encuentro un hombre que lleva un cantaro de agua; seguidle hasta la casa donde entrare, 11 Y decid al padre de la familia de esa casa: El Maestro te dice: donde esta el aposento donde he de comer la Pascua &hellip;","og_url":"https:\/\/tabernaculoprensadedios.com\/web\/la-santa-cena-y-el-espiritu-santo\/","og_site_name":"Tabernaculo Prensa de Dios","article_published_time":"2020-10-05T19:59:01+00:00","og_image":[{"width":720,"height":424,"url":"https:\/\/tabernaculoprensadedios.com\/web\/wp-content\/uploads\/2020\/06\/quinteiro.jpg","type":"image\/jpeg"}],"author":"tabernaculo","twitter_card":"summary_large_image","twitter_creator":"@PrensadeDios","twitter_site":"@PrensadeDios","twitter_misc":{"Escrito por":"tabernaculo","Tiempo de lectura":"6 minutos"},"schema":{"@context":"https:\/\/schema.org","@graph":[{"@type":"Article","@id":"https:\/\/tabernaculoprensadedios.com\/web\/la-santa-cena-y-el-espiritu-santo\/#article","isPartOf":{"@id":"https:\/\/tabernaculoprensadedios.com\/web\/la-santa-cena-y-el-espiritu-santo\/"},"author":{"name":"tabernaculo","@id":"https:\/\/tabernaculoprensadedios.com\/web\/#\/schema\/person\/bc0e069fef56b38e177db6f098ae0b6e"},"headline":"La Santa Cena y El Espiritu Santo\u2026\u2026","datePublished":"2020-10-05T19:59:01+00:00","mainEntityOfPage":{"@id":"https:\/\/tabernaculoprensadedios.com\/web\/la-santa-cena-y-el-espiritu-santo\/"},"wordCount":1187,"commentCount":0,"publisher":{"@id":"https:\/\/tabernaculoprensadedios.com\/web\/#\/schema\/person\/bc0e069fef56b38e177db6f098ae0b6e"},"image":{"@id":"https:\/\/tabernaculoprensadedios.com\/web\/la-santa-cena-y-el-espiritu-santo\/#primaryimage"},"thumbnailUrl":"https:\/\/tabernaculoprensadedios.com\/web\/wp-content\/uploads\/2020\/06\/quinteiro.jpg","articleSection":["Articulos"],"inLanguage":"es","potentialAction":[{"@type":"CommentAction","name":"Comment","target":["https:\/\/tabernaculoprensadedios.com\/web\/la-santa-cena-y-el-espiritu-santo\/#respond"]}]},{"@type":"WebPage","@id":"https:\/\/tabernaculoprensadedios.com\/web\/la-santa-cena-y-el-espiritu-santo\/","url":"https:\/\/tabernaculoprensadedios.com\/web\/la-santa-cena-y-el-espiritu-santo\/","name":"La Santa Cena y El Espiritu Santo\u2026\u2026 - Tabernaculo Prensa de Dios","isPartOf":{"@id":"https:\/\/tabernaculoprensadedios.com\/web\/#website"},"primaryImageOfPage":{"@id":"https:\/\/tabernaculoprensadedios.com\/web\/la-santa-cena-y-el-espiritu-santo\/#primaryimage"},"image":{"@id":"https:\/\/tabernaculoprensadedios.com\/web\/la-santa-cena-y-el-espiritu-santo\/#primaryimage"},"thumbnailUrl":"https:\/\/tabernaculoprensadedios.com\/web\/wp-content\/uploads\/2020\/06\/quinteiro.jpg","datePublished":"2020-10-05T19:59:01+00:00","breadcrumb":{"@id":"https:\/\/tabernaculoprensadedios.com\/web\/la-santa-cena-y-el-espiritu-santo\/#breadcrumb"},"inLanguage":"es","potentialAction":[{"@type":"ReadAction","target":["https:\/\/tabernaculoprensadedios.com\/web\/la-santa-cena-y-el-espiritu-santo\/"]}]},{"@type":"ImageObject","inLanguage":"es","@id":"https:\/\/tabernaculoprensadedios.com\/web\/la-santa-cena-y-el-espiritu-santo\/#primaryimage","url":"https:\/\/tabernaculoprensadedios.com\/web\/wp-content\/uploads\/2020\/06\/quinteiro.jpg","contentUrl":"https:\/\/tabernaculoprensadedios.com\/web\/wp-content\/uploads\/2020\/06\/quinteiro.jpg","width":720,"height":424},{"@type":"BreadcrumbList","@id":"https:\/\/tabernaculoprensadedios.com\/web\/la-santa-cena-y-el-espiritu-santo\/#breadcrumb","itemListElement":[{"@type":"ListItem","position":1,"name":"Portada","item":"https:\/\/tabernaculoprensadedios.com\/web\/"},{"@type":"ListItem","position":2,"name":"La Santa Cena y El Espiritu Santo\u2026\u2026"}]},{"@type":"WebSite","@id":"https:\/\/tabernaculoprensadedios.com\/web\/#website","url":"https:\/\/tabernaculoprensadedios.com\/web\/","name":"Tabernaculo Prensa de Dios","description":"Un medio a la manera de Dios","publisher":{"@id":"https:\/\/tabernaculoprensadedios.com\/web\/#\/schema\/person\/bc0e069fef56b38e177db6f098ae0b6e"},"potentialAction":[{"@type":"SearchAction","target":{"@type":"EntryPoint","urlTemplate":"https:\/\/tabernaculoprensadedios.com\/web\/?s={search_term_string}"},"query-input":{"@type":"PropertyValueSpecification","valueRequired":true,"valueName":"search_term_string"}}],"inLanguage":"es"},{"@type":["Person","Organization"],"@id":"https:\/\/tabernaculoprensadedios.com\/web\/#\/schema\/person\/bc0e069fef56b38e177db6f098ae0b6e","name":"tabernaculo","image":{"@type":"ImageObject","inLanguage":"es","@id":"https:\/\/tabernaculoprensadedios.com\/web\/#\/schema\/person\/image\/","url":"https:\/\/tabernaculoprensadedios.com\/web\/wp-content\/uploads\/2015\/06\/login-logo1.png","contentUrl":"https:\/\/tabernaculoprensadedios.com\/web\/wp-content\/uploads\/2015\/06\/login-logo1.png","width":300,"height":118,"caption":"tabernaculo"},"logo":{"@id":"https:\/\/tabernaculoprensadedios.com\/web\/#\/schema\/person\/image\/"},"url":"https:\/\/tabernaculoprensadedios.com\/web\/author\/tabernaculo\/"}]}},"_links":{"self":[{"href":"https:\/\/tabernaculoprensadedios.com\/web\/wp-json\/wp\/v2\/posts\/19763","targetHints":{"allow":["GET"]}}],"collection":[{"href":"https:\/\/tabernaculoprensadedios.com\/web\/wp-json\/wp\/v2\/posts"}],"about":[{"href":"https:\/\/tabernaculoprensadedios.com\/web\/wp-json\/wp\/v2\/types\/post"}],"author":[{"embeddable":true,"href":"https:\/\/tabernaculoprensadedios.com\/web\/wp-json\/wp\/v2\/users\/1"}],"replies":[{"embeddable":true,"href":"https:\/\/tabernaculoprensadedios.com\/web\/wp-json\/wp\/v2\/comments?post=19763"}],"version-history":[{"count":1,"href":"https:\/\/tabernaculoprensadedios.com\/web\/wp-json\/wp\/v2\/posts\/19763\/revisions"}],"predecessor-version":[{"id":19764,"href":"https:\/\/tabernaculoprensadedios.com\/web\/wp-json\/wp\/v2\/posts\/19763\/revisions\/19764"}],"wp:featuredmedia":[{"embeddable":true,"href":"https:\/\/tabernaculoprensadedios.com\/web\/wp-json\/wp\/v2\/media\/18628"}],"wp:attachment":[{"href":"https:\/\/tabernaculoprensadedios.com\/web\/wp-json\/wp\/v2\/media?parent=19763"}],"wp:term":[{"taxonomy":"category","embeddable":true,"href":"https:\/\/tabernaculoprensadedios.com\/web\/wp-json\/wp\/v2\/categories?post=19763"},{"taxonomy":"post_tag","embeddable":true,"href":"https:\/\/tabernaculoprensadedios.com\/web\/wp-json\/wp\/v2\/tags?post=19763"}],"curies":[{"name":"wp","href":"https:\/\/api.w.org\/{rel}","templated":true}]}}