{"id":19753,"date":"2020-10-05T19:31:30","date_gmt":"2020-10-05T19:31:30","guid":{"rendered":"http:\/\/tabernaculoprensadedios.com\/web\/?p=19753"},"modified":"2020-10-05T19:31:30","modified_gmt":"2020-10-05T19:31:30","slug":"iglesia-fundamento-biblico-reabre-ciclo-de-capacitacion-pastoral","status":"publish","type":"post","link":"https:\/\/tabernaculoprensadedios.com\/web\/iglesia-fundamento-biblico-reabre-ciclo-de-capacitacion-pastoral\/","title":{"rendered":"Iglesia Fundamento B\u00edblico reabre ciclo de capacitaci\u00f3n pastoral"},"content":{"rendered":"<p>Despu\u00e9s de cinco meses de pausa como resultado del COVID 19, la Iglesia Fundamento B\u00edblico (IFB) del Ensanche Ozama, inici\u00f3 en el mes de septiembre su ciclo de capacitaci\u00f3n dirigida a pastores del Municipio Santo Domingo Este.<\/p>\n<p>El pastor \u00c1ngel Castillo, dijo que la jornada inicio con 50 pastores quienes respetaron las medidas preventivas de distanciamiento, el uso de las mascarillas y las acciones de higiene y lavado de manos.<\/p>\n<p>Durante el evento, \u00c1ngel Castillo, agradeci\u00f3 a los pastores y l\u00edderes por el cumplimiento y asistencia mostrada en esta nueva fase, al tiempo que los exhort\u00f3 a poner en pr\u00e1ctica los conocimientos aprendidos, con el \u00fanico prop\u00f3sito de dar gloria a Dios.<\/p>\n<p>La conferencia de inicio fue sobre tema relacionado con la \u201cPlantaci\u00f3n de Iglesias\u201d, la cual fue presentada por Samuel Nina, pastor de la Iglesia Bautista Evang\u00e9lica de San Crist\u00f3bal (IBESC) quien ha participado con la IFB en otras capacitaciones.<\/p>\n<p>Al final de la conferencia los pastores presentes, recibieron una copia del libro \u201cCambios Profundos\u201d: Cuando el Evangelio transforma los deseos del coraz\u00f3n, de la autor\u00eda de Nicol\u00e1s Emilio Franchini, quien actualmente es director de SERVE International de Espa\u00f1a. Estos fueron donados a la Iglesia Fundamento B\u00edblico (IFB) directamente para dicha capacitaci\u00f3n.<\/p>\n<p>El pastor Castillo, inform\u00f3 que el tema de \u00abPlantaci\u00f3n de Iglesias\u201d, con el pastor Samuel Nina continuar\u00e1 desarroll\u00e1ndose por lo que resta del a\u00f1o 2020, como una forma de animar a los pastores a la apertura y fortalecimiento de iglesias ya establecidas en medio de este tiempo de crisis sanitaria.<\/p>\n<p><a href=\"http:\/\/tabernaculoprensadedios.com\/web\/wp-content\/uploads\/2020\/10\/capacitacion-pastoral-1.jpeg\"><img loading=\"lazy\" decoding=\"async\" class=\"aligncenter size-full wp-image-19755\" src=\"http:\/\/tabernaculoprensadedios.com\/web\/wp-content\/uploads\/2020\/10\/capacitacion-pastoral-1.jpeg\" alt=\"\" width=\"1008\" height=\"617\" srcset=\"https:\/\/tabernaculoprensadedios.com\/web\/wp-content\/uploads\/2020\/10\/capacitacion-pastoral-1.jpeg 1008w, https:\/\/tabernaculoprensadedios.com\/web\/wp-content\/uploads\/2020\/10\/capacitacion-pastoral-1-600x367.jpeg 600w, https:\/\/tabernaculoprensadedios.com\/web\/wp-content\/uploads\/2020\/10\/capacitacion-pastoral-1-300x184.jpeg 300w, https:\/\/tabernaculoprensadedios.com\/web\/wp-content\/uploads\/2020\/10\/capacitacion-pastoral-1-768x470.jpeg 768w, https:\/\/tabernaculoprensadedios.com\/web\/wp-content\/uploads\/2020\/10\/capacitacion-pastoral-1-686x420.jpeg 686w, https:\/\/tabernaculoprensadedios.com\/web\/wp-content\/uploads\/2020\/10\/capacitacion-pastoral-1-640x392.jpeg 640w, https:\/\/tabernaculoprensadedios.com\/web\/wp-content\/uploads\/2020\/10\/capacitacion-pastoral-1-681x417.jpeg 681w\" sizes=\"auto, (max-width: 1008px) 100vw, 1008px\" \/><\/a><\/p>\n","protected":false},"excerpt":{"rendered":"<p>Despu\u00e9s de cinco meses de pausa como resultado del COVID 19, la Iglesia Fundamento B\u00edblico (IFB) del Ensanche Ozama, inici\u00f3 en el mes de septiembre su ciclo de capacitaci\u00f3n dirigida a pastores del Municipio Santo Domingo Este. El pastor \u00c1ngel Castillo, dijo que la jornada inicio con 50 pastores quienes respetaron las medidas preventivas de &hellip;<\/p>\n","protected":false},"author":1,"featured_media":19754,"comment_status":"open","ping_status":"open","sticky":false,"template":"","format":"standard","meta":{"footnotes":""},"categories":[39],"tags":[],"class_list":["post-19753","post","type-post","status-publish","format-standard","has-post-thumbnail","hentry","category-almomento"],"yoast_head":"<!-- This site is optimized with the Yoast SEO Premium plugin v24.2 (Yoast SEO v27.1.1) - https:\/\/yoast.com\/product\/yoast-seo-premium-wordpress\/ -->\n<title>Iglesia Fundamento B\u00edblico reabre ciclo de capacitaci\u00f3n pastoral - Tabernaculo Prensa de Dios<\/title>\n<meta name=\"robots\" content=\"index, follow, max-snippet:-1, max-image-preview:large, max-video-preview:-1\" \/>\n<link rel=\"canonical\" href=\"https:\/\/tabernaculoprensadedios.com\/web\/iglesia-fundamento-biblico-reabre-ciclo-de-capacitacion-pastoral\/\" class=\"yoast-seo-meta-tag\" \/>\n<meta property=\"og:locale\" content=\"es_ES\" class=\"yoast-seo-meta-tag\" \/>\n<meta property=\"og:type\" content=\"article\" class=\"yoast-seo-meta-tag\" \/>\n<meta property=\"og:title\" content=\"Iglesia Fundamento B\u00edblico reabre ciclo de capacitaci\u00f3n pastoral\" class=\"yoast-seo-meta-tag\" \/>\n<meta property=\"og:description\" content=\"Despu\u00e9s de cinco meses de pausa como resultado del COVID 19, la Iglesia Fundamento B\u00edblico (IFB) del Ensanche Ozama, inici\u00f3 en el mes de septiembre su ciclo de capacitaci\u00f3n dirigida a pastores del Municipio Santo Domingo Este. El pastor \u00c1ngel Castillo, dijo que la jornada inicio con 50 pastores quienes respetaron las medidas preventivas de &hellip;\" class=\"yoast-seo-meta-tag\" \/>\n<meta property=\"og:url\" content=\"https:\/\/tabernaculoprensadedios.com\/web\/iglesia-fundamento-biblico-reabre-ciclo-de-capacitacion-pastoral\/\" class=\"yoast-seo-meta-tag\" \/>\n<meta property=\"og:site_name\" content=\"Tabernaculo Prensa de Dios\" class=\"yoast-seo-meta-tag\" \/>\n<meta property=\"article:published_time\" content=\"2020-10-05T19:31:30+00:00\" class=\"yoast-seo-meta-tag\" \/>\n<meta property=\"og:image\" content=\"https:\/\/tabernaculoprensadedios.com\/web\/wp-content\/uploads\/2020\/10\/capacitacion-pastoral-2.jpeg\" class=\"yoast-seo-meta-tag\" \/>\n\t<meta property=\"og:image:width\" content=\"1016\" class=\"yoast-seo-meta-tag\" \/>\n\t<meta property=\"og:image:height\" content=\"659\" class=\"yoast-seo-meta-tag\" \/>\n\t<meta property=\"og:image:type\" content=\"image\/jpeg\" class=\"yoast-seo-meta-tag\" \/>\n<meta name=\"author\" content=\"tabernaculo\" class=\"yoast-seo-meta-tag\" \/>\n<meta name=\"twitter:card\" content=\"summary_large_image\" class=\"yoast-seo-meta-tag\" \/>\n<meta name=\"twitter:creator\" content=\"@PrensadeDios\" class=\"yoast-seo-meta-tag\" \/>\n<meta name=\"twitter:site\" content=\"@PrensadeDios\" class=\"yoast-seo-meta-tag\" \/>\n<meta name=\"twitter:label1\" content=\"Escrito por\" class=\"yoast-seo-meta-tag\" \/>\n\t<meta name=\"twitter:data1\" content=\"tabernaculo\" class=\"yoast-seo-meta-tag\" \/>\n\t<meta name=\"twitter:label2\" content=\"Tiempo de lectura\" class=\"yoast-seo-meta-tag\" \/>\n\t<meta name=\"twitter:data2\" content=\"1 minuto\" class=\"yoast-seo-meta-tag\" \/>\n<script type=\"application\/ld+json\" class=\"yoast-schema-graph\">{\"@context\":\"https:\/\/schema.org\",\"@graph\":[{\"@type\":\"Article\",\"@id\":\"https:\/\/tabernaculoprensadedios.com\/web\/iglesia-fundamento-biblico-reabre-ciclo-de-capacitacion-pastoral\/#article\",\"isPartOf\":{\"@id\":\"https:\/\/tabernaculoprensadedios.com\/web\/iglesia-fundamento-biblico-reabre-ciclo-de-capacitacion-pastoral\/\"},\"author\":{\"name\":\"tabernaculo\",\"@id\":\"https:\/\/tabernaculoprensadedios.com\/web\/#\/schema\/person\/bc0e069fef56b38e177db6f098ae0b6e\"},\"headline\":\"Iglesia Fundamento B\u00edblico reabre ciclo de capacitaci\u00f3n pastoral\",\"datePublished\":\"2020-10-05T19:31:30+00:00\",\"mainEntityOfPage\":{\"@id\":\"https:\/\/tabernaculoprensadedios.com\/web\/iglesia-fundamento-biblico-reabre-ciclo-de-capacitacion-pastoral\/\"},\"wordCount\":278,\"commentCount\":0,\"publisher\":{\"@id\":\"https:\/\/tabernaculoprensadedios.com\/web\/#\/schema\/person\/bc0e069fef56b38e177db6f098ae0b6e\"},\"image\":{\"@id\":\"https:\/\/tabernaculoprensadedios.com\/web\/iglesia-fundamento-biblico-reabre-ciclo-de-capacitacion-pastoral\/#primaryimage\"},\"thumbnailUrl\":\"https:\/\/tabernaculoprensadedios.com\/web\/wp-content\/uploads\/2020\/10\/capacitacion-pastoral-2.jpeg\",\"articleSection\":[\"almomento\"],\"inLanguage\":\"es\",\"potentialAction\":[{\"@type\":\"CommentAction\",\"name\":\"Comment\",\"target\":[\"https:\/\/tabernaculoprensadedios.com\/web\/iglesia-fundamento-biblico-reabre-ciclo-de-capacitacion-pastoral\/#respond\"]}]},{\"@type\":\"WebPage\",\"@id\":\"https:\/\/tabernaculoprensadedios.com\/web\/iglesia-fundamento-biblico-reabre-ciclo-de-capacitacion-pastoral\/\",\"url\":\"https:\/\/tabernaculoprensadedios.com\/web\/iglesia-fundamento-biblico-reabre-ciclo-de-capacitacion-pastoral\/\",\"name\":\"Iglesia Fundamento B\u00edblico reabre ciclo de capacitaci\u00f3n pastoral - Tabernaculo Prensa de Dios\",\"isPartOf\":{\"@id\":\"https:\/\/tabernaculoprensadedios.com\/web\/#website\"},\"primaryImageOfPage\":{\"@id\":\"https:\/\/tabernaculoprensadedios.com\/web\/iglesia-fundamento-biblico-reabre-ciclo-de-capacitacion-pastoral\/#primaryimage\"},\"image\":{\"@id\":\"https:\/\/tabernaculoprensadedios.com\/web\/iglesia-fundamento-biblico-reabre-ciclo-de-capacitacion-pastoral\/#primaryimage\"},\"thumbnailUrl\":\"https:\/\/tabernaculoprensadedios.com\/web\/wp-content\/uploads\/2020\/10\/capacitacion-pastoral-2.jpeg\",\"datePublished\":\"2020-10-05T19:31:30+00:00\",\"breadcrumb\":{\"@id\":\"https:\/\/tabernaculoprensadedios.com\/web\/iglesia-fundamento-biblico-reabre-ciclo-de-capacitacion-pastoral\/#breadcrumb\"},\"inLanguage\":\"es\",\"potentialAction\":[{\"@type\":\"ReadAction\",\"target\":[\"https:\/\/tabernaculoprensadedios.com\/web\/iglesia-fundamento-biblico-reabre-ciclo-de-capacitacion-pastoral\/\"]}]},{\"@type\":\"ImageObject\",\"inLanguage\":\"es\",\"@id\":\"https:\/\/tabernaculoprensadedios.com\/web\/iglesia-fundamento-biblico-reabre-ciclo-de-capacitacion-pastoral\/#primaryimage\",\"url\":\"https:\/\/tabernaculoprensadedios.com\/web\/wp-content\/uploads\/2020\/10\/capacitacion-pastoral-2.jpeg\",\"contentUrl\":\"https:\/\/tabernaculoprensadedios.com\/web\/wp-content\/uploads\/2020\/10\/capacitacion-pastoral-2.jpeg\",\"width\":1016,\"height\":659},{\"@type\":\"BreadcrumbList\",\"@id\":\"https:\/\/tabernaculoprensadedios.com\/web\/iglesia-fundamento-biblico-reabre-ciclo-de-capacitacion-pastoral\/#breadcrumb\",\"itemListElement\":[{\"@type\":\"ListItem\",\"position\":1,\"name\":\"Portada\",\"item\":\"https:\/\/tabernaculoprensadedios.com\/web\/\"},{\"@type\":\"ListItem\",\"position\":2,\"name\":\"Iglesia Fundamento B\u00edblico reabre ciclo de capacitaci\u00f3n pastoral\"}]},{\"@type\":\"WebSite\",\"@id\":\"https:\/\/tabernaculoprensadedios.com\/web\/#website\",\"url\":\"https:\/\/tabernaculoprensadedios.com\/web\/\",\"name\":\"Tabernaculo Prensa de Dios\",\"description\":\"Un medio a la manera de Dios\",\"publisher\":{\"@id\":\"https:\/\/tabernaculoprensadedios.com\/web\/#\/schema\/person\/bc0e069fef56b38e177db6f098ae0b6e\"},\"potentialAction\":[{\"@type\":\"SearchAction\",\"target\":{\"@type\":\"EntryPoint\",\"urlTemplate\":\"https:\/\/tabernaculoprensadedios.com\/web\/?s={search_term_string}\"},\"query-input\":{\"@type\":\"PropertyValueSpecification\",\"valueRequired\":true,\"valueName\":\"search_term_string\"}}],\"inLanguage\":\"es\"},{\"@type\":[\"Person\",\"Organization\"],\"@id\":\"https:\/\/tabernaculoprensadedios.com\/web\/#\/schema\/person\/bc0e069fef56b38e177db6f098ae0b6e\",\"name\":\"tabernaculo\",\"image\":{\"@type\":\"ImageObject\",\"inLanguage\":\"es\",\"@id\":\"https:\/\/tabernaculoprensadedios.com\/web\/#\/schema\/person\/image\/\",\"url\":\"https:\/\/tabernaculoprensadedios.com\/web\/wp-content\/uploads\/2015\/06\/login-logo1.png\",\"contentUrl\":\"https:\/\/tabernaculoprensadedios.com\/web\/wp-content\/uploads\/2015\/06\/login-logo1.png\",\"width\":300,\"height\":118,\"caption\":\"tabernaculo\"},\"logo\":{\"@id\":\"https:\/\/tabernaculoprensadedios.com\/web\/#\/schema\/person\/image\/\"},\"url\":\"https:\/\/tabernaculoprensadedios.com\/web\/author\/tabernaculo\/\"}]}<\/script>\n<!-- \/ Yoast SEO Premium plugin. -->","yoast_head_json":{"title":"Iglesia Fundamento B\u00edblico reabre ciclo de capacitaci\u00f3n pastoral - Tabernaculo Prensa de Dios","robots":{"index":"index","follow":"follow","max-snippet":"max-snippet:-1","max-image-preview":"max-image-preview:large","max-video-preview":"max-video-preview:-1"},"canonical":"https:\/\/tabernaculoprensadedios.com\/web\/iglesia-fundamento-biblico-reabre-ciclo-de-capacitacion-pastoral\/","og_locale":"es_ES","og_type":"article","og_title":"Iglesia Fundamento B\u00edblico reabre ciclo de capacitaci\u00f3n pastoral","og_description":"Despu\u00e9s de cinco meses de pausa como resultado del COVID 19, la Iglesia Fundamento B\u00edblico (IFB) del Ensanche Ozama, inici\u00f3 en el mes de septiembre su ciclo de capacitaci\u00f3n dirigida a pastores del Municipio Santo Domingo Este. El pastor \u00c1ngel Castillo, dijo que la jornada inicio con 50 pastores quienes respetaron las medidas preventivas de &hellip;","og_url":"https:\/\/tabernaculoprensadedios.com\/web\/iglesia-fundamento-biblico-reabre-ciclo-de-capacitacion-pastoral\/","og_site_name":"Tabernaculo Prensa de Dios","article_published_time":"2020-10-05T19:31:30+00:00","og_image":[{"width":1016,"height":659,"url":"https:\/\/tabernaculoprensadedios.com\/web\/wp-content\/uploads\/2020\/10\/capacitacion-pastoral-2.jpeg","type":"image\/jpeg"}],"author":"tabernaculo","twitter_card":"summary_large_image","twitter_creator":"@PrensadeDios","twitter_site":"@PrensadeDios","twitter_misc":{"Escrito por":"tabernaculo","Tiempo de lectura":"1 minuto"},"schema":{"@context":"https:\/\/schema.org","@graph":[{"@type":"Article","@id":"https:\/\/tabernaculoprensadedios.com\/web\/iglesia-fundamento-biblico-reabre-ciclo-de-capacitacion-pastoral\/#article","isPartOf":{"@id":"https:\/\/tabernaculoprensadedios.com\/web\/iglesia-fundamento-biblico-reabre-ciclo-de-capacitacion-pastoral\/"},"author":{"name":"tabernaculo","@id":"https:\/\/tabernaculoprensadedios.com\/web\/#\/schema\/person\/bc0e069fef56b38e177db6f098ae0b6e"},"headline":"Iglesia Fundamento B\u00edblico reabre ciclo de capacitaci\u00f3n pastoral","datePublished":"2020-10-05T19:31:30+00:00","mainEntityOfPage":{"@id":"https:\/\/tabernaculoprensadedios.com\/web\/iglesia-fundamento-biblico-reabre-ciclo-de-capacitacion-pastoral\/"},"wordCount":278,"commentCount":0,"publisher":{"@id":"https:\/\/tabernaculoprensadedios.com\/web\/#\/schema\/person\/bc0e069fef56b38e177db6f098ae0b6e"},"image":{"@id":"https:\/\/tabernaculoprensadedios.com\/web\/iglesia-fundamento-biblico-reabre-ciclo-de-capacitacion-pastoral\/#primaryimage"},"thumbnailUrl":"https:\/\/tabernaculoprensadedios.com\/web\/wp-content\/uploads\/2020\/10\/capacitacion-pastoral-2.jpeg","articleSection":["almomento"],"inLanguage":"es","potentialAction":[{"@type":"CommentAction","name":"Comment","target":["https:\/\/tabernaculoprensadedios.com\/web\/iglesia-fundamento-biblico-reabre-ciclo-de-capacitacion-pastoral\/#respond"]}]},{"@type":"WebPage","@id":"https:\/\/tabernaculoprensadedios.com\/web\/iglesia-fundamento-biblico-reabre-ciclo-de-capacitacion-pastoral\/","url":"https:\/\/tabernaculoprensadedios.com\/web\/iglesia-fundamento-biblico-reabre-ciclo-de-capacitacion-pastoral\/","name":"Iglesia Fundamento B\u00edblico reabre ciclo de capacitaci\u00f3n pastoral - Tabernaculo Prensa de Dios","isPartOf":{"@id":"https:\/\/tabernaculoprensadedios.com\/web\/#website"},"primaryImageOfPage":{"@id":"https:\/\/tabernaculoprensadedios.com\/web\/iglesia-fundamento-biblico-reabre-ciclo-de-capacitacion-pastoral\/#primaryimage"},"image":{"@id":"https:\/\/tabernaculoprensadedios.com\/web\/iglesia-fundamento-biblico-reabre-ciclo-de-capacitacion-pastoral\/#primaryimage"},"thumbnailUrl":"https:\/\/tabernaculoprensadedios.com\/web\/wp-content\/uploads\/2020\/10\/capacitacion-pastoral-2.jpeg","datePublished":"2020-10-05T19:31:30+00:00","breadcrumb":{"@id":"https:\/\/tabernaculoprensadedios.com\/web\/iglesia-fundamento-biblico-reabre-ciclo-de-capacitacion-pastoral\/#breadcrumb"},"inLanguage":"es","potentialAction":[{"@type":"ReadAction","target":["https:\/\/tabernaculoprensadedios.com\/web\/iglesia-fundamento-biblico-reabre-ciclo-de-capacitacion-pastoral\/"]}]},{"@type":"ImageObject","inLanguage":"es","@id":"https:\/\/tabernaculoprensadedios.com\/web\/iglesia-fundamento-biblico-reabre-ciclo-de-capacitacion-pastoral\/#primaryimage","url":"https:\/\/tabernaculoprensadedios.com\/web\/wp-content\/uploads\/2020\/10\/capacitacion-pastoral-2.jpeg","contentUrl":"https:\/\/tabernaculoprensadedios.com\/web\/wp-content\/uploads\/2020\/10\/capacitacion-pastoral-2.jpeg","width":1016,"height":659},{"@type":"BreadcrumbList","@id":"https:\/\/tabernaculoprensadedios.com\/web\/iglesia-fundamento-biblico-reabre-ciclo-de-capacitacion-pastoral\/#breadcrumb","itemListElement":[{"@type":"ListItem","position":1,"name":"Portada","item":"https:\/\/tabernaculoprensadedios.com\/web\/"},{"@type":"ListItem","position":2,"name":"Iglesia Fundamento B\u00edblico reabre ciclo de capacitaci\u00f3n pastoral"}]},{"@type":"WebSite","@id":"https:\/\/tabernaculoprensadedios.com\/web\/#website","url":"https:\/\/tabernaculoprensadedios.com\/web\/","name":"Tabernaculo Prensa de Dios","description":"Un medio a la manera de Dios","publisher":{"@id":"https:\/\/tabernaculoprensadedios.com\/web\/#\/schema\/person\/bc0e069fef56b38e177db6f098ae0b6e"},"potentialAction":[{"@type":"SearchAction","target":{"@type":"EntryPoint","urlTemplate":"https:\/\/tabernaculoprensadedios.com\/web\/?s={search_term_string}"},"query-input":{"@type":"PropertyValueSpecification","valueRequired":true,"valueName":"search_term_string"}}],"inLanguage":"es"},{"@type":["Person","Organization"],"@id":"https:\/\/tabernaculoprensadedios.com\/web\/#\/schema\/person\/bc0e069fef56b38e177db6f098ae0b6e","name":"tabernaculo","image":{"@type":"ImageObject","inLanguage":"es","@id":"https:\/\/tabernaculoprensadedios.com\/web\/#\/schema\/person\/image\/","url":"https:\/\/tabernaculoprensadedios.com\/web\/wp-content\/uploads\/2015\/06\/login-logo1.png","contentUrl":"https:\/\/tabernaculoprensadedios.com\/web\/wp-content\/uploads\/2015\/06\/login-logo1.png","width":300,"height":118,"caption":"tabernaculo"},"logo":{"@id":"https:\/\/tabernaculoprensadedios.com\/web\/#\/schema\/person\/image\/"},"url":"https:\/\/tabernaculoprensadedios.com\/web\/author\/tabernaculo\/"}]}},"_links":{"self":[{"href":"https:\/\/tabernaculoprensadedios.com\/web\/wp-json\/wp\/v2\/posts\/19753","targetHints":{"allow":["GET"]}}],"collection":[{"href":"https:\/\/tabernaculoprensadedios.com\/web\/wp-json\/wp\/v2\/posts"}],"about":[{"href":"https:\/\/tabernaculoprensadedios.com\/web\/wp-json\/wp\/v2\/types\/post"}],"author":[{"embeddable":true,"href":"https:\/\/tabernaculoprensadedios.com\/web\/wp-json\/wp\/v2\/users\/1"}],"replies":[{"embeddable":true,"href":"https:\/\/tabernaculoprensadedios.com\/web\/wp-json\/wp\/v2\/comments?post=19753"}],"version-history":[{"count":1,"href":"https:\/\/tabernaculoprensadedios.com\/web\/wp-json\/wp\/v2\/posts\/19753\/revisions"}],"predecessor-version":[{"id":19756,"href":"https:\/\/tabernaculoprensadedios.com\/web\/wp-json\/wp\/v2\/posts\/19753\/revisions\/19756"}],"wp:featuredmedia":[{"embeddable":true,"href":"https:\/\/tabernaculoprensadedios.com\/web\/wp-json\/wp\/v2\/media\/19754"}],"wp:attachment":[{"href":"https:\/\/tabernaculoprensadedios.com\/web\/wp-json\/wp\/v2\/media?parent=19753"}],"wp:term":[{"taxonomy":"category","embeddable":true,"href":"https:\/\/tabernaculoprensadedios.com\/web\/wp-json\/wp\/v2\/categories?post=19753"},{"taxonomy":"post_tag","embeddable":true,"href":"https:\/\/tabernaculoprensadedios.com\/web\/wp-json\/wp\/v2\/tags?post=19753"}],"curies":[{"name":"wp","href":"https:\/\/api.w.org\/{rel}","templated":true}]}}