{"id":19653,"date":"2020-09-24T15:00:37","date_gmt":"2020-09-24T15:00:37","guid":{"rendered":"http:\/\/tabernaculoprensadedios.com\/web\/?p=19653"},"modified":"2020-09-28T01:52:48","modified_gmt":"2020-09-28T01:52:48","slug":"unev-gradua-1153-nuevos-profesionales-en-graduacion-virtual","status":"publish","type":"post","link":"https:\/\/tabernaculoprensadedios.com\/web\/unev-gradua-1153-nuevos-profesionales-en-graduacion-virtual\/","title":{"rendered":"UNEV grad\u00faa 1,153 nuevos profesionales en graduaci\u00f3n virtual y presencial"},"content":{"rendered":"<p>La Universidad Nacional Evang\u00e9lica (UNEV) egres\u00f3 a 1,153 nuevos profesionales en distintas ramas del saber, durante la celebraci\u00f3n de su Quincuag\u00e9sima S\u00e9ptima Graduaci\u00f3n Virtual del recinto Santo Domingo, cantidad sumada a 19,000 graduados anteriormente, y entregados a la sociedad en sus 34 a\u00f1os de educaci\u00f3n continua.<\/p>\n<p>La ceremonia realizada en este a\u00f1o de forma virtual, estuvo encabezada por el rector de la academia, Epifanio Gonz\u00e1lez Minaya, quien estuvo acompa\u00f1ado por Lorenzo Monta King, presidente de la Fundaci\u00f3n Evang\u00e9lica Universitaria (FEU), miembros del Consejo Acad\u00e9mico de la universidad, de la Vicerrector\u00eda Acad\u00e9mica y Administrativa, as\u00ed como decanos y directores de escuelas y coordinadores de programas.<\/p>\n<p>En su discurso el rector Gonz\u00e1lez Minaya, hizo un llamado urgente a la sociedad dominicana, al pueblo cristiano y a las organizaciones civiles, para que unifiquen esfuerzos en favor de la educaci\u00f3n y la vida, aspectos que en este per\u00edodo especial que vive el mundo deben hacerse presentes, a fin de que convivan de manera inteligente.<\/p>\n<figure id=\"attachment_19656\" aria-describedby=\"caption-attachment-19656\" style=\"width: 2000px\" class=\"wp-caption aligncenter\"><a href=\"http:\/\/tabernaculoprensadedios.com\/web\/wp-content\/uploads\/2020\/09\/Fotos-de-graduacion-recinto-santo-domingo-2.jpg\"><img loading=\"lazy\" decoding=\"async\" class=\"size-full wp-image-19656\" src=\"http:\/\/tabernaculoprensadedios.com\/web\/wp-content\/uploads\/2020\/09\/Fotos-de-graduacion-recinto-santo-domingo-2.jpg\" alt=\"\" width=\"2000\" height=\"1325\" srcset=\"https:\/\/tabernaculoprensadedios.com\/web\/wp-content\/uploads\/2020\/09\/Fotos-de-graduacion-recinto-santo-domingo-2.jpg 2000w, https:\/\/tabernaculoprensadedios.com\/web\/wp-content\/uploads\/2020\/09\/Fotos-de-graduacion-recinto-santo-domingo-2-600x398.jpg 600w, https:\/\/tabernaculoprensadedios.com\/web\/wp-content\/uploads\/2020\/09\/Fotos-de-graduacion-recinto-santo-domingo-2-300x199.jpg 300w, https:\/\/tabernaculoprensadedios.com\/web\/wp-content\/uploads\/2020\/09\/Fotos-de-graduacion-recinto-santo-domingo-2-1024x678.jpg 1024w, https:\/\/tabernaculoprensadedios.com\/web\/wp-content\/uploads\/2020\/09\/Fotos-de-graduacion-recinto-santo-domingo-2-768x509.jpg 768w, https:\/\/tabernaculoprensadedios.com\/web\/wp-content\/uploads\/2020\/09\/Fotos-de-graduacion-recinto-santo-domingo-2-1536x1018.jpg 1536w, https:\/\/tabernaculoprensadedios.com\/web\/wp-content\/uploads\/2020\/09\/Fotos-de-graduacion-recinto-santo-domingo-2-634x420.jpg 634w, https:\/\/tabernaculoprensadedios.com\/web\/wp-content\/uploads\/2020\/09\/Fotos-de-graduacion-recinto-santo-domingo-2-640x424.jpg 640w, https:\/\/tabernaculoprensadedios.com\/web\/wp-content\/uploads\/2020\/09\/Fotos-de-graduacion-recinto-santo-domingo-2-681x451.jpg 681w\" sizes=\"auto, (max-width: 2000px) 100vw, 2000px\" \/><\/a><figcaption id=\"caption-attachment-19656\" class=\"wp-caption-text\">Rafael Reyes, Lorenzo Mota King, Epifanio Gonz\u00e1lez, Santa Guzm\u00e1n, y<br \/>Jos\u00e9 Vanderlinder.<\/figcaption><\/figure>\n<p>Dijo que la crisis medioambiental, el agotamiento de las aguas, el incremento de la violencia, la disoluci\u00f3n de la familia, y ahora la pandemia del coronavirus, son m\u00e1s dif\u00edciles de enfrentar si no contamos con una educaci\u00f3n s\u00f3lida, con centros educativos universitarios y preuniversitarios robustos, que equipen a sus alumnos para estar conscientes de los retos actuales.<\/p>\n<p>En otro aspecto de su discurso, el rector llam\u00f3 la atenci\u00f3n a reflexionar en el compromiso que como sociedad tenemos, en relaci\u00f3n al apoyo de la educaci\u00f3n preuniversitaria privada, para que no sigan cerr\u00e1ndose colegios, por lo que propuso incluir los centros privados en el programa de cogesti\u00f3n del MINERD.<\/p>\n<p><a href=\"http:\/\/tabernaculoprensadedios.com\/web\/wp-content\/uploads\/2020\/09\/Fotos-graduacion-1.jpg\"><img loading=\"lazy\" decoding=\"async\" class=\"aligncenter size-full wp-image-19657\" src=\"http:\/\/tabernaculoprensadedios.com\/web\/wp-content\/uploads\/2020\/09\/Fotos-graduacion-1.jpg\" alt=\"\" width=\"2000\" height=\"1325\" srcset=\"https:\/\/tabernaculoprensadedios.com\/web\/wp-content\/uploads\/2020\/09\/Fotos-graduacion-1.jpg 2000w, https:\/\/tabernaculoprensadedios.com\/web\/wp-content\/uploads\/2020\/09\/Fotos-graduacion-1-600x398.jpg 600w, https:\/\/tabernaculoprensadedios.com\/web\/wp-content\/uploads\/2020\/09\/Fotos-graduacion-1-300x199.jpg 300w, https:\/\/tabernaculoprensadedios.com\/web\/wp-content\/uploads\/2020\/09\/Fotos-graduacion-1-1024x678.jpg 1024w, https:\/\/tabernaculoprensadedios.com\/web\/wp-content\/uploads\/2020\/09\/Fotos-graduacion-1-768x509.jpg 768w, https:\/\/tabernaculoprensadedios.com\/web\/wp-content\/uploads\/2020\/09\/Fotos-graduacion-1-1536x1018.jpg 1536w, https:\/\/tabernaculoprensadedios.com\/web\/wp-content\/uploads\/2020\/09\/Fotos-graduacion-1-634x420.jpg 634w, https:\/\/tabernaculoprensadedios.com\/web\/wp-content\/uploads\/2020\/09\/Fotos-graduacion-1-640x424.jpg 640w, https:\/\/tabernaculoprensadedios.com\/web\/wp-content\/uploads\/2020\/09\/Fotos-graduacion-1-681x451.jpg 681w\" sizes=\"auto, (max-width: 2000px) 100vw, 2000px\" \/><\/a><\/p>\n<p>Los nuevos 1,153 profesionales investidos en la ceremonia efectuada el mi\u00e9rcoles 23 de septiembre en la modalidad virtual, 1,105 son de grado y 48 de postgrado, con maestr\u00edas en Educaci\u00f3n Superior menci\u00f3n Planeamiento Educativo, y en Estudios Teol\u00f3gicos Avanzados.<\/p>\n<p>Los graduandos juramentados por el rector de la academia, Epifanio Gonz\u00e1lez Minaya, obtuvieron t\u00edtulos de grado en las carreras de pedagog\u00eda: Educaci\u00f3n menci\u00f3n Inicial, Educaci\u00f3n B\u00e1sica, Educaci\u00f3n menci\u00f3n Letras, menci\u00f3n Ciencias Naturales, menci\u00f3n Ciencias Sociales, menci\u00f3n Lenguas Modernas, menci\u00f3n F\u00edsica y Matem\u00e1tica, Ingenier\u00eda Agroforestal, as\u00ed como licenciatura en Teolog\u00eda.<\/p>\n<p>Otros de los nuevos profesionales investidos en la ceremonia pertenecen a la carrera de Psicolog\u00eda Cl\u00ednica, menci\u00f3n Educativa y menci\u00f3n Industrial, Administraci\u00f3n de Empresas, Contabilidad, Mercadeo, e Ingeniera Agroforestal.<\/p>\n<p><a href=\"http:\/\/tabernaculoprensadedios.com\/web\/wp-content\/uploads\/2020\/09\/WhatsApp-Image-2020-09-27-at-11.24.11-AM.jpeg\"><img loading=\"lazy\" decoding=\"async\" class=\"aligncenter size-full wp-image-19684\" src=\"http:\/\/tabernaculoprensadedios.com\/web\/wp-content\/uploads\/2020\/09\/WhatsApp-Image-2020-09-27-at-11.24.11-AM.jpeg\" alt=\"\" width=\"1280\" height=\"914\" srcset=\"https:\/\/tabernaculoprensadedios.com\/web\/wp-content\/uploads\/2020\/09\/WhatsApp-Image-2020-09-27-at-11.24.11-AM.jpeg 1280w, https:\/\/tabernaculoprensadedios.com\/web\/wp-content\/uploads\/2020\/09\/WhatsApp-Image-2020-09-27-at-11.24.11-AM-600x428.jpeg 600w, https:\/\/tabernaculoprensadedios.com\/web\/wp-content\/uploads\/2020\/09\/WhatsApp-Image-2020-09-27-at-11.24.11-AM-300x214.jpeg 300w, https:\/\/tabernaculoprensadedios.com\/web\/wp-content\/uploads\/2020\/09\/WhatsApp-Image-2020-09-27-at-11.24.11-AM-1024x731.jpeg 1024w, https:\/\/tabernaculoprensadedios.com\/web\/wp-content\/uploads\/2020\/09\/WhatsApp-Image-2020-09-27-at-11.24.11-AM-768x548.jpeg 768w, https:\/\/tabernaculoprensadedios.com\/web\/wp-content\/uploads\/2020\/09\/WhatsApp-Image-2020-09-27-at-11.24.11-AM-588x420.jpeg 588w, https:\/\/tabernaculoprensadedios.com\/web\/wp-content\/uploads\/2020\/09\/WhatsApp-Image-2020-09-27-at-11.24.11-AM-640x457.jpeg 640w, https:\/\/tabernaculoprensadedios.com\/web\/wp-content\/uploads\/2020\/09\/WhatsApp-Image-2020-09-27-at-11.24.11-AM-681x486.jpeg 681w\" sizes=\"auto, (max-width: 1280px) 100vw, 1280px\" \/><\/a><\/p>\n","protected":false},"excerpt":{"rendered":"<p>La Universidad Nacional Evang\u00e9lica (UNEV) egres\u00f3 a 1,153 nuevos profesionales en distintas ramas del saber, durante la celebraci\u00f3n de su Quincuag\u00e9sima S\u00e9ptima Graduaci\u00f3n Virtual del recinto Santo Domingo, cantidad sumada a 19,000 graduados anteriormente, y entregados a la sociedad en sus 34 a\u00f1os de educaci\u00f3n continua. La ceremonia realizada en este a\u00f1o de forma virtual, &hellip;<\/p>\n","protected":false},"author":2,"featured_media":19679,"comment_status":"open","ping_status":"open","sticky":false,"template":"","format":"standard","meta":{"footnotes":""},"categories":[34],"tags":[],"class_list":["post-19653","post","type-post","status-publish","format-standard","has-post-thumbnail","hentry","category-articulos"],"yoast_head":"<!-- This site is optimized with the Yoast SEO Premium plugin v24.2 (Yoast SEO v27.1.1) - https:\/\/yoast.com\/product\/yoast-seo-premium-wordpress\/ -->\n<title>UNEV grad\u00faa 1,153 nuevos profesionales en graduaci\u00f3n virtual y presencial - Tabernaculo Prensa de Dios<\/title>\n<meta name=\"robots\" content=\"index, follow, max-snippet:-1, max-image-preview:large, max-video-preview:-1\" \/>\n<link rel=\"canonical\" href=\"https:\/\/tabernaculoprensadedios.com\/web\/unev-gradua-1153-nuevos-profesionales-en-graduacion-virtual\/\" class=\"yoast-seo-meta-tag\" \/>\n<meta property=\"og:locale\" content=\"es_ES\" class=\"yoast-seo-meta-tag\" \/>\n<meta property=\"og:type\" content=\"article\" class=\"yoast-seo-meta-tag\" \/>\n<meta property=\"og:title\" content=\"UNEV grad\u00faa 1,153 nuevos profesionales en graduaci\u00f3n virtual y presencial\" class=\"yoast-seo-meta-tag\" \/>\n<meta property=\"og:description\" content=\"La Universidad Nacional Evang\u00e9lica (UNEV) egres\u00f3 a 1,153 nuevos profesionales en distintas ramas del saber, durante la celebraci\u00f3n de su Quincuag\u00e9sima S\u00e9ptima Graduaci\u00f3n Virtual del recinto Santo Domingo, cantidad sumada a 19,000 graduados anteriormente, y entregados a la sociedad en sus 34 a\u00f1os de educaci\u00f3n continua. La ceremonia realizada en este a\u00f1o de forma virtual, &hellip;\" class=\"yoast-seo-meta-tag\" \/>\n<meta property=\"og:url\" content=\"https:\/\/tabernaculoprensadedios.com\/web\/unev-gradua-1153-nuevos-profesionales-en-graduacion-virtual\/\" class=\"yoast-seo-meta-tag\" \/>\n<meta property=\"og:site_name\" content=\"Tabernaculo Prensa de Dios\" class=\"yoast-seo-meta-tag\" \/>\n<meta property=\"article:published_time\" content=\"2020-09-24T15:00:37+00:00\" class=\"yoast-seo-meta-tag\" \/>\n<meta property=\"article:modified_time\" content=\"2020-09-28T01:52:48+00:00\" class=\"yoast-seo-meta-tag\" \/>\n<meta property=\"og:image\" content=\"https:\/\/tabernaculoprensadedios.com\/web\/wp-content\/uploads\/2020\/09\/WhatsApp-Image-2020-09-27-at-11.24.11-AM-2.jpeg\" class=\"yoast-seo-meta-tag\" \/>\n\t<meta property=\"og:image:width\" content=\"1280\" class=\"yoast-seo-meta-tag\" \/>\n\t<meta property=\"og:image:height\" content=\"914\" class=\"yoast-seo-meta-tag\" \/>\n\t<meta property=\"og:image:type\" content=\"image\/jpeg\" class=\"yoast-seo-meta-tag\" \/>\n<meta name=\"author\" content=\"Malga\" class=\"yoast-seo-meta-tag\" \/>\n<meta name=\"twitter:card\" content=\"summary_large_image\" class=\"yoast-seo-meta-tag\" \/>\n<meta name=\"twitter:creator\" content=\"@PrensadeDios\" class=\"yoast-seo-meta-tag\" \/>\n<meta name=\"twitter:site\" content=\"@PrensadeDios\" class=\"yoast-seo-meta-tag\" \/>\n<meta name=\"twitter:label1\" content=\"Escrito por\" class=\"yoast-seo-meta-tag\" \/>\n\t<meta name=\"twitter:data1\" content=\"Malga\" class=\"yoast-seo-meta-tag\" \/>\n\t<meta name=\"twitter:label2\" content=\"Tiempo de lectura\" class=\"yoast-seo-meta-tag\" \/>\n\t<meta name=\"twitter:data2\" content=\"2 minutos\" class=\"yoast-seo-meta-tag\" \/>\n<script type=\"application\/ld+json\" class=\"yoast-schema-graph\">{\"@context\":\"https:\/\/schema.org\",\"@graph\":[{\"@type\":\"Article\",\"@id\":\"https:\/\/tabernaculoprensadedios.com\/web\/unev-gradua-1153-nuevos-profesionales-en-graduacion-virtual\/#article\",\"isPartOf\":{\"@id\":\"https:\/\/tabernaculoprensadedios.com\/web\/unev-gradua-1153-nuevos-profesionales-en-graduacion-virtual\/\"},\"author\":{\"name\":\"Malga\",\"@id\":\"https:\/\/tabernaculoprensadedios.com\/web\/#\/schema\/person\/64ae3a8b2e245c8b8652b1294ca1860a\"},\"headline\":\"UNEV grad\u00faa 1,153 nuevos profesionales en graduaci\u00f3n virtual y presencial\",\"datePublished\":\"2020-09-24T15:00:37+00:00\",\"dateModified\":\"2020-09-28T01:52:48+00:00\",\"mainEntityOfPage\":{\"@id\":\"https:\/\/tabernaculoprensadedios.com\/web\/unev-gradua-1153-nuevos-profesionales-en-graduacion-virtual\/\"},\"wordCount\":463,\"commentCount\":0,\"publisher\":{\"@id\":\"https:\/\/tabernaculoprensadedios.com\/web\/#\/schema\/person\/bc0e069fef56b38e177db6f098ae0b6e\"},\"image\":{\"@id\":\"https:\/\/tabernaculoprensadedios.com\/web\/unev-gradua-1153-nuevos-profesionales-en-graduacion-virtual\/#primaryimage\"},\"thumbnailUrl\":\"https:\/\/tabernaculoprensadedios.com\/web\/wp-content\/uploads\/2020\/09\/WhatsApp-Image-2020-09-27-at-11.24.11-AM-2.jpeg\",\"articleSection\":[\"Articulos\"],\"inLanguage\":\"es\",\"potentialAction\":[{\"@type\":\"CommentAction\",\"name\":\"Comment\",\"target\":[\"https:\/\/tabernaculoprensadedios.com\/web\/unev-gradua-1153-nuevos-profesionales-en-graduacion-virtual\/#respond\"]}]},{\"@type\":\"WebPage\",\"@id\":\"https:\/\/tabernaculoprensadedios.com\/web\/unev-gradua-1153-nuevos-profesionales-en-graduacion-virtual\/\",\"url\":\"https:\/\/tabernaculoprensadedios.com\/web\/unev-gradua-1153-nuevos-profesionales-en-graduacion-virtual\/\",\"name\":\"UNEV grad\u00faa 1,153 nuevos profesionales en graduaci\u00f3n virtual y presencial - Tabernaculo Prensa de Dios\",\"isPartOf\":{\"@id\":\"https:\/\/tabernaculoprensadedios.com\/web\/#website\"},\"primaryImageOfPage\":{\"@id\":\"https:\/\/tabernaculoprensadedios.com\/web\/unev-gradua-1153-nuevos-profesionales-en-graduacion-virtual\/#primaryimage\"},\"image\":{\"@id\":\"https:\/\/tabernaculoprensadedios.com\/web\/unev-gradua-1153-nuevos-profesionales-en-graduacion-virtual\/#primaryimage\"},\"thumbnailUrl\":\"https:\/\/tabernaculoprensadedios.com\/web\/wp-content\/uploads\/2020\/09\/WhatsApp-Image-2020-09-27-at-11.24.11-AM-2.jpeg\",\"datePublished\":\"2020-09-24T15:00:37+00:00\",\"dateModified\":\"2020-09-28T01:52:48+00:00\",\"breadcrumb\":{\"@id\":\"https:\/\/tabernaculoprensadedios.com\/web\/unev-gradua-1153-nuevos-profesionales-en-graduacion-virtual\/#breadcrumb\"},\"inLanguage\":\"es\",\"potentialAction\":[{\"@type\":\"ReadAction\",\"target\":[\"https:\/\/tabernaculoprensadedios.com\/web\/unev-gradua-1153-nuevos-profesionales-en-graduacion-virtual\/\"]}]},{\"@type\":\"ImageObject\",\"inLanguage\":\"es\",\"@id\":\"https:\/\/tabernaculoprensadedios.com\/web\/unev-gradua-1153-nuevos-profesionales-en-graduacion-virtual\/#primaryimage\",\"url\":\"https:\/\/tabernaculoprensadedios.com\/web\/wp-content\/uploads\/2020\/09\/WhatsApp-Image-2020-09-27-at-11.24.11-AM-2.jpeg\",\"contentUrl\":\"https:\/\/tabernaculoprensadedios.com\/web\/wp-content\/uploads\/2020\/09\/WhatsApp-Image-2020-09-27-at-11.24.11-AM-2.jpeg\",\"width\":1280,\"height\":914},{\"@type\":\"BreadcrumbList\",\"@id\":\"https:\/\/tabernaculoprensadedios.com\/web\/unev-gradua-1153-nuevos-profesionales-en-graduacion-virtual\/#breadcrumb\",\"itemListElement\":[{\"@type\":\"ListItem\",\"position\":1,\"name\":\"Portada\",\"item\":\"https:\/\/tabernaculoprensadedios.com\/web\/\"},{\"@type\":\"ListItem\",\"position\":2,\"name\":\"UNEV grad\u00faa 1,153 nuevos profesionales en graduaci\u00f3n virtual y presencial\"}]},{\"@type\":\"WebSite\",\"@id\":\"https:\/\/tabernaculoprensadedios.com\/web\/#website\",\"url\":\"https:\/\/tabernaculoprensadedios.com\/web\/\",\"name\":\"Tabernaculo Prensa de Dios\",\"description\":\"Un medio a la manera de Dios\",\"publisher\":{\"@id\":\"https:\/\/tabernaculoprensadedios.com\/web\/#\/schema\/person\/bc0e069fef56b38e177db6f098ae0b6e\"},\"potentialAction\":[{\"@type\":\"SearchAction\",\"target\":{\"@type\":\"EntryPoint\",\"urlTemplate\":\"https:\/\/tabernaculoprensadedios.com\/web\/?s={search_term_string}\"},\"query-input\":{\"@type\":\"PropertyValueSpecification\",\"valueRequired\":true,\"valueName\":\"search_term_string\"}}],\"inLanguage\":\"es\"},{\"@type\":[\"Person\",\"Organization\"],\"@id\":\"https:\/\/tabernaculoprensadedios.com\/web\/#\/schema\/person\/bc0e069fef56b38e177db6f098ae0b6e\",\"name\":\"tabernaculo\",\"image\":{\"@type\":\"ImageObject\",\"inLanguage\":\"es\",\"@id\":\"https:\/\/tabernaculoprensadedios.com\/web\/#\/schema\/person\/image\/\",\"url\":\"https:\/\/tabernaculoprensadedios.com\/web\/wp-content\/uploads\/2015\/06\/login-logo1.png\",\"contentUrl\":\"https:\/\/tabernaculoprensadedios.com\/web\/wp-content\/uploads\/2015\/06\/login-logo1.png\",\"width\":300,\"height\":118,\"caption\":\"tabernaculo\"},\"logo\":{\"@id\":\"https:\/\/tabernaculoprensadedios.com\/web\/#\/schema\/person\/image\/\"}},{\"@type\":\"Person\",\"@id\":\"https:\/\/tabernaculoprensadedios.com\/web\/#\/schema\/person\/64ae3a8b2e245c8b8652b1294ca1860a\",\"name\":\"Malga\",\"image\":{\"@type\":\"ImageObject\",\"inLanguage\":\"es\",\"@id\":\"https:\/\/tabernaculoprensadedios.com\/web\/#\/schema\/person\/image\/\",\"url\":\"\/\/www.gravatar.com\/avatar\/b06041ad78a6d3dd6b8d5ebf9704448e?s=96&#038;r=g&#038;d=mm\",\"contentUrl\":\"\/\/www.gravatar.com\/avatar\/b06041ad78a6d3dd6b8d5ebf9704448e?s=96&#038;r=g&#038;d=mm\",\"caption\":\"Malga\"},\"url\":\"https:\/\/tabernaculoprensadedios.com\/web\/author\/malga\/\"}]}<\/script>\n<!-- \/ Yoast SEO Premium plugin. -->","yoast_head_json":{"title":"UNEV grad\u00faa 1,153 nuevos profesionales en graduaci\u00f3n virtual y presencial - Tabernaculo Prensa de Dios","robots":{"index":"index","follow":"follow","max-snippet":"max-snippet:-1","max-image-preview":"max-image-preview:large","max-video-preview":"max-video-preview:-1"},"canonical":"https:\/\/tabernaculoprensadedios.com\/web\/unev-gradua-1153-nuevos-profesionales-en-graduacion-virtual\/","og_locale":"es_ES","og_type":"article","og_title":"UNEV grad\u00faa 1,153 nuevos profesionales en graduaci\u00f3n virtual y presencial","og_description":"La Universidad Nacional Evang\u00e9lica (UNEV) egres\u00f3 a 1,153 nuevos profesionales en distintas ramas del saber, durante la celebraci\u00f3n de su Quincuag\u00e9sima S\u00e9ptima Graduaci\u00f3n Virtual del recinto Santo Domingo, cantidad sumada a 19,000 graduados anteriormente, y entregados a la sociedad en sus 34 a\u00f1os de educaci\u00f3n continua. La ceremonia realizada en este a\u00f1o de forma virtual, &hellip;","og_url":"https:\/\/tabernaculoprensadedios.com\/web\/unev-gradua-1153-nuevos-profesionales-en-graduacion-virtual\/","og_site_name":"Tabernaculo Prensa de Dios","article_published_time":"2020-09-24T15:00:37+00:00","article_modified_time":"2020-09-28T01:52:48+00:00","og_image":[{"width":1280,"height":914,"url":"https:\/\/tabernaculoprensadedios.com\/web\/wp-content\/uploads\/2020\/09\/WhatsApp-Image-2020-09-27-at-11.24.11-AM-2.jpeg","type":"image\/jpeg"}],"author":"Malga","twitter_card":"summary_large_image","twitter_creator":"@PrensadeDios","twitter_site":"@PrensadeDios","twitter_misc":{"Escrito por":"Malga","Tiempo de lectura":"2 minutos"},"schema":{"@context":"https:\/\/schema.org","@graph":[{"@type":"Article","@id":"https:\/\/tabernaculoprensadedios.com\/web\/unev-gradua-1153-nuevos-profesionales-en-graduacion-virtual\/#article","isPartOf":{"@id":"https:\/\/tabernaculoprensadedios.com\/web\/unev-gradua-1153-nuevos-profesionales-en-graduacion-virtual\/"},"author":{"name":"Malga","@id":"https:\/\/tabernaculoprensadedios.com\/web\/#\/schema\/person\/64ae3a8b2e245c8b8652b1294ca1860a"},"headline":"UNEV grad\u00faa 1,153 nuevos profesionales en graduaci\u00f3n virtual y presencial","datePublished":"2020-09-24T15:00:37+00:00","dateModified":"2020-09-28T01:52:48+00:00","mainEntityOfPage":{"@id":"https:\/\/tabernaculoprensadedios.com\/web\/unev-gradua-1153-nuevos-profesionales-en-graduacion-virtual\/"},"wordCount":463,"commentCount":0,"publisher":{"@id":"https:\/\/tabernaculoprensadedios.com\/web\/#\/schema\/person\/bc0e069fef56b38e177db6f098ae0b6e"},"image":{"@id":"https:\/\/tabernaculoprensadedios.com\/web\/unev-gradua-1153-nuevos-profesionales-en-graduacion-virtual\/#primaryimage"},"thumbnailUrl":"https:\/\/tabernaculoprensadedios.com\/web\/wp-content\/uploads\/2020\/09\/WhatsApp-Image-2020-09-27-at-11.24.11-AM-2.jpeg","articleSection":["Articulos"],"inLanguage":"es","potentialAction":[{"@type":"CommentAction","name":"Comment","target":["https:\/\/tabernaculoprensadedios.com\/web\/unev-gradua-1153-nuevos-profesionales-en-graduacion-virtual\/#respond"]}]},{"@type":"WebPage","@id":"https:\/\/tabernaculoprensadedios.com\/web\/unev-gradua-1153-nuevos-profesionales-en-graduacion-virtual\/","url":"https:\/\/tabernaculoprensadedios.com\/web\/unev-gradua-1153-nuevos-profesionales-en-graduacion-virtual\/","name":"UNEV grad\u00faa 1,153 nuevos profesionales en graduaci\u00f3n virtual y presencial - Tabernaculo Prensa de Dios","isPartOf":{"@id":"https:\/\/tabernaculoprensadedios.com\/web\/#website"},"primaryImageOfPage":{"@id":"https:\/\/tabernaculoprensadedios.com\/web\/unev-gradua-1153-nuevos-profesionales-en-graduacion-virtual\/#primaryimage"},"image":{"@id":"https:\/\/tabernaculoprensadedios.com\/web\/unev-gradua-1153-nuevos-profesionales-en-graduacion-virtual\/#primaryimage"},"thumbnailUrl":"https:\/\/tabernaculoprensadedios.com\/web\/wp-content\/uploads\/2020\/09\/WhatsApp-Image-2020-09-27-at-11.24.11-AM-2.jpeg","datePublished":"2020-09-24T15:00:37+00:00","dateModified":"2020-09-28T01:52:48+00:00","breadcrumb":{"@id":"https:\/\/tabernaculoprensadedios.com\/web\/unev-gradua-1153-nuevos-profesionales-en-graduacion-virtual\/#breadcrumb"},"inLanguage":"es","potentialAction":[{"@type":"ReadAction","target":["https:\/\/tabernaculoprensadedios.com\/web\/unev-gradua-1153-nuevos-profesionales-en-graduacion-virtual\/"]}]},{"@type":"ImageObject","inLanguage":"es","@id":"https:\/\/tabernaculoprensadedios.com\/web\/unev-gradua-1153-nuevos-profesionales-en-graduacion-virtual\/#primaryimage","url":"https:\/\/tabernaculoprensadedios.com\/web\/wp-content\/uploads\/2020\/09\/WhatsApp-Image-2020-09-27-at-11.24.11-AM-2.jpeg","contentUrl":"https:\/\/tabernaculoprensadedios.com\/web\/wp-content\/uploads\/2020\/09\/WhatsApp-Image-2020-09-27-at-11.24.11-AM-2.jpeg","width":1280,"height":914},{"@type":"BreadcrumbList","@id":"https:\/\/tabernaculoprensadedios.com\/web\/unev-gradua-1153-nuevos-profesionales-en-graduacion-virtual\/#breadcrumb","itemListElement":[{"@type":"ListItem","position":1,"name":"Portada","item":"https:\/\/tabernaculoprensadedios.com\/web\/"},{"@type":"ListItem","position":2,"name":"UNEV grad\u00faa 1,153 nuevos profesionales en graduaci\u00f3n virtual y presencial"}]},{"@type":"WebSite","@id":"https:\/\/tabernaculoprensadedios.com\/web\/#website","url":"https:\/\/tabernaculoprensadedios.com\/web\/","name":"Tabernaculo Prensa de Dios","description":"Un medio a la manera de Dios","publisher":{"@id":"https:\/\/tabernaculoprensadedios.com\/web\/#\/schema\/person\/bc0e069fef56b38e177db6f098ae0b6e"},"potentialAction":[{"@type":"SearchAction","target":{"@type":"EntryPoint","urlTemplate":"https:\/\/tabernaculoprensadedios.com\/web\/?s={search_term_string}"},"query-input":{"@type":"PropertyValueSpecification","valueRequired":true,"valueName":"search_term_string"}}],"inLanguage":"es"},{"@type":["Person","Organization"],"@id":"https:\/\/tabernaculoprensadedios.com\/web\/#\/schema\/person\/bc0e069fef56b38e177db6f098ae0b6e","name":"tabernaculo","image":{"@type":"ImageObject","inLanguage":"es","@id":"https:\/\/tabernaculoprensadedios.com\/web\/#\/schema\/person\/image\/","url":"https:\/\/tabernaculoprensadedios.com\/web\/wp-content\/uploads\/2015\/06\/login-logo1.png","contentUrl":"https:\/\/tabernaculoprensadedios.com\/web\/wp-content\/uploads\/2015\/06\/login-logo1.png","width":300,"height":118,"caption":"tabernaculo"},"logo":{"@id":"https:\/\/tabernaculoprensadedios.com\/web\/#\/schema\/person\/image\/"}},{"@type":"Person","@id":"https:\/\/tabernaculoprensadedios.com\/web\/#\/schema\/person\/64ae3a8b2e245c8b8652b1294ca1860a","name":"Malga","image":{"@type":"ImageObject","inLanguage":"es","@id":"https:\/\/tabernaculoprensadedios.com\/web\/#\/schema\/person\/image\/","url":"\/\/www.gravatar.com\/avatar\/b06041ad78a6d3dd6b8d5ebf9704448e?s=96&#038;r=g&#038;d=mm","contentUrl":"\/\/www.gravatar.com\/avatar\/b06041ad78a6d3dd6b8d5ebf9704448e?s=96&#038;r=g&#038;d=mm","caption":"Malga"},"url":"https:\/\/tabernaculoprensadedios.com\/web\/author\/malga\/"}]}},"_links":{"self":[{"href":"https:\/\/tabernaculoprensadedios.com\/web\/wp-json\/wp\/v2\/posts\/19653","targetHints":{"allow":["GET"]}}],"collection":[{"href":"https:\/\/tabernaculoprensadedios.com\/web\/wp-json\/wp\/v2\/posts"}],"about":[{"href":"https:\/\/tabernaculoprensadedios.com\/web\/wp-json\/wp\/v2\/types\/post"}],"author":[{"embeddable":true,"href":"https:\/\/tabernaculoprensadedios.com\/web\/wp-json\/wp\/v2\/users\/2"}],"replies":[{"embeddable":true,"href":"https:\/\/tabernaculoprensadedios.com\/web\/wp-json\/wp\/v2\/comments?post=19653"}],"version-history":[{"count":5,"href":"https:\/\/tabernaculoprensadedios.com\/web\/wp-json\/wp\/v2\/posts\/19653\/revisions"}],"predecessor-version":[{"id":19685,"href":"https:\/\/tabernaculoprensadedios.com\/web\/wp-json\/wp\/v2\/posts\/19653\/revisions\/19685"}],"wp:featuredmedia":[{"embeddable":true,"href":"https:\/\/tabernaculoprensadedios.com\/web\/wp-json\/wp\/v2\/media\/19679"}],"wp:attachment":[{"href":"https:\/\/tabernaculoprensadedios.com\/web\/wp-json\/wp\/v2\/media?parent=19653"}],"wp:term":[{"taxonomy":"category","embeddable":true,"href":"https:\/\/tabernaculoprensadedios.com\/web\/wp-json\/wp\/v2\/categories?post=19653"},{"taxonomy":"post_tag","embeddable":true,"href":"https:\/\/tabernaculoprensadedios.com\/web\/wp-json\/wp\/v2\/tags?post=19653"}],"curies":[{"name":"wp","href":"https:\/\/api.w.org\/{rel}","templated":true}]}}