{"id":19535,"date":"2020-09-12T02:05:20","date_gmt":"2020-09-12T02:05:20","guid":{"rendered":"http:\/\/tabernaculoprensadedios.com\/web\/?p=19535"},"modified":"2020-09-12T02:05:20","modified_gmt":"2020-09-12T02:05:20","slug":"cuidemonos-del-efecto-pandemia","status":"publish","type":"post","link":"https:\/\/tabernaculoprensadedios.com\/web\/cuidemonos-del-efecto-pandemia\/","title":{"rendered":"Cuid\u00e9monos del \u201cEfecto Pandemia\u201d"},"content":{"rendered":"<p>Estamos a pocos meses de terminar este a\u00f1o 2020, y no hay duda que los efectos de la pandemia podemos verlos reflejados no solamente en la salud de las personas, sino tambi\u00e9n en las finanzas de las familias, en los estudios de nuestros hijos, en el estr\u00e9s y la ansiedad que muchos de nosotros estamos sufriendo. FILIPENSES 3-13<\/p>\n<p>Pero este d\u00eda vamos a reflexionar por medio de la palabra de Dios en otros efectos que la pandemia puede llegar a provocar o que posiblemente ya los est\u00e1 provocando en nosotros.<\/p>\n<p>Veamos con la ayuda de la palabra de Dios en qu\u00e9 consiste ese \u201cEfectos pandemia\u201d que puede estar afectando nuestra vida, nuestro crecimiento espiritual y nuestras bendiciones.<\/p>\n<p><strong><u>CONSISTE EN USAR LA PANDEMIA COMO UNA EXCUSA PARA DISIMULAR NUESTRA PEREZA Y ENFRIAMIENTO ESPIRITUAL (PROVERBIOS 26:13)<\/u><\/strong><u>\u00a0<\/u><\/p>\n<p>No podemos negar que todos aquellos que son haraganes, perezosos, c\u00f3modos, siempre tienen una excusa para no hacer lo que tienen que hacer, como lo vemos en el vers\u00edculo que hemos le\u00eddo, y una de los mejores pretextos o excusas son aquellas que tienen que ver con un posible peligro o riesgo.<\/p>\n<p>Lastimosamente muchos cristianos que se han vuelto tibios, c\u00f3modos, perezosos espiritualmente, han encontrado en la pandemia su excusa perfecta, para ellos el le\u00f3n que est\u00e1 en el camino, el le\u00f3n que est\u00e1 en las calles, se llama coronavirus.<\/p>\n<p>Lo que nos debe llamar la atenci\u00f2n es que estos hermanos van a sus trabajos, van al supermercado, salen a los centros comerciales, viajan en transporte colectivo, etc, pero no quieren asistir a la iglesia porque se podr\u00edan contagiar.<\/p>\n<p>Son los cristianos que dicen: por el momento \u201cseguir\u00e9 viendo los cultos virtuales\u201d pero en la realidad nunca se han conectado a uno.<\/p>\n<p>No ocupemos la pandemia como un buen pretexto para seguir lejos del Se\u00f1or, para continuar siendo indiferentes al Reino de Dios, para disimular lo fr\u00edo que est\u00e1 nuestro coraz\u00f3n para con Dios,\u00a0<strong>HOY ES EL TIEMPO DE ACERCARNOS AL SE\u00d1OR.\u00a0<\/strong><\/p>\n<p><strong><u>CONSISTE EN QUERER DEJAR NUESTRAS METAS Y PROYECTOS PARA DESPU\u00c9S, CUANDO YA HAYA PASADO TODO (ECLESIAST\u00c9S 11:4)\u00a0<\/u><\/strong><\/p>\n<p>Seguramente todos tenemos metas y proyectos en nuestra vida, para nuestra familia, para nuestra iglesia, pero lastimosamente esos proyectos que tenemos en mente muchos de nosotros estamos esperando hasta que pase la pandemia para ver si los podemos llevar a cabo.<\/p>\n<p>Queremos esperar que las condiciones mejoren, que la crisis pase, que no haya mucho riesgo, es decir estamos esperando \u201cLas condiciones ideales\u201d para realizar lo que tenemos planificado.<\/p>\n<p>Pero el texto que hemos le\u00eddo nos dice algo muy importante que tenemos que tomar muy en cuenta: El que el viento observa no sembrar\u00e1.<\/p>\n<p>Veamos este mismo vers\u00edculo en la traducci\u00f3n\u00a0<strong>NBV (Nueva Biblia Viva)\u00a0<\/strong>Si esperas condiciones perfectas, nunca realizar\u00e1s nada. (<strong>Eclesiastes 11:4)\u00a0<\/strong><\/p>\n<p>En la palabra de Dios nunca vemos que el Se\u00f1or le diga a su pueblo: No hagan nada, esperen las condiciones m\u00e1s favorables, esperen que terminen las crisis, al contrario, el Se\u00f1or nos invita a confiar en \u00e9l aun en los tiempos de crisis.<strong>(Jerem\u00edas 29:4-6)<\/strong>\u00a0en uno de los tiempos de mayor crisis para el pueblo de Israel, cuando estuvieron cautivos 70 a\u00f1os en Babilonia, el Se\u00f1or les mand\u00f3 a edificar sus casas, a sembrar la tierra, a continuar con sus proyectos de vida,\u00a0<strong>PORQUE AUN EN LAS CRISIS SU PRESENCIA EST\u00c1 CON NOSOTROS.\u00a0<\/strong><\/p>\n<p><strong>REFLEXI\u00d3N:<\/strong>\u00a0En mi pa\u00eds El Salvador hace muchos a\u00f1os en la televisi\u00f3n hab\u00eda un anuncio en el cual aparec\u00eda un padre de familia prepar\u00e1ndose para ir de pesca \u00e9l solo, y alguien le preguntaba \u00bfte acuerdas cuando le prometiste a tu familia que la semana pr\u00f3xima saldr\u00edas con ellos? Y luego la voz le dec\u00eda:\u00a0<strong>ESTA ES LA SEMANA PR\u00d3XIMA. ..<\/strong>\u00a0s\u00ed lo aplicamos en nuestra vida, alguien nos podr\u00eda preguntar \u00bfTe acuerdas de todos los sermones y ense\u00f1anzas que escuchaste en los cuales te dijeron que hab\u00eda confiar en el Se\u00f1or aun en los tiempos dif\u00edciles, que en la vida era necesario dar pasos de fe, aunque todo parezca en nuestra contra? Pues ..\u00a0<strong>HOY ES EL TIEMPO DE APLICARLOS<\/strong><\/p>\n<p><strong>CONCLUSI\u00d2N<\/strong>: En los tiempos de Crisis es cuando nuestra fe y confianza en Dios deben ser m\u00e1s reales, a\u00fan en tiempos de pandemia, a\u00fan en tiempos de crisis, aun en los momentos m\u00e1s dif\u00edciles, el Se\u00f1or nos dice: Ven, camina conmigo, y si nuestro Dios est\u00e1 con nosotros\u00a0<strong>HAY VICTORIA (Jerem\u00edas 1:19)\u00a0<\/strong><\/p>\n","protected":false},"excerpt":{"rendered":"<p>Estamos a pocos meses de terminar este a\u00f1o 2020, y no hay duda que los efectos de la pandemia podemos verlos reflejados no solamente en la salud de las personas, sino tambi\u00e9n en las finanzas de las familias, en los estudios de nuestros hijos, en el estr\u00e9s y la ansiedad que muchos de nosotros estamos &hellip;<\/p>\n","protected":false},"author":2,"featured_media":19536,"comment_status":"open","ping_status":"open","sticky":false,"template":"","format":"standard","meta":{"footnotes":""},"categories":[34],"tags":[],"class_list":["post-19535","post","type-post","status-publish","format-standard","has-post-thumbnail","hentry","category-articulos"],"yoast_head":"<!-- This site is optimized with the Yoast SEO Premium plugin v24.2 (Yoast SEO v27.1.1) - https:\/\/yoast.com\/product\/yoast-seo-premium-wordpress\/ -->\n<title>Cuid\u00e9monos del \u201cEfecto Pandemia\u201d - Tabernaculo Prensa de Dios<\/title>\n<meta name=\"robots\" content=\"index, follow, max-snippet:-1, max-image-preview:large, max-video-preview:-1\" \/>\n<link rel=\"canonical\" href=\"https:\/\/tabernaculoprensadedios.com\/web\/cuidemonos-del-efecto-pandemia\/\" class=\"yoast-seo-meta-tag\" \/>\n<meta property=\"og:locale\" content=\"es_ES\" class=\"yoast-seo-meta-tag\" \/>\n<meta property=\"og:type\" content=\"article\" class=\"yoast-seo-meta-tag\" \/>\n<meta property=\"og:title\" content=\"Cuid\u00e9monos del \u201cEfecto Pandemia\u201d\" class=\"yoast-seo-meta-tag\" \/>\n<meta property=\"og:description\" content=\"Estamos a pocos meses de terminar este a\u00f1o 2020, y no hay duda que los efectos de la pandemia podemos verlos reflejados no solamente en la salud de las personas, sino tambi\u00e9n en las finanzas de las familias, en los estudios de nuestros hijos, en el estr\u00e9s y la ansiedad que muchos de nosotros estamos &hellip;\" class=\"yoast-seo-meta-tag\" \/>\n<meta property=\"og:url\" content=\"https:\/\/tabernaculoprensadedios.com\/web\/cuidemonos-del-efecto-pandemia\/\" class=\"yoast-seo-meta-tag\" \/>\n<meta property=\"og:site_name\" content=\"Tabernaculo Prensa de Dios\" class=\"yoast-seo-meta-tag\" \/>\n<meta property=\"article:published_time\" content=\"2020-09-12T02:05:20+00:00\" class=\"yoast-seo-meta-tag\" \/>\n<meta property=\"og:image\" content=\"https:\/\/tabernaculoprensadedios.com\/web\/wp-content\/uploads\/2020\/09\/pandemias.jpg\" class=\"yoast-seo-meta-tag\" \/>\n\t<meta property=\"og:image:width\" content=\"1134\" class=\"yoast-seo-meta-tag\" \/>\n\t<meta property=\"og:image:height\" content=\"480\" class=\"yoast-seo-meta-tag\" \/>\n\t<meta property=\"og:image:type\" content=\"image\/jpeg\" class=\"yoast-seo-meta-tag\" \/>\n<meta name=\"author\" content=\"Malga\" class=\"yoast-seo-meta-tag\" \/>\n<meta name=\"twitter:card\" content=\"summary_large_image\" class=\"yoast-seo-meta-tag\" \/>\n<meta name=\"twitter:creator\" content=\"@PrensadeDios\" class=\"yoast-seo-meta-tag\" \/>\n<meta name=\"twitter:site\" content=\"@PrensadeDios\" class=\"yoast-seo-meta-tag\" \/>\n<meta name=\"twitter:label1\" content=\"Escrito por\" class=\"yoast-seo-meta-tag\" \/>\n\t<meta name=\"twitter:data1\" content=\"Malga\" class=\"yoast-seo-meta-tag\" \/>\n\t<meta name=\"twitter:label2\" content=\"Tiempo de lectura\" class=\"yoast-seo-meta-tag\" \/>\n\t<meta name=\"twitter:data2\" content=\"4 minutos\" class=\"yoast-seo-meta-tag\" \/>\n<script type=\"application\/ld+json\" class=\"yoast-schema-graph\">{\"@context\":\"https:\/\/schema.org\",\"@graph\":[{\"@type\":\"Article\",\"@id\":\"https:\/\/tabernaculoprensadedios.com\/web\/cuidemonos-del-efecto-pandemia\/#article\",\"isPartOf\":{\"@id\":\"https:\/\/tabernaculoprensadedios.com\/web\/cuidemonos-del-efecto-pandemia\/\"},\"author\":{\"name\":\"Malga\",\"@id\":\"https:\/\/tabernaculoprensadedios.com\/web\/#\/schema\/person\/64ae3a8b2e245c8b8652b1294ca1860a\"},\"headline\":\"Cuid\u00e9monos del \u201cEfecto Pandemia\u201d\",\"datePublished\":\"2020-09-12T02:05:20+00:00\",\"mainEntityOfPage\":{\"@id\":\"https:\/\/tabernaculoprensadedios.com\/web\/cuidemonos-del-efecto-pandemia\/\"},\"wordCount\":774,\"commentCount\":0,\"publisher\":{\"@id\":\"https:\/\/tabernaculoprensadedios.com\/web\/#\/schema\/person\/bc0e069fef56b38e177db6f098ae0b6e\"},\"image\":{\"@id\":\"https:\/\/tabernaculoprensadedios.com\/web\/cuidemonos-del-efecto-pandemia\/#primaryimage\"},\"thumbnailUrl\":\"https:\/\/tabernaculoprensadedios.com\/web\/wp-content\/uploads\/2020\/09\/pandemias.jpg\",\"articleSection\":[\"Articulos\"],\"inLanguage\":\"es\",\"potentialAction\":[{\"@type\":\"CommentAction\",\"name\":\"Comment\",\"target\":[\"https:\/\/tabernaculoprensadedios.com\/web\/cuidemonos-del-efecto-pandemia\/#respond\"]}]},{\"@type\":\"WebPage\",\"@id\":\"https:\/\/tabernaculoprensadedios.com\/web\/cuidemonos-del-efecto-pandemia\/\",\"url\":\"https:\/\/tabernaculoprensadedios.com\/web\/cuidemonos-del-efecto-pandemia\/\",\"name\":\"Cuid\u00e9monos del \u201cEfecto Pandemia\u201d - Tabernaculo Prensa de Dios\",\"isPartOf\":{\"@id\":\"https:\/\/tabernaculoprensadedios.com\/web\/#website\"},\"primaryImageOfPage\":{\"@id\":\"https:\/\/tabernaculoprensadedios.com\/web\/cuidemonos-del-efecto-pandemia\/#primaryimage\"},\"image\":{\"@id\":\"https:\/\/tabernaculoprensadedios.com\/web\/cuidemonos-del-efecto-pandemia\/#primaryimage\"},\"thumbnailUrl\":\"https:\/\/tabernaculoprensadedios.com\/web\/wp-content\/uploads\/2020\/09\/pandemias.jpg\",\"datePublished\":\"2020-09-12T02:05:20+00:00\",\"breadcrumb\":{\"@id\":\"https:\/\/tabernaculoprensadedios.com\/web\/cuidemonos-del-efecto-pandemia\/#breadcrumb\"},\"inLanguage\":\"es\",\"potentialAction\":[{\"@type\":\"ReadAction\",\"target\":[\"https:\/\/tabernaculoprensadedios.com\/web\/cuidemonos-del-efecto-pandemia\/\"]}]},{\"@type\":\"ImageObject\",\"inLanguage\":\"es\",\"@id\":\"https:\/\/tabernaculoprensadedios.com\/web\/cuidemonos-del-efecto-pandemia\/#primaryimage\",\"url\":\"https:\/\/tabernaculoprensadedios.com\/web\/wp-content\/uploads\/2020\/09\/pandemias.jpg\",\"contentUrl\":\"https:\/\/tabernaculoprensadedios.com\/web\/wp-content\/uploads\/2020\/09\/pandemias.jpg\",\"width\":1134,\"height\":480},{\"@type\":\"BreadcrumbList\",\"@id\":\"https:\/\/tabernaculoprensadedios.com\/web\/cuidemonos-del-efecto-pandemia\/#breadcrumb\",\"itemListElement\":[{\"@type\":\"ListItem\",\"position\":1,\"name\":\"Portada\",\"item\":\"https:\/\/tabernaculoprensadedios.com\/web\/\"},{\"@type\":\"ListItem\",\"position\":2,\"name\":\"Cuid\u00e9monos del \u201cEfecto Pandemia\u201d\"}]},{\"@type\":\"WebSite\",\"@id\":\"https:\/\/tabernaculoprensadedios.com\/web\/#website\",\"url\":\"https:\/\/tabernaculoprensadedios.com\/web\/\",\"name\":\"Tabernaculo Prensa de Dios\",\"description\":\"Un medio a la manera de Dios\",\"publisher\":{\"@id\":\"https:\/\/tabernaculoprensadedios.com\/web\/#\/schema\/person\/bc0e069fef56b38e177db6f098ae0b6e\"},\"potentialAction\":[{\"@type\":\"SearchAction\",\"target\":{\"@type\":\"EntryPoint\",\"urlTemplate\":\"https:\/\/tabernaculoprensadedios.com\/web\/?s={search_term_string}\"},\"query-input\":{\"@type\":\"PropertyValueSpecification\",\"valueRequired\":true,\"valueName\":\"search_term_string\"}}],\"inLanguage\":\"es\"},{\"@type\":[\"Person\",\"Organization\"],\"@id\":\"https:\/\/tabernaculoprensadedios.com\/web\/#\/schema\/person\/bc0e069fef56b38e177db6f098ae0b6e\",\"name\":\"tabernaculo\",\"image\":{\"@type\":\"ImageObject\",\"inLanguage\":\"es\",\"@id\":\"https:\/\/tabernaculoprensadedios.com\/web\/#\/schema\/person\/image\/\",\"url\":\"https:\/\/tabernaculoprensadedios.com\/web\/wp-content\/uploads\/2015\/06\/login-logo1.png\",\"contentUrl\":\"https:\/\/tabernaculoprensadedios.com\/web\/wp-content\/uploads\/2015\/06\/login-logo1.png\",\"width\":300,\"height\":118,\"caption\":\"tabernaculo\"},\"logo\":{\"@id\":\"https:\/\/tabernaculoprensadedios.com\/web\/#\/schema\/person\/image\/\"}},{\"@type\":\"Person\",\"@id\":\"https:\/\/tabernaculoprensadedios.com\/web\/#\/schema\/person\/64ae3a8b2e245c8b8652b1294ca1860a\",\"name\":\"Malga\",\"image\":{\"@type\":\"ImageObject\",\"inLanguage\":\"es\",\"@id\":\"https:\/\/tabernaculoprensadedios.com\/web\/#\/schema\/person\/image\/\",\"url\":\"\/\/www.gravatar.com\/avatar\/b06041ad78a6d3dd6b8d5ebf9704448e?s=96&#038;r=g&#038;d=mm\",\"contentUrl\":\"\/\/www.gravatar.com\/avatar\/b06041ad78a6d3dd6b8d5ebf9704448e?s=96&#038;r=g&#038;d=mm\",\"caption\":\"Malga\"},\"url\":\"https:\/\/tabernaculoprensadedios.com\/web\/author\/malga\/\"}]}<\/script>\n<!-- \/ Yoast SEO Premium plugin. -->","yoast_head_json":{"title":"Cuid\u00e9monos del \u201cEfecto Pandemia\u201d - Tabernaculo Prensa de Dios","robots":{"index":"index","follow":"follow","max-snippet":"max-snippet:-1","max-image-preview":"max-image-preview:large","max-video-preview":"max-video-preview:-1"},"canonical":"https:\/\/tabernaculoprensadedios.com\/web\/cuidemonos-del-efecto-pandemia\/","og_locale":"es_ES","og_type":"article","og_title":"Cuid\u00e9monos del \u201cEfecto Pandemia\u201d","og_description":"Estamos a pocos meses de terminar este a\u00f1o 2020, y no hay duda que los efectos de la pandemia podemos verlos reflejados no solamente en la salud de las personas, sino tambi\u00e9n en las finanzas de las familias, en los estudios de nuestros hijos, en el estr\u00e9s y la ansiedad que muchos de nosotros estamos &hellip;","og_url":"https:\/\/tabernaculoprensadedios.com\/web\/cuidemonos-del-efecto-pandemia\/","og_site_name":"Tabernaculo Prensa de Dios","article_published_time":"2020-09-12T02:05:20+00:00","og_image":[{"width":1134,"height":480,"url":"https:\/\/tabernaculoprensadedios.com\/web\/wp-content\/uploads\/2020\/09\/pandemias.jpg","type":"image\/jpeg"}],"author":"Malga","twitter_card":"summary_large_image","twitter_creator":"@PrensadeDios","twitter_site":"@PrensadeDios","twitter_misc":{"Escrito por":"Malga","Tiempo de lectura":"4 minutos"},"schema":{"@context":"https:\/\/schema.org","@graph":[{"@type":"Article","@id":"https:\/\/tabernaculoprensadedios.com\/web\/cuidemonos-del-efecto-pandemia\/#article","isPartOf":{"@id":"https:\/\/tabernaculoprensadedios.com\/web\/cuidemonos-del-efecto-pandemia\/"},"author":{"name":"Malga","@id":"https:\/\/tabernaculoprensadedios.com\/web\/#\/schema\/person\/64ae3a8b2e245c8b8652b1294ca1860a"},"headline":"Cuid\u00e9monos del \u201cEfecto Pandemia\u201d","datePublished":"2020-09-12T02:05:20+00:00","mainEntityOfPage":{"@id":"https:\/\/tabernaculoprensadedios.com\/web\/cuidemonos-del-efecto-pandemia\/"},"wordCount":774,"commentCount":0,"publisher":{"@id":"https:\/\/tabernaculoprensadedios.com\/web\/#\/schema\/person\/bc0e069fef56b38e177db6f098ae0b6e"},"image":{"@id":"https:\/\/tabernaculoprensadedios.com\/web\/cuidemonos-del-efecto-pandemia\/#primaryimage"},"thumbnailUrl":"https:\/\/tabernaculoprensadedios.com\/web\/wp-content\/uploads\/2020\/09\/pandemias.jpg","articleSection":["Articulos"],"inLanguage":"es","potentialAction":[{"@type":"CommentAction","name":"Comment","target":["https:\/\/tabernaculoprensadedios.com\/web\/cuidemonos-del-efecto-pandemia\/#respond"]}]},{"@type":"WebPage","@id":"https:\/\/tabernaculoprensadedios.com\/web\/cuidemonos-del-efecto-pandemia\/","url":"https:\/\/tabernaculoprensadedios.com\/web\/cuidemonos-del-efecto-pandemia\/","name":"Cuid\u00e9monos del \u201cEfecto Pandemia\u201d - Tabernaculo Prensa de Dios","isPartOf":{"@id":"https:\/\/tabernaculoprensadedios.com\/web\/#website"},"primaryImageOfPage":{"@id":"https:\/\/tabernaculoprensadedios.com\/web\/cuidemonos-del-efecto-pandemia\/#primaryimage"},"image":{"@id":"https:\/\/tabernaculoprensadedios.com\/web\/cuidemonos-del-efecto-pandemia\/#primaryimage"},"thumbnailUrl":"https:\/\/tabernaculoprensadedios.com\/web\/wp-content\/uploads\/2020\/09\/pandemias.jpg","datePublished":"2020-09-12T02:05:20+00:00","breadcrumb":{"@id":"https:\/\/tabernaculoprensadedios.com\/web\/cuidemonos-del-efecto-pandemia\/#breadcrumb"},"inLanguage":"es","potentialAction":[{"@type":"ReadAction","target":["https:\/\/tabernaculoprensadedios.com\/web\/cuidemonos-del-efecto-pandemia\/"]}]},{"@type":"ImageObject","inLanguage":"es","@id":"https:\/\/tabernaculoprensadedios.com\/web\/cuidemonos-del-efecto-pandemia\/#primaryimage","url":"https:\/\/tabernaculoprensadedios.com\/web\/wp-content\/uploads\/2020\/09\/pandemias.jpg","contentUrl":"https:\/\/tabernaculoprensadedios.com\/web\/wp-content\/uploads\/2020\/09\/pandemias.jpg","width":1134,"height":480},{"@type":"BreadcrumbList","@id":"https:\/\/tabernaculoprensadedios.com\/web\/cuidemonos-del-efecto-pandemia\/#breadcrumb","itemListElement":[{"@type":"ListItem","position":1,"name":"Portada","item":"https:\/\/tabernaculoprensadedios.com\/web\/"},{"@type":"ListItem","position":2,"name":"Cuid\u00e9monos del \u201cEfecto Pandemia\u201d"}]},{"@type":"WebSite","@id":"https:\/\/tabernaculoprensadedios.com\/web\/#website","url":"https:\/\/tabernaculoprensadedios.com\/web\/","name":"Tabernaculo Prensa de Dios","description":"Un medio a la manera de Dios","publisher":{"@id":"https:\/\/tabernaculoprensadedios.com\/web\/#\/schema\/person\/bc0e069fef56b38e177db6f098ae0b6e"},"potentialAction":[{"@type":"SearchAction","target":{"@type":"EntryPoint","urlTemplate":"https:\/\/tabernaculoprensadedios.com\/web\/?s={search_term_string}"},"query-input":{"@type":"PropertyValueSpecification","valueRequired":true,"valueName":"search_term_string"}}],"inLanguage":"es"},{"@type":["Person","Organization"],"@id":"https:\/\/tabernaculoprensadedios.com\/web\/#\/schema\/person\/bc0e069fef56b38e177db6f098ae0b6e","name":"tabernaculo","image":{"@type":"ImageObject","inLanguage":"es","@id":"https:\/\/tabernaculoprensadedios.com\/web\/#\/schema\/person\/image\/","url":"https:\/\/tabernaculoprensadedios.com\/web\/wp-content\/uploads\/2015\/06\/login-logo1.png","contentUrl":"https:\/\/tabernaculoprensadedios.com\/web\/wp-content\/uploads\/2015\/06\/login-logo1.png","width":300,"height":118,"caption":"tabernaculo"},"logo":{"@id":"https:\/\/tabernaculoprensadedios.com\/web\/#\/schema\/person\/image\/"}},{"@type":"Person","@id":"https:\/\/tabernaculoprensadedios.com\/web\/#\/schema\/person\/64ae3a8b2e245c8b8652b1294ca1860a","name":"Malga","image":{"@type":"ImageObject","inLanguage":"es","@id":"https:\/\/tabernaculoprensadedios.com\/web\/#\/schema\/person\/image\/","url":"\/\/www.gravatar.com\/avatar\/b06041ad78a6d3dd6b8d5ebf9704448e?s=96&#038;r=g&#038;d=mm","contentUrl":"\/\/www.gravatar.com\/avatar\/b06041ad78a6d3dd6b8d5ebf9704448e?s=96&#038;r=g&#038;d=mm","caption":"Malga"},"url":"https:\/\/tabernaculoprensadedios.com\/web\/author\/malga\/"}]}},"_links":{"self":[{"href":"https:\/\/tabernaculoprensadedios.com\/web\/wp-json\/wp\/v2\/posts\/19535","targetHints":{"allow":["GET"]}}],"collection":[{"href":"https:\/\/tabernaculoprensadedios.com\/web\/wp-json\/wp\/v2\/posts"}],"about":[{"href":"https:\/\/tabernaculoprensadedios.com\/web\/wp-json\/wp\/v2\/types\/post"}],"author":[{"embeddable":true,"href":"https:\/\/tabernaculoprensadedios.com\/web\/wp-json\/wp\/v2\/users\/2"}],"replies":[{"embeddable":true,"href":"https:\/\/tabernaculoprensadedios.com\/web\/wp-json\/wp\/v2\/comments?post=19535"}],"version-history":[{"count":1,"href":"https:\/\/tabernaculoprensadedios.com\/web\/wp-json\/wp\/v2\/posts\/19535\/revisions"}],"predecessor-version":[{"id":19537,"href":"https:\/\/tabernaculoprensadedios.com\/web\/wp-json\/wp\/v2\/posts\/19535\/revisions\/19537"}],"wp:featuredmedia":[{"embeddable":true,"href":"https:\/\/tabernaculoprensadedios.com\/web\/wp-json\/wp\/v2\/media\/19536"}],"wp:attachment":[{"href":"https:\/\/tabernaculoprensadedios.com\/web\/wp-json\/wp\/v2\/media?parent=19535"}],"wp:term":[{"taxonomy":"category","embeddable":true,"href":"https:\/\/tabernaculoprensadedios.com\/web\/wp-json\/wp\/v2\/categories?post=19535"},{"taxonomy":"post_tag","embeddable":true,"href":"https:\/\/tabernaculoprensadedios.com\/web\/wp-json\/wp\/v2\/tags?post=19535"}],"curies":[{"name":"wp","href":"https:\/\/api.w.org\/{rel}","templated":true}]}}