{"id":19410,"date":"2020-08-31T16:00:53","date_gmt":"2020-08-31T16:00:53","guid":{"rendered":"http:\/\/tabernaculoprensadedios.com\/web\/?p=19410"},"modified":"2020-08-31T17:14:16","modified_gmt":"2020-08-31T17:14:16","slug":"las-deudas-no-deben-comer-primero","status":"publish","type":"post","link":"https:\/\/tabernaculoprensadedios.com\/web\/las-deudas-no-deben-comer-primero\/","title":{"rendered":"Las deudas no deben comer primero"},"content":{"rendered":"<p>Estamos en un periodo convulso. Creo que nadie, en diciembre del a\u00f1o pasado, cuando brindaba por el a\u00f1o nuevo, pensaba que el 2020 iba a ser tan abigarrado en hechos y en dolores y destrucci\u00f3n.<\/p>\n<p>Cada mes ha tra\u00eddo su complicaci\u00f3n. Millones han muerto, millones han quedado con secuelas permanentes en su salud, otros tantos han\u00a0 quedado sin empleo, sin ahorros, sufriendo una quiebra virtual.<\/p>\n<p>Las deudas tienen el odioso h\u00e1bito de que su pago es imprescindible, y m\u00e1s si el acreedor es un banco. Dado que no se han dado muchas facilidades a la poblaci\u00f3n y muchas personas han perdido sus empleos o un fuerte porcentaje de sus ingresos, muchas personas est\u00e1n cayendo en atrasos o default de deudas (impagos financieros).<\/p>\n<p>Muchas personas han dedicado mucho dinero en alimentar sus familias, pero todos los servicios y la misma comida han ido aumentando de precio y todo pr\u00e9stamo sigue ah\u00ed, aumentando a golpe de inter\u00e9s, mora, recargos.<\/p>\n<p>Estos tiempos requieren que el estado, el sector financiero y los consumidores se sinceren buscando medidas que ayuden a los sectores involucrados. Hubo un atisbo de esto con las medidas tomadas en abril, pero la crisis se ha profundizado. Yo veo una posible medida suprimir pago de intereses a tarjetas de cr\u00e9dito y pr\u00e9stamos, y la posibilidad de renegociar sus deudas, reduciendo el monto de sus cuotas, aunque paguen mayor cantidad de cuotas en el pago. esto no creo que las entidades de intermediaci\u00f3n financiera lo vean del todo mal, ya que le permite seguir cobrando deudas, y los usuarios pueden seguir pagando.<\/p>\n<p>Recordemos que esta situaci\u00f3n tomar\u00e1 su tiempo, pero que se har\u00e1 m\u00e1s llevadera si todos nos ayudamos entre si. ya cuando todo se regule, podemos volver a medidas normales , pero ahora podemos estar ante una situaci\u00f3n de impago generalizado, y el hecho que haya muchos pr\u00e9stamos incobrables va afectando la econom\u00eda del banco, hasta fundirlo.<\/p>\n<p>Por ello, insisto, necesitamos un punto medio que permita que los bancos sigan funcionando y que los usuarios tengan liquidez y puedan seguir cumpliendo. Exhorto a las nuevas autoridades a que implementen medidas de este tipo , ya que redundar\u00e1 en un mayor crecimiento econ\u00f3mico cuando regresemos a alg\u00fan tipo de normalidad.<\/p>\n","protected":false},"excerpt":{"rendered":"<p>Estamos en un periodo convulso. Creo que nadie, en diciembre del a\u00f1o pasado, cuando brindaba por el a\u00f1o nuevo, pensaba que el 2020 iba a ser tan abigarrado en hechos y en dolores y destrucci\u00f3n. Cada mes ha tra\u00eddo su complicaci\u00f3n. Millones han muerto, millones han quedado con secuelas permanentes en su salud, otros tantos &hellip;<\/p>\n","protected":false},"author":1,"featured_media":17524,"comment_status":"open","ping_status":"open","sticky":false,"template":"","format":"standard","meta":{"footnotes":""},"categories":[34,31],"tags":[],"class_list":["post-19410","post","type-post","status-publish","format-standard","has-post-thumbnail","hentry","category-articulos","category-politica"],"yoast_head":"<!-- This site is optimized with the Yoast SEO Premium plugin v24.2 (Yoast SEO v27.1.1) - https:\/\/yoast.com\/product\/yoast-seo-premium-wordpress\/ -->\n<title>Las deudas no deben comer primero - Tabernaculo Prensa de Dios<\/title>\n<meta name=\"robots\" content=\"index, follow, max-snippet:-1, max-image-preview:large, max-video-preview:-1\" \/>\n<link rel=\"canonical\" href=\"https:\/\/tabernaculoprensadedios.com\/web\/las-deudas-no-deben-comer-primero\/\" class=\"yoast-seo-meta-tag\" \/>\n<meta property=\"og:locale\" content=\"es_ES\" class=\"yoast-seo-meta-tag\" \/>\n<meta property=\"og:type\" content=\"article\" class=\"yoast-seo-meta-tag\" \/>\n<meta property=\"og:title\" content=\"Las deudas no deben comer primero\" class=\"yoast-seo-meta-tag\" \/>\n<meta property=\"og:description\" content=\"Estamos en un periodo convulso. Creo que nadie, en diciembre del a\u00f1o pasado, cuando brindaba por el a\u00f1o nuevo, pensaba que el 2020 iba a ser tan abigarrado en hechos y en dolores y destrucci\u00f3n. Cada mes ha tra\u00eddo su complicaci\u00f3n. Millones han muerto, millones han quedado con secuelas permanentes en su salud, otros tantos &hellip;\" class=\"yoast-seo-meta-tag\" \/>\n<meta property=\"og:url\" content=\"https:\/\/tabernaculoprensadedios.com\/web\/las-deudas-no-deben-comer-primero\/\" class=\"yoast-seo-meta-tag\" \/>\n<meta property=\"og:site_name\" content=\"Tabernaculo Prensa de Dios\" class=\"yoast-seo-meta-tag\" \/>\n<meta property=\"article:published_time\" content=\"2020-08-31T16:00:53+00:00\" class=\"yoast-seo-meta-tag\" \/>\n<meta property=\"article:modified_time\" content=\"2020-08-31T17:14:16+00:00\" class=\"yoast-seo-meta-tag\" \/>\n<meta property=\"og:image\" content=\"https:\/\/tabernaculoprensadedios.com\/web\/wp-content\/uploads\/2020\/03\/Nestor_Juan_Savinon_Portorreal_2013_1.jpg\" class=\"yoast-seo-meta-tag\" \/>\n\t<meta property=\"og:image:width\" content=\"800\" class=\"yoast-seo-meta-tag\" \/>\n\t<meta property=\"og:image:height\" content=\"714\" class=\"yoast-seo-meta-tag\" \/>\n\t<meta property=\"og:image:type\" content=\"image\/jpeg\" class=\"yoast-seo-meta-tag\" \/>\n<meta name=\"author\" content=\"tabernaculo\" class=\"yoast-seo-meta-tag\" \/>\n<meta name=\"twitter:card\" content=\"summary_large_image\" class=\"yoast-seo-meta-tag\" \/>\n<meta name=\"twitter:creator\" content=\"@PrensadeDios\" class=\"yoast-seo-meta-tag\" \/>\n<meta name=\"twitter:site\" content=\"@PrensadeDios\" class=\"yoast-seo-meta-tag\" \/>\n<meta name=\"twitter:label1\" content=\"Escrito por\" class=\"yoast-seo-meta-tag\" \/>\n\t<meta name=\"twitter:data1\" content=\"tabernaculo\" class=\"yoast-seo-meta-tag\" \/>\n\t<meta name=\"twitter:label2\" content=\"Tiempo de lectura\" class=\"yoast-seo-meta-tag\" \/>\n\t<meta name=\"twitter:data2\" content=\"2 minutos\" class=\"yoast-seo-meta-tag\" \/>\n<script type=\"application\/ld+json\" class=\"yoast-schema-graph\">{\"@context\":\"https:\/\/schema.org\",\"@graph\":[{\"@type\":\"Article\",\"@id\":\"https:\/\/tabernaculoprensadedios.com\/web\/las-deudas-no-deben-comer-primero\/#article\",\"isPartOf\":{\"@id\":\"https:\/\/tabernaculoprensadedios.com\/web\/las-deudas-no-deben-comer-primero\/\"},\"author\":{\"name\":\"tabernaculo\",\"@id\":\"https:\/\/tabernaculoprensadedios.com\/web\/#\/schema\/person\/bc0e069fef56b38e177db6f098ae0b6e\"},\"headline\":\"Las deudas no deben comer primero\",\"datePublished\":\"2020-08-31T16:00:53+00:00\",\"dateModified\":\"2020-08-31T17:14:16+00:00\",\"mainEntityOfPage\":{\"@id\":\"https:\/\/tabernaculoprensadedios.com\/web\/las-deudas-no-deben-comer-primero\/\"},\"wordCount\":392,\"commentCount\":0,\"publisher\":{\"@id\":\"https:\/\/tabernaculoprensadedios.com\/web\/#\/schema\/person\/bc0e069fef56b38e177db6f098ae0b6e\"},\"image\":{\"@id\":\"https:\/\/tabernaculoprensadedios.com\/web\/las-deudas-no-deben-comer-primero\/#primaryimage\"},\"thumbnailUrl\":\"https:\/\/tabernaculoprensadedios.com\/web\/wp-content\/uploads\/2020\/03\/Nestor_Juan_Savinon_Portorreal_2013_1.jpg\",\"articleSection\":[\"Articulos\",\"Politica\"],\"inLanguage\":\"es\",\"potentialAction\":[{\"@type\":\"CommentAction\",\"name\":\"Comment\",\"target\":[\"https:\/\/tabernaculoprensadedios.com\/web\/las-deudas-no-deben-comer-primero\/#respond\"]}]},{\"@type\":\"WebPage\",\"@id\":\"https:\/\/tabernaculoprensadedios.com\/web\/las-deudas-no-deben-comer-primero\/\",\"url\":\"https:\/\/tabernaculoprensadedios.com\/web\/las-deudas-no-deben-comer-primero\/\",\"name\":\"Las deudas no deben comer primero - Tabernaculo Prensa de Dios\",\"isPartOf\":{\"@id\":\"https:\/\/tabernaculoprensadedios.com\/web\/#website\"},\"primaryImageOfPage\":{\"@id\":\"https:\/\/tabernaculoprensadedios.com\/web\/las-deudas-no-deben-comer-primero\/#primaryimage\"},\"image\":{\"@id\":\"https:\/\/tabernaculoprensadedios.com\/web\/las-deudas-no-deben-comer-primero\/#primaryimage\"},\"thumbnailUrl\":\"https:\/\/tabernaculoprensadedios.com\/web\/wp-content\/uploads\/2020\/03\/Nestor_Juan_Savinon_Portorreal_2013_1.jpg\",\"datePublished\":\"2020-08-31T16:00:53+00:00\",\"dateModified\":\"2020-08-31T17:14:16+00:00\",\"breadcrumb\":{\"@id\":\"https:\/\/tabernaculoprensadedios.com\/web\/las-deudas-no-deben-comer-primero\/#breadcrumb\"},\"inLanguage\":\"es\",\"potentialAction\":[{\"@type\":\"ReadAction\",\"target\":[\"https:\/\/tabernaculoprensadedios.com\/web\/las-deudas-no-deben-comer-primero\/\"]}]},{\"@type\":\"ImageObject\",\"inLanguage\":\"es\",\"@id\":\"https:\/\/tabernaculoprensadedios.com\/web\/las-deudas-no-deben-comer-primero\/#primaryimage\",\"url\":\"https:\/\/tabernaculoprensadedios.com\/web\/wp-content\/uploads\/2020\/03\/Nestor_Juan_Savinon_Portorreal_2013_1.jpg\",\"contentUrl\":\"https:\/\/tabernaculoprensadedios.com\/web\/wp-content\/uploads\/2020\/03\/Nestor_Juan_Savinon_Portorreal_2013_1.jpg\",\"width\":800,\"height\":714},{\"@type\":\"BreadcrumbList\",\"@id\":\"https:\/\/tabernaculoprensadedios.com\/web\/las-deudas-no-deben-comer-primero\/#breadcrumb\",\"itemListElement\":[{\"@type\":\"ListItem\",\"position\":1,\"name\":\"Portada\",\"item\":\"https:\/\/tabernaculoprensadedios.com\/web\/\"},{\"@type\":\"ListItem\",\"position\":2,\"name\":\"Las deudas no deben comer primero\"}]},{\"@type\":\"WebSite\",\"@id\":\"https:\/\/tabernaculoprensadedios.com\/web\/#website\",\"url\":\"https:\/\/tabernaculoprensadedios.com\/web\/\",\"name\":\"Tabernaculo Prensa de Dios\",\"description\":\"Un medio a la manera de Dios\",\"publisher\":{\"@id\":\"https:\/\/tabernaculoprensadedios.com\/web\/#\/schema\/person\/bc0e069fef56b38e177db6f098ae0b6e\"},\"potentialAction\":[{\"@type\":\"SearchAction\",\"target\":{\"@type\":\"EntryPoint\",\"urlTemplate\":\"https:\/\/tabernaculoprensadedios.com\/web\/?s={search_term_string}\"},\"query-input\":{\"@type\":\"PropertyValueSpecification\",\"valueRequired\":true,\"valueName\":\"search_term_string\"}}],\"inLanguage\":\"es\"},{\"@type\":[\"Person\",\"Organization\"],\"@id\":\"https:\/\/tabernaculoprensadedios.com\/web\/#\/schema\/person\/bc0e069fef56b38e177db6f098ae0b6e\",\"name\":\"tabernaculo\",\"image\":{\"@type\":\"ImageObject\",\"inLanguage\":\"es\",\"@id\":\"https:\/\/tabernaculoprensadedios.com\/web\/#\/schema\/person\/image\/\",\"url\":\"https:\/\/tabernaculoprensadedios.com\/web\/wp-content\/uploads\/2015\/06\/login-logo1.png\",\"contentUrl\":\"https:\/\/tabernaculoprensadedios.com\/web\/wp-content\/uploads\/2015\/06\/login-logo1.png\",\"width\":300,\"height\":118,\"caption\":\"tabernaculo\"},\"logo\":{\"@id\":\"https:\/\/tabernaculoprensadedios.com\/web\/#\/schema\/person\/image\/\"},\"url\":\"https:\/\/tabernaculoprensadedios.com\/web\/author\/tabernaculo\/\"}]}<\/script>\n<!-- \/ Yoast SEO Premium plugin. -->","yoast_head_json":{"title":"Las deudas no deben comer primero - Tabernaculo Prensa de Dios","robots":{"index":"index","follow":"follow","max-snippet":"max-snippet:-1","max-image-preview":"max-image-preview:large","max-video-preview":"max-video-preview:-1"},"canonical":"https:\/\/tabernaculoprensadedios.com\/web\/las-deudas-no-deben-comer-primero\/","og_locale":"es_ES","og_type":"article","og_title":"Las deudas no deben comer primero","og_description":"Estamos en un periodo convulso. Creo que nadie, en diciembre del a\u00f1o pasado, cuando brindaba por el a\u00f1o nuevo, pensaba que el 2020 iba a ser tan abigarrado en hechos y en dolores y destrucci\u00f3n. Cada mes ha tra\u00eddo su complicaci\u00f3n. Millones han muerto, millones han quedado con secuelas permanentes en su salud, otros tantos &hellip;","og_url":"https:\/\/tabernaculoprensadedios.com\/web\/las-deudas-no-deben-comer-primero\/","og_site_name":"Tabernaculo Prensa de Dios","article_published_time":"2020-08-31T16:00:53+00:00","article_modified_time":"2020-08-31T17:14:16+00:00","og_image":[{"width":800,"height":714,"url":"https:\/\/tabernaculoprensadedios.com\/web\/wp-content\/uploads\/2020\/03\/Nestor_Juan_Savinon_Portorreal_2013_1.jpg","type":"image\/jpeg"}],"author":"tabernaculo","twitter_card":"summary_large_image","twitter_creator":"@PrensadeDios","twitter_site":"@PrensadeDios","twitter_misc":{"Escrito por":"tabernaculo","Tiempo de lectura":"2 minutos"},"schema":{"@context":"https:\/\/schema.org","@graph":[{"@type":"Article","@id":"https:\/\/tabernaculoprensadedios.com\/web\/las-deudas-no-deben-comer-primero\/#article","isPartOf":{"@id":"https:\/\/tabernaculoprensadedios.com\/web\/las-deudas-no-deben-comer-primero\/"},"author":{"name":"tabernaculo","@id":"https:\/\/tabernaculoprensadedios.com\/web\/#\/schema\/person\/bc0e069fef56b38e177db6f098ae0b6e"},"headline":"Las deudas no deben comer primero","datePublished":"2020-08-31T16:00:53+00:00","dateModified":"2020-08-31T17:14:16+00:00","mainEntityOfPage":{"@id":"https:\/\/tabernaculoprensadedios.com\/web\/las-deudas-no-deben-comer-primero\/"},"wordCount":392,"commentCount":0,"publisher":{"@id":"https:\/\/tabernaculoprensadedios.com\/web\/#\/schema\/person\/bc0e069fef56b38e177db6f098ae0b6e"},"image":{"@id":"https:\/\/tabernaculoprensadedios.com\/web\/las-deudas-no-deben-comer-primero\/#primaryimage"},"thumbnailUrl":"https:\/\/tabernaculoprensadedios.com\/web\/wp-content\/uploads\/2020\/03\/Nestor_Juan_Savinon_Portorreal_2013_1.jpg","articleSection":["Articulos","Politica"],"inLanguage":"es","potentialAction":[{"@type":"CommentAction","name":"Comment","target":["https:\/\/tabernaculoprensadedios.com\/web\/las-deudas-no-deben-comer-primero\/#respond"]}]},{"@type":"WebPage","@id":"https:\/\/tabernaculoprensadedios.com\/web\/las-deudas-no-deben-comer-primero\/","url":"https:\/\/tabernaculoprensadedios.com\/web\/las-deudas-no-deben-comer-primero\/","name":"Las deudas no deben comer primero - Tabernaculo Prensa de Dios","isPartOf":{"@id":"https:\/\/tabernaculoprensadedios.com\/web\/#website"},"primaryImageOfPage":{"@id":"https:\/\/tabernaculoprensadedios.com\/web\/las-deudas-no-deben-comer-primero\/#primaryimage"},"image":{"@id":"https:\/\/tabernaculoprensadedios.com\/web\/las-deudas-no-deben-comer-primero\/#primaryimage"},"thumbnailUrl":"https:\/\/tabernaculoprensadedios.com\/web\/wp-content\/uploads\/2020\/03\/Nestor_Juan_Savinon_Portorreal_2013_1.jpg","datePublished":"2020-08-31T16:00:53+00:00","dateModified":"2020-08-31T17:14:16+00:00","breadcrumb":{"@id":"https:\/\/tabernaculoprensadedios.com\/web\/las-deudas-no-deben-comer-primero\/#breadcrumb"},"inLanguage":"es","potentialAction":[{"@type":"ReadAction","target":["https:\/\/tabernaculoprensadedios.com\/web\/las-deudas-no-deben-comer-primero\/"]}]},{"@type":"ImageObject","inLanguage":"es","@id":"https:\/\/tabernaculoprensadedios.com\/web\/las-deudas-no-deben-comer-primero\/#primaryimage","url":"https:\/\/tabernaculoprensadedios.com\/web\/wp-content\/uploads\/2020\/03\/Nestor_Juan_Savinon_Portorreal_2013_1.jpg","contentUrl":"https:\/\/tabernaculoprensadedios.com\/web\/wp-content\/uploads\/2020\/03\/Nestor_Juan_Savinon_Portorreal_2013_1.jpg","width":800,"height":714},{"@type":"BreadcrumbList","@id":"https:\/\/tabernaculoprensadedios.com\/web\/las-deudas-no-deben-comer-primero\/#breadcrumb","itemListElement":[{"@type":"ListItem","position":1,"name":"Portada","item":"https:\/\/tabernaculoprensadedios.com\/web\/"},{"@type":"ListItem","position":2,"name":"Las deudas no deben comer primero"}]},{"@type":"WebSite","@id":"https:\/\/tabernaculoprensadedios.com\/web\/#website","url":"https:\/\/tabernaculoprensadedios.com\/web\/","name":"Tabernaculo Prensa de Dios","description":"Un medio a la manera de Dios","publisher":{"@id":"https:\/\/tabernaculoprensadedios.com\/web\/#\/schema\/person\/bc0e069fef56b38e177db6f098ae0b6e"},"potentialAction":[{"@type":"SearchAction","target":{"@type":"EntryPoint","urlTemplate":"https:\/\/tabernaculoprensadedios.com\/web\/?s={search_term_string}"},"query-input":{"@type":"PropertyValueSpecification","valueRequired":true,"valueName":"search_term_string"}}],"inLanguage":"es"},{"@type":["Person","Organization"],"@id":"https:\/\/tabernaculoprensadedios.com\/web\/#\/schema\/person\/bc0e069fef56b38e177db6f098ae0b6e","name":"tabernaculo","image":{"@type":"ImageObject","inLanguage":"es","@id":"https:\/\/tabernaculoprensadedios.com\/web\/#\/schema\/person\/image\/","url":"https:\/\/tabernaculoprensadedios.com\/web\/wp-content\/uploads\/2015\/06\/login-logo1.png","contentUrl":"https:\/\/tabernaculoprensadedios.com\/web\/wp-content\/uploads\/2015\/06\/login-logo1.png","width":300,"height":118,"caption":"tabernaculo"},"logo":{"@id":"https:\/\/tabernaculoprensadedios.com\/web\/#\/schema\/person\/image\/"},"url":"https:\/\/tabernaculoprensadedios.com\/web\/author\/tabernaculo\/"}]}},"_links":{"self":[{"href":"https:\/\/tabernaculoprensadedios.com\/web\/wp-json\/wp\/v2\/posts\/19410","targetHints":{"allow":["GET"]}}],"collection":[{"href":"https:\/\/tabernaculoprensadedios.com\/web\/wp-json\/wp\/v2\/posts"}],"about":[{"href":"https:\/\/tabernaculoprensadedios.com\/web\/wp-json\/wp\/v2\/types\/post"}],"author":[{"embeddable":true,"href":"https:\/\/tabernaculoprensadedios.com\/web\/wp-json\/wp\/v2\/users\/1"}],"replies":[{"embeddable":true,"href":"https:\/\/tabernaculoprensadedios.com\/web\/wp-json\/wp\/v2\/comments?post=19410"}],"version-history":[{"count":1,"href":"https:\/\/tabernaculoprensadedios.com\/web\/wp-json\/wp\/v2\/posts\/19410\/revisions"}],"predecessor-version":[{"id":19411,"href":"https:\/\/tabernaculoprensadedios.com\/web\/wp-json\/wp\/v2\/posts\/19410\/revisions\/19411"}],"wp:featuredmedia":[{"embeddable":true,"href":"https:\/\/tabernaculoprensadedios.com\/web\/wp-json\/wp\/v2\/media\/17524"}],"wp:attachment":[{"href":"https:\/\/tabernaculoprensadedios.com\/web\/wp-json\/wp\/v2\/media?parent=19410"}],"wp:term":[{"taxonomy":"category","embeddable":true,"href":"https:\/\/tabernaculoprensadedios.com\/web\/wp-json\/wp\/v2\/categories?post=19410"},{"taxonomy":"post_tag","embeddable":true,"href":"https:\/\/tabernaculoprensadedios.com\/web\/wp-json\/wp\/v2\/tags?post=19410"}],"curies":[{"name":"wp","href":"https:\/\/api.w.org\/{rel}","templated":true}]}}