{"id":19286,"date":"2020-08-21T01:17:35","date_gmt":"2020-08-21T01:17:35","guid":{"rendered":"http:\/\/tabernaculoprensadedios.com\/web\/?p=19286"},"modified":"2020-08-21T01:17:35","modified_gmt":"2020-08-21T01:17:35","slug":"activemos-nuestra-fe","status":"publish","type":"post","link":"https:\/\/tabernaculoprensadedios.com\/web\/activemos-nuestra-fe\/","title":{"rendered":"Activemos nuestra Fe"},"content":{"rendered":"<p><strong><em>Ustedes no tienen la fe suficiente \u2014les dijo Jes\u00fas\u2014. Les digo la verdad, si tuvieran fe, aunque fuera tan peque\u00f1a como una semilla de mostaza, podr\u00edan decirle a esta monta\u00f1a: \u201cMu\u00e9vete de aqu\u00ed hasta all\u00e1\u201d, y la monta\u00f1a se mover\u00eda. Nada ser\u00eda imposible. Mateo 17:20<\/em><\/strong><\/p>\n<p>Escucho al Esp\u00edritu del Se\u00f1or decir: \u201cEst\u00e1n entrando en una temporada de sustancia para su vida. Las cosas que han esperado con paciencia est\u00e1n a punto de manifestarse ante sus ojos. Lo que han esperado se cumplir\u00e1 por causa de la medida de fe que Yo he puesto en su interior. Mientras sueltan su fe a trav\u00e9s de sus palabras y declaraciones prof\u00e9ticas, Mi poder producir\u00e1 un avance explosivo en su vida\u201d<\/p>\n<p><strong>Hebreos 6:14-15<\/strong>\u00a0Y dijo: \u201cTe bendecir\u00e9 en gran manera y multiplicar\u00e9 tu descendencia\u201d Y as\u00ed, despu\u00e9s de esperar con paciencia, Abraham recibi\u00f3 lo que se le hab\u00eda prometido.<\/p>\n<p><strong>LA FE LIBERA LO SOBRENATURAL<\/strong><\/p>\n<p>\u201cMuchas cosas se han visto demoradas. Ha habido duda y temor que han tratado de desanimarlos y plantar mentiras en su cabeza. Pero Yo les digo que ciertamente cumplir\u00e9 Mis promesas para su vida. Yo no soy hombre para mentir, ni hijo de hombre para arrepentirme. Yo Soy el Se\u00f1or su Dios y estoy obrando incluso ahora en su vida. Las interrupciones divinas en su vida fueron para su protecci\u00f3n. Conozcan lo que viene de M\u00ed y lo que no viene de Mi. De m\u00ed no sale nada malo, es el enemigo el que viene a robar, matar y destruir. Yo he venido para que tengan vida en abundancia. (Juan 10:10)<\/p>\n<p><strong>Hebreos 6:12<\/strong>\u00a0No sean perezosos; m\u00e1s bien, imiten a quienes por su fe y paciencia heredan las promesas.<\/p>\n<p><strong>MIENTRAS LO HABLEN, LO TENDRAN<\/strong><\/p>\n<p><strong>Hebreos 11:3<\/strong>\u00a0Por la fe entendemos que el universo fue formado por la palabra de Dios, de modo que lo visible no provino de lo que se ve.<\/p>\n<p>Sus palabras est\u00e1n enmarcando Su futuro. \u00abA medida que comienzan a declarar y decretar Mis promesas para ustedes comenzar\u00e1n a ver que sus palabras se convierten en acciones y producen los resultados que desean. Lo invisible est\u00e1 a punto de hacerse visible. Lo imposible est\u00e1 a punto de hacerse posible. Los milagros est\u00e1n a punto de manifestarse ante sus ojos. S\u00f3lo crean y hablen por fe, y Yo har\u00e9 el resto, dice el Se\u00f1or \u00ab.<\/p>\n<p><strong>2 corintios 4:13<\/strong>\u00a0Pero teniendo el mismo esp\u00edritu de fe, seg\u00fan lo que est\u00e1 escrito: Cre\u00ed, por tanto, habl\u00e9, nosotros tambi\u00e9n creemos, por lo cual tambi\u00e9n hablamos;<\/p>\n<p><strong>FINANZAS ESTAN SIENDO LIBERADAS<\/strong><\/p>\n<p>\u00abYo estoy liberando finanzas sobrenaturales en esta hora. M\u00e1s que suficiente para satisfacer todas sus necesidades e incluso para tener las cosas que desean. Yo los estoy catapultando a nuevos niveles de prosperidad y una comprensi\u00f3n m\u00e1s profunda de lo que significa la liberaci\u00f3n de las riquezas del Reino y c\u00f3mo operar en ellas. En esta temporada, presten atenci\u00f3n d\u00f3nde plantan sus semillas. Presten atenci\u00f3n d\u00f3nde diezman. Prueben el suelo y donde vea cosecha es donde Yo los he llamado a asociarse. Muchos no han visto un gran avance financiero porque ellos est\u00e1n comi\u00e9ndose sus semillas o sembr\u00e1ndolas en un terreno pedregoso donde no hay evidencia de Mi poder. Puede ser que me haya movido all\u00ed alguna vez, pero Yo estoy haciendo algo nuevo. Mant\u00e9ngase conectados a donde fluye Mi unci\u00f3n y a aquellos que est\u00e1n estableciendo Mi Reino por lo prof\u00e9tico y por lo sobrenatural\u201d (Ren\u00e9 Picota)<\/p>\n<p><strong>Mateo 13:1-9<\/strong>\u00a0Ese mismo d\u00eda sali\u00f3 Jes\u00fas de la casa y se sent\u00f3 junto al lago. Era tal la multitud que se reuni\u00f3 para verlo que \u00e9l tuvo que subir a una barca donde se sent\u00f3 mientras toda la gente estaba de pie en la orilla. Y les dijo en par\u00e1bolas muchas cosas como estas: \u00abUn sembrador sali\u00f3 a sembrar. Mientras iba esparciendo la semilla, una parte cay\u00f3 junto al camino, y llegaron los p\u00e1jaros y se la comieron. Otra parte cay\u00f3 en terreno pedregoso, sin mucha tierra. Esa semilla brot\u00f3 pronto porque la tierra no era profunda; pero, cuando sali\u00f3 el sol, las plantas se marchitaron y, por no tener ra\u00edz, se secaron. Otra parte de la semilla cay\u00f3 entre espinos que, al crecer, la ahogaron. Pero las otras semillas cayeron en buen terreno, en el que se dio una cosecha que rindi\u00f3 treinta, sesenta y hasta cien veces m\u00e1s de lo que se hab\u00eda sembrado. El que tenga o\u00eddos, que oiga.<\/p>\n<p>Con amor y oraciones,<\/p>\n","protected":false},"excerpt":{"rendered":"<p>Ustedes no tienen la fe suficiente \u2014les dijo Jes\u00fas\u2014. Les digo la verdad, si tuvieran fe, aunque fuera tan peque\u00f1a como una semilla de mostaza, podr\u00edan decirle a esta monta\u00f1a: \u201cMu\u00e9vete de aqu\u00ed hasta all\u00e1\u201d, y la monta\u00f1a se mover\u00eda. Nada ser\u00eda imposible. Mateo 17:20 Escucho al Esp\u00edritu del Se\u00f1or decir: \u201cEst\u00e1n entrando en una &hellip;<\/p>\n","protected":false},"author":2,"featured_media":19287,"comment_status":"open","ping_status":"open","sticky":false,"template":"","format":"standard","meta":{"footnotes":""},"categories":[34],"tags":[],"class_list":["post-19286","post","type-post","status-publish","format-standard","has-post-thumbnail","hentry","category-articulos"],"yoast_head":"<!-- This site is optimized with the Yoast SEO Premium plugin v24.2 (Yoast SEO v27.1.1) - https:\/\/yoast.com\/product\/yoast-seo-premium-wordpress\/ -->\n<title>Activemos nuestra Fe - Tabernaculo Prensa de Dios<\/title>\n<meta name=\"robots\" content=\"index, follow, max-snippet:-1, max-image-preview:large, max-video-preview:-1\" \/>\n<link rel=\"canonical\" href=\"https:\/\/tabernaculoprensadedios.com\/web\/activemos-nuestra-fe\/\" class=\"yoast-seo-meta-tag\" \/>\n<meta property=\"og:locale\" content=\"es_ES\" class=\"yoast-seo-meta-tag\" \/>\n<meta property=\"og:type\" content=\"article\" class=\"yoast-seo-meta-tag\" \/>\n<meta property=\"og:title\" content=\"Activemos nuestra Fe\" class=\"yoast-seo-meta-tag\" \/>\n<meta property=\"og:description\" content=\"Ustedes no tienen la fe suficiente \u2014les dijo Jes\u00fas\u2014. Les digo la verdad, si tuvieran fe, aunque fuera tan peque\u00f1a como una semilla de mostaza, podr\u00edan decirle a esta monta\u00f1a: \u201cMu\u00e9vete de aqu\u00ed hasta all\u00e1\u201d, y la monta\u00f1a se mover\u00eda. Nada ser\u00eda imposible. Mateo 17:20 Escucho al Esp\u00edritu del Se\u00f1or decir: \u201cEst\u00e1n entrando en una &hellip;\" class=\"yoast-seo-meta-tag\" \/>\n<meta property=\"og:url\" content=\"https:\/\/tabernaculoprensadedios.com\/web\/activemos-nuestra-fe\/\" class=\"yoast-seo-meta-tag\" \/>\n<meta property=\"og:site_name\" content=\"Tabernaculo Prensa de Dios\" class=\"yoast-seo-meta-tag\" \/>\n<meta property=\"article:published_time\" content=\"2020-08-21T01:17:35+00:00\" class=\"yoast-seo-meta-tag\" \/>\n<meta property=\"og:image\" content=\"https:\/\/tabernaculoprensadedios.com\/web\/wp-content\/uploads\/2020\/08\/fotografia-cenital-biblia-abierta-camino-madera-cerca-costa-arenosa-plantas_181624-7805.jpg\" class=\"yoast-seo-meta-tag\" \/>\n\t<meta property=\"og:image:width\" content=\"626\" class=\"yoast-seo-meta-tag\" \/>\n\t<meta property=\"og:image:height\" content=\"417\" class=\"yoast-seo-meta-tag\" \/>\n\t<meta property=\"og:image:type\" content=\"image\/jpeg\" class=\"yoast-seo-meta-tag\" \/>\n<meta name=\"author\" content=\"Malga\" class=\"yoast-seo-meta-tag\" \/>\n<meta name=\"twitter:card\" content=\"summary_large_image\" class=\"yoast-seo-meta-tag\" \/>\n<meta name=\"twitter:creator\" content=\"@PrensadeDios\" class=\"yoast-seo-meta-tag\" \/>\n<meta name=\"twitter:site\" content=\"@PrensadeDios\" class=\"yoast-seo-meta-tag\" \/>\n<meta name=\"twitter:label1\" content=\"Escrito por\" class=\"yoast-seo-meta-tag\" \/>\n\t<meta name=\"twitter:data1\" content=\"Malga\" class=\"yoast-seo-meta-tag\" \/>\n\t<meta name=\"twitter:label2\" content=\"Tiempo de lectura\" class=\"yoast-seo-meta-tag\" \/>\n\t<meta name=\"twitter:data2\" content=\"4 minutos\" class=\"yoast-seo-meta-tag\" \/>\n<script type=\"application\/ld+json\" class=\"yoast-schema-graph\">{\"@context\":\"https:\/\/schema.org\",\"@graph\":[{\"@type\":\"Article\",\"@id\":\"https:\/\/tabernaculoprensadedios.com\/web\/activemos-nuestra-fe\/#article\",\"isPartOf\":{\"@id\":\"https:\/\/tabernaculoprensadedios.com\/web\/activemos-nuestra-fe\/\"},\"author\":{\"name\":\"Malga\",\"@id\":\"https:\/\/tabernaculoprensadedios.com\/web\/#\/schema\/person\/64ae3a8b2e245c8b8652b1294ca1860a\"},\"headline\":\"Activemos nuestra Fe\",\"datePublished\":\"2020-08-21T01:17:35+00:00\",\"mainEntityOfPage\":{\"@id\":\"https:\/\/tabernaculoprensadedios.com\/web\/activemos-nuestra-fe\/\"},\"wordCount\":781,\"commentCount\":0,\"publisher\":{\"@id\":\"https:\/\/tabernaculoprensadedios.com\/web\/#\/schema\/person\/bc0e069fef56b38e177db6f098ae0b6e\"},\"image\":{\"@id\":\"https:\/\/tabernaculoprensadedios.com\/web\/activemos-nuestra-fe\/#primaryimage\"},\"thumbnailUrl\":\"https:\/\/tabernaculoprensadedios.com\/web\/wp-content\/uploads\/2020\/08\/fotografia-cenital-biblia-abierta-camino-madera-cerca-costa-arenosa-plantas_181624-7805.jpg\",\"articleSection\":[\"Articulos\"],\"inLanguage\":\"es\",\"potentialAction\":[{\"@type\":\"CommentAction\",\"name\":\"Comment\",\"target\":[\"https:\/\/tabernaculoprensadedios.com\/web\/activemos-nuestra-fe\/#respond\"]}]},{\"@type\":\"WebPage\",\"@id\":\"https:\/\/tabernaculoprensadedios.com\/web\/activemos-nuestra-fe\/\",\"url\":\"https:\/\/tabernaculoprensadedios.com\/web\/activemos-nuestra-fe\/\",\"name\":\"Activemos nuestra Fe - Tabernaculo Prensa de Dios\",\"isPartOf\":{\"@id\":\"https:\/\/tabernaculoprensadedios.com\/web\/#website\"},\"primaryImageOfPage\":{\"@id\":\"https:\/\/tabernaculoprensadedios.com\/web\/activemos-nuestra-fe\/#primaryimage\"},\"image\":{\"@id\":\"https:\/\/tabernaculoprensadedios.com\/web\/activemos-nuestra-fe\/#primaryimage\"},\"thumbnailUrl\":\"https:\/\/tabernaculoprensadedios.com\/web\/wp-content\/uploads\/2020\/08\/fotografia-cenital-biblia-abierta-camino-madera-cerca-costa-arenosa-plantas_181624-7805.jpg\",\"datePublished\":\"2020-08-21T01:17:35+00:00\",\"breadcrumb\":{\"@id\":\"https:\/\/tabernaculoprensadedios.com\/web\/activemos-nuestra-fe\/#breadcrumb\"},\"inLanguage\":\"es\",\"potentialAction\":[{\"@type\":\"ReadAction\",\"target\":[\"https:\/\/tabernaculoprensadedios.com\/web\/activemos-nuestra-fe\/\"]}]},{\"@type\":\"ImageObject\",\"inLanguage\":\"es\",\"@id\":\"https:\/\/tabernaculoprensadedios.com\/web\/activemos-nuestra-fe\/#primaryimage\",\"url\":\"https:\/\/tabernaculoprensadedios.com\/web\/wp-content\/uploads\/2020\/08\/fotografia-cenital-biblia-abierta-camino-madera-cerca-costa-arenosa-plantas_181624-7805.jpg\",\"contentUrl\":\"https:\/\/tabernaculoprensadedios.com\/web\/wp-content\/uploads\/2020\/08\/fotografia-cenital-biblia-abierta-camino-madera-cerca-costa-arenosa-plantas_181624-7805.jpg\",\"width\":626,\"height\":417},{\"@type\":\"BreadcrumbList\",\"@id\":\"https:\/\/tabernaculoprensadedios.com\/web\/activemos-nuestra-fe\/#breadcrumb\",\"itemListElement\":[{\"@type\":\"ListItem\",\"position\":1,\"name\":\"Portada\",\"item\":\"https:\/\/tabernaculoprensadedios.com\/web\/\"},{\"@type\":\"ListItem\",\"position\":2,\"name\":\"Activemos nuestra Fe\"}]},{\"@type\":\"WebSite\",\"@id\":\"https:\/\/tabernaculoprensadedios.com\/web\/#website\",\"url\":\"https:\/\/tabernaculoprensadedios.com\/web\/\",\"name\":\"Tabernaculo Prensa de Dios\",\"description\":\"Un medio a la manera de Dios\",\"publisher\":{\"@id\":\"https:\/\/tabernaculoprensadedios.com\/web\/#\/schema\/person\/bc0e069fef56b38e177db6f098ae0b6e\"},\"potentialAction\":[{\"@type\":\"SearchAction\",\"target\":{\"@type\":\"EntryPoint\",\"urlTemplate\":\"https:\/\/tabernaculoprensadedios.com\/web\/?s={search_term_string}\"},\"query-input\":{\"@type\":\"PropertyValueSpecification\",\"valueRequired\":true,\"valueName\":\"search_term_string\"}}],\"inLanguage\":\"es\"},{\"@type\":[\"Person\",\"Organization\"],\"@id\":\"https:\/\/tabernaculoprensadedios.com\/web\/#\/schema\/person\/bc0e069fef56b38e177db6f098ae0b6e\",\"name\":\"tabernaculo\",\"image\":{\"@type\":\"ImageObject\",\"inLanguage\":\"es\",\"@id\":\"https:\/\/tabernaculoprensadedios.com\/web\/#\/schema\/person\/image\/\",\"url\":\"https:\/\/tabernaculoprensadedios.com\/web\/wp-content\/uploads\/2015\/06\/login-logo1.png\",\"contentUrl\":\"https:\/\/tabernaculoprensadedios.com\/web\/wp-content\/uploads\/2015\/06\/login-logo1.png\",\"width\":300,\"height\":118,\"caption\":\"tabernaculo\"},\"logo\":{\"@id\":\"https:\/\/tabernaculoprensadedios.com\/web\/#\/schema\/person\/image\/\"}},{\"@type\":\"Person\",\"@id\":\"https:\/\/tabernaculoprensadedios.com\/web\/#\/schema\/person\/64ae3a8b2e245c8b8652b1294ca1860a\",\"name\":\"Malga\",\"image\":{\"@type\":\"ImageObject\",\"inLanguage\":\"es\",\"@id\":\"https:\/\/tabernaculoprensadedios.com\/web\/#\/schema\/person\/image\/\",\"url\":\"\/\/www.gravatar.com\/avatar\/b06041ad78a6d3dd6b8d5ebf9704448e?s=96&#038;r=g&#038;d=mm\",\"contentUrl\":\"\/\/www.gravatar.com\/avatar\/b06041ad78a6d3dd6b8d5ebf9704448e?s=96&#038;r=g&#038;d=mm\",\"caption\":\"Malga\"},\"url\":\"https:\/\/tabernaculoprensadedios.com\/web\/author\/malga\/\"}]}<\/script>\n<!-- \/ Yoast SEO Premium plugin. -->","yoast_head_json":{"title":"Activemos nuestra Fe - Tabernaculo Prensa de Dios","robots":{"index":"index","follow":"follow","max-snippet":"max-snippet:-1","max-image-preview":"max-image-preview:large","max-video-preview":"max-video-preview:-1"},"canonical":"https:\/\/tabernaculoprensadedios.com\/web\/activemos-nuestra-fe\/","og_locale":"es_ES","og_type":"article","og_title":"Activemos nuestra Fe","og_description":"Ustedes no tienen la fe suficiente \u2014les dijo Jes\u00fas\u2014. Les digo la verdad, si tuvieran fe, aunque fuera tan peque\u00f1a como una semilla de mostaza, podr\u00edan decirle a esta monta\u00f1a: \u201cMu\u00e9vete de aqu\u00ed hasta all\u00e1\u201d, y la monta\u00f1a se mover\u00eda. Nada ser\u00eda imposible. Mateo 17:20 Escucho al Esp\u00edritu del Se\u00f1or decir: \u201cEst\u00e1n entrando en una &hellip;","og_url":"https:\/\/tabernaculoprensadedios.com\/web\/activemos-nuestra-fe\/","og_site_name":"Tabernaculo Prensa de Dios","article_published_time":"2020-08-21T01:17:35+00:00","og_image":[{"width":626,"height":417,"url":"https:\/\/tabernaculoprensadedios.com\/web\/wp-content\/uploads\/2020\/08\/fotografia-cenital-biblia-abierta-camino-madera-cerca-costa-arenosa-plantas_181624-7805.jpg","type":"image\/jpeg"}],"author":"Malga","twitter_card":"summary_large_image","twitter_creator":"@PrensadeDios","twitter_site":"@PrensadeDios","twitter_misc":{"Escrito por":"Malga","Tiempo de lectura":"4 minutos"},"schema":{"@context":"https:\/\/schema.org","@graph":[{"@type":"Article","@id":"https:\/\/tabernaculoprensadedios.com\/web\/activemos-nuestra-fe\/#article","isPartOf":{"@id":"https:\/\/tabernaculoprensadedios.com\/web\/activemos-nuestra-fe\/"},"author":{"name":"Malga","@id":"https:\/\/tabernaculoprensadedios.com\/web\/#\/schema\/person\/64ae3a8b2e245c8b8652b1294ca1860a"},"headline":"Activemos nuestra Fe","datePublished":"2020-08-21T01:17:35+00:00","mainEntityOfPage":{"@id":"https:\/\/tabernaculoprensadedios.com\/web\/activemos-nuestra-fe\/"},"wordCount":781,"commentCount":0,"publisher":{"@id":"https:\/\/tabernaculoprensadedios.com\/web\/#\/schema\/person\/bc0e069fef56b38e177db6f098ae0b6e"},"image":{"@id":"https:\/\/tabernaculoprensadedios.com\/web\/activemos-nuestra-fe\/#primaryimage"},"thumbnailUrl":"https:\/\/tabernaculoprensadedios.com\/web\/wp-content\/uploads\/2020\/08\/fotografia-cenital-biblia-abierta-camino-madera-cerca-costa-arenosa-plantas_181624-7805.jpg","articleSection":["Articulos"],"inLanguage":"es","potentialAction":[{"@type":"CommentAction","name":"Comment","target":["https:\/\/tabernaculoprensadedios.com\/web\/activemos-nuestra-fe\/#respond"]}]},{"@type":"WebPage","@id":"https:\/\/tabernaculoprensadedios.com\/web\/activemos-nuestra-fe\/","url":"https:\/\/tabernaculoprensadedios.com\/web\/activemos-nuestra-fe\/","name":"Activemos nuestra Fe - Tabernaculo Prensa de Dios","isPartOf":{"@id":"https:\/\/tabernaculoprensadedios.com\/web\/#website"},"primaryImageOfPage":{"@id":"https:\/\/tabernaculoprensadedios.com\/web\/activemos-nuestra-fe\/#primaryimage"},"image":{"@id":"https:\/\/tabernaculoprensadedios.com\/web\/activemos-nuestra-fe\/#primaryimage"},"thumbnailUrl":"https:\/\/tabernaculoprensadedios.com\/web\/wp-content\/uploads\/2020\/08\/fotografia-cenital-biblia-abierta-camino-madera-cerca-costa-arenosa-plantas_181624-7805.jpg","datePublished":"2020-08-21T01:17:35+00:00","breadcrumb":{"@id":"https:\/\/tabernaculoprensadedios.com\/web\/activemos-nuestra-fe\/#breadcrumb"},"inLanguage":"es","potentialAction":[{"@type":"ReadAction","target":["https:\/\/tabernaculoprensadedios.com\/web\/activemos-nuestra-fe\/"]}]},{"@type":"ImageObject","inLanguage":"es","@id":"https:\/\/tabernaculoprensadedios.com\/web\/activemos-nuestra-fe\/#primaryimage","url":"https:\/\/tabernaculoprensadedios.com\/web\/wp-content\/uploads\/2020\/08\/fotografia-cenital-biblia-abierta-camino-madera-cerca-costa-arenosa-plantas_181624-7805.jpg","contentUrl":"https:\/\/tabernaculoprensadedios.com\/web\/wp-content\/uploads\/2020\/08\/fotografia-cenital-biblia-abierta-camino-madera-cerca-costa-arenosa-plantas_181624-7805.jpg","width":626,"height":417},{"@type":"BreadcrumbList","@id":"https:\/\/tabernaculoprensadedios.com\/web\/activemos-nuestra-fe\/#breadcrumb","itemListElement":[{"@type":"ListItem","position":1,"name":"Portada","item":"https:\/\/tabernaculoprensadedios.com\/web\/"},{"@type":"ListItem","position":2,"name":"Activemos nuestra Fe"}]},{"@type":"WebSite","@id":"https:\/\/tabernaculoprensadedios.com\/web\/#website","url":"https:\/\/tabernaculoprensadedios.com\/web\/","name":"Tabernaculo Prensa de Dios","description":"Un medio a la manera de Dios","publisher":{"@id":"https:\/\/tabernaculoprensadedios.com\/web\/#\/schema\/person\/bc0e069fef56b38e177db6f098ae0b6e"},"potentialAction":[{"@type":"SearchAction","target":{"@type":"EntryPoint","urlTemplate":"https:\/\/tabernaculoprensadedios.com\/web\/?s={search_term_string}"},"query-input":{"@type":"PropertyValueSpecification","valueRequired":true,"valueName":"search_term_string"}}],"inLanguage":"es"},{"@type":["Person","Organization"],"@id":"https:\/\/tabernaculoprensadedios.com\/web\/#\/schema\/person\/bc0e069fef56b38e177db6f098ae0b6e","name":"tabernaculo","image":{"@type":"ImageObject","inLanguage":"es","@id":"https:\/\/tabernaculoprensadedios.com\/web\/#\/schema\/person\/image\/","url":"https:\/\/tabernaculoprensadedios.com\/web\/wp-content\/uploads\/2015\/06\/login-logo1.png","contentUrl":"https:\/\/tabernaculoprensadedios.com\/web\/wp-content\/uploads\/2015\/06\/login-logo1.png","width":300,"height":118,"caption":"tabernaculo"},"logo":{"@id":"https:\/\/tabernaculoprensadedios.com\/web\/#\/schema\/person\/image\/"}},{"@type":"Person","@id":"https:\/\/tabernaculoprensadedios.com\/web\/#\/schema\/person\/64ae3a8b2e245c8b8652b1294ca1860a","name":"Malga","image":{"@type":"ImageObject","inLanguage":"es","@id":"https:\/\/tabernaculoprensadedios.com\/web\/#\/schema\/person\/image\/","url":"\/\/www.gravatar.com\/avatar\/b06041ad78a6d3dd6b8d5ebf9704448e?s=96&#038;r=g&#038;d=mm","contentUrl":"\/\/www.gravatar.com\/avatar\/b06041ad78a6d3dd6b8d5ebf9704448e?s=96&#038;r=g&#038;d=mm","caption":"Malga"},"url":"https:\/\/tabernaculoprensadedios.com\/web\/author\/malga\/"}]}},"_links":{"self":[{"href":"https:\/\/tabernaculoprensadedios.com\/web\/wp-json\/wp\/v2\/posts\/19286","targetHints":{"allow":["GET"]}}],"collection":[{"href":"https:\/\/tabernaculoprensadedios.com\/web\/wp-json\/wp\/v2\/posts"}],"about":[{"href":"https:\/\/tabernaculoprensadedios.com\/web\/wp-json\/wp\/v2\/types\/post"}],"author":[{"embeddable":true,"href":"https:\/\/tabernaculoprensadedios.com\/web\/wp-json\/wp\/v2\/users\/2"}],"replies":[{"embeddable":true,"href":"https:\/\/tabernaculoprensadedios.com\/web\/wp-json\/wp\/v2\/comments?post=19286"}],"version-history":[{"count":1,"href":"https:\/\/tabernaculoprensadedios.com\/web\/wp-json\/wp\/v2\/posts\/19286\/revisions"}],"predecessor-version":[{"id":19288,"href":"https:\/\/tabernaculoprensadedios.com\/web\/wp-json\/wp\/v2\/posts\/19286\/revisions\/19288"}],"wp:featuredmedia":[{"embeddable":true,"href":"https:\/\/tabernaculoprensadedios.com\/web\/wp-json\/wp\/v2\/media\/19287"}],"wp:attachment":[{"href":"https:\/\/tabernaculoprensadedios.com\/web\/wp-json\/wp\/v2\/media?parent=19286"}],"wp:term":[{"taxonomy":"category","embeddable":true,"href":"https:\/\/tabernaculoprensadedios.com\/web\/wp-json\/wp\/v2\/categories?post=19286"},{"taxonomy":"post_tag","embeddable":true,"href":"https:\/\/tabernaculoprensadedios.com\/web\/wp-json\/wp\/v2\/tags?post=19286"}],"curies":[{"name":"wp","href":"https:\/\/api.w.org\/{rel}","templated":true}]}}