{"id":19255,"date":"2020-08-19T02:18:34","date_gmt":"2020-08-19T02:18:34","guid":{"rendered":"http:\/\/tabernaculoprensadedios.com\/web\/?p=19255"},"modified":"2020-08-19T16:14:26","modified_gmt":"2020-08-19T16:14:26","slug":"ideas-profeticas-y-motivos-de-oracion-para-esta-semana","status":"publish","type":"post","link":"https:\/\/tabernaculoprensadedios.com\/web\/ideas-profeticas-y-motivos-de-oracion-para-esta-semana\/","title":{"rendered":"Ideas prof\u00e9ticas y motivos de oraci\u00f3n para esta semana"},"content":{"rendered":"<p><strong><em>Y se humilla mi pueblo sobre el cual es invocado mi nombre, y oran, buscan mi rostro y se vuelven de sus malos caminos, entonces yo oir\u00e9 desde los cielos, perdonar\u00e9 su pecado y sanar\u00e9 su tierra. 2 cr\u00f3nicas 7:14<\/em><\/strong><\/p>\n<p>Hace algunos d\u00edas compart\u00ed esta palabra de Andrew Towne que dec\u00eda: \u00abHa habido una nube de confusi\u00f3n, enviada para nublar su visi\u00f3n 2020, pero no se desesperen. Yo les traer\u00e9 claridad para que vean a trav\u00e9s de la niebla del enemigo, est\u00e1 llegando una ola masiva de\u00a0<strong>RECOMPENSA.<\/strong>\u00a0Toda promesa que habl\u00e9 a trav\u00e9s de Mis profetas se manifestar\u00e1. El enemigo no puede detener lo que ya he dicho. B\u00fasquenme y me encontrar\u00e1n. Yo estoy aqu\u00ed, trabajando para su bien\u201d Ahora Nate Johnston nos da ideas prof\u00e9ticas sobre las cuales orar para que se manifiesten. Este es un gran tiempo para estar despiertos y venir ante el Trono de la gracia.<\/p>\n<p><strong>Hebreos 4:16<\/strong>\u00a0Acerqu\u00e9monos, pues, confiadamente al trono de la gracia, para alcanzar misericordia y hallar gracia para el oportuno socorro.<\/p>\n<p>\u201cSiento que debo compartir algunas ideas prof\u00e9ticas y motivos de oraci\u00f3n para esta semana de lo que el Se\u00f1or me ha estado hablando. En lugar de una larga y extensa palabra escrita, estoy publicando esto en forma de vi\u00f1etas para ayudarlos a correr con ello, hablarlo y profetizarlo esta semana\u201d.<\/p>\n<p><strong>LA NUBE DE CONFUSI\u00d3N Y LA NUBE DE GLORIA<\/strong><\/p>\n<p>\u201cLa fatiga mental se levantar\u00e1 esta semana. Vi una misi\u00f3n de guerra psicol\u00f3gica que estaba siendo resuelta mientras rompemos intencionalmente con las distracciones y corremos hacia el\u00a0<strong>\u201cLUGAR SECRETO\u201d.<\/strong>\u00a0Era como si un torturador infligiera dolor mental y juegos a sus v\u00edctimas. \u00a1Ese tormento debe acabar en ustedes ahora mismo en el nombre de Jes\u00fas! Aquellos que han estado nublados y confundidos durante muchos meses y no han podido sacudirse de esto, saldr\u00e1n de la nube de cortinas de humo, velos demon\u00edacos y entrar\u00e1n en la<strong>\u00a0VERDAD<\/strong>\u00a0y la nube de gloria una vez m\u00e1s\u201d.<\/p>\n<p>\u201cEl prop\u00f3sito de esta guerra psicol\u00f3gica era tratar de desviar sutilmente a las personas a pelear guerras en la carne en lugar de derrotar a los principados y potestades con la fuerza del Esp\u00edritu. La misi\u00f3n era desgastar lentamente el Cuerpo de Cristo para someterlo a su malvada misi\u00f3n \/ agendas malas est\u00e1n siendo expuestas. El doble \u00e1nimo y los prop\u00f3sitos conflictivos est\u00e1n siendo realineados. Las personas comenzar\u00e1n a ver d\u00f3nde han estado luchando con ilusiones y boxeando con sombras. El miedo y los presentimientos irracionales se est\u00e1n convirtiendo en\u00a0<strong>TEMOR DEL SE\u00d1OR<\/strong>\u00a0y en una profunda convicci\u00f3n para asumir sus asignaciones a toda costa\u201d<\/p>\n<p>.<strong>Isa\u00edas 40:29<\/strong>\u00a0El da esfuerzo al cansado, y multiplica las fuerzas al que no tiene ningunas.<\/p>\n<p><strong>Isa\u00edas 60: 1<\/strong>\u00a0Lev\u00e1ntate, resplandece; porque ha venido tu luz, y la gloria de Jehov\u00e1 ha nacido sobre ti.<\/p>\n<p><strong>ALINEACIONES CADUCADAS QUE CAUSAN RETRASOS, BUROCRACIA Y MEDIOCRIDAD<\/strong><\/p>\n<p>\u201cDios est\u00e1\u00a0<strong>\u00abLIMPIANDO LOS ESCONDRIJOS\u00bb<\/strong>\u00a0en muchos de ustedes en este momento. Son esos lugares ocultos de su vida que se ven menos o donde se nota que ha habido sutiles y lentas \u00abfugas\u00bb que les han causado falta de energ\u00eda, motivaci\u00f3n y alegr\u00eda. Dios est\u00e1 cerrando la puerta a alineamientos muy muy caducados que les han estado haciendo da\u00f1o en lo profundo. Debido a que no han sido tratados, se han mantenido atados a viejas temporadas que han impedido que las puertas se abran ante ustedes\u201d.<\/p>\n<p>\u201cLa palabra mediocre significa \u00aboscurecer\u00bb o quitar el brillo y la potencia de algo. Estas alineaciones y coberturas equivocadas est\u00e1n asfixiando la vida y la unci\u00f3n de muchos en este momento. Por el bien de su misi\u00f3n&#8230;\u00a0<strong>\u00a1SUELTENLOS!<\/strong>\u00a0Hay l\u00edderes, voces y personas de temporadas pasadas que han sido como \u00abamigos de trabajo\u00bb hablando negativamente y juzgando su viaje hacia adelante en nombre de la precauci\u00f3n, pero esto no viene del coraz\u00f3n de Dios.\u00a0<strong>\u00a1CORTEN SUS PALABRAS!<\/strong>\u00a0Los alineamientos sutiles y los votos imp\u00edos donde hicieron acuerdos verbales a personas crearon yugos de esclavitud.\u00a0 \u00a1Estas palabras de personas han causado retrasos y burocracia, pero los retrasos y las legalidades se est\u00e1n rompiendo esta semana en el nombre de Jes\u00fas!\u201d<\/p>\n<p><strong>Isa\u00edas 10:27<\/strong>\u00a0Acontecer\u00e1 en aquel tiempo que su carga ser\u00e1 quitada de tu hombro, y su yugo de tu cerviz, y el yugo se pudrir\u00e1 a causa de la unci\u00f3n.<\/p>\n<p><strong>Nah\u00fam 1:7.8<\/strong>\u00a0Jehov\u00e1 es bueno, fortaleza en el d\u00eda de la angustia; y conoce a los que en \u00e9l conf\u00edan. Mas con inundaci\u00f3n impetuosa consumir\u00e1 a sus adversarios, y tinieblas perseguir\u00e1n a sus enemigos.<\/p>\n<p><strong>ROMPIENDO LA BANDERA BLANCA \/REFUERZOS ANG\u00c9LICALES<\/strong><\/p>\n<p>\u201cEsta semana no ondeen la bandera blanca. La tentaci\u00f3n de perder nunca hab\u00eda sido tan grande porque la oposici\u00f3n ha sido implacable, pero la realidad del Esp\u00edritu Santo en ustedes y el Dios de la reivindicaci\u00f3n que es de ustedes es a\u00fan m\u00e1s grande. \u00a0Vi un ej\u00e9rcito angelical siendo liberado del cielo con la misi\u00f3n de levantar los brazos de las personas. Dios est\u00e1 trayendo sus refuerzos para ustedes internamente, fortaleci\u00e9ndolos y refresc\u00e1ndolos, tambi\u00e9n externamente al mundo que los rodea\u201d.<\/p>\n<p>\u201cVi una visi\u00f3n de los brazos del presidente Trump siendo levantados y un muro de fuego alrededor de su casa y su familia. La presi\u00f3n sobre \u00e9l nunca hab\u00eda sido tan grande y el enemigo lo ha tentado a retirarse en muchas \u00e1reas porque est\u00e1 fatigado. \u00a1Oren por su l\u00edder estadounidenses! Oren por sus l\u00edderes alrededor del mundo y por los que vendr\u00e1n, para que sean personas abiertas al Esp\u00edritu de Dios. Vi al presidente de Corea del Sur Moon Jael-in en una visi\u00f3n y vi al Se\u00f1or de pie delante de \u00e9l y decisiones que deb\u00edan ser tomadas. El Se\u00f1or le dar\u00e1 sabidur\u00eda. Hay una sanidad\/resoluci\u00f3n a punto de llegar a la regi\u00f3n de Asia Oriental. Dios est\u00e1 fortaleciendo a las personas en el frente que son llamadas a llevar la antorcha por sus regiones. \u00a1Si este eres t\u00fa, te profetizo una\u00a0<strong>FUERZA<\/strong>\u00a0renovada en el nombre de Jes\u00fas!\u201d (Nate Johnston)<\/p>\n<p><strong>Salmos 34:1<\/strong>\u00a0Bendecir\u00e9 a Jehov\u00e1 en todo tiempo; Su alabanza estar\u00e1 de continuo en mi boca.<\/p>\n<p><strong>Salmo 34:7<\/strong>\u00a0El \u00e1ngel de Jehov\u00e1 acampa alrededor de los que le temen, y los defiende.<\/p>\n<p><strong>1 Reyes 19:5<\/strong>\u00a0Y ech\u00e1ndose debajo del enebro, se qued\u00f3 dormido; y he aqu\u00ed luego un \u00e1ngel le toc\u00f3, y le dijo: Lev\u00e1ntate, come.<\/p>\n<p>Con amor y oraciones,<\/p>\n","protected":false},"excerpt":{"rendered":"<p>Y se humilla mi pueblo sobre el cual es invocado mi nombre, y oran, buscan mi rostro y se vuelven de sus malos caminos, entonces yo oir\u00e9 desde los cielos, perdonar\u00e9 su pecado y sanar\u00e9 su tierra. 2 cr\u00f3nicas 7:14 Hace algunos d\u00edas compart\u00ed esta palabra de Andrew Towne que dec\u00eda: \u00abHa habido una nube &hellip;<\/p>\n","protected":false},"author":2,"featured_media":19256,"comment_status":"open","ping_status":"open","sticky":false,"template":"","format":"standard","meta":{"footnotes":""},"categories":[34],"tags":[393],"class_list":["post-19255","post","type-post","status-publish","format-standard","has-post-thumbnail","hentry","category-articulos","tag-oracion"],"yoast_head":"<!-- This site is optimized with the Yoast SEO Premium plugin v24.2 (Yoast SEO v27.1.1) - https:\/\/yoast.com\/product\/yoast-seo-premium-wordpress\/ -->\n<title>Ideas prof\u00e9ticas y motivos de oraci\u00f3n para esta semana - Tabernaculo Prensa de Dios<\/title>\n<meta name=\"robots\" content=\"index, follow, max-snippet:-1, max-image-preview:large, max-video-preview:-1\" \/>\n<link rel=\"canonical\" href=\"https:\/\/tabernaculoprensadedios.com\/web\/ideas-profeticas-y-motivos-de-oracion-para-esta-semana\/\" class=\"yoast-seo-meta-tag\" \/>\n<meta property=\"og:locale\" content=\"es_ES\" class=\"yoast-seo-meta-tag\" \/>\n<meta property=\"og:type\" content=\"article\" class=\"yoast-seo-meta-tag\" \/>\n<meta property=\"og:title\" content=\"Ideas prof\u00e9ticas y motivos de oraci\u00f3n para esta semana\" class=\"yoast-seo-meta-tag\" \/>\n<meta property=\"og:description\" content=\"Y se humilla mi pueblo sobre el cual es invocado mi nombre, y oran, buscan mi rostro y se vuelven de sus malos caminos, entonces yo oir\u00e9 desde los cielos, perdonar\u00e9 su pecado y sanar\u00e9 su tierra. 2 cr\u00f3nicas 7:14 Hace algunos d\u00edas compart\u00ed esta palabra de Andrew Towne que dec\u00eda: \u00abHa habido una nube &hellip;\" class=\"yoast-seo-meta-tag\" \/>\n<meta property=\"og:url\" content=\"https:\/\/tabernaculoprensadedios.com\/web\/ideas-profeticas-y-motivos-de-oracion-para-esta-semana\/\" class=\"yoast-seo-meta-tag\" \/>\n<meta property=\"og:site_name\" content=\"Tabernaculo Prensa de Dios\" class=\"yoast-seo-meta-tag\" \/>\n<meta property=\"article:published_time\" content=\"2020-08-19T02:18:34+00:00\" class=\"yoast-seo-meta-tag\" \/>\n<meta property=\"article:modified_time\" content=\"2020-08-19T16:14:26+00:00\" class=\"yoast-seo-meta-tag\" \/>\n<meta property=\"og:image\" content=\"https:\/\/tabernaculoprensadedios.com\/web\/wp-content\/uploads\/2020\/08\/nina-feliz-corriendo-saltando-despreocupado-brazos-abiertos-sobre-campo-trigo-sosteniendo-bandera-estados-unidos_169016-2143.jpg\" class=\"yoast-seo-meta-tag\" \/>\n\t<meta property=\"og:image:width\" content=\"626\" class=\"yoast-seo-meta-tag\" \/>\n\t<meta property=\"og:image:height\" content=\"362\" class=\"yoast-seo-meta-tag\" \/>\n\t<meta property=\"og:image:type\" content=\"image\/jpeg\" class=\"yoast-seo-meta-tag\" \/>\n<meta name=\"author\" content=\"Malga\" class=\"yoast-seo-meta-tag\" \/>\n<meta name=\"twitter:card\" content=\"summary_large_image\" class=\"yoast-seo-meta-tag\" \/>\n<meta name=\"twitter:creator\" content=\"@PrensadeDios\" class=\"yoast-seo-meta-tag\" \/>\n<meta name=\"twitter:site\" content=\"@PrensadeDios\" class=\"yoast-seo-meta-tag\" \/>\n<meta name=\"twitter:label1\" content=\"Escrito por\" class=\"yoast-seo-meta-tag\" \/>\n\t<meta name=\"twitter:data1\" content=\"Malga\" class=\"yoast-seo-meta-tag\" \/>\n\t<meta name=\"twitter:label2\" content=\"Tiempo de lectura\" class=\"yoast-seo-meta-tag\" \/>\n\t<meta name=\"twitter:data2\" content=\"6 minutos\" class=\"yoast-seo-meta-tag\" \/>\n<script type=\"application\/ld+json\" class=\"yoast-schema-graph\">{\"@context\":\"https:\/\/schema.org\",\"@graph\":[{\"@type\":\"Article\",\"@id\":\"https:\/\/tabernaculoprensadedios.com\/web\/ideas-profeticas-y-motivos-de-oracion-para-esta-semana\/#article\",\"isPartOf\":{\"@id\":\"https:\/\/tabernaculoprensadedios.com\/web\/ideas-profeticas-y-motivos-de-oracion-para-esta-semana\/\"},\"author\":{\"name\":\"Malga\",\"@id\":\"https:\/\/tabernaculoprensadedios.com\/web\/#\/schema\/person\/64ae3a8b2e245c8b8652b1294ca1860a\"},\"headline\":\"Ideas prof\u00e9ticas y motivos de oraci\u00f3n para esta semana\",\"datePublished\":\"2020-08-19T02:18:34+00:00\",\"dateModified\":\"2020-08-19T16:14:26+00:00\",\"mainEntityOfPage\":{\"@id\":\"https:\/\/tabernaculoprensadedios.com\/web\/ideas-profeticas-y-motivos-de-oracion-para-esta-semana\/\"},\"wordCount\":1129,\"commentCount\":0,\"publisher\":{\"@id\":\"https:\/\/tabernaculoprensadedios.com\/web\/#\/schema\/person\/bc0e069fef56b38e177db6f098ae0b6e\"},\"image\":{\"@id\":\"https:\/\/tabernaculoprensadedios.com\/web\/ideas-profeticas-y-motivos-de-oracion-para-esta-semana\/#primaryimage\"},\"thumbnailUrl\":\"https:\/\/tabernaculoprensadedios.com\/web\/wp-content\/uploads\/2020\/08\/nina-feliz-corriendo-saltando-despreocupado-brazos-abiertos-sobre-campo-trigo-sosteniendo-bandera-estados-unidos_169016-2143.jpg\",\"keywords\":[\"oracion\"],\"articleSection\":[\"Articulos\"],\"inLanguage\":\"es\",\"potentialAction\":[{\"@type\":\"CommentAction\",\"name\":\"Comment\",\"target\":[\"https:\/\/tabernaculoprensadedios.com\/web\/ideas-profeticas-y-motivos-de-oracion-para-esta-semana\/#respond\"]}]},{\"@type\":\"WebPage\",\"@id\":\"https:\/\/tabernaculoprensadedios.com\/web\/ideas-profeticas-y-motivos-de-oracion-para-esta-semana\/\",\"url\":\"https:\/\/tabernaculoprensadedios.com\/web\/ideas-profeticas-y-motivos-de-oracion-para-esta-semana\/\",\"name\":\"Ideas prof\u00e9ticas y motivos de oraci\u00f3n para esta semana - Tabernaculo Prensa de Dios\",\"isPartOf\":{\"@id\":\"https:\/\/tabernaculoprensadedios.com\/web\/#website\"},\"primaryImageOfPage\":{\"@id\":\"https:\/\/tabernaculoprensadedios.com\/web\/ideas-profeticas-y-motivos-de-oracion-para-esta-semana\/#primaryimage\"},\"image\":{\"@id\":\"https:\/\/tabernaculoprensadedios.com\/web\/ideas-profeticas-y-motivos-de-oracion-para-esta-semana\/#primaryimage\"},\"thumbnailUrl\":\"https:\/\/tabernaculoprensadedios.com\/web\/wp-content\/uploads\/2020\/08\/nina-feliz-corriendo-saltando-despreocupado-brazos-abiertos-sobre-campo-trigo-sosteniendo-bandera-estados-unidos_169016-2143.jpg\",\"datePublished\":\"2020-08-19T02:18:34+00:00\",\"dateModified\":\"2020-08-19T16:14:26+00:00\",\"breadcrumb\":{\"@id\":\"https:\/\/tabernaculoprensadedios.com\/web\/ideas-profeticas-y-motivos-de-oracion-para-esta-semana\/#breadcrumb\"},\"inLanguage\":\"es\",\"potentialAction\":[{\"@type\":\"ReadAction\",\"target\":[\"https:\/\/tabernaculoprensadedios.com\/web\/ideas-profeticas-y-motivos-de-oracion-para-esta-semana\/\"]}]},{\"@type\":\"ImageObject\",\"inLanguage\":\"es\",\"@id\":\"https:\/\/tabernaculoprensadedios.com\/web\/ideas-profeticas-y-motivos-de-oracion-para-esta-semana\/#primaryimage\",\"url\":\"https:\/\/tabernaculoprensadedios.com\/web\/wp-content\/uploads\/2020\/08\/nina-feliz-corriendo-saltando-despreocupado-brazos-abiertos-sobre-campo-trigo-sosteniendo-bandera-estados-unidos_169016-2143.jpg\",\"contentUrl\":\"https:\/\/tabernaculoprensadedios.com\/web\/wp-content\/uploads\/2020\/08\/nina-feliz-corriendo-saltando-despreocupado-brazos-abiertos-sobre-campo-trigo-sosteniendo-bandera-estados-unidos_169016-2143.jpg\",\"width\":626,\"height\":362},{\"@type\":\"BreadcrumbList\",\"@id\":\"https:\/\/tabernaculoprensadedios.com\/web\/ideas-profeticas-y-motivos-de-oracion-para-esta-semana\/#breadcrumb\",\"itemListElement\":[{\"@type\":\"ListItem\",\"position\":1,\"name\":\"Portada\",\"item\":\"https:\/\/tabernaculoprensadedios.com\/web\/\"},{\"@type\":\"ListItem\",\"position\":2,\"name\":\"Ideas prof\u00e9ticas y motivos de oraci\u00f3n para esta semana\"}]},{\"@type\":\"WebSite\",\"@id\":\"https:\/\/tabernaculoprensadedios.com\/web\/#website\",\"url\":\"https:\/\/tabernaculoprensadedios.com\/web\/\",\"name\":\"Tabernaculo Prensa de Dios\",\"description\":\"Un medio a la manera de Dios\",\"publisher\":{\"@id\":\"https:\/\/tabernaculoprensadedios.com\/web\/#\/schema\/person\/bc0e069fef56b38e177db6f098ae0b6e\"},\"potentialAction\":[{\"@type\":\"SearchAction\",\"target\":{\"@type\":\"EntryPoint\",\"urlTemplate\":\"https:\/\/tabernaculoprensadedios.com\/web\/?s={search_term_string}\"},\"query-input\":{\"@type\":\"PropertyValueSpecification\",\"valueRequired\":true,\"valueName\":\"search_term_string\"}}],\"inLanguage\":\"es\"},{\"@type\":[\"Person\",\"Organization\"],\"@id\":\"https:\/\/tabernaculoprensadedios.com\/web\/#\/schema\/person\/bc0e069fef56b38e177db6f098ae0b6e\",\"name\":\"tabernaculo\",\"image\":{\"@type\":\"ImageObject\",\"inLanguage\":\"es\",\"@id\":\"https:\/\/tabernaculoprensadedios.com\/web\/#\/schema\/person\/image\/\",\"url\":\"https:\/\/tabernaculoprensadedios.com\/web\/wp-content\/uploads\/2015\/06\/login-logo1.png\",\"contentUrl\":\"https:\/\/tabernaculoprensadedios.com\/web\/wp-content\/uploads\/2015\/06\/login-logo1.png\",\"width\":300,\"height\":118,\"caption\":\"tabernaculo\"},\"logo\":{\"@id\":\"https:\/\/tabernaculoprensadedios.com\/web\/#\/schema\/person\/image\/\"}},{\"@type\":\"Person\",\"@id\":\"https:\/\/tabernaculoprensadedios.com\/web\/#\/schema\/person\/64ae3a8b2e245c8b8652b1294ca1860a\",\"name\":\"Malga\",\"image\":{\"@type\":\"ImageObject\",\"inLanguage\":\"es\",\"@id\":\"https:\/\/tabernaculoprensadedios.com\/web\/#\/schema\/person\/image\/\",\"url\":\"\/\/www.gravatar.com\/avatar\/b06041ad78a6d3dd6b8d5ebf9704448e?s=96&#038;r=g&#038;d=mm\",\"contentUrl\":\"\/\/www.gravatar.com\/avatar\/b06041ad78a6d3dd6b8d5ebf9704448e?s=96&#038;r=g&#038;d=mm\",\"caption\":\"Malga\"},\"url\":\"https:\/\/tabernaculoprensadedios.com\/web\/author\/malga\/\"}]}<\/script>\n<!-- \/ Yoast SEO Premium plugin. -->","yoast_head_json":{"title":"Ideas prof\u00e9ticas y motivos de oraci\u00f3n para esta semana - Tabernaculo Prensa de Dios","robots":{"index":"index","follow":"follow","max-snippet":"max-snippet:-1","max-image-preview":"max-image-preview:large","max-video-preview":"max-video-preview:-1"},"canonical":"https:\/\/tabernaculoprensadedios.com\/web\/ideas-profeticas-y-motivos-de-oracion-para-esta-semana\/","og_locale":"es_ES","og_type":"article","og_title":"Ideas prof\u00e9ticas y motivos de oraci\u00f3n para esta semana","og_description":"Y se humilla mi pueblo sobre el cual es invocado mi nombre, y oran, buscan mi rostro y se vuelven de sus malos caminos, entonces yo oir\u00e9 desde los cielos, perdonar\u00e9 su pecado y sanar\u00e9 su tierra. 2 cr\u00f3nicas 7:14 Hace algunos d\u00edas compart\u00ed esta palabra de Andrew Towne que dec\u00eda: \u00abHa habido una nube &hellip;","og_url":"https:\/\/tabernaculoprensadedios.com\/web\/ideas-profeticas-y-motivos-de-oracion-para-esta-semana\/","og_site_name":"Tabernaculo Prensa de Dios","article_published_time":"2020-08-19T02:18:34+00:00","article_modified_time":"2020-08-19T16:14:26+00:00","og_image":[{"width":626,"height":362,"url":"https:\/\/tabernaculoprensadedios.com\/web\/wp-content\/uploads\/2020\/08\/nina-feliz-corriendo-saltando-despreocupado-brazos-abiertos-sobre-campo-trigo-sosteniendo-bandera-estados-unidos_169016-2143.jpg","type":"image\/jpeg"}],"author":"Malga","twitter_card":"summary_large_image","twitter_creator":"@PrensadeDios","twitter_site":"@PrensadeDios","twitter_misc":{"Escrito por":"Malga","Tiempo de lectura":"6 minutos"},"schema":{"@context":"https:\/\/schema.org","@graph":[{"@type":"Article","@id":"https:\/\/tabernaculoprensadedios.com\/web\/ideas-profeticas-y-motivos-de-oracion-para-esta-semana\/#article","isPartOf":{"@id":"https:\/\/tabernaculoprensadedios.com\/web\/ideas-profeticas-y-motivos-de-oracion-para-esta-semana\/"},"author":{"name":"Malga","@id":"https:\/\/tabernaculoprensadedios.com\/web\/#\/schema\/person\/64ae3a8b2e245c8b8652b1294ca1860a"},"headline":"Ideas prof\u00e9ticas y motivos de oraci\u00f3n para esta semana","datePublished":"2020-08-19T02:18:34+00:00","dateModified":"2020-08-19T16:14:26+00:00","mainEntityOfPage":{"@id":"https:\/\/tabernaculoprensadedios.com\/web\/ideas-profeticas-y-motivos-de-oracion-para-esta-semana\/"},"wordCount":1129,"commentCount":0,"publisher":{"@id":"https:\/\/tabernaculoprensadedios.com\/web\/#\/schema\/person\/bc0e069fef56b38e177db6f098ae0b6e"},"image":{"@id":"https:\/\/tabernaculoprensadedios.com\/web\/ideas-profeticas-y-motivos-de-oracion-para-esta-semana\/#primaryimage"},"thumbnailUrl":"https:\/\/tabernaculoprensadedios.com\/web\/wp-content\/uploads\/2020\/08\/nina-feliz-corriendo-saltando-despreocupado-brazos-abiertos-sobre-campo-trigo-sosteniendo-bandera-estados-unidos_169016-2143.jpg","keywords":["oracion"],"articleSection":["Articulos"],"inLanguage":"es","potentialAction":[{"@type":"CommentAction","name":"Comment","target":["https:\/\/tabernaculoprensadedios.com\/web\/ideas-profeticas-y-motivos-de-oracion-para-esta-semana\/#respond"]}]},{"@type":"WebPage","@id":"https:\/\/tabernaculoprensadedios.com\/web\/ideas-profeticas-y-motivos-de-oracion-para-esta-semana\/","url":"https:\/\/tabernaculoprensadedios.com\/web\/ideas-profeticas-y-motivos-de-oracion-para-esta-semana\/","name":"Ideas prof\u00e9ticas y motivos de oraci\u00f3n para esta semana - Tabernaculo Prensa de Dios","isPartOf":{"@id":"https:\/\/tabernaculoprensadedios.com\/web\/#website"},"primaryImageOfPage":{"@id":"https:\/\/tabernaculoprensadedios.com\/web\/ideas-profeticas-y-motivos-de-oracion-para-esta-semana\/#primaryimage"},"image":{"@id":"https:\/\/tabernaculoprensadedios.com\/web\/ideas-profeticas-y-motivos-de-oracion-para-esta-semana\/#primaryimage"},"thumbnailUrl":"https:\/\/tabernaculoprensadedios.com\/web\/wp-content\/uploads\/2020\/08\/nina-feliz-corriendo-saltando-despreocupado-brazos-abiertos-sobre-campo-trigo-sosteniendo-bandera-estados-unidos_169016-2143.jpg","datePublished":"2020-08-19T02:18:34+00:00","dateModified":"2020-08-19T16:14:26+00:00","breadcrumb":{"@id":"https:\/\/tabernaculoprensadedios.com\/web\/ideas-profeticas-y-motivos-de-oracion-para-esta-semana\/#breadcrumb"},"inLanguage":"es","potentialAction":[{"@type":"ReadAction","target":["https:\/\/tabernaculoprensadedios.com\/web\/ideas-profeticas-y-motivos-de-oracion-para-esta-semana\/"]}]},{"@type":"ImageObject","inLanguage":"es","@id":"https:\/\/tabernaculoprensadedios.com\/web\/ideas-profeticas-y-motivos-de-oracion-para-esta-semana\/#primaryimage","url":"https:\/\/tabernaculoprensadedios.com\/web\/wp-content\/uploads\/2020\/08\/nina-feliz-corriendo-saltando-despreocupado-brazos-abiertos-sobre-campo-trigo-sosteniendo-bandera-estados-unidos_169016-2143.jpg","contentUrl":"https:\/\/tabernaculoprensadedios.com\/web\/wp-content\/uploads\/2020\/08\/nina-feliz-corriendo-saltando-despreocupado-brazos-abiertos-sobre-campo-trigo-sosteniendo-bandera-estados-unidos_169016-2143.jpg","width":626,"height":362},{"@type":"BreadcrumbList","@id":"https:\/\/tabernaculoprensadedios.com\/web\/ideas-profeticas-y-motivos-de-oracion-para-esta-semana\/#breadcrumb","itemListElement":[{"@type":"ListItem","position":1,"name":"Portada","item":"https:\/\/tabernaculoprensadedios.com\/web\/"},{"@type":"ListItem","position":2,"name":"Ideas prof\u00e9ticas y motivos de oraci\u00f3n para esta semana"}]},{"@type":"WebSite","@id":"https:\/\/tabernaculoprensadedios.com\/web\/#website","url":"https:\/\/tabernaculoprensadedios.com\/web\/","name":"Tabernaculo Prensa de Dios","description":"Un medio a la manera de Dios","publisher":{"@id":"https:\/\/tabernaculoprensadedios.com\/web\/#\/schema\/person\/bc0e069fef56b38e177db6f098ae0b6e"},"potentialAction":[{"@type":"SearchAction","target":{"@type":"EntryPoint","urlTemplate":"https:\/\/tabernaculoprensadedios.com\/web\/?s={search_term_string}"},"query-input":{"@type":"PropertyValueSpecification","valueRequired":true,"valueName":"search_term_string"}}],"inLanguage":"es"},{"@type":["Person","Organization"],"@id":"https:\/\/tabernaculoprensadedios.com\/web\/#\/schema\/person\/bc0e069fef56b38e177db6f098ae0b6e","name":"tabernaculo","image":{"@type":"ImageObject","inLanguage":"es","@id":"https:\/\/tabernaculoprensadedios.com\/web\/#\/schema\/person\/image\/","url":"https:\/\/tabernaculoprensadedios.com\/web\/wp-content\/uploads\/2015\/06\/login-logo1.png","contentUrl":"https:\/\/tabernaculoprensadedios.com\/web\/wp-content\/uploads\/2015\/06\/login-logo1.png","width":300,"height":118,"caption":"tabernaculo"},"logo":{"@id":"https:\/\/tabernaculoprensadedios.com\/web\/#\/schema\/person\/image\/"}},{"@type":"Person","@id":"https:\/\/tabernaculoprensadedios.com\/web\/#\/schema\/person\/64ae3a8b2e245c8b8652b1294ca1860a","name":"Malga","image":{"@type":"ImageObject","inLanguage":"es","@id":"https:\/\/tabernaculoprensadedios.com\/web\/#\/schema\/person\/image\/","url":"\/\/www.gravatar.com\/avatar\/b06041ad78a6d3dd6b8d5ebf9704448e?s=96&#038;r=g&#038;d=mm","contentUrl":"\/\/www.gravatar.com\/avatar\/b06041ad78a6d3dd6b8d5ebf9704448e?s=96&#038;r=g&#038;d=mm","caption":"Malga"},"url":"https:\/\/tabernaculoprensadedios.com\/web\/author\/malga\/"}]}},"_links":{"self":[{"href":"https:\/\/tabernaculoprensadedios.com\/web\/wp-json\/wp\/v2\/posts\/19255","targetHints":{"allow":["GET"]}}],"collection":[{"href":"https:\/\/tabernaculoprensadedios.com\/web\/wp-json\/wp\/v2\/posts"}],"about":[{"href":"https:\/\/tabernaculoprensadedios.com\/web\/wp-json\/wp\/v2\/types\/post"}],"author":[{"embeddable":true,"href":"https:\/\/tabernaculoprensadedios.com\/web\/wp-json\/wp\/v2\/users\/2"}],"replies":[{"embeddable":true,"href":"https:\/\/tabernaculoprensadedios.com\/web\/wp-json\/wp\/v2\/comments?post=19255"}],"version-history":[{"count":1,"href":"https:\/\/tabernaculoprensadedios.com\/web\/wp-json\/wp\/v2\/posts\/19255\/revisions"}],"predecessor-version":[{"id":19257,"href":"https:\/\/tabernaculoprensadedios.com\/web\/wp-json\/wp\/v2\/posts\/19255\/revisions\/19257"}],"wp:featuredmedia":[{"embeddable":true,"href":"https:\/\/tabernaculoprensadedios.com\/web\/wp-json\/wp\/v2\/media\/19256"}],"wp:attachment":[{"href":"https:\/\/tabernaculoprensadedios.com\/web\/wp-json\/wp\/v2\/media?parent=19255"}],"wp:term":[{"taxonomy":"category","embeddable":true,"href":"https:\/\/tabernaculoprensadedios.com\/web\/wp-json\/wp\/v2\/categories?post=19255"},{"taxonomy":"post_tag","embeddable":true,"href":"https:\/\/tabernaculoprensadedios.com\/web\/wp-json\/wp\/v2\/tags?post=19255"}],"curies":[{"name":"wp","href":"https:\/\/api.w.org\/{rel}","templated":true}]}}