{"id":17559,"date":"2020-10-11T00:05:27","date_gmt":"2020-10-11T00:05:27","guid":{"rendered":"http:\/\/tabernaculoprensadedios.com\/web\/?p=17559"},"modified":"2020-10-12T00:47:21","modified_gmt":"2020-10-12T00:47:21","slug":"ultimos-tiempos","status":"publish","type":"post","link":"https:\/\/tabernaculoprensadedios.com\/web\/ultimos-tiempos\/","title":{"rendered":"\u00bf\u00daltimos tiempos?"},"content":{"rendered":"<p>Cada vez que ocurren pandemias, desastres naturales, guerras a escala mundial, fen\u00f3menos espaciales, sucesos inexplicables a nivel planetario, etc., una mezcla de susto generalizado, preguntas futuristas, profec\u00edas apocal\u00edpticas, juicios condenatorios, interpretaciones b\u00edblicas \u2018medio\u2019 chuecas, paranoia colectiva y todo lo que por estos d\u00edas estamos viviendo, ocurre. Sin embargo, mucha de esta mescolanza tiene algo de cierto: Lo que est\u00e1 pasando no es una invenci\u00f3n de la mente, es real. El c\u00f3mo se interprete es otra cosa.<\/p>\n<p>\u00bfSab\u00edan que hist\u00f3ricamente el ala m\u00e1s religiosa (quiz\u00e1 ser\u00eda mejor decir, fan\u00e1tica) de la iglesia ha le\u00eddo estos acontecimientos como el fin del mundo? (\u00a1Cristo viene! \u00a1Estamos en la semana de la Tribulaci\u00f3n! \u00a1El mundo est\u00e1 llegando a su fin!). Tal lectura ha ocurrido desde los albores mismos del cristianismo, y esta vez no es la excepci\u00f3n. Ya s\u00e9 que este post no gustar\u00e1 a quienes anuncian el fin de la existencia humana, quienes adem\u00e1s se basan en libros como el Apocalipsis o el de Daniel para validar sus enuncios, pero ignoran que tales obras pertenecen a un g\u00e9nero llamado \u2018apocal\u00edptica\u2019 no por lo futurista, sino por lo hist\u00f3ricos que son\u2026 s\u00ed, Daniel y Apocalipsis son m\u00e1s hist\u00f3ricos que futuristas.<\/p>\n<p>Presentar\u00e9 en este art\u00edculo tres escritos anteriores de diferentes fechas de publicaci\u00f3n (dos son m\u00edos, uno es de otro autor) que van por la l\u00ednea de este post. Les invito a leer cada uno de ellos y ha responder usted mismo la pregunta que he planteado en el t\u00edtulo: \u00bfEstamos en los \u00faltimos tiempos?<\/p>\n<p><strong>PRIMER ESCRITO: \u00bfSiria ser\u00e1 Destruida?<\/strong><\/p>\n<p>Este art\u00edculo\u00a0 es de mi autor\u00eda, fue escrito y publicado el 14 de abril del 2018. Disfr\u00fatelo.<\/p>\n<p><strong>Hace varias semanas que viene circulando una fotograf\u00eda en la Internet que ha causado revuelo en \u201cciertas mentes\u201d,<\/strong>\u00a0\u00e9sta se ha viralizado porque parece demostrar una profec\u00eda b\u00edblica que por estos d\u00edas\u2026 \u201c\u00bfse est\u00e1 cumpliendo?\u201d\u00a0\ud83e\udd14<\/p>\n<p>La mentada foto es la que acompa\u00f1a este post y efectivamente el vers\u00edculo subrayado ah\u00ed existe, aparece en las Sagradas Escrituras (espec\u00edficamente en Isa\u00edas 17:3 versi\u00f3n TLA), pero lo que no dice la foto es\u00a0el contexto hist\u00f3rico-pol\u00edtico-religioso del verso. De ah\u00ed que\u00a0<em>\u201csacar un texto fuera de su contexto es un gran pretexto\u201d<\/em>.<\/p>\n<p><strong>PERM\u00cdTANME EXPLICARLES BREVEMENTE EL CONTEXTO:<\/strong><\/p>\n<p>Para entender el pasaje debemos leer todo el cap\u00edtulo 17 el cual fue escrito y pronunciado por el profeta Isa\u00edas (el proto-Isa\u00edas); en dicho cap\u00edtulo se habla de profec\u00edas contra Siria\u00a0<strong>pero tambi\u00e9n contra Israel,\u00a0<\/strong>el Reino del Norte, y esto se debe a la mala conducta de ambas naciones.<\/p>\n<p>Damasco era y es la capital de la actual Siria. Siria, junto con Efra\u00edn (Israel), ser\u00edan completamente destru\u00eddas por haber atacado a Jud\u00e1 cuando ambas naciones hicieron pacto de guerra contra Jerusal\u00e9n, capital de Jud\u00e1, Reino del Sur (a este pacto se lo conoce como la alianza sirio-efrainita). Fue as\u00ed que Siria fue invadida por el Imperio Asirio en el a\u00f1o 732 a.C. (Siria y Asiria no son lo mismo), en cuya ocasi\u00f3n cay\u00f3 en poder del extranjero y fue destruida.<\/p>\n<p>En el a\u00f1o 721 a.C. fue el turno de Samaria, capital de Israel, quien fue completamente derrotada por Tiglat Pileser III \u2013\u2013general en jefe de los asirios\u2013\u2013 quien hizo que las samaritanas se embarazaran de hombres asirios para hacer desaparecer la raza\u2026, \u00a1y lo consigui\u00f3! (bueno, en parte, qued\u00f3 un remanente de samaritanos puros). Por eso en los tiempos de Jes\u00fas los samaritanos y jud\u00edos no se llevaban bien porque estos \u00faltimos consideraban a los de Samaria impuros por haber tenido hijos con extranjeros.<\/p>\n<p>En fin, volviendo al vers\u00edculo de la foto debes entender esto:\u00a0<strong>ESA PROFEC\u00cdA YA SE CUMPLI\u00d3. Siria fue destru\u00edda en el 732 a.C. por Asiria<\/strong>.<\/p>\n<p>\u2014 \u00bfY por qu\u00e9 entonces Siria est\u00e1 siendo atacada en la actualidad? Por las mismas razones que toda esa zona del medio oriente lo est\u00e1 siendo, por conflictos geo-pol\u00edticos.<br \/>\n\u2014 \u00bfY por qu\u00e9 Siria y su capital Damasco siguen en pie si el Se\u00f1or dijo que las destruir\u00eda y usted mencion\u00f3 que esto ocurri\u00f3 en el 732 a.C.?\u00a0<strong>\u00a1CUIDADO!<\/strong>\u00a0La profec\u00eda isaiana no habla de la aniquilaci\u00f3n total de esa raza, pueblo, personas, sino de destruir el \u201cpoder sirio\u201d. Y as\u00ed fue, si bien Siria se volvi\u00f3 a levantar ya nunca m\u00e1s volvi\u00f3 a ser la potencia de antes, \u00bfcapiche?<\/p>\n<p>As\u00ed que, antes de anunciar este tipo de profec\u00edas te recomiendo estudiar la historia del Antiguo Testamento, as\u00ed evitar\u00e1s una mala interpretaci\u00f3n y difuminar malas ense\u00f1anzas.<\/p>\n<p>A poco que los del movimiento de SANA DOCTRINA ense\u00f1an esto<\/p>\n<p>Dame un like si te gust\u00f3, o bien ign\u00f3rame, o elim\u00edname pero no deseches esta ense\u00f1anza. Bendiciones!<\/p>\n","protected":false},"excerpt":{"rendered":"<p>Cada vez que ocurren pandemias, desastres naturales, guerras a escala mundial, fen\u00f3menos espaciales, sucesos inexplicables a nivel planetario, etc., una mezcla de susto generalizado, preguntas futuristas, profec\u00edas apocal\u00edpticas, juicios condenatorios, interpretaciones b\u00edblicas \u2018medio\u2019 chuecas, paranoia colectiva y todo lo que por estos d\u00edas estamos viviendo, ocurre. Sin embargo, mucha de esta mescolanza tiene algo de &hellip;<\/p>\n","protected":false},"author":2,"featured_media":17560,"comment_status":"open","ping_status":"open","sticky":false,"template":"","format":"standard","meta":{"footnotes":""},"categories":[34],"tags":[],"class_list":["post-17559","post","type-post","status-publish","format-standard","has-post-thumbnail","hentry","category-articulos"],"yoast_head":"<!-- This site is optimized with the Yoast SEO Premium plugin v24.2 (Yoast SEO v27.1.1) - https:\/\/yoast.com\/product\/yoast-seo-premium-wordpress\/ -->\n<title>\u00bf\u00daltimos tiempos? - Tabernaculo Prensa de Dios<\/title>\n<meta name=\"robots\" content=\"index, follow, max-snippet:-1, max-image-preview:large, max-video-preview:-1\" \/>\n<link rel=\"canonical\" href=\"https:\/\/tabernaculoprensadedios.com\/web\/ultimos-tiempos\/\" class=\"yoast-seo-meta-tag\" \/>\n<meta property=\"og:locale\" content=\"es_ES\" class=\"yoast-seo-meta-tag\" \/>\n<meta property=\"og:type\" content=\"article\" class=\"yoast-seo-meta-tag\" \/>\n<meta property=\"og:title\" content=\"\u00bf\u00daltimos tiempos?\" class=\"yoast-seo-meta-tag\" \/>\n<meta property=\"og:description\" content=\"Cada vez que ocurren pandemias, desastres naturales, guerras a escala mundial, fen\u00f3menos espaciales, sucesos inexplicables a nivel planetario, etc., una mezcla de susto generalizado, preguntas futuristas, profec\u00edas apocal\u00edpticas, juicios condenatorios, interpretaciones b\u00edblicas \u2018medio\u2019 chuecas, paranoia colectiva y todo lo que por estos d\u00edas estamos viviendo, ocurre. Sin embargo, mucha de esta mescolanza tiene algo de &hellip;\" class=\"yoast-seo-meta-tag\" \/>\n<meta property=\"og:url\" content=\"https:\/\/tabernaculoprensadedios.com\/web\/ultimos-tiempos\/\" class=\"yoast-seo-meta-tag\" \/>\n<meta property=\"og:site_name\" content=\"Tabernaculo Prensa de Dios\" class=\"yoast-seo-meta-tag\" \/>\n<meta property=\"article:published_time\" content=\"2020-10-11T00:05:27+00:00\" class=\"yoast-seo-meta-tag\" \/>\n<meta property=\"article:modified_time\" content=\"2020-10-12T00:47:21+00:00\" class=\"yoast-seo-meta-tag\" \/>\n<meta property=\"og:image\" content=\"https:\/\/tabernaculoprensadedios.com\/web\/wp-content\/uploads\/2020\/03\/5.jpg\" class=\"yoast-seo-meta-tag\" \/>\n\t<meta property=\"og:image:width\" content=\"852\" class=\"yoast-seo-meta-tag\" \/>\n\t<meta property=\"og:image:height\" content=\"480\" class=\"yoast-seo-meta-tag\" \/>\n\t<meta property=\"og:image:type\" content=\"image\/jpeg\" class=\"yoast-seo-meta-tag\" \/>\n<meta name=\"author\" content=\"Malga\" class=\"yoast-seo-meta-tag\" \/>\n<meta name=\"twitter:card\" content=\"summary_large_image\" class=\"yoast-seo-meta-tag\" \/>\n<meta name=\"twitter:creator\" content=\"@PrensadeDios\" class=\"yoast-seo-meta-tag\" \/>\n<meta name=\"twitter:site\" content=\"@PrensadeDios\" class=\"yoast-seo-meta-tag\" \/>\n<meta name=\"twitter:label1\" content=\"Escrito por\" class=\"yoast-seo-meta-tag\" \/>\n\t<meta name=\"twitter:data1\" content=\"Malga\" class=\"yoast-seo-meta-tag\" \/>\n\t<meta name=\"twitter:label2\" content=\"Tiempo de lectura\" class=\"yoast-seo-meta-tag\" \/>\n\t<meta name=\"twitter:data2\" content=\"4 minutos\" class=\"yoast-seo-meta-tag\" \/>\n<script type=\"application\/ld+json\" class=\"yoast-schema-graph\">{\"@context\":\"https:\/\/schema.org\",\"@graph\":[{\"@type\":\"Article\",\"@id\":\"https:\/\/tabernaculoprensadedios.com\/web\/ultimos-tiempos\/#article\",\"isPartOf\":{\"@id\":\"https:\/\/tabernaculoprensadedios.com\/web\/ultimos-tiempos\/\"},\"author\":{\"name\":\"Malga\",\"@id\":\"https:\/\/tabernaculoprensadedios.com\/web\/#\/schema\/person\/64ae3a8b2e245c8b8652b1294ca1860a\"},\"headline\":\"\u00bf\u00daltimos tiempos?\",\"datePublished\":\"2020-10-11T00:05:27+00:00\",\"dateModified\":\"2020-10-12T00:47:21+00:00\",\"mainEntityOfPage\":{\"@id\":\"https:\/\/tabernaculoprensadedios.com\/web\/ultimos-tiempos\/\"},\"wordCount\":829,\"commentCount\":0,\"publisher\":{\"@id\":\"https:\/\/tabernaculoprensadedios.com\/web\/#\/schema\/person\/bc0e069fef56b38e177db6f098ae0b6e\"},\"image\":{\"@id\":\"https:\/\/tabernaculoprensadedios.com\/web\/ultimos-tiempos\/#primaryimage\"},\"thumbnailUrl\":\"https:\/\/tabernaculoprensadedios.com\/web\/wp-content\/uploads\/2020\/03\/5.jpg\",\"articleSection\":[\"Articulos\"],\"inLanguage\":\"es\",\"potentialAction\":[{\"@type\":\"CommentAction\",\"name\":\"Comment\",\"target\":[\"https:\/\/tabernaculoprensadedios.com\/web\/ultimos-tiempos\/#respond\"]}]},{\"@type\":\"WebPage\",\"@id\":\"https:\/\/tabernaculoprensadedios.com\/web\/ultimos-tiempos\/\",\"url\":\"https:\/\/tabernaculoprensadedios.com\/web\/ultimos-tiempos\/\",\"name\":\"\u00bf\u00daltimos tiempos? - Tabernaculo Prensa de Dios\",\"isPartOf\":{\"@id\":\"https:\/\/tabernaculoprensadedios.com\/web\/#website\"},\"primaryImageOfPage\":{\"@id\":\"https:\/\/tabernaculoprensadedios.com\/web\/ultimos-tiempos\/#primaryimage\"},\"image\":{\"@id\":\"https:\/\/tabernaculoprensadedios.com\/web\/ultimos-tiempos\/#primaryimage\"},\"thumbnailUrl\":\"https:\/\/tabernaculoprensadedios.com\/web\/wp-content\/uploads\/2020\/03\/5.jpg\",\"datePublished\":\"2020-10-11T00:05:27+00:00\",\"dateModified\":\"2020-10-12T00:47:21+00:00\",\"breadcrumb\":{\"@id\":\"https:\/\/tabernaculoprensadedios.com\/web\/ultimos-tiempos\/#breadcrumb\"},\"inLanguage\":\"es\",\"potentialAction\":[{\"@type\":\"ReadAction\",\"target\":[\"https:\/\/tabernaculoprensadedios.com\/web\/ultimos-tiempos\/\"]}]},{\"@type\":\"ImageObject\",\"inLanguage\":\"es\",\"@id\":\"https:\/\/tabernaculoprensadedios.com\/web\/ultimos-tiempos\/#primaryimage\",\"url\":\"https:\/\/tabernaculoprensadedios.com\/web\/wp-content\/uploads\/2020\/03\/5.jpg\",\"contentUrl\":\"https:\/\/tabernaculoprensadedios.com\/web\/wp-content\/uploads\/2020\/03\/5.jpg\",\"width\":852,\"height\":480},{\"@type\":\"BreadcrumbList\",\"@id\":\"https:\/\/tabernaculoprensadedios.com\/web\/ultimos-tiempos\/#breadcrumb\",\"itemListElement\":[{\"@type\":\"ListItem\",\"position\":1,\"name\":\"Portada\",\"item\":\"https:\/\/tabernaculoprensadedios.com\/web\/\"},{\"@type\":\"ListItem\",\"position\":2,\"name\":\"\u00bf\u00daltimos tiempos?\"}]},{\"@type\":\"WebSite\",\"@id\":\"https:\/\/tabernaculoprensadedios.com\/web\/#website\",\"url\":\"https:\/\/tabernaculoprensadedios.com\/web\/\",\"name\":\"Tabernaculo Prensa de Dios\",\"description\":\"Un medio a la manera de Dios\",\"publisher\":{\"@id\":\"https:\/\/tabernaculoprensadedios.com\/web\/#\/schema\/person\/bc0e069fef56b38e177db6f098ae0b6e\"},\"potentialAction\":[{\"@type\":\"SearchAction\",\"target\":{\"@type\":\"EntryPoint\",\"urlTemplate\":\"https:\/\/tabernaculoprensadedios.com\/web\/?s={search_term_string}\"},\"query-input\":{\"@type\":\"PropertyValueSpecification\",\"valueRequired\":true,\"valueName\":\"search_term_string\"}}],\"inLanguage\":\"es\"},{\"@type\":[\"Person\",\"Organization\"],\"@id\":\"https:\/\/tabernaculoprensadedios.com\/web\/#\/schema\/person\/bc0e069fef56b38e177db6f098ae0b6e\",\"name\":\"tabernaculo\",\"image\":{\"@type\":\"ImageObject\",\"inLanguage\":\"es\",\"@id\":\"https:\/\/tabernaculoprensadedios.com\/web\/#\/schema\/person\/image\/\",\"url\":\"https:\/\/tabernaculoprensadedios.com\/web\/wp-content\/uploads\/2015\/06\/login-logo1.png\",\"contentUrl\":\"https:\/\/tabernaculoprensadedios.com\/web\/wp-content\/uploads\/2015\/06\/login-logo1.png\",\"width\":300,\"height\":118,\"caption\":\"tabernaculo\"},\"logo\":{\"@id\":\"https:\/\/tabernaculoprensadedios.com\/web\/#\/schema\/person\/image\/\"}},{\"@type\":\"Person\",\"@id\":\"https:\/\/tabernaculoprensadedios.com\/web\/#\/schema\/person\/64ae3a8b2e245c8b8652b1294ca1860a\",\"name\":\"Malga\",\"image\":{\"@type\":\"ImageObject\",\"inLanguage\":\"es\",\"@id\":\"https:\/\/tabernaculoprensadedios.com\/web\/#\/schema\/person\/image\/\",\"url\":\"\/\/www.gravatar.com\/avatar\/b06041ad78a6d3dd6b8d5ebf9704448e?s=96&#038;r=g&#038;d=mm\",\"contentUrl\":\"\/\/www.gravatar.com\/avatar\/b06041ad78a6d3dd6b8d5ebf9704448e?s=96&#038;r=g&#038;d=mm\",\"caption\":\"Malga\"},\"url\":\"https:\/\/tabernaculoprensadedios.com\/web\/author\/malga\/\"}]}<\/script>\n<!-- \/ Yoast SEO Premium plugin. -->","yoast_head_json":{"title":"\u00bf\u00daltimos tiempos? - Tabernaculo Prensa de Dios","robots":{"index":"index","follow":"follow","max-snippet":"max-snippet:-1","max-image-preview":"max-image-preview:large","max-video-preview":"max-video-preview:-1"},"canonical":"https:\/\/tabernaculoprensadedios.com\/web\/ultimos-tiempos\/","og_locale":"es_ES","og_type":"article","og_title":"\u00bf\u00daltimos tiempos?","og_description":"Cada vez que ocurren pandemias, desastres naturales, guerras a escala mundial, fen\u00f3menos espaciales, sucesos inexplicables a nivel planetario, etc., una mezcla de susto generalizado, preguntas futuristas, profec\u00edas apocal\u00edpticas, juicios condenatorios, interpretaciones b\u00edblicas \u2018medio\u2019 chuecas, paranoia colectiva y todo lo que por estos d\u00edas estamos viviendo, ocurre. Sin embargo, mucha de esta mescolanza tiene algo de &hellip;","og_url":"https:\/\/tabernaculoprensadedios.com\/web\/ultimos-tiempos\/","og_site_name":"Tabernaculo Prensa de Dios","article_published_time":"2020-10-11T00:05:27+00:00","article_modified_time":"2020-10-12T00:47:21+00:00","og_image":[{"width":852,"height":480,"url":"https:\/\/tabernaculoprensadedios.com\/web\/wp-content\/uploads\/2020\/03\/5.jpg","type":"image\/jpeg"}],"author":"Malga","twitter_card":"summary_large_image","twitter_creator":"@PrensadeDios","twitter_site":"@PrensadeDios","twitter_misc":{"Escrito por":"Malga","Tiempo de lectura":"4 minutos"},"schema":{"@context":"https:\/\/schema.org","@graph":[{"@type":"Article","@id":"https:\/\/tabernaculoprensadedios.com\/web\/ultimos-tiempos\/#article","isPartOf":{"@id":"https:\/\/tabernaculoprensadedios.com\/web\/ultimos-tiempos\/"},"author":{"name":"Malga","@id":"https:\/\/tabernaculoprensadedios.com\/web\/#\/schema\/person\/64ae3a8b2e245c8b8652b1294ca1860a"},"headline":"\u00bf\u00daltimos tiempos?","datePublished":"2020-10-11T00:05:27+00:00","dateModified":"2020-10-12T00:47:21+00:00","mainEntityOfPage":{"@id":"https:\/\/tabernaculoprensadedios.com\/web\/ultimos-tiempos\/"},"wordCount":829,"commentCount":0,"publisher":{"@id":"https:\/\/tabernaculoprensadedios.com\/web\/#\/schema\/person\/bc0e069fef56b38e177db6f098ae0b6e"},"image":{"@id":"https:\/\/tabernaculoprensadedios.com\/web\/ultimos-tiempos\/#primaryimage"},"thumbnailUrl":"https:\/\/tabernaculoprensadedios.com\/web\/wp-content\/uploads\/2020\/03\/5.jpg","articleSection":["Articulos"],"inLanguage":"es","potentialAction":[{"@type":"CommentAction","name":"Comment","target":["https:\/\/tabernaculoprensadedios.com\/web\/ultimos-tiempos\/#respond"]}]},{"@type":"WebPage","@id":"https:\/\/tabernaculoprensadedios.com\/web\/ultimos-tiempos\/","url":"https:\/\/tabernaculoprensadedios.com\/web\/ultimos-tiempos\/","name":"\u00bf\u00daltimos tiempos? - Tabernaculo Prensa de Dios","isPartOf":{"@id":"https:\/\/tabernaculoprensadedios.com\/web\/#website"},"primaryImageOfPage":{"@id":"https:\/\/tabernaculoprensadedios.com\/web\/ultimos-tiempos\/#primaryimage"},"image":{"@id":"https:\/\/tabernaculoprensadedios.com\/web\/ultimos-tiempos\/#primaryimage"},"thumbnailUrl":"https:\/\/tabernaculoprensadedios.com\/web\/wp-content\/uploads\/2020\/03\/5.jpg","datePublished":"2020-10-11T00:05:27+00:00","dateModified":"2020-10-12T00:47:21+00:00","breadcrumb":{"@id":"https:\/\/tabernaculoprensadedios.com\/web\/ultimos-tiempos\/#breadcrumb"},"inLanguage":"es","potentialAction":[{"@type":"ReadAction","target":["https:\/\/tabernaculoprensadedios.com\/web\/ultimos-tiempos\/"]}]},{"@type":"ImageObject","inLanguage":"es","@id":"https:\/\/tabernaculoprensadedios.com\/web\/ultimos-tiempos\/#primaryimage","url":"https:\/\/tabernaculoprensadedios.com\/web\/wp-content\/uploads\/2020\/03\/5.jpg","contentUrl":"https:\/\/tabernaculoprensadedios.com\/web\/wp-content\/uploads\/2020\/03\/5.jpg","width":852,"height":480},{"@type":"BreadcrumbList","@id":"https:\/\/tabernaculoprensadedios.com\/web\/ultimos-tiempos\/#breadcrumb","itemListElement":[{"@type":"ListItem","position":1,"name":"Portada","item":"https:\/\/tabernaculoprensadedios.com\/web\/"},{"@type":"ListItem","position":2,"name":"\u00bf\u00daltimos tiempos?"}]},{"@type":"WebSite","@id":"https:\/\/tabernaculoprensadedios.com\/web\/#website","url":"https:\/\/tabernaculoprensadedios.com\/web\/","name":"Tabernaculo Prensa de Dios","description":"Un medio a la manera de Dios","publisher":{"@id":"https:\/\/tabernaculoprensadedios.com\/web\/#\/schema\/person\/bc0e069fef56b38e177db6f098ae0b6e"},"potentialAction":[{"@type":"SearchAction","target":{"@type":"EntryPoint","urlTemplate":"https:\/\/tabernaculoprensadedios.com\/web\/?s={search_term_string}"},"query-input":{"@type":"PropertyValueSpecification","valueRequired":true,"valueName":"search_term_string"}}],"inLanguage":"es"},{"@type":["Person","Organization"],"@id":"https:\/\/tabernaculoprensadedios.com\/web\/#\/schema\/person\/bc0e069fef56b38e177db6f098ae0b6e","name":"tabernaculo","image":{"@type":"ImageObject","inLanguage":"es","@id":"https:\/\/tabernaculoprensadedios.com\/web\/#\/schema\/person\/image\/","url":"https:\/\/tabernaculoprensadedios.com\/web\/wp-content\/uploads\/2015\/06\/login-logo1.png","contentUrl":"https:\/\/tabernaculoprensadedios.com\/web\/wp-content\/uploads\/2015\/06\/login-logo1.png","width":300,"height":118,"caption":"tabernaculo"},"logo":{"@id":"https:\/\/tabernaculoprensadedios.com\/web\/#\/schema\/person\/image\/"}},{"@type":"Person","@id":"https:\/\/tabernaculoprensadedios.com\/web\/#\/schema\/person\/64ae3a8b2e245c8b8652b1294ca1860a","name":"Malga","image":{"@type":"ImageObject","inLanguage":"es","@id":"https:\/\/tabernaculoprensadedios.com\/web\/#\/schema\/person\/image\/","url":"\/\/www.gravatar.com\/avatar\/b06041ad78a6d3dd6b8d5ebf9704448e?s=96&#038;r=g&#038;d=mm","contentUrl":"\/\/www.gravatar.com\/avatar\/b06041ad78a6d3dd6b8d5ebf9704448e?s=96&#038;r=g&#038;d=mm","caption":"Malga"},"url":"https:\/\/tabernaculoprensadedios.com\/web\/author\/malga\/"}]}},"_links":{"self":[{"href":"https:\/\/tabernaculoprensadedios.com\/web\/wp-json\/wp\/v2\/posts\/17559","targetHints":{"allow":["GET"]}}],"collection":[{"href":"https:\/\/tabernaculoprensadedios.com\/web\/wp-json\/wp\/v2\/posts"}],"about":[{"href":"https:\/\/tabernaculoprensadedios.com\/web\/wp-json\/wp\/v2\/types\/post"}],"author":[{"embeddable":true,"href":"https:\/\/tabernaculoprensadedios.com\/web\/wp-json\/wp\/v2\/users\/2"}],"replies":[{"embeddable":true,"href":"https:\/\/tabernaculoprensadedios.com\/web\/wp-json\/wp\/v2\/comments?post=17559"}],"version-history":[{"count":5,"href":"https:\/\/tabernaculoprensadedios.com\/web\/wp-json\/wp\/v2\/posts\/17559\/revisions"}],"predecessor-version":[{"id":19836,"href":"https:\/\/tabernaculoprensadedios.com\/web\/wp-json\/wp\/v2\/posts\/17559\/revisions\/19836"}],"wp:featuredmedia":[{"embeddable":true,"href":"https:\/\/tabernaculoprensadedios.com\/web\/wp-json\/wp\/v2\/media\/17560"}],"wp:attachment":[{"href":"https:\/\/tabernaculoprensadedios.com\/web\/wp-json\/wp\/v2\/media?parent=17559"}],"wp:term":[{"taxonomy":"category","embeddable":true,"href":"https:\/\/tabernaculoprensadedios.com\/web\/wp-json\/wp\/v2\/categories?post=17559"},{"taxonomy":"post_tag","embeddable":true,"href":"https:\/\/tabernaculoprensadedios.com\/web\/wp-json\/wp\/v2\/tags?post=17559"}],"curies":[{"name":"wp","href":"https:\/\/api.w.org\/{rel}","templated":true}]}}