{"id":17238,"date":"2020-02-26T15:41:03","date_gmt":"2020-02-26T15:41:03","guid":{"rendered":"http:\/\/tabernaculoprensadedios.com\/web\/?p=17238"},"modified":"2020-02-26T16:06:40","modified_gmt":"2020-02-26T16:06:40","slug":"unev-en-un-grito-de-independencia-nacional-rinde-tributo-a-la-bandera-en-ocasion-al-176-aniversario","status":"publish","type":"post","link":"https:\/\/tabernaculoprensadedios.com\/web\/unev-en-un-grito-de-independencia-nacional-rinde-tributo-a-la-bandera-en-ocasion-al-176-aniversario\/","title":{"rendered":"Unev en un grito de Independencia Nacional rinde tributo a la Bandera en ocasi\u00f3n al 176 aniversario"},"content":{"rendered":"<p>En ocasi\u00f3n de la celebraci\u00f3n del 176 aniversario de la Independencia Nacional, las autoridades de la Universidad Nacional Evang\u00e9lica (UNEV) realizaron un emblem\u00e1tico acto de enhestamiento de la Bandera Nacional, en el que tambi\u00e9n rindi\u00f3 homenaje a los s\u00edmbolos patrios.<\/p>\n<p>El acto estuvo encabezado por el ingeniero Epifanio Gonz\u00e1lez Minaya, y participaron, adem\u00e1s, estudiantes universitarios, miembros de la Fundaci\u00f3n Evang\u00e9lica Universitaria, el Consejo Acad\u00e9mico, directores y colaboradores, quienes con gran entusiasmo dieron gracias a Dios por los hombres y mujeres valiosas que con honor ofrendaron sus vidas\u00a0 y heredarnos una naci\u00f3n libre, soberana e independiente de toda dominaci\u00f3n extranjera.<\/p>\n<p>Al ofrecer las palabras centrales, Gonz\u00e1lez Minaya destac\u00f3 que\u00a0 los patricios eran\u00a0 profundamente conocedores del Creador\u00a0 y la Biblia, por lo cual el libro sagrado est\u00e1 colocado en el centro de nuestra bandera.<\/p>\n<p>\u201cSirva este acto patri\u00f3tico para recordarnos nuestros s\u00edmbolos patrios, pero sobre todo para comprometernos a hacer mejores dominicanos\u00a0 y convertimos en mejores ciudadanos cuando cumplimos nuestros deberes y exigimos nuestros derechos, cumplir las leyes y respetar el derecho de nuestro pr\u00f3jimo sea la mejor manera de ser mejores dominicanos, manifest\u00f3 Gonz\u00e1lez Minaya.<\/p>\n<p>En el acto habl\u00f3 la vicerrectora acad\u00e9mica, Santa Guzm\u00e1n, mientras que doctor Rafael Reyes, vicerrector administrativo y el Capell\u00e1n de la academia, Jos\u00e9 Montero, tuvieron lecturas de los\u00a0 pensamientos de Juan Pablo Duarte.<\/p>\n<p>La ceremonia inici\u00f3 con el izamiento de la Bandera a cargo de Juan Guerrero \u00c1vila, Vicerrector de Investigaci\u00f3n y Post-grado; Santa Guzm\u00e1n, Vicerrectora Acad\u00e9mica, y Ar\u00edstides Ram\u00edrez, director del departamento de Bienestar Estudiantil.<\/p>\n<p>El acto cont\u00f3 con la participaci\u00f3n especial Leslie Mart\u00ednez, estudiante del Colegio Experimental Unev \u201cMar\u00eda Trinidad S\u00e1nchez\u201d, del sector San Carlos, quien ley\u00f3\u00a0 la\u00a0 biograf\u00eda\u00a0 del patricio Mat\u00edas Ram\u00f3n Mella.\u00a0 Estuvieron presentes, adem\u00e1s, Raiza Mat\u00edas Pineda, directora\u00a0 del Liceo Uni\u00f3n\u00a0 Panamericana; Mar\u00eda Nelly Ram\u00edrez\u00a0 del\u00a0 Distrito Escolar 15 -03 del Ministerio de Educaci\u00f3n (MINERD); Calixto\u00a0 Wyatt, director del\u00a0 Colegio Experimental Unev \u201cMar\u00eda Trinidad S\u00e1nchez, y estudiantes de diferentes niveles de estudios al igual del Liceo Panamericano.<\/p>\n","protected":false},"excerpt":{"rendered":"<p>En ocasi\u00f3n de la celebraci\u00f3n del 176 aniversario de la Independencia Nacional, las autoridades de la Universidad Nacional Evang\u00e9lica (UNEV) realizaron un emblem\u00e1tico acto de enhestamiento de la Bandera Nacional, en el que tambi\u00e9n rindi\u00f3 homenaje a los s\u00edmbolos patrios. El acto estuvo encabezado por el ingeniero Epifanio Gonz\u00e1lez Minaya, y participaron, adem\u00e1s, estudiantes universitarios, &hellip;<\/p>\n","protected":false},"author":1,"featured_media":17239,"comment_status":"open","ping_status":"open","sticky":false,"template":"","format":"standard","meta":{"footnotes":""},"categories":[19],"tags":[],"class_list":["post-17238","post","type-post","status-publish","format-standard","has-post-thumbnail","hentry","category-educacion"],"yoast_head":"<!-- This site is optimized with the Yoast SEO Premium plugin v24.2 (Yoast SEO v27.1.1) - https:\/\/yoast.com\/product\/yoast-seo-premium-wordpress\/ -->\n<title>Unev en un grito de Independencia Nacional rinde tributo a la Bandera en ocasi\u00f3n al 176 aniversario - Tabernaculo Prensa de Dios<\/title>\n<meta name=\"robots\" content=\"index, follow, max-snippet:-1, max-image-preview:large, max-video-preview:-1\" \/>\n<link rel=\"canonical\" href=\"https:\/\/tabernaculoprensadedios.com\/web\/unev-en-un-grito-de-independencia-nacional-rinde-tributo-a-la-bandera-en-ocasion-al-176-aniversario\/\" class=\"yoast-seo-meta-tag\" \/>\n<meta property=\"og:locale\" content=\"es_ES\" class=\"yoast-seo-meta-tag\" \/>\n<meta property=\"og:type\" content=\"article\" class=\"yoast-seo-meta-tag\" \/>\n<meta property=\"og:title\" content=\"Unev en un grito de Independencia Nacional rinde tributo a la Bandera en ocasi\u00f3n al 176 aniversario\" class=\"yoast-seo-meta-tag\" \/>\n<meta property=\"og:description\" content=\"En ocasi\u00f3n de la celebraci\u00f3n del 176 aniversario de la Independencia Nacional, las autoridades de la Universidad Nacional Evang\u00e9lica (UNEV) realizaron un emblem\u00e1tico acto de enhestamiento de la Bandera Nacional, en el que tambi\u00e9n rindi\u00f3 homenaje a los s\u00edmbolos patrios. El acto estuvo encabezado por el ingeniero Epifanio Gonz\u00e1lez Minaya, y participaron, adem\u00e1s, estudiantes universitarios, &hellip;\" class=\"yoast-seo-meta-tag\" \/>\n<meta property=\"og:url\" content=\"https:\/\/tabernaculoprensadedios.com\/web\/unev-en-un-grito-de-independencia-nacional-rinde-tributo-a-la-bandera-en-ocasion-al-176-aniversario\/\" class=\"yoast-seo-meta-tag\" \/>\n<meta property=\"og:site_name\" content=\"Tabernaculo Prensa de Dios\" class=\"yoast-seo-meta-tag\" \/>\n<meta property=\"article:published_time\" content=\"2020-02-26T15:41:03+00:00\" class=\"yoast-seo-meta-tag\" \/>\n<meta property=\"article:modified_time\" content=\"2020-02-26T16:06:40+00:00\" class=\"yoast-seo-meta-tag\" \/>\n<meta property=\"og:image\" content=\"https:\/\/tabernaculoprensadedios.com\/web\/wp-content\/uploads\/2020\/02\/unevianos.jpg\" class=\"yoast-seo-meta-tag\" \/>\n\t<meta property=\"og:image:width\" content=\"1280\" class=\"yoast-seo-meta-tag\" \/>\n\t<meta property=\"og:image:height\" content=\"914\" class=\"yoast-seo-meta-tag\" \/>\n\t<meta property=\"og:image:type\" content=\"image\/jpeg\" class=\"yoast-seo-meta-tag\" \/>\n<meta name=\"author\" content=\"tabernaculo\" class=\"yoast-seo-meta-tag\" \/>\n<meta name=\"twitter:card\" content=\"summary_large_image\" class=\"yoast-seo-meta-tag\" \/>\n<meta name=\"twitter:creator\" content=\"@PrensadeDios\" class=\"yoast-seo-meta-tag\" \/>\n<meta name=\"twitter:site\" content=\"@PrensadeDios\" class=\"yoast-seo-meta-tag\" \/>\n<meta name=\"twitter:label1\" content=\"Escrito por\" class=\"yoast-seo-meta-tag\" \/>\n\t<meta name=\"twitter:data1\" content=\"tabernaculo\" class=\"yoast-seo-meta-tag\" \/>\n\t<meta name=\"twitter:label2\" content=\"Tiempo de lectura\" class=\"yoast-seo-meta-tag\" \/>\n\t<meta name=\"twitter:data2\" content=\"2 minutos\" class=\"yoast-seo-meta-tag\" \/>\n<script type=\"application\/ld+json\" class=\"yoast-schema-graph\">{\"@context\":\"https:\/\/schema.org\",\"@graph\":[{\"@type\":\"Article\",\"@id\":\"https:\/\/tabernaculoprensadedios.com\/web\/unev-en-un-grito-de-independencia-nacional-rinde-tributo-a-la-bandera-en-ocasion-al-176-aniversario\/#article\",\"isPartOf\":{\"@id\":\"https:\/\/tabernaculoprensadedios.com\/web\/unev-en-un-grito-de-independencia-nacional-rinde-tributo-a-la-bandera-en-ocasion-al-176-aniversario\/\"},\"author\":{\"name\":\"tabernaculo\",\"@id\":\"https:\/\/tabernaculoprensadedios.com\/web\/#\/schema\/person\/bc0e069fef56b38e177db6f098ae0b6e\"},\"headline\":\"Unev en un grito de Independencia Nacional rinde tributo a la Bandera en ocasi\u00f3n al 176 aniversario\",\"datePublished\":\"2020-02-26T15:41:03+00:00\",\"dateModified\":\"2020-02-26T16:06:40+00:00\",\"mainEntityOfPage\":{\"@id\":\"https:\/\/tabernaculoprensadedios.com\/web\/unev-en-un-grito-de-independencia-nacional-rinde-tributo-a-la-bandera-en-ocasion-al-176-aniversario\/\"},\"wordCount\":382,\"commentCount\":0,\"publisher\":{\"@id\":\"https:\/\/tabernaculoprensadedios.com\/web\/#\/schema\/person\/bc0e069fef56b38e177db6f098ae0b6e\"},\"image\":{\"@id\":\"https:\/\/tabernaculoprensadedios.com\/web\/unev-en-un-grito-de-independencia-nacional-rinde-tributo-a-la-bandera-en-ocasion-al-176-aniversario\/#primaryimage\"},\"thumbnailUrl\":\"https:\/\/tabernaculoprensadedios.com\/web\/wp-content\/uploads\/2020\/02\/unevianos.jpg\",\"articleSection\":[\"Educaci\u00f3n\"],\"inLanguage\":\"es\",\"potentialAction\":[{\"@type\":\"CommentAction\",\"name\":\"Comment\",\"target\":[\"https:\/\/tabernaculoprensadedios.com\/web\/unev-en-un-grito-de-independencia-nacional-rinde-tributo-a-la-bandera-en-ocasion-al-176-aniversario\/#respond\"]}]},{\"@type\":\"WebPage\",\"@id\":\"https:\/\/tabernaculoprensadedios.com\/web\/unev-en-un-grito-de-independencia-nacional-rinde-tributo-a-la-bandera-en-ocasion-al-176-aniversario\/\",\"url\":\"https:\/\/tabernaculoprensadedios.com\/web\/unev-en-un-grito-de-independencia-nacional-rinde-tributo-a-la-bandera-en-ocasion-al-176-aniversario\/\",\"name\":\"Unev en un grito de Independencia Nacional rinde tributo a la Bandera en ocasi\u00f3n al 176 aniversario - Tabernaculo Prensa de Dios\",\"isPartOf\":{\"@id\":\"https:\/\/tabernaculoprensadedios.com\/web\/#website\"},\"primaryImageOfPage\":{\"@id\":\"https:\/\/tabernaculoprensadedios.com\/web\/unev-en-un-grito-de-independencia-nacional-rinde-tributo-a-la-bandera-en-ocasion-al-176-aniversario\/#primaryimage\"},\"image\":{\"@id\":\"https:\/\/tabernaculoprensadedios.com\/web\/unev-en-un-grito-de-independencia-nacional-rinde-tributo-a-la-bandera-en-ocasion-al-176-aniversario\/#primaryimage\"},\"thumbnailUrl\":\"https:\/\/tabernaculoprensadedios.com\/web\/wp-content\/uploads\/2020\/02\/unevianos.jpg\",\"datePublished\":\"2020-02-26T15:41:03+00:00\",\"dateModified\":\"2020-02-26T16:06:40+00:00\",\"breadcrumb\":{\"@id\":\"https:\/\/tabernaculoprensadedios.com\/web\/unev-en-un-grito-de-independencia-nacional-rinde-tributo-a-la-bandera-en-ocasion-al-176-aniversario\/#breadcrumb\"},\"inLanguage\":\"es\",\"potentialAction\":[{\"@type\":\"ReadAction\",\"target\":[\"https:\/\/tabernaculoprensadedios.com\/web\/unev-en-un-grito-de-independencia-nacional-rinde-tributo-a-la-bandera-en-ocasion-al-176-aniversario\/\"]}]},{\"@type\":\"ImageObject\",\"inLanguage\":\"es\",\"@id\":\"https:\/\/tabernaculoprensadedios.com\/web\/unev-en-un-grito-de-independencia-nacional-rinde-tributo-a-la-bandera-en-ocasion-al-176-aniversario\/#primaryimage\",\"url\":\"https:\/\/tabernaculoprensadedios.com\/web\/wp-content\/uploads\/2020\/02\/unevianos.jpg\",\"contentUrl\":\"https:\/\/tabernaculoprensadedios.com\/web\/wp-content\/uploads\/2020\/02\/unevianos.jpg\",\"width\":1280,\"height\":914},{\"@type\":\"BreadcrumbList\",\"@id\":\"https:\/\/tabernaculoprensadedios.com\/web\/unev-en-un-grito-de-independencia-nacional-rinde-tributo-a-la-bandera-en-ocasion-al-176-aniversario\/#breadcrumb\",\"itemListElement\":[{\"@type\":\"ListItem\",\"position\":1,\"name\":\"Portada\",\"item\":\"https:\/\/tabernaculoprensadedios.com\/web\/\"},{\"@type\":\"ListItem\",\"position\":2,\"name\":\"Unev en un grito de Independencia Nacional rinde tributo a la Bandera en ocasi\u00f3n al 176 aniversario\"}]},{\"@type\":\"WebSite\",\"@id\":\"https:\/\/tabernaculoprensadedios.com\/web\/#website\",\"url\":\"https:\/\/tabernaculoprensadedios.com\/web\/\",\"name\":\"Tabernaculo Prensa de Dios\",\"description\":\"Un medio a la manera de Dios\",\"publisher\":{\"@id\":\"https:\/\/tabernaculoprensadedios.com\/web\/#\/schema\/person\/bc0e069fef56b38e177db6f098ae0b6e\"},\"potentialAction\":[{\"@type\":\"SearchAction\",\"target\":{\"@type\":\"EntryPoint\",\"urlTemplate\":\"https:\/\/tabernaculoprensadedios.com\/web\/?s={search_term_string}\"},\"query-input\":{\"@type\":\"PropertyValueSpecification\",\"valueRequired\":true,\"valueName\":\"search_term_string\"}}],\"inLanguage\":\"es\"},{\"@type\":[\"Person\",\"Organization\"],\"@id\":\"https:\/\/tabernaculoprensadedios.com\/web\/#\/schema\/person\/bc0e069fef56b38e177db6f098ae0b6e\",\"name\":\"tabernaculo\",\"image\":{\"@type\":\"ImageObject\",\"inLanguage\":\"es\",\"@id\":\"https:\/\/tabernaculoprensadedios.com\/web\/#\/schema\/person\/image\/\",\"url\":\"https:\/\/tabernaculoprensadedios.com\/web\/wp-content\/uploads\/2015\/06\/login-logo1.png\",\"contentUrl\":\"https:\/\/tabernaculoprensadedios.com\/web\/wp-content\/uploads\/2015\/06\/login-logo1.png\",\"width\":300,\"height\":118,\"caption\":\"tabernaculo\"},\"logo\":{\"@id\":\"https:\/\/tabernaculoprensadedios.com\/web\/#\/schema\/person\/image\/\"},\"url\":\"https:\/\/tabernaculoprensadedios.com\/web\/author\/tabernaculo\/\"}]}<\/script>\n<!-- \/ Yoast SEO Premium plugin. -->","yoast_head_json":{"title":"Unev en un grito de Independencia Nacional rinde tributo a la Bandera en ocasi\u00f3n al 176 aniversario - Tabernaculo Prensa de Dios","robots":{"index":"index","follow":"follow","max-snippet":"max-snippet:-1","max-image-preview":"max-image-preview:large","max-video-preview":"max-video-preview:-1"},"canonical":"https:\/\/tabernaculoprensadedios.com\/web\/unev-en-un-grito-de-independencia-nacional-rinde-tributo-a-la-bandera-en-ocasion-al-176-aniversario\/","og_locale":"es_ES","og_type":"article","og_title":"Unev en un grito de Independencia Nacional rinde tributo a la Bandera en ocasi\u00f3n al 176 aniversario","og_description":"En ocasi\u00f3n de la celebraci\u00f3n del 176 aniversario de la Independencia Nacional, las autoridades de la Universidad Nacional Evang\u00e9lica (UNEV) realizaron un emblem\u00e1tico acto de enhestamiento de la Bandera Nacional, en el que tambi\u00e9n rindi\u00f3 homenaje a los s\u00edmbolos patrios. El acto estuvo encabezado por el ingeniero Epifanio Gonz\u00e1lez Minaya, y participaron, adem\u00e1s, estudiantes universitarios, &hellip;","og_url":"https:\/\/tabernaculoprensadedios.com\/web\/unev-en-un-grito-de-independencia-nacional-rinde-tributo-a-la-bandera-en-ocasion-al-176-aniversario\/","og_site_name":"Tabernaculo Prensa de Dios","article_published_time":"2020-02-26T15:41:03+00:00","article_modified_time":"2020-02-26T16:06:40+00:00","og_image":[{"width":1280,"height":914,"url":"https:\/\/tabernaculoprensadedios.com\/web\/wp-content\/uploads\/2020\/02\/unevianos.jpg","type":"image\/jpeg"}],"author":"tabernaculo","twitter_card":"summary_large_image","twitter_creator":"@PrensadeDios","twitter_site":"@PrensadeDios","twitter_misc":{"Escrito por":"tabernaculo","Tiempo de lectura":"2 minutos"},"schema":{"@context":"https:\/\/schema.org","@graph":[{"@type":"Article","@id":"https:\/\/tabernaculoprensadedios.com\/web\/unev-en-un-grito-de-independencia-nacional-rinde-tributo-a-la-bandera-en-ocasion-al-176-aniversario\/#article","isPartOf":{"@id":"https:\/\/tabernaculoprensadedios.com\/web\/unev-en-un-grito-de-independencia-nacional-rinde-tributo-a-la-bandera-en-ocasion-al-176-aniversario\/"},"author":{"name":"tabernaculo","@id":"https:\/\/tabernaculoprensadedios.com\/web\/#\/schema\/person\/bc0e069fef56b38e177db6f098ae0b6e"},"headline":"Unev en un grito de Independencia Nacional rinde tributo a la Bandera en ocasi\u00f3n al 176 aniversario","datePublished":"2020-02-26T15:41:03+00:00","dateModified":"2020-02-26T16:06:40+00:00","mainEntityOfPage":{"@id":"https:\/\/tabernaculoprensadedios.com\/web\/unev-en-un-grito-de-independencia-nacional-rinde-tributo-a-la-bandera-en-ocasion-al-176-aniversario\/"},"wordCount":382,"commentCount":0,"publisher":{"@id":"https:\/\/tabernaculoprensadedios.com\/web\/#\/schema\/person\/bc0e069fef56b38e177db6f098ae0b6e"},"image":{"@id":"https:\/\/tabernaculoprensadedios.com\/web\/unev-en-un-grito-de-independencia-nacional-rinde-tributo-a-la-bandera-en-ocasion-al-176-aniversario\/#primaryimage"},"thumbnailUrl":"https:\/\/tabernaculoprensadedios.com\/web\/wp-content\/uploads\/2020\/02\/unevianos.jpg","articleSection":["Educaci\u00f3n"],"inLanguage":"es","potentialAction":[{"@type":"CommentAction","name":"Comment","target":["https:\/\/tabernaculoprensadedios.com\/web\/unev-en-un-grito-de-independencia-nacional-rinde-tributo-a-la-bandera-en-ocasion-al-176-aniversario\/#respond"]}]},{"@type":"WebPage","@id":"https:\/\/tabernaculoprensadedios.com\/web\/unev-en-un-grito-de-independencia-nacional-rinde-tributo-a-la-bandera-en-ocasion-al-176-aniversario\/","url":"https:\/\/tabernaculoprensadedios.com\/web\/unev-en-un-grito-de-independencia-nacional-rinde-tributo-a-la-bandera-en-ocasion-al-176-aniversario\/","name":"Unev en un grito de Independencia Nacional rinde tributo a la Bandera en ocasi\u00f3n al 176 aniversario - Tabernaculo Prensa de Dios","isPartOf":{"@id":"https:\/\/tabernaculoprensadedios.com\/web\/#website"},"primaryImageOfPage":{"@id":"https:\/\/tabernaculoprensadedios.com\/web\/unev-en-un-grito-de-independencia-nacional-rinde-tributo-a-la-bandera-en-ocasion-al-176-aniversario\/#primaryimage"},"image":{"@id":"https:\/\/tabernaculoprensadedios.com\/web\/unev-en-un-grito-de-independencia-nacional-rinde-tributo-a-la-bandera-en-ocasion-al-176-aniversario\/#primaryimage"},"thumbnailUrl":"https:\/\/tabernaculoprensadedios.com\/web\/wp-content\/uploads\/2020\/02\/unevianos.jpg","datePublished":"2020-02-26T15:41:03+00:00","dateModified":"2020-02-26T16:06:40+00:00","breadcrumb":{"@id":"https:\/\/tabernaculoprensadedios.com\/web\/unev-en-un-grito-de-independencia-nacional-rinde-tributo-a-la-bandera-en-ocasion-al-176-aniversario\/#breadcrumb"},"inLanguage":"es","potentialAction":[{"@type":"ReadAction","target":["https:\/\/tabernaculoprensadedios.com\/web\/unev-en-un-grito-de-independencia-nacional-rinde-tributo-a-la-bandera-en-ocasion-al-176-aniversario\/"]}]},{"@type":"ImageObject","inLanguage":"es","@id":"https:\/\/tabernaculoprensadedios.com\/web\/unev-en-un-grito-de-independencia-nacional-rinde-tributo-a-la-bandera-en-ocasion-al-176-aniversario\/#primaryimage","url":"https:\/\/tabernaculoprensadedios.com\/web\/wp-content\/uploads\/2020\/02\/unevianos.jpg","contentUrl":"https:\/\/tabernaculoprensadedios.com\/web\/wp-content\/uploads\/2020\/02\/unevianos.jpg","width":1280,"height":914},{"@type":"BreadcrumbList","@id":"https:\/\/tabernaculoprensadedios.com\/web\/unev-en-un-grito-de-independencia-nacional-rinde-tributo-a-la-bandera-en-ocasion-al-176-aniversario\/#breadcrumb","itemListElement":[{"@type":"ListItem","position":1,"name":"Portada","item":"https:\/\/tabernaculoprensadedios.com\/web\/"},{"@type":"ListItem","position":2,"name":"Unev en un grito de Independencia Nacional rinde tributo a la Bandera en ocasi\u00f3n al 176 aniversario"}]},{"@type":"WebSite","@id":"https:\/\/tabernaculoprensadedios.com\/web\/#website","url":"https:\/\/tabernaculoprensadedios.com\/web\/","name":"Tabernaculo Prensa de Dios","description":"Un medio a la manera de Dios","publisher":{"@id":"https:\/\/tabernaculoprensadedios.com\/web\/#\/schema\/person\/bc0e069fef56b38e177db6f098ae0b6e"},"potentialAction":[{"@type":"SearchAction","target":{"@type":"EntryPoint","urlTemplate":"https:\/\/tabernaculoprensadedios.com\/web\/?s={search_term_string}"},"query-input":{"@type":"PropertyValueSpecification","valueRequired":true,"valueName":"search_term_string"}}],"inLanguage":"es"},{"@type":["Person","Organization"],"@id":"https:\/\/tabernaculoprensadedios.com\/web\/#\/schema\/person\/bc0e069fef56b38e177db6f098ae0b6e","name":"tabernaculo","image":{"@type":"ImageObject","inLanguage":"es","@id":"https:\/\/tabernaculoprensadedios.com\/web\/#\/schema\/person\/image\/","url":"https:\/\/tabernaculoprensadedios.com\/web\/wp-content\/uploads\/2015\/06\/login-logo1.png","contentUrl":"https:\/\/tabernaculoprensadedios.com\/web\/wp-content\/uploads\/2015\/06\/login-logo1.png","width":300,"height":118,"caption":"tabernaculo"},"logo":{"@id":"https:\/\/tabernaculoprensadedios.com\/web\/#\/schema\/person\/image\/"},"url":"https:\/\/tabernaculoprensadedios.com\/web\/author\/tabernaculo\/"}]}},"_links":{"self":[{"href":"https:\/\/tabernaculoprensadedios.com\/web\/wp-json\/wp\/v2\/posts\/17238","targetHints":{"allow":["GET"]}}],"collection":[{"href":"https:\/\/tabernaculoprensadedios.com\/web\/wp-json\/wp\/v2\/posts"}],"about":[{"href":"https:\/\/tabernaculoprensadedios.com\/web\/wp-json\/wp\/v2\/types\/post"}],"author":[{"embeddable":true,"href":"https:\/\/tabernaculoprensadedios.com\/web\/wp-json\/wp\/v2\/users\/1"}],"replies":[{"embeddable":true,"href":"https:\/\/tabernaculoprensadedios.com\/web\/wp-json\/wp\/v2\/comments?post=17238"}],"version-history":[{"count":1,"href":"https:\/\/tabernaculoprensadedios.com\/web\/wp-json\/wp\/v2\/posts\/17238\/revisions"}],"predecessor-version":[{"id":17240,"href":"https:\/\/tabernaculoprensadedios.com\/web\/wp-json\/wp\/v2\/posts\/17238\/revisions\/17240"}],"wp:featuredmedia":[{"embeddable":true,"href":"https:\/\/tabernaculoprensadedios.com\/web\/wp-json\/wp\/v2\/media\/17239"}],"wp:attachment":[{"href":"https:\/\/tabernaculoprensadedios.com\/web\/wp-json\/wp\/v2\/media?parent=17238"}],"wp:term":[{"taxonomy":"category","embeddable":true,"href":"https:\/\/tabernaculoprensadedios.com\/web\/wp-json\/wp\/v2\/categories?post=17238"},{"taxonomy":"post_tag","embeddable":true,"href":"https:\/\/tabernaculoprensadedios.com\/web\/wp-json\/wp\/v2\/tags?post=17238"}],"curies":[{"name":"wp","href":"https:\/\/api.w.org\/{rel}","templated":true}]}}