{"id":17236,"date":"2020-02-26T15:32:08","date_gmt":"2020-02-26T15:32:08","guid":{"rendered":"http:\/\/tabernaculoprensadedios.com\/web\/?p=17236"},"modified":"2020-02-26T16:35:34","modified_gmt":"2020-02-26T16:35:34","slug":"honrar-honra","status":"publish","type":"post","link":"https:\/\/tabernaculoprensadedios.com\/web\/honrar-honra\/","title":{"rendered":"Honrar honra"},"content":{"rendered":"<p>Hace pocos d\u00edas la Universidad Evang\u00e9lica Dominicana decidi\u00f3 tener un acto honrando la bandera y la dominicanidad. Recordemos que el 27 de febrero, a pesar de todo y contra todo, la naci\u00f3n dominicana habr\u00e1 cumplido 176 a\u00f1os. Ha resistido todo tipo de desmanes y de ataques y sigue de pie.<\/p>\n<p>En ese acto, que se encadena con muchos otros que han sucedido en estos d\u00edas, se recuerdan las gestas patrias y se hace la promesa, no siempre cumplido, de seguir el ejemplo de los padres de la patria, y tratar de defender a la patria.<\/p>\n<p>Felicito a quienes llevan a cabo este tipo de actos, ya que dan a conocer lo trascendental de la dominicanidad y s\u00f3lo puede defenderse lo que se conoce y lo que se quiere. Y lo mejor que podemos legarles a las futuras generaciones es que conozcan sus gestas patrias y sus h\u00e9roes. Que sepan que vienen de un pasado glorioso forjado por personas que se comprometieron con los valores m\u00e1s puros de la humanidad y no pensaron en ellos, sino en el futuro.<\/p>\n<p>Una forma de emular a los Padres de la Patria es \u201chaciendo patria\u201d, pero c\u00f3mo se hace eso. Siendo un buen ciudadano. Educar. Vivir una vida con valores y principios. Cumplir con las leyes. Esas son cosas que podemos hacer todos los d\u00edas, pero no siempre hacemos patria. Muchas veces nos preferimos salvar nosotros aunque eso signifique alg\u00fan tipo de afectaci\u00f3n a nuestros seres queridos, a nuestra familia o a la sociedad.<\/p>\n<p>La patria, cosa que muchos olvidamos, no se construy\u00f3 y ya. Es una construcci\u00f3n sociol\u00f3gica que es progresiva, que se va levantando d\u00eda a d\u00eda, sobre los sue\u00f1os y esfuerzos de sus habitantes.\u00a0 Y es un deber generacional eterno el legar un mundo mejor\u00a0 a los que nos sucedan en esta tierra, y eso s\u00f3lo puede hacerse empezando micro para pasar a macro.\u00a0 Sea luz en su familia y ayude a que su ciudad sea luz. Y esa ciudad debe ser faro para que lentamente cambie el pa\u00eds, y de ah\u00ed el mundo.<\/p>\n","protected":false},"excerpt":{"rendered":"<p>Hace pocos d\u00edas la Universidad Evang\u00e9lica Dominicana decidi\u00f3 tener un acto honrando la bandera y la dominicanidad. Recordemos que el 27 de febrero, a pesar de todo y contra todo, la naci\u00f3n dominicana habr\u00e1 cumplido 176 a\u00f1os. Ha resistido todo tipo de desmanes y de ataques y sigue de pie. En ese acto, que se &hellip;<\/p>\n","protected":false},"author":1,"featured_media":730,"comment_status":"open","ping_status":"open","sticky":false,"template":"","format":"standard","meta":{"footnotes":""},"categories":[19,31],"tags":[],"class_list":["post-17236","post","type-post","status-publish","format-standard","has-post-thumbnail","hentry","category-educacion","category-politica"],"yoast_head":"<!-- This site is optimized with the Yoast SEO Premium plugin v24.2 (Yoast SEO v27.1.1) - https:\/\/yoast.com\/product\/yoast-seo-premium-wordpress\/ -->\n<title>Honrar honra - Tabernaculo Prensa de Dios<\/title>\n<meta name=\"robots\" content=\"index, follow, max-snippet:-1, max-image-preview:large, max-video-preview:-1\" \/>\n<link rel=\"canonical\" href=\"https:\/\/tabernaculoprensadedios.com\/web\/honrar-honra\/\" class=\"yoast-seo-meta-tag\" \/>\n<meta property=\"og:locale\" content=\"es_ES\" class=\"yoast-seo-meta-tag\" \/>\n<meta property=\"og:type\" content=\"article\" class=\"yoast-seo-meta-tag\" \/>\n<meta property=\"og:title\" content=\"Honrar honra\" class=\"yoast-seo-meta-tag\" \/>\n<meta property=\"og:description\" content=\"Hace pocos d\u00edas la Universidad Evang\u00e9lica Dominicana decidi\u00f3 tener un acto honrando la bandera y la dominicanidad. Recordemos que el 27 de febrero, a pesar de todo y contra todo, la naci\u00f3n dominicana habr\u00e1 cumplido 176 a\u00f1os. Ha resistido todo tipo de desmanes y de ataques y sigue de pie. En ese acto, que se &hellip;\" class=\"yoast-seo-meta-tag\" \/>\n<meta property=\"og:url\" content=\"https:\/\/tabernaculoprensadedios.com\/web\/honrar-honra\/\" class=\"yoast-seo-meta-tag\" \/>\n<meta property=\"og:site_name\" content=\"Tabernaculo Prensa de Dios\" class=\"yoast-seo-meta-tag\" \/>\n<meta property=\"article:published_time\" content=\"2020-02-26T15:32:08+00:00\" class=\"yoast-seo-meta-tag\" \/>\n<meta property=\"article:modified_time\" content=\"2020-02-26T16:35:34+00:00\" class=\"yoast-seo-meta-tag\" \/>\n<meta property=\"og:image\" content=\"https:\/\/tabernaculoprensadedios.com\/web\/wp-content\/uploads\/2015\/06\/bandera.jpg\" class=\"yoast-seo-meta-tag\" \/>\n\t<meta property=\"og:image:width\" content=\"640\" class=\"yoast-seo-meta-tag\" \/>\n\t<meta property=\"og:image:height\" content=\"402\" class=\"yoast-seo-meta-tag\" \/>\n\t<meta property=\"og:image:type\" content=\"image\/jpeg\" class=\"yoast-seo-meta-tag\" \/>\n<meta name=\"author\" content=\"tabernaculo\" class=\"yoast-seo-meta-tag\" \/>\n<meta name=\"twitter:card\" content=\"summary_large_image\" class=\"yoast-seo-meta-tag\" \/>\n<meta name=\"twitter:creator\" content=\"@PrensadeDios\" class=\"yoast-seo-meta-tag\" \/>\n<meta name=\"twitter:site\" content=\"@PrensadeDios\" class=\"yoast-seo-meta-tag\" \/>\n<meta name=\"twitter:label1\" content=\"Escrito por\" class=\"yoast-seo-meta-tag\" \/>\n\t<meta name=\"twitter:data1\" content=\"tabernaculo\" class=\"yoast-seo-meta-tag\" \/>\n\t<meta name=\"twitter:label2\" content=\"Tiempo de lectura\" class=\"yoast-seo-meta-tag\" \/>\n\t<meta name=\"twitter:data2\" content=\"2 minutos\" class=\"yoast-seo-meta-tag\" \/>\n<script type=\"application\/ld+json\" class=\"yoast-schema-graph\">{\"@context\":\"https:\/\/schema.org\",\"@graph\":[{\"@type\":\"Article\",\"@id\":\"https:\/\/tabernaculoprensadedios.com\/web\/honrar-honra\/#article\",\"isPartOf\":{\"@id\":\"https:\/\/tabernaculoprensadedios.com\/web\/honrar-honra\/\"},\"author\":{\"name\":\"tabernaculo\",\"@id\":\"https:\/\/tabernaculoprensadedios.com\/web\/#\/schema\/person\/bc0e069fef56b38e177db6f098ae0b6e\"},\"headline\":\"Honrar honra\",\"datePublished\":\"2020-02-26T15:32:08+00:00\",\"dateModified\":\"2020-02-26T16:35:34+00:00\",\"mainEntityOfPage\":{\"@id\":\"https:\/\/tabernaculoprensadedios.com\/web\/honrar-honra\/\"},\"wordCount\":362,\"commentCount\":0,\"publisher\":{\"@id\":\"https:\/\/tabernaculoprensadedios.com\/web\/#\/schema\/person\/bc0e069fef56b38e177db6f098ae0b6e\"},\"image\":{\"@id\":\"https:\/\/tabernaculoprensadedios.com\/web\/honrar-honra\/#primaryimage\"},\"thumbnailUrl\":\"https:\/\/tabernaculoprensadedios.com\/web\/wp-content\/uploads\/2015\/06\/bandera.jpg\",\"articleSection\":[\"Educaci\u00f3n\",\"Politica\"],\"inLanguage\":\"es\",\"potentialAction\":[{\"@type\":\"CommentAction\",\"name\":\"Comment\",\"target\":[\"https:\/\/tabernaculoprensadedios.com\/web\/honrar-honra\/#respond\"]}]},{\"@type\":\"WebPage\",\"@id\":\"https:\/\/tabernaculoprensadedios.com\/web\/honrar-honra\/\",\"url\":\"https:\/\/tabernaculoprensadedios.com\/web\/honrar-honra\/\",\"name\":\"Honrar honra - Tabernaculo Prensa de Dios\",\"isPartOf\":{\"@id\":\"https:\/\/tabernaculoprensadedios.com\/web\/#website\"},\"primaryImageOfPage\":{\"@id\":\"https:\/\/tabernaculoprensadedios.com\/web\/honrar-honra\/#primaryimage\"},\"image\":{\"@id\":\"https:\/\/tabernaculoprensadedios.com\/web\/honrar-honra\/#primaryimage\"},\"thumbnailUrl\":\"https:\/\/tabernaculoprensadedios.com\/web\/wp-content\/uploads\/2015\/06\/bandera.jpg\",\"datePublished\":\"2020-02-26T15:32:08+00:00\",\"dateModified\":\"2020-02-26T16:35:34+00:00\",\"breadcrumb\":{\"@id\":\"https:\/\/tabernaculoprensadedios.com\/web\/honrar-honra\/#breadcrumb\"},\"inLanguage\":\"es\",\"potentialAction\":[{\"@type\":\"ReadAction\",\"target\":[\"https:\/\/tabernaculoprensadedios.com\/web\/honrar-honra\/\"]}]},{\"@type\":\"ImageObject\",\"inLanguage\":\"es\",\"@id\":\"https:\/\/tabernaculoprensadedios.com\/web\/honrar-honra\/#primaryimage\",\"url\":\"https:\/\/tabernaculoprensadedios.com\/web\/wp-content\/uploads\/2015\/06\/bandera.jpg\",\"contentUrl\":\"https:\/\/tabernaculoprensadedios.com\/web\/wp-content\/uploads\/2015\/06\/bandera.jpg\",\"width\":640,\"height\":402},{\"@type\":\"BreadcrumbList\",\"@id\":\"https:\/\/tabernaculoprensadedios.com\/web\/honrar-honra\/#breadcrumb\",\"itemListElement\":[{\"@type\":\"ListItem\",\"position\":1,\"name\":\"Portada\",\"item\":\"https:\/\/tabernaculoprensadedios.com\/web\/\"},{\"@type\":\"ListItem\",\"position\":2,\"name\":\"Honrar honra\"}]},{\"@type\":\"WebSite\",\"@id\":\"https:\/\/tabernaculoprensadedios.com\/web\/#website\",\"url\":\"https:\/\/tabernaculoprensadedios.com\/web\/\",\"name\":\"Tabernaculo Prensa de Dios\",\"description\":\"Un medio a la manera de Dios\",\"publisher\":{\"@id\":\"https:\/\/tabernaculoprensadedios.com\/web\/#\/schema\/person\/bc0e069fef56b38e177db6f098ae0b6e\"},\"potentialAction\":[{\"@type\":\"SearchAction\",\"target\":{\"@type\":\"EntryPoint\",\"urlTemplate\":\"https:\/\/tabernaculoprensadedios.com\/web\/?s={search_term_string}\"},\"query-input\":{\"@type\":\"PropertyValueSpecification\",\"valueRequired\":true,\"valueName\":\"search_term_string\"}}],\"inLanguage\":\"es\"},{\"@type\":[\"Person\",\"Organization\"],\"@id\":\"https:\/\/tabernaculoprensadedios.com\/web\/#\/schema\/person\/bc0e069fef56b38e177db6f098ae0b6e\",\"name\":\"tabernaculo\",\"image\":{\"@type\":\"ImageObject\",\"inLanguage\":\"es\",\"@id\":\"https:\/\/tabernaculoprensadedios.com\/web\/#\/schema\/person\/image\/\",\"url\":\"https:\/\/tabernaculoprensadedios.com\/web\/wp-content\/uploads\/2015\/06\/login-logo1.png\",\"contentUrl\":\"https:\/\/tabernaculoprensadedios.com\/web\/wp-content\/uploads\/2015\/06\/login-logo1.png\",\"width\":300,\"height\":118,\"caption\":\"tabernaculo\"},\"logo\":{\"@id\":\"https:\/\/tabernaculoprensadedios.com\/web\/#\/schema\/person\/image\/\"},\"url\":\"https:\/\/tabernaculoprensadedios.com\/web\/author\/tabernaculo\/\"}]}<\/script>\n<!-- \/ Yoast SEO Premium plugin. -->","yoast_head_json":{"title":"Honrar honra - Tabernaculo Prensa de Dios","robots":{"index":"index","follow":"follow","max-snippet":"max-snippet:-1","max-image-preview":"max-image-preview:large","max-video-preview":"max-video-preview:-1"},"canonical":"https:\/\/tabernaculoprensadedios.com\/web\/honrar-honra\/","og_locale":"es_ES","og_type":"article","og_title":"Honrar honra","og_description":"Hace pocos d\u00edas la Universidad Evang\u00e9lica Dominicana decidi\u00f3 tener un acto honrando la bandera y la dominicanidad. Recordemos que el 27 de febrero, a pesar de todo y contra todo, la naci\u00f3n dominicana habr\u00e1 cumplido 176 a\u00f1os. Ha resistido todo tipo de desmanes y de ataques y sigue de pie. En ese acto, que se &hellip;","og_url":"https:\/\/tabernaculoprensadedios.com\/web\/honrar-honra\/","og_site_name":"Tabernaculo Prensa de Dios","article_published_time":"2020-02-26T15:32:08+00:00","article_modified_time":"2020-02-26T16:35:34+00:00","og_image":[{"width":640,"height":402,"url":"https:\/\/tabernaculoprensadedios.com\/web\/wp-content\/uploads\/2015\/06\/bandera.jpg","type":"image\/jpeg"}],"author":"tabernaculo","twitter_card":"summary_large_image","twitter_creator":"@PrensadeDios","twitter_site":"@PrensadeDios","twitter_misc":{"Escrito por":"tabernaculo","Tiempo de lectura":"2 minutos"},"schema":{"@context":"https:\/\/schema.org","@graph":[{"@type":"Article","@id":"https:\/\/tabernaculoprensadedios.com\/web\/honrar-honra\/#article","isPartOf":{"@id":"https:\/\/tabernaculoprensadedios.com\/web\/honrar-honra\/"},"author":{"name":"tabernaculo","@id":"https:\/\/tabernaculoprensadedios.com\/web\/#\/schema\/person\/bc0e069fef56b38e177db6f098ae0b6e"},"headline":"Honrar honra","datePublished":"2020-02-26T15:32:08+00:00","dateModified":"2020-02-26T16:35:34+00:00","mainEntityOfPage":{"@id":"https:\/\/tabernaculoprensadedios.com\/web\/honrar-honra\/"},"wordCount":362,"commentCount":0,"publisher":{"@id":"https:\/\/tabernaculoprensadedios.com\/web\/#\/schema\/person\/bc0e069fef56b38e177db6f098ae0b6e"},"image":{"@id":"https:\/\/tabernaculoprensadedios.com\/web\/honrar-honra\/#primaryimage"},"thumbnailUrl":"https:\/\/tabernaculoprensadedios.com\/web\/wp-content\/uploads\/2015\/06\/bandera.jpg","articleSection":["Educaci\u00f3n","Politica"],"inLanguage":"es","potentialAction":[{"@type":"CommentAction","name":"Comment","target":["https:\/\/tabernaculoprensadedios.com\/web\/honrar-honra\/#respond"]}]},{"@type":"WebPage","@id":"https:\/\/tabernaculoprensadedios.com\/web\/honrar-honra\/","url":"https:\/\/tabernaculoprensadedios.com\/web\/honrar-honra\/","name":"Honrar honra - Tabernaculo Prensa de Dios","isPartOf":{"@id":"https:\/\/tabernaculoprensadedios.com\/web\/#website"},"primaryImageOfPage":{"@id":"https:\/\/tabernaculoprensadedios.com\/web\/honrar-honra\/#primaryimage"},"image":{"@id":"https:\/\/tabernaculoprensadedios.com\/web\/honrar-honra\/#primaryimage"},"thumbnailUrl":"https:\/\/tabernaculoprensadedios.com\/web\/wp-content\/uploads\/2015\/06\/bandera.jpg","datePublished":"2020-02-26T15:32:08+00:00","dateModified":"2020-02-26T16:35:34+00:00","breadcrumb":{"@id":"https:\/\/tabernaculoprensadedios.com\/web\/honrar-honra\/#breadcrumb"},"inLanguage":"es","potentialAction":[{"@type":"ReadAction","target":["https:\/\/tabernaculoprensadedios.com\/web\/honrar-honra\/"]}]},{"@type":"ImageObject","inLanguage":"es","@id":"https:\/\/tabernaculoprensadedios.com\/web\/honrar-honra\/#primaryimage","url":"https:\/\/tabernaculoprensadedios.com\/web\/wp-content\/uploads\/2015\/06\/bandera.jpg","contentUrl":"https:\/\/tabernaculoprensadedios.com\/web\/wp-content\/uploads\/2015\/06\/bandera.jpg","width":640,"height":402},{"@type":"BreadcrumbList","@id":"https:\/\/tabernaculoprensadedios.com\/web\/honrar-honra\/#breadcrumb","itemListElement":[{"@type":"ListItem","position":1,"name":"Portada","item":"https:\/\/tabernaculoprensadedios.com\/web\/"},{"@type":"ListItem","position":2,"name":"Honrar honra"}]},{"@type":"WebSite","@id":"https:\/\/tabernaculoprensadedios.com\/web\/#website","url":"https:\/\/tabernaculoprensadedios.com\/web\/","name":"Tabernaculo Prensa de Dios","description":"Un medio a la manera de Dios","publisher":{"@id":"https:\/\/tabernaculoprensadedios.com\/web\/#\/schema\/person\/bc0e069fef56b38e177db6f098ae0b6e"},"potentialAction":[{"@type":"SearchAction","target":{"@type":"EntryPoint","urlTemplate":"https:\/\/tabernaculoprensadedios.com\/web\/?s={search_term_string}"},"query-input":{"@type":"PropertyValueSpecification","valueRequired":true,"valueName":"search_term_string"}}],"inLanguage":"es"},{"@type":["Person","Organization"],"@id":"https:\/\/tabernaculoprensadedios.com\/web\/#\/schema\/person\/bc0e069fef56b38e177db6f098ae0b6e","name":"tabernaculo","image":{"@type":"ImageObject","inLanguage":"es","@id":"https:\/\/tabernaculoprensadedios.com\/web\/#\/schema\/person\/image\/","url":"https:\/\/tabernaculoprensadedios.com\/web\/wp-content\/uploads\/2015\/06\/login-logo1.png","contentUrl":"https:\/\/tabernaculoprensadedios.com\/web\/wp-content\/uploads\/2015\/06\/login-logo1.png","width":300,"height":118,"caption":"tabernaculo"},"logo":{"@id":"https:\/\/tabernaculoprensadedios.com\/web\/#\/schema\/person\/image\/"},"url":"https:\/\/tabernaculoprensadedios.com\/web\/author\/tabernaculo\/"}]}},"_links":{"self":[{"href":"https:\/\/tabernaculoprensadedios.com\/web\/wp-json\/wp\/v2\/posts\/17236","targetHints":{"allow":["GET"]}}],"collection":[{"href":"https:\/\/tabernaculoprensadedios.com\/web\/wp-json\/wp\/v2\/posts"}],"about":[{"href":"https:\/\/tabernaculoprensadedios.com\/web\/wp-json\/wp\/v2\/types\/post"}],"author":[{"embeddable":true,"href":"https:\/\/tabernaculoprensadedios.com\/web\/wp-json\/wp\/v2\/users\/1"}],"replies":[{"embeddable":true,"href":"https:\/\/tabernaculoprensadedios.com\/web\/wp-json\/wp\/v2\/comments?post=17236"}],"version-history":[{"count":1,"href":"https:\/\/tabernaculoprensadedios.com\/web\/wp-json\/wp\/v2\/posts\/17236\/revisions"}],"predecessor-version":[{"id":17237,"href":"https:\/\/tabernaculoprensadedios.com\/web\/wp-json\/wp\/v2\/posts\/17236\/revisions\/17237"}],"wp:featuredmedia":[{"embeddable":true,"href":"https:\/\/tabernaculoprensadedios.com\/web\/wp-json\/wp\/v2\/media\/730"}],"wp:attachment":[{"href":"https:\/\/tabernaculoprensadedios.com\/web\/wp-json\/wp\/v2\/media?parent=17236"}],"wp:term":[{"taxonomy":"category","embeddable":true,"href":"https:\/\/tabernaculoprensadedios.com\/web\/wp-json\/wp\/v2\/categories?post=17236"},{"taxonomy":"post_tag","embeddable":true,"href":"https:\/\/tabernaculoprensadedios.com\/web\/wp-json\/wp\/v2\/tags?post=17236"}],"curies":[{"name":"wp","href":"https:\/\/api.w.org\/{rel}","templated":true}]}}