{"id":17233,"date":"2020-02-25T16:58:57","date_gmt":"2020-02-25T16:58:57","guid":{"rendered":"http:\/\/tabernaculoprensadedios.com\/web\/?p=17233"},"modified":"2020-02-25T16:58:57","modified_gmt":"2020-02-25T16:58:57","slug":"prisioneros-de-esperanza","status":"publish","type":"post","link":"https:\/\/tabernaculoprensadedios.com\/web\/prisioneros-de-esperanza\/","title":{"rendered":"Prisioneros de Esperanza"},"content":{"rendered":"<p><strong><em>\u00a1Ustedes, cautivos que mantienen la esperanza, regresen a su fortaleza! Les digo que voy a darles en bendici\u00f3n el doble de cuanto tuvieron que sufrir.<\/em> Zacar\u00edas 9:12<\/strong><\/p>\n<p>En la palabra de Dios podemos encontrar muchas personas que fueron cautivos de esperanza. Por ejemplo: Mois\u00e9s, Jos\u00e9 y Abraham, David.<\/p>\n<p>Dios le hab\u00eda prometido a David el Reino de Israel, y Samuel lo hab\u00eda ungido para esto (1\u00aa. Samuel 16:13). Sin embargo, despu\u00e9s de haber sido ungido como Rey de todo Israel tuvo que regresar a atender las ovejas. Pasaron muchos a\u00f1os antes que la promesa de David llegara, y \u00e9l pas\u00f3 muchos a\u00f1os siendo perseguido por el hombre cuyo trono heredar\u00eda. Yo estoy segura de que nunca so\u00f1\u00f3 con regresar a pastorear las ovejas de su padre, que tendr\u00eda que esconderse en cuevas, o que iba a pretender ser un hombre loco con el fin de salvar su vida. Despu\u00e9s de todo, Dios dijo que iba a ser un rey. En el salmo 119:82, David clama a Dios diciendo: \u201cMis ojos se consumen esperando tu promesa, y digo: \u00bfCu\u00e1ndo vendr\u00e1s a consolarme?\u201d Pueden identificarse con esto. Se sienten a veces como si la promesa nunca ser\u00e1 cumplida. Pero, de hecho, fue cumplida con David y se cumplir\u00e1 tambi\u00e9n con nosotros.<\/p>\n<p>Esta es una publicaci\u00f3n que ayer por la ma\u00f1ana realiz\u00f3 Chuck Pierce. Me hizo comprender que lo que yo he sentido como la celda de una prisi\u00f3n, Dios lo ve como una fortaleza. Y por supuesto, El tiene la raz\u00f3n. El nos ama y si le damos el control de nuestra vida nos proteger\u00e1. Lo que hemos sentido como una prisi\u00f3n, ha sido un lugar de protecci\u00f3n y preparaci\u00f3n. El escribi\u00f3:<\/p>\n<p>\u201cUna palabra poderosa de Sheryl Price que deber\u00eda despertar en gran medida nuestras expectativas de lo que el Se\u00f1or nos ha preparado:\u00a0<em>\u201cMuchos de ustedes se han sentido atrapados por la puerta de una prisi\u00f3n. \u00a1Pero quiero que sepan que la puerta era M\u00eda! A\u00fan no era tiempo de que salieran de ese lugar, escapando de lo que Yo estaba haciendo en ustedes; porque hab\u00eda porciones que a\u00fan no hab\u00edan sido separadas en Mi voluntad y prop\u00f3sito para su vida. Estaban viviendo su voluntad y su prop\u00f3sito, pero no lo percibieron. \u00a1Ahora es el momento para que se abra la puerta de la prisi\u00f3n de Mi Esp\u00edritu! Corran con el nuevo nivel de autoridad para el que los he estado preparando. Encontrar\u00e1n favor en muchas \u00e1reas donde ten\u00edan desaprobaci\u00f3n. \u00a1Ahora ver\u00e1n todo lo que Yo los he llamado a ser en esta nueva temporada! \u00a1Saldr\u00e1n a la vida con nuevo poder y autoridad, dice su Dios!\u201d<\/em><\/p>\n<p><em>\u00a0<\/em>La segunda parte de Zacar\u00edas 9:12 nos da la respuesta que estamos buscando: \u201cPues hoy mismo les hago saber que les devolver\u00e9 el doble\u201d. Esta es una temporada para buscar al Se\u00f1or en oraci\u00f3n y prepararnos para recibir las \u00f3rdenes que recibiremos a partir de marzo.\u00a0\u00a0Dios comenzar\u00e1 a liberar a los prisioneros de la esperanza.<\/p>\n<p><strong>Isa\u00edas 61:7<\/strong>\u00a0En vez de su verg\u00fcenza, mi pueblo recibir\u00e1 doble porci\u00f3n; en vez de deshonra, se regocijar\u00e1 en su herencia; y as\u00ed en su tierra recibir\u00e1 doble herencia, y su alegr\u00eda ser\u00e1 eterna.<\/p>\n","protected":false},"excerpt":{"rendered":"<p>\u00a1Ustedes, cautivos que mantienen la esperanza, regresen a su fortaleza! Les digo que voy a darles en bendici\u00f3n el doble de cuanto tuvieron que sufrir. Zacar\u00edas 9:12 En la palabra de Dios podemos encontrar muchas personas que fueron cautivos de esperanza. Por ejemplo: Mois\u00e9s, Jos\u00e9 y Abraham, David. Dios le hab\u00eda prometido a David el &hellip;<\/p>\n","protected":false},"author":1,"featured_media":17234,"comment_status":"open","ping_status":"open","sticky":false,"template":"","format":"standard","meta":{"footnotes":""},"categories":[38],"tags":[],"class_list":["post-17233","post","type-post","status-publish","format-standard","has-post-thumbnail","hentry","category-principal"],"yoast_head":"<!-- This site is optimized with the Yoast SEO Premium plugin v24.2 (Yoast SEO v27.1.1) - https:\/\/yoast.com\/product\/yoast-seo-premium-wordpress\/ -->\n<title>Prisioneros de Esperanza - Tabernaculo Prensa de Dios<\/title>\n<meta name=\"robots\" content=\"index, follow, max-snippet:-1, max-image-preview:large, max-video-preview:-1\" \/>\n<link rel=\"canonical\" href=\"https:\/\/tabernaculoprensadedios.com\/web\/prisioneros-de-esperanza\/\" class=\"yoast-seo-meta-tag\" \/>\n<meta property=\"og:locale\" content=\"es_ES\" class=\"yoast-seo-meta-tag\" \/>\n<meta property=\"og:type\" content=\"article\" class=\"yoast-seo-meta-tag\" \/>\n<meta property=\"og:title\" content=\"Prisioneros de Esperanza\" class=\"yoast-seo-meta-tag\" \/>\n<meta property=\"og:description\" content=\"\u00a1Ustedes, cautivos que mantienen la esperanza, regresen a su fortaleza! Les digo que voy a darles en bendici\u00f3n el doble de cuanto tuvieron que sufrir. Zacar\u00edas 9:12 En la palabra de Dios podemos encontrar muchas personas que fueron cautivos de esperanza. Por ejemplo: Mois\u00e9s, Jos\u00e9 y Abraham, David. Dios le hab\u00eda prometido a David el &hellip;\" class=\"yoast-seo-meta-tag\" \/>\n<meta property=\"og:url\" content=\"https:\/\/tabernaculoprensadedios.com\/web\/prisioneros-de-esperanza\/\" class=\"yoast-seo-meta-tag\" \/>\n<meta property=\"og:site_name\" content=\"Tabernaculo Prensa de Dios\" class=\"yoast-seo-meta-tag\" \/>\n<meta property=\"article:published_time\" content=\"2020-02-25T16:58:57+00:00\" class=\"yoast-seo-meta-tag\" \/>\n<meta property=\"og:image\" content=\"https:\/\/tabernaculoprensadedios.com\/web\/wp-content\/uploads\/2020\/02\/esperanza.jpg\" class=\"yoast-seo-meta-tag\" \/>\n\t<meta property=\"og:image:width\" content=\"960\" class=\"yoast-seo-meta-tag\" \/>\n\t<meta property=\"og:image:height\" content=\"639\" class=\"yoast-seo-meta-tag\" \/>\n\t<meta property=\"og:image:type\" content=\"image\/jpeg\" class=\"yoast-seo-meta-tag\" \/>\n<meta name=\"author\" content=\"tabernaculo\" class=\"yoast-seo-meta-tag\" \/>\n<meta name=\"twitter:card\" content=\"summary_large_image\" class=\"yoast-seo-meta-tag\" \/>\n<meta name=\"twitter:creator\" content=\"@PrensadeDios\" class=\"yoast-seo-meta-tag\" \/>\n<meta name=\"twitter:site\" content=\"@PrensadeDios\" class=\"yoast-seo-meta-tag\" \/>\n<meta name=\"twitter:label1\" content=\"Escrito por\" class=\"yoast-seo-meta-tag\" \/>\n\t<meta name=\"twitter:data1\" content=\"tabernaculo\" class=\"yoast-seo-meta-tag\" \/>\n\t<meta name=\"twitter:label2\" content=\"Tiempo de lectura\" class=\"yoast-seo-meta-tag\" \/>\n\t<meta name=\"twitter:data2\" content=\"3 minutos\" class=\"yoast-seo-meta-tag\" \/>\n<script type=\"application\/ld+json\" class=\"yoast-schema-graph\">{\"@context\":\"https:\/\/schema.org\",\"@graph\":[{\"@type\":\"Article\",\"@id\":\"https:\/\/tabernaculoprensadedios.com\/web\/prisioneros-de-esperanza\/#article\",\"isPartOf\":{\"@id\":\"https:\/\/tabernaculoprensadedios.com\/web\/prisioneros-de-esperanza\/\"},\"author\":{\"name\":\"tabernaculo\",\"@id\":\"https:\/\/tabernaculoprensadedios.com\/web\/#\/schema\/person\/bc0e069fef56b38e177db6f098ae0b6e\"},\"headline\":\"Prisioneros de Esperanza\",\"datePublished\":\"2020-02-25T16:58:57+00:00\",\"mainEntityOfPage\":{\"@id\":\"https:\/\/tabernaculoprensadedios.com\/web\/prisioneros-de-esperanza\/\"},\"wordCount\":568,\"commentCount\":0,\"publisher\":{\"@id\":\"https:\/\/tabernaculoprensadedios.com\/web\/#\/schema\/person\/bc0e069fef56b38e177db6f098ae0b6e\"},\"image\":{\"@id\":\"https:\/\/tabernaculoprensadedios.com\/web\/prisioneros-de-esperanza\/#primaryimage\"},\"thumbnailUrl\":\"https:\/\/tabernaculoprensadedios.com\/web\/wp-content\/uploads\/2020\/02\/esperanza.jpg\",\"articleSection\":[\"Principal\"],\"inLanguage\":\"es\",\"potentialAction\":[{\"@type\":\"CommentAction\",\"name\":\"Comment\",\"target\":[\"https:\/\/tabernaculoprensadedios.com\/web\/prisioneros-de-esperanza\/#respond\"]}]},{\"@type\":\"WebPage\",\"@id\":\"https:\/\/tabernaculoprensadedios.com\/web\/prisioneros-de-esperanza\/\",\"url\":\"https:\/\/tabernaculoprensadedios.com\/web\/prisioneros-de-esperanza\/\",\"name\":\"Prisioneros de Esperanza - Tabernaculo Prensa de Dios\",\"isPartOf\":{\"@id\":\"https:\/\/tabernaculoprensadedios.com\/web\/#website\"},\"primaryImageOfPage\":{\"@id\":\"https:\/\/tabernaculoprensadedios.com\/web\/prisioneros-de-esperanza\/#primaryimage\"},\"image\":{\"@id\":\"https:\/\/tabernaculoprensadedios.com\/web\/prisioneros-de-esperanza\/#primaryimage\"},\"thumbnailUrl\":\"https:\/\/tabernaculoprensadedios.com\/web\/wp-content\/uploads\/2020\/02\/esperanza.jpg\",\"datePublished\":\"2020-02-25T16:58:57+00:00\",\"breadcrumb\":{\"@id\":\"https:\/\/tabernaculoprensadedios.com\/web\/prisioneros-de-esperanza\/#breadcrumb\"},\"inLanguage\":\"es\",\"potentialAction\":[{\"@type\":\"ReadAction\",\"target\":[\"https:\/\/tabernaculoprensadedios.com\/web\/prisioneros-de-esperanza\/\"]}]},{\"@type\":\"ImageObject\",\"inLanguage\":\"es\",\"@id\":\"https:\/\/tabernaculoprensadedios.com\/web\/prisioneros-de-esperanza\/#primaryimage\",\"url\":\"https:\/\/tabernaculoprensadedios.com\/web\/wp-content\/uploads\/2020\/02\/esperanza.jpg\",\"contentUrl\":\"https:\/\/tabernaculoprensadedios.com\/web\/wp-content\/uploads\/2020\/02\/esperanza.jpg\",\"width\":960,\"height\":639},{\"@type\":\"BreadcrumbList\",\"@id\":\"https:\/\/tabernaculoprensadedios.com\/web\/prisioneros-de-esperanza\/#breadcrumb\",\"itemListElement\":[{\"@type\":\"ListItem\",\"position\":1,\"name\":\"Portada\",\"item\":\"https:\/\/tabernaculoprensadedios.com\/web\/\"},{\"@type\":\"ListItem\",\"position\":2,\"name\":\"Prisioneros de Esperanza\"}]},{\"@type\":\"WebSite\",\"@id\":\"https:\/\/tabernaculoprensadedios.com\/web\/#website\",\"url\":\"https:\/\/tabernaculoprensadedios.com\/web\/\",\"name\":\"Tabernaculo Prensa de Dios\",\"description\":\"Un medio a la manera de Dios\",\"publisher\":{\"@id\":\"https:\/\/tabernaculoprensadedios.com\/web\/#\/schema\/person\/bc0e069fef56b38e177db6f098ae0b6e\"},\"potentialAction\":[{\"@type\":\"SearchAction\",\"target\":{\"@type\":\"EntryPoint\",\"urlTemplate\":\"https:\/\/tabernaculoprensadedios.com\/web\/?s={search_term_string}\"},\"query-input\":{\"@type\":\"PropertyValueSpecification\",\"valueRequired\":true,\"valueName\":\"search_term_string\"}}],\"inLanguage\":\"es\"},{\"@type\":[\"Person\",\"Organization\"],\"@id\":\"https:\/\/tabernaculoprensadedios.com\/web\/#\/schema\/person\/bc0e069fef56b38e177db6f098ae0b6e\",\"name\":\"tabernaculo\",\"image\":{\"@type\":\"ImageObject\",\"inLanguage\":\"es\",\"@id\":\"https:\/\/tabernaculoprensadedios.com\/web\/#\/schema\/person\/image\/\",\"url\":\"https:\/\/tabernaculoprensadedios.com\/web\/wp-content\/uploads\/2015\/06\/login-logo1.png\",\"contentUrl\":\"https:\/\/tabernaculoprensadedios.com\/web\/wp-content\/uploads\/2015\/06\/login-logo1.png\",\"width\":300,\"height\":118,\"caption\":\"tabernaculo\"},\"logo\":{\"@id\":\"https:\/\/tabernaculoprensadedios.com\/web\/#\/schema\/person\/image\/\"},\"url\":\"https:\/\/tabernaculoprensadedios.com\/web\/author\/tabernaculo\/\"}]}<\/script>\n<!-- \/ Yoast SEO Premium plugin. -->","yoast_head_json":{"title":"Prisioneros de Esperanza - Tabernaculo Prensa de Dios","robots":{"index":"index","follow":"follow","max-snippet":"max-snippet:-1","max-image-preview":"max-image-preview:large","max-video-preview":"max-video-preview:-1"},"canonical":"https:\/\/tabernaculoprensadedios.com\/web\/prisioneros-de-esperanza\/","og_locale":"es_ES","og_type":"article","og_title":"Prisioneros de Esperanza","og_description":"\u00a1Ustedes, cautivos que mantienen la esperanza, regresen a su fortaleza! Les digo que voy a darles en bendici\u00f3n el doble de cuanto tuvieron que sufrir. Zacar\u00edas 9:12 En la palabra de Dios podemos encontrar muchas personas que fueron cautivos de esperanza. Por ejemplo: Mois\u00e9s, Jos\u00e9 y Abraham, David. Dios le hab\u00eda prometido a David el &hellip;","og_url":"https:\/\/tabernaculoprensadedios.com\/web\/prisioneros-de-esperanza\/","og_site_name":"Tabernaculo Prensa de Dios","article_published_time":"2020-02-25T16:58:57+00:00","og_image":[{"width":960,"height":639,"url":"https:\/\/tabernaculoprensadedios.com\/web\/wp-content\/uploads\/2020\/02\/esperanza.jpg","type":"image\/jpeg"}],"author":"tabernaculo","twitter_card":"summary_large_image","twitter_creator":"@PrensadeDios","twitter_site":"@PrensadeDios","twitter_misc":{"Escrito por":"tabernaculo","Tiempo de lectura":"3 minutos"},"schema":{"@context":"https:\/\/schema.org","@graph":[{"@type":"Article","@id":"https:\/\/tabernaculoprensadedios.com\/web\/prisioneros-de-esperanza\/#article","isPartOf":{"@id":"https:\/\/tabernaculoprensadedios.com\/web\/prisioneros-de-esperanza\/"},"author":{"name":"tabernaculo","@id":"https:\/\/tabernaculoprensadedios.com\/web\/#\/schema\/person\/bc0e069fef56b38e177db6f098ae0b6e"},"headline":"Prisioneros de Esperanza","datePublished":"2020-02-25T16:58:57+00:00","mainEntityOfPage":{"@id":"https:\/\/tabernaculoprensadedios.com\/web\/prisioneros-de-esperanza\/"},"wordCount":568,"commentCount":0,"publisher":{"@id":"https:\/\/tabernaculoprensadedios.com\/web\/#\/schema\/person\/bc0e069fef56b38e177db6f098ae0b6e"},"image":{"@id":"https:\/\/tabernaculoprensadedios.com\/web\/prisioneros-de-esperanza\/#primaryimage"},"thumbnailUrl":"https:\/\/tabernaculoprensadedios.com\/web\/wp-content\/uploads\/2020\/02\/esperanza.jpg","articleSection":["Principal"],"inLanguage":"es","potentialAction":[{"@type":"CommentAction","name":"Comment","target":["https:\/\/tabernaculoprensadedios.com\/web\/prisioneros-de-esperanza\/#respond"]}]},{"@type":"WebPage","@id":"https:\/\/tabernaculoprensadedios.com\/web\/prisioneros-de-esperanza\/","url":"https:\/\/tabernaculoprensadedios.com\/web\/prisioneros-de-esperanza\/","name":"Prisioneros de Esperanza - Tabernaculo Prensa de Dios","isPartOf":{"@id":"https:\/\/tabernaculoprensadedios.com\/web\/#website"},"primaryImageOfPage":{"@id":"https:\/\/tabernaculoprensadedios.com\/web\/prisioneros-de-esperanza\/#primaryimage"},"image":{"@id":"https:\/\/tabernaculoprensadedios.com\/web\/prisioneros-de-esperanza\/#primaryimage"},"thumbnailUrl":"https:\/\/tabernaculoprensadedios.com\/web\/wp-content\/uploads\/2020\/02\/esperanza.jpg","datePublished":"2020-02-25T16:58:57+00:00","breadcrumb":{"@id":"https:\/\/tabernaculoprensadedios.com\/web\/prisioneros-de-esperanza\/#breadcrumb"},"inLanguage":"es","potentialAction":[{"@type":"ReadAction","target":["https:\/\/tabernaculoprensadedios.com\/web\/prisioneros-de-esperanza\/"]}]},{"@type":"ImageObject","inLanguage":"es","@id":"https:\/\/tabernaculoprensadedios.com\/web\/prisioneros-de-esperanza\/#primaryimage","url":"https:\/\/tabernaculoprensadedios.com\/web\/wp-content\/uploads\/2020\/02\/esperanza.jpg","contentUrl":"https:\/\/tabernaculoprensadedios.com\/web\/wp-content\/uploads\/2020\/02\/esperanza.jpg","width":960,"height":639},{"@type":"BreadcrumbList","@id":"https:\/\/tabernaculoprensadedios.com\/web\/prisioneros-de-esperanza\/#breadcrumb","itemListElement":[{"@type":"ListItem","position":1,"name":"Portada","item":"https:\/\/tabernaculoprensadedios.com\/web\/"},{"@type":"ListItem","position":2,"name":"Prisioneros de Esperanza"}]},{"@type":"WebSite","@id":"https:\/\/tabernaculoprensadedios.com\/web\/#website","url":"https:\/\/tabernaculoprensadedios.com\/web\/","name":"Tabernaculo Prensa de Dios","description":"Un medio a la manera de Dios","publisher":{"@id":"https:\/\/tabernaculoprensadedios.com\/web\/#\/schema\/person\/bc0e069fef56b38e177db6f098ae0b6e"},"potentialAction":[{"@type":"SearchAction","target":{"@type":"EntryPoint","urlTemplate":"https:\/\/tabernaculoprensadedios.com\/web\/?s={search_term_string}"},"query-input":{"@type":"PropertyValueSpecification","valueRequired":true,"valueName":"search_term_string"}}],"inLanguage":"es"},{"@type":["Person","Organization"],"@id":"https:\/\/tabernaculoprensadedios.com\/web\/#\/schema\/person\/bc0e069fef56b38e177db6f098ae0b6e","name":"tabernaculo","image":{"@type":"ImageObject","inLanguage":"es","@id":"https:\/\/tabernaculoprensadedios.com\/web\/#\/schema\/person\/image\/","url":"https:\/\/tabernaculoprensadedios.com\/web\/wp-content\/uploads\/2015\/06\/login-logo1.png","contentUrl":"https:\/\/tabernaculoprensadedios.com\/web\/wp-content\/uploads\/2015\/06\/login-logo1.png","width":300,"height":118,"caption":"tabernaculo"},"logo":{"@id":"https:\/\/tabernaculoprensadedios.com\/web\/#\/schema\/person\/image\/"},"url":"https:\/\/tabernaculoprensadedios.com\/web\/author\/tabernaculo\/"}]}},"_links":{"self":[{"href":"https:\/\/tabernaculoprensadedios.com\/web\/wp-json\/wp\/v2\/posts\/17233","targetHints":{"allow":["GET"]}}],"collection":[{"href":"https:\/\/tabernaculoprensadedios.com\/web\/wp-json\/wp\/v2\/posts"}],"about":[{"href":"https:\/\/tabernaculoprensadedios.com\/web\/wp-json\/wp\/v2\/types\/post"}],"author":[{"embeddable":true,"href":"https:\/\/tabernaculoprensadedios.com\/web\/wp-json\/wp\/v2\/users\/1"}],"replies":[{"embeddable":true,"href":"https:\/\/tabernaculoprensadedios.com\/web\/wp-json\/wp\/v2\/comments?post=17233"}],"version-history":[{"count":1,"href":"https:\/\/tabernaculoprensadedios.com\/web\/wp-json\/wp\/v2\/posts\/17233\/revisions"}],"predecessor-version":[{"id":17235,"href":"https:\/\/tabernaculoprensadedios.com\/web\/wp-json\/wp\/v2\/posts\/17233\/revisions\/17235"}],"wp:featuredmedia":[{"embeddable":true,"href":"https:\/\/tabernaculoprensadedios.com\/web\/wp-json\/wp\/v2\/media\/17234"}],"wp:attachment":[{"href":"https:\/\/tabernaculoprensadedios.com\/web\/wp-json\/wp\/v2\/media?parent=17233"}],"wp:term":[{"taxonomy":"category","embeddable":true,"href":"https:\/\/tabernaculoprensadedios.com\/web\/wp-json\/wp\/v2\/categories?post=17233"},{"taxonomy":"post_tag","embeddable":true,"href":"https:\/\/tabernaculoprensadedios.com\/web\/wp-json\/wp\/v2\/tags?post=17233"}],"curies":[{"name":"wp","href":"https:\/\/api.w.org\/{rel}","templated":true}]}}