{"id":17214,"date":"2020-02-24T16:22:00","date_gmt":"2020-02-24T16:22:00","guid":{"rendered":"http:\/\/tabernaculoprensadedios.com\/web\/?p=17214"},"modified":"2020-02-24T16:22:00","modified_gmt":"2020-02-24T16:22:00","slug":"ministerio-de-la-juventud-y-mescyt-realizan-panel-de-emprendimiento-en-universidad-nacional-evangelica-de-santo-domingo","status":"publish","type":"post","link":"https:\/\/tabernaculoprensadedios.com\/web\/ministerio-de-la-juventud-y-mescyt-realizan-panel-de-emprendimiento-en-universidad-nacional-evangelica-de-santo-domingo\/","title":{"rendered":"Ministerio de la Juventud\u00a0 y MESCyT realizan Panel\u00a0de Emprendimiento en Universidad Nacional Evang\u00e9lica de Santo Domingo."},"content":{"rendered":"<p>De manera conjunta el\u00a0 Ministerio de la Juventud y\u00a0 el Ministerio de Educaci\u00f3n\u00a0 Superior\u00a0 Ciencias y\u00a0 Tecnolog\u00eda, realizaron\u00a0 el panel Emprender: De la Idea\u00a0 a la Acci\u00f3n en la Universidad\u00a0 Nacional\u00a0 Evang\u00e9lica con el objetivo de fomentar el emprendimiento, apoyar las iniciativas de negocios en los\u00a0 j\u00f3venes y dar a conocer los actores que han tenido incidencia en el tema de propiciar espacios y dar curso a iniciativas que agregan valor a las comunidades.<\/p>\n<p>En dicho panel\u00a0 participaron contando sus experiencias,\u00a0 los emprendedores Mar\u00eda Vargas, abogada y CEO de \u201cThe Statement Room\u201d, un espacio dise\u00f1ado para ventas\u00a0 y alquiler de prendas de vestir para diversas ocasiones; y\u00a0 Henery Custodio Rosario, actual ganador del Premio Nacional de la Juventud\u00a0 2020, en el rengl\u00f3n de superaci\u00f3n personal, y quien es adem\u00e1s\u00a0 Ceo de Emdes\u00a0 Foundation donde se promueve el emprendimiento transformando el pensamiento de los j\u00f3venes desde los diversos aspectos desde sus diversos programas.<\/p>\n<p>El mismo, fue realizado el pasado mi\u00e9rcoles 19 de febrero dentro del marco de\u00a0 la celebraci\u00f3n\u00a0 de la \u00a8Semana del Estudiante\u201d, el cual\u00a0 cont\u00f3 con la participaci\u00f3n de\u00a0 unos 100 j\u00f3venes\u00a0 estudiantes\u00a0 de\u00a0 diferentes\u00a0 carreras que fueron reunidos en el aula 223 del recinto Santo Domingo de UNEV.<\/p>\n<p>El\u00a0 Doctor Juan Guerrero \u00c1vila,\u00a0 Vicerrector de Investigaci\u00f3n, Innovaci\u00f3n y Posgrado habl\u00f3 en representaci\u00f3n de la academia; mientras que la invocaci\u00f3n al Creador fue hecha por el Pastor Jos\u00e9 Montero, capell\u00e1n de la universidad.<\/p>\n<p>La Doctora Michelle Ortiz, Viceministra de Emprendimiento del Ministerio de la Juventud, motiv\u00f3 a los j\u00f3venes a formar parte de los diversos programas y proyectos que desarrollan las instituciones.<\/p>\n<p>El Doctor\u00a0 Edwin Ricardo Corniel, Viceministro de Emprendimiento del Ministerio de Educaci\u00f3n Superior Ciencia y Tecnolog\u00eda, inst\u00f3 a la comunidad acad\u00e9mica a sumarse a la iniciativas que desde las diferentes instancias se generan para reconocer y premiar los esfuerzos, dedicaci\u00f3n y sacrificios de\u00a0 los emprendedores.<\/p>\n<p>Agradecemos a\u00a0 la Licenciada Luviandis Justo Encargada del departamento de Emprendimiento del Ministerio de la Juventud y la Lcda Isabel Jerez\u00a0 Directora Interina del Centro de Emprendimiento e Innovaci\u00f3n Empresarial de UNEV\u00a0 por gestionar esta iniciativa que fortalece la articulaci\u00f3n y vinculaci\u00f3n de\u00a0 instituciones que comparten la idea, sue\u00f1os, pensamientos, compromiso y visi\u00f3n de generar un cambio que transforme la mentalidad y cultura emprendedora en los corazones de nuestros j\u00f3venes.<\/p>\n","protected":false},"excerpt":{"rendered":"<p>De manera conjunta el\u00a0 Ministerio de la Juventud y\u00a0 el Ministerio de Educaci\u00f3n\u00a0 Superior\u00a0 Ciencias y\u00a0 Tecnolog\u00eda, realizaron\u00a0 el panel Emprender: De la Idea\u00a0 a la Acci\u00f3n en la Universidad\u00a0 Nacional\u00a0 Evang\u00e9lica con el objetivo de fomentar el emprendimiento, apoyar las iniciativas de negocios en los\u00a0 j\u00f3venes y dar a conocer los actores que han &hellip;<\/p>\n","protected":false},"author":1,"featured_media":17215,"comment_status":"open","ping_status":"open","sticky":false,"template":"","format":"standard","meta":{"footnotes":""},"categories":[19],"tags":[],"class_list":["post-17214","post","type-post","status-publish","format-standard","has-post-thumbnail","hentry","category-educacion"],"yoast_head":"<!-- This site is optimized with the Yoast SEO Premium plugin v24.2 (Yoast SEO v27.1.1) - https:\/\/yoast.com\/product\/yoast-seo-premium-wordpress\/ -->\n<title>Ministerio de la Juventud\u00a0 y MESCyT realizan Panel\u00a0de Emprendimiento en Universidad Nacional Evang\u00e9lica de Santo Domingo. - Tabernaculo Prensa de Dios<\/title>\n<meta name=\"robots\" content=\"index, follow, max-snippet:-1, max-image-preview:large, max-video-preview:-1\" \/>\n<link rel=\"canonical\" href=\"https:\/\/tabernaculoprensadedios.com\/web\/ministerio-de-la-juventud-y-mescyt-realizan-panel-de-emprendimiento-en-universidad-nacional-evangelica-de-santo-domingo\/\" class=\"yoast-seo-meta-tag\" \/>\n<meta property=\"og:locale\" content=\"es_ES\" class=\"yoast-seo-meta-tag\" \/>\n<meta property=\"og:type\" content=\"article\" class=\"yoast-seo-meta-tag\" \/>\n<meta property=\"og:title\" content=\"Ministerio de la Juventud\u00a0 y MESCyT realizan Panel\u00a0de Emprendimiento en Universidad Nacional Evang\u00e9lica de Santo Domingo.\" class=\"yoast-seo-meta-tag\" \/>\n<meta property=\"og:description\" content=\"De manera conjunta el\u00a0 Ministerio de la Juventud y\u00a0 el Ministerio de Educaci\u00f3n\u00a0 Superior\u00a0 Ciencias y\u00a0 Tecnolog\u00eda, realizaron\u00a0 el panel Emprender: De la Idea\u00a0 a la Acci\u00f3n en la Universidad\u00a0 Nacional\u00a0 Evang\u00e9lica con el objetivo de fomentar el emprendimiento, apoyar las iniciativas de negocios en los\u00a0 j\u00f3venes y dar a conocer los actores que han &hellip;\" class=\"yoast-seo-meta-tag\" \/>\n<meta property=\"og:url\" content=\"https:\/\/tabernaculoprensadedios.com\/web\/ministerio-de-la-juventud-y-mescyt-realizan-panel-de-emprendimiento-en-universidad-nacional-evangelica-de-santo-domingo\/\" class=\"yoast-seo-meta-tag\" \/>\n<meta property=\"og:site_name\" content=\"Tabernaculo Prensa de Dios\" class=\"yoast-seo-meta-tag\" \/>\n<meta property=\"article:published_time\" content=\"2020-02-24T16:22:00+00:00\" class=\"yoast-seo-meta-tag\" \/>\n<meta property=\"og:image\" content=\"https:\/\/tabernaculoprensadedios.com\/web\/wp-content\/uploads\/2020\/02\/mesyt-unev.jpg\" class=\"yoast-seo-meta-tag\" \/>\n\t<meta property=\"og:image:width\" content=\"1200\" class=\"yoast-seo-meta-tag\" \/>\n\t<meta property=\"og:image:height\" content=\"857\" class=\"yoast-seo-meta-tag\" \/>\n\t<meta property=\"og:image:type\" content=\"image\/jpeg\" class=\"yoast-seo-meta-tag\" \/>\n<meta name=\"author\" content=\"tabernaculo\" class=\"yoast-seo-meta-tag\" \/>\n<meta name=\"twitter:card\" content=\"summary_large_image\" class=\"yoast-seo-meta-tag\" \/>\n<meta name=\"twitter:creator\" content=\"@PrensadeDios\" class=\"yoast-seo-meta-tag\" \/>\n<meta name=\"twitter:site\" content=\"@PrensadeDios\" class=\"yoast-seo-meta-tag\" \/>\n<meta name=\"twitter:label1\" content=\"Escrito por\" class=\"yoast-seo-meta-tag\" \/>\n\t<meta name=\"twitter:data1\" content=\"tabernaculo\" class=\"yoast-seo-meta-tag\" \/>\n\t<meta name=\"twitter:label2\" content=\"Tiempo de lectura\" class=\"yoast-seo-meta-tag\" \/>\n\t<meta name=\"twitter:data2\" content=\"2 minutos\" class=\"yoast-seo-meta-tag\" \/>\n<script type=\"application\/ld+json\" class=\"yoast-schema-graph\">{\"@context\":\"https:\/\/schema.org\",\"@graph\":[{\"@type\":\"Article\",\"@id\":\"https:\/\/tabernaculoprensadedios.com\/web\/ministerio-de-la-juventud-y-mescyt-realizan-panel-de-emprendimiento-en-universidad-nacional-evangelica-de-santo-domingo\/#article\",\"isPartOf\":{\"@id\":\"https:\/\/tabernaculoprensadedios.com\/web\/ministerio-de-la-juventud-y-mescyt-realizan-panel-de-emprendimiento-en-universidad-nacional-evangelica-de-santo-domingo\/\"},\"author\":{\"name\":\"tabernaculo\",\"@id\":\"https:\/\/tabernaculoprensadedios.com\/web\/#\/schema\/person\/bc0e069fef56b38e177db6f098ae0b6e\"},\"headline\":\"Ministerio de la Juventud\u00a0 y MESCyT realizan Panel\u00a0de Emprendimiento en Universidad Nacional Evang\u00e9lica de Santo Domingo.\",\"datePublished\":\"2020-02-24T16:22:00+00:00\",\"mainEntityOfPage\":{\"@id\":\"https:\/\/tabernaculoprensadedios.com\/web\/ministerio-de-la-juventud-y-mescyt-realizan-panel-de-emprendimiento-en-universidad-nacional-evangelica-de-santo-domingo\/\"},\"wordCount\":423,\"commentCount\":0,\"publisher\":{\"@id\":\"https:\/\/tabernaculoprensadedios.com\/web\/#\/schema\/person\/bc0e069fef56b38e177db6f098ae0b6e\"},\"image\":{\"@id\":\"https:\/\/tabernaculoprensadedios.com\/web\/ministerio-de-la-juventud-y-mescyt-realizan-panel-de-emprendimiento-en-universidad-nacional-evangelica-de-santo-domingo\/#primaryimage\"},\"thumbnailUrl\":\"https:\/\/tabernaculoprensadedios.com\/web\/wp-content\/uploads\/2020\/02\/mesyt-unev.jpg\",\"articleSection\":[\"Educaci\u00f3n\"],\"inLanguage\":\"es\",\"potentialAction\":[{\"@type\":\"CommentAction\",\"name\":\"Comment\",\"target\":[\"https:\/\/tabernaculoprensadedios.com\/web\/ministerio-de-la-juventud-y-mescyt-realizan-panel-de-emprendimiento-en-universidad-nacional-evangelica-de-santo-domingo\/#respond\"]}]},{\"@type\":\"WebPage\",\"@id\":\"https:\/\/tabernaculoprensadedios.com\/web\/ministerio-de-la-juventud-y-mescyt-realizan-panel-de-emprendimiento-en-universidad-nacional-evangelica-de-santo-domingo\/\",\"url\":\"https:\/\/tabernaculoprensadedios.com\/web\/ministerio-de-la-juventud-y-mescyt-realizan-panel-de-emprendimiento-en-universidad-nacional-evangelica-de-santo-domingo\/\",\"name\":\"Ministerio de la Juventud\u00a0 y MESCyT realizan Panel\u00a0de Emprendimiento en Universidad Nacional Evang\u00e9lica de Santo Domingo. - Tabernaculo Prensa de Dios\",\"isPartOf\":{\"@id\":\"https:\/\/tabernaculoprensadedios.com\/web\/#website\"},\"primaryImageOfPage\":{\"@id\":\"https:\/\/tabernaculoprensadedios.com\/web\/ministerio-de-la-juventud-y-mescyt-realizan-panel-de-emprendimiento-en-universidad-nacional-evangelica-de-santo-domingo\/#primaryimage\"},\"image\":{\"@id\":\"https:\/\/tabernaculoprensadedios.com\/web\/ministerio-de-la-juventud-y-mescyt-realizan-panel-de-emprendimiento-en-universidad-nacional-evangelica-de-santo-domingo\/#primaryimage\"},\"thumbnailUrl\":\"https:\/\/tabernaculoprensadedios.com\/web\/wp-content\/uploads\/2020\/02\/mesyt-unev.jpg\",\"datePublished\":\"2020-02-24T16:22:00+00:00\",\"breadcrumb\":{\"@id\":\"https:\/\/tabernaculoprensadedios.com\/web\/ministerio-de-la-juventud-y-mescyt-realizan-panel-de-emprendimiento-en-universidad-nacional-evangelica-de-santo-domingo\/#breadcrumb\"},\"inLanguage\":\"es\",\"potentialAction\":[{\"@type\":\"ReadAction\",\"target\":[\"https:\/\/tabernaculoprensadedios.com\/web\/ministerio-de-la-juventud-y-mescyt-realizan-panel-de-emprendimiento-en-universidad-nacional-evangelica-de-santo-domingo\/\"]}]},{\"@type\":\"ImageObject\",\"inLanguage\":\"es\",\"@id\":\"https:\/\/tabernaculoprensadedios.com\/web\/ministerio-de-la-juventud-y-mescyt-realizan-panel-de-emprendimiento-en-universidad-nacional-evangelica-de-santo-domingo\/#primaryimage\",\"url\":\"https:\/\/tabernaculoprensadedios.com\/web\/wp-content\/uploads\/2020\/02\/mesyt-unev.jpg\",\"contentUrl\":\"https:\/\/tabernaculoprensadedios.com\/web\/wp-content\/uploads\/2020\/02\/mesyt-unev.jpg\",\"width\":1200,\"height\":857},{\"@type\":\"BreadcrumbList\",\"@id\":\"https:\/\/tabernaculoprensadedios.com\/web\/ministerio-de-la-juventud-y-mescyt-realizan-panel-de-emprendimiento-en-universidad-nacional-evangelica-de-santo-domingo\/#breadcrumb\",\"itemListElement\":[{\"@type\":\"ListItem\",\"position\":1,\"name\":\"Portada\",\"item\":\"https:\/\/tabernaculoprensadedios.com\/web\/\"},{\"@type\":\"ListItem\",\"position\":2,\"name\":\"Ministerio de la Juventud\u00a0 y MESCyT realizan Panel\u00a0de Emprendimiento en Universidad Nacional Evang\u00e9lica de Santo Domingo.\"}]},{\"@type\":\"WebSite\",\"@id\":\"https:\/\/tabernaculoprensadedios.com\/web\/#website\",\"url\":\"https:\/\/tabernaculoprensadedios.com\/web\/\",\"name\":\"Tabernaculo Prensa de Dios\",\"description\":\"Un medio a la manera de Dios\",\"publisher\":{\"@id\":\"https:\/\/tabernaculoprensadedios.com\/web\/#\/schema\/person\/bc0e069fef56b38e177db6f098ae0b6e\"},\"potentialAction\":[{\"@type\":\"SearchAction\",\"target\":{\"@type\":\"EntryPoint\",\"urlTemplate\":\"https:\/\/tabernaculoprensadedios.com\/web\/?s={search_term_string}\"},\"query-input\":{\"@type\":\"PropertyValueSpecification\",\"valueRequired\":true,\"valueName\":\"search_term_string\"}}],\"inLanguage\":\"es\"},{\"@type\":[\"Person\",\"Organization\"],\"@id\":\"https:\/\/tabernaculoprensadedios.com\/web\/#\/schema\/person\/bc0e069fef56b38e177db6f098ae0b6e\",\"name\":\"tabernaculo\",\"image\":{\"@type\":\"ImageObject\",\"inLanguage\":\"es\",\"@id\":\"https:\/\/tabernaculoprensadedios.com\/web\/#\/schema\/person\/image\/\",\"url\":\"https:\/\/tabernaculoprensadedios.com\/web\/wp-content\/uploads\/2015\/06\/login-logo1.png\",\"contentUrl\":\"https:\/\/tabernaculoprensadedios.com\/web\/wp-content\/uploads\/2015\/06\/login-logo1.png\",\"width\":300,\"height\":118,\"caption\":\"tabernaculo\"},\"logo\":{\"@id\":\"https:\/\/tabernaculoprensadedios.com\/web\/#\/schema\/person\/image\/\"},\"url\":\"https:\/\/tabernaculoprensadedios.com\/web\/author\/tabernaculo\/\"}]}<\/script>\n<!-- \/ Yoast SEO Premium plugin. -->","yoast_head_json":{"title":"Ministerio de la Juventud\u00a0 y MESCyT realizan Panel\u00a0de Emprendimiento en Universidad Nacional Evang\u00e9lica de Santo Domingo. - Tabernaculo Prensa de Dios","robots":{"index":"index","follow":"follow","max-snippet":"max-snippet:-1","max-image-preview":"max-image-preview:large","max-video-preview":"max-video-preview:-1"},"canonical":"https:\/\/tabernaculoprensadedios.com\/web\/ministerio-de-la-juventud-y-mescyt-realizan-panel-de-emprendimiento-en-universidad-nacional-evangelica-de-santo-domingo\/","og_locale":"es_ES","og_type":"article","og_title":"Ministerio de la Juventud\u00a0 y MESCyT realizan Panel\u00a0de Emprendimiento en Universidad Nacional Evang\u00e9lica de Santo Domingo.","og_description":"De manera conjunta el\u00a0 Ministerio de la Juventud y\u00a0 el Ministerio de Educaci\u00f3n\u00a0 Superior\u00a0 Ciencias y\u00a0 Tecnolog\u00eda, realizaron\u00a0 el panel Emprender: De la Idea\u00a0 a la Acci\u00f3n en la Universidad\u00a0 Nacional\u00a0 Evang\u00e9lica con el objetivo de fomentar el emprendimiento, apoyar las iniciativas de negocios en los\u00a0 j\u00f3venes y dar a conocer los actores que han &hellip;","og_url":"https:\/\/tabernaculoprensadedios.com\/web\/ministerio-de-la-juventud-y-mescyt-realizan-panel-de-emprendimiento-en-universidad-nacional-evangelica-de-santo-domingo\/","og_site_name":"Tabernaculo Prensa de Dios","article_published_time":"2020-02-24T16:22:00+00:00","og_image":[{"width":1200,"height":857,"url":"https:\/\/tabernaculoprensadedios.com\/web\/wp-content\/uploads\/2020\/02\/mesyt-unev.jpg","type":"image\/jpeg"}],"author":"tabernaculo","twitter_card":"summary_large_image","twitter_creator":"@PrensadeDios","twitter_site":"@PrensadeDios","twitter_misc":{"Escrito por":"tabernaculo","Tiempo de lectura":"2 minutos"},"schema":{"@context":"https:\/\/schema.org","@graph":[{"@type":"Article","@id":"https:\/\/tabernaculoprensadedios.com\/web\/ministerio-de-la-juventud-y-mescyt-realizan-panel-de-emprendimiento-en-universidad-nacional-evangelica-de-santo-domingo\/#article","isPartOf":{"@id":"https:\/\/tabernaculoprensadedios.com\/web\/ministerio-de-la-juventud-y-mescyt-realizan-panel-de-emprendimiento-en-universidad-nacional-evangelica-de-santo-domingo\/"},"author":{"name":"tabernaculo","@id":"https:\/\/tabernaculoprensadedios.com\/web\/#\/schema\/person\/bc0e069fef56b38e177db6f098ae0b6e"},"headline":"Ministerio de la Juventud\u00a0 y MESCyT realizan Panel\u00a0de Emprendimiento en Universidad Nacional Evang\u00e9lica de Santo Domingo.","datePublished":"2020-02-24T16:22:00+00:00","mainEntityOfPage":{"@id":"https:\/\/tabernaculoprensadedios.com\/web\/ministerio-de-la-juventud-y-mescyt-realizan-panel-de-emprendimiento-en-universidad-nacional-evangelica-de-santo-domingo\/"},"wordCount":423,"commentCount":0,"publisher":{"@id":"https:\/\/tabernaculoprensadedios.com\/web\/#\/schema\/person\/bc0e069fef56b38e177db6f098ae0b6e"},"image":{"@id":"https:\/\/tabernaculoprensadedios.com\/web\/ministerio-de-la-juventud-y-mescyt-realizan-panel-de-emprendimiento-en-universidad-nacional-evangelica-de-santo-domingo\/#primaryimage"},"thumbnailUrl":"https:\/\/tabernaculoprensadedios.com\/web\/wp-content\/uploads\/2020\/02\/mesyt-unev.jpg","articleSection":["Educaci\u00f3n"],"inLanguage":"es","potentialAction":[{"@type":"CommentAction","name":"Comment","target":["https:\/\/tabernaculoprensadedios.com\/web\/ministerio-de-la-juventud-y-mescyt-realizan-panel-de-emprendimiento-en-universidad-nacional-evangelica-de-santo-domingo\/#respond"]}]},{"@type":"WebPage","@id":"https:\/\/tabernaculoprensadedios.com\/web\/ministerio-de-la-juventud-y-mescyt-realizan-panel-de-emprendimiento-en-universidad-nacional-evangelica-de-santo-domingo\/","url":"https:\/\/tabernaculoprensadedios.com\/web\/ministerio-de-la-juventud-y-mescyt-realizan-panel-de-emprendimiento-en-universidad-nacional-evangelica-de-santo-domingo\/","name":"Ministerio de la Juventud\u00a0 y MESCyT realizan Panel\u00a0de Emprendimiento en Universidad Nacional Evang\u00e9lica de Santo Domingo. - Tabernaculo Prensa de Dios","isPartOf":{"@id":"https:\/\/tabernaculoprensadedios.com\/web\/#website"},"primaryImageOfPage":{"@id":"https:\/\/tabernaculoprensadedios.com\/web\/ministerio-de-la-juventud-y-mescyt-realizan-panel-de-emprendimiento-en-universidad-nacional-evangelica-de-santo-domingo\/#primaryimage"},"image":{"@id":"https:\/\/tabernaculoprensadedios.com\/web\/ministerio-de-la-juventud-y-mescyt-realizan-panel-de-emprendimiento-en-universidad-nacional-evangelica-de-santo-domingo\/#primaryimage"},"thumbnailUrl":"https:\/\/tabernaculoprensadedios.com\/web\/wp-content\/uploads\/2020\/02\/mesyt-unev.jpg","datePublished":"2020-02-24T16:22:00+00:00","breadcrumb":{"@id":"https:\/\/tabernaculoprensadedios.com\/web\/ministerio-de-la-juventud-y-mescyt-realizan-panel-de-emprendimiento-en-universidad-nacional-evangelica-de-santo-domingo\/#breadcrumb"},"inLanguage":"es","potentialAction":[{"@type":"ReadAction","target":["https:\/\/tabernaculoprensadedios.com\/web\/ministerio-de-la-juventud-y-mescyt-realizan-panel-de-emprendimiento-en-universidad-nacional-evangelica-de-santo-domingo\/"]}]},{"@type":"ImageObject","inLanguage":"es","@id":"https:\/\/tabernaculoprensadedios.com\/web\/ministerio-de-la-juventud-y-mescyt-realizan-panel-de-emprendimiento-en-universidad-nacional-evangelica-de-santo-domingo\/#primaryimage","url":"https:\/\/tabernaculoprensadedios.com\/web\/wp-content\/uploads\/2020\/02\/mesyt-unev.jpg","contentUrl":"https:\/\/tabernaculoprensadedios.com\/web\/wp-content\/uploads\/2020\/02\/mesyt-unev.jpg","width":1200,"height":857},{"@type":"BreadcrumbList","@id":"https:\/\/tabernaculoprensadedios.com\/web\/ministerio-de-la-juventud-y-mescyt-realizan-panel-de-emprendimiento-en-universidad-nacional-evangelica-de-santo-domingo\/#breadcrumb","itemListElement":[{"@type":"ListItem","position":1,"name":"Portada","item":"https:\/\/tabernaculoprensadedios.com\/web\/"},{"@type":"ListItem","position":2,"name":"Ministerio de la Juventud\u00a0 y MESCyT realizan Panel\u00a0de Emprendimiento en Universidad Nacional Evang\u00e9lica de Santo Domingo."}]},{"@type":"WebSite","@id":"https:\/\/tabernaculoprensadedios.com\/web\/#website","url":"https:\/\/tabernaculoprensadedios.com\/web\/","name":"Tabernaculo Prensa de Dios","description":"Un medio a la manera de Dios","publisher":{"@id":"https:\/\/tabernaculoprensadedios.com\/web\/#\/schema\/person\/bc0e069fef56b38e177db6f098ae0b6e"},"potentialAction":[{"@type":"SearchAction","target":{"@type":"EntryPoint","urlTemplate":"https:\/\/tabernaculoprensadedios.com\/web\/?s={search_term_string}"},"query-input":{"@type":"PropertyValueSpecification","valueRequired":true,"valueName":"search_term_string"}}],"inLanguage":"es"},{"@type":["Person","Organization"],"@id":"https:\/\/tabernaculoprensadedios.com\/web\/#\/schema\/person\/bc0e069fef56b38e177db6f098ae0b6e","name":"tabernaculo","image":{"@type":"ImageObject","inLanguage":"es","@id":"https:\/\/tabernaculoprensadedios.com\/web\/#\/schema\/person\/image\/","url":"https:\/\/tabernaculoprensadedios.com\/web\/wp-content\/uploads\/2015\/06\/login-logo1.png","contentUrl":"https:\/\/tabernaculoprensadedios.com\/web\/wp-content\/uploads\/2015\/06\/login-logo1.png","width":300,"height":118,"caption":"tabernaculo"},"logo":{"@id":"https:\/\/tabernaculoprensadedios.com\/web\/#\/schema\/person\/image\/"},"url":"https:\/\/tabernaculoprensadedios.com\/web\/author\/tabernaculo\/"}]}},"_links":{"self":[{"href":"https:\/\/tabernaculoprensadedios.com\/web\/wp-json\/wp\/v2\/posts\/17214","targetHints":{"allow":["GET"]}}],"collection":[{"href":"https:\/\/tabernaculoprensadedios.com\/web\/wp-json\/wp\/v2\/posts"}],"about":[{"href":"https:\/\/tabernaculoprensadedios.com\/web\/wp-json\/wp\/v2\/types\/post"}],"author":[{"embeddable":true,"href":"https:\/\/tabernaculoprensadedios.com\/web\/wp-json\/wp\/v2\/users\/1"}],"replies":[{"embeddable":true,"href":"https:\/\/tabernaculoprensadedios.com\/web\/wp-json\/wp\/v2\/comments?post=17214"}],"version-history":[{"count":1,"href":"https:\/\/tabernaculoprensadedios.com\/web\/wp-json\/wp\/v2\/posts\/17214\/revisions"}],"predecessor-version":[{"id":17216,"href":"https:\/\/tabernaculoprensadedios.com\/web\/wp-json\/wp\/v2\/posts\/17214\/revisions\/17216"}],"wp:featuredmedia":[{"embeddable":true,"href":"https:\/\/tabernaculoprensadedios.com\/web\/wp-json\/wp\/v2\/media\/17215"}],"wp:attachment":[{"href":"https:\/\/tabernaculoprensadedios.com\/web\/wp-json\/wp\/v2\/media?parent=17214"}],"wp:term":[{"taxonomy":"category","embeddable":true,"href":"https:\/\/tabernaculoprensadedios.com\/web\/wp-json\/wp\/v2\/categories?post=17214"},{"taxonomy":"post_tag","embeddable":true,"href":"https:\/\/tabernaculoprensadedios.com\/web\/wp-json\/wp\/v2\/tags?post=17214"}],"curies":[{"name":"wp","href":"https:\/\/api.w.org\/{rel}","templated":true}]}}