{"id":17208,"date":"2020-02-24T15:36:09","date_gmt":"2020-02-24T15:36:09","guid":{"rendered":"http:\/\/tabernaculoprensadedios.com\/web\/?p=17208"},"modified":"2020-02-24T15:44:26","modified_gmt":"2020-02-24T15:44:26","slug":"dios-nos-llama-a-sintonizarnos-con-las-noticias-del-cielo","status":"publish","type":"post","link":"https:\/\/tabernaculoprensadedios.com\/web\/dios-nos-llama-a-sintonizarnos-con-las-noticias-del-cielo\/","title":{"rendered":"Dios nos llama a sintonizarnos con las noticias del Cielo"},"content":{"rendered":"<p><strong><em>Pongan en pr\u00e1ctica lo que de m\u00ed han aprendido, recibido y o\u00eddo, y lo que han visto en m\u00ed, y el Dios de paz estar\u00e1 con ustedes. Filipenses 4:9<\/em><\/strong><\/p>\n<p>El Se\u00f1or me mostr\u00f3 muchas personas encendiendo sus televisores y viendo informes atroces, uno tras otro en las noticias. Lo que escuchaban era alarmante y causaba mucho temor, duda e incredulidad. Sus pensamientos eran consumidos con las voces de los medios de comunicaci\u00f3n hablando de plagas, guerras y rumores de guerras. Entonces escuch\u00e9 al Se\u00f1or decir: Mis buenas noticias ser\u00e1n difundidas en la tierra y Mi Salvaci\u00f3n ser\u00e1 proclamada entre las naciones. Estoy llamando a Mi Pueblo a sintonizarse con las buenas noticias y ver las cosas que Yo estoy a punto de hacer en la tierra.<\/p>\n<p>El Se\u00f1or dice: Mientras aprenden a sintonizar Mi voz y bloquean el temor y el caos que hay a su alrededor, comenzar\u00e1n a sensibilizarse con las frecuencias del cielo. Mi voz liberar\u00e1 paz en sus corazones y mentes. Mi voz traer\u00e1 victoria en sus situaciones. Mientras aprenden a desconectarse de las distracciones alrededor de ustedes, Mi voz se har\u00e1 m\u00e1s evidente, mientras realizan sus tareas diarias.<\/p>\n<p>Mientras filtran el ruido y las amenazas del enemigo, ustedes comenzar\u00e1n a reconocer Mi voz con claridad. Yo les hablar\u00e9 en las tormentas as\u00ed como en los tiempos de paz. Cuando vean nubes oscuras, sabr\u00e1n que la lluvia de Mi gloria es inminente. Las nubes m\u00e1s oscuras marcar\u00e1n el comienzo de las lluvias m\u00e1s intensas de Mi cosecha. Yo les ense\u00f1ar\u00e9 como percibir Mi voz en sue\u00f1os, as\u00ed como a discernir Mis planes en visiones. Lleven cautivo todo pensamiento para que no se consuman con pensamientos de des\u00e1nimo. Ignoren los pensamientos de confusi\u00f3n y las acusaciones que el enemigo env\u00eda para distraerlos. Resistan la voz de los extra\u00f1os que compiten por su atenci\u00f3n.<\/p>\n<p>Mientras Me buscan por claridad, podr\u00e1n comprender las maneras en las que Yo hablo. Yo les hablar\u00e9 en las cosas ocultas como en las obvias. Yo los llevar\u00e9 en tiempos de agitaci\u00f3n y los dirigir\u00e9 en temporadas de incertidumbre. Aprendan a ser sensibles a Mi, a Mi Palabra y aprendan a escucharme en sus momentos de tranquilidad. Aprendan a reconocer en el silencio Mi suave voz, entrando en los lugares profundos Conmigo. Mientras Me buscan en oraci\u00f3n e intercesi\u00f3n, se acostumbrar\u00e1n a las muchas maneras en que Yo hablo. En este lugar les revelar\u00e9 los secretos del Reino. Yo hablar\u00e9 con todos aquellos con los que puedo confiar el man\u00e1 escondido. Ellos son los que tienen hambre de saber m\u00e1s de Mi.<\/p>\n<p>Yo les revelar\u00e9 los tesoros escondidos. Ellos son todos aquellos que tienen hambre de conocerme m\u00e1s. Aprendan como presionar en medio de toda la conmoci\u00f3n y mientras Me buscan con diligencia, su mente ser\u00e1 renovada a Mi manera. Mi voz vendr\u00e1 a trav\u00e9s de Mi Palabra y la intimidad. As\u00ed como la novia conoce la voz de su novio, ustedes aprender\u00e1n a reconocer Mi voz a trav\u00e9s de esta relaci\u00f3n \u00edntima Conmigo. Al sintonizarse con las frecuencias m\u00e1s altas, se levantar\u00e1n a alturas m\u00e1s altas de lo que nunca han imaginado dice el Se\u00f1or. (Elaine Tavolacci)<\/p>\n<p><strong>Juan 10:2-5<\/strong>\u00a0Pero el que entra por la puerta, es el pastor de las ovejas. A \u00e9ste el portero le abre, y las ovejas oyen su voz; y \u00e9l llama a las ovejas por su nombre, y las saca. Y una vez que ha sacado a todas sus ovejas, va delante de ellas; y las ovejas lo siguen, porque conocen su voz. Pero a un extra\u00f1o no lo siguen, sino que huyen de \u00e9l, porque no conocen la voz de gente extra\u00f1a.\u00bb Jes\u00fas les dijo esta alegor\u00eda; pero ellos no entendieron qu\u00e9 les quiso decir.<\/p>\n","protected":false},"excerpt":{"rendered":"<p>Pongan en pr\u00e1ctica lo que de m\u00ed han aprendido, recibido y o\u00eddo, y lo que han visto en m\u00ed, y el Dios de paz estar\u00e1 con ustedes. Filipenses 4:9 El Se\u00f1or me mostr\u00f3 muchas personas encendiendo sus televisores y viendo informes atroces, uno tras otro en las noticias. Lo que escuchaban era alarmante y causaba &hellip;<\/p>\n","protected":false},"author":1,"featured_media":17209,"comment_status":"open","ping_status":"open","sticky":false,"template":"","format":"standard","meta":{"footnotes":""},"categories":[38],"tags":[],"class_list":["post-17208","post","type-post","status-publish","format-standard","has-post-thumbnail","hentry","category-principal"],"yoast_head":"<!-- This site is optimized with the Yoast SEO Premium plugin v24.2 (Yoast SEO v27.1.1) - https:\/\/yoast.com\/product\/yoast-seo-premium-wordpress\/ -->\n<title>Dios nos llama a sintonizarnos con las noticias del Cielo - Tabernaculo Prensa de Dios<\/title>\n<meta name=\"robots\" content=\"index, follow, max-snippet:-1, max-image-preview:large, max-video-preview:-1\" \/>\n<link rel=\"canonical\" href=\"https:\/\/tabernaculoprensadedios.com\/web\/dios-nos-llama-a-sintonizarnos-con-las-noticias-del-cielo\/\" class=\"yoast-seo-meta-tag\" \/>\n<meta property=\"og:locale\" content=\"es_ES\" class=\"yoast-seo-meta-tag\" \/>\n<meta property=\"og:type\" content=\"article\" class=\"yoast-seo-meta-tag\" \/>\n<meta property=\"og:title\" content=\"Dios nos llama a sintonizarnos con las noticias del Cielo\" class=\"yoast-seo-meta-tag\" \/>\n<meta property=\"og:description\" content=\"Pongan en pr\u00e1ctica lo que de m\u00ed han aprendido, recibido y o\u00eddo, y lo que han visto en m\u00ed, y el Dios de paz estar\u00e1 con ustedes. Filipenses 4:9 El Se\u00f1or me mostr\u00f3 muchas personas encendiendo sus televisores y viendo informes atroces, uno tras otro en las noticias. Lo que escuchaban era alarmante y causaba &hellip;\" class=\"yoast-seo-meta-tag\" \/>\n<meta property=\"og:url\" content=\"https:\/\/tabernaculoprensadedios.com\/web\/dios-nos-llama-a-sintonizarnos-con-las-noticias-del-cielo\/\" class=\"yoast-seo-meta-tag\" \/>\n<meta property=\"og:site_name\" content=\"Tabernaculo Prensa de Dios\" class=\"yoast-seo-meta-tag\" \/>\n<meta property=\"article:published_time\" content=\"2020-02-24T15:36:09+00:00\" class=\"yoast-seo-meta-tag\" \/>\n<meta property=\"article:modified_time\" content=\"2020-02-24T15:44:26+00:00\" class=\"yoast-seo-meta-tag\" \/>\n<meta property=\"og:image\" content=\"https:\/\/tabernaculoprensadedios.com\/web\/wp-content\/uploads\/2020\/02\/nature-3150822_1280.jpg\" class=\"yoast-seo-meta-tag\" \/>\n\t<meta property=\"og:image:width\" content=\"1280\" class=\"yoast-seo-meta-tag\" \/>\n\t<meta property=\"og:image:height\" content=\"719\" class=\"yoast-seo-meta-tag\" \/>\n\t<meta property=\"og:image:type\" content=\"image\/jpeg\" class=\"yoast-seo-meta-tag\" \/>\n<meta name=\"author\" content=\"tabernaculo\" class=\"yoast-seo-meta-tag\" \/>\n<meta name=\"twitter:card\" content=\"summary_large_image\" class=\"yoast-seo-meta-tag\" \/>\n<meta name=\"twitter:creator\" content=\"@PrensadeDios\" class=\"yoast-seo-meta-tag\" \/>\n<meta name=\"twitter:site\" content=\"@PrensadeDios\" class=\"yoast-seo-meta-tag\" \/>\n<meta name=\"twitter:label1\" content=\"Escrito por\" class=\"yoast-seo-meta-tag\" \/>\n\t<meta name=\"twitter:data1\" content=\"tabernaculo\" class=\"yoast-seo-meta-tag\" \/>\n\t<meta name=\"twitter:label2\" content=\"Tiempo de lectura\" class=\"yoast-seo-meta-tag\" \/>\n\t<meta name=\"twitter:data2\" content=\"3 minutos\" class=\"yoast-seo-meta-tag\" \/>\n<script type=\"application\/ld+json\" class=\"yoast-schema-graph\">{\"@context\":\"https:\/\/schema.org\",\"@graph\":[{\"@type\":\"Article\",\"@id\":\"https:\/\/tabernaculoprensadedios.com\/web\/dios-nos-llama-a-sintonizarnos-con-las-noticias-del-cielo\/#article\",\"isPartOf\":{\"@id\":\"https:\/\/tabernaculoprensadedios.com\/web\/dios-nos-llama-a-sintonizarnos-con-las-noticias-del-cielo\/\"},\"author\":{\"name\":\"tabernaculo\",\"@id\":\"https:\/\/tabernaculoprensadedios.com\/web\/#\/schema\/person\/bc0e069fef56b38e177db6f098ae0b6e\"},\"headline\":\"Dios nos llama a sintonizarnos con las noticias del Cielo\",\"datePublished\":\"2020-02-24T15:36:09+00:00\",\"dateModified\":\"2020-02-24T15:44:26+00:00\",\"mainEntityOfPage\":{\"@id\":\"https:\/\/tabernaculoprensadedios.com\/web\/dios-nos-llama-a-sintonizarnos-con-las-noticias-del-cielo\/\"},\"wordCount\":669,\"commentCount\":0,\"publisher\":{\"@id\":\"https:\/\/tabernaculoprensadedios.com\/web\/#\/schema\/person\/bc0e069fef56b38e177db6f098ae0b6e\"},\"image\":{\"@id\":\"https:\/\/tabernaculoprensadedios.com\/web\/dios-nos-llama-a-sintonizarnos-con-las-noticias-del-cielo\/#primaryimage\"},\"thumbnailUrl\":\"https:\/\/tabernaculoprensadedios.com\/web\/wp-content\/uploads\/2020\/02\/nature-3150822_1280.jpg\",\"articleSection\":[\"Principal\"],\"inLanguage\":\"es\",\"potentialAction\":[{\"@type\":\"CommentAction\",\"name\":\"Comment\",\"target\":[\"https:\/\/tabernaculoprensadedios.com\/web\/dios-nos-llama-a-sintonizarnos-con-las-noticias-del-cielo\/#respond\"]}]},{\"@type\":\"WebPage\",\"@id\":\"https:\/\/tabernaculoprensadedios.com\/web\/dios-nos-llama-a-sintonizarnos-con-las-noticias-del-cielo\/\",\"url\":\"https:\/\/tabernaculoprensadedios.com\/web\/dios-nos-llama-a-sintonizarnos-con-las-noticias-del-cielo\/\",\"name\":\"Dios nos llama a sintonizarnos con las noticias del Cielo - Tabernaculo Prensa de Dios\",\"isPartOf\":{\"@id\":\"https:\/\/tabernaculoprensadedios.com\/web\/#website\"},\"primaryImageOfPage\":{\"@id\":\"https:\/\/tabernaculoprensadedios.com\/web\/dios-nos-llama-a-sintonizarnos-con-las-noticias-del-cielo\/#primaryimage\"},\"image\":{\"@id\":\"https:\/\/tabernaculoprensadedios.com\/web\/dios-nos-llama-a-sintonizarnos-con-las-noticias-del-cielo\/#primaryimage\"},\"thumbnailUrl\":\"https:\/\/tabernaculoprensadedios.com\/web\/wp-content\/uploads\/2020\/02\/nature-3150822_1280.jpg\",\"datePublished\":\"2020-02-24T15:36:09+00:00\",\"dateModified\":\"2020-02-24T15:44:26+00:00\",\"breadcrumb\":{\"@id\":\"https:\/\/tabernaculoprensadedios.com\/web\/dios-nos-llama-a-sintonizarnos-con-las-noticias-del-cielo\/#breadcrumb\"},\"inLanguage\":\"es\",\"potentialAction\":[{\"@type\":\"ReadAction\",\"target\":[\"https:\/\/tabernaculoprensadedios.com\/web\/dios-nos-llama-a-sintonizarnos-con-las-noticias-del-cielo\/\"]}]},{\"@type\":\"ImageObject\",\"inLanguage\":\"es\",\"@id\":\"https:\/\/tabernaculoprensadedios.com\/web\/dios-nos-llama-a-sintonizarnos-con-las-noticias-del-cielo\/#primaryimage\",\"url\":\"https:\/\/tabernaculoprensadedios.com\/web\/wp-content\/uploads\/2020\/02\/nature-3150822_1280.jpg\",\"contentUrl\":\"https:\/\/tabernaculoprensadedios.com\/web\/wp-content\/uploads\/2020\/02\/nature-3150822_1280.jpg\",\"width\":1280,\"height\":719},{\"@type\":\"BreadcrumbList\",\"@id\":\"https:\/\/tabernaculoprensadedios.com\/web\/dios-nos-llama-a-sintonizarnos-con-las-noticias-del-cielo\/#breadcrumb\",\"itemListElement\":[{\"@type\":\"ListItem\",\"position\":1,\"name\":\"Portada\",\"item\":\"https:\/\/tabernaculoprensadedios.com\/web\/\"},{\"@type\":\"ListItem\",\"position\":2,\"name\":\"Dios nos llama a sintonizarnos con las noticias del Cielo\"}]},{\"@type\":\"WebSite\",\"@id\":\"https:\/\/tabernaculoprensadedios.com\/web\/#website\",\"url\":\"https:\/\/tabernaculoprensadedios.com\/web\/\",\"name\":\"Tabernaculo Prensa de Dios\",\"description\":\"Un medio a la manera de Dios\",\"publisher\":{\"@id\":\"https:\/\/tabernaculoprensadedios.com\/web\/#\/schema\/person\/bc0e069fef56b38e177db6f098ae0b6e\"},\"potentialAction\":[{\"@type\":\"SearchAction\",\"target\":{\"@type\":\"EntryPoint\",\"urlTemplate\":\"https:\/\/tabernaculoprensadedios.com\/web\/?s={search_term_string}\"},\"query-input\":{\"@type\":\"PropertyValueSpecification\",\"valueRequired\":true,\"valueName\":\"search_term_string\"}}],\"inLanguage\":\"es\"},{\"@type\":[\"Person\",\"Organization\"],\"@id\":\"https:\/\/tabernaculoprensadedios.com\/web\/#\/schema\/person\/bc0e069fef56b38e177db6f098ae0b6e\",\"name\":\"tabernaculo\",\"image\":{\"@type\":\"ImageObject\",\"inLanguage\":\"es\",\"@id\":\"https:\/\/tabernaculoprensadedios.com\/web\/#\/schema\/person\/image\/\",\"url\":\"https:\/\/tabernaculoprensadedios.com\/web\/wp-content\/uploads\/2015\/06\/login-logo1.png\",\"contentUrl\":\"https:\/\/tabernaculoprensadedios.com\/web\/wp-content\/uploads\/2015\/06\/login-logo1.png\",\"width\":300,\"height\":118,\"caption\":\"tabernaculo\"},\"logo\":{\"@id\":\"https:\/\/tabernaculoprensadedios.com\/web\/#\/schema\/person\/image\/\"},\"url\":\"https:\/\/tabernaculoprensadedios.com\/web\/author\/tabernaculo\/\"}]}<\/script>\n<!-- \/ Yoast SEO Premium plugin. -->","yoast_head_json":{"title":"Dios nos llama a sintonizarnos con las noticias del Cielo - Tabernaculo Prensa de Dios","robots":{"index":"index","follow":"follow","max-snippet":"max-snippet:-1","max-image-preview":"max-image-preview:large","max-video-preview":"max-video-preview:-1"},"canonical":"https:\/\/tabernaculoprensadedios.com\/web\/dios-nos-llama-a-sintonizarnos-con-las-noticias-del-cielo\/","og_locale":"es_ES","og_type":"article","og_title":"Dios nos llama a sintonizarnos con las noticias del Cielo","og_description":"Pongan en pr\u00e1ctica lo que de m\u00ed han aprendido, recibido y o\u00eddo, y lo que han visto en m\u00ed, y el Dios de paz estar\u00e1 con ustedes. Filipenses 4:9 El Se\u00f1or me mostr\u00f3 muchas personas encendiendo sus televisores y viendo informes atroces, uno tras otro en las noticias. Lo que escuchaban era alarmante y causaba &hellip;","og_url":"https:\/\/tabernaculoprensadedios.com\/web\/dios-nos-llama-a-sintonizarnos-con-las-noticias-del-cielo\/","og_site_name":"Tabernaculo Prensa de Dios","article_published_time":"2020-02-24T15:36:09+00:00","article_modified_time":"2020-02-24T15:44:26+00:00","og_image":[{"width":1280,"height":719,"url":"https:\/\/tabernaculoprensadedios.com\/web\/wp-content\/uploads\/2020\/02\/nature-3150822_1280.jpg","type":"image\/jpeg"}],"author":"tabernaculo","twitter_card":"summary_large_image","twitter_creator":"@PrensadeDios","twitter_site":"@PrensadeDios","twitter_misc":{"Escrito por":"tabernaculo","Tiempo de lectura":"3 minutos"},"schema":{"@context":"https:\/\/schema.org","@graph":[{"@type":"Article","@id":"https:\/\/tabernaculoprensadedios.com\/web\/dios-nos-llama-a-sintonizarnos-con-las-noticias-del-cielo\/#article","isPartOf":{"@id":"https:\/\/tabernaculoprensadedios.com\/web\/dios-nos-llama-a-sintonizarnos-con-las-noticias-del-cielo\/"},"author":{"name":"tabernaculo","@id":"https:\/\/tabernaculoprensadedios.com\/web\/#\/schema\/person\/bc0e069fef56b38e177db6f098ae0b6e"},"headline":"Dios nos llama a sintonizarnos con las noticias del Cielo","datePublished":"2020-02-24T15:36:09+00:00","dateModified":"2020-02-24T15:44:26+00:00","mainEntityOfPage":{"@id":"https:\/\/tabernaculoprensadedios.com\/web\/dios-nos-llama-a-sintonizarnos-con-las-noticias-del-cielo\/"},"wordCount":669,"commentCount":0,"publisher":{"@id":"https:\/\/tabernaculoprensadedios.com\/web\/#\/schema\/person\/bc0e069fef56b38e177db6f098ae0b6e"},"image":{"@id":"https:\/\/tabernaculoprensadedios.com\/web\/dios-nos-llama-a-sintonizarnos-con-las-noticias-del-cielo\/#primaryimage"},"thumbnailUrl":"https:\/\/tabernaculoprensadedios.com\/web\/wp-content\/uploads\/2020\/02\/nature-3150822_1280.jpg","articleSection":["Principal"],"inLanguage":"es","potentialAction":[{"@type":"CommentAction","name":"Comment","target":["https:\/\/tabernaculoprensadedios.com\/web\/dios-nos-llama-a-sintonizarnos-con-las-noticias-del-cielo\/#respond"]}]},{"@type":"WebPage","@id":"https:\/\/tabernaculoprensadedios.com\/web\/dios-nos-llama-a-sintonizarnos-con-las-noticias-del-cielo\/","url":"https:\/\/tabernaculoprensadedios.com\/web\/dios-nos-llama-a-sintonizarnos-con-las-noticias-del-cielo\/","name":"Dios nos llama a sintonizarnos con las noticias del Cielo - Tabernaculo Prensa de Dios","isPartOf":{"@id":"https:\/\/tabernaculoprensadedios.com\/web\/#website"},"primaryImageOfPage":{"@id":"https:\/\/tabernaculoprensadedios.com\/web\/dios-nos-llama-a-sintonizarnos-con-las-noticias-del-cielo\/#primaryimage"},"image":{"@id":"https:\/\/tabernaculoprensadedios.com\/web\/dios-nos-llama-a-sintonizarnos-con-las-noticias-del-cielo\/#primaryimage"},"thumbnailUrl":"https:\/\/tabernaculoprensadedios.com\/web\/wp-content\/uploads\/2020\/02\/nature-3150822_1280.jpg","datePublished":"2020-02-24T15:36:09+00:00","dateModified":"2020-02-24T15:44:26+00:00","breadcrumb":{"@id":"https:\/\/tabernaculoprensadedios.com\/web\/dios-nos-llama-a-sintonizarnos-con-las-noticias-del-cielo\/#breadcrumb"},"inLanguage":"es","potentialAction":[{"@type":"ReadAction","target":["https:\/\/tabernaculoprensadedios.com\/web\/dios-nos-llama-a-sintonizarnos-con-las-noticias-del-cielo\/"]}]},{"@type":"ImageObject","inLanguage":"es","@id":"https:\/\/tabernaculoprensadedios.com\/web\/dios-nos-llama-a-sintonizarnos-con-las-noticias-del-cielo\/#primaryimage","url":"https:\/\/tabernaculoprensadedios.com\/web\/wp-content\/uploads\/2020\/02\/nature-3150822_1280.jpg","contentUrl":"https:\/\/tabernaculoprensadedios.com\/web\/wp-content\/uploads\/2020\/02\/nature-3150822_1280.jpg","width":1280,"height":719},{"@type":"BreadcrumbList","@id":"https:\/\/tabernaculoprensadedios.com\/web\/dios-nos-llama-a-sintonizarnos-con-las-noticias-del-cielo\/#breadcrumb","itemListElement":[{"@type":"ListItem","position":1,"name":"Portada","item":"https:\/\/tabernaculoprensadedios.com\/web\/"},{"@type":"ListItem","position":2,"name":"Dios nos llama a sintonizarnos con las noticias del Cielo"}]},{"@type":"WebSite","@id":"https:\/\/tabernaculoprensadedios.com\/web\/#website","url":"https:\/\/tabernaculoprensadedios.com\/web\/","name":"Tabernaculo Prensa de Dios","description":"Un medio a la manera de Dios","publisher":{"@id":"https:\/\/tabernaculoprensadedios.com\/web\/#\/schema\/person\/bc0e069fef56b38e177db6f098ae0b6e"},"potentialAction":[{"@type":"SearchAction","target":{"@type":"EntryPoint","urlTemplate":"https:\/\/tabernaculoprensadedios.com\/web\/?s={search_term_string}"},"query-input":{"@type":"PropertyValueSpecification","valueRequired":true,"valueName":"search_term_string"}}],"inLanguage":"es"},{"@type":["Person","Organization"],"@id":"https:\/\/tabernaculoprensadedios.com\/web\/#\/schema\/person\/bc0e069fef56b38e177db6f098ae0b6e","name":"tabernaculo","image":{"@type":"ImageObject","inLanguage":"es","@id":"https:\/\/tabernaculoprensadedios.com\/web\/#\/schema\/person\/image\/","url":"https:\/\/tabernaculoprensadedios.com\/web\/wp-content\/uploads\/2015\/06\/login-logo1.png","contentUrl":"https:\/\/tabernaculoprensadedios.com\/web\/wp-content\/uploads\/2015\/06\/login-logo1.png","width":300,"height":118,"caption":"tabernaculo"},"logo":{"@id":"https:\/\/tabernaculoprensadedios.com\/web\/#\/schema\/person\/image\/"},"url":"https:\/\/tabernaculoprensadedios.com\/web\/author\/tabernaculo\/"}]}},"_links":{"self":[{"href":"https:\/\/tabernaculoprensadedios.com\/web\/wp-json\/wp\/v2\/posts\/17208","targetHints":{"allow":["GET"]}}],"collection":[{"href":"https:\/\/tabernaculoprensadedios.com\/web\/wp-json\/wp\/v2\/posts"}],"about":[{"href":"https:\/\/tabernaculoprensadedios.com\/web\/wp-json\/wp\/v2\/types\/post"}],"author":[{"embeddable":true,"href":"https:\/\/tabernaculoprensadedios.com\/web\/wp-json\/wp\/v2\/users\/1"}],"replies":[{"embeddable":true,"href":"https:\/\/tabernaculoprensadedios.com\/web\/wp-json\/wp\/v2\/comments?post=17208"}],"version-history":[{"count":1,"href":"https:\/\/tabernaculoprensadedios.com\/web\/wp-json\/wp\/v2\/posts\/17208\/revisions"}],"predecessor-version":[{"id":17210,"href":"https:\/\/tabernaculoprensadedios.com\/web\/wp-json\/wp\/v2\/posts\/17208\/revisions\/17210"}],"wp:featuredmedia":[{"embeddable":true,"href":"https:\/\/tabernaculoprensadedios.com\/web\/wp-json\/wp\/v2\/media\/17209"}],"wp:attachment":[{"href":"https:\/\/tabernaculoprensadedios.com\/web\/wp-json\/wp\/v2\/media?parent=17208"}],"wp:term":[{"taxonomy":"category","embeddable":true,"href":"https:\/\/tabernaculoprensadedios.com\/web\/wp-json\/wp\/v2\/categories?post=17208"},{"taxonomy":"post_tag","embeddable":true,"href":"https:\/\/tabernaculoprensadedios.com\/web\/wp-json\/wp\/v2\/tags?post=17208"}],"curies":[{"name":"wp","href":"https:\/\/api.w.org\/{rel}","templated":true}]}}