{"id":17199,"date":"2020-02-21T16:35:52","date_gmt":"2020-02-21T16:35:52","guid":{"rendered":"http:\/\/tabernaculoprensadedios.com\/web\/?p=17199"},"modified":"2020-02-21T18:00:21","modified_gmt":"2020-02-21T18:00:21","slug":"realmente-somos-independientes","status":"publish","type":"post","link":"https:\/\/tabernaculoprensadedios.com\/web\/realmente-somos-independientes\/","title":{"rendered":"Realmente somos Independientes?"},"content":{"rendered":"<p>Una de las expresiones m\u00e1s cortas y tajantes del espa\u00f1ol es esa sola letra: y. Reviste pesadez, reviste duda, pesimismo. Y este an\u00e1lisis que har\u00e9, justamente tendr\u00e1 alguno de esos elementos .<\/p>\n<p>El 27 de febrero celebramos la independencia. Normalmente el Presidente presenta sus memorias, las personas ponen banderas en sus balcones y, al menos por un d\u00eda, la poblaci\u00f3n se enfoca en recordar a Duarte, S\u00e1nchez, Mella y otros patricios que ofertaron su sangre, su salud y bienestar por la patria.<\/p>\n<p><strong>?y?<br \/>\n<\/strong>Esa es la dolorosa pregunta que tenemos que hacernos. ?Somos realmente independientes?. ? Han valido los esfuerzos y la sangre de tanta gente ?. Hago estas preguntas porque este 27 de febrero nadie pensar\u00e1 en ninguna de las cosas antes mencionadas, ni en el carnaval, eterno animador de nuestros febreros. La poblaci\u00f3n se encuentra dividida entre quienes favorecen al gobierno y a quienes no.<\/p>\n<p>Muchos se sienten excluidos, y al margen de todo, y se violentan muchos derechos y se cometen diversos abusos,y eso provoca que ese sector, donde abundan j\u00f3venes, que es el segmento mayoritario de la poblaci\u00f3n dominicana, se sienta burlado. Y tiene por qu\u00e9 sentirse as\u00ed.<\/p>\n<p>Hemos construido un estado fundamentado en el privilegio y la desigualdad, donde unos tienen derecho a todo y m\u00e1s y otros no tienen derecho a las cosas m\u00e1s elementales como puede ser comida, salud y empleos. Esa es la raz\u00f3n por la que miles de j\u00f3venes profesionales prefiere irse y aventurar en playas extranjeras, ya que le huyen al caos, a la miseria y a la desigualdad.<\/p>\n<p>En otros pa\u00edses si trabajas y te esfuerzas, no ser\u00e1s millonario, pero tendr\u00e1s seguridad social y calidad de vida, cosas que ac\u00e1 devienen en una quimera. Por eso, hay que volver nuestro aserto inicial: Realmente somos independientes?. Garantizamos la posibilidad de que nuestro pueblo sea cada vez m\u00e1s pr\u00f3spero?. Le damos derechos que respetamos y obligaciones que cumplen?. Las respuestas, en muchos casos, de estas preguntas y muchas otras son frustrantes.<\/p>\n<p>Por eso, muchas veces me pregunto, vali\u00f3 la pena tanta sangre derramada?, se justifica tanto esfuerzo, tanto dinero, con estos resultados tan chocantes y deprimentes ?. Todo lo anterior s\u00f3lo vale sinos abocamos a una refundaci\u00f3n como sociedad y decidimos crear un sistema m\u00e1s inclusivo, que castigue al corrupto, al transgresor, quien quiera que sea, y logremos crear trabajos de calidad que permitan crear riqueza, no trabajos golondrinas.<\/p>\n<p>Pero eso que expuse, no depende del gobierno en su totalidad. Ese es un compromiso que debe venir de cada dominicano, y cada uno de nosotros debe poner su granito de arena para que esa igualdad, esa prosperidad y ese desarrollo puedan construirse y mantenerse.<\/p>\n","protected":false},"excerpt":{"rendered":"<p>Una de las expresiones m\u00e1s cortas y tajantes del espa\u00f1ol es esa sola letra: y. Reviste pesadez, reviste duda, pesimismo. Y este an\u00e1lisis que har\u00e9, justamente tendr\u00e1 alguno de esos elementos . El 27 de febrero celebramos la independencia. Normalmente el Presidente presenta sus memorias, las personas ponen banderas en sus balcones y, al menos &hellip;<\/p>\n","protected":false},"author":1,"featured_media":7234,"comment_status":"open","ping_status":"open","sticky":false,"template":"","format":"standard","meta":{"footnotes":""},"categories":[38],"tags":[],"class_list":["post-17199","post","type-post","status-publish","format-standard","has-post-thumbnail","hentry","category-principal"],"yoast_head":"<!-- This site is optimized with the Yoast SEO Premium plugin v24.2 (Yoast SEO v27.1.1) - https:\/\/yoast.com\/product\/yoast-seo-premium-wordpress\/ -->\n<title>Realmente somos Independientes? - Tabernaculo Prensa de Dios<\/title>\n<meta name=\"robots\" content=\"index, follow, max-snippet:-1, max-image-preview:large, max-video-preview:-1\" \/>\n<link rel=\"canonical\" href=\"https:\/\/tabernaculoprensadedios.com\/web\/realmente-somos-independientes\/\" class=\"yoast-seo-meta-tag\" \/>\n<meta property=\"og:locale\" content=\"es_ES\" class=\"yoast-seo-meta-tag\" \/>\n<meta property=\"og:type\" content=\"article\" class=\"yoast-seo-meta-tag\" \/>\n<meta property=\"og:title\" content=\"Realmente somos Independientes?\" class=\"yoast-seo-meta-tag\" \/>\n<meta property=\"og:description\" content=\"Una de las expresiones m\u00e1s cortas y tajantes del espa\u00f1ol es esa sola letra: y. Reviste pesadez, reviste duda, pesimismo. Y este an\u00e1lisis que har\u00e9, justamente tendr\u00e1 alguno de esos elementos . El 27 de febrero celebramos la independencia. Normalmente el Presidente presenta sus memorias, las personas ponen banderas en sus balcones y, al menos &hellip;\" class=\"yoast-seo-meta-tag\" \/>\n<meta property=\"og:url\" content=\"https:\/\/tabernaculoprensadedios.com\/web\/realmente-somos-independientes\/\" class=\"yoast-seo-meta-tag\" \/>\n<meta property=\"og:site_name\" content=\"Tabernaculo Prensa de Dios\" class=\"yoast-seo-meta-tag\" \/>\n<meta property=\"article:published_time\" content=\"2020-02-21T16:35:52+00:00\" class=\"yoast-seo-meta-tag\" \/>\n<meta property=\"article:modified_time\" content=\"2020-02-21T18:00:21+00:00\" class=\"yoast-seo-meta-tag\" \/>\n<meta property=\"og:image\" content=\"https:\/\/tabernaculoprensadedios.com\/web\/wp-content\/uploads\/2018\/04\/La-profeci\u0301a-de-la-alabanza-y-adoracio\u0301n-alumbran-un-nuevo-avivamiento.jpeg\" class=\"yoast-seo-meta-tag\" \/>\n\t<meta property=\"og:image:width\" content=\"680\" class=\"yoast-seo-meta-tag\" \/>\n\t<meta property=\"og:image:height\" content=\"382\" class=\"yoast-seo-meta-tag\" \/>\n\t<meta property=\"og:image:type\" content=\"image\/jpeg\" class=\"yoast-seo-meta-tag\" \/>\n<meta name=\"author\" content=\"tabernaculo\" class=\"yoast-seo-meta-tag\" \/>\n<meta name=\"twitter:card\" content=\"summary_large_image\" class=\"yoast-seo-meta-tag\" \/>\n<meta name=\"twitter:creator\" content=\"@PrensadeDios\" class=\"yoast-seo-meta-tag\" \/>\n<meta name=\"twitter:site\" content=\"@PrensadeDios\" class=\"yoast-seo-meta-tag\" \/>\n<meta name=\"twitter:label1\" content=\"Escrito por\" class=\"yoast-seo-meta-tag\" \/>\n\t<meta name=\"twitter:data1\" content=\"tabernaculo\" class=\"yoast-seo-meta-tag\" \/>\n\t<meta name=\"twitter:label2\" content=\"Tiempo de lectura\" class=\"yoast-seo-meta-tag\" \/>\n\t<meta name=\"twitter:data2\" content=\"2 minutos\" class=\"yoast-seo-meta-tag\" \/>\n<script type=\"application\/ld+json\" class=\"yoast-schema-graph\">{\"@context\":\"https:\/\/schema.org\",\"@graph\":[{\"@type\":\"Article\",\"@id\":\"https:\/\/tabernaculoprensadedios.com\/web\/realmente-somos-independientes\/#article\",\"isPartOf\":{\"@id\":\"https:\/\/tabernaculoprensadedios.com\/web\/realmente-somos-independientes\/\"},\"author\":{\"name\":\"tabernaculo\",\"@id\":\"https:\/\/tabernaculoprensadedios.com\/web\/#\/schema\/person\/bc0e069fef56b38e177db6f098ae0b6e\"},\"headline\":\"Realmente somos Independientes?\",\"datePublished\":\"2020-02-21T16:35:52+00:00\",\"dateModified\":\"2020-02-21T18:00:21+00:00\",\"mainEntityOfPage\":{\"@id\":\"https:\/\/tabernaculoprensadedios.com\/web\/realmente-somos-independientes\/\"},\"wordCount\":462,\"commentCount\":0,\"publisher\":{\"@id\":\"https:\/\/tabernaculoprensadedios.com\/web\/#\/schema\/person\/bc0e069fef56b38e177db6f098ae0b6e\"},\"image\":{\"@id\":\"https:\/\/tabernaculoprensadedios.com\/web\/realmente-somos-independientes\/#primaryimage\"},\"thumbnailUrl\":\"https:\/\/tabernaculoprensadedios.com\/web\/wp-content\/uploads\/2018\/04\/La-profeci\u0301a-de-la-alabanza-y-adoracio\u0301n-alumbran-un-nuevo-avivamiento.jpeg\",\"articleSection\":[\"Principal\"],\"inLanguage\":\"es\",\"potentialAction\":[{\"@type\":\"CommentAction\",\"name\":\"Comment\",\"target\":[\"https:\/\/tabernaculoprensadedios.com\/web\/realmente-somos-independientes\/#respond\"]}]},{\"@type\":\"WebPage\",\"@id\":\"https:\/\/tabernaculoprensadedios.com\/web\/realmente-somos-independientes\/\",\"url\":\"https:\/\/tabernaculoprensadedios.com\/web\/realmente-somos-independientes\/\",\"name\":\"Realmente somos Independientes? - Tabernaculo Prensa de Dios\",\"isPartOf\":{\"@id\":\"https:\/\/tabernaculoprensadedios.com\/web\/#website\"},\"primaryImageOfPage\":{\"@id\":\"https:\/\/tabernaculoprensadedios.com\/web\/realmente-somos-independientes\/#primaryimage\"},\"image\":{\"@id\":\"https:\/\/tabernaculoprensadedios.com\/web\/realmente-somos-independientes\/#primaryimage\"},\"thumbnailUrl\":\"https:\/\/tabernaculoprensadedios.com\/web\/wp-content\/uploads\/2018\/04\/La-profeci\u0301a-de-la-alabanza-y-adoracio\u0301n-alumbran-un-nuevo-avivamiento.jpeg\",\"datePublished\":\"2020-02-21T16:35:52+00:00\",\"dateModified\":\"2020-02-21T18:00:21+00:00\",\"breadcrumb\":{\"@id\":\"https:\/\/tabernaculoprensadedios.com\/web\/realmente-somos-independientes\/#breadcrumb\"},\"inLanguage\":\"es\",\"potentialAction\":[{\"@type\":\"ReadAction\",\"target\":[\"https:\/\/tabernaculoprensadedios.com\/web\/realmente-somos-independientes\/\"]}]},{\"@type\":\"ImageObject\",\"inLanguage\":\"es\",\"@id\":\"https:\/\/tabernaculoprensadedios.com\/web\/realmente-somos-independientes\/#primaryimage\",\"url\":\"https:\/\/tabernaculoprensadedios.com\/web\/wp-content\/uploads\/2018\/04\/La-profeci\u0301a-de-la-alabanza-y-adoracio\u0301n-alumbran-un-nuevo-avivamiento.jpeg\",\"contentUrl\":\"https:\/\/tabernaculoprensadedios.com\/web\/wp-content\/uploads\/2018\/04\/La-profeci\u0301a-de-la-alabanza-y-adoracio\u0301n-alumbran-un-nuevo-avivamiento.jpeg\",\"width\":\"680\",\"height\":\"382\",\"caption\":\"y\"},{\"@type\":\"BreadcrumbList\",\"@id\":\"https:\/\/tabernaculoprensadedios.com\/web\/realmente-somos-independientes\/#breadcrumb\",\"itemListElement\":[{\"@type\":\"ListItem\",\"position\":1,\"name\":\"Portada\",\"item\":\"https:\/\/tabernaculoprensadedios.com\/web\/\"},{\"@type\":\"ListItem\",\"position\":2,\"name\":\"Realmente somos Independientes?\"}]},{\"@type\":\"WebSite\",\"@id\":\"https:\/\/tabernaculoprensadedios.com\/web\/#website\",\"url\":\"https:\/\/tabernaculoprensadedios.com\/web\/\",\"name\":\"Tabernaculo Prensa de Dios\",\"description\":\"Un medio a la manera de Dios\",\"publisher\":{\"@id\":\"https:\/\/tabernaculoprensadedios.com\/web\/#\/schema\/person\/bc0e069fef56b38e177db6f098ae0b6e\"},\"potentialAction\":[{\"@type\":\"SearchAction\",\"target\":{\"@type\":\"EntryPoint\",\"urlTemplate\":\"https:\/\/tabernaculoprensadedios.com\/web\/?s={search_term_string}\"},\"query-input\":{\"@type\":\"PropertyValueSpecification\",\"valueRequired\":true,\"valueName\":\"search_term_string\"}}],\"inLanguage\":\"es\"},{\"@type\":[\"Person\",\"Organization\"],\"@id\":\"https:\/\/tabernaculoprensadedios.com\/web\/#\/schema\/person\/bc0e069fef56b38e177db6f098ae0b6e\",\"name\":\"tabernaculo\",\"image\":{\"@type\":\"ImageObject\",\"inLanguage\":\"es\",\"@id\":\"https:\/\/tabernaculoprensadedios.com\/web\/#\/schema\/person\/image\/\",\"url\":\"https:\/\/tabernaculoprensadedios.com\/web\/wp-content\/uploads\/2015\/06\/login-logo1.png\",\"contentUrl\":\"https:\/\/tabernaculoprensadedios.com\/web\/wp-content\/uploads\/2015\/06\/login-logo1.png\",\"width\":300,\"height\":118,\"caption\":\"tabernaculo\"},\"logo\":{\"@id\":\"https:\/\/tabernaculoprensadedios.com\/web\/#\/schema\/person\/image\/\"},\"url\":\"https:\/\/tabernaculoprensadedios.com\/web\/author\/tabernaculo\/\"}]}<\/script>\n<!-- \/ Yoast SEO Premium plugin. -->","yoast_head_json":{"title":"Realmente somos Independientes? - Tabernaculo Prensa de Dios","robots":{"index":"index","follow":"follow","max-snippet":"max-snippet:-1","max-image-preview":"max-image-preview:large","max-video-preview":"max-video-preview:-1"},"canonical":"https:\/\/tabernaculoprensadedios.com\/web\/realmente-somos-independientes\/","og_locale":"es_ES","og_type":"article","og_title":"Realmente somos Independientes?","og_description":"Una de las expresiones m\u00e1s cortas y tajantes del espa\u00f1ol es esa sola letra: y. Reviste pesadez, reviste duda, pesimismo. Y este an\u00e1lisis que har\u00e9, justamente tendr\u00e1 alguno de esos elementos . El 27 de febrero celebramos la independencia. Normalmente el Presidente presenta sus memorias, las personas ponen banderas en sus balcones y, al menos &hellip;","og_url":"https:\/\/tabernaculoprensadedios.com\/web\/realmente-somos-independientes\/","og_site_name":"Tabernaculo Prensa de Dios","article_published_time":"2020-02-21T16:35:52+00:00","article_modified_time":"2020-02-21T18:00:21+00:00","og_image":[{"width":680,"height":382,"url":"https:\/\/tabernaculoprensadedios.com\/web\/wp-content\/uploads\/2018\/04\/La-profeci\u0301a-de-la-alabanza-y-adoracio\u0301n-alumbran-un-nuevo-avivamiento.jpeg","type":"image\/jpeg"}],"author":"tabernaculo","twitter_card":"summary_large_image","twitter_creator":"@PrensadeDios","twitter_site":"@PrensadeDios","twitter_misc":{"Escrito por":"tabernaculo","Tiempo de lectura":"2 minutos"},"schema":{"@context":"https:\/\/schema.org","@graph":[{"@type":"Article","@id":"https:\/\/tabernaculoprensadedios.com\/web\/realmente-somos-independientes\/#article","isPartOf":{"@id":"https:\/\/tabernaculoprensadedios.com\/web\/realmente-somos-independientes\/"},"author":{"name":"tabernaculo","@id":"https:\/\/tabernaculoprensadedios.com\/web\/#\/schema\/person\/bc0e069fef56b38e177db6f098ae0b6e"},"headline":"Realmente somos Independientes?","datePublished":"2020-02-21T16:35:52+00:00","dateModified":"2020-02-21T18:00:21+00:00","mainEntityOfPage":{"@id":"https:\/\/tabernaculoprensadedios.com\/web\/realmente-somos-independientes\/"},"wordCount":462,"commentCount":0,"publisher":{"@id":"https:\/\/tabernaculoprensadedios.com\/web\/#\/schema\/person\/bc0e069fef56b38e177db6f098ae0b6e"},"image":{"@id":"https:\/\/tabernaculoprensadedios.com\/web\/realmente-somos-independientes\/#primaryimage"},"thumbnailUrl":"https:\/\/tabernaculoprensadedios.com\/web\/wp-content\/uploads\/2018\/04\/La-profeci\u0301a-de-la-alabanza-y-adoracio\u0301n-alumbran-un-nuevo-avivamiento.jpeg","articleSection":["Principal"],"inLanguage":"es","potentialAction":[{"@type":"CommentAction","name":"Comment","target":["https:\/\/tabernaculoprensadedios.com\/web\/realmente-somos-independientes\/#respond"]}]},{"@type":"WebPage","@id":"https:\/\/tabernaculoprensadedios.com\/web\/realmente-somos-independientes\/","url":"https:\/\/tabernaculoprensadedios.com\/web\/realmente-somos-independientes\/","name":"Realmente somos Independientes? - Tabernaculo Prensa de Dios","isPartOf":{"@id":"https:\/\/tabernaculoprensadedios.com\/web\/#website"},"primaryImageOfPage":{"@id":"https:\/\/tabernaculoprensadedios.com\/web\/realmente-somos-independientes\/#primaryimage"},"image":{"@id":"https:\/\/tabernaculoprensadedios.com\/web\/realmente-somos-independientes\/#primaryimage"},"thumbnailUrl":"https:\/\/tabernaculoprensadedios.com\/web\/wp-content\/uploads\/2018\/04\/La-profeci\u0301a-de-la-alabanza-y-adoracio\u0301n-alumbran-un-nuevo-avivamiento.jpeg","datePublished":"2020-02-21T16:35:52+00:00","dateModified":"2020-02-21T18:00:21+00:00","breadcrumb":{"@id":"https:\/\/tabernaculoprensadedios.com\/web\/realmente-somos-independientes\/#breadcrumb"},"inLanguage":"es","potentialAction":[{"@type":"ReadAction","target":["https:\/\/tabernaculoprensadedios.com\/web\/realmente-somos-independientes\/"]}]},{"@type":"ImageObject","inLanguage":"es","@id":"https:\/\/tabernaculoprensadedios.com\/web\/realmente-somos-independientes\/#primaryimage","url":"https:\/\/tabernaculoprensadedios.com\/web\/wp-content\/uploads\/2018\/04\/La-profeci\u0301a-de-la-alabanza-y-adoracio\u0301n-alumbran-un-nuevo-avivamiento.jpeg","contentUrl":"https:\/\/tabernaculoprensadedios.com\/web\/wp-content\/uploads\/2018\/04\/La-profeci\u0301a-de-la-alabanza-y-adoracio\u0301n-alumbran-un-nuevo-avivamiento.jpeg","width":"680","height":"382","caption":"y"},{"@type":"BreadcrumbList","@id":"https:\/\/tabernaculoprensadedios.com\/web\/realmente-somos-independientes\/#breadcrumb","itemListElement":[{"@type":"ListItem","position":1,"name":"Portada","item":"https:\/\/tabernaculoprensadedios.com\/web\/"},{"@type":"ListItem","position":2,"name":"Realmente somos Independientes?"}]},{"@type":"WebSite","@id":"https:\/\/tabernaculoprensadedios.com\/web\/#website","url":"https:\/\/tabernaculoprensadedios.com\/web\/","name":"Tabernaculo Prensa de Dios","description":"Un medio a la manera de Dios","publisher":{"@id":"https:\/\/tabernaculoprensadedios.com\/web\/#\/schema\/person\/bc0e069fef56b38e177db6f098ae0b6e"},"potentialAction":[{"@type":"SearchAction","target":{"@type":"EntryPoint","urlTemplate":"https:\/\/tabernaculoprensadedios.com\/web\/?s={search_term_string}"},"query-input":{"@type":"PropertyValueSpecification","valueRequired":true,"valueName":"search_term_string"}}],"inLanguage":"es"},{"@type":["Person","Organization"],"@id":"https:\/\/tabernaculoprensadedios.com\/web\/#\/schema\/person\/bc0e069fef56b38e177db6f098ae0b6e","name":"tabernaculo","image":{"@type":"ImageObject","inLanguage":"es","@id":"https:\/\/tabernaculoprensadedios.com\/web\/#\/schema\/person\/image\/","url":"https:\/\/tabernaculoprensadedios.com\/web\/wp-content\/uploads\/2015\/06\/login-logo1.png","contentUrl":"https:\/\/tabernaculoprensadedios.com\/web\/wp-content\/uploads\/2015\/06\/login-logo1.png","width":300,"height":118,"caption":"tabernaculo"},"logo":{"@id":"https:\/\/tabernaculoprensadedios.com\/web\/#\/schema\/person\/image\/"},"url":"https:\/\/tabernaculoprensadedios.com\/web\/author\/tabernaculo\/"}]}},"_links":{"self":[{"href":"https:\/\/tabernaculoprensadedios.com\/web\/wp-json\/wp\/v2\/posts\/17199","targetHints":{"allow":["GET"]}}],"collection":[{"href":"https:\/\/tabernaculoprensadedios.com\/web\/wp-json\/wp\/v2\/posts"}],"about":[{"href":"https:\/\/tabernaculoprensadedios.com\/web\/wp-json\/wp\/v2\/types\/post"}],"author":[{"embeddable":true,"href":"https:\/\/tabernaculoprensadedios.com\/web\/wp-json\/wp\/v2\/users\/1"}],"replies":[{"embeddable":true,"href":"https:\/\/tabernaculoprensadedios.com\/web\/wp-json\/wp\/v2\/comments?post=17199"}],"version-history":[{"count":5,"href":"https:\/\/tabernaculoprensadedios.com\/web\/wp-json\/wp\/v2\/posts\/17199\/revisions"}],"predecessor-version":[{"id":17204,"href":"https:\/\/tabernaculoprensadedios.com\/web\/wp-json\/wp\/v2\/posts\/17199\/revisions\/17204"}],"wp:featuredmedia":[{"embeddable":true,"href":"https:\/\/tabernaculoprensadedios.com\/web\/wp-json\/wp\/v2\/media\/7234"}],"wp:attachment":[{"href":"https:\/\/tabernaculoprensadedios.com\/web\/wp-json\/wp\/v2\/media?parent=17199"}],"wp:term":[{"taxonomy":"category","embeddable":true,"href":"https:\/\/tabernaculoprensadedios.com\/web\/wp-json\/wp\/v2\/categories?post=17199"},{"taxonomy":"post_tag","embeddable":true,"href":"https:\/\/tabernaculoprensadedios.com\/web\/wp-json\/wp\/v2\/tags?post=17199"}],"curies":[{"name":"wp","href":"https:\/\/api.w.org\/{rel}","templated":true}]}}