{"id":16982,"date":"2021-02-12T14:04:14","date_gmt":"2021-02-12T14:04:14","guid":{"rendered":"http:\/\/tabernaculoprensadedios.com\/web\/?p=16982"},"modified":"2021-02-13T01:14:04","modified_gmt":"2021-02-13T01:14:04","slug":"febrero-mes-de-gracia","status":"publish","type":"post","link":"https:\/\/tabernaculoprensadedios.com\/web\/febrero-mes-de-gracia\/","title":{"rendered":"Febrero mes de gracia"},"content":{"rendered":"<p><em>Teniendo, pues, un gran Sumo Sacerdote que trascendi\u00f3 los cielos, Jes\u00fas, el Hijo de Dios, retengamos nuestra fe. Porque no tenemos un sumo sacerdote que no pueda compadecerse de nuestras flaquezas, sino uno que ha sido tentado en todo como nosotros, pero sin pecado. Por tanto, acerqu\u00e9monos con confianza al trono de la gracia para que recibamos misericordia, y hallemos gracia para la ayuda oportuna<\/em><strong><em>. Hebreos 4:14-16<\/em><\/strong><\/p>\n<p><strong>\u201cMIRA, YO ESTOY DESCUBRIENDO LO QUE HA ESTADO OCULTO, REVELANDO LO QUE HA ESTADO EN PREPARACI\u00d3N Y ABRIENDO PUERTAS QUE SE CERRARON\u201d<\/strong><\/p>\n<p>Creo que febrero es un mes estrat\u00e9gico de\u00a0<strong>GRACIA<\/strong>\u00a0(ayuda divina, poder habilitador, fuerza y \u200b\u200bfavor) para comenzar a\u00a0<strong>VER<\/strong>\u00a0lo que\u00a0<strong>NO SE HA VISTO<\/strong>\u00a0y ha estado oculto. Hace unas semanas, mientras oraba para entrar a febrero, tuve un sue\u00f1o que conten\u00eda tres revelaciones que pintaban esta misma imagen: Lo que Dios ha estado planeando, preparando, elaborando estrategias, est\u00e1 a punto de\u00a0<strong>LANZARLO y MANIFESTARLO<\/strong>\u00a0a trav\u00e9s de ustedes.<\/p>\n<p><strong>02\/02\/2020 &#8211; DESDE EL REINICIO A LA REVELACI\u00d3N, \u00a1DE PUERTAS CERRADAS A PUERTAS ABIERTAS!<\/strong><\/p>\n<p>Despu\u00e9s de tener este sue\u00f1o, comenc\u00e9 a escribirlo, cuando de repente sent\u00ed una fuerte impresi\u00f3n del Se\u00f1or de no compartir esta revelaci\u00f3n en particular por un tiempo hasta sentir la liberaci\u00f3n. Se sent\u00eda, extra\u00f1amente,\u00a0fuera de tiempo, pero esta ma\u00f1ana cuando me despert\u00e9 en el\u00a002\/02\/2020 de repente supe en mi esp\u00edritu que esta palabra estaba lista para ser lanzada. \u00bfPero por qu\u00e9 ahora? \u00bfCu\u00e1l es el significado de hoy en comparaci\u00f3n con hace unas semanas?<\/p>\n<p>Las \u00faltimas semanas y meses han sido un tiempo en el que Dios ha estado tratando con los corazones cansados, consumidos, c\u00ednicos, heridos, fatigados \u200b\u200by ansiosos, por lo que nuestro enfoque necesitaba estar en \u00c9l mientras preparaba nuestros corazones para lo que \u00c9l\u00a0estaba a punto de\u00a0<strong>REVELAR<\/strong>. Fue el<strong>\u00a0REINICIO<\/strong>\u00a0y la recalibraci\u00f3n de aquellos que todav\u00eda estaban en el calor del desierto, viv\u00edan en la supervivencia y se aferraban desesperadamente a los \u00faltimos hilos de una era que terminaba. Para ver con los ojos del esp\u00edritu de manera efectiva, debemos estar claros y de hecho, estar vac\u00edos. Este vaciamiento ha sido Dios prepar\u00e1ndonos para que nos llenemos de Su comprensi\u00f3n, sin esperar caminar en esta temporada de la misma manera que lo hicimos en la \u00faltima. La importancia de hoy es que hemos entrado en una puerta abierta (02:02) en este a\u00f1o 2020.<\/p>\n<p><strong>Isa\u00edas 22:22\u00a0<\/strong>Y pondr\u00e9 la llave de la casa de David sobre su hombro; y abrir\u00e1, y nadie cerrar\u00e1; cerrar\u00e1, y nadie abrir\u00e1.<\/p>\n<p><strong>\u00a0<\/strong><\/p>\n<p>Creo que de hoy en adelante Dios est\u00e1 comenzando a\u00a0<strong>REVELAR<\/strong>\u00a0las puertas que el enemigo desesperadamente no quer\u00eda que vieran ni entraran. Este ser\u00e1 un momento de gozoso avance, y de\u00a0<strong>CRUZAR\u00a0<\/strong>por el umbral del nuevo territorio, hacia muchas promesas tan largamente esperadas y caminar hacia las puertas que Dios ha preparado para ustedes. Este ser\u00e1 el momento en que se les dar\u00e1n a conocer instrucciones y estrategias cruciales que los\u00a0<strong>TRANSPORTAR\u00c1N\u00a0<\/strong>a donde necesitan ir, donde los puntos se conectar\u00e1n y sentir\u00e1n el favor y la facilidad para avanzar. Tambi\u00e9n para todos aquellos que han estado dando pasos de fe importantes, arriesgados y aventureros,\u00a0<strong>ESTE<\/strong>\u00a0ser\u00e1 el mes en que veran el fruto de atreverse a creer en Dios y en Su Palabra.<\/p>\n<p><strong>HA HABIDO UN ESTRUENDO EN LAS PROFUNDIDADES &#8211; \u00a1ESTE ES SU TERCER TRIMESTRE!<\/strong><\/p>\n<p>En la primera parte del sue\u00f1o, simplemente escuch\u00e9 al Se\u00f1or decir: \u00abEste ser\u00e1 el tercer trimestre para todos aquellos que han pasado por un a\u00f1o de mucha oposici\u00f3n de lo que Yo les di para darlo a luz\u00bb. \u00a1Aqu\u00ed es donde ver\u00e1n su promesa a los ojos!\u201d, Entonces me entregaron un calendario que ten\u00eda escrita esta escritura: Grita de j\u00fabilo, oh est\u00e9ril, la que no ha dado a luz; prorrumpe en gritos de j\u00fabilo y clama en alta voz, la que no ha estado de parto; porque son m\u00e1s los hijos de la desolada que los hijos de la casada \u2014dice el Se\u00f1or. Isa\u00edas 54:1<\/p>\n<p>Muchos han estado en una temporada implacable de oposici\u00f3n, debido al beb\u00e9 espiritual que Dios les ha dado para dar a luz. El enemigo ha visto algo crecer y aumentar en ustedes y ha estado tratando de retrasar, frustrar y abortar la entrega. Pero la buena noticia es que Dios les dice hoy a ustedes que por\u00a0<strong>CADA D\u00cdA<\/strong>\u00a0que se retrasaron y opusieron, Dios ha aumentado el tama\u00f1o, el impacto y la unci\u00f3n de lo que est\u00e1 por nacer a trav\u00e9s de ustedes. El tercer trimestre de un embarazo natural es el \u00faltimo trimestre de llevar a un ni\u00f1o antes del nacimiento y es el momento m\u00e1s crucial para que la madre y el beb\u00e9 se preparen para ese d\u00eda de parto. Este es el momento en que la madre realmente debe saber c\u00f3mo prepararse para lo que est\u00e1 por venir y c\u00f3mo lograr f\u00edsicamente lo que a\u00fan no se ha visto. Este es tambi\u00e9n el \u00faltimo trimestre de desarrollo para el beb\u00e9 donde el beb\u00e9 abre los ojos y comienza a ponerse en posici\u00f3n para el nacimiento. De la misma manera, sent\u00ed que en este sue\u00f1o el Se\u00f1or nos dice que debemos prepararnos para el mas grande nacimiento de ministerios y movimientos que hemos visto en el Cuerpo de Cristo.<\/p>\n<p>Aqu\u00ed es donde\u00a0<strong>VERAN\u00a0<\/strong>lo que ha estado escondido y creciendo en la oscuridad. Las personas solo han visto su desastre y los han juzgado por la esterilidad de lo que ven en la superficie, e incluso se han vuelto insensibles a lo que est\u00e1 dentro de ustedes, pero ha habido un estruendo en lo profundo y Dios no ha olvidado qu\u00e9 \u00c9l les dio un t\u00e9rmino completo, ahora es el momento y ninguna oposici\u00f3n puede detenerlo. Deben prepararse y ponerse en posici\u00f3n para presentar lo que se ha retrasado. Deben sacudirse el des\u00e1nimo, la frustraci\u00f3n, el miedo y las distracciones constantes que han estado entreteni\u00e9ndolos y comenzar a\u00a0<strong>VER\u00a0<\/strong>con los ojos del cielo lo que Dios est\u00e1 a punto de hacer. Deben prepararse para entrar en el\u00a0<strong>LLAMADO A T\u00c9RMINO COMPLETO<\/strong>\u00a0de Dios sobre su vida. (Nate Johnston)<\/p>\n<p><strong>Salmos 90:13-17<\/strong>\u00a0Vuelve, Se\u00f1or; \u00bfhasta cu\u00e1ndo? y compad\u00e9cete de tus siervos. S\u00e1cianos por la ma\u00f1ana con tu misericordia, y cantaremos con gozo y nos alegraremos todos nuestros d\u00edas. Al\u00e9granos conforme a los d\u00edas que nos afligiste, y a los a\u00f1os en que vimos adversidad. Manifi\u00e9stese tu obra a tus siervos, y tu majestad a sus hijos, y sea la gracia del Se\u00f1or nuestro Dios sobre nosotros. Confirma, pues, sobre nosotros la obra de nuestras manos; s\u00ed, la obra de nuestras manos confirma.<\/p>\n<p>Con amor y oraciones,<\/p>\n","protected":false},"excerpt":{"rendered":"<p>Teniendo, pues, un gran Sumo Sacerdote que trascendi\u00f3 los cielos, Jes\u00fas, el Hijo de Dios, retengamos nuestra fe. Porque no tenemos un sumo sacerdote que no pueda compadecerse de nuestras flaquezas, sino uno que ha sido tentado en todo como nosotros, pero sin pecado. Por tanto, acerqu\u00e9monos con confianza al trono de la gracia para &hellip;<\/p>\n","protected":false},"author":1,"featured_media":21088,"comment_status":"open","ping_status":"open","sticky":false,"template":"","format":"standard","meta":{"footnotes":""},"categories":[34],"tags":[],"class_list":["post-16982","post","type-post","status-publish","format-standard","has-post-thumbnail","hentry","category-articulos"],"yoast_head":"<!-- This site is optimized with the Yoast SEO Premium plugin v24.2 (Yoast SEO v27.1.1) - https:\/\/yoast.com\/product\/yoast-seo-premium-wordpress\/ -->\n<title>Febrero mes de gracia - Tabernaculo Prensa de Dios<\/title>\n<meta name=\"robots\" content=\"index, follow, max-snippet:-1, max-image-preview:large, max-video-preview:-1\" \/>\n<link rel=\"canonical\" href=\"https:\/\/tabernaculoprensadedios.com\/web\/febrero-mes-de-gracia\/\" class=\"yoast-seo-meta-tag\" \/>\n<meta property=\"og:locale\" content=\"es_ES\" class=\"yoast-seo-meta-tag\" \/>\n<meta property=\"og:type\" content=\"article\" class=\"yoast-seo-meta-tag\" \/>\n<meta property=\"og:title\" content=\"Febrero mes de gracia\" class=\"yoast-seo-meta-tag\" \/>\n<meta property=\"og:description\" content=\"Teniendo, pues, un gran Sumo Sacerdote que trascendi\u00f3 los cielos, Jes\u00fas, el Hijo de Dios, retengamos nuestra fe. Porque no tenemos un sumo sacerdote que no pueda compadecerse de nuestras flaquezas, sino uno que ha sido tentado en todo como nosotros, pero sin pecado. Por tanto, acerqu\u00e9monos con confianza al trono de la gracia para &hellip;\" class=\"yoast-seo-meta-tag\" \/>\n<meta property=\"og:url\" content=\"https:\/\/tabernaculoprensadedios.com\/web\/febrero-mes-de-gracia\/\" class=\"yoast-seo-meta-tag\" \/>\n<meta property=\"og:site_name\" content=\"Tabernaculo Prensa de Dios\" class=\"yoast-seo-meta-tag\" \/>\n<meta property=\"article:published_time\" content=\"2021-02-12T14:04:14+00:00\" class=\"yoast-seo-meta-tag\" \/>\n<meta property=\"article:modified_time\" content=\"2021-02-13T01:14:04+00:00\" class=\"yoast-seo-meta-tag\" \/>\n<meta property=\"og:image\" content=\"https:\/\/tabernaculoprensadedios.com\/web\/wp-content\/uploads\/2021\/02\/2.jpg\" class=\"yoast-seo-meta-tag\" \/>\n\t<meta property=\"og:image:width\" content=\"2006\" class=\"yoast-seo-meta-tag\" \/>\n\t<meta property=\"og:image:height\" content=\"1333\" class=\"yoast-seo-meta-tag\" \/>\n\t<meta property=\"og:image:type\" content=\"image\/jpeg\" class=\"yoast-seo-meta-tag\" \/>\n<meta name=\"author\" content=\"tabernaculo\" class=\"yoast-seo-meta-tag\" \/>\n<meta name=\"twitter:card\" content=\"summary_large_image\" class=\"yoast-seo-meta-tag\" \/>\n<meta name=\"twitter:creator\" content=\"@PrensadeDios\" class=\"yoast-seo-meta-tag\" \/>\n<meta name=\"twitter:site\" content=\"@PrensadeDios\" class=\"yoast-seo-meta-tag\" \/>\n<meta name=\"twitter:label1\" content=\"Escrito por\" class=\"yoast-seo-meta-tag\" \/>\n\t<meta name=\"twitter:data1\" content=\"tabernaculo\" class=\"yoast-seo-meta-tag\" \/>\n\t<meta name=\"twitter:label2\" content=\"Tiempo de lectura\" class=\"yoast-seo-meta-tag\" \/>\n\t<meta name=\"twitter:data2\" content=\"6 minutos\" class=\"yoast-seo-meta-tag\" \/>\n<script type=\"application\/ld+json\" class=\"yoast-schema-graph\">{\"@context\":\"https:\/\/schema.org\",\"@graph\":[{\"@type\":\"Article\",\"@id\":\"https:\/\/tabernaculoprensadedios.com\/web\/febrero-mes-de-gracia\/#article\",\"isPartOf\":{\"@id\":\"https:\/\/tabernaculoprensadedios.com\/web\/febrero-mes-de-gracia\/\"},\"author\":{\"name\":\"tabernaculo\",\"@id\":\"https:\/\/tabernaculoprensadedios.com\/web\/#\/schema\/person\/bc0e069fef56b38e177db6f098ae0b6e\"},\"headline\":\"Febrero mes de gracia\",\"datePublished\":\"2021-02-12T14:04:14+00:00\",\"dateModified\":\"2021-02-13T01:14:04+00:00\",\"mainEntityOfPage\":{\"@id\":\"https:\/\/tabernaculoprensadedios.com\/web\/febrero-mes-de-gracia\/\"},\"wordCount\":1180,\"commentCount\":0,\"publisher\":{\"@id\":\"https:\/\/tabernaculoprensadedios.com\/web\/#\/schema\/person\/bc0e069fef56b38e177db6f098ae0b6e\"},\"image\":{\"@id\":\"https:\/\/tabernaculoprensadedios.com\/web\/febrero-mes-de-gracia\/#primaryimage\"},\"thumbnailUrl\":\"https:\/\/tabernaculoprensadedios.com\/web\/wp-content\/uploads\/2021\/02\/2.jpg\",\"articleSection\":[\"Articulos\"],\"inLanguage\":\"es\",\"potentialAction\":[{\"@type\":\"CommentAction\",\"name\":\"Comment\",\"target\":[\"https:\/\/tabernaculoprensadedios.com\/web\/febrero-mes-de-gracia\/#respond\"]}]},{\"@type\":\"WebPage\",\"@id\":\"https:\/\/tabernaculoprensadedios.com\/web\/febrero-mes-de-gracia\/\",\"url\":\"https:\/\/tabernaculoprensadedios.com\/web\/febrero-mes-de-gracia\/\",\"name\":\"Febrero mes de gracia - Tabernaculo Prensa de Dios\",\"isPartOf\":{\"@id\":\"https:\/\/tabernaculoprensadedios.com\/web\/#website\"},\"primaryImageOfPage\":{\"@id\":\"https:\/\/tabernaculoprensadedios.com\/web\/febrero-mes-de-gracia\/#primaryimage\"},\"image\":{\"@id\":\"https:\/\/tabernaculoprensadedios.com\/web\/febrero-mes-de-gracia\/#primaryimage\"},\"thumbnailUrl\":\"https:\/\/tabernaculoprensadedios.com\/web\/wp-content\/uploads\/2021\/02\/2.jpg\",\"datePublished\":\"2021-02-12T14:04:14+00:00\",\"dateModified\":\"2021-02-13T01:14:04+00:00\",\"breadcrumb\":{\"@id\":\"https:\/\/tabernaculoprensadedios.com\/web\/febrero-mes-de-gracia\/#breadcrumb\"},\"inLanguage\":\"es\",\"potentialAction\":[{\"@type\":\"ReadAction\",\"target\":[\"https:\/\/tabernaculoprensadedios.com\/web\/febrero-mes-de-gracia\/\"]}]},{\"@type\":\"ImageObject\",\"inLanguage\":\"es\",\"@id\":\"https:\/\/tabernaculoprensadedios.com\/web\/febrero-mes-de-gracia\/#primaryimage\",\"url\":\"https:\/\/tabernaculoprensadedios.com\/web\/wp-content\/uploads\/2021\/02\/2.jpg\",\"contentUrl\":\"https:\/\/tabernaculoprensadedios.com\/web\/wp-content\/uploads\/2021\/02\/2.jpg\",\"width\":2006,\"height\":1333},{\"@type\":\"BreadcrumbList\",\"@id\":\"https:\/\/tabernaculoprensadedios.com\/web\/febrero-mes-de-gracia\/#breadcrumb\",\"itemListElement\":[{\"@type\":\"ListItem\",\"position\":1,\"name\":\"Portada\",\"item\":\"https:\/\/tabernaculoprensadedios.com\/web\/\"},{\"@type\":\"ListItem\",\"position\":2,\"name\":\"Febrero mes de gracia\"}]},{\"@type\":\"WebSite\",\"@id\":\"https:\/\/tabernaculoprensadedios.com\/web\/#website\",\"url\":\"https:\/\/tabernaculoprensadedios.com\/web\/\",\"name\":\"Tabernaculo Prensa de Dios\",\"description\":\"Un medio a la manera de Dios\",\"publisher\":{\"@id\":\"https:\/\/tabernaculoprensadedios.com\/web\/#\/schema\/person\/bc0e069fef56b38e177db6f098ae0b6e\"},\"potentialAction\":[{\"@type\":\"SearchAction\",\"target\":{\"@type\":\"EntryPoint\",\"urlTemplate\":\"https:\/\/tabernaculoprensadedios.com\/web\/?s={search_term_string}\"},\"query-input\":{\"@type\":\"PropertyValueSpecification\",\"valueRequired\":true,\"valueName\":\"search_term_string\"}}],\"inLanguage\":\"es\"},{\"@type\":[\"Person\",\"Organization\"],\"@id\":\"https:\/\/tabernaculoprensadedios.com\/web\/#\/schema\/person\/bc0e069fef56b38e177db6f098ae0b6e\",\"name\":\"tabernaculo\",\"image\":{\"@type\":\"ImageObject\",\"inLanguage\":\"es\",\"@id\":\"https:\/\/tabernaculoprensadedios.com\/web\/#\/schema\/person\/image\/\",\"url\":\"https:\/\/tabernaculoprensadedios.com\/web\/wp-content\/uploads\/2015\/06\/login-logo1.png\",\"contentUrl\":\"https:\/\/tabernaculoprensadedios.com\/web\/wp-content\/uploads\/2015\/06\/login-logo1.png\",\"width\":300,\"height\":118,\"caption\":\"tabernaculo\"},\"logo\":{\"@id\":\"https:\/\/tabernaculoprensadedios.com\/web\/#\/schema\/person\/image\/\"},\"url\":\"https:\/\/tabernaculoprensadedios.com\/web\/author\/tabernaculo\/\"}]}<\/script>\n<!-- \/ Yoast SEO Premium plugin. -->","yoast_head_json":{"title":"Febrero mes de gracia - Tabernaculo Prensa de Dios","robots":{"index":"index","follow":"follow","max-snippet":"max-snippet:-1","max-image-preview":"max-image-preview:large","max-video-preview":"max-video-preview:-1"},"canonical":"https:\/\/tabernaculoprensadedios.com\/web\/febrero-mes-de-gracia\/","og_locale":"es_ES","og_type":"article","og_title":"Febrero mes de gracia","og_description":"Teniendo, pues, un gran Sumo Sacerdote que trascendi\u00f3 los cielos, Jes\u00fas, el Hijo de Dios, retengamos nuestra fe. Porque no tenemos un sumo sacerdote que no pueda compadecerse de nuestras flaquezas, sino uno que ha sido tentado en todo como nosotros, pero sin pecado. Por tanto, acerqu\u00e9monos con confianza al trono de la gracia para &hellip;","og_url":"https:\/\/tabernaculoprensadedios.com\/web\/febrero-mes-de-gracia\/","og_site_name":"Tabernaculo Prensa de Dios","article_published_time":"2021-02-12T14:04:14+00:00","article_modified_time":"2021-02-13T01:14:04+00:00","og_image":[{"width":2006,"height":1333,"url":"https:\/\/tabernaculoprensadedios.com\/web\/wp-content\/uploads\/2021\/02\/2.jpg","type":"image\/jpeg"}],"author":"tabernaculo","twitter_card":"summary_large_image","twitter_creator":"@PrensadeDios","twitter_site":"@PrensadeDios","twitter_misc":{"Escrito por":"tabernaculo","Tiempo de lectura":"6 minutos"},"schema":{"@context":"https:\/\/schema.org","@graph":[{"@type":"Article","@id":"https:\/\/tabernaculoprensadedios.com\/web\/febrero-mes-de-gracia\/#article","isPartOf":{"@id":"https:\/\/tabernaculoprensadedios.com\/web\/febrero-mes-de-gracia\/"},"author":{"name":"tabernaculo","@id":"https:\/\/tabernaculoprensadedios.com\/web\/#\/schema\/person\/bc0e069fef56b38e177db6f098ae0b6e"},"headline":"Febrero mes de gracia","datePublished":"2021-02-12T14:04:14+00:00","dateModified":"2021-02-13T01:14:04+00:00","mainEntityOfPage":{"@id":"https:\/\/tabernaculoprensadedios.com\/web\/febrero-mes-de-gracia\/"},"wordCount":1180,"commentCount":0,"publisher":{"@id":"https:\/\/tabernaculoprensadedios.com\/web\/#\/schema\/person\/bc0e069fef56b38e177db6f098ae0b6e"},"image":{"@id":"https:\/\/tabernaculoprensadedios.com\/web\/febrero-mes-de-gracia\/#primaryimage"},"thumbnailUrl":"https:\/\/tabernaculoprensadedios.com\/web\/wp-content\/uploads\/2021\/02\/2.jpg","articleSection":["Articulos"],"inLanguage":"es","potentialAction":[{"@type":"CommentAction","name":"Comment","target":["https:\/\/tabernaculoprensadedios.com\/web\/febrero-mes-de-gracia\/#respond"]}]},{"@type":"WebPage","@id":"https:\/\/tabernaculoprensadedios.com\/web\/febrero-mes-de-gracia\/","url":"https:\/\/tabernaculoprensadedios.com\/web\/febrero-mes-de-gracia\/","name":"Febrero mes de gracia - Tabernaculo Prensa de Dios","isPartOf":{"@id":"https:\/\/tabernaculoprensadedios.com\/web\/#website"},"primaryImageOfPage":{"@id":"https:\/\/tabernaculoprensadedios.com\/web\/febrero-mes-de-gracia\/#primaryimage"},"image":{"@id":"https:\/\/tabernaculoprensadedios.com\/web\/febrero-mes-de-gracia\/#primaryimage"},"thumbnailUrl":"https:\/\/tabernaculoprensadedios.com\/web\/wp-content\/uploads\/2021\/02\/2.jpg","datePublished":"2021-02-12T14:04:14+00:00","dateModified":"2021-02-13T01:14:04+00:00","breadcrumb":{"@id":"https:\/\/tabernaculoprensadedios.com\/web\/febrero-mes-de-gracia\/#breadcrumb"},"inLanguage":"es","potentialAction":[{"@type":"ReadAction","target":["https:\/\/tabernaculoprensadedios.com\/web\/febrero-mes-de-gracia\/"]}]},{"@type":"ImageObject","inLanguage":"es","@id":"https:\/\/tabernaculoprensadedios.com\/web\/febrero-mes-de-gracia\/#primaryimage","url":"https:\/\/tabernaculoprensadedios.com\/web\/wp-content\/uploads\/2021\/02\/2.jpg","contentUrl":"https:\/\/tabernaculoprensadedios.com\/web\/wp-content\/uploads\/2021\/02\/2.jpg","width":2006,"height":1333},{"@type":"BreadcrumbList","@id":"https:\/\/tabernaculoprensadedios.com\/web\/febrero-mes-de-gracia\/#breadcrumb","itemListElement":[{"@type":"ListItem","position":1,"name":"Portada","item":"https:\/\/tabernaculoprensadedios.com\/web\/"},{"@type":"ListItem","position":2,"name":"Febrero mes de gracia"}]},{"@type":"WebSite","@id":"https:\/\/tabernaculoprensadedios.com\/web\/#website","url":"https:\/\/tabernaculoprensadedios.com\/web\/","name":"Tabernaculo Prensa de Dios","description":"Un medio a la manera de Dios","publisher":{"@id":"https:\/\/tabernaculoprensadedios.com\/web\/#\/schema\/person\/bc0e069fef56b38e177db6f098ae0b6e"},"potentialAction":[{"@type":"SearchAction","target":{"@type":"EntryPoint","urlTemplate":"https:\/\/tabernaculoprensadedios.com\/web\/?s={search_term_string}"},"query-input":{"@type":"PropertyValueSpecification","valueRequired":true,"valueName":"search_term_string"}}],"inLanguage":"es"},{"@type":["Person","Organization"],"@id":"https:\/\/tabernaculoprensadedios.com\/web\/#\/schema\/person\/bc0e069fef56b38e177db6f098ae0b6e","name":"tabernaculo","image":{"@type":"ImageObject","inLanguage":"es","@id":"https:\/\/tabernaculoprensadedios.com\/web\/#\/schema\/person\/image\/","url":"https:\/\/tabernaculoprensadedios.com\/web\/wp-content\/uploads\/2015\/06\/login-logo1.png","contentUrl":"https:\/\/tabernaculoprensadedios.com\/web\/wp-content\/uploads\/2015\/06\/login-logo1.png","width":300,"height":118,"caption":"tabernaculo"},"logo":{"@id":"https:\/\/tabernaculoprensadedios.com\/web\/#\/schema\/person\/image\/"},"url":"https:\/\/tabernaculoprensadedios.com\/web\/author\/tabernaculo\/"}]}},"_links":{"self":[{"href":"https:\/\/tabernaculoprensadedios.com\/web\/wp-json\/wp\/v2\/posts\/16982","targetHints":{"allow":["GET"]}}],"collection":[{"href":"https:\/\/tabernaculoprensadedios.com\/web\/wp-json\/wp\/v2\/posts"}],"about":[{"href":"https:\/\/tabernaculoprensadedios.com\/web\/wp-json\/wp\/v2\/types\/post"}],"author":[{"embeddable":true,"href":"https:\/\/tabernaculoprensadedios.com\/web\/wp-json\/wp\/v2\/users\/1"}],"replies":[{"embeddable":true,"href":"https:\/\/tabernaculoprensadedios.com\/web\/wp-json\/wp\/v2\/comments?post=16982"}],"version-history":[{"count":1,"href":"https:\/\/tabernaculoprensadedios.com\/web\/wp-json\/wp\/v2\/posts\/16982\/revisions"}],"predecessor-version":[{"id":16984,"href":"https:\/\/tabernaculoprensadedios.com\/web\/wp-json\/wp\/v2\/posts\/16982\/revisions\/16984"}],"wp:featuredmedia":[{"embeddable":true,"href":"https:\/\/tabernaculoprensadedios.com\/web\/wp-json\/wp\/v2\/media\/21088"}],"wp:attachment":[{"href":"https:\/\/tabernaculoprensadedios.com\/web\/wp-json\/wp\/v2\/media?parent=16982"}],"wp:term":[{"taxonomy":"category","embeddable":true,"href":"https:\/\/tabernaculoprensadedios.com\/web\/wp-json\/wp\/v2\/categories?post=16982"},{"taxonomy":"post_tag","embeddable":true,"href":"https:\/\/tabernaculoprensadedios.com\/web\/wp-json\/wp\/v2\/tags?post=16982"}],"curies":[{"name":"wp","href":"https:\/\/api.w.org\/{rel}","templated":true}]}}