{"id":13906,"date":"2019-06-20T03:08:25","date_gmt":"2019-06-20T03:08:25","guid":{"rendered":"http:\/\/tabernaculoprensadedios.com\/web\/?p=13906"},"modified":"2019-06-20T03:08:25","modified_gmt":"2019-06-20T03:08:25","slug":"fue-la-mano-de-dios-quien-me-sano-de-la-metastasis","status":"publish","type":"post","link":"https:\/\/tabernaculoprensadedios.com\/web\/fue-la-mano-de-dios-quien-me-sano-de-la-metastasis\/","title":{"rendered":"\u201cFue la mano de Dios quien me san\u00f3 de la met\u00e1stasis\u201d"},"content":{"rendered":"<p>\u201cYo estaba llena de tumores en los dos hemisferios de mi cerebro, en todo mi cuello y el t\u00f3rax, en total 18. Y mi pulm\u00f3n ten\u00eda otro tumor, que fue el que provoc\u00f3 la met\u00e1stasis. Cuando llegu\u00e9 al hospital de Neopl\u00e1sicas ten\u00eda c\u00e1ncer de cuarto grado, no era ni siquiera para que hoy yo est\u00e9 aqu\u00ed, porque por la gravedad en la que me encontraba, solo hubiera vivido dos meses, pero mi buen Dios me prevaleci\u00f3 la vida y me concedi\u00f3 un gran milagro.<\/p>\n<p>Viaj\u00e9 de Ecuador a Lima porque mi hijo estaba por graduarse, esos d\u00edas yo me sent\u00eda muy cansada, pens\u00e9 que esto me suced\u00eda por las actividades realizadas, y de repente ten\u00eda una pierna que no pod\u00eda moverla, estaba como dormida.<\/p>\n<p>Comenc\u00e9 a descoordinar m cuerpo y se lo coment\u00e9 a mi esposo, porque esto fue tan r\u00e1pido, de un d\u00eda para otro. Yo siempre fui una mujer muy sana, es m\u00e1s yo me realizaba chequeos completos todos los a\u00f1os y siempre el doctor me dec\u00eda: \u201cNo necesita usted tomar ni calcio porque sus huesos est\u00e1n muy bien\u201d.<\/p>\n<p>Yo nunca pens\u00e9 que me iba a enfermar, pero esto tiene que suceder porque somos de carne y hueso. De un momento a otro cuando comenc\u00e9 a cojear, mi esposo pens\u00f3 que eran las hormonas por mi edad y fuimos a un ginec\u00f3logo, quien nos dijo que yo no ten\u00eda nada, pero s\u00ed recomend\u00f3 llevarme a un neur\u00f3logo.<\/p>\n<p>Ya en el neur\u00f3logo me sacaron una tomograf\u00eda y esta revel\u00f3 que yo estaba llena de tumores en los dos hemisferios de mi cerebro, en todo mi cuello y el t\u00f3rax, el total 18. Y mi pulm\u00f3n ten\u00eda otro tumor, que fue el que provoc\u00f3 la met\u00e1stasis. Cuando llegu\u00e9 al hospital de Neopl\u00e1sicas ten\u00eda c\u00e1ncer de cuarto grado, no era ni siquiera para que hoy yo est\u00e9 aqu\u00ed, porque por la gravedad en la que me encontraba, solo hubiera vivido dos meses, pero mi buen Dios me prevaleci\u00f3 la vida y me concedi\u00f3 un gran milagro.<\/p>\n<p>Cuando me iban a operar, ven\u00eda la enfermera y me dec\u00eda: \u201c\u00bfT\u00fa sabes en qu\u00e9 grado de c\u00e1ncer est\u00e1s? Eso ya es lo \u00faltimo\u201d. Por otro lado, el m\u00e9dico cuando ve\u00eda mis placas y mis resonancias, me dec\u00eda que todo mi cuerpo estaba lleno de tumores y lo que me iban a hacer en ese momento, eran 10 sesiones de radioterapia antes de la operaci\u00f3n para que reduzcan los tumores que ten\u00eda.<\/p>\n<p>Le hab\u00edan dicho a mi esposo que vaya a comprar una silla de ruedas porque yo no iba a caminar, pues lo que ten\u00eda en el cerebro, iba a atacar a todo mi cuerpo. Me iba a quedar sin caminar, sin moverme, sin nada, iba a estar coja. Cuando escuchaba todo esto, yo dec\u00eda: \u201cDe qui\u00e9n est\u00e1n hablando porque yo no siento nada de lo que dicen los m\u00e9dicos, yo camino, realizo mis quehaceres en casa con normalidad\u201d.<\/p>\n<p>A la primera pastilla que me dieron ya pod\u00eda caminar, el m\u00e9dico que me atend\u00eda le preguntaba a mi esposo, si era yo la paciente porque estaba bien y se asombraba que yo caminara. Mi esposo no quer\u00eda que yo me deprima por esta enfermedad y le dec\u00eda a los m\u00e9dicos que no me dijeran lo que ten\u00eda, pero siempre una escucha.<\/p>\n<p>El doctor me miraba y preguntaba si yo ten\u00eda dolores de cabeza o n\u00e1useas o mareos, yo le respond\u00eda que estaba bien y no sent\u00eda nada de eso, que pod\u00eda realizar mis cosas con normalidad. Teniendo el c\u00e1ncer en \u00faltimo grado y yo no sent\u00eda nada.<\/p>\n<p>Esto suced\u00eda porque era un trato de Dios con mi familia, ellos se unieron en oraci\u00f3n por mi, muchas veces nos tiene que pasar algo duro para que nuestra familia venga a los pies de Cristo. Hoy en d\u00eda, una sobrina junto a su esposo, que me vinieron a visitar al hospital entregaron su vida a Jes\u00fas, se bautizaron y ahora son miembros fieles de la iglesia.<\/p>\n<p>A trav\u00e9s de esta enfermedad pude sentir que todo obraba para bien para aquellos que aman a Dios, pues mi familia ven\u00eda a entregarse y a conocer de Jes\u00fas, sent\u00eda el amor de los hermanos, de los pastores que oraban por mi, que se preocupaban por mi, porque todos somos una familia.<\/p>\n<p>En neopl\u00e1sicas sufr\u00edan mucho, la gente mor\u00eda constantemente, recuerdo que cierta vez entr\u00f3 una mujer, que era voluntaria, ingres\u00f3 a mi habitaci\u00f3n donde hab\u00edan 8 internados, y dijo que en ese cuarto se sent\u00eda algo diferente, que se sent\u00eda vida y yo le respond\u00ed: es que aqu\u00ed est\u00e1 el Padre, El Hijo y El Esp\u00edritu Santo.<\/p>\n<p>Me operaron, me colocaron 2 tubos atr\u00e1s por la espalda para que drene todo de la operaci\u00f3n, cuando ten\u00edan que sacarlos el doctor me dijo que ser\u00eda un dolor intenso, pero yo no sent\u00eda nada. El m\u00e9dico me revis\u00f3 y me dijo: \u201cSe\u00f1ora usted s\u00ed que tiene a Dios, c\u00f3mo quisiera que todos los pacientes fueran as\u00ed, usted ni siquiera est\u00e1 enferma\u201d<\/p>\n<p>Pero esto sucedi\u00f3 porque yo ten\u00eda toda mi confianza en Dios, yo sab\u00eda que \u00c9l no me iba a abandonar, yo sab\u00eda que \u00c9l estaba conmigo y era mi fortaleza, sab\u00eda que era una prueba que con \u00c9l la iba a pasar. Le doy muchas gracias a Dios porque \u00c9l fue y es bueno conmigo porque su misericordia es grande y me ha ayudado siempre.<\/p>\n<p>Me han sacado en 3 oportunidades dos resonancias, me sacan sangre, ex\u00e1menes de hemoglobina, triglic\u00e9ridos, h\u00edgado y todo est\u00e1 bien. Los tumores han desaparecido, mi cerebro, mi cuello, mis pulmones est\u00e1n limpios, ese fue un gran milagro de Dios para mi vida. Eso es todo lo que Dios hace, \u00c9l es milagroso, es Salvador, es Torre fuerte. El est\u00e1 con los que le buscan, es hermoso tenerlo de nuestro lado. Estoy muy agradecida con Dios por haberse acercado a mi vida.<\/p>\n<p>&nbsp;<\/p>\n","protected":false},"excerpt":{"rendered":"<p>\u201cYo estaba llena de tumores en los dos hemisferios de mi cerebro, en todo mi cuello y el t\u00f3rax, en total 18. Y mi pulm\u00f3n ten\u00eda otro tumor, que fue el que provoc\u00f3 la met\u00e1stasis. Cuando llegu\u00e9 al hospital de Neopl\u00e1sicas ten\u00eda c\u00e1ncer de cuarto grado, no era ni siquiera para que hoy yo est\u00e9 &hellip;<\/p>\n","protected":false},"author":1,"featured_media":13907,"comment_status":"open","ping_status":"open","sticky":false,"template":"","format":"standard","meta":{"footnotes":""},"categories":[11],"tags":[],"class_list":["post-13906","post","type-post","status-publish","format-standard","has-post-thumbnail","hentry","category-testimonios"],"yoast_head":"<!-- This site is optimized with the Yoast SEO Premium plugin v24.2 (Yoast SEO v27.1.1) - https:\/\/yoast.com\/product\/yoast-seo-premium-wordpress\/ -->\n<title>\u201cFue la mano de Dios quien me san\u00f3 de la met\u00e1stasis\u201d - Tabernaculo Prensa de Dios<\/title>\n<meta name=\"robots\" content=\"index, follow, max-snippet:-1, max-image-preview:large, max-video-preview:-1\" \/>\n<link rel=\"canonical\" href=\"https:\/\/tabernaculoprensadedios.com\/web\/fue-la-mano-de-dios-quien-me-sano-de-la-metastasis\/\" class=\"yoast-seo-meta-tag\" \/>\n<meta property=\"og:locale\" content=\"es_ES\" class=\"yoast-seo-meta-tag\" \/>\n<meta property=\"og:type\" content=\"article\" class=\"yoast-seo-meta-tag\" \/>\n<meta property=\"og:title\" content=\"\u201cFue la mano de Dios quien me san\u00f3 de la met\u00e1stasis\u201d\" class=\"yoast-seo-meta-tag\" \/>\n<meta property=\"og:description\" content=\"\u201cYo estaba llena de tumores en los dos hemisferios de mi cerebro, en todo mi cuello y el t\u00f3rax, en total 18. Y mi pulm\u00f3n ten\u00eda otro tumor, que fue el que provoc\u00f3 la met\u00e1stasis. Cuando llegu\u00e9 al hospital de Neopl\u00e1sicas ten\u00eda c\u00e1ncer de cuarto grado, no era ni siquiera para que hoy yo est\u00e9 &hellip;\" class=\"yoast-seo-meta-tag\" \/>\n<meta property=\"og:url\" content=\"https:\/\/tabernaculoprensadedios.com\/web\/fue-la-mano-de-dios-quien-me-sano-de-la-metastasis\/\" class=\"yoast-seo-meta-tag\" \/>\n<meta property=\"og:site_name\" content=\"Tabernaculo Prensa de Dios\" class=\"yoast-seo-meta-tag\" \/>\n<meta property=\"article:published_time\" content=\"2019-06-20T03:08:25+00:00\" class=\"yoast-seo-meta-tag\" \/>\n<meta property=\"og:image\" content=\"https:\/\/tabernaculoprensadedios.com\/web\/wp-content\/uploads\/2019\/06\/\u201cFue-la-mano-de-Dios-quien-me-sano\u0301-de-la-meta\u0301stasis\u201d.jpg\" class=\"yoast-seo-meta-tag\" \/>\n\t<meta property=\"og:image:width\" content=\"809\" class=\"yoast-seo-meta-tag\" \/>\n\t<meta property=\"og:image:height\" content=\"506\" class=\"yoast-seo-meta-tag\" \/>\n\t<meta property=\"og:image:type\" content=\"image\/jpeg\" class=\"yoast-seo-meta-tag\" \/>\n<meta name=\"author\" content=\"tabernaculo\" class=\"yoast-seo-meta-tag\" \/>\n<meta name=\"twitter:card\" content=\"summary_large_image\" class=\"yoast-seo-meta-tag\" \/>\n<meta name=\"twitter:creator\" content=\"@PrensadeDios\" class=\"yoast-seo-meta-tag\" \/>\n<meta name=\"twitter:site\" content=\"@PrensadeDios\" class=\"yoast-seo-meta-tag\" \/>\n<meta name=\"twitter:label1\" content=\"Escrito por\" class=\"yoast-seo-meta-tag\" \/>\n\t<meta name=\"twitter:data1\" content=\"tabernaculo\" class=\"yoast-seo-meta-tag\" \/>\n\t<meta name=\"twitter:label2\" content=\"Tiempo de lectura\" class=\"yoast-seo-meta-tag\" \/>\n\t<meta name=\"twitter:data2\" content=\"5 minutos\" class=\"yoast-seo-meta-tag\" \/>\n<script type=\"application\/ld+json\" class=\"yoast-schema-graph\">{\"@context\":\"https:\/\/schema.org\",\"@graph\":[{\"@type\":\"Article\",\"@id\":\"https:\/\/tabernaculoprensadedios.com\/web\/fue-la-mano-de-dios-quien-me-sano-de-la-metastasis\/#article\",\"isPartOf\":{\"@id\":\"https:\/\/tabernaculoprensadedios.com\/web\/fue-la-mano-de-dios-quien-me-sano-de-la-metastasis\/\"},\"author\":{\"name\":\"tabernaculo\",\"@id\":\"https:\/\/tabernaculoprensadedios.com\/web\/#\/schema\/person\/bc0e069fef56b38e177db6f098ae0b6e\"},\"headline\":\"\u201cFue la mano de Dios quien me san\u00f3 de la met\u00e1stasis\u201d\",\"datePublished\":\"2019-06-20T03:08:25+00:00\",\"mainEntityOfPage\":{\"@id\":\"https:\/\/tabernaculoprensadedios.com\/web\/fue-la-mano-de-dios-quien-me-sano-de-la-metastasis\/\"},\"wordCount\":1074,\"commentCount\":0,\"publisher\":{\"@id\":\"https:\/\/tabernaculoprensadedios.com\/web\/#\/schema\/person\/bc0e069fef56b38e177db6f098ae0b6e\"},\"image\":{\"@id\":\"https:\/\/tabernaculoprensadedios.com\/web\/fue-la-mano-de-dios-quien-me-sano-de-la-metastasis\/#primaryimage\"},\"thumbnailUrl\":\"https:\/\/tabernaculoprensadedios.com\/web\/wp-content\/uploads\/2019\/06\/\u201cFue-la-mano-de-Dios-quien-me-sano\u0301-de-la-meta\u0301stasis\u201d.jpg\",\"articleSection\":[\"Testimonios\"],\"inLanguage\":\"es\",\"potentialAction\":[{\"@type\":\"CommentAction\",\"name\":\"Comment\",\"target\":[\"https:\/\/tabernaculoprensadedios.com\/web\/fue-la-mano-de-dios-quien-me-sano-de-la-metastasis\/#respond\"]}]},{\"@type\":\"WebPage\",\"@id\":\"https:\/\/tabernaculoprensadedios.com\/web\/fue-la-mano-de-dios-quien-me-sano-de-la-metastasis\/\",\"url\":\"https:\/\/tabernaculoprensadedios.com\/web\/fue-la-mano-de-dios-quien-me-sano-de-la-metastasis\/\",\"name\":\"\u201cFue la mano de Dios quien me san\u00f3 de la met\u00e1stasis\u201d - Tabernaculo Prensa de Dios\",\"isPartOf\":{\"@id\":\"https:\/\/tabernaculoprensadedios.com\/web\/#website\"},\"primaryImageOfPage\":{\"@id\":\"https:\/\/tabernaculoprensadedios.com\/web\/fue-la-mano-de-dios-quien-me-sano-de-la-metastasis\/#primaryimage\"},\"image\":{\"@id\":\"https:\/\/tabernaculoprensadedios.com\/web\/fue-la-mano-de-dios-quien-me-sano-de-la-metastasis\/#primaryimage\"},\"thumbnailUrl\":\"https:\/\/tabernaculoprensadedios.com\/web\/wp-content\/uploads\/2019\/06\/\u201cFue-la-mano-de-Dios-quien-me-sano\u0301-de-la-meta\u0301stasis\u201d.jpg\",\"datePublished\":\"2019-06-20T03:08:25+00:00\",\"breadcrumb\":{\"@id\":\"https:\/\/tabernaculoprensadedios.com\/web\/fue-la-mano-de-dios-quien-me-sano-de-la-metastasis\/#breadcrumb\"},\"inLanguage\":\"es\",\"potentialAction\":[{\"@type\":\"ReadAction\",\"target\":[\"https:\/\/tabernaculoprensadedios.com\/web\/fue-la-mano-de-dios-quien-me-sano-de-la-metastasis\/\"]}]},{\"@type\":\"ImageObject\",\"inLanguage\":\"es\",\"@id\":\"https:\/\/tabernaculoprensadedios.com\/web\/fue-la-mano-de-dios-quien-me-sano-de-la-metastasis\/#primaryimage\",\"url\":\"https:\/\/tabernaculoprensadedios.com\/web\/wp-content\/uploads\/2019\/06\/\u201cFue-la-mano-de-Dios-quien-me-sano\u0301-de-la-meta\u0301stasis\u201d.jpg\",\"contentUrl\":\"https:\/\/tabernaculoprensadedios.com\/web\/wp-content\/uploads\/2019\/06\/\u201cFue-la-mano-de-Dios-quien-me-sano\u0301-de-la-meta\u0301stasis\u201d.jpg\",\"width\":\"809\",\"height\":\"506\"},{\"@type\":\"BreadcrumbList\",\"@id\":\"https:\/\/tabernaculoprensadedios.com\/web\/fue-la-mano-de-dios-quien-me-sano-de-la-metastasis\/#breadcrumb\",\"itemListElement\":[{\"@type\":\"ListItem\",\"position\":1,\"name\":\"Portada\",\"item\":\"https:\/\/tabernaculoprensadedios.com\/web\/\"},{\"@type\":\"ListItem\",\"position\":2,\"name\":\"\u201cFue la mano de Dios quien me san\u00f3 de la met\u00e1stasis\u201d\"}]},{\"@type\":\"WebSite\",\"@id\":\"https:\/\/tabernaculoprensadedios.com\/web\/#website\",\"url\":\"https:\/\/tabernaculoprensadedios.com\/web\/\",\"name\":\"Tabernaculo Prensa de Dios\",\"description\":\"Un medio a la manera de Dios\",\"publisher\":{\"@id\":\"https:\/\/tabernaculoprensadedios.com\/web\/#\/schema\/person\/bc0e069fef56b38e177db6f098ae0b6e\"},\"potentialAction\":[{\"@type\":\"SearchAction\",\"target\":{\"@type\":\"EntryPoint\",\"urlTemplate\":\"https:\/\/tabernaculoprensadedios.com\/web\/?s={search_term_string}\"},\"query-input\":{\"@type\":\"PropertyValueSpecification\",\"valueRequired\":true,\"valueName\":\"search_term_string\"}}],\"inLanguage\":\"es\"},{\"@type\":[\"Person\",\"Organization\"],\"@id\":\"https:\/\/tabernaculoprensadedios.com\/web\/#\/schema\/person\/bc0e069fef56b38e177db6f098ae0b6e\",\"name\":\"tabernaculo\",\"image\":{\"@type\":\"ImageObject\",\"inLanguage\":\"es\",\"@id\":\"https:\/\/tabernaculoprensadedios.com\/web\/#\/schema\/person\/image\/\",\"url\":\"https:\/\/tabernaculoprensadedios.com\/web\/wp-content\/uploads\/2015\/06\/login-logo1.png\",\"contentUrl\":\"https:\/\/tabernaculoprensadedios.com\/web\/wp-content\/uploads\/2015\/06\/login-logo1.png\",\"width\":300,\"height\":118,\"caption\":\"tabernaculo\"},\"logo\":{\"@id\":\"https:\/\/tabernaculoprensadedios.com\/web\/#\/schema\/person\/image\/\"},\"url\":\"https:\/\/tabernaculoprensadedios.com\/web\/author\/tabernaculo\/\"}]}<\/script>\n<!-- \/ Yoast SEO Premium plugin. -->","yoast_head_json":{"title":"\u201cFue la mano de Dios quien me san\u00f3 de la met\u00e1stasis\u201d - Tabernaculo Prensa de Dios","robots":{"index":"index","follow":"follow","max-snippet":"max-snippet:-1","max-image-preview":"max-image-preview:large","max-video-preview":"max-video-preview:-1"},"canonical":"https:\/\/tabernaculoprensadedios.com\/web\/fue-la-mano-de-dios-quien-me-sano-de-la-metastasis\/","og_locale":"es_ES","og_type":"article","og_title":"\u201cFue la mano de Dios quien me san\u00f3 de la met\u00e1stasis\u201d","og_description":"\u201cYo estaba llena de tumores en los dos hemisferios de mi cerebro, en todo mi cuello y el t\u00f3rax, en total 18. Y mi pulm\u00f3n ten\u00eda otro tumor, que fue el que provoc\u00f3 la met\u00e1stasis. Cuando llegu\u00e9 al hospital de Neopl\u00e1sicas ten\u00eda c\u00e1ncer de cuarto grado, no era ni siquiera para que hoy yo est\u00e9 &hellip;","og_url":"https:\/\/tabernaculoprensadedios.com\/web\/fue-la-mano-de-dios-quien-me-sano-de-la-metastasis\/","og_site_name":"Tabernaculo Prensa de Dios","article_published_time":"2019-06-20T03:08:25+00:00","og_image":[{"width":809,"height":506,"url":"https:\/\/tabernaculoprensadedios.com\/web\/wp-content\/uploads\/2019\/06\/\u201cFue-la-mano-de-Dios-quien-me-sano\u0301-de-la-meta\u0301stasis\u201d.jpg","type":"image\/jpeg"}],"author":"tabernaculo","twitter_card":"summary_large_image","twitter_creator":"@PrensadeDios","twitter_site":"@PrensadeDios","twitter_misc":{"Escrito por":"tabernaculo","Tiempo de lectura":"5 minutos"},"schema":{"@context":"https:\/\/schema.org","@graph":[{"@type":"Article","@id":"https:\/\/tabernaculoprensadedios.com\/web\/fue-la-mano-de-dios-quien-me-sano-de-la-metastasis\/#article","isPartOf":{"@id":"https:\/\/tabernaculoprensadedios.com\/web\/fue-la-mano-de-dios-quien-me-sano-de-la-metastasis\/"},"author":{"name":"tabernaculo","@id":"https:\/\/tabernaculoprensadedios.com\/web\/#\/schema\/person\/bc0e069fef56b38e177db6f098ae0b6e"},"headline":"\u201cFue la mano de Dios quien me san\u00f3 de la met\u00e1stasis\u201d","datePublished":"2019-06-20T03:08:25+00:00","mainEntityOfPage":{"@id":"https:\/\/tabernaculoprensadedios.com\/web\/fue-la-mano-de-dios-quien-me-sano-de-la-metastasis\/"},"wordCount":1074,"commentCount":0,"publisher":{"@id":"https:\/\/tabernaculoprensadedios.com\/web\/#\/schema\/person\/bc0e069fef56b38e177db6f098ae0b6e"},"image":{"@id":"https:\/\/tabernaculoprensadedios.com\/web\/fue-la-mano-de-dios-quien-me-sano-de-la-metastasis\/#primaryimage"},"thumbnailUrl":"https:\/\/tabernaculoprensadedios.com\/web\/wp-content\/uploads\/2019\/06\/\u201cFue-la-mano-de-Dios-quien-me-sano\u0301-de-la-meta\u0301stasis\u201d.jpg","articleSection":["Testimonios"],"inLanguage":"es","potentialAction":[{"@type":"CommentAction","name":"Comment","target":["https:\/\/tabernaculoprensadedios.com\/web\/fue-la-mano-de-dios-quien-me-sano-de-la-metastasis\/#respond"]}]},{"@type":"WebPage","@id":"https:\/\/tabernaculoprensadedios.com\/web\/fue-la-mano-de-dios-quien-me-sano-de-la-metastasis\/","url":"https:\/\/tabernaculoprensadedios.com\/web\/fue-la-mano-de-dios-quien-me-sano-de-la-metastasis\/","name":"\u201cFue la mano de Dios quien me san\u00f3 de la met\u00e1stasis\u201d - Tabernaculo Prensa de Dios","isPartOf":{"@id":"https:\/\/tabernaculoprensadedios.com\/web\/#website"},"primaryImageOfPage":{"@id":"https:\/\/tabernaculoprensadedios.com\/web\/fue-la-mano-de-dios-quien-me-sano-de-la-metastasis\/#primaryimage"},"image":{"@id":"https:\/\/tabernaculoprensadedios.com\/web\/fue-la-mano-de-dios-quien-me-sano-de-la-metastasis\/#primaryimage"},"thumbnailUrl":"https:\/\/tabernaculoprensadedios.com\/web\/wp-content\/uploads\/2019\/06\/\u201cFue-la-mano-de-Dios-quien-me-sano\u0301-de-la-meta\u0301stasis\u201d.jpg","datePublished":"2019-06-20T03:08:25+00:00","breadcrumb":{"@id":"https:\/\/tabernaculoprensadedios.com\/web\/fue-la-mano-de-dios-quien-me-sano-de-la-metastasis\/#breadcrumb"},"inLanguage":"es","potentialAction":[{"@type":"ReadAction","target":["https:\/\/tabernaculoprensadedios.com\/web\/fue-la-mano-de-dios-quien-me-sano-de-la-metastasis\/"]}]},{"@type":"ImageObject","inLanguage":"es","@id":"https:\/\/tabernaculoprensadedios.com\/web\/fue-la-mano-de-dios-quien-me-sano-de-la-metastasis\/#primaryimage","url":"https:\/\/tabernaculoprensadedios.com\/web\/wp-content\/uploads\/2019\/06\/\u201cFue-la-mano-de-Dios-quien-me-sano\u0301-de-la-meta\u0301stasis\u201d.jpg","contentUrl":"https:\/\/tabernaculoprensadedios.com\/web\/wp-content\/uploads\/2019\/06\/\u201cFue-la-mano-de-Dios-quien-me-sano\u0301-de-la-meta\u0301stasis\u201d.jpg","width":"809","height":"506"},{"@type":"BreadcrumbList","@id":"https:\/\/tabernaculoprensadedios.com\/web\/fue-la-mano-de-dios-quien-me-sano-de-la-metastasis\/#breadcrumb","itemListElement":[{"@type":"ListItem","position":1,"name":"Portada","item":"https:\/\/tabernaculoprensadedios.com\/web\/"},{"@type":"ListItem","position":2,"name":"\u201cFue la mano de Dios quien me san\u00f3 de la met\u00e1stasis\u201d"}]},{"@type":"WebSite","@id":"https:\/\/tabernaculoprensadedios.com\/web\/#website","url":"https:\/\/tabernaculoprensadedios.com\/web\/","name":"Tabernaculo Prensa de Dios","description":"Un medio a la manera de Dios","publisher":{"@id":"https:\/\/tabernaculoprensadedios.com\/web\/#\/schema\/person\/bc0e069fef56b38e177db6f098ae0b6e"},"potentialAction":[{"@type":"SearchAction","target":{"@type":"EntryPoint","urlTemplate":"https:\/\/tabernaculoprensadedios.com\/web\/?s={search_term_string}"},"query-input":{"@type":"PropertyValueSpecification","valueRequired":true,"valueName":"search_term_string"}}],"inLanguage":"es"},{"@type":["Person","Organization"],"@id":"https:\/\/tabernaculoprensadedios.com\/web\/#\/schema\/person\/bc0e069fef56b38e177db6f098ae0b6e","name":"tabernaculo","image":{"@type":"ImageObject","inLanguage":"es","@id":"https:\/\/tabernaculoprensadedios.com\/web\/#\/schema\/person\/image\/","url":"https:\/\/tabernaculoprensadedios.com\/web\/wp-content\/uploads\/2015\/06\/login-logo1.png","contentUrl":"https:\/\/tabernaculoprensadedios.com\/web\/wp-content\/uploads\/2015\/06\/login-logo1.png","width":300,"height":118,"caption":"tabernaculo"},"logo":{"@id":"https:\/\/tabernaculoprensadedios.com\/web\/#\/schema\/person\/image\/"},"url":"https:\/\/tabernaculoprensadedios.com\/web\/author\/tabernaculo\/"}]}},"_links":{"self":[{"href":"https:\/\/tabernaculoprensadedios.com\/web\/wp-json\/wp\/v2\/posts\/13906","targetHints":{"allow":["GET"]}}],"collection":[{"href":"https:\/\/tabernaculoprensadedios.com\/web\/wp-json\/wp\/v2\/posts"}],"about":[{"href":"https:\/\/tabernaculoprensadedios.com\/web\/wp-json\/wp\/v2\/types\/post"}],"author":[{"embeddable":true,"href":"https:\/\/tabernaculoprensadedios.com\/web\/wp-json\/wp\/v2\/users\/1"}],"replies":[{"embeddable":true,"href":"https:\/\/tabernaculoprensadedios.com\/web\/wp-json\/wp\/v2\/comments?post=13906"}],"version-history":[{"count":1,"href":"https:\/\/tabernaculoprensadedios.com\/web\/wp-json\/wp\/v2\/posts\/13906\/revisions"}],"predecessor-version":[{"id":13908,"href":"https:\/\/tabernaculoprensadedios.com\/web\/wp-json\/wp\/v2\/posts\/13906\/revisions\/13908"}],"wp:featuredmedia":[{"embeddable":true,"href":"https:\/\/tabernaculoprensadedios.com\/web\/wp-json\/wp\/v2\/media\/13907"}],"wp:attachment":[{"href":"https:\/\/tabernaculoprensadedios.com\/web\/wp-json\/wp\/v2\/media?parent=13906"}],"wp:term":[{"taxonomy":"category","embeddable":true,"href":"https:\/\/tabernaculoprensadedios.com\/web\/wp-json\/wp\/v2\/categories?post=13906"},{"taxonomy":"post_tag","embeddable":true,"href":"https:\/\/tabernaculoprensadedios.com\/web\/wp-json\/wp\/v2\/tags?post=13906"}],"curies":[{"name":"wp","href":"https:\/\/api.w.org\/{rel}","templated":true}]}}