{"id":13897,"date":"2019-06-20T02:54:31","date_gmt":"2019-06-20T02:54:31","guid":{"rendered":"http:\/\/tabernaculoprensadedios.com\/web\/?p=13897"},"modified":"2019-06-20T02:54:31","modified_gmt":"2019-06-20T02:54:31","slug":"ahora-veras-su-justicia-tangible","status":"publish","type":"post","link":"https:\/\/tabernaculoprensadedios.com\/web\/ahora-veras-su-justicia-tangible\/","title":{"rendered":"Ahora veras su justicia tangible"},"content":{"rendered":"<div dir=\"ltr\">\n<p><em>En vez de su verg\u00fcenza, mi pueblo recibir\u00e1 doble porci\u00f3n; en vez de deshonra, se regocijar\u00e1 en su herencia y as\u00ed en su tierra recibir\u00e1 doble herencia, y su alegr\u00eda ser\u00e1 eterna. \u00a0Yo, el Se\u00f1or, amo la justicia, pero odio el robo y la iniquidad. En mi fidelidad los recompensar\u00e9 y har\u00e9 con ellos un pacto eterno.<\/em><strong><em> Isa\u00edas 61:7-8<\/em><\/strong><\/p>\n<\/div>\n<div dir=\"ltr\">\n<p>Estoy agradecida porque Dios no solo es un Juez justo sino tambi\u00e9n sabio. Ha sido por su sabidur\u00eda que \u00c9l no nos ha contestado en la manera ni el tiempo que querr\u00edamos que nos contestara. En su sabidur\u00eda \u00c9l ha permitido que muchos de sus hijos sean probados y limpiados de todo aquello que pueda causar que ellos cedan Su verdad o pierdan su fe en tiempos de dificultades. Por lo tanto, en su justicia y sabidur\u00eda, a veces demora temporalmente las respuestas para evitarnos de una ca\u00edda fatal en el futuro. Aunque no me gusta el sufrimiento, yo puedo decir en retrospectiva que estoy agradecida por todo lo que he logrado en mi vida a trav\u00e9s de las temporadas de sufrimiento. Creo que hay una puerta abierta en los tribunales de los Cielos y que nuestro Juez Justo est\u00e1 ejecutando justicia a favor de sus hijos. Atraviesen la puerta con fe y un coraz\u00f3n agradecido mientras leen esta revelaci\u00f3n prof\u00e9tica de Lorilei Cooley, porque Dios no nos ha olvidado y nuestra esperanza no ser\u00e1 defraudada.<\/p>\n<p>\u201cDonde el enemigo pens\u00f3 que pod\u00eda cruzar l\u00edmites y fronteras. Vi una l\u00ednea divisoria siendo dibujada. Ya no exist\u00eda y ya no pod\u00eda venir e intentar detener lo que el Se\u00f1or est\u00e1 haciendo y hacia donde estaba guiando a muchos. Era una finalidad divina, un final y un cierre completo de una cosa\u201d.<\/p>\n<p>\u201cEl Se\u00f1or est\u00e1 restableci\u00e9ndote, no solo en tu manto, sino tambi\u00e9n en la unci\u00f3n, la posici\u00f3n y la autoridad que portas\u201d. Mientras esto suced\u00eda, hubo cambios repentinos y la reivindicaci\u00f3n y la justicia que muchos esperaban comenz\u00f3 a tomar forma. Hubo un cambio y\u00a0<strong>\u00abAHORA VERAS LA JUSTICIA TANGIBLE\u00bb\u00a0<\/strong>del Se\u00f1or. La restituci\u00f3n del Se\u00f1or que viene sobre muchos es tan grande, y la manifestaci\u00f3n de Su restituci\u00f3n ser\u00e1 tan explosiva que muchos se quedaran desconcertados por la manera en que el Se\u00f1or lo har\u00e1. Sent\u00ed que esto est\u00e1 sucediendo ya, que no solo comenzar\u00eda a venir, sent\u00ed que el Se\u00f1or dijo que solo ser\u00eda el comienzo de la\u00a0<strong>JUSTICIA y la RESTITUCION\u00a0<\/strong>que \u00c9l est\u00e1 liberando\u201d.<\/p>\n<p>\u201cO\u00ed al Se\u00f1or decir: \u201cDonde el enemigo rob\u00f3, destruy\u00f3 y devor\u00f3. Yo he venido y atrapado al enemigo con Mi poderosa mano y ahora \u00e9l debe devolver lo robado. No hay escapatoria del poder de Mi mano. Yo estoy acelerando la reivindicaci\u00f3n y la justicia sobre tu vida donde demostrar\u00e9 Isa\u00edas 61:8. Te quedar\u00e1s asombrado ante la manifestaci\u00f3n de Mi justicia porque la reivindicaci\u00f3n que traigo a tu vida ser\u00e1 magn\u00e1nima. \u00a0Mientras hago lo que solo Yo el Se\u00f1or puedo hacer. La justicia y la reivindicaci\u00f3n que estoy trayendo ser\u00e1n diferentes a las que has experimentado antes.<\/p>\n<p>Muchos ver\u00e1n la reivindicaci\u00f3n y la justicia sobre tu vida, muchos sabr\u00e1n que el Se\u00f1or tu Dios est\u00e1 contigo. Porque la batalla me pertenece. Las cosas que hab\u00edan estado en tu contra y parec\u00eda que nunca cambiar\u00edan, esas cosas ahora se est\u00e1n desmoronando. Las cosas han cambiado y seguir\u00e1n cambiando mientras Yo sigo movi\u00e9ndome poderosamente en tu vida. Ver\u00e1s lo mucho que Yo soy para ti y c\u00f3mo Yo he estado contigo. Porque este d\u00eda los egipcios que ves hoy, ya no los ver\u00e1s m\u00e1s. Porque demostrar\u00e9 Mi poder como lo hice con los Israelitas cuando el Fara\u00f3n se ahog\u00f3 en el mar rojo. (\u00c9xodo 14) Lo que hice entonces lo volver\u00e9 a hacer. Ver\u00e1s al Fara\u00f3n caer derrotado. \u00a1Porque Yo Soy el Se\u00f1or tu Dios, Tu poderoso defensor y vencedor!\u201d<\/p>\n<p>Hay algunas cosas poni\u00e9ndose en marcha y que est\u00e1n a punto de manifestarse. \u00a1Lo que vendr\u00e1 y suceder\u00e1, ser\u00e1 solo por la mano del Se\u00f1or y Su obra!<\/p>\n<p><strong>Salmo 9: 7-12\u00a0<\/strong>Pero t\u00fa, Se\u00f1or, permaneces para siempre, y tienes preparado tu tribunal de justicia. Con justicia juzgar\u00e1s al mundo; con rectitud juzgar\u00e1s a las naciones. T\u00fa, Se\u00f1or, eres el refugio de los pobres; eres su amparo en momentos de angustia. En ti conf\u00edan los que conocen tu nombre, porque t\u00fa, Se\u00f1or, proteges a los que te buscan. \u00a1Canten al Se\u00f1or, que vive en Si\u00f3n! \u00a1Proclamen entre los pueblos sus acciones! El Dios vengador se acord\u00f3 de ellos; \u00a1no olvid\u00f3 el clamor de los afligidos!<\/p>\n<p>Con amor y oraciones,<\/p>\n<\/div>\n","protected":false},"excerpt":{"rendered":"<p>En vez de su verg\u00fcenza, mi pueblo recibir\u00e1 doble porci\u00f3n; en vez de deshonra, se regocijar\u00e1 en su herencia y as\u00ed en su tierra recibir\u00e1 doble herencia, y su alegr\u00eda ser\u00e1 eterna. \u00a0Yo, el Se\u00f1or, amo la justicia, pero odio el robo y la iniquidad. En mi fidelidad los recompensar\u00e9 y har\u00e9 con ellos un &hellip;<\/p>\n","protected":false},"author":1,"featured_media":13898,"comment_status":"open","ping_status":"open","sticky":false,"template":"","format":"standard","meta":{"footnotes":""},"categories":[38],"tags":[],"class_list":["post-13897","post","type-post","status-publish","format-standard","has-post-thumbnail","hentry","category-principal"],"yoast_head":"<!-- This site is optimized with the Yoast SEO Premium plugin v24.2 (Yoast SEO v27.1.1) - https:\/\/yoast.com\/product\/yoast-seo-premium-wordpress\/ -->\n<title>Ahora veras su justicia tangible - Tabernaculo Prensa de Dios<\/title>\n<meta name=\"robots\" content=\"index, follow, max-snippet:-1, max-image-preview:large, max-video-preview:-1\" \/>\n<link rel=\"canonical\" href=\"https:\/\/tabernaculoprensadedios.com\/web\/ahora-veras-su-justicia-tangible\/\" class=\"yoast-seo-meta-tag\" \/>\n<meta property=\"og:locale\" content=\"es_ES\" class=\"yoast-seo-meta-tag\" \/>\n<meta property=\"og:type\" content=\"article\" class=\"yoast-seo-meta-tag\" \/>\n<meta property=\"og:title\" content=\"Ahora veras su justicia tangible\" class=\"yoast-seo-meta-tag\" \/>\n<meta property=\"og:description\" content=\"En vez de su verg\u00fcenza, mi pueblo recibir\u00e1 doble porci\u00f3n; en vez de deshonra, se regocijar\u00e1 en su herencia y as\u00ed en su tierra recibir\u00e1 doble herencia, y su alegr\u00eda ser\u00e1 eterna. \u00a0Yo, el Se\u00f1or, amo la justicia, pero odio el robo y la iniquidad. En mi fidelidad los recompensar\u00e9 y har\u00e9 con ellos un &hellip;\" class=\"yoast-seo-meta-tag\" \/>\n<meta property=\"og:url\" content=\"https:\/\/tabernaculoprensadedios.com\/web\/ahora-veras-su-justicia-tangible\/\" class=\"yoast-seo-meta-tag\" \/>\n<meta property=\"og:site_name\" content=\"Tabernaculo Prensa de Dios\" class=\"yoast-seo-meta-tag\" \/>\n<meta property=\"article:published_time\" content=\"2019-06-20T02:54:31+00:00\" class=\"yoast-seo-meta-tag\" \/>\n<meta property=\"og:image\" content=\"https:\/\/tabernaculoprensadedios.com\/web\/wp-content\/uploads\/2019\/06\/tamagible.jpg\" class=\"yoast-seo-meta-tag\" \/>\n\t<meta property=\"og:image:width\" content=\"960\" class=\"yoast-seo-meta-tag\" \/>\n\t<meta property=\"og:image:height\" content=\"640\" class=\"yoast-seo-meta-tag\" \/>\n\t<meta property=\"og:image:type\" content=\"image\/jpeg\" class=\"yoast-seo-meta-tag\" \/>\n<meta name=\"author\" content=\"tabernaculo\" class=\"yoast-seo-meta-tag\" \/>\n<meta name=\"twitter:card\" content=\"summary_large_image\" class=\"yoast-seo-meta-tag\" \/>\n<meta name=\"twitter:creator\" content=\"@PrensadeDios\" class=\"yoast-seo-meta-tag\" \/>\n<meta name=\"twitter:site\" content=\"@PrensadeDios\" class=\"yoast-seo-meta-tag\" \/>\n<meta name=\"twitter:label1\" content=\"Escrito por\" class=\"yoast-seo-meta-tag\" \/>\n\t<meta name=\"twitter:data1\" content=\"tabernaculo\" class=\"yoast-seo-meta-tag\" \/>\n\t<meta name=\"twitter:label2\" content=\"Tiempo de lectura\" class=\"yoast-seo-meta-tag\" \/>\n\t<meta name=\"twitter:data2\" content=\"4 minutos\" class=\"yoast-seo-meta-tag\" \/>\n<script type=\"application\/ld+json\" class=\"yoast-schema-graph\">{\"@context\":\"https:\/\/schema.org\",\"@graph\":[{\"@type\":\"Article\",\"@id\":\"https:\/\/tabernaculoprensadedios.com\/web\/ahora-veras-su-justicia-tangible\/#article\",\"isPartOf\":{\"@id\":\"https:\/\/tabernaculoprensadedios.com\/web\/ahora-veras-su-justicia-tangible\/\"},\"author\":{\"name\":\"tabernaculo\",\"@id\":\"https:\/\/tabernaculoprensadedios.com\/web\/#\/schema\/person\/bc0e069fef56b38e177db6f098ae0b6e\"},\"headline\":\"Ahora veras su justicia tangible\",\"datePublished\":\"2019-06-20T02:54:31+00:00\",\"mainEntityOfPage\":{\"@id\":\"https:\/\/tabernaculoprensadedios.com\/web\/ahora-veras-su-justicia-tangible\/\"},\"wordCount\":830,\"commentCount\":0,\"publisher\":{\"@id\":\"https:\/\/tabernaculoprensadedios.com\/web\/#\/schema\/person\/bc0e069fef56b38e177db6f098ae0b6e\"},\"image\":{\"@id\":\"https:\/\/tabernaculoprensadedios.com\/web\/ahora-veras-su-justicia-tangible\/#primaryimage\"},\"thumbnailUrl\":\"https:\/\/tabernaculoprensadedios.com\/web\/wp-content\/uploads\/2019\/06\/tamagible.jpg\",\"articleSection\":[\"Principal\"],\"inLanguage\":\"es\",\"potentialAction\":[{\"@type\":\"CommentAction\",\"name\":\"Comment\",\"target\":[\"https:\/\/tabernaculoprensadedios.com\/web\/ahora-veras-su-justicia-tangible\/#respond\"]}]},{\"@type\":\"WebPage\",\"@id\":\"https:\/\/tabernaculoprensadedios.com\/web\/ahora-veras-su-justicia-tangible\/\",\"url\":\"https:\/\/tabernaculoprensadedios.com\/web\/ahora-veras-su-justicia-tangible\/\",\"name\":\"Ahora veras su justicia tangible - Tabernaculo Prensa de Dios\",\"isPartOf\":{\"@id\":\"https:\/\/tabernaculoprensadedios.com\/web\/#website\"},\"primaryImageOfPage\":{\"@id\":\"https:\/\/tabernaculoprensadedios.com\/web\/ahora-veras-su-justicia-tangible\/#primaryimage\"},\"image\":{\"@id\":\"https:\/\/tabernaculoprensadedios.com\/web\/ahora-veras-su-justicia-tangible\/#primaryimage\"},\"thumbnailUrl\":\"https:\/\/tabernaculoprensadedios.com\/web\/wp-content\/uploads\/2019\/06\/tamagible.jpg\",\"datePublished\":\"2019-06-20T02:54:31+00:00\",\"breadcrumb\":{\"@id\":\"https:\/\/tabernaculoprensadedios.com\/web\/ahora-veras-su-justicia-tangible\/#breadcrumb\"},\"inLanguage\":\"es\",\"potentialAction\":[{\"@type\":\"ReadAction\",\"target\":[\"https:\/\/tabernaculoprensadedios.com\/web\/ahora-veras-su-justicia-tangible\/\"]}]},{\"@type\":\"ImageObject\",\"inLanguage\":\"es\",\"@id\":\"https:\/\/tabernaculoprensadedios.com\/web\/ahora-veras-su-justicia-tangible\/#primaryimage\",\"url\":\"https:\/\/tabernaculoprensadedios.com\/web\/wp-content\/uploads\/2019\/06\/tamagible.jpg\",\"contentUrl\":\"https:\/\/tabernaculoprensadedios.com\/web\/wp-content\/uploads\/2019\/06\/tamagible.jpg\",\"width\":960,\"height\":640},{\"@type\":\"BreadcrumbList\",\"@id\":\"https:\/\/tabernaculoprensadedios.com\/web\/ahora-veras-su-justicia-tangible\/#breadcrumb\",\"itemListElement\":[{\"@type\":\"ListItem\",\"position\":1,\"name\":\"Portada\",\"item\":\"https:\/\/tabernaculoprensadedios.com\/web\/\"},{\"@type\":\"ListItem\",\"position\":2,\"name\":\"Ahora veras su justicia tangible\"}]},{\"@type\":\"WebSite\",\"@id\":\"https:\/\/tabernaculoprensadedios.com\/web\/#website\",\"url\":\"https:\/\/tabernaculoprensadedios.com\/web\/\",\"name\":\"Tabernaculo Prensa de Dios\",\"description\":\"Un medio a la manera de Dios\",\"publisher\":{\"@id\":\"https:\/\/tabernaculoprensadedios.com\/web\/#\/schema\/person\/bc0e069fef56b38e177db6f098ae0b6e\"},\"potentialAction\":[{\"@type\":\"SearchAction\",\"target\":{\"@type\":\"EntryPoint\",\"urlTemplate\":\"https:\/\/tabernaculoprensadedios.com\/web\/?s={search_term_string}\"},\"query-input\":{\"@type\":\"PropertyValueSpecification\",\"valueRequired\":true,\"valueName\":\"search_term_string\"}}],\"inLanguage\":\"es\"},{\"@type\":[\"Person\",\"Organization\"],\"@id\":\"https:\/\/tabernaculoprensadedios.com\/web\/#\/schema\/person\/bc0e069fef56b38e177db6f098ae0b6e\",\"name\":\"tabernaculo\",\"image\":{\"@type\":\"ImageObject\",\"inLanguage\":\"es\",\"@id\":\"https:\/\/tabernaculoprensadedios.com\/web\/#\/schema\/person\/image\/\",\"url\":\"https:\/\/tabernaculoprensadedios.com\/web\/wp-content\/uploads\/2015\/06\/login-logo1.png\",\"contentUrl\":\"https:\/\/tabernaculoprensadedios.com\/web\/wp-content\/uploads\/2015\/06\/login-logo1.png\",\"width\":300,\"height\":118,\"caption\":\"tabernaculo\"},\"logo\":{\"@id\":\"https:\/\/tabernaculoprensadedios.com\/web\/#\/schema\/person\/image\/\"},\"url\":\"https:\/\/tabernaculoprensadedios.com\/web\/author\/tabernaculo\/\"}]}<\/script>\n<!-- \/ Yoast SEO Premium plugin. -->","yoast_head_json":{"title":"Ahora veras su justicia tangible - Tabernaculo Prensa de Dios","robots":{"index":"index","follow":"follow","max-snippet":"max-snippet:-1","max-image-preview":"max-image-preview:large","max-video-preview":"max-video-preview:-1"},"canonical":"https:\/\/tabernaculoprensadedios.com\/web\/ahora-veras-su-justicia-tangible\/","og_locale":"es_ES","og_type":"article","og_title":"Ahora veras su justicia tangible","og_description":"En vez de su verg\u00fcenza, mi pueblo recibir\u00e1 doble porci\u00f3n; en vez de deshonra, se regocijar\u00e1 en su herencia y as\u00ed en su tierra recibir\u00e1 doble herencia, y su alegr\u00eda ser\u00e1 eterna. \u00a0Yo, el Se\u00f1or, amo la justicia, pero odio el robo y la iniquidad. En mi fidelidad los recompensar\u00e9 y har\u00e9 con ellos un &hellip;","og_url":"https:\/\/tabernaculoprensadedios.com\/web\/ahora-veras-su-justicia-tangible\/","og_site_name":"Tabernaculo Prensa de Dios","article_published_time":"2019-06-20T02:54:31+00:00","og_image":[{"width":960,"height":640,"url":"https:\/\/tabernaculoprensadedios.com\/web\/wp-content\/uploads\/2019\/06\/tamagible.jpg","type":"image\/jpeg"}],"author":"tabernaculo","twitter_card":"summary_large_image","twitter_creator":"@PrensadeDios","twitter_site":"@PrensadeDios","twitter_misc":{"Escrito por":"tabernaculo","Tiempo de lectura":"4 minutos"},"schema":{"@context":"https:\/\/schema.org","@graph":[{"@type":"Article","@id":"https:\/\/tabernaculoprensadedios.com\/web\/ahora-veras-su-justicia-tangible\/#article","isPartOf":{"@id":"https:\/\/tabernaculoprensadedios.com\/web\/ahora-veras-su-justicia-tangible\/"},"author":{"name":"tabernaculo","@id":"https:\/\/tabernaculoprensadedios.com\/web\/#\/schema\/person\/bc0e069fef56b38e177db6f098ae0b6e"},"headline":"Ahora veras su justicia tangible","datePublished":"2019-06-20T02:54:31+00:00","mainEntityOfPage":{"@id":"https:\/\/tabernaculoprensadedios.com\/web\/ahora-veras-su-justicia-tangible\/"},"wordCount":830,"commentCount":0,"publisher":{"@id":"https:\/\/tabernaculoprensadedios.com\/web\/#\/schema\/person\/bc0e069fef56b38e177db6f098ae0b6e"},"image":{"@id":"https:\/\/tabernaculoprensadedios.com\/web\/ahora-veras-su-justicia-tangible\/#primaryimage"},"thumbnailUrl":"https:\/\/tabernaculoprensadedios.com\/web\/wp-content\/uploads\/2019\/06\/tamagible.jpg","articleSection":["Principal"],"inLanguage":"es","potentialAction":[{"@type":"CommentAction","name":"Comment","target":["https:\/\/tabernaculoprensadedios.com\/web\/ahora-veras-su-justicia-tangible\/#respond"]}]},{"@type":"WebPage","@id":"https:\/\/tabernaculoprensadedios.com\/web\/ahora-veras-su-justicia-tangible\/","url":"https:\/\/tabernaculoprensadedios.com\/web\/ahora-veras-su-justicia-tangible\/","name":"Ahora veras su justicia tangible - Tabernaculo Prensa de Dios","isPartOf":{"@id":"https:\/\/tabernaculoprensadedios.com\/web\/#website"},"primaryImageOfPage":{"@id":"https:\/\/tabernaculoprensadedios.com\/web\/ahora-veras-su-justicia-tangible\/#primaryimage"},"image":{"@id":"https:\/\/tabernaculoprensadedios.com\/web\/ahora-veras-su-justicia-tangible\/#primaryimage"},"thumbnailUrl":"https:\/\/tabernaculoprensadedios.com\/web\/wp-content\/uploads\/2019\/06\/tamagible.jpg","datePublished":"2019-06-20T02:54:31+00:00","breadcrumb":{"@id":"https:\/\/tabernaculoprensadedios.com\/web\/ahora-veras-su-justicia-tangible\/#breadcrumb"},"inLanguage":"es","potentialAction":[{"@type":"ReadAction","target":["https:\/\/tabernaculoprensadedios.com\/web\/ahora-veras-su-justicia-tangible\/"]}]},{"@type":"ImageObject","inLanguage":"es","@id":"https:\/\/tabernaculoprensadedios.com\/web\/ahora-veras-su-justicia-tangible\/#primaryimage","url":"https:\/\/tabernaculoprensadedios.com\/web\/wp-content\/uploads\/2019\/06\/tamagible.jpg","contentUrl":"https:\/\/tabernaculoprensadedios.com\/web\/wp-content\/uploads\/2019\/06\/tamagible.jpg","width":960,"height":640},{"@type":"BreadcrumbList","@id":"https:\/\/tabernaculoprensadedios.com\/web\/ahora-veras-su-justicia-tangible\/#breadcrumb","itemListElement":[{"@type":"ListItem","position":1,"name":"Portada","item":"https:\/\/tabernaculoprensadedios.com\/web\/"},{"@type":"ListItem","position":2,"name":"Ahora veras su justicia tangible"}]},{"@type":"WebSite","@id":"https:\/\/tabernaculoprensadedios.com\/web\/#website","url":"https:\/\/tabernaculoprensadedios.com\/web\/","name":"Tabernaculo Prensa de Dios","description":"Un medio a la manera de Dios","publisher":{"@id":"https:\/\/tabernaculoprensadedios.com\/web\/#\/schema\/person\/bc0e069fef56b38e177db6f098ae0b6e"},"potentialAction":[{"@type":"SearchAction","target":{"@type":"EntryPoint","urlTemplate":"https:\/\/tabernaculoprensadedios.com\/web\/?s={search_term_string}"},"query-input":{"@type":"PropertyValueSpecification","valueRequired":true,"valueName":"search_term_string"}}],"inLanguage":"es"},{"@type":["Person","Organization"],"@id":"https:\/\/tabernaculoprensadedios.com\/web\/#\/schema\/person\/bc0e069fef56b38e177db6f098ae0b6e","name":"tabernaculo","image":{"@type":"ImageObject","inLanguage":"es","@id":"https:\/\/tabernaculoprensadedios.com\/web\/#\/schema\/person\/image\/","url":"https:\/\/tabernaculoprensadedios.com\/web\/wp-content\/uploads\/2015\/06\/login-logo1.png","contentUrl":"https:\/\/tabernaculoprensadedios.com\/web\/wp-content\/uploads\/2015\/06\/login-logo1.png","width":300,"height":118,"caption":"tabernaculo"},"logo":{"@id":"https:\/\/tabernaculoprensadedios.com\/web\/#\/schema\/person\/image\/"},"url":"https:\/\/tabernaculoprensadedios.com\/web\/author\/tabernaculo\/"}]}},"_links":{"self":[{"href":"https:\/\/tabernaculoprensadedios.com\/web\/wp-json\/wp\/v2\/posts\/13897","targetHints":{"allow":["GET"]}}],"collection":[{"href":"https:\/\/tabernaculoprensadedios.com\/web\/wp-json\/wp\/v2\/posts"}],"about":[{"href":"https:\/\/tabernaculoprensadedios.com\/web\/wp-json\/wp\/v2\/types\/post"}],"author":[{"embeddable":true,"href":"https:\/\/tabernaculoprensadedios.com\/web\/wp-json\/wp\/v2\/users\/1"}],"replies":[{"embeddable":true,"href":"https:\/\/tabernaculoprensadedios.com\/web\/wp-json\/wp\/v2\/comments?post=13897"}],"version-history":[{"count":1,"href":"https:\/\/tabernaculoprensadedios.com\/web\/wp-json\/wp\/v2\/posts\/13897\/revisions"}],"predecessor-version":[{"id":13899,"href":"https:\/\/tabernaculoprensadedios.com\/web\/wp-json\/wp\/v2\/posts\/13897\/revisions\/13899"}],"wp:featuredmedia":[{"embeddable":true,"href":"https:\/\/tabernaculoprensadedios.com\/web\/wp-json\/wp\/v2\/media\/13898"}],"wp:attachment":[{"href":"https:\/\/tabernaculoprensadedios.com\/web\/wp-json\/wp\/v2\/media?parent=13897"}],"wp:term":[{"taxonomy":"category","embeddable":true,"href":"https:\/\/tabernaculoprensadedios.com\/web\/wp-json\/wp\/v2\/categories?post=13897"},{"taxonomy":"post_tag","embeddable":true,"href":"https:\/\/tabernaculoprensadedios.com\/web\/wp-json\/wp\/v2\/tags?post=13897"}],"curies":[{"name":"wp","href":"https:\/\/api.w.org\/{rel}","templated":true}]}}