{"id":13894,"date":"2019-06-19T03:14:55","date_gmt":"2019-06-19T03:14:55","guid":{"rendered":"http:\/\/tabernaculoprensadedios.com\/web\/?p=13894"},"modified":"2019-06-22T17:14:02","modified_gmt":"2019-06-22T17:14:02","slug":"sueno-vision-o-pesadilla-2","status":"publish","type":"post","link":"https:\/\/tabernaculoprensadedios.com\/web\/sueno-vision-o-pesadilla-2\/","title":{"rendered":"Sue\u00f1o, visi\u00f3n o pesadilla"},"content":{"rendered":"<p>Nuestro Dios es maravilloso, se comunica con nosotros a trav\u00e9s de su Palabra, La Biblia, por el Esp\u00edritu Santo, revelaci\u00f3n, sue\u00f1o y visi\u00f3n. Como ejemplo traigo esto a colaci\u00f3n, porque no pod\u00eda creer ni calificar lo que yo ve\u00eda en un sue\u00f1o o visi\u00f3n que tuve recientemente, y por favor quiero que todos lo compartamos.<\/p>\n<p>Estaba en mi cama dormitando en una de estas madrugadas, cuando de pronto Dios puso en mi mente algo que no s\u00e9 c\u00f3mo calificarlo, si de sue\u00f1o, visi\u00f3n o pesadilla, pero fue algo que me estremeci\u00f3 de pie a cabeza lo que se me mostraba. Fue como si me pasaran una pel\u00edcula frente a mis ojos.<\/p>\n<p>Ve\u00eda, que por la zona fronteriza entraban de manera descontroladas oleadas de haitianos por Dajab\u00f3n, El\u00edas Pi\u00f1a y Pedernales, armados de palos, machetes y algunos con armas de fuego . Los soldados dominicanos que est\u00e1n en la frontera, trataron de detener esa avalancha, pero no pudieron y se produjo una debacle con p\u00e9rdidas de vidas de ambos lados.<\/p>\n<p>Ve\u00eda, que tras de ese desastre, fueron movilizados los distintos cuerpos de las Fuerzas Armadas del pa\u00eds por tierra, aire y mar, originando una carnicer\u00eda, lo que trajo como consecuencia la intervenci\u00f3n de fuerzas de la ONU, integradas por soldados distintas nacionalidades con el fin de de apaciguar este sangriento conflicto y establecer el orden y la paz.<\/p>\n<p>Tambi\u00e9n me estremec\u00ed, cuando vi que se levantaron, en contra de los dominicanos, los haitianos, tanto ilegales como residentes, en distintos puntos del pa\u00eds, con la consigna de tierra arrasada, poniendo de manifiesto su gen\u00e9tica de salvajismo heredada de sus ancestros africanos, destruyendo todo lo que encontraban a su paso.<\/p>\n<p>En mi sue\u00f1o, vi que la poderosa fuerza interventora neutraliz\u00f3 al Poder Ejecutivo, a nuestras Fuerzas Armadas y ocuparon sus m\u00e1s importantes cuarteles, quedando nuestro pa\u00eds intervenido, lo que implic\u00f3 la p\u00e9rdida de nuestra soberan\u00eda, cumpli\u00e9ndose as\u00ed el acariciado sue\u00f1o de esas naciones y de algunos dominicanos antipatriotas, agrupados en ONGs, de unificar la Rep\u00fablica Dominicana con Hait\u00ed.<\/p>\n<p>Adem\u00e1s, de acuerdo a mi sue\u00f1o, el comando de la ONU dirig\u00eda sus operaciones desde la capital haitiana, Puerto Pr\u00edncipe, y una de sus medidas fue quitarle toda la autoridad al Gobierno dominicano y disolver las instituciones, incluyendo las Fuerzas Armadas, los cuerpos legislativos, la Polic\u00eda Nacional, y el Poder Judicial, entre otros.<\/p>\n<p>Todas las empresas productivas fueron intervenidas, as\u00ed como las fincas de los hacendados, los complejos hoteleros, dando lugar a la desaparici\u00f3n del turismo. Las libertades p\u00fablicas, incluyendo la de expresi\u00f3n, desaparecieron de la noche a la ma\u00f1ana.<\/p>\n<p>Tambi\u00e9n vi en mi sue\u00f1o que en las escuelas y en universidades los maestros y catedr\u00e1ticos fueron sustituidos por haitianos y los estudiantes obligados a aprender el creole, que es el idioma del pa\u00eds vecino.<\/p>\n<p>Con pena ve\u00eda, en mi sue\u00f1o, que los millonarios y ricos de este pa\u00eds, en lugar de defendernos, lo que hicieron fue huir, dejando todos sus bienes a merced de los ocupantes.<\/p>\n<p>Mientras que los locales de las iglesias cristianas, incluyendo las cat\u00f3licas y evang\u00e9licas, fueron utilizados como centros para difundir el vud\u00fa y el satanismo, que son las principales religiones de los haitianos, que cuentan con la simpat\u00eda y el apoyo de sus autoridades. Se inici\u00f3, lo nunca visto en la historia del pa\u00eds, la persecuci\u00f3n a los cristianos, seg\u00fan vi en mi sue\u00f1o.<\/p>\n<p>Pude observar en mi sue\u00f1o, la gran tristeza del pueblo dominicano por la dictadura que hab\u00eda implantado la ONU y sus allegados, en perjuicio de nuestra naci\u00f3n, que desde ese momento perdi\u00f3 todas sus libertades, incluyendo la religiosa.<\/p>\n<p>Ve\u00eda adem\u00e1s, como todo tipo de rebeld\u00eda, de parte del pueblo dominicano, era severamente reprimida hasta con la muerte, y que esta generaci\u00f3n pudo experimentar una tiran\u00eda m\u00e1s sangrienta y peor que la que vivi\u00f3, en el pasado siglo, nuestro pa\u00eds durante los 31 a\u00f1os de la dictadura de Rafael Trujillo.<\/p>\n<p>En mi sue\u00f1o, me cuestionaba, por qu\u00e9 ocurri\u00f3 eso, y o\u00eda, en lo m\u00e1s profundo de mi coraz\u00f3n una voz que me dec\u00eda, este es el castigo a un pueblo y a una sociedad, que durante muchos a\u00f1os se ha apartado de Dios, rechazando el Evangelio de Salvaci\u00f3n y vida eterna, que ha pasado por alto el sacrificio de mi Hijo, Jesucristo en la cruz del calvario, d\u00e1ndole m\u00e1s importancia a lo material, viviendo con una corrupci\u00f3n incre\u00edble, cr\u00edmenes, enga\u00f1os, estafas e inmoralidad a todos los niveles.<\/p>\n<p>Cuando me despert\u00e9 y me levant\u00e9 sobresaltado de mi lecho, me preguntaba y que fue lo que tuve, un sue\u00f1o, una visi\u00f3n o una pesadilla. Pero pens\u00e9, y di las gracias a Dios, por lo que consider\u00e9 una advertencia a nuestra naci\u00f3n, y me atrevo, ahora mismo, hacer un llamado para que todo el pueblo, incluyendo el cristiano, busque, obedezca a Dios y ore con fe , para que nada de eso se convierta en una penosa, lamentable y tr\u00e1gica realidad.<br \/>\nDoy gracias a Dios que fue solo un sue\u00f1o y que por su inmensa misericordia no permita que en nuestro pa\u00eds ocurra algo as\u00ed.<\/p>\n","protected":false},"excerpt":{"rendered":"<p>Nuestro Dios es maravilloso, se comunica con nosotros a trav\u00e9s de su Palabra, La Biblia, por el Esp\u00edritu Santo, revelaci\u00f3n, sue\u00f1o y visi\u00f3n. Como ejemplo traigo esto a colaci\u00f3n, porque no pod\u00eda creer ni calificar lo que yo ve\u00eda en un sue\u00f1o o visi\u00f3n que tuve recientemente, y por favor quiero que todos lo compartamos. &hellip;<\/p>\n","protected":false},"author":1,"featured_media":13895,"comment_status":"open","ping_status":"open","sticky":false,"template":"","format":"standard","meta":{"footnotes":""},"categories":[11],"tags":[],"class_list":["post-13894","post","type-post","status-publish","format-standard","has-post-thumbnail","hentry","category-testimonios"],"yoast_head":"<!-- This site is optimized with the Yoast SEO Premium plugin v24.2 (Yoast SEO v27.1.1) - https:\/\/yoast.com\/product\/yoast-seo-premium-wordpress\/ -->\n<title>Sue\u00f1o, visi\u00f3n o pesadilla - Tabernaculo Prensa de Dios<\/title>\n<meta name=\"robots\" content=\"index, follow, max-snippet:-1, max-image-preview:large, max-video-preview:-1\" \/>\n<link rel=\"canonical\" href=\"https:\/\/tabernaculoprensadedios.com\/web\/sueno-vision-o-pesadilla-2\/\" class=\"yoast-seo-meta-tag\" \/>\n<meta property=\"og:locale\" content=\"es_ES\" class=\"yoast-seo-meta-tag\" \/>\n<meta property=\"og:type\" content=\"article\" class=\"yoast-seo-meta-tag\" \/>\n<meta property=\"og:title\" content=\"Sue\u00f1o, visi\u00f3n o pesadilla\" class=\"yoast-seo-meta-tag\" \/>\n<meta property=\"og:description\" content=\"Nuestro Dios es maravilloso, se comunica con nosotros a trav\u00e9s de su Palabra, La Biblia, por el Esp\u00edritu Santo, revelaci\u00f3n, sue\u00f1o y visi\u00f3n. Como ejemplo traigo esto a colaci\u00f3n, porque no pod\u00eda creer ni calificar lo que yo ve\u00eda en un sue\u00f1o o visi\u00f3n que tuve recientemente, y por favor quiero que todos lo compartamos. &hellip;\" class=\"yoast-seo-meta-tag\" \/>\n<meta property=\"og:url\" content=\"https:\/\/tabernaculoprensadedios.com\/web\/sueno-vision-o-pesadilla-2\/\" class=\"yoast-seo-meta-tag\" \/>\n<meta property=\"og:site_name\" content=\"Tabernaculo Prensa de Dios\" class=\"yoast-seo-meta-tag\" \/>\n<meta property=\"article:published_time\" content=\"2019-06-19T03:14:55+00:00\" class=\"yoast-seo-meta-tag\" \/>\n<meta property=\"article:modified_time\" content=\"2019-06-22T17:14:02+00:00\" class=\"yoast-seo-meta-tag\" \/>\n<meta property=\"og:image\" content=\"https:\/\/tabernaculoprensadedios.com\/web\/wp-content\/uploads\/2019\/06\/02.jpg\" class=\"yoast-seo-meta-tag\" \/>\n\t<meta property=\"og:image:width\" content=\"800\" class=\"yoast-seo-meta-tag\" \/>\n\t<meta property=\"og:image:height\" content=\"532\" class=\"yoast-seo-meta-tag\" \/>\n\t<meta property=\"og:image:type\" content=\"image\/jpeg\" class=\"yoast-seo-meta-tag\" \/>\n<meta name=\"author\" content=\"tabernaculo\" class=\"yoast-seo-meta-tag\" \/>\n<meta name=\"twitter:card\" content=\"summary_large_image\" class=\"yoast-seo-meta-tag\" \/>\n<meta name=\"twitter:creator\" content=\"@PrensadeDios\" class=\"yoast-seo-meta-tag\" \/>\n<meta name=\"twitter:site\" content=\"@PrensadeDios\" class=\"yoast-seo-meta-tag\" \/>\n<meta name=\"twitter:label1\" content=\"Escrito por\" class=\"yoast-seo-meta-tag\" \/>\n\t<meta name=\"twitter:data1\" content=\"tabernaculo\" class=\"yoast-seo-meta-tag\" \/>\n\t<meta name=\"twitter:label2\" content=\"Tiempo de lectura\" class=\"yoast-seo-meta-tag\" \/>\n\t<meta name=\"twitter:data2\" content=\"5 minutos\" class=\"yoast-seo-meta-tag\" \/>\n<script type=\"application\/ld+json\" class=\"yoast-schema-graph\">{\"@context\":\"https:\/\/schema.org\",\"@graph\":[{\"@type\":\"Article\",\"@id\":\"https:\/\/tabernaculoprensadedios.com\/web\/sueno-vision-o-pesadilla-2\/#article\",\"isPartOf\":{\"@id\":\"https:\/\/tabernaculoprensadedios.com\/web\/sueno-vision-o-pesadilla-2\/\"},\"author\":{\"name\":\"tabernaculo\",\"@id\":\"https:\/\/tabernaculoprensadedios.com\/web\/#\/schema\/person\/bc0e069fef56b38e177db6f098ae0b6e\"},\"headline\":\"Sue\u00f1o, visi\u00f3n o pesadilla\",\"datePublished\":\"2019-06-19T03:14:55+00:00\",\"dateModified\":\"2019-06-22T17:14:02+00:00\",\"mainEntityOfPage\":{\"@id\":\"https:\/\/tabernaculoprensadedios.com\/web\/sueno-vision-o-pesadilla-2\/\"},\"wordCount\":927,\"commentCount\":0,\"publisher\":{\"@id\":\"https:\/\/tabernaculoprensadedios.com\/web\/#\/schema\/person\/bc0e069fef56b38e177db6f098ae0b6e\"},\"image\":{\"@id\":\"https:\/\/tabernaculoprensadedios.com\/web\/sueno-vision-o-pesadilla-2\/#primaryimage\"},\"thumbnailUrl\":\"https:\/\/tabernaculoprensadedios.com\/web\/wp-content\/uploads\/2019\/06\/02.jpg\",\"articleSection\":[\"Testimonios\"],\"inLanguage\":\"es\",\"potentialAction\":[{\"@type\":\"CommentAction\",\"name\":\"Comment\",\"target\":[\"https:\/\/tabernaculoprensadedios.com\/web\/sueno-vision-o-pesadilla-2\/#respond\"]}]},{\"@type\":\"WebPage\",\"@id\":\"https:\/\/tabernaculoprensadedios.com\/web\/sueno-vision-o-pesadilla-2\/\",\"url\":\"https:\/\/tabernaculoprensadedios.com\/web\/sueno-vision-o-pesadilla-2\/\",\"name\":\"Sue\u00f1o, visi\u00f3n o pesadilla - Tabernaculo Prensa de Dios\",\"isPartOf\":{\"@id\":\"https:\/\/tabernaculoprensadedios.com\/web\/#website\"},\"primaryImageOfPage\":{\"@id\":\"https:\/\/tabernaculoprensadedios.com\/web\/sueno-vision-o-pesadilla-2\/#primaryimage\"},\"image\":{\"@id\":\"https:\/\/tabernaculoprensadedios.com\/web\/sueno-vision-o-pesadilla-2\/#primaryimage\"},\"thumbnailUrl\":\"https:\/\/tabernaculoprensadedios.com\/web\/wp-content\/uploads\/2019\/06\/02.jpg\",\"datePublished\":\"2019-06-19T03:14:55+00:00\",\"dateModified\":\"2019-06-22T17:14:02+00:00\",\"breadcrumb\":{\"@id\":\"https:\/\/tabernaculoprensadedios.com\/web\/sueno-vision-o-pesadilla-2\/#breadcrumb\"},\"inLanguage\":\"es\",\"potentialAction\":[{\"@type\":\"ReadAction\",\"target\":[\"https:\/\/tabernaculoprensadedios.com\/web\/sueno-vision-o-pesadilla-2\/\"]}]},{\"@type\":\"ImageObject\",\"inLanguage\":\"es\",\"@id\":\"https:\/\/tabernaculoprensadedios.com\/web\/sueno-vision-o-pesadilla-2\/#primaryimage\",\"url\":\"https:\/\/tabernaculoprensadedios.com\/web\/wp-content\/uploads\/2019\/06\/02.jpg\",\"contentUrl\":\"https:\/\/tabernaculoprensadedios.com\/web\/wp-content\/uploads\/2019\/06\/02.jpg\",\"width\":800,\"height\":532},{\"@type\":\"BreadcrumbList\",\"@id\":\"https:\/\/tabernaculoprensadedios.com\/web\/sueno-vision-o-pesadilla-2\/#breadcrumb\",\"itemListElement\":[{\"@type\":\"ListItem\",\"position\":1,\"name\":\"Portada\",\"item\":\"https:\/\/tabernaculoprensadedios.com\/web\/\"},{\"@type\":\"ListItem\",\"position\":2,\"name\":\"Sue\u00f1o, visi\u00f3n o pesadilla\"}]},{\"@type\":\"WebSite\",\"@id\":\"https:\/\/tabernaculoprensadedios.com\/web\/#website\",\"url\":\"https:\/\/tabernaculoprensadedios.com\/web\/\",\"name\":\"Tabernaculo Prensa de Dios\",\"description\":\"Un medio a la manera de Dios\",\"publisher\":{\"@id\":\"https:\/\/tabernaculoprensadedios.com\/web\/#\/schema\/person\/bc0e069fef56b38e177db6f098ae0b6e\"},\"potentialAction\":[{\"@type\":\"SearchAction\",\"target\":{\"@type\":\"EntryPoint\",\"urlTemplate\":\"https:\/\/tabernaculoprensadedios.com\/web\/?s={search_term_string}\"},\"query-input\":{\"@type\":\"PropertyValueSpecification\",\"valueRequired\":true,\"valueName\":\"search_term_string\"}}],\"inLanguage\":\"es\"},{\"@type\":[\"Person\",\"Organization\"],\"@id\":\"https:\/\/tabernaculoprensadedios.com\/web\/#\/schema\/person\/bc0e069fef56b38e177db6f098ae0b6e\",\"name\":\"tabernaculo\",\"image\":{\"@type\":\"ImageObject\",\"inLanguage\":\"es\",\"@id\":\"https:\/\/tabernaculoprensadedios.com\/web\/#\/schema\/person\/image\/\",\"url\":\"https:\/\/tabernaculoprensadedios.com\/web\/wp-content\/uploads\/2015\/06\/login-logo1.png\",\"contentUrl\":\"https:\/\/tabernaculoprensadedios.com\/web\/wp-content\/uploads\/2015\/06\/login-logo1.png\",\"width\":300,\"height\":118,\"caption\":\"tabernaculo\"},\"logo\":{\"@id\":\"https:\/\/tabernaculoprensadedios.com\/web\/#\/schema\/person\/image\/\"},\"url\":\"https:\/\/tabernaculoprensadedios.com\/web\/author\/tabernaculo\/\"}]}<\/script>\n<!-- \/ Yoast SEO Premium plugin. -->","yoast_head_json":{"title":"Sue\u00f1o, visi\u00f3n o pesadilla - Tabernaculo Prensa de Dios","robots":{"index":"index","follow":"follow","max-snippet":"max-snippet:-1","max-image-preview":"max-image-preview:large","max-video-preview":"max-video-preview:-1"},"canonical":"https:\/\/tabernaculoprensadedios.com\/web\/sueno-vision-o-pesadilla-2\/","og_locale":"es_ES","og_type":"article","og_title":"Sue\u00f1o, visi\u00f3n o pesadilla","og_description":"Nuestro Dios es maravilloso, se comunica con nosotros a trav\u00e9s de su Palabra, La Biblia, por el Esp\u00edritu Santo, revelaci\u00f3n, sue\u00f1o y visi\u00f3n. Como ejemplo traigo esto a colaci\u00f3n, porque no pod\u00eda creer ni calificar lo que yo ve\u00eda en un sue\u00f1o o visi\u00f3n que tuve recientemente, y por favor quiero que todos lo compartamos. &hellip;","og_url":"https:\/\/tabernaculoprensadedios.com\/web\/sueno-vision-o-pesadilla-2\/","og_site_name":"Tabernaculo Prensa de Dios","article_published_time":"2019-06-19T03:14:55+00:00","article_modified_time":"2019-06-22T17:14:02+00:00","og_image":[{"width":800,"height":532,"url":"https:\/\/tabernaculoprensadedios.com\/web\/wp-content\/uploads\/2019\/06\/02.jpg","type":"image\/jpeg"}],"author":"tabernaculo","twitter_card":"summary_large_image","twitter_creator":"@PrensadeDios","twitter_site":"@PrensadeDios","twitter_misc":{"Escrito por":"tabernaculo","Tiempo de lectura":"5 minutos"},"schema":{"@context":"https:\/\/schema.org","@graph":[{"@type":"Article","@id":"https:\/\/tabernaculoprensadedios.com\/web\/sueno-vision-o-pesadilla-2\/#article","isPartOf":{"@id":"https:\/\/tabernaculoprensadedios.com\/web\/sueno-vision-o-pesadilla-2\/"},"author":{"name":"tabernaculo","@id":"https:\/\/tabernaculoprensadedios.com\/web\/#\/schema\/person\/bc0e069fef56b38e177db6f098ae0b6e"},"headline":"Sue\u00f1o, visi\u00f3n o pesadilla","datePublished":"2019-06-19T03:14:55+00:00","dateModified":"2019-06-22T17:14:02+00:00","mainEntityOfPage":{"@id":"https:\/\/tabernaculoprensadedios.com\/web\/sueno-vision-o-pesadilla-2\/"},"wordCount":927,"commentCount":0,"publisher":{"@id":"https:\/\/tabernaculoprensadedios.com\/web\/#\/schema\/person\/bc0e069fef56b38e177db6f098ae0b6e"},"image":{"@id":"https:\/\/tabernaculoprensadedios.com\/web\/sueno-vision-o-pesadilla-2\/#primaryimage"},"thumbnailUrl":"https:\/\/tabernaculoprensadedios.com\/web\/wp-content\/uploads\/2019\/06\/02.jpg","articleSection":["Testimonios"],"inLanguage":"es","potentialAction":[{"@type":"CommentAction","name":"Comment","target":["https:\/\/tabernaculoprensadedios.com\/web\/sueno-vision-o-pesadilla-2\/#respond"]}]},{"@type":"WebPage","@id":"https:\/\/tabernaculoprensadedios.com\/web\/sueno-vision-o-pesadilla-2\/","url":"https:\/\/tabernaculoprensadedios.com\/web\/sueno-vision-o-pesadilla-2\/","name":"Sue\u00f1o, visi\u00f3n o pesadilla - Tabernaculo Prensa de Dios","isPartOf":{"@id":"https:\/\/tabernaculoprensadedios.com\/web\/#website"},"primaryImageOfPage":{"@id":"https:\/\/tabernaculoprensadedios.com\/web\/sueno-vision-o-pesadilla-2\/#primaryimage"},"image":{"@id":"https:\/\/tabernaculoprensadedios.com\/web\/sueno-vision-o-pesadilla-2\/#primaryimage"},"thumbnailUrl":"https:\/\/tabernaculoprensadedios.com\/web\/wp-content\/uploads\/2019\/06\/02.jpg","datePublished":"2019-06-19T03:14:55+00:00","dateModified":"2019-06-22T17:14:02+00:00","breadcrumb":{"@id":"https:\/\/tabernaculoprensadedios.com\/web\/sueno-vision-o-pesadilla-2\/#breadcrumb"},"inLanguage":"es","potentialAction":[{"@type":"ReadAction","target":["https:\/\/tabernaculoprensadedios.com\/web\/sueno-vision-o-pesadilla-2\/"]}]},{"@type":"ImageObject","inLanguage":"es","@id":"https:\/\/tabernaculoprensadedios.com\/web\/sueno-vision-o-pesadilla-2\/#primaryimage","url":"https:\/\/tabernaculoprensadedios.com\/web\/wp-content\/uploads\/2019\/06\/02.jpg","contentUrl":"https:\/\/tabernaculoprensadedios.com\/web\/wp-content\/uploads\/2019\/06\/02.jpg","width":800,"height":532},{"@type":"BreadcrumbList","@id":"https:\/\/tabernaculoprensadedios.com\/web\/sueno-vision-o-pesadilla-2\/#breadcrumb","itemListElement":[{"@type":"ListItem","position":1,"name":"Portada","item":"https:\/\/tabernaculoprensadedios.com\/web\/"},{"@type":"ListItem","position":2,"name":"Sue\u00f1o, visi\u00f3n o pesadilla"}]},{"@type":"WebSite","@id":"https:\/\/tabernaculoprensadedios.com\/web\/#website","url":"https:\/\/tabernaculoprensadedios.com\/web\/","name":"Tabernaculo Prensa de Dios","description":"Un medio a la manera de Dios","publisher":{"@id":"https:\/\/tabernaculoprensadedios.com\/web\/#\/schema\/person\/bc0e069fef56b38e177db6f098ae0b6e"},"potentialAction":[{"@type":"SearchAction","target":{"@type":"EntryPoint","urlTemplate":"https:\/\/tabernaculoprensadedios.com\/web\/?s={search_term_string}"},"query-input":{"@type":"PropertyValueSpecification","valueRequired":true,"valueName":"search_term_string"}}],"inLanguage":"es"},{"@type":["Person","Organization"],"@id":"https:\/\/tabernaculoprensadedios.com\/web\/#\/schema\/person\/bc0e069fef56b38e177db6f098ae0b6e","name":"tabernaculo","image":{"@type":"ImageObject","inLanguage":"es","@id":"https:\/\/tabernaculoprensadedios.com\/web\/#\/schema\/person\/image\/","url":"https:\/\/tabernaculoprensadedios.com\/web\/wp-content\/uploads\/2015\/06\/login-logo1.png","contentUrl":"https:\/\/tabernaculoprensadedios.com\/web\/wp-content\/uploads\/2015\/06\/login-logo1.png","width":300,"height":118,"caption":"tabernaculo"},"logo":{"@id":"https:\/\/tabernaculoprensadedios.com\/web\/#\/schema\/person\/image\/"},"url":"https:\/\/tabernaculoprensadedios.com\/web\/author\/tabernaculo\/"}]}},"_links":{"self":[{"href":"https:\/\/tabernaculoprensadedios.com\/web\/wp-json\/wp\/v2\/posts\/13894","targetHints":{"allow":["GET"]}}],"collection":[{"href":"https:\/\/tabernaculoprensadedios.com\/web\/wp-json\/wp\/v2\/posts"}],"about":[{"href":"https:\/\/tabernaculoprensadedios.com\/web\/wp-json\/wp\/v2\/types\/post"}],"author":[{"embeddable":true,"href":"https:\/\/tabernaculoprensadedios.com\/web\/wp-json\/wp\/v2\/users\/1"}],"replies":[{"embeddable":true,"href":"https:\/\/tabernaculoprensadedios.com\/web\/wp-json\/wp\/v2\/comments?post=13894"}],"version-history":[{"count":1,"href":"https:\/\/tabernaculoprensadedios.com\/web\/wp-json\/wp\/v2\/posts\/13894\/revisions"}],"predecessor-version":[{"id":13896,"href":"https:\/\/tabernaculoprensadedios.com\/web\/wp-json\/wp\/v2\/posts\/13894\/revisions\/13896"}],"wp:featuredmedia":[{"embeddable":true,"href":"https:\/\/tabernaculoprensadedios.com\/web\/wp-json\/wp\/v2\/media\/13895"}],"wp:attachment":[{"href":"https:\/\/tabernaculoprensadedios.com\/web\/wp-json\/wp\/v2\/media?parent=13894"}],"wp:term":[{"taxonomy":"category","embeddable":true,"href":"https:\/\/tabernaculoprensadedios.com\/web\/wp-json\/wp\/v2\/categories?post=13894"},{"taxonomy":"post_tag","embeddable":true,"href":"https:\/\/tabernaculoprensadedios.com\/web\/wp-json\/wp\/v2\/tags?post=13894"}],"curies":[{"name":"wp","href":"https:\/\/api.w.org\/{rel}","templated":true}]}}