{"id":12004,"date":"2019-02-06T01:52:54","date_gmt":"2019-02-06T01:52:54","guid":{"rendered":"http:\/\/tabernaculoprensadedios.com\/web\/?p=12004"},"modified":"2019-02-06T01:52:54","modified_gmt":"2019-02-06T01:52:54","slug":"levanten-las-manos-al-santuario-y-bendigan-al-senor","status":"publish","type":"post","link":"https:\/\/tabernaculoprensadedios.com\/web\/levanten-las-manos-al-santuario-y-bendigan-al-senor\/","title":{"rendered":"Levanten las manos al santuario y bendigan al Se\u00f1or"},"content":{"rendered":"<p>\u00abUstedes todos, siervos del Se\u00f1or, que por las noches vigilan su templo, \u00a1bendigan al Se\u00f1or! \u00a1Levanten las manos hacia el santuario y bendigan al Se\u00f1or!\u00bb<br \/>\n\u202d\u202dSalmos\u202c \u202d134:1-2\u202c \u202dRVC\u202c\u202c.<\/p>\n<p>El recordatorio del Se\u00f1or hace \u00e9nfasis en la vigilancia del Templo por las noches llamando a levantar las manos y bendecirlo.<\/p>\n<p>Parecer\u00eda estar hablando a la Iglesia en \u00e9ste tiempo d\u00f3nde a pesar de tener las ense\u00f1anzas para encender las luces de la Alabanza y Adoraci\u00f3n; existen ciertas tendencias a descuidar el pacto de lo que antes fue escrito para nuestra ense\u00f1anza.<\/p>\n<p>Dice el Se\u00f1or: \u00ab\u00bfAcaso ignoran que el cuerpo de ustedes es templo del Esp\u00edritu Santo, que est\u00e1 en ustedes, y que recibieron de parte de Dios, y que ustedes no son due\u00f1os de s\u00ed mismos? Porque ustedes han sido comprados; el precio de ustedes ya ha sido pagado. Por lo tanto, den gloria a Dios en su cuerpo y en su esp\u00edritu, los cuales son de Dios.\u00bb<br \/>\n\u202d\u202d1 Corintios\u202c \u202d6:19-20\u202c \u202dRVC\u202c\u202c.<\/p>\n<p>Un descuido de nuestro cuerpo en cuanto a no corresponder acorde con lo concertado por Dios para nuestro crecimiento y desarrollo; podr\u00eda no ser propicio al Ministerio que debemos multiplicar en el reino del Se\u00f1or.<\/p>\n<p>\u00abQuiero, pues, que en todas partes los hombres oren, levantando las manos al cielo con pureza de coraz\u00f3n, sin enojos ni contiendas. En cuanto a las mujeres, quiero que ellas se vistan decorosamente, con modestia y recato, sin peinados ostentosos, ni oro, ni perlas ni vestidos costosos. Que se adornen m\u00e1s bien con buenas obras, como corresponde a mujeres que profesan servir a Dios.\u00bb<br \/>\n\u202d\u202d1 Timoteo\u202c \u202d2:8-10\u202c \u202dNVI\u202c\u202c.<\/p>\n<p>Alabar y Adorar es un acto que necesita de consagraci\u00f3n y dedicaci\u00f3n a Dios , no es algo<br \/>\nTan simple , es intimidad y acercamiento con el Alt\u00edsimo , \u00abPor tanto, amados, teniendo estas promesas, limpi\u00e9monos de toda inmundicia de la carne y del esp\u00edritu, perfeccionando la santidad en el temor de Dios.\u00bb<br \/>\n\u202d\u202d2 Corintios\u202c \u202d7:1\u202c \u202dLBLA\u202c\u202c.<\/p>\n<p>Dios nos est\u00e1 llamando a humillaci\u00f3n, a una vida digna , a una jornada de edificaci\u00f3n en nuestras almas , a santificaci\u00f3n, \u00abnos predestin\u00f3 para adopci\u00f3n como hijos para s\u00ed mediante Jesucristo, conforme al benepl\u00e1cito de su voluntad, para alabanza de la gloria de su gracia que gratuitamente ha impartido sobre nosotros en el Amado.\u00bb<br \/>\n\u202d\u202dEfesios\u202c \u202d1:5-6\u202c \u202dLBLA\u202c\u202c.<\/p>\n<p>\u00c9se es su mensaje a los adoradores y alabadores, obreros y miembros de su Iglesia: \u00abBendito sea el Dios y Padre de nuestro Se\u00f1or Jesucristo, que nos ha bendecido con toda bendici\u00f3n espiritual en los lugares celestiales en Cristo, seg\u00fan nos escogi\u00f3 en El antes de la fundaci\u00f3n del mundo, para que fu\u00e9ramos santos y sin mancha delante de El. En amor\u00bb<br \/>\n\u202d\u202dEfesios\u202c \u202d1:3-4\u202c \u202dLBLA\u202c\u202c.<\/p>\n<p>Entendiendo el dulce adorador David lo que Jehov\u00e1 demandaba en requerimiento para ejercer el llamado , confes\u00f3: \u00abS\u00e1came de la prisi\u00f3n, para que alabe yo tu nombre.\u00bb<br \/>\n\u202d\u202dSalmo\u202c \u202d142:7\u202ca NVI\u202c\u202c.<\/p>\n<p>Dios te contin\u00fae bendiciendo<br \/>\nMaranatha<\/p>\n","protected":false},"excerpt":{"rendered":"<p>\u00abUstedes todos, siervos del Se\u00f1or, que por las noches vigilan su templo, \u00a1bendigan al Se\u00f1or! \u00a1Levanten las manos hacia el santuario y bendigan al Se\u00f1or!\u00bb \u202d\u202dSalmos\u202c \u202d134:1-2\u202c \u202dRVC\u202c\u202c. El recordatorio del Se\u00f1or hace \u00e9nfasis en la vigilancia del Templo por las noches llamando a levantar las manos y bendecirlo. Parecer\u00eda estar hablando a la Iglesia &hellip;<\/p>\n","protected":false},"author":1,"featured_media":12005,"comment_status":"open","ping_status":"open","sticky":false,"template":"","format":"standard","meta":{"footnotes":""},"categories":[38],"tags":[],"class_list":["post-12004","post","type-post","status-publish","format-standard","has-post-thumbnail","hentry","category-principal"],"yoast_head":"<!-- This site is optimized with the Yoast SEO Premium plugin v24.2 (Yoast SEO v27.1.1) - https:\/\/yoast.com\/product\/yoast-seo-premium-wordpress\/ -->\n<title>Levanten las manos al santuario y bendigan al Se\u00f1or - Tabernaculo Prensa de Dios<\/title>\n<meta name=\"robots\" content=\"index, follow, max-snippet:-1, max-image-preview:large, max-video-preview:-1\" \/>\n<link rel=\"canonical\" href=\"https:\/\/tabernaculoprensadedios.com\/web\/levanten-las-manos-al-santuario-y-bendigan-al-senor\/\" class=\"yoast-seo-meta-tag\" \/>\n<meta property=\"og:locale\" content=\"es_ES\" class=\"yoast-seo-meta-tag\" \/>\n<meta property=\"og:type\" content=\"article\" class=\"yoast-seo-meta-tag\" \/>\n<meta property=\"og:title\" content=\"Levanten las manos al santuario y bendigan al Se\u00f1or\" class=\"yoast-seo-meta-tag\" \/>\n<meta property=\"og:description\" content=\"\u00abUstedes todos, siervos del Se\u00f1or, que por las noches vigilan su templo, \u00a1bendigan al Se\u00f1or! \u00a1Levanten las manos hacia el santuario y bendigan al Se\u00f1or!\u00bb \u202d\u202dSalmos\u202c \u202d134:1-2\u202c \u202dRVC\u202c\u202c. El recordatorio del Se\u00f1or hace \u00e9nfasis en la vigilancia del Templo por las noches llamando a levantar las manos y bendecirlo. Parecer\u00eda estar hablando a la Iglesia &hellip;\" class=\"yoast-seo-meta-tag\" \/>\n<meta property=\"og:url\" content=\"https:\/\/tabernaculoprensadedios.com\/web\/levanten-las-manos-al-santuario-y-bendigan-al-senor\/\" class=\"yoast-seo-meta-tag\" \/>\n<meta property=\"og:site_name\" content=\"Tabernaculo Prensa de Dios\" class=\"yoast-seo-meta-tag\" \/>\n<meta property=\"article:published_time\" content=\"2019-02-06T01:52:54+00:00\" class=\"yoast-seo-meta-tag\" \/>\n<meta property=\"og:image\" content=\"https:\/\/tabernaculoprensadedios.com\/web\/wp-content\/uploads\/2019\/02\/alabanza.jpg\" class=\"yoast-seo-meta-tag\" \/>\n\t<meta property=\"og:image:width\" content=\"960\" class=\"yoast-seo-meta-tag\" \/>\n\t<meta property=\"og:image:height\" content=\"640\" class=\"yoast-seo-meta-tag\" \/>\n\t<meta property=\"og:image:type\" content=\"image\/jpeg\" class=\"yoast-seo-meta-tag\" \/>\n<meta name=\"author\" content=\"tabernaculo\" class=\"yoast-seo-meta-tag\" \/>\n<meta name=\"twitter:card\" content=\"summary_large_image\" class=\"yoast-seo-meta-tag\" \/>\n<meta name=\"twitter:creator\" content=\"@PrensadeDios\" class=\"yoast-seo-meta-tag\" \/>\n<meta name=\"twitter:site\" content=\"@PrensadeDios\" class=\"yoast-seo-meta-tag\" \/>\n<meta name=\"twitter:label1\" content=\"Escrito por\" class=\"yoast-seo-meta-tag\" \/>\n\t<meta name=\"twitter:data1\" content=\"tabernaculo\" class=\"yoast-seo-meta-tag\" \/>\n\t<meta name=\"twitter:label2\" content=\"Tiempo de lectura\" class=\"yoast-seo-meta-tag\" \/>\n\t<meta name=\"twitter:data2\" content=\"3 minutos\" class=\"yoast-seo-meta-tag\" \/>\n<script type=\"application\/ld+json\" class=\"yoast-schema-graph\">{\"@context\":\"https:\/\/schema.org\",\"@graph\":[{\"@type\":\"Article\",\"@id\":\"https:\/\/tabernaculoprensadedios.com\/web\/levanten-las-manos-al-santuario-y-bendigan-al-senor\/#article\",\"isPartOf\":{\"@id\":\"https:\/\/tabernaculoprensadedios.com\/web\/levanten-las-manos-al-santuario-y-bendigan-al-senor\/\"},\"author\":{\"name\":\"tabernaculo\",\"@id\":\"https:\/\/tabernaculoprensadedios.com\/web\/#\/schema\/person\/bc0e069fef56b38e177db6f098ae0b6e\"},\"headline\":\"Levanten las manos al santuario y bendigan al Se\u00f1or\",\"datePublished\":\"2019-02-06T01:52:54+00:00\",\"mainEntityOfPage\":{\"@id\":\"https:\/\/tabernaculoprensadedios.com\/web\/levanten-las-manos-al-santuario-y-bendigan-al-senor\/\"},\"wordCount\":514,\"commentCount\":0,\"publisher\":{\"@id\":\"https:\/\/tabernaculoprensadedios.com\/web\/#\/schema\/person\/bc0e069fef56b38e177db6f098ae0b6e\"},\"image\":{\"@id\":\"https:\/\/tabernaculoprensadedios.com\/web\/levanten-las-manos-al-santuario-y-bendigan-al-senor\/#primaryimage\"},\"thumbnailUrl\":\"https:\/\/tabernaculoprensadedios.com\/web\/wp-content\/uploads\/2019\/02\/alabanza.jpg\",\"articleSection\":[\"Principal\"],\"inLanguage\":\"es\",\"potentialAction\":[{\"@type\":\"CommentAction\",\"name\":\"Comment\",\"target\":[\"https:\/\/tabernaculoprensadedios.com\/web\/levanten-las-manos-al-santuario-y-bendigan-al-senor\/#respond\"]}]},{\"@type\":\"WebPage\",\"@id\":\"https:\/\/tabernaculoprensadedios.com\/web\/levanten-las-manos-al-santuario-y-bendigan-al-senor\/\",\"url\":\"https:\/\/tabernaculoprensadedios.com\/web\/levanten-las-manos-al-santuario-y-bendigan-al-senor\/\",\"name\":\"Levanten las manos al santuario y bendigan al Se\u00f1or - Tabernaculo Prensa de Dios\",\"isPartOf\":{\"@id\":\"https:\/\/tabernaculoprensadedios.com\/web\/#website\"},\"primaryImageOfPage\":{\"@id\":\"https:\/\/tabernaculoprensadedios.com\/web\/levanten-las-manos-al-santuario-y-bendigan-al-senor\/#primaryimage\"},\"image\":{\"@id\":\"https:\/\/tabernaculoprensadedios.com\/web\/levanten-las-manos-al-santuario-y-bendigan-al-senor\/#primaryimage\"},\"thumbnailUrl\":\"https:\/\/tabernaculoprensadedios.com\/web\/wp-content\/uploads\/2019\/02\/alabanza.jpg\",\"datePublished\":\"2019-02-06T01:52:54+00:00\",\"breadcrumb\":{\"@id\":\"https:\/\/tabernaculoprensadedios.com\/web\/levanten-las-manos-al-santuario-y-bendigan-al-senor\/#breadcrumb\"},\"inLanguage\":\"es\",\"potentialAction\":[{\"@type\":\"ReadAction\",\"target\":[\"https:\/\/tabernaculoprensadedios.com\/web\/levanten-las-manos-al-santuario-y-bendigan-al-senor\/\"]}]},{\"@type\":\"ImageObject\",\"inLanguage\":\"es\",\"@id\":\"https:\/\/tabernaculoprensadedios.com\/web\/levanten-las-manos-al-santuario-y-bendigan-al-senor\/#primaryimage\",\"url\":\"https:\/\/tabernaculoprensadedios.com\/web\/wp-content\/uploads\/2019\/02\/alabanza.jpg\",\"contentUrl\":\"https:\/\/tabernaculoprensadedios.com\/web\/wp-content\/uploads\/2019\/02\/alabanza.jpg\",\"width\":960,\"height\":640},{\"@type\":\"BreadcrumbList\",\"@id\":\"https:\/\/tabernaculoprensadedios.com\/web\/levanten-las-manos-al-santuario-y-bendigan-al-senor\/#breadcrumb\",\"itemListElement\":[{\"@type\":\"ListItem\",\"position\":1,\"name\":\"Portada\",\"item\":\"https:\/\/tabernaculoprensadedios.com\/web\/\"},{\"@type\":\"ListItem\",\"position\":2,\"name\":\"Levanten las manos al santuario y bendigan al Se\u00f1or\"}]},{\"@type\":\"WebSite\",\"@id\":\"https:\/\/tabernaculoprensadedios.com\/web\/#website\",\"url\":\"https:\/\/tabernaculoprensadedios.com\/web\/\",\"name\":\"Tabernaculo Prensa de Dios\",\"description\":\"Un medio a la manera de Dios\",\"publisher\":{\"@id\":\"https:\/\/tabernaculoprensadedios.com\/web\/#\/schema\/person\/bc0e069fef56b38e177db6f098ae0b6e\"},\"potentialAction\":[{\"@type\":\"SearchAction\",\"target\":{\"@type\":\"EntryPoint\",\"urlTemplate\":\"https:\/\/tabernaculoprensadedios.com\/web\/?s={search_term_string}\"},\"query-input\":{\"@type\":\"PropertyValueSpecification\",\"valueRequired\":true,\"valueName\":\"search_term_string\"}}],\"inLanguage\":\"es\"},{\"@type\":[\"Person\",\"Organization\"],\"@id\":\"https:\/\/tabernaculoprensadedios.com\/web\/#\/schema\/person\/bc0e069fef56b38e177db6f098ae0b6e\",\"name\":\"tabernaculo\",\"image\":{\"@type\":\"ImageObject\",\"inLanguage\":\"es\",\"@id\":\"https:\/\/tabernaculoprensadedios.com\/web\/#\/schema\/person\/image\/\",\"url\":\"https:\/\/tabernaculoprensadedios.com\/web\/wp-content\/uploads\/2015\/06\/login-logo1.png\",\"contentUrl\":\"https:\/\/tabernaculoprensadedios.com\/web\/wp-content\/uploads\/2015\/06\/login-logo1.png\",\"width\":300,\"height\":118,\"caption\":\"tabernaculo\"},\"logo\":{\"@id\":\"https:\/\/tabernaculoprensadedios.com\/web\/#\/schema\/person\/image\/\"},\"url\":\"https:\/\/tabernaculoprensadedios.com\/web\/author\/tabernaculo\/\"}]}<\/script>\n<!-- \/ Yoast SEO Premium plugin. -->","yoast_head_json":{"title":"Levanten las manos al santuario y bendigan al Se\u00f1or - Tabernaculo Prensa de Dios","robots":{"index":"index","follow":"follow","max-snippet":"max-snippet:-1","max-image-preview":"max-image-preview:large","max-video-preview":"max-video-preview:-1"},"canonical":"https:\/\/tabernaculoprensadedios.com\/web\/levanten-las-manos-al-santuario-y-bendigan-al-senor\/","og_locale":"es_ES","og_type":"article","og_title":"Levanten las manos al santuario y bendigan al Se\u00f1or","og_description":"\u00abUstedes todos, siervos del Se\u00f1or, que por las noches vigilan su templo, \u00a1bendigan al Se\u00f1or! \u00a1Levanten las manos hacia el santuario y bendigan al Se\u00f1or!\u00bb \u202d\u202dSalmos\u202c \u202d134:1-2\u202c \u202dRVC\u202c\u202c. El recordatorio del Se\u00f1or hace \u00e9nfasis en la vigilancia del Templo por las noches llamando a levantar las manos y bendecirlo. Parecer\u00eda estar hablando a la Iglesia &hellip;","og_url":"https:\/\/tabernaculoprensadedios.com\/web\/levanten-las-manos-al-santuario-y-bendigan-al-senor\/","og_site_name":"Tabernaculo Prensa de Dios","article_published_time":"2019-02-06T01:52:54+00:00","og_image":[{"width":960,"height":640,"url":"https:\/\/tabernaculoprensadedios.com\/web\/wp-content\/uploads\/2019\/02\/alabanza.jpg","type":"image\/jpeg"}],"author":"tabernaculo","twitter_card":"summary_large_image","twitter_creator":"@PrensadeDios","twitter_site":"@PrensadeDios","twitter_misc":{"Escrito por":"tabernaculo","Tiempo de lectura":"3 minutos"},"schema":{"@context":"https:\/\/schema.org","@graph":[{"@type":"Article","@id":"https:\/\/tabernaculoprensadedios.com\/web\/levanten-las-manos-al-santuario-y-bendigan-al-senor\/#article","isPartOf":{"@id":"https:\/\/tabernaculoprensadedios.com\/web\/levanten-las-manos-al-santuario-y-bendigan-al-senor\/"},"author":{"name":"tabernaculo","@id":"https:\/\/tabernaculoprensadedios.com\/web\/#\/schema\/person\/bc0e069fef56b38e177db6f098ae0b6e"},"headline":"Levanten las manos al santuario y bendigan al Se\u00f1or","datePublished":"2019-02-06T01:52:54+00:00","mainEntityOfPage":{"@id":"https:\/\/tabernaculoprensadedios.com\/web\/levanten-las-manos-al-santuario-y-bendigan-al-senor\/"},"wordCount":514,"commentCount":0,"publisher":{"@id":"https:\/\/tabernaculoprensadedios.com\/web\/#\/schema\/person\/bc0e069fef56b38e177db6f098ae0b6e"},"image":{"@id":"https:\/\/tabernaculoprensadedios.com\/web\/levanten-las-manos-al-santuario-y-bendigan-al-senor\/#primaryimage"},"thumbnailUrl":"https:\/\/tabernaculoprensadedios.com\/web\/wp-content\/uploads\/2019\/02\/alabanza.jpg","articleSection":["Principal"],"inLanguage":"es","potentialAction":[{"@type":"CommentAction","name":"Comment","target":["https:\/\/tabernaculoprensadedios.com\/web\/levanten-las-manos-al-santuario-y-bendigan-al-senor\/#respond"]}]},{"@type":"WebPage","@id":"https:\/\/tabernaculoprensadedios.com\/web\/levanten-las-manos-al-santuario-y-bendigan-al-senor\/","url":"https:\/\/tabernaculoprensadedios.com\/web\/levanten-las-manos-al-santuario-y-bendigan-al-senor\/","name":"Levanten las manos al santuario y bendigan al Se\u00f1or - Tabernaculo Prensa de Dios","isPartOf":{"@id":"https:\/\/tabernaculoprensadedios.com\/web\/#website"},"primaryImageOfPage":{"@id":"https:\/\/tabernaculoprensadedios.com\/web\/levanten-las-manos-al-santuario-y-bendigan-al-senor\/#primaryimage"},"image":{"@id":"https:\/\/tabernaculoprensadedios.com\/web\/levanten-las-manos-al-santuario-y-bendigan-al-senor\/#primaryimage"},"thumbnailUrl":"https:\/\/tabernaculoprensadedios.com\/web\/wp-content\/uploads\/2019\/02\/alabanza.jpg","datePublished":"2019-02-06T01:52:54+00:00","breadcrumb":{"@id":"https:\/\/tabernaculoprensadedios.com\/web\/levanten-las-manos-al-santuario-y-bendigan-al-senor\/#breadcrumb"},"inLanguage":"es","potentialAction":[{"@type":"ReadAction","target":["https:\/\/tabernaculoprensadedios.com\/web\/levanten-las-manos-al-santuario-y-bendigan-al-senor\/"]}]},{"@type":"ImageObject","inLanguage":"es","@id":"https:\/\/tabernaculoprensadedios.com\/web\/levanten-las-manos-al-santuario-y-bendigan-al-senor\/#primaryimage","url":"https:\/\/tabernaculoprensadedios.com\/web\/wp-content\/uploads\/2019\/02\/alabanza.jpg","contentUrl":"https:\/\/tabernaculoprensadedios.com\/web\/wp-content\/uploads\/2019\/02\/alabanza.jpg","width":960,"height":640},{"@type":"BreadcrumbList","@id":"https:\/\/tabernaculoprensadedios.com\/web\/levanten-las-manos-al-santuario-y-bendigan-al-senor\/#breadcrumb","itemListElement":[{"@type":"ListItem","position":1,"name":"Portada","item":"https:\/\/tabernaculoprensadedios.com\/web\/"},{"@type":"ListItem","position":2,"name":"Levanten las manos al santuario y bendigan al Se\u00f1or"}]},{"@type":"WebSite","@id":"https:\/\/tabernaculoprensadedios.com\/web\/#website","url":"https:\/\/tabernaculoprensadedios.com\/web\/","name":"Tabernaculo Prensa de Dios","description":"Un medio a la manera de Dios","publisher":{"@id":"https:\/\/tabernaculoprensadedios.com\/web\/#\/schema\/person\/bc0e069fef56b38e177db6f098ae0b6e"},"potentialAction":[{"@type":"SearchAction","target":{"@type":"EntryPoint","urlTemplate":"https:\/\/tabernaculoprensadedios.com\/web\/?s={search_term_string}"},"query-input":{"@type":"PropertyValueSpecification","valueRequired":true,"valueName":"search_term_string"}}],"inLanguage":"es"},{"@type":["Person","Organization"],"@id":"https:\/\/tabernaculoprensadedios.com\/web\/#\/schema\/person\/bc0e069fef56b38e177db6f098ae0b6e","name":"tabernaculo","image":{"@type":"ImageObject","inLanguage":"es","@id":"https:\/\/tabernaculoprensadedios.com\/web\/#\/schema\/person\/image\/","url":"https:\/\/tabernaculoprensadedios.com\/web\/wp-content\/uploads\/2015\/06\/login-logo1.png","contentUrl":"https:\/\/tabernaculoprensadedios.com\/web\/wp-content\/uploads\/2015\/06\/login-logo1.png","width":300,"height":118,"caption":"tabernaculo"},"logo":{"@id":"https:\/\/tabernaculoprensadedios.com\/web\/#\/schema\/person\/image\/"},"url":"https:\/\/tabernaculoprensadedios.com\/web\/author\/tabernaculo\/"}]}},"_links":{"self":[{"href":"https:\/\/tabernaculoprensadedios.com\/web\/wp-json\/wp\/v2\/posts\/12004","targetHints":{"allow":["GET"]}}],"collection":[{"href":"https:\/\/tabernaculoprensadedios.com\/web\/wp-json\/wp\/v2\/posts"}],"about":[{"href":"https:\/\/tabernaculoprensadedios.com\/web\/wp-json\/wp\/v2\/types\/post"}],"author":[{"embeddable":true,"href":"https:\/\/tabernaculoprensadedios.com\/web\/wp-json\/wp\/v2\/users\/1"}],"replies":[{"embeddable":true,"href":"https:\/\/tabernaculoprensadedios.com\/web\/wp-json\/wp\/v2\/comments?post=12004"}],"version-history":[{"count":1,"href":"https:\/\/tabernaculoprensadedios.com\/web\/wp-json\/wp\/v2\/posts\/12004\/revisions"}],"predecessor-version":[{"id":12006,"href":"https:\/\/tabernaculoprensadedios.com\/web\/wp-json\/wp\/v2\/posts\/12004\/revisions\/12006"}],"wp:featuredmedia":[{"embeddable":true,"href":"https:\/\/tabernaculoprensadedios.com\/web\/wp-json\/wp\/v2\/media\/12005"}],"wp:attachment":[{"href":"https:\/\/tabernaculoprensadedios.com\/web\/wp-json\/wp\/v2\/media?parent=12004"}],"wp:term":[{"taxonomy":"category","embeddable":true,"href":"https:\/\/tabernaculoprensadedios.com\/web\/wp-json\/wp\/v2\/categories?post=12004"},{"taxonomy":"post_tag","embeddable":true,"href":"https:\/\/tabernaculoprensadedios.com\/web\/wp-json\/wp\/v2\/tags?post=12004"}],"curies":[{"name":"wp","href":"https:\/\/api.w.org\/{rel}","templated":true}]}}